{"id":3129,"date":"2024-05-21T12:00:04","date_gmt":"2024-05-21T15:00:04","guid":{"rendered":"https:\/\/transamerica93.com.br\/home\/?p=3129"},"modified":"2024-05-16T14:42:40","modified_gmt":"2024-05-16T17:42:40","slug":"equipe-de-natacao-para-os-jogos-de-paris-contara-com-18-atletas","status":"publish","type":"post","link":"https:\/\/transamerica93.com.br\/home\/equipe-de-natacao-para-os-jogos-de-paris-contara-com-18-atletas\/","title":{"rendered":"Equipe de nata\u00e7\u00e3o para os Jogos de Paris contar\u00e1 com 18 atletas"},"content":{"rendered":"<div class=\"post-item-wrap\">\n<p>A equipe de nata\u00e7\u00e3o do Brasil para a pr\u00f3xima edi\u00e7\u00e3o dos Jogos Ol\u00edmpicos, que ser\u00e3o disputados em Paris (Fran\u00e7a), foi definida no \u00faltimo final de semana com o final da disputa da Seletiva Ol\u00edmpica &#8211; Trof\u00e9u Brasil de Nata\u00e7\u00e3o na piscina da Comiss\u00e3o de Desportos da Aeron\u00e1utica, no Rio de Janeiro.<\/p>\n<p>Com o encerramento da competi\u00e7\u00e3o, ficou definido que o Brasil ser\u00e1 representado nos Jogos de Paris por 18 atletas: Guilherme Costa, Maria Fernanda Costa, Gabrielle Roncatto, Beatriz Dizotti, Guilherme Carib\u00e9, Kayky Mota, Nicolas Albiero, Stephanie Balduccini, Maria Paula Heitmann, Marcelo Chierighini, Gabriel Santos, Breno Correia, Murilo Sartori, Fernando Scheffer, Eduardo Moraes, Ana Carolina Vieira, Giovana Reis e Guilherme Basseto.<\/p>\n<p>Dos 18 atletas classificados para Paris, 11 estiveram nos Jogos de T\u00f3quio. Al\u00e9m disso, a equipe brasileira contar\u00e1 com sete novatos: Maria Fernanda Costa, Guilherme Carib\u00e9, Kayky Mota, Nicolas Albiero, Maria Paula Heitmann, Eduardo Moraes e Giovana Reis.<\/p>\n<h2>Unisanta campe\u00e3<\/h2>\n<p>A competi\u00e7\u00e3o tamb\u00e9m definiu o campe\u00e3o do Trof\u00e9u Brasil. Pela primeira vez na hist\u00f3ria a conquista foi alcan\u00e7ada pela Unisanta, que somou 1.385 pontos durante a competi\u00e7\u00e3o. Maior campe\u00e3o da hist\u00f3ria do evento, o Pinheiros terminou na segunda coloca\u00e7\u00e3o com 1,176,50 pontos. J\u00e1 o Minas T\u00eanis Clube completou o p\u00f3dio com 969 pontos.<\/p>\n<\/div>\n<p class=\"alt-font font-italic my-2 small text-info\">Edi\u00e7\u00e3o: F\u00e1bio Lisboa<\/p>\n","protected":false},"excerpt":{"rendered":"<p>A equipe de nata\u00e7\u00e3o do Brasil para a pr\u00f3xima edi\u00e7\u00e3o dos Jogos Ol\u00edmpicos, que ser\u00e3o disputados em Paris (Fran\u00e7a), foi definida no \u00faltimo final de semana com o final da disputa da Seletiva Ol\u00edmpica &#8211; Trof\u00e9u Brasil de Nata\u00e7\u00e3o na piscina da Comiss\u00e3o de Desportos da Aeron\u00e1utica, no Rio de Janeiro. Com o encerramento da &hellip;<\/p>\n","protected":false},"author":1,"featured_media":3130,"comment_status":"closed","ping_status":"closed","sticky":false,"template":"","format":"standard","meta":{"footnotes":""},"categories":[31],"tags":[],"class_list":["post-3129","post","type-post","status-publish","format-standard","has-post-thumbnail","hentry","category-esportes"],"yoast_head":"<!-- This site is optimized with the Yoast SEO plugin v27.4 - https:\/\/yoast.com\/product\/yoast-seo-wordpress\/ -->\n<title>Equipe de nata\u00e7\u00e3o para os Jogos de Paris contar\u00e1 com 18 atletas - Transam\u00e9rica Mococa 93,3<\/title>\n<meta name=\"robots\" content=\"index, follow, max-snippet:-1, max-image-preview:large, max-video-preview:-1\" \/>\n<link rel=\"canonical\" href=\"https:\/\/transamerica93.com.br\/home\/equipe-de-natacao-para-os-jogos-de-paris-contara-com-18-atletas\/\" \/>\n<meta property=\"og:locale\" content=\"pt_BR\" \/>\n<meta property=\"og:type\" content=\"article\" \/>\n<meta property=\"og:title\" content=\"Equipe de nata\u00e7\u00e3o para os Jogos de Paris contar\u00e1 com 18 atletas - Transam\u00e9rica Mococa 93,3\" \/>\n<meta property=\"og:description\" content=\"A equipe de nata\u00e7\u00e3o do Brasil para a pr\u00f3xima edi\u00e7\u00e3o dos Jogos Ol\u00edmpicos, que ser\u00e3o disputados em Paris (Fran\u00e7a), foi definida no \u00faltimo final de semana com o final da disputa da Seletiva Ol\u00edmpica &#8211; Trof\u00e9u Brasil de Nata\u00e7\u00e3o na piscina da Comiss\u00e3o de Desportos da Aeron\u00e1utica, no Rio de Janeiro. Com o encerramento da &hellip;\" \/>\n<meta property=\"og:url\" content=\"https:\/\/transamerica93.com.br\/home\/equipe-de-natacao-para-os-jogos-de-paris-contara-com-18-atletas\/\" \/>\n<meta property=\"og:site_name\" content=\"Transam\u00e9rica Mococa 93,3\" \/>\n<meta property=\"article:publisher\" content=\"https:\/\/www.facebook.com\/transamericamococa\" \/>\n<meta property=\"article:published_time\" content=\"2024-05-21T15:00:04+00:00\" \/>\n<meta property=\"og:image\" content=\"https:\/\/transamerica93.com.br\/home\/wp-content\/uploads\/2024\/05\/imagem-13.jpg\" \/>\n\t<meta property=\"og:image:width\" content=\"1170\" \/>\n\t<meta property=\"og:image:height\" content=\"700\" \/>\n\t<meta property=\"og:image:type\" content=\"image\/jpeg\" \/>\n<meta name=\"author\" content=\"Reda\u00e7\u00e3o\" \/>\n<meta name=\"twitter:card\" content=\"summary_large_image\" \/>\n<meta name=\"twitter:creator\" content=\"@transamerica933\" \/>\n<meta name=\"twitter:site\" content=\"@transamerica933\" \/>\n<meta name=\"twitter:label1\" content=\"Escrito por\" \/>\n\t<meta name=\"twitter:data1\" content=\"Reda\u00e7\u00e3o\" \/>\n\t<meta name=\"twitter:label2\" content=\"Est. tempo de leitura\" \/>\n\t<meta name=\"twitter:data2\" content=\"2 minutos\" \/>\n<script type=\"application\/ld+json\" class=\"yoast-schema-graph\">{\"@context\":\"https:\\\/\\\/schema.org\",\"@graph\":[{\"@type\":\"Article\",\"@id\":\"https:\\\/\\\/transamerica93.com.br\\\/home\\\/equipe-de-natacao-para-os-jogos-de-paris-contara-com-18-atletas\\\/#article\",\"isPartOf\":{\"@id\":\"https:\\\/\\\/transamerica93.com.br\\\/home\\\/equipe-de-natacao-para-os-jogos-de-paris-contara-com-18-atletas\\\/\"},\"author\":{\"name\":\"Reda\u00e7\u00e3o\",\"@id\":\"https:\\\/\\\/transamerica93.com.br\\\/home\\\/#\\\/schema\\\/person\\\/7fed7c99c0d4562efa8561bc0f543172\"},\"headline\":\"Equipe de nata\u00e7\u00e3o para os Jogos de Paris contar\u00e1 com 18 atletas\",\"datePublished\":\"2024-05-21T15:00:04+00:00\",\"mainEntityOfPage\":{\"@id\":\"https:\\\/\\\/transamerica93.com.br\\\/home\\\/equipe-de-natacao-para-os-jogos-de-paris-contara-com-18-atletas\\\/\"},\"wordCount\":240,\"publisher\":{\"@id\":\"https:\\\/\\\/transamerica93.com.br\\\/home\\\/#organization\"},\"image\":{\"@id\":\"https:\\\/\\\/transamerica93.com.br\\\/home\\\/equipe-de-natacao-para-os-jogos-de-paris-contara-com-18-atletas\\\/#primaryimage\"},\"thumbnailUrl\":\"https:\\\/\\\/transamerica93.com.br\\\/home\\\/wp-content\\\/uploads\\\/2024\\\/05\\\/imagem-13.jpg\",\"articleSection\":[\"Esportes\"],\"inLanguage\":\"pt-BR\"},{\"@type\":\"WebPage\",\"@id\":\"https:\\\/\\\/transamerica93.com.br\\\/home\\\/equipe-de-natacao-para-os-jogos-de-paris-contara-com-18-atletas\\\/\",\"url\":\"https:\\\/\\\/transamerica93.com.br\\\/home\\\/equipe-de-natacao-para-os-jogos-de-paris-contara-com-18-atletas\\\/\",\"name\":\"Equipe de nata\u00e7\u00e3o para os Jogos de Paris contar\u00e1 com 18 atletas - Transam\u00e9rica Mococa 93,3\",\"isPartOf\":{\"@id\":\"https:\\\/\\\/transamerica93.com.br\\\/home\\\/#website\"},\"primaryImageOfPage\":{\"@id\":\"https:\\\/\\\/transamerica93.com.br\\\/home\\\/equipe-de-natacao-para-os-jogos-de-paris-contara-com-18-atletas\\\/#primaryimage\"},\"image\":{\"@id\":\"https:\\\/\\\/transamerica93.com.br\\\/home\\\/equipe-de-natacao-para-os-jogos-de-paris-contara-com-18-atletas\\\/#primaryimage\"},\"thumbnailUrl\":\"https:\\\/\\\/transamerica93.com.br\\\/home\\\/wp-content\\\/uploads\\\/2024\\\/05\\\/imagem-13.jpg\",\"datePublished\":\"2024-05-21T15:00:04+00:00\",\"breadcrumb\":{\"@id\":\"https:\\\/\\\/transamerica93.com.br\\\/home\\\/equipe-de-natacao-para-os-jogos-de-paris-contara-com-18-atletas\\\/#breadcrumb\"},\"inLanguage\":\"pt-BR\",\"potentialAction\":[{\"@type\":\"ReadAction\",\"target\":[\"https:\\\/\\\/transamerica93.com.br\\\/home\\\/equipe-de-natacao-para-os-jogos-de-paris-contara-com-18-atletas\\\/\"]}]},{\"@type\":\"ImageObject\",\"inLanguage\":\"pt-BR\",\"@id\":\"https:\\\/\\\/transamerica93.com.br\\\/home\\\/equipe-de-natacao-para-os-jogos-de-paris-contara-com-18-atletas\\\/#primaryimage\",\"url\":\"https:\\\/\\\/transamerica93.com.br\\\/home\\\/wp-content\\\/uploads\\\/2024\\\/05\\\/imagem-13.jpg\",\"contentUrl\":\"https:\\\/\\\/transamerica93.com.br\\\/home\\\/wp-content\\\/uploads\\\/2024\\\/05\\\/imagem-13.jpg\",\"width\":1170,\"height\":700,\"caption\":\"\u00a9 Satiro Sodr\u00e9\\\/SNPress\\\/CBDA\\\/Direitos Reservados\"},{\"@type\":\"BreadcrumbList\",\"@id\":\"https:\\\/\\\/transamerica93.com.br\\\/home\\\/equipe-de-natacao-para-os-jogos-de-paris-contara-com-18-atletas\\\/#breadcrumb\",\"itemListElement\":[{\"@type\":\"ListItem\",\"position\":1,\"name\":\"In\u00edcio\",\"item\":\"https:\\\/\\\/transamerica93.com.br\\\/home\\\/\"},{\"@type\":\"ListItem\",\"position\":2,\"name\":\"Equipe de nata\u00e7\u00e3o para os Jogos de Paris contar\u00e1 com 18 atletas\"}]},{\"@type\":\"WebSite\",\"@id\":\"https:\\\/\\\/transamerica93.com.br\\\/home\\\/#website\",\"url\":\"https:\\\/\\\/transamerica93.com.br\\\/home\\\/\",\"name\":\"Transam\u00e9rica Mococa 93,3\",\"description\":\"\",\"publisher\":{\"@id\":\"https:\\\/\\\/transamerica93.com.br\\\/home\\\/#organization\"},\"potentialAction\":[{\"@type\":\"SearchAction\",\"target\":{\"@type\":\"EntryPoint\",\"urlTemplate\":\"https:\\\/\\\/transamerica93.com.br\\\/home\\\/?s={search_term_string}\"},\"query-input\":{\"@type\":\"PropertyValueSpecification\",\"valueRequired\":true,\"valueName\":\"search_term_string\"}}],\"inLanguage\":\"pt-BR\"},{\"@type\":\"Organization\",\"@id\":\"https:\\\/\\\/transamerica93.com.br\\\/home\\\/#organization\",\"name\":\"Transam\u00e9rica Mococa 93,3\",\"url\":\"https:\\\/\\\/transamerica93.com.br\\\/home\\\/\",\"logo\":{\"@type\":\"ImageObject\",\"inLanguage\":\"pt-BR\",\"@id\":\"https:\\\/\\\/transamerica93.com.br\\\/home\\\/#\\\/schema\\\/logo\\\/image\\\/\",\"url\":\"https:\\\/\\\/transamerica93.com.br\\\/home\\\/wp-content\\\/uploads\\\/2023\\\/10\\\/logo2.png\",\"contentUrl\":\"https:\\\/\\\/transamerica93.com.br\\\/home\\\/wp-content\\\/uploads\\\/2023\\\/10\\\/logo2.png\",\"width\":800,\"height\":500,\"caption\":\"Transam\u00e9rica Mococa 93,3\"},\"image\":{\"@id\":\"https:\\\/\\\/transamerica93.com.br\\\/home\\\/#\\\/schema\\\/logo\\\/image\\\/\"},\"sameAs\":[\"https:\\\/\\\/www.facebook.com\\\/transamericamococa\",\"https:\\\/\\\/x.com\\\/transamerica933\",\"https:\\\/\\\/www.instagram.com\\\/transamericamococa\"]},{\"@type\":\"Person\",\"@id\":\"https:\\\/\\\/transamerica93.com.br\\\/home\\\/#\\\/schema\\\/person\\\/7fed7c99c0d4562efa8561bc0f543172\",\"name\":\"Reda\u00e7\u00e3o\",\"image\":{\"@type\":\"ImageObject\",\"inLanguage\":\"pt-BR\",\"@id\":\"https:\\\/\\\/secure.gravatar.com\\\/avatar\\\/1072c6b775fb02ef8506ce967551d95926669a6b7d2c2147b42eea4d7c68395e?s=96&d=mm&r=g\",\"url\":\"https:\\\/\\\/secure.gravatar.com\\\/avatar\\\/1072c6b775fb02ef8506ce967551d95926669a6b7d2c2147b42eea4d7c68395e?s=96&d=mm&r=g\",\"contentUrl\":\"https:\\\/\\\/secure.gravatar.com\\\/avatar\\\/1072c6b775fb02ef8506ce967551d95926669a6b7d2c2147b42eea4d7c68395e?s=96&d=mm&r=g\",\"caption\":\"Reda\u00e7\u00e3o\"},\"sameAs\":[\"https:\\\/\\\/transamerica93.com.br\\\/home\"],\"url\":\"https:\\\/\\\/transamerica93.com.br\\\/home\\\/author\\\/william\\\/\"}]}<\/script>\n<!-- \/ Yoast SEO plugin. -->","yoast_head_json":{"title":"Equipe de nata\u00e7\u00e3o para os Jogos de Paris contar\u00e1 com 18 atletas - Transam\u00e9rica Mococa 93,3","robots":{"index":"index","follow":"follow","max-snippet":"max-snippet:-1","max-image-preview":"max-image-preview:large","max-video-preview":"max-video-preview:-1"},"canonical":"https:\/\/transamerica93.com.br\/home\/equipe-de-natacao-para-os-jogos-de-paris-contara-com-18-atletas\/","og_locale":"pt_BR","og_type":"article","og_title":"Equipe de nata\u00e7\u00e3o para os Jogos de Paris contar\u00e1 com 18 atletas - Transam\u00e9rica Mococa 93,3","og_description":"A equipe de nata\u00e7\u00e3o do Brasil para a pr\u00f3xima edi\u00e7\u00e3o dos Jogos Ol\u00edmpicos, que ser\u00e3o disputados em Paris (Fran\u00e7a), foi definida no \u00faltimo final de semana com o final da disputa da Seletiva Ol\u00edmpica &#8211; Trof\u00e9u Brasil de Nata\u00e7\u00e3o na piscina da Comiss\u00e3o de Desportos da Aeron\u00e1utica, no Rio de Janeiro. Com o encerramento da &hellip;","og_url":"https:\/\/transamerica93.com.br\/home\/equipe-de-natacao-para-os-jogos-de-paris-contara-com-18-atletas\/","og_site_name":"Transam\u00e9rica Mococa 93,3","article_publisher":"https:\/\/www.facebook.com\/transamericamococa","article_published_time":"2024-05-21T15:00:04+00:00","og_image":[{"width":1170,"height":700,"url":"https:\/\/transamerica93.com.br\/home\/wp-content\/uploads\/2024\/05\/imagem-13.jpg","type":"image\/jpeg"}],"author":"Reda\u00e7\u00e3o","twitter_card":"summary_large_image","twitter_creator":"@transamerica933","twitter_site":"@transamerica933","twitter_misc":{"Escrito por":"Reda\u00e7\u00e3o","Est. tempo de leitura":"2 minutos"},"schema":{"@context":"https:\/\/schema.org","@graph":[{"@type":"Article","@id":"https:\/\/transamerica93.com.br\/home\/equipe-de-natacao-para-os-jogos-de-paris-contara-com-18-atletas\/#article","isPartOf":{"@id":"https:\/\/transamerica93.com.br\/home\/equipe-de-natacao-para-os-jogos-de-paris-contara-com-18-atletas\/"},"author":{"name":"Reda\u00e7\u00e3o","@id":"https:\/\/transamerica93.com.br\/home\/#\/schema\/person\/7fed7c99c0d4562efa8561bc0f543172"},"headline":"Equipe de nata\u00e7\u00e3o para os Jogos de Paris contar\u00e1 com 18 atletas","datePublished":"2024-05-21T15:00:04+00:00","mainEntityOfPage":{"@id":"https:\/\/transamerica93.com.br\/home\/equipe-de-natacao-para-os-jogos-de-paris-contara-com-18-atletas\/"},"wordCount":240,"publisher":{"@id":"https:\/\/transamerica93.com.br\/home\/#organization"},"image":{"@id":"https:\/\/transamerica93.com.br\/home\/equipe-de-natacao-para-os-jogos-de-paris-contara-com-18-atletas\/#primaryimage"},"thumbnailUrl":"https:\/\/transamerica93.com.br\/home\/wp-content\/uploads\/2024\/05\/imagem-13.jpg","articleSection":["Esportes"],"inLanguage":"pt-BR"},{"@type":"WebPage","@id":"https:\/\/transamerica93.com.br\/home\/equipe-de-natacao-para-os-jogos-de-paris-contara-com-18-atletas\/","url":"https:\/\/transamerica93.com.br\/home\/equipe-de-natacao-para-os-jogos-de-paris-contara-com-18-atletas\/","name":"Equipe de nata\u00e7\u00e3o para os Jogos de Paris contar\u00e1 com 18 atletas - Transam\u00e9rica Mococa 93,3","isPartOf":{"@id":"https:\/\/transamerica93.com.br\/home\/#website"},"primaryImageOfPage":{"@id":"https:\/\/transamerica93.com.br\/home\/equipe-de-natacao-para-os-jogos-de-paris-contara-com-18-atletas\/#primaryimage"},"image":{"@id":"https:\/\/transamerica93.com.br\/home\/equipe-de-natacao-para-os-jogos-de-paris-contara-com-18-atletas\/#primaryimage"},"thumbnailUrl":"https:\/\/transamerica93.com.br\/home\/wp-content\/uploads\/2024\/05\/imagem-13.jpg","datePublished":"2024-05-21T15:00:04+00:00","breadcrumb":{"@id":"https:\/\/transamerica93.com.br\/home\/equipe-de-natacao-para-os-jogos-de-paris-contara-com-18-atletas\/#breadcrumb"},"inLanguage":"pt-BR","potentialAction":[{"@type":"ReadAction","target":["https:\/\/transamerica93.com.br\/home\/equipe-de-natacao-para-os-jogos-de-paris-contara-com-18-atletas\/"]}]},{"@type":"ImageObject","inLanguage":"pt-BR","@id":"https:\/\/transamerica93.com.br\/home\/equipe-de-natacao-para-os-jogos-de-paris-contara-com-18-atletas\/#primaryimage","url":"https:\/\/transamerica93.com.br\/home\/wp-content\/uploads\/2024\/05\/imagem-13.jpg","contentUrl":"https:\/\/transamerica93.com.br\/home\/wp-content\/uploads\/2024\/05\/imagem-13.jpg","width":1170,"height":700,"caption":"\u00a9 Satiro Sodr\u00e9\/SNPress\/CBDA\/Direitos Reservados"},{"@type":"BreadcrumbList","@id":"https:\/\/transamerica93.com.br\/home\/equipe-de-natacao-para-os-jogos-de-paris-contara-com-18-atletas\/#breadcrumb","itemListElement":[{"@type":"ListItem","position":1,"name":"In\u00edcio","item":"https:\/\/transamerica93.com.br\/home\/"},{"@type":"ListItem","position":2,"name":"Equipe de nata\u00e7\u00e3o para os Jogos de Paris contar\u00e1 com 18 atletas"}]},{"@type":"WebSite","@id":"https:\/\/transamerica93.com.br\/home\/#website","url":"https:\/\/transamerica93.com.br\/home\/","name":"Transam\u00e9rica Mococa 93,3","description":"","publisher":{"@id":"https:\/\/transamerica93.com.br\/home\/#organization"},"potentialAction":[{"@type":"SearchAction","target":{"@type":"EntryPoint","urlTemplate":"https:\/\/transamerica93.com.br\/home\/?s={search_term_string}"},"query-input":{"@type":"PropertyValueSpecification","valueRequired":true,"valueName":"search_term_string"}}],"inLanguage":"pt-BR"},{"@type":"Organization","@id":"https:\/\/transamerica93.com.br\/home\/#organization","name":"Transam\u00e9rica Mococa 93,3","url":"https:\/\/transamerica93.com.br\/home\/","logo":{"@type":"ImageObject","inLanguage":"pt-BR","@id":"https:\/\/transamerica93.com.br\/home\/#\/schema\/logo\/image\/","url":"https:\/\/transamerica93.com.br\/home\/wp-content\/uploads\/2023\/10\/logo2.png","contentUrl":"https:\/\/transamerica93.com.br\/home\/wp-content\/uploads\/2023\/10\/logo2.png","width":800,"height":500,"caption":"Transam\u00e9rica Mococa 93,3"},"image":{"@id":"https:\/\/transamerica93.com.br\/home\/#\/schema\/logo\/image\/"},"sameAs":["https:\/\/www.facebook.com\/transamericamococa","https:\/\/x.com\/transamerica933","https:\/\/www.instagram.com\/transamericamococa"]},{"@type":"Person","@id":"https:\/\/transamerica93.com.br\/home\/#\/schema\/person\/7fed7c99c0d4562efa8561bc0f543172","name":"Reda\u00e7\u00e3o","image":{"@type":"ImageObject","inLanguage":"pt-BR","@id":"https:\/\/secure.gravatar.com\/avatar\/1072c6b775fb02ef8506ce967551d95926669a6b7d2c2147b42eea4d7c68395e?s=96&d=mm&r=g","url":"https:\/\/secure.gravatar.com\/avatar\/1072c6b775fb02ef8506ce967551d95926669a6b7d2c2147b42eea4d7c68395e?s=96&d=mm&r=g","contentUrl":"https:\/\/secure.gravatar.com\/avatar\/1072c6b775fb02ef8506ce967551d95926669a6b7d2c2147b42eea4d7c68395e?s=96&d=mm&r=g","caption":"Reda\u00e7\u00e3o"},"sameAs":["https:\/\/transamerica93.com.br\/home"],"url":"https:\/\/transamerica93.com.br\/home\/author\/william\/"}]}},"_links":{"self":[{"href":"https:\/\/transamerica93.com.br\/home\/wp-json\/wp\/v2\/posts\/3129","targetHints":{"allow":["GET"]}}],"collection":[{"href":"https:\/\/transamerica93.com.br\/home\/wp-json\/wp\/v2\/posts"}],"about":[{"href":"https:\/\/transamerica93.com.br\/home\/wp-json\/wp\/v2\/types\/post"}],"author":[{"embeddable":true,"href":"https:\/\/transamerica93.com.br\/home\/wp-json\/wp\/v2\/users\/1"}],"replies":[{"embeddable":true,"href":"https:\/\/transamerica93.com.br\/home\/wp-json\/wp\/v2\/comments?post=3129"}],"version-history":[{"count":1,"href":"https:\/\/transamerica93.com.br\/home\/wp-json\/wp\/v2\/posts\/3129\/revisions"}],"predecessor-version":[{"id":3131,"href":"https:\/\/transamerica93.com.br\/home\/wp-json\/wp\/v2\/posts\/3129\/revisions\/3131"}],"wp:featuredmedia":[{"embeddable":true,"href":"https:\/\/transamerica93.com.br\/home\/wp-json\/wp\/v2\/media\/3130"}],"wp:attachment":[{"href":"https:\/\/transamerica93.com.br\/home\/wp-json\/wp\/v2\/media?parent=3129"}],"wp:term":[{"taxonomy":"category","embeddable":true,"href":"https:\/\/transamerica93.com.br\/home\/wp-json\/wp\/v2\/categories?post=3129"},{"taxonomy":"post_tag","embeddable":true,"href":"https:\/\/transamerica93.com.br\/home\/wp-json\/wp\/v2\/tags?post=3129"}],"curies":[{"name":"wp","href":"https:\/\/api.w.org\/{rel}","templated":true}]}}