{"id":3135,"date":"2024-05-23T12:00:43","date_gmt":"2024-05-23T15:00:43","guid":{"rendered":"https:\/\/transamerica93.com.br\/home\/?p=3135"},"modified":"2024-05-16T14:45:20","modified_gmt":"2024-05-16T17:45:20","slug":"fifa-adota-protocolo-de-regras-contra-racismo-e-convoca-entidades-para-incentivar-denuncia","status":"publish","type":"post","link":"https:\/\/transamerica93.com.br\/home\/fifa-adota-protocolo-de-regras-contra-racismo-e-convoca-entidades-para-incentivar-denuncia\/","title":{"rendered":"Fifa adota protocolo de regras contra racismo e convoca entidades para incentivar den\u00fancia"},"content":{"rendered":"<p>A Fifa anunciou uma s\u00e9rie de puni\u00e7\u00f5es esportivas para combater os crimes de cunho racista no futebol. A entidade vai obrigar todas as 211 federa\u00e7\u00f5es filiadas a incluir regras espec\u00edficas em seus c\u00f3digos disciplinares para caracterizar esses delitos com direito a san\u00e7\u00f5es esportivas. A entidade chegou a essa determina\u00e7\u00e3o ap\u00f3s meses de consultas com jogadores vitimados por esse tipo de abuso, como brasileiro Vin\u00edcius J\u00fanior.<\/p>\n<p>Os dirigentes da Fifa tamb\u00e9m sugeriram &#8220;um gesto padr\u00e3o global para os jogadores comunicarem incidentes racistas&#8221; aos \u00e1rbitros (m\u00e3os cruzadas nos pulsos e levantadas no ar) e que as desist\u00eancias de jogos sejam uma puni\u00e7\u00e3o espec\u00edfica.<\/p>\n<p>A Fifa quer que o gesto seja o sinal reconhecido para os \u00e1rbitros iniciarem um processo de tr\u00eas etapas: pausar o jogo e transmitir avisos no est\u00e1dio, tirar as equipes do campo e, por fim, abandonar as partidas.<\/p>\n<p>Esse protocolo de tr\u00eas fases deve ser obrigat\u00f3rio em todas as 211 federa\u00e7\u00f5es, disse a entidade nesta quinta-feira. O gesto de m\u00e3os cruzadas foi feito no p\u00f3dio nas Olimp\u00edadas de T\u00f3quio, disputadas em 2021, pela atleta norte-americana Raven Saunders, que conquistou a prata no arremesso de peso feminino.<\/p>\n<p>Um compromisso de cinco pilares sobre o combate ao racismo ser\u00e1 apresentado \u00e0s federa\u00e7\u00f5es nesta sexta-feira, em reuni\u00e3o anual em Bangcoc, na Tail\u00e2ndia. Gianni Infantino, presidente da Fifa, prometeu h\u00e1 meses fazer uma proposta mundial e chegou a consultar o brasileiro Vinicius Junior, alvo frequente de abusos na Espanha nos jogos do Real Madrid, sobre o tema.<\/p>\n<p>&#8220;Chegou a hora de o futebol se unir para se comprometer inequivocamente como uma comunidade global para abordar a quest\u00e3o do racismo no jogo&#8221;, disse a FIFA numa carta endere\u00e7ada \u00e0s federa\u00e7\u00f5es-membro. A entidade tamb\u00e9m quer criar um painel de jogadores que ir\u00e1 &#8220;monitorar e aconselhar sobre a implementa\u00e7\u00e3o destas a\u00e7\u00f5es em todo o mundo.&#8221;<\/p>\n<p>O futebol tem lutado durante mais de uma d\u00e9cada para lidar com o racismo nos est\u00e1dios, discutindo e coordenando as respostas em campo por parte dos \u00e1rbitros e a\u00e7\u00f5es disciplinares p\u00f3s-jogo junto \u00e0s federa\u00e7\u00f5es e organizadores de competi\u00e7\u00f5es.<\/p>\n<p>Em alguns casos, as investiga\u00e7\u00f5es foram arquivadas pelas autoridades do futebol porque n\u00e3o havia provas al\u00e9m de uma reclama\u00e7\u00e3o do atleta alegando abuso. Em muitas situa\u00e7\u00f5es, os jogadores negros que foram alvos das ofensas ainda acabaram punidos com cart\u00e3o amarelo ao reclamar com a arbitragem.<\/p>\n","protected":false},"excerpt":{"rendered":"<p>A Fifa anunciou uma s\u00e9rie de puni\u00e7\u00f5es esportivas para combater os crimes de cunho racista no futebol. A entidade vai obrigar todas as 211 federa\u00e7\u00f5es filiadas a incluir regras espec\u00edficas em seus c\u00f3digos disciplinares para caracterizar esses delitos com direito a san\u00e7\u00f5es esportivas. A entidade chegou a essa determina\u00e7\u00e3o ap\u00f3s meses de consultas com jogadores &hellip;<\/p>\n","protected":false},"author":1,"featured_media":3136,"comment_status":"closed","ping_status":"closed","sticky":false,"template":"","format":"standard","meta":{"footnotes":""},"categories":[31],"tags":[],"class_list":["post-3135","post","type-post","status-publish","format-standard","has-post-thumbnail","hentry","category-esportes"],"yoast_head":"<!-- This site is optimized with the Yoast SEO plugin v27.4 - https:\/\/yoast.com\/product\/yoast-seo-wordpress\/ -->\n<title>Fifa adota protocolo de regras contra racismo e convoca entidades para incentivar den\u00fancia - Transam\u00e9rica Mococa 93,3<\/title>\n<meta name=\"robots\" content=\"index, follow, max-snippet:-1, max-image-preview:large, max-video-preview:-1\" \/>\n<link rel=\"canonical\" href=\"https:\/\/transamerica93.com.br\/home\/fifa-adota-protocolo-de-regras-contra-racismo-e-convoca-entidades-para-incentivar-denuncia\/\" \/>\n<meta property=\"og:locale\" content=\"pt_BR\" \/>\n<meta property=\"og:type\" content=\"article\" \/>\n<meta property=\"og:title\" content=\"Fifa adota protocolo de regras contra racismo e convoca entidades para incentivar den\u00fancia - Transam\u00e9rica Mococa 93,3\" \/>\n<meta property=\"og:description\" content=\"A Fifa anunciou uma s\u00e9rie de puni\u00e7\u00f5es esportivas para combater os crimes de cunho racista no futebol. A entidade vai obrigar todas as 211 federa\u00e7\u00f5es filiadas a incluir regras espec\u00edficas em seus c\u00f3digos disciplinares para caracterizar esses delitos com direito a san\u00e7\u00f5es esportivas. A entidade chegou a essa determina\u00e7\u00e3o ap\u00f3s meses de consultas com jogadores &hellip;\" \/>\n<meta property=\"og:url\" content=\"https:\/\/transamerica93.com.br\/home\/fifa-adota-protocolo-de-regras-contra-racismo-e-convoca-entidades-para-incentivar-denuncia\/\" \/>\n<meta property=\"og:site_name\" content=\"Transam\u00e9rica Mococa 93,3\" \/>\n<meta property=\"article:publisher\" content=\"https:\/\/www.facebook.com\/transamericamococa\" \/>\n<meta property=\"article:published_time\" content=\"2024-05-23T15:00:43+00:00\" \/>\n<meta property=\"og:image\" content=\"https:\/\/transamerica93.com.br\/home\/wp-content\/uploads\/2024\/05\/imagem-15.jpg\" \/>\n\t<meta property=\"og:image:width\" content=\"1170\" \/>\n\t<meta property=\"og:image:height\" content=\"700\" \/>\n\t<meta property=\"og:image:type\" content=\"image\/jpeg\" \/>\n<meta name=\"author\" content=\"Reda\u00e7\u00e3o\" \/>\n<meta name=\"twitter:card\" content=\"summary_large_image\" \/>\n<meta name=\"twitter:creator\" content=\"@transamerica933\" \/>\n<meta name=\"twitter:site\" content=\"@transamerica933\" \/>\n<meta name=\"twitter:label1\" content=\"Escrito por\" \/>\n\t<meta name=\"twitter:data1\" content=\"Reda\u00e7\u00e3o\" \/>\n\t<meta name=\"twitter:label2\" content=\"Est. tempo de leitura\" \/>\n\t<meta name=\"twitter:data2\" content=\"3 minutos\" \/>\n<script type=\"application\/ld+json\" class=\"yoast-schema-graph\">{\"@context\":\"https:\\\/\\\/schema.org\",\"@graph\":[{\"@type\":\"Article\",\"@id\":\"https:\\\/\\\/transamerica93.com.br\\\/home\\\/fifa-adota-protocolo-de-regras-contra-racismo-e-convoca-entidades-para-incentivar-denuncia\\\/#article\",\"isPartOf\":{\"@id\":\"https:\\\/\\\/transamerica93.com.br\\\/home\\\/fifa-adota-protocolo-de-regras-contra-racismo-e-convoca-entidades-para-incentivar-denuncia\\\/\"},\"author\":{\"name\":\"Reda\u00e7\u00e3o\",\"@id\":\"https:\\\/\\\/transamerica93.com.br\\\/home\\\/#\\\/schema\\\/person\\\/7fed7c99c0d4562efa8561bc0f543172\"},\"headline\":\"Fifa adota protocolo de regras contra racismo e convoca entidades para incentivar den\u00fancia\",\"datePublished\":\"2024-05-23T15:00:43+00:00\",\"mainEntityOfPage\":{\"@id\":\"https:\\\/\\\/transamerica93.com.br\\\/home\\\/fifa-adota-protocolo-de-regras-contra-racismo-e-convoca-entidades-para-incentivar-denuncia\\\/\"},\"wordCount\":439,\"publisher\":{\"@id\":\"https:\\\/\\\/transamerica93.com.br\\\/home\\\/#organization\"},\"image\":{\"@id\":\"https:\\\/\\\/transamerica93.com.br\\\/home\\\/fifa-adota-protocolo-de-regras-contra-racismo-e-convoca-entidades-para-incentivar-denuncia\\\/#primaryimage\"},\"thumbnailUrl\":\"https:\\\/\\\/transamerica93.com.br\\\/home\\\/wp-content\\\/uploads\\\/2024\\\/05\\\/imagem-15.jpg\",\"articleSection\":[\"Esportes\"],\"inLanguage\":\"pt-BR\"},{\"@type\":\"WebPage\",\"@id\":\"https:\\\/\\\/transamerica93.com.br\\\/home\\\/fifa-adota-protocolo-de-regras-contra-racismo-e-convoca-entidades-para-incentivar-denuncia\\\/\",\"url\":\"https:\\\/\\\/transamerica93.com.br\\\/home\\\/fifa-adota-protocolo-de-regras-contra-racismo-e-convoca-entidades-para-incentivar-denuncia\\\/\",\"name\":\"Fifa adota protocolo de regras contra racismo e convoca entidades para incentivar den\u00fancia - Transam\u00e9rica Mococa 93,3\",\"isPartOf\":{\"@id\":\"https:\\\/\\\/transamerica93.com.br\\\/home\\\/#website\"},\"primaryImageOfPage\":{\"@id\":\"https:\\\/\\\/transamerica93.com.br\\\/home\\\/fifa-adota-protocolo-de-regras-contra-racismo-e-convoca-entidades-para-incentivar-denuncia\\\/#primaryimage\"},\"image\":{\"@id\":\"https:\\\/\\\/transamerica93.com.br\\\/home\\\/fifa-adota-protocolo-de-regras-contra-racismo-e-convoca-entidades-para-incentivar-denuncia\\\/#primaryimage\"},\"thumbnailUrl\":\"https:\\\/\\\/transamerica93.com.br\\\/home\\\/wp-content\\\/uploads\\\/2024\\\/05\\\/imagem-15.jpg\",\"datePublished\":\"2024-05-23T15:00:43+00:00\",\"breadcrumb\":{\"@id\":\"https:\\\/\\\/transamerica93.com.br\\\/home\\\/fifa-adota-protocolo-de-regras-contra-racismo-e-convoca-entidades-para-incentivar-denuncia\\\/#breadcrumb\"},\"inLanguage\":\"pt-BR\",\"potentialAction\":[{\"@type\":\"ReadAction\",\"target\":[\"https:\\\/\\\/transamerica93.com.br\\\/home\\\/fifa-adota-protocolo-de-regras-contra-racismo-e-convoca-entidades-para-incentivar-denuncia\\\/\"]}]},{\"@type\":\"ImageObject\",\"inLanguage\":\"pt-BR\",\"@id\":\"https:\\\/\\\/transamerica93.com.br\\\/home\\\/fifa-adota-protocolo-de-regras-contra-racismo-e-convoca-entidades-para-incentivar-denuncia\\\/#primaryimage\",\"url\":\"https:\\\/\\\/transamerica93.com.br\\\/home\\\/wp-content\\\/uploads\\\/2024\\\/05\\\/imagem-15.jpg\",\"contentUrl\":\"https:\\\/\\\/transamerica93.com.br\\\/home\\\/wp-content\\\/uploads\\\/2024\\\/05\\\/imagem-15.jpg\",\"width\":1170,\"height\":700,\"caption\":\"Divulga\u00e7\u00e3o FIFA\"},{\"@type\":\"BreadcrumbList\",\"@id\":\"https:\\\/\\\/transamerica93.com.br\\\/home\\\/fifa-adota-protocolo-de-regras-contra-racismo-e-convoca-entidades-para-incentivar-denuncia\\\/#breadcrumb\",\"itemListElement\":[{\"@type\":\"ListItem\",\"position\":1,\"name\":\"In\u00edcio\",\"item\":\"https:\\\/\\\/transamerica93.com.br\\\/home\\\/\"},{\"@type\":\"ListItem\",\"position\":2,\"name\":\"Fifa adota protocolo de regras contra racismo e convoca entidades para incentivar den\u00fancia\"}]},{\"@type\":\"WebSite\",\"@id\":\"https:\\\/\\\/transamerica93.com.br\\\/home\\\/#website\",\"url\":\"https:\\\/\\\/transamerica93.com.br\\\/home\\\/\",\"name\":\"Transam\u00e9rica Mococa 93,3\",\"description\":\"\",\"publisher\":{\"@id\":\"https:\\\/\\\/transamerica93.com.br\\\/home\\\/#organization\"},\"potentialAction\":[{\"@type\":\"SearchAction\",\"target\":{\"@type\":\"EntryPoint\",\"urlTemplate\":\"https:\\\/\\\/transamerica93.com.br\\\/home\\\/?s={search_term_string}\"},\"query-input\":{\"@type\":\"PropertyValueSpecification\",\"valueRequired\":true,\"valueName\":\"search_term_string\"}}],\"inLanguage\":\"pt-BR\"},{\"@type\":\"Organization\",\"@id\":\"https:\\\/\\\/transamerica93.com.br\\\/home\\\/#organization\",\"name\":\"Transam\u00e9rica Mococa 93,3\",\"url\":\"https:\\\/\\\/transamerica93.com.br\\\/home\\\/\",\"logo\":{\"@type\":\"ImageObject\",\"inLanguage\":\"pt-BR\",\"@id\":\"https:\\\/\\\/transamerica93.com.br\\\/home\\\/#\\\/schema\\\/logo\\\/image\\\/\",\"url\":\"https:\\\/\\\/transamerica93.com.br\\\/home\\\/wp-content\\\/uploads\\\/2023\\\/10\\\/logo2.png\",\"contentUrl\":\"https:\\\/\\\/transamerica93.com.br\\\/home\\\/wp-content\\\/uploads\\\/2023\\\/10\\\/logo2.png\",\"width\":800,\"height\":500,\"caption\":\"Transam\u00e9rica Mococa 93,3\"},\"image\":{\"@id\":\"https:\\\/\\\/transamerica93.com.br\\\/home\\\/#\\\/schema\\\/logo\\\/image\\\/\"},\"sameAs\":[\"https:\\\/\\\/www.facebook.com\\\/transamericamococa\",\"https:\\\/\\\/x.com\\\/transamerica933\",\"https:\\\/\\\/www.instagram.com\\\/transamericamococa\"]},{\"@type\":\"Person\",\"@id\":\"https:\\\/\\\/transamerica93.com.br\\\/home\\\/#\\\/schema\\\/person\\\/7fed7c99c0d4562efa8561bc0f543172\",\"name\":\"Reda\u00e7\u00e3o\",\"image\":{\"@type\":\"ImageObject\",\"inLanguage\":\"pt-BR\",\"@id\":\"https:\\\/\\\/secure.gravatar.com\\\/avatar\\\/1072c6b775fb02ef8506ce967551d95926669a6b7d2c2147b42eea4d7c68395e?s=96&d=mm&r=g\",\"url\":\"https:\\\/\\\/secure.gravatar.com\\\/avatar\\\/1072c6b775fb02ef8506ce967551d95926669a6b7d2c2147b42eea4d7c68395e?s=96&d=mm&r=g\",\"contentUrl\":\"https:\\\/\\\/secure.gravatar.com\\\/avatar\\\/1072c6b775fb02ef8506ce967551d95926669a6b7d2c2147b42eea4d7c68395e?s=96&d=mm&r=g\",\"caption\":\"Reda\u00e7\u00e3o\"},\"sameAs\":[\"https:\\\/\\\/transamerica93.com.br\\\/home\"],\"url\":\"https:\\\/\\\/transamerica93.com.br\\\/home\\\/author\\\/william\\\/\"}]}<\/script>\n<!-- \/ Yoast SEO plugin. -->","yoast_head_json":{"title":"Fifa adota protocolo de regras contra racismo e convoca entidades para incentivar den\u00fancia - Transam\u00e9rica Mococa 93,3","robots":{"index":"index","follow":"follow","max-snippet":"max-snippet:-1","max-image-preview":"max-image-preview:large","max-video-preview":"max-video-preview:-1"},"canonical":"https:\/\/transamerica93.com.br\/home\/fifa-adota-protocolo-de-regras-contra-racismo-e-convoca-entidades-para-incentivar-denuncia\/","og_locale":"pt_BR","og_type":"article","og_title":"Fifa adota protocolo de regras contra racismo e convoca entidades para incentivar den\u00fancia - Transam\u00e9rica Mococa 93,3","og_description":"A Fifa anunciou uma s\u00e9rie de puni\u00e7\u00f5es esportivas para combater os crimes de cunho racista no futebol. A entidade vai obrigar todas as 211 federa\u00e7\u00f5es filiadas a incluir regras espec\u00edficas em seus c\u00f3digos disciplinares para caracterizar esses delitos com direito a san\u00e7\u00f5es esportivas. A entidade chegou a essa determina\u00e7\u00e3o ap\u00f3s meses de consultas com jogadores &hellip;","og_url":"https:\/\/transamerica93.com.br\/home\/fifa-adota-protocolo-de-regras-contra-racismo-e-convoca-entidades-para-incentivar-denuncia\/","og_site_name":"Transam\u00e9rica Mococa 93,3","article_publisher":"https:\/\/www.facebook.com\/transamericamococa","article_published_time":"2024-05-23T15:00:43+00:00","og_image":[{"width":1170,"height":700,"url":"https:\/\/transamerica93.com.br\/home\/wp-content\/uploads\/2024\/05\/imagem-15.jpg","type":"image\/jpeg"}],"author":"Reda\u00e7\u00e3o","twitter_card":"summary_large_image","twitter_creator":"@transamerica933","twitter_site":"@transamerica933","twitter_misc":{"Escrito por":"Reda\u00e7\u00e3o","Est. tempo de leitura":"3 minutos"},"schema":{"@context":"https:\/\/schema.org","@graph":[{"@type":"Article","@id":"https:\/\/transamerica93.com.br\/home\/fifa-adota-protocolo-de-regras-contra-racismo-e-convoca-entidades-para-incentivar-denuncia\/#article","isPartOf":{"@id":"https:\/\/transamerica93.com.br\/home\/fifa-adota-protocolo-de-regras-contra-racismo-e-convoca-entidades-para-incentivar-denuncia\/"},"author":{"name":"Reda\u00e7\u00e3o","@id":"https:\/\/transamerica93.com.br\/home\/#\/schema\/person\/7fed7c99c0d4562efa8561bc0f543172"},"headline":"Fifa adota protocolo de regras contra racismo e convoca entidades para incentivar den\u00fancia","datePublished":"2024-05-23T15:00:43+00:00","mainEntityOfPage":{"@id":"https:\/\/transamerica93.com.br\/home\/fifa-adota-protocolo-de-regras-contra-racismo-e-convoca-entidades-para-incentivar-denuncia\/"},"wordCount":439,"publisher":{"@id":"https:\/\/transamerica93.com.br\/home\/#organization"},"image":{"@id":"https:\/\/transamerica93.com.br\/home\/fifa-adota-protocolo-de-regras-contra-racismo-e-convoca-entidades-para-incentivar-denuncia\/#primaryimage"},"thumbnailUrl":"https:\/\/transamerica93.com.br\/home\/wp-content\/uploads\/2024\/05\/imagem-15.jpg","articleSection":["Esportes"],"inLanguage":"pt-BR"},{"@type":"WebPage","@id":"https:\/\/transamerica93.com.br\/home\/fifa-adota-protocolo-de-regras-contra-racismo-e-convoca-entidades-para-incentivar-denuncia\/","url":"https:\/\/transamerica93.com.br\/home\/fifa-adota-protocolo-de-regras-contra-racismo-e-convoca-entidades-para-incentivar-denuncia\/","name":"Fifa adota protocolo de regras contra racismo e convoca entidades para incentivar den\u00fancia - Transam\u00e9rica Mococa 93,3","isPartOf":{"@id":"https:\/\/transamerica93.com.br\/home\/#website"},"primaryImageOfPage":{"@id":"https:\/\/transamerica93.com.br\/home\/fifa-adota-protocolo-de-regras-contra-racismo-e-convoca-entidades-para-incentivar-denuncia\/#primaryimage"},"image":{"@id":"https:\/\/transamerica93.com.br\/home\/fifa-adota-protocolo-de-regras-contra-racismo-e-convoca-entidades-para-incentivar-denuncia\/#primaryimage"},"thumbnailUrl":"https:\/\/transamerica93.com.br\/home\/wp-content\/uploads\/2024\/05\/imagem-15.jpg","datePublished":"2024-05-23T15:00:43+00:00","breadcrumb":{"@id":"https:\/\/transamerica93.com.br\/home\/fifa-adota-protocolo-de-regras-contra-racismo-e-convoca-entidades-para-incentivar-denuncia\/#breadcrumb"},"inLanguage":"pt-BR","potentialAction":[{"@type":"ReadAction","target":["https:\/\/transamerica93.com.br\/home\/fifa-adota-protocolo-de-regras-contra-racismo-e-convoca-entidades-para-incentivar-denuncia\/"]}]},{"@type":"ImageObject","inLanguage":"pt-BR","@id":"https:\/\/transamerica93.com.br\/home\/fifa-adota-protocolo-de-regras-contra-racismo-e-convoca-entidades-para-incentivar-denuncia\/#primaryimage","url":"https:\/\/transamerica93.com.br\/home\/wp-content\/uploads\/2024\/05\/imagem-15.jpg","contentUrl":"https:\/\/transamerica93.com.br\/home\/wp-content\/uploads\/2024\/05\/imagem-15.jpg","width":1170,"height":700,"caption":"Divulga\u00e7\u00e3o FIFA"},{"@type":"BreadcrumbList","@id":"https:\/\/transamerica93.com.br\/home\/fifa-adota-protocolo-de-regras-contra-racismo-e-convoca-entidades-para-incentivar-denuncia\/#breadcrumb","itemListElement":[{"@type":"ListItem","position":1,"name":"In\u00edcio","item":"https:\/\/transamerica93.com.br\/home\/"},{"@type":"ListItem","position":2,"name":"Fifa adota protocolo de regras contra racismo e convoca entidades para incentivar den\u00fancia"}]},{"@type":"WebSite","@id":"https:\/\/transamerica93.com.br\/home\/#website","url":"https:\/\/transamerica93.com.br\/home\/","name":"Transam\u00e9rica Mococa 93,3","description":"","publisher":{"@id":"https:\/\/transamerica93.com.br\/home\/#organization"},"potentialAction":[{"@type":"SearchAction","target":{"@type":"EntryPoint","urlTemplate":"https:\/\/transamerica93.com.br\/home\/?s={search_term_string}"},"query-input":{"@type":"PropertyValueSpecification","valueRequired":true,"valueName":"search_term_string"}}],"inLanguage":"pt-BR"},{"@type":"Organization","@id":"https:\/\/transamerica93.com.br\/home\/#organization","name":"Transam\u00e9rica Mococa 93,3","url":"https:\/\/transamerica93.com.br\/home\/","logo":{"@type":"ImageObject","inLanguage":"pt-BR","@id":"https:\/\/transamerica93.com.br\/home\/#\/schema\/logo\/image\/","url":"https:\/\/transamerica93.com.br\/home\/wp-content\/uploads\/2023\/10\/logo2.png","contentUrl":"https:\/\/transamerica93.com.br\/home\/wp-content\/uploads\/2023\/10\/logo2.png","width":800,"height":500,"caption":"Transam\u00e9rica Mococa 93,3"},"image":{"@id":"https:\/\/transamerica93.com.br\/home\/#\/schema\/logo\/image\/"},"sameAs":["https:\/\/www.facebook.com\/transamericamococa","https:\/\/x.com\/transamerica933","https:\/\/www.instagram.com\/transamericamococa"]},{"@type":"Person","@id":"https:\/\/transamerica93.com.br\/home\/#\/schema\/person\/7fed7c99c0d4562efa8561bc0f543172","name":"Reda\u00e7\u00e3o","image":{"@type":"ImageObject","inLanguage":"pt-BR","@id":"https:\/\/secure.gravatar.com\/avatar\/1072c6b775fb02ef8506ce967551d95926669a6b7d2c2147b42eea4d7c68395e?s=96&d=mm&r=g","url":"https:\/\/secure.gravatar.com\/avatar\/1072c6b775fb02ef8506ce967551d95926669a6b7d2c2147b42eea4d7c68395e?s=96&d=mm&r=g","contentUrl":"https:\/\/secure.gravatar.com\/avatar\/1072c6b775fb02ef8506ce967551d95926669a6b7d2c2147b42eea4d7c68395e?s=96&d=mm&r=g","caption":"Reda\u00e7\u00e3o"},"sameAs":["https:\/\/transamerica93.com.br\/home"],"url":"https:\/\/transamerica93.com.br\/home\/author\/william\/"}]}},"_links":{"self":[{"href":"https:\/\/transamerica93.com.br\/home\/wp-json\/wp\/v2\/posts\/3135","targetHints":{"allow":["GET"]}}],"collection":[{"href":"https:\/\/transamerica93.com.br\/home\/wp-json\/wp\/v2\/posts"}],"about":[{"href":"https:\/\/transamerica93.com.br\/home\/wp-json\/wp\/v2\/types\/post"}],"author":[{"embeddable":true,"href":"https:\/\/transamerica93.com.br\/home\/wp-json\/wp\/v2\/users\/1"}],"replies":[{"embeddable":true,"href":"https:\/\/transamerica93.com.br\/home\/wp-json\/wp\/v2\/comments?post=3135"}],"version-history":[{"count":1,"href":"https:\/\/transamerica93.com.br\/home\/wp-json\/wp\/v2\/posts\/3135\/revisions"}],"predecessor-version":[{"id":3137,"href":"https:\/\/transamerica93.com.br\/home\/wp-json\/wp\/v2\/posts\/3135\/revisions\/3137"}],"wp:featuredmedia":[{"embeddable":true,"href":"https:\/\/transamerica93.com.br\/home\/wp-json\/wp\/v2\/media\/3136"}],"wp:attachment":[{"href":"https:\/\/transamerica93.com.br\/home\/wp-json\/wp\/v2\/media?parent=3135"}],"wp:term":[{"taxonomy":"category","embeddable":true,"href":"https:\/\/transamerica93.com.br\/home\/wp-json\/wp\/v2\/categories?post=3135"},{"taxonomy":"post_tag","embeddable":true,"href":"https:\/\/transamerica93.com.br\/home\/wp-json\/wp\/v2\/tags?post=3135"}],"curies":[{"name":"wp","href":"https:\/\/api.w.org\/{rel}","templated":true}]}}