{"id":3141,"date":"2024-05-20T15:00:14","date_gmt":"2024-05-20T18:00:14","guid":{"rendered":"https:\/\/transamerica93.com.br\/home\/?p=3141"},"modified":"2024-05-16T14:49:01","modified_gmt":"2024-05-16T17:49:01","slug":"o-que-avril-lavigne-acha-da-teoria-que-diz-que-ela-morreu-e-foi-substituida-por-sosia-confira","status":"publish","type":"post","link":"https:\/\/transamerica93.com.br\/home\/o-que-avril-lavigne-acha-da-teoria-que-diz-que-ela-morreu-e-foi-substituida-por-sosia-confira\/","title":{"rendered":"O que Avril Lavigne acha da teoria que diz que ela morreu e foi substitu\u00edda por s\u00f3sia? Confira"},"content":{"rendered":"<p>Por Gabriela Caputo<\/p>\n<p>&#8220;Avril Lavigne morreu e foi substitu\u00edda por uma s\u00f3sia&#8221;: eis uma das teorias da conspira\u00e7\u00e3o mais famosas do universo pop. A brincadeira surgiu na web h\u00e1 anos e, de vez em quando, ainda \u00e9 recuperada por adeptos, que juram colecionar evid\u00eancias. A cantora canadense, hoje com 39 anos, j\u00e1 comentou sobre a teoria algumas vezes, mas, em entrevista recente ao podcast\u00a0<i>Call Her Daddy<\/i>, foi bastante direta: &#8220;Obviamente eu sou eu. \u00c9 muito idiota&#8221;, disse, caindo na risada.<\/p>\n<p>Segundo a teoria, Avril teria morrido nos anos 2000 por suic\u00eddio, sendo substitu\u00edda por sua gravadora por uma mulher chamada Melissa. Para os conspiradores, seus empres\u00e1rios n\u00e3o queriam perder dinheiro, j\u00e1 que Avril fez muito sucesso em 2002 com seu \u00e1lbum Let Go, quanto tinha apenas 17 anos. Os argumentos defendidos s\u00e3o de que notaram mudan\u00e7as f\u00edsicas na apar\u00eancia de Avril, como no formato de seu nariz e na voz.<\/p>\n<p>&#8220;\u00c9 engra\u00e7ado, por um lado tem gente que diz que eu n\u00e3o envelheci nada. Por outro, tem uma teoria da conspira\u00e7\u00e3o que diz que eu n\u00e3o sou eu. Legal. N\u00e3o \u00e9 t\u00e3o ruim. poderia ser pior. Acho que tenho uma [teoria de conspira\u00e7\u00e3o] das boas. N\u00e3o \u00e9 negativa ou obscura, \u00e9?&#8221;, disse Avril no programa. &#8220;\u00c9 um pouco obscura, vamos l\u00e1&#8221;, respondeu a apresentadora, Alex Cooper.<\/p>\n<p>Avril refor\u00e7ou que poderia ser pior e, ent\u00e3o, chamou a teoria de idiota. &#8220;As pessoas fizeram isso com outros artistas, eu n\u00e3o sou a \u00fanica&#8221;, ressaltou. &#8220;Acho que a sua \u00e9 realmente proeminente&#8221;, contestou Alex. Entrando na brincadeira, Avril disse que parece que a apresentadora acredita na teoria. &#8220;Fui eu quem comecei a conspira\u00e7\u00e3o. Estou aqui disfar\u00e7ada para investigar a Melissa&#8221;, zombou Alex.<\/p>\n","protected":false},"excerpt":{"rendered":"<p>Por Gabriela Caputo &#8220;Avril Lavigne morreu e foi substitu\u00edda por uma s\u00f3sia&#8221;: eis uma das teorias da conspira\u00e7\u00e3o mais famosas do universo pop. A brincadeira surgiu na web h\u00e1 anos e, de vez em quando, ainda \u00e9 recuperada por adeptos, que juram colecionar evid\u00eancias. A cantora canadense, hoje com 39 anos, j\u00e1 comentou sobre a &hellip;<\/p>\n","protected":false},"author":1,"featured_media":3142,"comment_status":"closed","ping_status":"closed","sticky":false,"template":"","format":"standard","meta":{"footnotes":""},"categories":[25],"tags":[],"class_list":["post-3141","post","type-post","status-publish","format-standard","has-post-thumbnail","hentry","category-musica"],"yoast_head":"<!-- This site is optimized with the Yoast SEO plugin v27.4 - https:\/\/yoast.com\/product\/yoast-seo-wordpress\/ -->\n<title>O que Avril Lavigne acha da teoria que diz que ela morreu e foi substitu\u00edda por s\u00f3sia? Confira - Transam\u00e9rica Mococa 93,3<\/title>\n<meta name=\"robots\" content=\"index, follow, max-snippet:-1, max-image-preview:large, max-video-preview:-1\" \/>\n<link rel=\"canonical\" href=\"https:\/\/transamerica93.com.br\/home\/o-que-avril-lavigne-acha-da-teoria-que-diz-que-ela-morreu-e-foi-substituida-por-sosia-confira\/\" \/>\n<meta property=\"og:locale\" content=\"pt_BR\" \/>\n<meta property=\"og:type\" content=\"article\" \/>\n<meta property=\"og:title\" content=\"O que Avril Lavigne acha da teoria que diz que ela morreu e foi substitu\u00edda por s\u00f3sia? Confira - Transam\u00e9rica Mococa 93,3\" \/>\n<meta property=\"og:description\" content=\"Por Gabriela Caputo &#8220;Avril Lavigne morreu e foi substitu\u00edda por uma s\u00f3sia&#8221;: eis uma das teorias da conspira\u00e7\u00e3o mais famosas do universo pop. A brincadeira surgiu na web h\u00e1 anos e, de vez em quando, ainda \u00e9 recuperada por adeptos, que juram colecionar evid\u00eancias. A cantora canadense, hoje com 39 anos, j\u00e1 comentou sobre a &hellip;\" \/>\n<meta property=\"og:url\" content=\"https:\/\/transamerica93.com.br\/home\/o-que-avril-lavigne-acha-da-teoria-que-diz-que-ela-morreu-e-foi-substituida-por-sosia-confira\/\" \/>\n<meta property=\"og:site_name\" content=\"Transam\u00e9rica Mococa 93,3\" \/>\n<meta property=\"article:publisher\" content=\"https:\/\/www.facebook.com\/transamericamococa\" \/>\n<meta property=\"article:published_time\" content=\"2024-05-20T18:00:14+00:00\" \/>\n<meta property=\"og:image\" content=\"https:\/\/transamerica93.com.br\/home\/wp-content\/uploads\/2024\/05\/imagem-17.jpg\" \/>\n\t<meta property=\"og:image:width\" content=\"831\" \/>\n\t<meta property=\"og:image:height\" content=\"552\" \/>\n\t<meta property=\"og:image:type\" content=\"image\/jpeg\" \/>\n<meta name=\"author\" content=\"Reda\u00e7\u00e3o\" \/>\n<meta name=\"twitter:card\" content=\"summary_large_image\" \/>\n<meta name=\"twitter:creator\" content=\"@transamerica933\" \/>\n<meta name=\"twitter:site\" content=\"@transamerica933\" \/>\n<meta name=\"twitter:label1\" content=\"Escrito por\" \/>\n\t<meta name=\"twitter:data1\" content=\"Reda\u00e7\u00e3o\" \/>\n\t<meta name=\"twitter:label2\" content=\"Est. tempo de leitura\" \/>\n\t<meta name=\"twitter:data2\" content=\"2 minutos\" \/>\n<script type=\"application\/ld+json\" class=\"yoast-schema-graph\">{\"@context\":\"https:\\\/\\\/schema.org\",\"@graph\":[{\"@type\":\"Article\",\"@id\":\"https:\\\/\\\/transamerica93.com.br\\\/home\\\/o-que-avril-lavigne-acha-da-teoria-que-diz-que-ela-morreu-e-foi-substituida-por-sosia-confira\\\/#article\",\"isPartOf\":{\"@id\":\"https:\\\/\\\/transamerica93.com.br\\\/home\\\/o-que-avril-lavigne-acha-da-teoria-que-diz-que-ela-morreu-e-foi-substituida-por-sosia-confira\\\/\"},\"author\":{\"name\":\"Reda\u00e7\u00e3o\",\"@id\":\"https:\\\/\\\/transamerica93.com.br\\\/home\\\/#\\\/schema\\\/person\\\/7fed7c99c0d4562efa8561bc0f543172\"},\"headline\":\"O que Avril Lavigne acha da teoria que diz que ela morreu e foi substitu\u00edda por s\u00f3sia? Confira\",\"datePublished\":\"2024-05-20T18:00:14+00:00\",\"mainEntityOfPage\":{\"@id\":\"https:\\\/\\\/transamerica93.com.br\\\/home\\\/o-que-avril-lavigne-acha-da-teoria-que-diz-que-ela-morreu-e-foi-substituida-por-sosia-confira\\\/\"},\"wordCount\":313,\"publisher\":{\"@id\":\"https:\\\/\\\/transamerica93.com.br\\\/home\\\/#organization\"},\"image\":{\"@id\":\"https:\\\/\\\/transamerica93.com.br\\\/home\\\/o-que-avril-lavigne-acha-da-teoria-que-diz-que-ela-morreu-e-foi-substituida-por-sosia-confira\\\/#primaryimage\"},\"thumbnailUrl\":\"https:\\\/\\\/transamerica93.com.br\\\/home\\\/wp-content\\\/uploads\\\/2024\\\/05\\\/imagem-17.jpg\",\"articleSection\":[\"M\u00fasica\"],\"inLanguage\":\"pt-BR\"},{\"@type\":\"WebPage\",\"@id\":\"https:\\\/\\\/transamerica93.com.br\\\/home\\\/o-que-avril-lavigne-acha-da-teoria-que-diz-que-ela-morreu-e-foi-substituida-por-sosia-confira\\\/\",\"url\":\"https:\\\/\\\/transamerica93.com.br\\\/home\\\/o-que-avril-lavigne-acha-da-teoria-que-diz-que-ela-morreu-e-foi-substituida-por-sosia-confira\\\/\",\"name\":\"O que Avril Lavigne acha da teoria que diz que ela morreu e foi substitu\u00edda por s\u00f3sia? Confira - Transam\u00e9rica Mococa 93,3\",\"isPartOf\":{\"@id\":\"https:\\\/\\\/transamerica93.com.br\\\/home\\\/#website\"},\"primaryImageOfPage\":{\"@id\":\"https:\\\/\\\/transamerica93.com.br\\\/home\\\/o-que-avril-lavigne-acha-da-teoria-que-diz-que-ela-morreu-e-foi-substituida-por-sosia-confira\\\/#primaryimage\"},\"image\":{\"@id\":\"https:\\\/\\\/transamerica93.com.br\\\/home\\\/o-que-avril-lavigne-acha-da-teoria-que-diz-que-ela-morreu-e-foi-substituida-por-sosia-confira\\\/#primaryimage\"},\"thumbnailUrl\":\"https:\\\/\\\/transamerica93.com.br\\\/home\\\/wp-content\\\/uploads\\\/2024\\\/05\\\/imagem-17.jpg\",\"datePublished\":\"2024-05-20T18:00:14+00:00\",\"breadcrumb\":{\"@id\":\"https:\\\/\\\/transamerica93.com.br\\\/home\\\/o-que-avril-lavigne-acha-da-teoria-que-diz-que-ela-morreu-e-foi-substituida-por-sosia-confira\\\/#breadcrumb\"},\"inLanguage\":\"pt-BR\",\"potentialAction\":[{\"@type\":\"ReadAction\",\"target\":[\"https:\\\/\\\/transamerica93.com.br\\\/home\\\/o-que-avril-lavigne-acha-da-teoria-que-diz-que-ela-morreu-e-foi-substituida-por-sosia-confira\\\/\"]}]},{\"@type\":\"ImageObject\",\"inLanguage\":\"pt-BR\",\"@id\":\"https:\\\/\\\/transamerica93.com.br\\\/home\\\/o-que-avril-lavigne-acha-da-teoria-que-diz-que-ela-morreu-e-foi-substituida-por-sosia-confira\\\/#primaryimage\",\"url\":\"https:\\\/\\\/transamerica93.com.br\\\/home\\\/wp-content\\\/uploads\\\/2024\\\/05\\\/imagem-17.jpg\",\"contentUrl\":\"https:\\\/\\\/transamerica93.com.br\\\/home\\\/wp-content\\\/uploads\\\/2024\\\/05\\\/imagem-17.jpg\",\"width\":831,\"height\":552,\"caption\":\"Foto: Instagram @avrillavigne\"},{\"@type\":\"BreadcrumbList\",\"@id\":\"https:\\\/\\\/transamerica93.com.br\\\/home\\\/o-que-avril-lavigne-acha-da-teoria-que-diz-que-ela-morreu-e-foi-substituida-por-sosia-confira\\\/#breadcrumb\",\"itemListElement\":[{\"@type\":\"ListItem\",\"position\":1,\"name\":\"In\u00edcio\",\"item\":\"https:\\\/\\\/transamerica93.com.br\\\/home\\\/\"},{\"@type\":\"ListItem\",\"position\":2,\"name\":\"O que Avril Lavigne acha da teoria que diz que ela morreu e foi substitu\u00edda por s\u00f3sia? Confira\"}]},{\"@type\":\"WebSite\",\"@id\":\"https:\\\/\\\/transamerica93.com.br\\\/home\\\/#website\",\"url\":\"https:\\\/\\\/transamerica93.com.br\\\/home\\\/\",\"name\":\"Transam\u00e9rica Mococa 93,3\",\"description\":\"\",\"publisher\":{\"@id\":\"https:\\\/\\\/transamerica93.com.br\\\/home\\\/#organization\"},\"potentialAction\":[{\"@type\":\"SearchAction\",\"target\":{\"@type\":\"EntryPoint\",\"urlTemplate\":\"https:\\\/\\\/transamerica93.com.br\\\/home\\\/?s={search_term_string}\"},\"query-input\":{\"@type\":\"PropertyValueSpecification\",\"valueRequired\":true,\"valueName\":\"search_term_string\"}}],\"inLanguage\":\"pt-BR\"},{\"@type\":\"Organization\",\"@id\":\"https:\\\/\\\/transamerica93.com.br\\\/home\\\/#organization\",\"name\":\"Transam\u00e9rica Mococa 93,3\",\"url\":\"https:\\\/\\\/transamerica93.com.br\\\/home\\\/\",\"logo\":{\"@type\":\"ImageObject\",\"inLanguage\":\"pt-BR\",\"@id\":\"https:\\\/\\\/transamerica93.com.br\\\/home\\\/#\\\/schema\\\/logo\\\/image\\\/\",\"url\":\"https:\\\/\\\/transamerica93.com.br\\\/home\\\/wp-content\\\/uploads\\\/2023\\\/10\\\/logo2.png\",\"contentUrl\":\"https:\\\/\\\/transamerica93.com.br\\\/home\\\/wp-content\\\/uploads\\\/2023\\\/10\\\/logo2.png\",\"width\":800,\"height\":500,\"caption\":\"Transam\u00e9rica Mococa 93,3\"},\"image\":{\"@id\":\"https:\\\/\\\/transamerica93.com.br\\\/home\\\/#\\\/schema\\\/logo\\\/image\\\/\"},\"sameAs\":[\"https:\\\/\\\/www.facebook.com\\\/transamericamococa\",\"https:\\\/\\\/x.com\\\/transamerica933\",\"https:\\\/\\\/www.instagram.com\\\/transamericamococa\"]},{\"@type\":\"Person\",\"@id\":\"https:\\\/\\\/transamerica93.com.br\\\/home\\\/#\\\/schema\\\/person\\\/7fed7c99c0d4562efa8561bc0f543172\",\"name\":\"Reda\u00e7\u00e3o\",\"image\":{\"@type\":\"ImageObject\",\"inLanguage\":\"pt-BR\",\"@id\":\"https:\\\/\\\/secure.gravatar.com\\\/avatar\\\/1072c6b775fb02ef8506ce967551d95926669a6b7d2c2147b42eea4d7c68395e?s=96&d=mm&r=g\",\"url\":\"https:\\\/\\\/secure.gravatar.com\\\/avatar\\\/1072c6b775fb02ef8506ce967551d95926669a6b7d2c2147b42eea4d7c68395e?s=96&d=mm&r=g\",\"contentUrl\":\"https:\\\/\\\/secure.gravatar.com\\\/avatar\\\/1072c6b775fb02ef8506ce967551d95926669a6b7d2c2147b42eea4d7c68395e?s=96&d=mm&r=g\",\"caption\":\"Reda\u00e7\u00e3o\"},\"sameAs\":[\"https:\\\/\\\/transamerica93.com.br\\\/home\"],\"url\":\"https:\\\/\\\/transamerica93.com.br\\\/home\\\/author\\\/william\\\/\"}]}<\/script>\n<!-- \/ Yoast SEO plugin. -->","yoast_head_json":{"title":"O que Avril Lavigne acha da teoria que diz que ela morreu e foi substitu\u00edda por s\u00f3sia? Confira - Transam\u00e9rica Mococa 93,3","robots":{"index":"index","follow":"follow","max-snippet":"max-snippet:-1","max-image-preview":"max-image-preview:large","max-video-preview":"max-video-preview:-1"},"canonical":"https:\/\/transamerica93.com.br\/home\/o-que-avril-lavigne-acha-da-teoria-que-diz-que-ela-morreu-e-foi-substituida-por-sosia-confira\/","og_locale":"pt_BR","og_type":"article","og_title":"O que Avril Lavigne acha da teoria que diz que ela morreu e foi substitu\u00edda por s\u00f3sia? Confira - Transam\u00e9rica Mococa 93,3","og_description":"Por Gabriela Caputo &#8220;Avril Lavigne morreu e foi substitu\u00edda por uma s\u00f3sia&#8221;: eis uma das teorias da conspira\u00e7\u00e3o mais famosas do universo pop. A brincadeira surgiu na web h\u00e1 anos e, de vez em quando, ainda \u00e9 recuperada por adeptos, que juram colecionar evid\u00eancias. A cantora canadense, hoje com 39 anos, j\u00e1 comentou sobre a &hellip;","og_url":"https:\/\/transamerica93.com.br\/home\/o-que-avril-lavigne-acha-da-teoria-que-diz-que-ela-morreu-e-foi-substituida-por-sosia-confira\/","og_site_name":"Transam\u00e9rica Mococa 93,3","article_publisher":"https:\/\/www.facebook.com\/transamericamococa","article_published_time":"2024-05-20T18:00:14+00:00","og_image":[{"width":831,"height":552,"url":"https:\/\/transamerica93.com.br\/home\/wp-content\/uploads\/2024\/05\/imagem-17.jpg","type":"image\/jpeg"}],"author":"Reda\u00e7\u00e3o","twitter_card":"summary_large_image","twitter_creator":"@transamerica933","twitter_site":"@transamerica933","twitter_misc":{"Escrito por":"Reda\u00e7\u00e3o","Est. tempo de leitura":"2 minutos"},"schema":{"@context":"https:\/\/schema.org","@graph":[{"@type":"Article","@id":"https:\/\/transamerica93.com.br\/home\/o-que-avril-lavigne-acha-da-teoria-que-diz-que-ela-morreu-e-foi-substituida-por-sosia-confira\/#article","isPartOf":{"@id":"https:\/\/transamerica93.com.br\/home\/o-que-avril-lavigne-acha-da-teoria-que-diz-que-ela-morreu-e-foi-substituida-por-sosia-confira\/"},"author":{"name":"Reda\u00e7\u00e3o","@id":"https:\/\/transamerica93.com.br\/home\/#\/schema\/person\/7fed7c99c0d4562efa8561bc0f543172"},"headline":"O que Avril Lavigne acha da teoria que diz que ela morreu e foi substitu\u00edda por s\u00f3sia? Confira","datePublished":"2024-05-20T18:00:14+00:00","mainEntityOfPage":{"@id":"https:\/\/transamerica93.com.br\/home\/o-que-avril-lavigne-acha-da-teoria-que-diz-que-ela-morreu-e-foi-substituida-por-sosia-confira\/"},"wordCount":313,"publisher":{"@id":"https:\/\/transamerica93.com.br\/home\/#organization"},"image":{"@id":"https:\/\/transamerica93.com.br\/home\/o-que-avril-lavigne-acha-da-teoria-que-diz-que-ela-morreu-e-foi-substituida-por-sosia-confira\/#primaryimage"},"thumbnailUrl":"https:\/\/transamerica93.com.br\/home\/wp-content\/uploads\/2024\/05\/imagem-17.jpg","articleSection":["M\u00fasica"],"inLanguage":"pt-BR"},{"@type":"WebPage","@id":"https:\/\/transamerica93.com.br\/home\/o-que-avril-lavigne-acha-da-teoria-que-diz-que-ela-morreu-e-foi-substituida-por-sosia-confira\/","url":"https:\/\/transamerica93.com.br\/home\/o-que-avril-lavigne-acha-da-teoria-que-diz-que-ela-morreu-e-foi-substituida-por-sosia-confira\/","name":"O que Avril Lavigne acha da teoria que diz que ela morreu e foi substitu\u00edda por s\u00f3sia? Confira - Transam\u00e9rica Mococa 93,3","isPartOf":{"@id":"https:\/\/transamerica93.com.br\/home\/#website"},"primaryImageOfPage":{"@id":"https:\/\/transamerica93.com.br\/home\/o-que-avril-lavigne-acha-da-teoria-que-diz-que-ela-morreu-e-foi-substituida-por-sosia-confira\/#primaryimage"},"image":{"@id":"https:\/\/transamerica93.com.br\/home\/o-que-avril-lavigne-acha-da-teoria-que-diz-que-ela-morreu-e-foi-substituida-por-sosia-confira\/#primaryimage"},"thumbnailUrl":"https:\/\/transamerica93.com.br\/home\/wp-content\/uploads\/2024\/05\/imagem-17.jpg","datePublished":"2024-05-20T18:00:14+00:00","breadcrumb":{"@id":"https:\/\/transamerica93.com.br\/home\/o-que-avril-lavigne-acha-da-teoria-que-diz-que-ela-morreu-e-foi-substituida-por-sosia-confira\/#breadcrumb"},"inLanguage":"pt-BR","potentialAction":[{"@type":"ReadAction","target":["https:\/\/transamerica93.com.br\/home\/o-que-avril-lavigne-acha-da-teoria-que-diz-que-ela-morreu-e-foi-substituida-por-sosia-confira\/"]}]},{"@type":"ImageObject","inLanguage":"pt-BR","@id":"https:\/\/transamerica93.com.br\/home\/o-que-avril-lavigne-acha-da-teoria-que-diz-que-ela-morreu-e-foi-substituida-por-sosia-confira\/#primaryimage","url":"https:\/\/transamerica93.com.br\/home\/wp-content\/uploads\/2024\/05\/imagem-17.jpg","contentUrl":"https:\/\/transamerica93.com.br\/home\/wp-content\/uploads\/2024\/05\/imagem-17.jpg","width":831,"height":552,"caption":"Foto: Instagram @avrillavigne"},{"@type":"BreadcrumbList","@id":"https:\/\/transamerica93.com.br\/home\/o-que-avril-lavigne-acha-da-teoria-que-diz-que-ela-morreu-e-foi-substituida-por-sosia-confira\/#breadcrumb","itemListElement":[{"@type":"ListItem","position":1,"name":"In\u00edcio","item":"https:\/\/transamerica93.com.br\/home\/"},{"@type":"ListItem","position":2,"name":"O que Avril Lavigne acha da teoria que diz que ela morreu e foi substitu\u00edda por s\u00f3sia? Confira"}]},{"@type":"WebSite","@id":"https:\/\/transamerica93.com.br\/home\/#website","url":"https:\/\/transamerica93.com.br\/home\/","name":"Transam\u00e9rica Mococa 93,3","description":"","publisher":{"@id":"https:\/\/transamerica93.com.br\/home\/#organization"},"potentialAction":[{"@type":"SearchAction","target":{"@type":"EntryPoint","urlTemplate":"https:\/\/transamerica93.com.br\/home\/?s={search_term_string}"},"query-input":{"@type":"PropertyValueSpecification","valueRequired":true,"valueName":"search_term_string"}}],"inLanguage":"pt-BR"},{"@type":"Organization","@id":"https:\/\/transamerica93.com.br\/home\/#organization","name":"Transam\u00e9rica Mococa 93,3","url":"https:\/\/transamerica93.com.br\/home\/","logo":{"@type":"ImageObject","inLanguage":"pt-BR","@id":"https:\/\/transamerica93.com.br\/home\/#\/schema\/logo\/image\/","url":"https:\/\/transamerica93.com.br\/home\/wp-content\/uploads\/2023\/10\/logo2.png","contentUrl":"https:\/\/transamerica93.com.br\/home\/wp-content\/uploads\/2023\/10\/logo2.png","width":800,"height":500,"caption":"Transam\u00e9rica Mococa 93,3"},"image":{"@id":"https:\/\/transamerica93.com.br\/home\/#\/schema\/logo\/image\/"},"sameAs":["https:\/\/www.facebook.com\/transamericamococa","https:\/\/x.com\/transamerica933","https:\/\/www.instagram.com\/transamericamococa"]},{"@type":"Person","@id":"https:\/\/transamerica93.com.br\/home\/#\/schema\/person\/7fed7c99c0d4562efa8561bc0f543172","name":"Reda\u00e7\u00e3o","image":{"@type":"ImageObject","inLanguage":"pt-BR","@id":"https:\/\/secure.gravatar.com\/avatar\/1072c6b775fb02ef8506ce967551d95926669a6b7d2c2147b42eea4d7c68395e?s=96&d=mm&r=g","url":"https:\/\/secure.gravatar.com\/avatar\/1072c6b775fb02ef8506ce967551d95926669a6b7d2c2147b42eea4d7c68395e?s=96&d=mm&r=g","contentUrl":"https:\/\/secure.gravatar.com\/avatar\/1072c6b775fb02ef8506ce967551d95926669a6b7d2c2147b42eea4d7c68395e?s=96&d=mm&r=g","caption":"Reda\u00e7\u00e3o"},"sameAs":["https:\/\/transamerica93.com.br\/home"],"url":"https:\/\/transamerica93.com.br\/home\/author\/william\/"}]}},"_links":{"self":[{"href":"https:\/\/transamerica93.com.br\/home\/wp-json\/wp\/v2\/posts\/3141","targetHints":{"allow":["GET"]}}],"collection":[{"href":"https:\/\/transamerica93.com.br\/home\/wp-json\/wp\/v2\/posts"}],"about":[{"href":"https:\/\/transamerica93.com.br\/home\/wp-json\/wp\/v2\/types\/post"}],"author":[{"embeddable":true,"href":"https:\/\/transamerica93.com.br\/home\/wp-json\/wp\/v2\/users\/1"}],"replies":[{"embeddable":true,"href":"https:\/\/transamerica93.com.br\/home\/wp-json\/wp\/v2\/comments?post=3141"}],"version-history":[{"count":1,"href":"https:\/\/transamerica93.com.br\/home\/wp-json\/wp\/v2\/posts\/3141\/revisions"}],"predecessor-version":[{"id":3143,"href":"https:\/\/transamerica93.com.br\/home\/wp-json\/wp\/v2\/posts\/3141\/revisions\/3143"}],"wp:featuredmedia":[{"embeddable":true,"href":"https:\/\/transamerica93.com.br\/home\/wp-json\/wp\/v2\/media\/3142"}],"wp:attachment":[{"href":"https:\/\/transamerica93.com.br\/home\/wp-json\/wp\/v2\/media?parent=3141"}],"wp:term":[{"taxonomy":"category","embeddable":true,"href":"https:\/\/transamerica93.com.br\/home\/wp-json\/wp\/v2\/categories?post=3141"},{"taxonomy":"post_tag","embeddable":true,"href":"https:\/\/transamerica93.com.br\/home\/wp-json\/wp\/v2\/tags?post=3141"}],"curies":[{"name":"wp","href":"https:\/\/api.w.org\/{rel}","templated":true}]}}