{"id":3148,"date":"2024-05-22T15:00:21","date_gmt":"2024-05-22T18:00:21","guid":{"rendered":"https:\/\/transamerica93.com.br\/home\/?p=3148"},"modified":"2024-05-16T14:53:29","modified_gmt":"2024-05-16T17:53:29","slug":"andreas-kisser-fala-sobre-ida-de-eloy-casagrande-para-o-slipknot-foi-bem-esquisito","status":"publish","type":"post","link":"https:\/\/transamerica93.com.br\/home\/andreas-kisser-fala-sobre-ida-de-eloy-casagrande-para-o-slipknot-foi-bem-esquisito\/","title":{"rendered":"Andreas Kisser fala sobre ida de Eloy Casagrande para o Slipknot: &#8216;Foi bem esquisito&#8217;"},"content":{"rendered":"<p>Por Dora Guerra<\/p>\n<p>Em participa\u00e7\u00e3o no programa &#8216;Xablaw&#8217;, Andreas Kisser falou sobre o baterista Eloy Casagrande, que deixou o Sepultura para se juntar ao grupo Slipknot. Para ele, o movimento de carreira do baterista &#8220;foi bem esquisito&#8221;.<\/p>\n<p>&#8220;Ele anunciou que estava indo para o Slipknot, do nada. Ele falou no dia. L\u00f3gico que ele falou. Mas n\u00e3o era a nossa obriga\u00e7\u00e3o anunciar isso, n\u00e9? A gente n\u00e3o tem nada a ver com a hist\u00f3ria dele com a banda. Mas foi bem esquisito&#8221;, contou.<\/p>\n<p>O Sepultura est\u00e1 em sua turn\u00ea de despedida e teria Casagrande no elenco &#8211; contudo, o baterista saiu do grupo brasileiro e foi formalmente apresentado no Slipknot no dia 30 de abril.<\/p>\n<p>&#8220;O fato dele ir para o Slipknot \u00e9 normal, pela qualidade de baterista que ele tem. Pode tocar em qualquer banda do mundo&#8221;, acrescentou. &#8220;Mas acho que o momento e a maneira como ele escolheu fazer foi esquisita&#8221;, refor\u00e7ou.<\/p>\n<p>No lugar de Casagrande, o americano Greyson Nekrutman, de 21 anos, se juntou ao Sepultura. Ele era da banda Suicidal Tendencies.<\/p>\n<p>&#8220;Cada um \u00e9 livre para escolher o que fazer e como fazer, e arquem com as consequ\u00eancias. N\u00e3o podia ser melhor estar o Greyson aqui com a gente, acho que \u00e9 o esp\u00edrito que a gente precisava, de respeito \u00e0 hist\u00f3ria, aos f\u00e3s, aos ingressos que estavam sendo vendidos&#8221;, apontou Kisser.<\/p>\n<p>A not\u00edcia da sa\u00edda de Casagrande para o Slipknot foi pol\u00eamica e dividiu f\u00e3s das duas bandas. Em dezembro de 2023, o Sepultura anunciou sua turn\u00ea de despedida, com datas em quarenta pa\u00edses. O baterista estava inclu\u00eddo na data do an\u00fancio e, teoricamente, faria os shows junto do grupo.<\/p>\n<p>&#8220;A gente estava h\u00e1 dois anos discutindo esse planejamento [da turn\u00ea]&#8221;, lembrou Kisser. &#8220;O an\u00fancio foi feito no dia 8 de dezembro do ano passado, com o Eloy incluso. Em janeiro, a gente foi para uma feira de m\u00fasica no mesmo voo e ele n\u00e3o falou nada. Na volta, ele falou que estava fora&#8221;.<\/p>\n","protected":false},"excerpt":{"rendered":"<p>Por Dora Guerra Em participa\u00e7\u00e3o no programa &#8216;Xablaw&#8217;, Andreas Kisser falou sobre o baterista Eloy Casagrande, que deixou o Sepultura para se juntar ao grupo Slipknot. Para ele, o movimento de carreira do baterista &#8220;foi bem esquisito&#8221;. &#8220;Ele anunciou que estava indo para o Slipknot, do nada. Ele falou no dia. L\u00f3gico que ele falou. &hellip;<\/p>\n","protected":false},"author":1,"featured_media":3149,"comment_status":"closed","ping_status":"closed","sticky":false,"template":"","format":"standard","meta":{"footnotes":""},"categories":[25],"tags":[],"class_list":["post-3148","post","type-post","status-publish","format-standard","has-post-thumbnail","hentry","category-musica"],"yoast_head":"<!-- This site is optimized with the Yoast SEO plugin v27.4 - https:\/\/yoast.com\/product\/yoast-seo-wordpress\/ -->\n<title>Andreas Kisser fala sobre ida de Eloy Casagrande para o Slipknot: &#039;Foi bem esquisito&#039; - Transam\u00e9rica Mococa 93,3<\/title>\n<meta name=\"robots\" content=\"index, follow, max-snippet:-1, max-image-preview:large, max-video-preview:-1\" \/>\n<link rel=\"canonical\" href=\"https:\/\/transamerica93.com.br\/home\/andreas-kisser-fala-sobre-ida-de-eloy-casagrande-para-o-slipknot-foi-bem-esquisito\/\" \/>\n<meta property=\"og:locale\" content=\"pt_BR\" \/>\n<meta property=\"og:type\" content=\"article\" \/>\n<meta property=\"og:title\" content=\"Andreas Kisser fala sobre ida de Eloy Casagrande para o Slipknot: &#039;Foi bem esquisito&#039; - Transam\u00e9rica Mococa 93,3\" \/>\n<meta property=\"og:description\" content=\"Por Dora Guerra Em participa\u00e7\u00e3o no programa &#8216;Xablaw&#8217;, Andreas Kisser falou sobre o baterista Eloy Casagrande, que deixou o Sepultura para se juntar ao grupo Slipknot. Para ele, o movimento de carreira do baterista &#8220;foi bem esquisito&#8221;. &#8220;Ele anunciou que estava indo para o Slipknot, do nada. Ele falou no dia. L\u00f3gico que ele falou. &hellip;\" \/>\n<meta property=\"og:url\" content=\"https:\/\/transamerica93.com.br\/home\/andreas-kisser-fala-sobre-ida-de-eloy-casagrande-para-o-slipknot-foi-bem-esquisito\/\" \/>\n<meta property=\"og:site_name\" content=\"Transam\u00e9rica Mococa 93,3\" \/>\n<meta property=\"article:publisher\" content=\"https:\/\/www.facebook.com\/transamericamococa\" \/>\n<meta property=\"article:published_time\" content=\"2024-05-22T18:00:21+00:00\" \/>\n<meta property=\"og:image\" content=\"https:\/\/transamerica93.com.br\/home\/wp-content\/uploads\/2024\/05\/imagem-19.jpg\" \/>\n\t<meta property=\"og:image:width\" content=\"800\" \/>\n\t<meta property=\"og:image:height\" content=\"500\" \/>\n\t<meta property=\"og:image:type\" content=\"image\/jpeg\" \/>\n<meta name=\"author\" content=\"Reda\u00e7\u00e3o\" \/>\n<meta name=\"twitter:card\" content=\"summary_large_image\" \/>\n<meta name=\"twitter:creator\" content=\"@transamerica933\" \/>\n<meta name=\"twitter:site\" content=\"@transamerica933\" \/>\n<meta name=\"twitter:label1\" content=\"Escrito por\" \/>\n\t<meta name=\"twitter:data1\" content=\"Reda\u00e7\u00e3o\" \/>\n\t<meta name=\"twitter:label2\" content=\"Est. tempo de leitura\" \/>\n\t<meta name=\"twitter:data2\" content=\"3 minutos\" \/>\n<script type=\"application\/ld+json\" class=\"yoast-schema-graph\">{\"@context\":\"https:\\\/\\\/schema.org\",\"@graph\":[{\"@type\":\"Article\",\"@id\":\"https:\\\/\\\/transamerica93.com.br\\\/home\\\/andreas-kisser-fala-sobre-ida-de-eloy-casagrande-para-o-slipknot-foi-bem-esquisito\\\/#article\",\"isPartOf\":{\"@id\":\"https:\\\/\\\/transamerica93.com.br\\\/home\\\/andreas-kisser-fala-sobre-ida-de-eloy-casagrande-para-o-slipknot-foi-bem-esquisito\\\/\"},\"author\":{\"name\":\"Reda\u00e7\u00e3o\",\"@id\":\"https:\\\/\\\/transamerica93.com.br\\\/home\\\/#\\\/schema\\\/person\\\/7fed7c99c0d4562efa8561bc0f543172\"},\"headline\":\"Andreas Kisser fala sobre ida de Eloy Casagrande para o Slipknot: &#8216;Foi bem esquisito&#8217;\",\"datePublished\":\"2024-05-22T18:00:21+00:00\",\"mainEntityOfPage\":{\"@id\":\"https:\\\/\\\/transamerica93.com.br\\\/home\\\/andreas-kisser-fala-sobre-ida-de-eloy-casagrande-para-o-slipknot-foi-bem-esquisito\\\/\"},\"wordCount\":357,\"publisher\":{\"@id\":\"https:\\\/\\\/transamerica93.com.br\\\/home\\\/#organization\"},\"image\":{\"@id\":\"https:\\\/\\\/transamerica93.com.br\\\/home\\\/andreas-kisser-fala-sobre-ida-de-eloy-casagrande-para-o-slipknot-foi-bem-esquisito\\\/#primaryimage\"},\"thumbnailUrl\":\"https:\\\/\\\/transamerica93.com.br\\\/home\\\/wp-content\\\/uploads\\\/2024\\\/05\\\/imagem-19.jpg\",\"articleSection\":[\"M\u00fasica\"],\"inLanguage\":\"pt-BR\"},{\"@type\":\"WebPage\",\"@id\":\"https:\\\/\\\/transamerica93.com.br\\\/home\\\/andreas-kisser-fala-sobre-ida-de-eloy-casagrande-para-o-slipknot-foi-bem-esquisito\\\/\",\"url\":\"https:\\\/\\\/transamerica93.com.br\\\/home\\\/andreas-kisser-fala-sobre-ida-de-eloy-casagrande-para-o-slipknot-foi-bem-esquisito\\\/\",\"name\":\"Andreas Kisser fala sobre ida de Eloy Casagrande para o Slipknot: 'Foi bem esquisito' - Transam\u00e9rica Mococa 93,3\",\"isPartOf\":{\"@id\":\"https:\\\/\\\/transamerica93.com.br\\\/home\\\/#website\"},\"primaryImageOfPage\":{\"@id\":\"https:\\\/\\\/transamerica93.com.br\\\/home\\\/andreas-kisser-fala-sobre-ida-de-eloy-casagrande-para-o-slipknot-foi-bem-esquisito\\\/#primaryimage\"},\"image\":{\"@id\":\"https:\\\/\\\/transamerica93.com.br\\\/home\\\/andreas-kisser-fala-sobre-ida-de-eloy-casagrande-para-o-slipknot-foi-bem-esquisito\\\/#primaryimage\"},\"thumbnailUrl\":\"https:\\\/\\\/transamerica93.com.br\\\/home\\\/wp-content\\\/uploads\\\/2024\\\/05\\\/imagem-19.jpg\",\"datePublished\":\"2024-05-22T18:00:21+00:00\",\"breadcrumb\":{\"@id\":\"https:\\\/\\\/transamerica93.com.br\\\/home\\\/andreas-kisser-fala-sobre-ida-de-eloy-casagrande-para-o-slipknot-foi-bem-esquisito\\\/#breadcrumb\"},\"inLanguage\":\"pt-BR\",\"potentialAction\":[{\"@type\":\"ReadAction\",\"target\":[\"https:\\\/\\\/transamerica93.com.br\\\/home\\\/andreas-kisser-fala-sobre-ida-de-eloy-casagrande-para-o-slipknot-foi-bem-esquisito\\\/\"]}]},{\"@type\":\"ImageObject\",\"inLanguage\":\"pt-BR\",\"@id\":\"https:\\\/\\\/transamerica93.com.br\\\/home\\\/andreas-kisser-fala-sobre-ida-de-eloy-casagrande-para-o-slipknot-foi-bem-esquisito\\\/#primaryimage\",\"url\":\"https:\\\/\\\/transamerica93.com.br\\\/home\\\/wp-content\\\/uploads\\\/2024\\\/05\\\/imagem-19.jpg\",\"contentUrl\":\"https:\\\/\\\/transamerica93.com.br\\\/home\\\/wp-content\\\/uploads\\\/2024\\\/05\\\/imagem-19.jpg\",\"width\":800,\"height\":500,\"caption\":\"Cr\u00e9dito: Gustavo Diakov \\\/ @xchicanox\"},{\"@type\":\"BreadcrumbList\",\"@id\":\"https:\\\/\\\/transamerica93.com.br\\\/home\\\/andreas-kisser-fala-sobre-ida-de-eloy-casagrande-para-o-slipknot-foi-bem-esquisito\\\/#breadcrumb\",\"itemListElement\":[{\"@type\":\"ListItem\",\"position\":1,\"name\":\"In\u00edcio\",\"item\":\"https:\\\/\\\/transamerica93.com.br\\\/home\\\/\"},{\"@type\":\"ListItem\",\"position\":2,\"name\":\"Andreas Kisser fala sobre ida de Eloy Casagrande para o Slipknot: &#8216;Foi bem esquisito&#8217;\"}]},{\"@type\":\"WebSite\",\"@id\":\"https:\\\/\\\/transamerica93.com.br\\\/home\\\/#website\",\"url\":\"https:\\\/\\\/transamerica93.com.br\\\/home\\\/\",\"name\":\"Transam\u00e9rica Mococa 93,3\",\"description\":\"\",\"publisher\":{\"@id\":\"https:\\\/\\\/transamerica93.com.br\\\/home\\\/#organization\"},\"potentialAction\":[{\"@type\":\"SearchAction\",\"target\":{\"@type\":\"EntryPoint\",\"urlTemplate\":\"https:\\\/\\\/transamerica93.com.br\\\/home\\\/?s={search_term_string}\"},\"query-input\":{\"@type\":\"PropertyValueSpecification\",\"valueRequired\":true,\"valueName\":\"search_term_string\"}}],\"inLanguage\":\"pt-BR\"},{\"@type\":\"Organization\",\"@id\":\"https:\\\/\\\/transamerica93.com.br\\\/home\\\/#organization\",\"name\":\"Transam\u00e9rica Mococa 93,3\",\"url\":\"https:\\\/\\\/transamerica93.com.br\\\/home\\\/\",\"logo\":{\"@type\":\"ImageObject\",\"inLanguage\":\"pt-BR\",\"@id\":\"https:\\\/\\\/transamerica93.com.br\\\/home\\\/#\\\/schema\\\/logo\\\/image\\\/\",\"url\":\"https:\\\/\\\/transamerica93.com.br\\\/home\\\/wp-content\\\/uploads\\\/2023\\\/10\\\/logo2.png\",\"contentUrl\":\"https:\\\/\\\/transamerica93.com.br\\\/home\\\/wp-content\\\/uploads\\\/2023\\\/10\\\/logo2.png\",\"width\":800,\"height\":500,\"caption\":\"Transam\u00e9rica Mococa 93,3\"},\"image\":{\"@id\":\"https:\\\/\\\/transamerica93.com.br\\\/home\\\/#\\\/schema\\\/logo\\\/image\\\/\"},\"sameAs\":[\"https:\\\/\\\/www.facebook.com\\\/transamericamococa\",\"https:\\\/\\\/x.com\\\/transamerica933\",\"https:\\\/\\\/www.instagram.com\\\/transamericamococa\"]},{\"@type\":\"Person\",\"@id\":\"https:\\\/\\\/transamerica93.com.br\\\/home\\\/#\\\/schema\\\/person\\\/7fed7c99c0d4562efa8561bc0f543172\",\"name\":\"Reda\u00e7\u00e3o\",\"image\":{\"@type\":\"ImageObject\",\"inLanguage\":\"pt-BR\",\"@id\":\"https:\\\/\\\/secure.gravatar.com\\\/avatar\\\/1072c6b775fb02ef8506ce967551d95926669a6b7d2c2147b42eea4d7c68395e?s=96&d=mm&r=g\",\"url\":\"https:\\\/\\\/secure.gravatar.com\\\/avatar\\\/1072c6b775fb02ef8506ce967551d95926669a6b7d2c2147b42eea4d7c68395e?s=96&d=mm&r=g\",\"contentUrl\":\"https:\\\/\\\/secure.gravatar.com\\\/avatar\\\/1072c6b775fb02ef8506ce967551d95926669a6b7d2c2147b42eea4d7c68395e?s=96&d=mm&r=g\",\"caption\":\"Reda\u00e7\u00e3o\"},\"sameAs\":[\"https:\\\/\\\/transamerica93.com.br\\\/home\"],\"url\":\"https:\\\/\\\/transamerica93.com.br\\\/home\\\/author\\\/william\\\/\"}]}<\/script>\n<!-- \/ Yoast SEO plugin. -->","yoast_head_json":{"title":"Andreas Kisser fala sobre ida de Eloy Casagrande para o Slipknot: 'Foi bem esquisito' - Transam\u00e9rica Mococa 93,3","robots":{"index":"index","follow":"follow","max-snippet":"max-snippet:-1","max-image-preview":"max-image-preview:large","max-video-preview":"max-video-preview:-1"},"canonical":"https:\/\/transamerica93.com.br\/home\/andreas-kisser-fala-sobre-ida-de-eloy-casagrande-para-o-slipknot-foi-bem-esquisito\/","og_locale":"pt_BR","og_type":"article","og_title":"Andreas Kisser fala sobre ida de Eloy Casagrande para o Slipknot: 'Foi bem esquisito' - Transam\u00e9rica Mococa 93,3","og_description":"Por Dora Guerra Em participa\u00e7\u00e3o no programa &#8216;Xablaw&#8217;, Andreas Kisser falou sobre o baterista Eloy Casagrande, que deixou o Sepultura para se juntar ao grupo Slipknot. Para ele, o movimento de carreira do baterista &#8220;foi bem esquisito&#8221;. &#8220;Ele anunciou que estava indo para o Slipknot, do nada. Ele falou no dia. L\u00f3gico que ele falou. &hellip;","og_url":"https:\/\/transamerica93.com.br\/home\/andreas-kisser-fala-sobre-ida-de-eloy-casagrande-para-o-slipknot-foi-bem-esquisito\/","og_site_name":"Transam\u00e9rica Mococa 93,3","article_publisher":"https:\/\/www.facebook.com\/transamericamococa","article_published_time":"2024-05-22T18:00:21+00:00","og_image":[{"width":800,"height":500,"url":"https:\/\/transamerica93.com.br\/home\/wp-content\/uploads\/2024\/05\/imagem-19.jpg","type":"image\/jpeg"}],"author":"Reda\u00e7\u00e3o","twitter_card":"summary_large_image","twitter_creator":"@transamerica933","twitter_site":"@transamerica933","twitter_misc":{"Escrito por":"Reda\u00e7\u00e3o","Est. tempo de leitura":"3 minutos"},"schema":{"@context":"https:\/\/schema.org","@graph":[{"@type":"Article","@id":"https:\/\/transamerica93.com.br\/home\/andreas-kisser-fala-sobre-ida-de-eloy-casagrande-para-o-slipknot-foi-bem-esquisito\/#article","isPartOf":{"@id":"https:\/\/transamerica93.com.br\/home\/andreas-kisser-fala-sobre-ida-de-eloy-casagrande-para-o-slipknot-foi-bem-esquisito\/"},"author":{"name":"Reda\u00e7\u00e3o","@id":"https:\/\/transamerica93.com.br\/home\/#\/schema\/person\/7fed7c99c0d4562efa8561bc0f543172"},"headline":"Andreas Kisser fala sobre ida de Eloy Casagrande para o Slipknot: &#8216;Foi bem esquisito&#8217;","datePublished":"2024-05-22T18:00:21+00:00","mainEntityOfPage":{"@id":"https:\/\/transamerica93.com.br\/home\/andreas-kisser-fala-sobre-ida-de-eloy-casagrande-para-o-slipknot-foi-bem-esquisito\/"},"wordCount":357,"publisher":{"@id":"https:\/\/transamerica93.com.br\/home\/#organization"},"image":{"@id":"https:\/\/transamerica93.com.br\/home\/andreas-kisser-fala-sobre-ida-de-eloy-casagrande-para-o-slipknot-foi-bem-esquisito\/#primaryimage"},"thumbnailUrl":"https:\/\/transamerica93.com.br\/home\/wp-content\/uploads\/2024\/05\/imagem-19.jpg","articleSection":["M\u00fasica"],"inLanguage":"pt-BR"},{"@type":"WebPage","@id":"https:\/\/transamerica93.com.br\/home\/andreas-kisser-fala-sobre-ida-de-eloy-casagrande-para-o-slipknot-foi-bem-esquisito\/","url":"https:\/\/transamerica93.com.br\/home\/andreas-kisser-fala-sobre-ida-de-eloy-casagrande-para-o-slipknot-foi-bem-esquisito\/","name":"Andreas Kisser fala sobre ida de Eloy Casagrande para o Slipknot: 'Foi bem esquisito' - Transam\u00e9rica Mococa 93,3","isPartOf":{"@id":"https:\/\/transamerica93.com.br\/home\/#website"},"primaryImageOfPage":{"@id":"https:\/\/transamerica93.com.br\/home\/andreas-kisser-fala-sobre-ida-de-eloy-casagrande-para-o-slipknot-foi-bem-esquisito\/#primaryimage"},"image":{"@id":"https:\/\/transamerica93.com.br\/home\/andreas-kisser-fala-sobre-ida-de-eloy-casagrande-para-o-slipknot-foi-bem-esquisito\/#primaryimage"},"thumbnailUrl":"https:\/\/transamerica93.com.br\/home\/wp-content\/uploads\/2024\/05\/imagem-19.jpg","datePublished":"2024-05-22T18:00:21+00:00","breadcrumb":{"@id":"https:\/\/transamerica93.com.br\/home\/andreas-kisser-fala-sobre-ida-de-eloy-casagrande-para-o-slipknot-foi-bem-esquisito\/#breadcrumb"},"inLanguage":"pt-BR","potentialAction":[{"@type":"ReadAction","target":["https:\/\/transamerica93.com.br\/home\/andreas-kisser-fala-sobre-ida-de-eloy-casagrande-para-o-slipknot-foi-bem-esquisito\/"]}]},{"@type":"ImageObject","inLanguage":"pt-BR","@id":"https:\/\/transamerica93.com.br\/home\/andreas-kisser-fala-sobre-ida-de-eloy-casagrande-para-o-slipknot-foi-bem-esquisito\/#primaryimage","url":"https:\/\/transamerica93.com.br\/home\/wp-content\/uploads\/2024\/05\/imagem-19.jpg","contentUrl":"https:\/\/transamerica93.com.br\/home\/wp-content\/uploads\/2024\/05\/imagem-19.jpg","width":800,"height":500,"caption":"Cr\u00e9dito: Gustavo Diakov \/ @xchicanox"},{"@type":"BreadcrumbList","@id":"https:\/\/transamerica93.com.br\/home\/andreas-kisser-fala-sobre-ida-de-eloy-casagrande-para-o-slipknot-foi-bem-esquisito\/#breadcrumb","itemListElement":[{"@type":"ListItem","position":1,"name":"In\u00edcio","item":"https:\/\/transamerica93.com.br\/home\/"},{"@type":"ListItem","position":2,"name":"Andreas Kisser fala sobre ida de Eloy Casagrande para o Slipknot: &#8216;Foi bem esquisito&#8217;"}]},{"@type":"WebSite","@id":"https:\/\/transamerica93.com.br\/home\/#website","url":"https:\/\/transamerica93.com.br\/home\/","name":"Transam\u00e9rica Mococa 93,3","description":"","publisher":{"@id":"https:\/\/transamerica93.com.br\/home\/#organization"},"potentialAction":[{"@type":"SearchAction","target":{"@type":"EntryPoint","urlTemplate":"https:\/\/transamerica93.com.br\/home\/?s={search_term_string}"},"query-input":{"@type":"PropertyValueSpecification","valueRequired":true,"valueName":"search_term_string"}}],"inLanguage":"pt-BR"},{"@type":"Organization","@id":"https:\/\/transamerica93.com.br\/home\/#organization","name":"Transam\u00e9rica Mococa 93,3","url":"https:\/\/transamerica93.com.br\/home\/","logo":{"@type":"ImageObject","inLanguage":"pt-BR","@id":"https:\/\/transamerica93.com.br\/home\/#\/schema\/logo\/image\/","url":"https:\/\/transamerica93.com.br\/home\/wp-content\/uploads\/2023\/10\/logo2.png","contentUrl":"https:\/\/transamerica93.com.br\/home\/wp-content\/uploads\/2023\/10\/logo2.png","width":800,"height":500,"caption":"Transam\u00e9rica Mococa 93,3"},"image":{"@id":"https:\/\/transamerica93.com.br\/home\/#\/schema\/logo\/image\/"},"sameAs":["https:\/\/www.facebook.com\/transamericamococa","https:\/\/x.com\/transamerica933","https:\/\/www.instagram.com\/transamericamococa"]},{"@type":"Person","@id":"https:\/\/transamerica93.com.br\/home\/#\/schema\/person\/7fed7c99c0d4562efa8561bc0f543172","name":"Reda\u00e7\u00e3o","image":{"@type":"ImageObject","inLanguage":"pt-BR","@id":"https:\/\/secure.gravatar.com\/avatar\/1072c6b775fb02ef8506ce967551d95926669a6b7d2c2147b42eea4d7c68395e?s=96&d=mm&r=g","url":"https:\/\/secure.gravatar.com\/avatar\/1072c6b775fb02ef8506ce967551d95926669a6b7d2c2147b42eea4d7c68395e?s=96&d=mm&r=g","contentUrl":"https:\/\/secure.gravatar.com\/avatar\/1072c6b775fb02ef8506ce967551d95926669a6b7d2c2147b42eea4d7c68395e?s=96&d=mm&r=g","caption":"Reda\u00e7\u00e3o"},"sameAs":["https:\/\/transamerica93.com.br\/home"],"url":"https:\/\/transamerica93.com.br\/home\/author\/william\/"}]}},"_links":{"self":[{"href":"https:\/\/transamerica93.com.br\/home\/wp-json\/wp\/v2\/posts\/3148","targetHints":{"allow":["GET"]}}],"collection":[{"href":"https:\/\/transamerica93.com.br\/home\/wp-json\/wp\/v2\/posts"}],"about":[{"href":"https:\/\/transamerica93.com.br\/home\/wp-json\/wp\/v2\/types\/post"}],"author":[{"embeddable":true,"href":"https:\/\/transamerica93.com.br\/home\/wp-json\/wp\/v2\/users\/1"}],"replies":[{"embeddable":true,"href":"https:\/\/transamerica93.com.br\/home\/wp-json\/wp\/v2\/comments?post=3148"}],"version-history":[{"count":1,"href":"https:\/\/transamerica93.com.br\/home\/wp-json\/wp\/v2\/posts\/3148\/revisions"}],"predecessor-version":[{"id":3150,"href":"https:\/\/transamerica93.com.br\/home\/wp-json\/wp\/v2\/posts\/3148\/revisions\/3150"}],"wp:featuredmedia":[{"embeddable":true,"href":"https:\/\/transamerica93.com.br\/home\/wp-json\/wp\/v2\/media\/3149"}],"wp:attachment":[{"href":"https:\/\/transamerica93.com.br\/home\/wp-json\/wp\/v2\/media?parent=3148"}],"wp:term":[{"taxonomy":"category","embeddable":true,"href":"https:\/\/transamerica93.com.br\/home\/wp-json\/wp\/v2\/categories?post=3148"},{"taxonomy":"post_tag","embeddable":true,"href":"https:\/\/transamerica93.com.br\/home\/wp-json\/wp\/v2\/tags?post=3148"}],"curies":[{"name":"wp","href":"https:\/\/api.w.org\/{rel}","templated":true}]}}