{"id":3157,"date":"2024-05-20T18:00:06","date_gmt":"2024-05-20T21:00:06","guid":{"rendered":"https:\/\/transamerica93.com.br\/home\/?p=3157"},"modified":"2024-05-16T15:00:43","modified_gmt":"2024-05-16T18:00:43","slug":"wanessa-camargo-revela-que-se-libertou-da-propria-imagem-apos-o-bbb-24-leia","status":"publish","type":"post","link":"https:\/\/transamerica93.com.br\/home\/wanessa-camargo-revela-que-se-libertou-da-propria-imagem-apos-o-bbb-24-leia\/","title":{"rendered":"Wanessa Camargo revela que se libertou da pr\u00f3pria imagem ap\u00f3s o BBB 24, leia"},"content":{"rendered":"<h6 class=\"Assina\">Por Valentina Rosa<\/h6>\n<p>O &#8216;Big Brother Brasil 24&#8217;, impactou muito a vida de Wanessa Camargo, tanto pessoal como profissionalmente. A cantora revelou, em entrevista a revista\u00a0<i>Quem<\/i>, que se desprendeu da pr\u00f3pria imagem ap\u00f3s sua participa\u00e7\u00e3o no reality.<\/p>\n<p>&#8220;\u00c9 uma experi\u00eancia muito diferente de qualquer coisa que voc\u00ea viver na vida. Voc\u00ea passa por uma exposi\u00e7\u00e3o que n\u00e3o existe igual Acordar com remela no olho, como acordei, e fazer um raio-X&#8221;, explicou, referindo-se ao v\u00eddeo que os participantes t\u00eam de gravar todas as manh\u00e3s durante o per\u00edodo de confinamento.<\/p>\n<p>A filha de Zez\u00e9 Di Camargo disse que aprendeu com o programa a n\u00e3o se importar mais em exibir suas vulnerabilidades perante o p\u00fablico. &#8220;Foi muito bom por um lado, por exemplo, tinha muita vergonha de fazer v\u00eddeos se n\u00e3o estivesse maquiada, arrumada. Depois dos meus raio-X todos os dias, do jeito que fiz, vou fazer o qu\u00ea?&#8221;, justificou.<\/p>\n<p>&#8220;Fui l\u00e1 sem maquiagem, com meus melasmas lindos aparecendo. Teve um dia que eu estava borrada de r\u00edmel da festa, porque eu n\u00e3o tinha nem dormido, a\u00ed agora vou sair e falar: &#8216;Agora sou maquiada?&#8217;. N\u00e3o. Voc\u00ea ficou 50 dias ali um horror naquele raio-X&#8221;, completou.<\/p>\n<p>Por fim, Wanessa refor\u00e7ou que o BBB 24 lhe ajudou a repensar algumas quest\u00f5es, principalmente as ligadas \u00e0 sua imagem &#8220;perfeitinha&#8221;. &#8220;Me libertou da minha pr\u00f3pria imagem, de olhar e entender que n\u00e3o preciso estar o tempo inteiro impec\u00e1vel, uma boneca, e mostrar mais a realidade. Isso mudou bastante. \u00c9 uma experi\u00eancia que te muda por completo. Faz repensar muito na vida&#8221;.<\/p>\n","protected":false},"excerpt":{"rendered":"<p>Por Valentina Rosa O &#8216;Big Brother Brasil 24&#8217;, impactou muito a vida de Wanessa Camargo, tanto pessoal como profissionalmente. A cantora revelou, em entrevista a revista\u00a0Quem, que se desprendeu da pr\u00f3pria imagem ap\u00f3s sua participa\u00e7\u00e3o no reality. &#8220;\u00c9 uma experi\u00eancia muito diferente de qualquer coisa que voc\u00ea viver na vida. Voc\u00ea passa por uma exposi\u00e7\u00e3o &hellip;<\/p>\n","protected":false},"author":1,"featured_media":3158,"comment_status":"closed","ping_status":"closed","sticky":false,"template":"","format":"standard","meta":{"footnotes":""},"categories":[24],"tags":[],"class_list":["post-3157","post","type-post","status-publish","format-standard","has-post-thumbnail","hentry","category-entretenimento"],"yoast_head":"<!-- This site is optimized with the Yoast SEO plugin v27.4 - https:\/\/yoast.com\/product\/yoast-seo-wordpress\/ -->\n<title>Wanessa Camargo revela que se libertou da pr\u00f3pria imagem ap\u00f3s o BBB 24, leia - Transam\u00e9rica Mococa 93,3<\/title>\n<meta name=\"robots\" content=\"index, follow, max-snippet:-1, max-image-preview:large, max-video-preview:-1\" \/>\n<link rel=\"canonical\" href=\"https:\/\/transamerica93.com.br\/home\/wanessa-camargo-revela-que-se-libertou-da-propria-imagem-apos-o-bbb-24-leia\/\" \/>\n<meta property=\"og:locale\" content=\"pt_BR\" \/>\n<meta property=\"og:type\" content=\"article\" \/>\n<meta property=\"og:title\" content=\"Wanessa Camargo revela que se libertou da pr\u00f3pria imagem ap\u00f3s o BBB 24, leia - Transam\u00e9rica Mococa 93,3\" \/>\n<meta property=\"og:description\" content=\"Por Valentina Rosa O &#8216;Big Brother Brasil 24&#8217;, impactou muito a vida de Wanessa Camargo, tanto pessoal como profissionalmente. A cantora revelou, em entrevista a revista\u00a0Quem, que se desprendeu da pr\u00f3pria imagem ap\u00f3s sua participa\u00e7\u00e3o no reality. &#8220;\u00c9 uma experi\u00eancia muito diferente de qualquer coisa que voc\u00ea viver na vida. Voc\u00ea passa por uma exposi\u00e7\u00e3o &hellip;\" \/>\n<meta property=\"og:url\" content=\"https:\/\/transamerica93.com.br\/home\/wanessa-camargo-revela-que-se-libertou-da-propria-imagem-apos-o-bbb-24-leia\/\" \/>\n<meta property=\"og:site_name\" content=\"Transam\u00e9rica Mococa 93,3\" \/>\n<meta property=\"article:publisher\" content=\"https:\/\/www.facebook.com\/transamericamococa\" \/>\n<meta property=\"article:published_time\" content=\"2024-05-20T21:00:06+00:00\" \/>\n<meta property=\"og:image\" content=\"https:\/\/transamerica93.com.br\/home\/wp-content\/uploads\/2024\/05\/imagem-21.jpg\" \/>\n\t<meta property=\"og:image:width\" content=\"731\" \/>\n\t<meta property=\"og:image:height\" content=\"469\" \/>\n\t<meta property=\"og:image:type\" content=\"image\/jpeg\" \/>\n<meta name=\"author\" content=\"Reda\u00e7\u00e3o\" \/>\n<meta name=\"twitter:card\" content=\"summary_large_image\" \/>\n<meta name=\"twitter:creator\" content=\"@transamerica933\" \/>\n<meta name=\"twitter:site\" content=\"@transamerica933\" \/>\n<meta name=\"twitter:label1\" content=\"Escrito por\" \/>\n\t<meta name=\"twitter:data1\" content=\"Reda\u00e7\u00e3o\" \/>\n\t<meta name=\"twitter:label2\" content=\"Est. tempo de leitura\" \/>\n\t<meta name=\"twitter:data2\" content=\"2 minutos\" \/>\n<script type=\"application\/ld+json\" class=\"yoast-schema-graph\">{\"@context\":\"https:\\\/\\\/schema.org\",\"@graph\":[{\"@type\":\"Article\",\"@id\":\"https:\\\/\\\/transamerica93.com.br\\\/home\\\/wanessa-camargo-revela-que-se-libertou-da-propria-imagem-apos-o-bbb-24-leia\\\/#article\",\"isPartOf\":{\"@id\":\"https:\\\/\\\/transamerica93.com.br\\\/home\\\/wanessa-camargo-revela-que-se-libertou-da-propria-imagem-apos-o-bbb-24-leia\\\/\"},\"author\":{\"name\":\"Reda\u00e7\u00e3o\",\"@id\":\"https:\\\/\\\/transamerica93.com.br\\\/home\\\/#\\\/schema\\\/person\\\/7fed7c99c0d4562efa8561bc0f543172\"},\"headline\":\"Wanessa Camargo revela que se libertou da pr\u00f3pria imagem ap\u00f3s o BBB 24, leia\",\"datePublished\":\"2024-05-20T21:00:06+00:00\",\"mainEntityOfPage\":{\"@id\":\"https:\\\/\\\/transamerica93.com.br\\\/home\\\/wanessa-camargo-revela-que-se-libertou-da-propria-imagem-apos-o-bbb-24-leia\\\/\"},\"wordCount\":288,\"publisher\":{\"@id\":\"https:\\\/\\\/transamerica93.com.br\\\/home\\\/#organization\"},\"image\":{\"@id\":\"https:\\\/\\\/transamerica93.com.br\\\/home\\\/wanessa-camargo-revela-que-se-libertou-da-propria-imagem-apos-o-bbb-24-leia\\\/#primaryimage\"},\"thumbnailUrl\":\"https:\\\/\\\/transamerica93.com.br\\\/home\\\/wp-content\\\/uploads\\\/2024\\\/05\\\/imagem-21.jpg\",\"articleSection\":[\"Entretenimento\"],\"inLanguage\":\"pt-BR\"},{\"@type\":\"WebPage\",\"@id\":\"https:\\\/\\\/transamerica93.com.br\\\/home\\\/wanessa-camargo-revela-que-se-libertou-da-propria-imagem-apos-o-bbb-24-leia\\\/\",\"url\":\"https:\\\/\\\/transamerica93.com.br\\\/home\\\/wanessa-camargo-revela-que-se-libertou-da-propria-imagem-apos-o-bbb-24-leia\\\/\",\"name\":\"Wanessa Camargo revela que se libertou da pr\u00f3pria imagem ap\u00f3s o BBB 24, leia - Transam\u00e9rica Mococa 93,3\",\"isPartOf\":{\"@id\":\"https:\\\/\\\/transamerica93.com.br\\\/home\\\/#website\"},\"primaryImageOfPage\":{\"@id\":\"https:\\\/\\\/transamerica93.com.br\\\/home\\\/wanessa-camargo-revela-que-se-libertou-da-propria-imagem-apos-o-bbb-24-leia\\\/#primaryimage\"},\"image\":{\"@id\":\"https:\\\/\\\/transamerica93.com.br\\\/home\\\/wanessa-camargo-revela-que-se-libertou-da-propria-imagem-apos-o-bbb-24-leia\\\/#primaryimage\"},\"thumbnailUrl\":\"https:\\\/\\\/transamerica93.com.br\\\/home\\\/wp-content\\\/uploads\\\/2024\\\/05\\\/imagem-21.jpg\",\"datePublished\":\"2024-05-20T21:00:06+00:00\",\"breadcrumb\":{\"@id\":\"https:\\\/\\\/transamerica93.com.br\\\/home\\\/wanessa-camargo-revela-que-se-libertou-da-propria-imagem-apos-o-bbb-24-leia\\\/#breadcrumb\"},\"inLanguage\":\"pt-BR\",\"potentialAction\":[{\"@type\":\"ReadAction\",\"target\":[\"https:\\\/\\\/transamerica93.com.br\\\/home\\\/wanessa-camargo-revela-que-se-libertou-da-propria-imagem-apos-o-bbb-24-leia\\\/\"]}]},{\"@type\":\"ImageObject\",\"inLanguage\":\"pt-BR\",\"@id\":\"https:\\\/\\\/transamerica93.com.br\\\/home\\\/wanessa-camargo-revela-que-se-libertou-da-propria-imagem-apos-o-bbb-24-leia\\\/#primaryimage\",\"url\":\"https:\\\/\\\/transamerica93.com.br\\\/home\\\/wp-content\\\/uploads\\\/2024\\\/05\\\/imagem-21.jpg\",\"contentUrl\":\"https:\\\/\\\/transamerica93.com.br\\\/home\\\/wp-content\\\/uploads\\\/2024\\\/05\\\/imagem-21.jpg\",\"width\":731,\"height\":469,\"caption\":\"Foto: Instagram @wanessa\"},{\"@type\":\"BreadcrumbList\",\"@id\":\"https:\\\/\\\/transamerica93.com.br\\\/home\\\/wanessa-camargo-revela-que-se-libertou-da-propria-imagem-apos-o-bbb-24-leia\\\/#breadcrumb\",\"itemListElement\":[{\"@type\":\"ListItem\",\"position\":1,\"name\":\"In\u00edcio\",\"item\":\"https:\\\/\\\/transamerica93.com.br\\\/home\\\/\"},{\"@type\":\"ListItem\",\"position\":2,\"name\":\"Wanessa Camargo revela que se libertou da pr\u00f3pria imagem ap\u00f3s o BBB 24, leia\"}]},{\"@type\":\"WebSite\",\"@id\":\"https:\\\/\\\/transamerica93.com.br\\\/home\\\/#website\",\"url\":\"https:\\\/\\\/transamerica93.com.br\\\/home\\\/\",\"name\":\"Transam\u00e9rica Mococa 93,3\",\"description\":\"\",\"publisher\":{\"@id\":\"https:\\\/\\\/transamerica93.com.br\\\/home\\\/#organization\"},\"potentialAction\":[{\"@type\":\"SearchAction\",\"target\":{\"@type\":\"EntryPoint\",\"urlTemplate\":\"https:\\\/\\\/transamerica93.com.br\\\/home\\\/?s={search_term_string}\"},\"query-input\":{\"@type\":\"PropertyValueSpecification\",\"valueRequired\":true,\"valueName\":\"search_term_string\"}}],\"inLanguage\":\"pt-BR\"},{\"@type\":\"Organization\",\"@id\":\"https:\\\/\\\/transamerica93.com.br\\\/home\\\/#organization\",\"name\":\"Transam\u00e9rica Mococa 93,3\",\"url\":\"https:\\\/\\\/transamerica93.com.br\\\/home\\\/\",\"logo\":{\"@type\":\"ImageObject\",\"inLanguage\":\"pt-BR\",\"@id\":\"https:\\\/\\\/transamerica93.com.br\\\/home\\\/#\\\/schema\\\/logo\\\/image\\\/\",\"url\":\"https:\\\/\\\/transamerica93.com.br\\\/home\\\/wp-content\\\/uploads\\\/2023\\\/10\\\/logo2.png\",\"contentUrl\":\"https:\\\/\\\/transamerica93.com.br\\\/home\\\/wp-content\\\/uploads\\\/2023\\\/10\\\/logo2.png\",\"width\":800,\"height\":500,\"caption\":\"Transam\u00e9rica Mococa 93,3\"},\"image\":{\"@id\":\"https:\\\/\\\/transamerica93.com.br\\\/home\\\/#\\\/schema\\\/logo\\\/image\\\/\"},\"sameAs\":[\"https:\\\/\\\/www.facebook.com\\\/transamericamococa\",\"https:\\\/\\\/x.com\\\/transamerica933\",\"https:\\\/\\\/www.instagram.com\\\/transamericamococa\"]},{\"@type\":\"Person\",\"@id\":\"https:\\\/\\\/transamerica93.com.br\\\/home\\\/#\\\/schema\\\/person\\\/7fed7c99c0d4562efa8561bc0f543172\",\"name\":\"Reda\u00e7\u00e3o\",\"image\":{\"@type\":\"ImageObject\",\"inLanguage\":\"pt-BR\",\"@id\":\"https:\\\/\\\/secure.gravatar.com\\\/avatar\\\/1072c6b775fb02ef8506ce967551d95926669a6b7d2c2147b42eea4d7c68395e?s=96&d=mm&r=g\",\"url\":\"https:\\\/\\\/secure.gravatar.com\\\/avatar\\\/1072c6b775fb02ef8506ce967551d95926669a6b7d2c2147b42eea4d7c68395e?s=96&d=mm&r=g\",\"contentUrl\":\"https:\\\/\\\/secure.gravatar.com\\\/avatar\\\/1072c6b775fb02ef8506ce967551d95926669a6b7d2c2147b42eea4d7c68395e?s=96&d=mm&r=g\",\"caption\":\"Reda\u00e7\u00e3o\"},\"sameAs\":[\"https:\\\/\\\/transamerica93.com.br\\\/home\"],\"url\":\"https:\\\/\\\/transamerica93.com.br\\\/home\\\/author\\\/william\\\/\"}]}<\/script>\n<!-- \/ Yoast SEO plugin. -->","yoast_head_json":{"title":"Wanessa Camargo revela que se libertou da pr\u00f3pria imagem ap\u00f3s o BBB 24, leia - Transam\u00e9rica Mococa 93,3","robots":{"index":"index","follow":"follow","max-snippet":"max-snippet:-1","max-image-preview":"max-image-preview:large","max-video-preview":"max-video-preview:-1"},"canonical":"https:\/\/transamerica93.com.br\/home\/wanessa-camargo-revela-que-se-libertou-da-propria-imagem-apos-o-bbb-24-leia\/","og_locale":"pt_BR","og_type":"article","og_title":"Wanessa Camargo revela que se libertou da pr\u00f3pria imagem ap\u00f3s o BBB 24, leia - Transam\u00e9rica Mococa 93,3","og_description":"Por Valentina Rosa O &#8216;Big Brother Brasil 24&#8217;, impactou muito a vida de Wanessa Camargo, tanto pessoal como profissionalmente. A cantora revelou, em entrevista a revista\u00a0Quem, que se desprendeu da pr\u00f3pria imagem ap\u00f3s sua participa\u00e7\u00e3o no reality. &#8220;\u00c9 uma experi\u00eancia muito diferente de qualquer coisa que voc\u00ea viver na vida. Voc\u00ea passa por uma exposi\u00e7\u00e3o &hellip;","og_url":"https:\/\/transamerica93.com.br\/home\/wanessa-camargo-revela-que-se-libertou-da-propria-imagem-apos-o-bbb-24-leia\/","og_site_name":"Transam\u00e9rica Mococa 93,3","article_publisher":"https:\/\/www.facebook.com\/transamericamococa","article_published_time":"2024-05-20T21:00:06+00:00","og_image":[{"width":731,"height":469,"url":"https:\/\/transamerica93.com.br\/home\/wp-content\/uploads\/2024\/05\/imagem-21.jpg","type":"image\/jpeg"}],"author":"Reda\u00e7\u00e3o","twitter_card":"summary_large_image","twitter_creator":"@transamerica933","twitter_site":"@transamerica933","twitter_misc":{"Escrito por":"Reda\u00e7\u00e3o","Est. tempo de leitura":"2 minutos"},"schema":{"@context":"https:\/\/schema.org","@graph":[{"@type":"Article","@id":"https:\/\/transamerica93.com.br\/home\/wanessa-camargo-revela-que-se-libertou-da-propria-imagem-apos-o-bbb-24-leia\/#article","isPartOf":{"@id":"https:\/\/transamerica93.com.br\/home\/wanessa-camargo-revela-que-se-libertou-da-propria-imagem-apos-o-bbb-24-leia\/"},"author":{"name":"Reda\u00e7\u00e3o","@id":"https:\/\/transamerica93.com.br\/home\/#\/schema\/person\/7fed7c99c0d4562efa8561bc0f543172"},"headline":"Wanessa Camargo revela que se libertou da pr\u00f3pria imagem ap\u00f3s o BBB 24, leia","datePublished":"2024-05-20T21:00:06+00:00","mainEntityOfPage":{"@id":"https:\/\/transamerica93.com.br\/home\/wanessa-camargo-revela-que-se-libertou-da-propria-imagem-apos-o-bbb-24-leia\/"},"wordCount":288,"publisher":{"@id":"https:\/\/transamerica93.com.br\/home\/#organization"},"image":{"@id":"https:\/\/transamerica93.com.br\/home\/wanessa-camargo-revela-que-se-libertou-da-propria-imagem-apos-o-bbb-24-leia\/#primaryimage"},"thumbnailUrl":"https:\/\/transamerica93.com.br\/home\/wp-content\/uploads\/2024\/05\/imagem-21.jpg","articleSection":["Entretenimento"],"inLanguage":"pt-BR"},{"@type":"WebPage","@id":"https:\/\/transamerica93.com.br\/home\/wanessa-camargo-revela-que-se-libertou-da-propria-imagem-apos-o-bbb-24-leia\/","url":"https:\/\/transamerica93.com.br\/home\/wanessa-camargo-revela-que-se-libertou-da-propria-imagem-apos-o-bbb-24-leia\/","name":"Wanessa Camargo revela que se libertou da pr\u00f3pria imagem ap\u00f3s o BBB 24, leia - Transam\u00e9rica Mococa 93,3","isPartOf":{"@id":"https:\/\/transamerica93.com.br\/home\/#website"},"primaryImageOfPage":{"@id":"https:\/\/transamerica93.com.br\/home\/wanessa-camargo-revela-que-se-libertou-da-propria-imagem-apos-o-bbb-24-leia\/#primaryimage"},"image":{"@id":"https:\/\/transamerica93.com.br\/home\/wanessa-camargo-revela-que-se-libertou-da-propria-imagem-apos-o-bbb-24-leia\/#primaryimage"},"thumbnailUrl":"https:\/\/transamerica93.com.br\/home\/wp-content\/uploads\/2024\/05\/imagem-21.jpg","datePublished":"2024-05-20T21:00:06+00:00","breadcrumb":{"@id":"https:\/\/transamerica93.com.br\/home\/wanessa-camargo-revela-que-se-libertou-da-propria-imagem-apos-o-bbb-24-leia\/#breadcrumb"},"inLanguage":"pt-BR","potentialAction":[{"@type":"ReadAction","target":["https:\/\/transamerica93.com.br\/home\/wanessa-camargo-revela-que-se-libertou-da-propria-imagem-apos-o-bbb-24-leia\/"]}]},{"@type":"ImageObject","inLanguage":"pt-BR","@id":"https:\/\/transamerica93.com.br\/home\/wanessa-camargo-revela-que-se-libertou-da-propria-imagem-apos-o-bbb-24-leia\/#primaryimage","url":"https:\/\/transamerica93.com.br\/home\/wp-content\/uploads\/2024\/05\/imagem-21.jpg","contentUrl":"https:\/\/transamerica93.com.br\/home\/wp-content\/uploads\/2024\/05\/imagem-21.jpg","width":731,"height":469,"caption":"Foto: Instagram @wanessa"},{"@type":"BreadcrumbList","@id":"https:\/\/transamerica93.com.br\/home\/wanessa-camargo-revela-que-se-libertou-da-propria-imagem-apos-o-bbb-24-leia\/#breadcrumb","itemListElement":[{"@type":"ListItem","position":1,"name":"In\u00edcio","item":"https:\/\/transamerica93.com.br\/home\/"},{"@type":"ListItem","position":2,"name":"Wanessa Camargo revela que se libertou da pr\u00f3pria imagem ap\u00f3s o BBB 24, leia"}]},{"@type":"WebSite","@id":"https:\/\/transamerica93.com.br\/home\/#website","url":"https:\/\/transamerica93.com.br\/home\/","name":"Transam\u00e9rica Mococa 93,3","description":"","publisher":{"@id":"https:\/\/transamerica93.com.br\/home\/#organization"},"potentialAction":[{"@type":"SearchAction","target":{"@type":"EntryPoint","urlTemplate":"https:\/\/transamerica93.com.br\/home\/?s={search_term_string}"},"query-input":{"@type":"PropertyValueSpecification","valueRequired":true,"valueName":"search_term_string"}}],"inLanguage":"pt-BR"},{"@type":"Organization","@id":"https:\/\/transamerica93.com.br\/home\/#organization","name":"Transam\u00e9rica Mococa 93,3","url":"https:\/\/transamerica93.com.br\/home\/","logo":{"@type":"ImageObject","inLanguage":"pt-BR","@id":"https:\/\/transamerica93.com.br\/home\/#\/schema\/logo\/image\/","url":"https:\/\/transamerica93.com.br\/home\/wp-content\/uploads\/2023\/10\/logo2.png","contentUrl":"https:\/\/transamerica93.com.br\/home\/wp-content\/uploads\/2023\/10\/logo2.png","width":800,"height":500,"caption":"Transam\u00e9rica Mococa 93,3"},"image":{"@id":"https:\/\/transamerica93.com.br\/home\/#\/schema\/logo\/image\/"},"sameAs":["https:\/\/www.facebook.com\/transamericamococa","https:\/\/x.com\/transamerica933","https:\/\/www.instagram.com\/transamericamococa"]},{"@type":"Person","@id":"https:\/\/transamerica93.com.br\/home\/#\/schema\/person\/7fed7c99c0d4562efa8561bc0f543172","name":"Reda\u00e7\u00e3o","image":{"@type":"ImageObject","inLanguage":"pt-BR","@id":"https:\/\/secure.gravatar.com\/avatar\/1072c6b775fb02ef8506ce967551d95926669a6b7d2c2147b42eea4d7c68395e?s=96&d=mm&r=g","url":"https:\/\/secure.gravatar.com\/avatar\/1072c6b775fb02ef8506ce967551d95926669a6b7d2c2147b42eea4d7c68395e?s=96&d=mm&r=g","contentUrl":"https:\/\/secure.gravatar.com\/avatar\/1072c6b775fb02ef8506ce967551d95926669a6b7d2c2147b42eea4d7c68395e?s=96&d=mm&r=g","caption":"Reda\u00e7\u00e3o"},"sameAs":["https:\/\/transamerica93.com.br\/home"],"url":"https:\/\/transamerica93.com.br\/home\/author\/william\/"}]}},"_links":{"self":[{"href":"https:\/\/transamerica93.com.br\/home\/wp-json\/wp\/v2\/posts\/3157","targetHints":{"allow":["GET"]}}],"collection":[{"href":"https:\/\/transamerica93.com.br\/home\/wp-json\/wp\/v2\/posts"}],"about":[{"href":"https:\/\/transamerica93.com.br\/home\/wp-json\/wp\/v2\/types\/post"}],"author":[{"embeddable":true,"href":"https:\/\/transamerica93.com.br\/home\/wp-json\/wp\/v2\/users\/1"}],"replies":[{"embeddable":true,"href":"https:\/\/transamerica93.com.br\/home\/wp-json\/wp\/v2\/comments?post=3157"}],"version-history":[{"count":1,"href":"https:\/\/transamerica93.com.br\/home\/wp-json\/wp\/v2\/posts\/3157\/revisions"}],"predecessor-version":[{"id":3159,"href":"https:\/\/transamerica93.com.br\/home\/wp-json\/wp\/v2\/posts\/3157\/revisions\/3159"}],"wp:featuredmedia":[{"embeddable":true,"href":"https:\/\/transamerica93.com.br\/home\/wp-json\/wp\/v2\/media\/3158"}],"wp:attachment":[{"href":"https:\/\/transamerica93.com.br\/home\/wp-json\/wp\/v2\/media?parent=3157"}],"wp:term":[{"taxonomy":"category","embeddable":true,"href":"https:\/\/transamerica93.com.br\/home\/wp-json\/wp\/v2\/categories?post=3157"},{"taxonomy":"post_tag","embeddable":true,"href":"https:\/\/transamerica93.com.br\/home\/wp-json\/wp\/v2\/tags?post=3157"}],"curies":[{"name":"wp","href":"https:\/\/api.w.org\/{rel}","templated":true}]}}