{"id":3163,"date":"2024-05-22T18:00:37","date_gmt":"2024-05-22T21:00:37","guid":{"rendered":"https:\/\/transamerica93.com.br\/home\/?p=3163"},"modified":"2024-05-16T15:04:53","modified_gmt":"2024-05-16T18:04:53","slug":"o-que-e-porfiria-aguda-doenca-rara-que-causou-a-morte-da-primeira-esposa-do-ator-vladimir-brichta","status":"publish","type":"post","link":"https:\/\/transamerica93.com.br\/home\/o-que-e-porfiria-aguda-doenca-rara-que-causou-a-morte-da-primeira-esposa-do-ator-vladimir-brichta\/","title":{"rendered":"O que \u00e9 porfiria aguda, doen\u00e7a rara que causou a morte da primeira esposa do ator Vladimir Brichta?"},"content":{"rendered":"<p>Por Layla Shasta<\/p>\n<p>O ator Vladimir Brichta apareceu em uma campanha in\u00e9dita sobre porfiria aguda, doen\u00e7a rara que causou a morte de sua primeira esposa em 1999. Lan\u00e7ada pela Associa\u00e7\u00e3o Brasileira de Porfiria (Abrapo), a campanha busca desmistificar a doen\u00e7a e informar a popula\u00e7\u00e3o sobre sintomas, diagn\u00f3stico e tratamento.<\/p>\n<p><b>O que \u00e9 porfiria aguda<\/b><\/p>\n<p>Segundo a Abrapo, as porfirias s\u00e3o um grupo de pelo menos oito doen\u00e7as gen\u00e9ticas distintas, causadas por um defeito na produ\u00e7\u00e3o de um composto chamado heme. O heme, entre outras coisas, comp\u00f5e a hemoglobina &#8211; respons\u00e1vel pelo transporte de oxig\u00eanio no sangue.<\/p>\n<p>Como explica Guilherme Perini, m\u00e9dico hematologista do Hospital Israelita Albert Einstein, em S\u00e3o Paulo, o defeito relacionado ao heme ocasiona a produ\u00e7\u00e3o de subst\u00e2ncias t\u00f3xicas (chamadas de &#8220;metab\u00f3litos&#8221;) que causam uma esp\u00e9cie de irrita\u00e7\u00e3o do sistema nervoso.<\/p>\n<p>De acordo com o m\u00e9dico, na porfiria aguda o paciente vivencia crises &#8211; quem tem outros tipos da doen\u00e7a pode conviver com sintomas constantes e mais brandos. No caso dos ataques repentinos, a dura\u00e7\u00e3o pode ser de horas e\/ou dias e h\u00e1 risco de morte. De acordo com Perini, uma crise de porfiria tem de 5 a 10% de taxa de mortalidade.<\/p>\n<p><b>Sintomas<\/b><\/p>\n<p>As porfirias s\u00e3o classificadas em duas grandes categorias, de acordo com a forma de apresenta\u00e7\u00e3o dos sintomas: aguda ou cut\u00e2nea. Nas porfirias cut\u00e2neas, os sintomas, em geral, ficam restritos \u00e0 pele, com forma\u00e7\u00e3o de bolhas, cicatrizes, escurecimento, espessamento e aumento da quantidade de pelos.<\/p>\n<p>J\u00e1 na forma aguda, a dor abdominal \u00e9 o primeiro e mais frequente sinal, causado por uma irrita\u00e7\u00e3o nos nervos da barriga. Al\u00e9m disso, podem ocorrer n\u00e1usea, v\u00f4mito, constipa\u00e7\u00e3o, dor e fraqueza muscular, altera\u00e7\u00e3o da colora\u00e7\u00e3o da urina, arritmias, confus\u00e3o mental, alucina\u00e7\u00f5es e convuls\u00f5es. A doen\u00e7a pode, ainda, levar \u00e0 paralisia e ao coma.<\/p>\n<p>&#8220;Eu tive uma crise muito grave de porfiria com 31 anos. Perdi todos os movimentos, entrei em coma e, finalmente, me recuperei, depois de algum tempo. Estou com quase 77 anos e continuo tocando a vida e me cuidado&#8221;, conta Ieda M.S. Bussmann, presidente da Abrapo.<\/p>\n<p>Por apresentar sintomas comuns a muitas outras condi\u00e7\u00f5es, a doen\u00e7a \u00e9 de dif\u00edcil diagn\u00f3stico. Perini explica que alguns sinais de alerta s\u00e3o a dor abdominal aguda &#8211; sem causa explicada &#8211; associada a quadros como agita\u00e7\u00e3o mental, alucina\u00e7\u00f5es, crise convulsiva e perda de for\u00e7a.<\/p>\n<p>Para o m\u00e9dico, outro sintoma que merece aten\u00e7\u00e3o \u00e9 a altera\u00e7\u00e3o na colora\u00e7\u00e3o da urina, que, no caso da porfiria, costuma apresentar um tom vermelho escuro. &#8220;Entre os pacientes que est\u00e3o em uma crise muito forte, a urina se torna avermelhada. Uma cor mais para o bord\u00f4, que a gente chama de &#8216;cor de vinho do porto'&#8221;, descreve.<\/p>\n<p><b>Diagn\u00f3stico<\/b><\/p>\n<p>O diagn\u00f3stico \u00e9 cl\u00ednico &#8211; ou seja, depende da observa\u00e7\u00e3o dos sintomas e da exclus\u00e3o de outras possibilidades &#8211; e laboratorial Em termos de exames, Perini explica que o objetivo \u00e9 dosar, por meio de uma amostra de urina, a presen\u00e7a das subst\u00e2ncias t\u00f3xicas espec\u00edficas associadas \u00e0 doen\u00e7a.<\/p>\n<p>&#8220;Quando a gente tem a suspeita, faz essa dosagem e, se esses metab\u00f3litos [t\u00f3xicos] aparecem aumentados, estamos diante de um caso de porfiria e o ideal \u00e9 come\u00e7ar a tratar esse paciente&#8221;, ensina.<\/p>\n<p>Perini alerta para a import\u00e2ncia do diagn\u00f3stico precoce, a fim de prevenir o agravamento e as poss\u00edveis sequelas da doen\u00e7a. Caso n\u00e3o seja tratada ainda na fase de dor abdominal, que \u00e9 o sintoma inicial, as subst\u00e2ncias t\u00f3xicas que est\u00e3o sendo produzidas pelo organismo podem ir se acumulando no corpo, promovendo quadros muito graves. &#8220;Muitas vezes o paciente tem que ser entubado&#8221;, relata.<\/p>\n<p>No v\u00eddeo da campanha de conscientiza\u00e7\u00e3o sobre porfiria, o ator Vladimir Brichta relata a dificuldade enfrentada por Gena, sua primeira esposa, para conseguir um diagn\u00f3stico. &#8220;Os m\u00e9dicos come\u00e7am a investigar e ningu\u00e9m pensa na porfiria&#8221;, conta. No v\u00eddeo, ele explica que, ap\u00f3s diversos diagn\u00f3sticos errados e um longo per\u00edodo de dor, a doen\u00e7a finalmente foi considerada como possibilidade. No entanto, j\u00e1 era tarde. &#8220;Em um m\u00eas ela faleceu&#8221;, lamenta Brichta.<\/p>\n<p><b>Tratamento<\/b><\/p>\n<p>Na porfiria aguda, o paciente geralmente tem uma vida normal, mas, diante de algum gatilho, surge uma crise. Por isso, uma importante medida de preven\u00e7\u00e3o \u00e9 evitar esses epis\u00f3dios.<\/p>\n<p>Perini explica que o principal gatilho s\u00e3o alguns medicamentos, que podem interferir nos processos ligados ao heme. A lista de medicamentos \u00e9 grande (acesse aqui), e envolve subst\u00e2ncias como antif\u00fangicos, antibi\u00f3ticos, al\u00e9m de rem\u00e9dios para convuls\u00e3o e hipertens\u00e3o. Horm\u00f4nios, como a progesterona, tamb\u00e9m fazem parte da lista.<\/p>\n<p>Fora isso, ainda h\u00e1 tratamento eficaz para evitar as crises &#8211; vale lembrar que a doen\u00e7a n\u00e3o tem cura definitiva. Para controlar a manifesta\u00e7\u00e3o dos sintomas, recomenda-se o uso de hematina. Essa subst\u00e2ncia qu\u00edmica supre a necessidade de produ\u00e7\u00e3o do heme, a subst\u00e2ncia que n\u00e3o \u00e9 produzida adequadamente por esses pacientes.<\/p>\n<p>Segundo o m\u00e9dico, o tratamento da porfiria aguda pode ter um impacto significativo na qualidade de vida. Por isso, ele alerta que \u00e9 importante que os m\u00e9dicos estejam vigilantes em rela\u00e7\u00e3o \u00e0 hip\u00f3tese de seus pacientes terem essa condi\u00e7\u00e3o, visando aprimorar a investiga\u00e7\u00e3o e iniciar a terapia precocemente.<\/p>\n<p>Para Ieda, o aviso tamb\u00e9m vale para os amigos e familiares de pessoas com sintomas caracter\u00edsticos da condi\u00e7\u00e3o. &#8220;Geralmente, os m\u00e9dicos e as pessoas em geral n\u00e3o d\u00e3o cr\u00e9dito aos sintomas das pessoas com porfiria&#8221;, lamenta a presidente da Abrapo. Segundo ela, isso n\u00e3o s\u00f3 causa sofrimento como atrasa o diagn\u00f3stico e o tratamento adequado.<\/p>\n","protected":false},"excerpt":{"rendered":"<p>Por Layla Shasta O ator Vladimir Brichta apareceu em uma campanha in\u00e9dita sobre porfiria aguda, doen\u00e7a rara que causou a morte de sua primeira esposa em 1999. Lan\u00e7ada pela Associa\u00e7\u00e3o Brasileira de Porfiria (Abrapo), a campanha busca desmistificar a doen\u00e7a e informar a popula\u00e7\u00e3o sobre sintomas, diagn\u00f3stico e tratamento. O que \u00e9 porfiria aguda Segundo &hellip;<\/p>\n","protected":false},"author":1,"featured_media":3164,"comment_status":"closed","ping_status":"closed","sticky":false,"template":"","format":"standard","meta":{"footnotes":""},"categories":[24],"tags":[],"class_list":["post-3163","post","type-post","status-publish","format-standard","has-post-thumbnail","hentry","category-entretenimento"],"yoast_head":"<!-- This site is optimized with the Yoast SEO plugin v27.4 - https:\/\/yoast.com\/product\/yoast-seo-wordpress\/ -->\n<title>O que \u00e9 porfiria aguda, doen\u00e7a rara que causou a morte da primeira esposa do ator Vladimir Brichta? - Transam\u00e9rica Mococa 93,3<\/title>\n<meta name=\"robots\" content=\"index, follow, max-snippet:-1, max-image-preview:large, max-video-preview:-1\" \/>\n<link rel=\"canonical\" href=\"https:\/\/transamerica93.com.br\/home\/o-que-e-porfiria-aguda-doenca-rara-que-causou-a-morte-da-primeira-esposa-do-ator-vladimir-brichta\/\" \/>\n<meta property=\"og:locale\" content=\"pt_BR\" \/>\n<meta property=\"og:type\" content=\"article\" \/>\n<meta property=\"og:title\" content=\"O que \u00e9 porfiria aguda, doen\u00e7a rara que causou a morte da primeira esposa do ator Vladimir Brichta? - Transam\u00e9rica Mococa 93,3\" \/>\n<meta property=\"og:description\" content=\"Por Layla Shasta O ator Vladimir Brichta apareceu em uma campanha in\u00e9dita sobre porfiria aguda, doen\u00e7a rara que causou a morte de sua primeira esposa em 1999. Lan\u00e7ada pela Associa\u00e7\u00e3o Brasileira de Porfiria (Abrapo), a campanha busca desmistificar a doen\u00e7a e informar a popula\u00e7\u00e3o sobre sintomas, diagn\u00f3stico e tratamento. O que \u00e9 porfiria aguda Segundo &hellip;\" \/>\n<meta property=\"og:url\" content=\"https:\/\/transamerica93.com.br\/home\/o-que-e-porfiria-aguda-doenca-rara-que-causou-a-morte-da-primeira-esposa-do-ator-vladimir-brichta\/\" \/>\n<meta property=\"og:site_name\" content=\"Transam\u00e9rica Mococa 93,3\" \/>\n<meta property=\"article:publisher\" content=\"https:\/\/www.facebook.com\/transamericamococa\" \/>\n<meta property=\"article:published_time\" content=\"2024-05-22T21:00:37+00:00\" \/>\n<meta property=\"og:image\" content=\"https:\/\/transamerica93.com.br\/home\/wp-content\/uploads\/2024\/05\/imagem-23.jpg\" \/>\n\t<meta property=\"og:image:width\" content=\"775\" \/>\n\t<meta property=\"og:image:height\" content=\"540\" \/>\n\t<meta property=\"og:image:type\" content=\"image\/jpeg\" \/>\n<meta name=\"author\" content=\"Reda\u00e7\u00e3o\" \/>\n<meta name=\"twitter:card\" content=\"summary_large_image\" \/>\n<meta name=\"twitter:creator\" content=\"@transamerica933\" \/>\n<meta name=\"twitter:site\" content=\"@transamerica933\" \/>\n<meta name=\"twitter:label1\" content=\"Escrito por\" \/>\n\t<meta name=\"twitter:data1\" content=\"Reda\u00e7\u00e3o\" \/>\n\t<meta name=\"twitter:label2\" content=\"Est. tempo de leitura\" \/>\n\t<meta name=\"twitter:data2\" content=\"6 minutos\" \/>\n<script type=\"application\/ld+json\" class=\"yoast-schema-graph\">{\"@context\":\"https:\\\/\\\/schema.org\",\"@graph\":[{\"@type\":\"Article\",\"@id\":\"https:\\\/\\\/transamerica93.com.br\\\/home\\\/o-que-e-porfiria-aguda-doenca-rara-que-causou-a-morte-da-primeira-esposa-do-ator-vladimir-brichta\\\/#article\",\"isPartOf\":{\"@id\":\"https:\\\/\\\/transamerica93.com.br\\\/home\\\/o-que-e-porfiria-aguda-doenca-rara-que-causou-a-morte-da-primeira-esposa-do-ator-vladimir-brichta\\\/\"},\"author\":{\"name\":\"Reda\u00e7\u00e3o\",\"@id\":\"https:\\\/\\\/transamerica93.com.br\\\/home\\\/#\\\/schema\\\/person\\\/7fed7c99c0d4562efa8561bc0f543172\"},\"headline\":\"O que \u00e9 porfiria aguda, doen\u00e7a rara que causou a morte da primeira esposa do ator Vladimir Brichta?\",\"datePublished\":\"2024-05-22T21:00:37+00:00\",\"mainEntityOfPage\":{\"@id\":\"https:\\\/\\\/transamerica93.com.br\\\/home\\\/o-que-e-porfiria-aguda-doenca-rara-que-causou-a-morte-da-primeira-esposa-do-ator-vladimir-brichta\\\/\"},\"wordCount\":1009,\"publisher\":{\"@id\":\"https:\\\/\\\/transamerica93.com.br\\\/home\\\/#organization\"},\"image\":{\"@id\":\"https:\\\/\\\/transamerica93.com.br\\\/home\\\/o-que-e-porfiria-aguda-doenca-rara-que-causou-a-morte-da-primeira-esposa-do-ator-vladimir-brichta\\\/#primaryimage\"},\"thumbnailUrl\":\"https:\\\/\\\/transamerica93.com.br\\\/home\\\/wp-content\\\/uploads\\\/2024\\\/05\\\/imagem-23.jpg\",\"articleSection\":[\"Entretenimento\"],\"inLanguage\":\"pt-BR\"},{\"@type\":\"WebPage\",\"@id\":\"https:\\\/\\\/transamerica93.com.br\\\/home\\\/o-que-e-porfiria-aguda-doenca-rara-que-causou-a-morte-da-primeira-esposa-do-ator-vladimir-brichta\\\/\",\"url\":\"https:\\\/\\\/transamerica93.com.br\\\/home\\\/o-que-e-porfiria-aguda-doenca-rara-que-causou-a-morte-da-primeira-esposa-do-ator-vladimir-brichta\\\/\",\"name\":\"O que \u00e9 porfiria aguda, doen\u00e7a rara que causou a morte da primeira esposa do ator Vladimir Brichta? - Transam\u00e9rica Mococa 93,3\",\"isPartOf\":{\"@id\":\"https:\\\/\\\/transamerica93.com.br\\\/home\\\/#website\"},\"primaryImageOfPage\":{\"@id\":\"https:\\\/\\\/transamerica93.com.br\\\/home\\\/o-que-e-porfiria-aguda-doenca-rara-que-causou-a-morte-da-primeira-esposa-do-ator-vladimir-brichta\\\/#primaryimage\"},\"image\":{\"@id\":\"https:\\\/\\\/transamerica93.com.br\\\/home\\\/o-que-e-porfiria-aguda-doenca-rara-que-causou-a-morte-da-primeira-esposa-do-ator-vladimir-brichta\\\/#primaryimage\"},\"thumbnailUrl\":\"https:\\\/\\\/transamerica93.com.br\\\/home\\\/wp-content\\\/uploads\\\/2024\\\/05\\\/imagem-23.jpg\",\"datePublished\":\"2024-05-22T21:00:37+00:00\",\"breadcrumb\":{\"@id\":\"https:\\\/\\\/transamerica93.com.br\\\/home\\\/o-que-e-porfiria-aguda-doenca-rara-que-causou-a-morte-da-primeira-esposa-do-ator-vladimir-brichta\\\/#breadcrumb\"},\"inLanguage\":\"pt-BR\",\"potentialAction\":[{\"@type\":\"ReadAction\",\"target\":[\"https:\\\/\\\/transamerica93.com.br\\\/home\\\/o-que-e-porfiria-aguda-doenca-rara-que-causou-a-morte-da-primeira-esposa-do-ator-vladimir-brichta\\\/\"]}]},{\"@type\":\"ImageObject\",\"inLanguage\":\"pt-BR\",\"@id\":\"https:\\\/\\\/transamerica93.com.br\\\/home\\\/o-que-e-porfiria-aguda-doenca-rara-que-causou-a-morte-da-primeira-esposa-do-ator-vladimir-brichta\\\/#primaryimage\",\"url\":\"https:\\\/\\\/transamerica93.com.br\\\/home\\\/wp-content\\\/uploads\\\/2024\\\/05\\\/imagem-23.jpg\",\"contentUrl\":\"https:\\\/\\\/transamerica93.com.br\\\/home\\\/wp-content\\\/uploads\\\/2024\\\/05\\\/imagem-23.jpg\",\"width\":775,\"height\":540,\"caption\":\"Foto: Instagram @vladmirbrichtta\"},{\"@type\":\"BreadcrumbList\",\"@id\":\"https:\\\/\\\/transamerica93.com.br\\\/home\\\/o-que-e-porfiria-aguda-doenca-rara-que-causou-a-morte-da-primeira-esposa-do-ator-vladimir-brichta\\\/#breadcrumb\",\"itemListElement\":[{\"@type\":\"ListItem\",\"position\":1,\"name\":\"In\u00edcio\",\"item\":\"https:\\\/\\\/transamerica93.com.br\\\/home\\\/\"},{\"@type\":\"ListItem\",\"position\":2,\"name\":\"O que \u00e9 porfiria aguda, doen\u00e7a rara que causou a morte da primeira esposa do ator Vladimir Brichta?\"}]},{\"@type\":\"WebSite\",\"@id\":\"https:\\\/\\\/transamerica93.com.br\\\/home\\\/#website\",\"url\":\"https:\\\/\\\/transamerica93.com.br\\\/home\\\/\",\"name\":\"Transam\u00e9rica Mococa 93,3\",\"description\":\"\",\"publisher\":{\"@id\":\"https:\\\/\\\/transamerica93.com.br\\\/home\\\/#organization\"},\"potentialAction\":[{\"@type\":\"SearchAction\",\"target\":{\"@type\":\"EntryPoint\",\"urlTemplate\":\"https:\\\/\\\/transamerica93.com.br\\\/home\\\/?s={search_term_string}\"},\"query-input\":{\"@type\":\"PropertyValueSpecification\",\"valueRequired\":true,\"valueName\":\"search_term_string\"}}],\"inLanguage\":\"pt-BR\"},{\"@type\":\"Organization\",\"@id\":\"https:\\\/\\\/transamerica93.com.br\\\/home\\\/#organization\",\"name\":\"Transam\u00e9rica Mococa 93,3\",\"url\":\"https:\\\/\\\/transamerica93.com.br\\\/home\\\/\",\"logo\":{\"@type\":\"ImageObject\",\"inLanguage\":\"pt-BR\",\"@id\":\"https:\\\/\\\/transamerica93.com.br\\\/home\\\/#\\\/schema\\\/logo\\\/image\\\/\",\"url\":\"https:\\\/\\\/transamerica93.com.br\\\/home\\\/wp-content\\\/uploads\\\/2023\\\/10\\\/logo2.png\",\"contentUrl\":\"https:\\\/\\\/transamerica93.com.br\\\/home\\\/wp-content\\\/uploads\\\/2023\\\/10\\\/logo2.png\",\"width\":800,\"height\":500,\"caption\":\"Transam\u00e9rica Mococa 93,3\"},\"image\":{\"@id\":\"https:\\\/\\\/transamerica93.com.br\\\/home\\\/#\\\/schema\\\/logo\\\/image\\\/\"},\"sameAs\":[\"https:\\\/\\\/www.facebook.com\\\/transamericamococa\",\"https:\\\/\\\/x.com\\\/transamerica933\",\"https:\\\/\\\/www.instagram.com\\\/transamericamococa\"]},{\"@type\":\"Person\",\"@id\":\"https:\\\/\\\/transamerica93.com.br\\\/home\\\/#\\\/schema\\\/person\\\/7fed7c99c0d4562efa8561bc0f543172\",\"name\":\"Reda\u00e7\u00e3o\",\"image\":{\"@type\":\"ImageObject\",\"inLanguage\":\"pt-BR\",\"@id\":\"https:\\\/\\\/secure.gravatar.com\\\/avatar\\\/1072c6b775fb02ef8506ce967551d95926669a6b7d2c2147b42eea4d7c68395e?s=96&d=mm&r=g\",\"url\":\"https:\\\/\\\/secure.gravatar.com\\\/avatar\\\/1072c6b775fb02ef8506ce967551d95926669a6b7d2c2147b42eea4d7c68395e?s=96&d=mm&r=g\",\"contentUrl\":\"https:\\\/\\\/secure.gravatar.com\\\/avatar\\\/1072c6b775fb02ef8506ce967551d95926669a6b7d2c2147b42eea4d7c68395e?s=96&d=mm&r=g\",\"caption\":\"Reda\u00e7\u00e3o\"},\"sameAs\":[\"https:\\\/\\\/transamerica93.com.br\\\/home\"],\"url\":\"https:\\\/\\\/transamerica93.com.br\\\/home\\\/author\\\/william\\\/\"}]}<\/script>\n<!-- \/ Yoast SEO plugin. -->","yoast_head_json":{"title":"O que \u00e9 porfiria aguda, doen\u00e7a rara que causou a morte da primeira esposa do ator Vladimir Brichta? - Transam\u00e9rica Mococa 93,3","robots":{"index":"index","follow":"follow","max-snippet":"max-snippet:-1","max-image-preview":"max-image-preview:large","max-video-preview":"max-video-preview:-1"},"canonical":"https:\/\/transamerica93.com.br\/home\/o-que-e-porfiria-aguda-doenca-rara-que-causou-a-morte-da-primeira-esposa-do-ator-vladimir-brichta\/","og_locale":"pt_BR","og_type":"article","og_title":"O que \u00e9 porfiria aguda, doen\u00e7a rara que causou a morte da primeira esposa do ator Vladimir Brichta? - Transam\u00e9rica Mococa 93,3","og_description":"Por Layla Shasta O ator Vladimir Brichta apareceu em uma campanha in\u00e9dita sobre porfiria aguda, doen\u00e7a rara que causou a morte de sua primeira esposa em 1999. Lan\u00e7ada pela Associa\u00e7\u00e3o Brasileira de Porfiria (Abrapo), a campanha busca desmistificar a doen\u00e7a e informar a popula\u00e7\u00e3o sobre sintomas, diagn\u00f3stico e tratamento. O que \u00e9 porfiria aguda Segundo &hellip;","og_url":"https:\/\/transamerica93.com.br\/home\/o-que-e-porfiria-aguda-doenca-rara-que-causou-a-morte-da-primeira-esposa-do-ator-vladimir-brichta\/","og_site_name":"Transam\u00e9rica Mococa 93,3","article_publisher":"https:\/\/www.facebook.com\/transamericamococa","article_published_time":"2024-05-22T21:00:37+00:00","og_image":[{"width":775,"height":540,"url":"https:\/\/transamerica93.com.br\/home\/wp-content\/uploads\/2024\/05\/imagem-23.jpg","type":"image\/jpeg"}],"author":"Reda\u00e7\u00e3o","twitter_card":"summary_large_image","twitter_creator":"@transamerica933","twitter_site":"@transamerica933","twitter_misc":{"Escrito por":"Reda\u00e7\u00e3o","Est. tempo de leitura":"6 minutos"},"schema":{"@context":"https:\/\/schema.org","@graph":[{"@type":"Article","@id":"https:\/\/transamerica93.com.br\/home\/o-que-e-porfiria-aguda-doenca-rara-que-causou-a-morte-da-primeira-esposa-do-ator-vladimir-brichta\/#article","isPartOf":{"@id":"https:\/\/transamerica93.com.br\/home\/o-que-e-porfiria-aguda-doenca-rara-que-causou-a-morte-da-primeira-esposa-do-ator-vladimir-brichta\/"},"author":{"name":"Reda\u00e7\u00e3o","@id":"https:\/\/transamerica93.com.br\/home\/#\/schema\/person\/7fed7c99c0d4562efa8561bc0f543172"},"headline":"O que \u00e9 porfiria aguda, doen\u00e7a rara que causou a morte da primeira esposa do ator Vladimir Brichta?","datePublished":"2024-05-22T21:00:37+00:00","mainEntityOfPage":{"@id":"https:\/\/transamerica93.com.br\/home\/o-que-e-porfiria-aguda-doenca-rara-que-causou-a-morte-da-primeira-esposa-do-ator-vladimir-brichta\/"},"wordCount":1009,"publisher":{"@id":"https:\/\/transamerica93.com.br\/home\/#organization"},"image":{"@id":"https:\/\/transamerica93.com.br\/home\/o-que-e-porfiria-aguda-doenca-rara-que-causou-a-morte-da-primeira-esposa-do-ator-vladimir-brichta\/#primaryimage"},"thumbnailUrl":"https:\/\/transamerica93.com.br\/home\/wp-content\/uploads\/2024\/05\/imagem-23.jpg","articleSection":["Entretenimento"],"inLanguage":"pt-BR"},{"@type":"WebPage","@id":"https:\/\/transamerica93.com.br\/home\/o-que-e-porfiria-aguda-doenca-rara-que-causou-a-morte-da-primeira-esposa-do-ator-vladimir-brichta\/","url":"https:\/\/transamerica93.com.br\/home\/o-que-e-porfiria-aguda-doenca-rara-que-causou-a-morte-da-primeira-esposa-do-ator-vladimir-brichta\/","name":"O que \u00e9 porfiria aguda, doen\u00e7a rara que causou a morte da primeira esposa do ator Vladimir Brichta? - Transam\u00e9rica Mococa 93,3","isPartOf":{"@id":"https:\/\/transamerica93.com.br\/home\/#website"},"primaryImageOfPage":{"@id":"https:\/\/transamerica93.com.br\/home\/o-que-e-porfiria-aguda-doenca-rara-que-causou-a-morte-da-primeira-esposa-do-ator-vladimir-brichta\/#primaryimage"},"image":{"@id":"https:\/\/transamerica93.com.br\/home\/o-que-e-porfiria-aguda-doenca-rara-que-causou-a-morte-da-primeira-esposa-do-ator-vladimir-brichta\/#primaryimage"},"thumbnailUrl":"https:\/\/transamerica93.com.br\/home\/wp-content\/uploads\/2024\/05\/imagem-23.jpg","datePublished":"2024-05-22T21:00:37+00:00","breadcrumb":{"@id":"https:\/\/transamerica93.com.br\/home\/o-que-e-porfiria-aguda-doenca-rara-que-causou-a-morte-da-primeira-esposa-do-ator-vladimir-brichta\/#breadcrumb"},"inLanguage":"pt-BR","potentialAction":[{"@type":"ReadAction","target":["https:\/\/transamerica93.com.br\/home\/o-que-e-porfiria-aguda-doenca-rara-que-causou-a-morte-da-primeira-esposa-do-ator-vladimir-brichta\/"]}]},{"@type":"ImageObject","inLanguage":"pt-BR","@id":"https:\/\/transamerica93.com.br\/home\/o-que-e-porfiria-aguda-doenca-rara-que-causou-a-morte-da-primeira-esposa-do-ator-vladimir-brichta\/#primaryimage","url":"https:\/\/transamerica93.com.br\/home\/wp-content\/uploads\/2024\/05\/imagem-23.jpg","contentUrl":"https:\/\/transamerica93.com.br\/home\/wp-content\/uploads\/2024\/05\/imagem-23.jpg","width":775,"height":540,"caption":"Foto: Instagram @vladmirbrichtta"},{"@type":"BreadcrumbList","@id":"https:\/\/transamerica93.com.br\/home\/o-que-e-porfiria-aguda-doenca-rara-que-causou-a-morte-da-primeira-esposa-do-ator-vladimir-brichta\/#breadcrumb","itemListElement":[{"@type":"ListItem","position":1,"name":"In\u00edcio","item":"https:\/\/transamerica93.com.br\/home\/"},{"@type":"ListItem","position":2,"name":"O que \u00e9 porfiria aguda, doen\u00e7a rara que causou a morte da primeira esposa do ator Vladimir Brichta?"}]},{"@type":"WebSite","@id":"https:\/\/transamerica93.com.br\/home\/#website","url":"https:\/\/transamerica93.com.br\/home\/","name":"Transam\u00e9rica Mococa 93,3","description":"","publisher":{"@id":"https:\/\/transamerica93.com.br\/home\/#organization"},"potentialAction":[{"@type":"SearchAction","target":{"@type":"EntryPoint","urlTemplate":"https:\/\/transamerica93.com.br\/home\/?s={search_term_string}"},"query-input":{"@type":"PropertyValueSpecification","valueRequired":true,"valueName":"search_term_string"}}],"inLanguage":"pt-BR"},{"@type":"Organization","@id":"https:\/\/transamerica93.com.br\/home\/#organization","name":"Transam\u00e9rica Mococa 93,3","url":"https:\/\/transamerica93.com.br\/home\/","logo":{"@type":"ImageObject","inLanguage":"pt-BR","@id":"https:\/\/transamerica93.com.br\/home\/#\/schema\/logo\/image\/","url":"https:\/\/transamerica93.com.br\/home\/wp-content\/uploads\/2023\/10\/logo2.png","contentUrl":"https:\/\/transamerica93.com.br\/home\/wp-content\/uploads\/2023\/10\/logo2.png","width":800,"height":500,"caption":"Transam\u00e9rica Mococa 93,3"},"image":{"@id":"https:\/\/transamerica93.com.br\/home\/#\/schema\/logo\/image\/"},"sameAs":["https:\/\/www.facebook.com\/transamericamococa","https:\/\/x.com\/transamerica933","https:\/\/www.instagram.com\/transamericamococa"]},{"@type":"Person","@id":"https:\/\/transamerica93.com.br\/home\/#\/schema\/person\/7fed7c99c0d4562efa8561bc0f543172","name":"Reda\u00e7\u00e3o","image":{"@type":"ImageObject","inLanguage":"pt-BR","@id":"https:\/\/secure.gravatar.com\/avatar\/1072c6b775fb02ef8506ce967551d95926669a6b7d2c2147b42eea4d7c68395e?s=96&d=mm&r=g","url":"https:\/\/secure.gravatar.com\/avatar\/1072c6b775fb02ef8506ce967551d95926669a6b7d2c2147b42eea4d7c68395e?s=96&d=mm&r=g","contentUrl":"https:\/\/secure.gravatar.com\/avatar\/1072c6b775fb02ef8506ce967551d95926669a6b7d2c2147b42eea4d7c68395e?s=96&d=mm&r=g","caption":"Reda\u00e7\u00e3o"},"sameAs":["https:\/\/transamerica93.com.br\/home"],"url":"https:\/\/transamerica93.com.br\/home\/author\/william\/"}]}},"_links":{"self":[{"href":"https:\/\/transamerica93.com.br\/home\/wp-json\/wp\/v2\/posts\/3163","targetHints":{"allow":["GET"]}}],"collection":[{"href":"https:\/\/transamerica93.com.br\/home\/wp-json\/wp\/v2\/posts"}],"about":[{"href":"https:\/\/transamerica93.com.br\/home\/wp-json\/wp\/v2\/types\/post"}],"author":[{"embeddable":true,"href":"https:\/\/transamerica93.com.br\/home\/wp-json\/wp\/v2\/users\/1"}],"replies":[{"embeddable":true,"href":"https:\/\/transamerica93.com.br\/home\/wp-json\/wp\/v2\/comments?post=3163"}],"version-history":[{"count":1,"href":"https:\/\/transamerica93.com.br\/home\/wp-json\/wp\/v2\/posts\/3163\/revisions"}],"predecessor-version":[{"id":3165,"href":"https:\/\/transamerica93.com.br\/home\/wp-json\/wp\/v2\/posts\/3163\/revisions\/3165"}],"wp:featuredmedia":[{"embeddable":true,"href":"https:\/\/transamerica93.com.br\/home\/wp-json\/wp\/v2\/media\/3164"}],"wp:attachment":[{"href":"https:\/\/transamerica93.com.br\/home\/wp-json\/wp\/v2\/media?parent=3163"}],"wp:term":[{"taxonomy":"category","embeddable":true,"href":"https:\/\/transamerica93.com.br\/home\/wp-json\/wp\/v2\/categories?post=3163"},{"taxonomy":"post_tag","embeddable":true,"href":"https:\/\/transamerica93.com.br\/home\/wp-json\/wp\/v2\/tags?post=3163"}],"curies":[{"name":"wp","href":"https:\/\/api.w.org\/{rel}","templated":true}]}}