{"id":3166,"date":"2024-05-23T18:00:10","date_gmt":"2024-05-23T21:00:10","guid":{"rendered":"https:\/\/transamerica93.com.br\/home\/?p=3166"},"modified":"2024-05-16T15:07:15","modified_gmt":"2024-05-16T18:07:15","slug":"manuela-dias-revela-que-se-inspirou-em-historia-real-para-justica-2-saiba-qual","status":"publish","type":"post","link":"https:\/\/transamerica93.com.br\/home\/manuela-dias-revela-que-se-inspirou-em-historia-real-para-justica-2-saiba-qual\/","title":{"rendered":"Manuela Dias revela que se inspirou em hist\u00f3ria real para &#8216;Justi\u00e7a 2?; saiba qual"},"content":{"rendered":"<h6 class=\"Assina\">Por Reda\u00e7\u00e3o E+<\/h6>\n<p>A s\u00e9rie Justi\u00e7a 2, de Manuela Dias, estreou no dia 11 de abril na Globoplay. A autora, que tamb\u00e9m escreveu\u00a0<i>Amor de M\u00e3e<\/i>, foi ao programa &#8216;Conversa com Bial&#8217; e contou que sua inspira\u00e7\u00e3o para o roteiro da trama veio de uma hist\u00f3ria real.<\/p>\n<p>&#8220;Uma funcion\u00e1ria minha, o marido dela foi preso porque matou o cachorro do vizinho, que era policial. Eu acompanhei muito de perto esse travesseiro vazio, e eu acho que Justi\u00e7a nasce desse travesseiro vazio&#8221;, explicou a autora sobre suas inspira\u00e7\u00f5es para a s\u00e9rie.<\/p>\n<p>Sendo um de seus trabalhos mais recentes, Justi\u00e7a 2 aborda quatro hist\u00f3rias que se entrela\u00e7am. &#8220;Todas as hist\u00f3rias possuem um ato que \u00e9 considerado criminoso. A parte que s\u00e3o presas n\u00e3o existe, e depois retomamos quando elas saem da pris\u00e3o, sete anos depois, e acho que a s\u00e9rie \u00e9 muito sobre o que sobra da vida das pessoas depois que a justi\u00e7a morde o seu quinh\u00e3o&#8221;, explicou Manuela para Pedro Bial.<\/p>\n<p>A autora falou tamb\u00e9m de sua rotina de escrita. &#8220;Escrevo todos os dias, todas as horas que d\u00e1 tempo. Mesmo quando n\u00e3o estou trabalhando sob demanda, eu estou &#8216;inventando moda&#8217;. Eu descanso da novela escrevendo um livro, descanso do livro escrevendo uma s\u00e9rie. S\u00e3o escritas diferentes. [Mas] eu estava muito segura, porque eu tinha uma estrutura muito grande&#8221;.<\/p>\n<p>&#8216;Conversa com Bial&#8217; pode ser assistido de segunda a sexta no GNT, \u00e0s 23h30, na TV Globo, depois do Jornal da Globo ou pelo streaming Globoplay.<\/p>\n","protected":false},"excerpt":{"rendered":"<p>Por Reda\u00e7\u00e3o E+ A s\u00e9rie Justi\u00e7a 2, de Manuela Dias, estreou no dia 11 de abril na Globoplay. A autora, que tamb\u00e9m escreveu\u00a0Amor de M\u00e3e, foi ao programa &#8216;Conversa com Bial&#8217; e contou que sua inspira\u00e7\u00e3o para o roteiro da trama veio de uma hist\u00f3ria real. &#8220;Uma funcion\u00e1ria minha, o marido dela foi preso porque &hellip;<\/p>\n","protected":false},"author":1,"featured_media":3167,"comment_status":"closed","ping_status":"closed","sticky":false,"template":"","format":"standard","meta":{"footnotes":""},"categories":[24],"tags":[],"class_list":["post-3166","post","type-post","status-publish","format-standard","has-post-thumbnail","hentry","category-entretenimento"],"yoast_head":"<!-- This site is optimized with the Yoast SEO plugin v27.4 - https:\/\/yoast.com\/product\/yoast-seo-wordpress\/ -->\n<title>Manuela Dias revela que se inspirou em hist\u00f3ria real para &#039;Justi\u00e7a 2?; saiba qual - Transam\u00e9rica Mococa 93,3<\/title>\n<meta name=\"robots\" content=\"index, follow, max-snippet:-1, max-image-preview:large, max-video-preview:-1\" \/>\n<link rel=\"canonical\" href=\"https:\/\/transamerica93.com.br\/home\/manuela-dias-revela-que-se-inspirou-em-historia-real-para-justica-2-saiba-qual\/\" \/>\n<meta property=\"og:locale\" content=\"pt_BR\" \/>\n<meta property=\"og:type\" content=\"article\" \/>\n<meta property=\"og:title\" content=\"Manuela Dias revela que se inspirou em hist\u00f3ria real para &#039;Justi\u00e7a 2?; saiba qual - Transam\u00e9rica Mococa 93,3\" \/>\n<meta property=\"og:description\" content=\"Por Reda\u00e7\u00e3o E+ A s\u00e9rie Justi\u00e7a 2, de Manuela Dias, estreou no dia 11 de abril na Globoplay. A autora, que tamb\u00e9m escreveu\u00a0Amor de M\u00e3e, foi ao programa &#8216;Conversa com Bial&#8217; e contou que sua inspira\u00e7\u00e3o para o roteiro da trama veio de uma hist\u00f3ria real. &#8220;Uma funcion\u00e1ria minha, o marido dela foi preso porque &hellip;\" \/>\n<meta property=\"og:url\" content=\"https:\/\/transamerica93.com.br\/home\/manuela-dias-revela-que-se-inspirou-em-historia-real-para-justica-2-saiba-qual\/\" \/>\n<meta property=\"og:site_name\" content=\"Transam\u00e9rica Mococa 93,3\" \/>\n<meta property=\"article:publisher\" content=\"https:\/\/www.facebook.com\/transamericamococa\" \/>\n<meta property=\"article:published_time\" content=\"2024-05-23T21:00:10+00:00\" \/>\n<meta property=\"og:image\" content=\"https:\/\/transamerica93.com.br\/home\/wp-content\/uploads\/2024\/05\/imagem-24.jpg\" \/>\n\t<meta property=\"og:image:width\" content=\"973\" \/>\n\t<meta property=\"og:image:height\" content=\"605\" \/>\n\t<meta property=\"og:image:type\" content=\"image\/jpeg\" \/>\n<meta name=\"author\" content=\"Reda\u00e7\u00e3o\" \/>\n<meta name=\"twitter:card\" content=\"summary_large_image\" \/>\n<meta name=\"twitter:creator\" content=\"@transamerica933\" \/>\n<meta name=\"twitter:site\" content=\"@transamerica933\" \/>\n<meta name=\"twitter:label1\" content=\"Escrito por\" \/>\n\t<meta name=\"twitter:data1\" content=\"Reda\u00e7\u00e3o\" \/>\n\t<meta name=\"twitter:label2\" content=\"Est. tempo de leitura\" \/>\n\t<meta name=\"twitter:data2\" content=\"2 minutos\" \/>\n<script type=\"application\/ld+json\" class=\"yoast-schema-graph\">{\"@context\":\"https:\\\/\\\/schema.org\",\"@graph\":[{\"@type\":\"Article\",\"@id\":\"https:\\\/\\\/transamerica93.com.br\\\/home\\\/manuela-dias-revela-que-se-inspirou-em-historia-real-para-justica-2-saiba-qual\\\/#article\",\"isPartOf\":{\"@id\":\"https:\\\/\\\/transamerica93.com.br\\\/home\\\/manuela-dias-revela-que-se-inspirou-em-historia-real-para-justica-2-saiba-qual\\\/\"},\"author\":{\"name\":\"Reda\u00e7\u00e3o\",\"@id\":\"https:\\\/\\\/transamerica93.com.br\\\/home\\\/#\\\/schema\\\/person\\\/7fed7c99c0d4562efa8561bc0f543172\"},\"headline\":\"Manuela Dias revela que se inspirou em hist\u00f3ria real para &#8216;Justi\u00e7a 2?; saiba qual\",\"datePublished\":\"2024-05-23T21:00:10+00:00\",\"mainEntityOfPage\":{\"@id\":\"https:\\\/\\\/transamerica93.com.br\\\/home\\\/manuela-dias-revela-que-se-inspirou-em-historia-real-para-justica-2-saiba-qual\\\/\"},\"wordCount\":280,\"publisher\":{\"@id\":\"https:\\\/\\\/transamerica93.com.br\\\/home\\\/#organization\"},\"image\":{\"@id\":\"https:\\\/\\\/transamerica93.com.br\\\/home\\\/manuela-dias-revela-que-se-inspirou-em-historia-real-para-justica-2-saiba-qual\\\/#primaryimage\"},\"thumbnailUrl\":\"https:\\\/\\\/transamerica93.com.br\\\/home\\\/wp-content\\\/uploads\\\/2024\\\/05\\\/imagem-24.jpg\",\"articleSection\":[\"Entretenimento\"],\"inLanguage\":\"pt-BR\"},{\"@type\":\"WebPage\",\"@id\":\"https:\\\/\\\/transamerica93.com.br\\\/home\\\/manuela-dias-revela-que-se-inspirou-em-historia-real-para-justica-2-saiba-qual\\\/\",\"url\":\"https:\\\/\\\/transamerica93.com.br\\\/home\\\/manuela-dias-revela-que-se-inspirou-em-historia-real-para-justica-2-saiba-qual\\\/\",\"name\":\"Manuela Dias revela que se inspirou em hist\u00f3ria real para 'Justi\u00e7a 2?; saiba qual - Transam\u00e9rica Mococa 93,3\",\"isPartOf\":{\"@id\":\"https:\\\/\\\/transamerica93.com.br\\\/home\\\/#website\"},\"primaryImageOfPage\":{\"@id\":\"https:\\\/\\\/transamerica93.com.br\\\/home\\\/manuela-dias-revela-que-se-inspirou-em-historia-real-para-justica-2-saiba-qual\\\/#primaryimage\"},\"image\":{\"@id\":\"https:\\\/\\\/transamerica93.com.br\\\/home\\\/manuela-dias-revela-que-se-inspirou-em-historia-real-para-justica-2-saiba-qual\\\/#primaryimage\"},\"thumbnailUrl\":\"https:\\\/\\\/transamerica93.com.br\\\/home\\\/wp-content\\\/uploads\\\/2024\\\/05\\\/imagem-24.jpg\",\"datePublished\":\"2024-05-23T21:00:10+00:00\",\"breadcrumb\":{\"@id\":\"https:\\\/\\\/transamerica93.com.br\\\/home\\\/manuela-dias-revela-que-se-inspirou-em-historia-real-para-justica-2-saiba-qual\\\/#breadcrumb\"},\"inLanguage\":\"pt-BR\",\"potentialAction\":[{\"@type\":\"ReadAction\",\"target\":[\"https:\\\/\\\/transamerica93.com.br\\\/home\\\/manuela-dias-revela-que-se-inspirou-em-historia-real-para-justica-2-saiba-qual\\\/\"]}]},{\"@type\":\"ImageObject\",\"inLanguage\":\"pt-BR\",\"@id\":\"https:\\\/\\\/transamerica93.com.br\\\/home\\\/manuela-dias-revela-que-se-inspirou-em-historia-real-para-justica-2-saiba-qual\\\/#primaryimage\",\"url\":\"https:\\\/\\\/transamerica93.com.br\\\/home\\\/wp-content\\\/uploads\\\/2024\\\/05\\\/imagem-24.jpg\",\"contentUrl\":\"https:\\\/\\\/transamerica93.com.br\\\/home\\\/wp-content\\\/uploads\\\/2024\\\/05\\\/imagem-24.jpg\",\"width\":973,\"height\":605,\"caption\":\"Foto: Instagram @manueladiasautora\"},{\"@type\":\"BreadcrumbList\",\"@id\":\"https:\\\/\\\/transamerica93.com.br\\\/home\\\/manuela-dias-revela-que-se-inspirou-em-historia-real-para-justica-2-saiba-qual\\\/#breadcrumb\",\"itemListElement\":[{\"@type\":\"ListItem\",\"position\":1,\"name\":\"In\u00edcio\",\"item\":\"https:\\\/\\\/transamerica93.com.br\\\/home\\\/\"},{\"@type\":\"ListItem\",\"position\":2,\"name\":\"Manuela Dias revela que se inspirou em hist\u00f3ria real para &#8216;Justi\u00e7a 2?; saiba qual\"}]},{\"@type\":\"WebSite\",\"@id\":\"https:\\\/\\\/transamerica93.com.br\\\/home\\\/#website\",\"url\":\"https:\\\/\\\/transamerica93.com.br\\\/home\\\/\",\"name\":\"Transam\u00e9rica Mococa 93,3\",\"description\":\"\",\"publisher\":{\"@id\":\"https:\\\/\\\/transamerica93.com.br\\\/home\\\/#organization\"},\"potentialAction\":[{\"@type\":\"SearchAction\",\"target\":{\"@type\":\"EntryPoint\",\"urlTemplate\":\"https:\\\/\\\/transamerica93.com.br\\\/home\\\/?s={search_term_string}\"},\"query-input\":{\"@type\":\"PropertyValueSpecification\",\"valueRequired\":true,\"valueName\":\"search_term_string\"}}],\"inLanguage\":\"pt-BR\"},{\"@type\":\"Organization\",\"@id\":\"https:\\\/\\\/transamerica93.com.br\\\/home\\\/#organization\",\"name\":\"Transam\u00e9rica Mococa 93,3\",\"url\":\"https:\\\/\\\/transamerica93.com.br\\\/home\\\/\",\"logo\":{\"@type\":\"ImageObject\",\"inLanguage\":\"pt-BR\",\"@id\":\"https:\\\/\\\/transamerica93.com.br\\\/home\\\/#\\\/schema\\\/logo\\\/image\\\/\",\"url\":\"https:\\\/\\\/transamerica93.com.br\\\/home\\\/wp-content\\\/uploads\\\/2023\\\/10\\\/logo2.png\",\"contentUrl\":\"https:\\\/\\\/transamerica93.com.br\\\/home\\\/wp-content\\\/uploads\\\/2023\\\/10\\\/logo2.png\",\"width\":800,\"height\":500,\"caption\":\"Transam\u00e9rica Mococa 93,3\"},\"image\":{\"@id\":\"https:\\\/\\\/transamerica93.com.br\\\/home\\\/#\\\/schema\\\/logo\\\/image\\\/\"},\"sameAs\":[\"https:\\\/\\\/www.facebook.com\\\/transamericamococa\",\"https:\\\/\\\/x.com\\\/transamerica933\",\"https:\\\/\\\/www.instagram.com\\\/transamericamococa\"]},{\"@type\":\"Person\",\"@id\":\"https:\\\/\\\/transamerica93.com.br\\\/home\\\/#\\\/schema\\\/person\\\/7fed7c99c0d4562efa8561bc0f543172\",\"name\":\"Reda\u00e7\u00e3o\",\"image\":{\"@type\":\"ImageObject\",\"inLanguage\":\"pt-BR\",\"@id\":\"https:\\\/\\\/secure.gravatar.com\\\/avatar\\\/1072c6b775fb02ef8506ce967551d95926669a6b7d2c2147b42eea4d7c68395e?s=96&d=mm&r=g\",\"url\":\"https:\\\/\\\/secure.gravatar.com\\\/avatar\\\/1072c6b775fb02ef8506ce967551d95926669a6b7d2c2147b42eea4d7c68395e?s=96&d=mm&r=g\",\"contentUrl\":\"https:\\\/\\\/secure.gravatar.com\\\/avatar\\\/1072c6b775fb02ef8506ce967551d95926669a6b7d2c2147b42eea4d7c68395e?s=96&d=mm&r=g\",\"caption\":\"Reda\u00e7\u00e3o\"},\"sameAs\":[\"https:\\\/\\\/transamerica93.com.br\\\/home\"],\"url\":\"https:\\\/\\\/transamerica93.com.br\\\/home\\\/author\\\/william\\\/\"}]}<\/script>\n<!-- \/ Yoast SEO plugin. -->","yoast_head_json":{"title":"Manuela Dias revela que se inspirou em hist\u00f3ria real para 'Justi\u00e7a 2?; saiba qual - Transam\u00e9rica Mococa 93,3","robots":{"index":"index","follow":"follow","max-snippet":"max-snippet:-1","max-image-preview":"max-image-preview:large","max-video-preview":"max-video-preview:-1"},"canonical":"https:\/\/transamerica93.com.br\/home\/manuela-dias-revela-que-se-inspirou-em-historia-real-para-justica-2-saiba-qual\/","og_locale":"pt_BR","og_type":"article","og_title":"Manuela Dias revela que se inspirou em hist\u00f3ria real para 'Justi\u00e7a 2?; saiba qual - Transam\u00e9rica Mococa 93,3","og_description":"Por Reda\u00e7\u00e3o E+ A s\u00e9rie Justi\u00e7a 2, de Manuela Dias, estreou no dia 11 de abril na Globoplay. A autora, que tamb\u00e9m escreveu\u00a0Amor de M\u00e3e, foi ao programa &#8216;Conversa com Bial&#8217; e contou que sua inspira\u00e7\u00e3o para o roteiro da trama veio de uma hist\u00f3ria real. &#8220;Uma funcion\u00e1ria minha, o marido dela foi preso porque &hellip;","og_url":"https:\/\/transamerica93.com.br\/home\/manuela-dias-revela-que-se-inspirou-em-historia-real-para-justica-2-saiba-qual\/","og_site_name":"Transam\u00e9rica Mococa 93,3","article_publisher":"https:\/\/www.facebook.com\/transamericamococa","article_published_time":"2024-05-23T21:00:10+00:00","og_image":[{"width":973,"height":605,"url":"https:\/\/transamerica93.com.br\/home\/wp-content\/uploads\/2024\/05\/imagem-24.jpg","type":"image\/jpeg"}],"author":"Reda\u00e7\u00e3o","twitter_card":"summary_large_image","twitter_creator":"@transamerica933","twitter_site":"@transamerica933","twitter_misc":{"Escrito por":"Reda\u00e7\u00e3o","Est. tempo de leitura":"2 minutos"},"schema":{"@context":"https:\/\/schema.org","@graph":[{"@type":"Article","@id":"https:\/\/transamerica93.com.br\/home\/manuela-dias-revela-que-se-inspirou-em-historia-real-para-justica-2-saiba-qual\/#article","isPartOf":{"@id":"https:\/\/transamerica93.com.br\/home\/manuela-dias-revela-que-se-inspirou-em-historia-real-para-justica-2-saiba-qual\/"},"author":{"name":"Reda\u00e7\u00e3o","@id":"https:\/\/transamerica93.com.br\/home\/#\/schema\/person\/7fed7c99c0d4562efa8561bc0f543172"},"headline":"Manuela Dias revela que se inspirou em hist\u00f3ria real para &#8216;Justi\u00e7a 2?; saiba qual","datePublished":"2024-05-23T21:00:10+00:00","mainEntityOfPage":{"@id":"https:\/\/transamerica93.com.br\/home\/manuela-dias-revela-que-se-inspirou-em-historia-real-para-justica-2-saiba-qual\/"},"wordCount":280,"publisher":{"@id":"https:\/\/transamerica93.com.br\/home\/#organization"},"image":{"@id":"https:\/\/transamerica93.com.br\/home\/manuela-dias-revela-que-se-inspirou-em-historia-real-para-justica-2-saiba-qual\/#primaryimage"},"thumbnailUrl":"https:\/\/transamerica93.com.br\/home\/wp-content\/uploads\/2024\/05\/imagem-24.jpg","articleSection":["Entretenimento"],"inLanguage":"pt-BR"},{"@type":"WebPage","@id":"https:\/\/transamerica93.com.br\/home\/manuela-dias-revela-que-se-inspirou-em-historia-real-para-justica-2-saiba-qual\/","url":"https:\/\/transamerica93.com.br\/home\/manuela-dias-revela-que-se-inspirou-em-historia-real-para-justica-2-saiba-qual\/","name":"Manuela Dias revela que se inspirou em hist\u00f3ria real para 'Justi\u00e7a 2?; saiba qual - Transam\u00e9rica Mococa 93,3","isPartOf":{"@id":"https:\/\/transamerica93.com.br\/home\/#website"},"primaryImageOfPage":{"@id":"https:\/\/transamerica93.com.br\/home\/manuela-dias-revela-que-se-inspirou-em-historia-real-para-justica-2-saiba-qual\/#primaryimage"},"image":{"@id":"https:\/\/transamerica93.com.br\/home\/manuela-dias-revela-que-se-inspirou-em-historia-real-para-justica-2-saiba-qual\/#primaryimage"},"thumbnailUrl":"https:\/\/transamerica93.com.br\/home\/wp-content\/uploads\/2024\/05\/imagem-24.jpg","datePublished":"2024-05-23T21:00:10+00:00","breadcrumb":{"@id":"https:\/\/transamerica93.com.br\/home\/manuela-dias-revela-que-se-inspirou-em-historia-real-para-justica-2-saiba-qual\/#breadcrumb"},"inLanguage":"pt-BR","potentialAction":[{"@type":"ReadAction","target":["https:\/\/transamerica93.com.br\/home\/manuela-dias-revela-que-se-inspirou-em-historia-real-para-justica-2-saiba-qual\/"]}]},{"@type":"ImageObject","inLanguage":"pt-BR","@id":"https:\/\/transamerica93.com.br\/home\/manuela-dias-revela-que-se-inspirou-em-historia-real-para-justica-2-saiba-qual\/#primaryimage","url":"https:\/\/transamerica93.com.br\/home\/wp-content\/uploads\/2024\/05\/imagem-24.jpg","contentUrl":"https:\/\/transamerica93.com.br\/home\/wp-content\/uploads\/2024\/05\/imagem-24.jpg","width":973,"height":605,"caption":"Foto: Instagram @manueladiasautora"},{"@type":"BreadcrumbList","@id":"https:\/\/transamerica93.com.br\/home\/manuela-dias-revela-que-se-inspirou-em-historia-real-para-justica-2-saiba-qual\/#breadcrumb","itemListElement":[{"@type":"ListItem","position":1,"name":"In\u00edcio","item":"https:\/\/transamerica93.com.br\/home\/"},{"@type":"ListItem","position":2,"name":"Manuela Dias revela que se inspirou em hist\u00f3ria real para &#8216;Justi\u00e7a 2?; saiba qual"}]},{"@type":"WebSite","@id":"https:\/\/transamerica93.com.br\/home\/#website","url":"https:\/\/transamerica93.com.br\/home\/","name":"Transam\u00e9rica Mococa 93,3","description":"","publisher":{"@id":"https:\/\/transamerica93.com.br\/home\/#organization"},"potentialAction":[{"@type":"SearchAction","target":{"@type":"EntryPoint","urlTemplate":"https:\/\/transamerica93.com.br\/home\/?s={search_term_string}"},"query-input":{"@type":"PropertyValueSpecification","valueRequired":true,"valueName":"search_term_string"}}],"inLanguage":"pt-BR"},{"@type":"Organization","@id":"https:\/\/transamerica93.com.br\/home\/#organization","name":"Transam\u00e9rica Mococa 93,3","url":"https:\/\/transamerica93.com.br\/home\/","logo":{"@type":"ImageObject","inLanguage":"pt-BR","@id":"https:\/\/transamerica93.com.br\/home\/#\/schema\/logo\/image\/","url":"https:\/\/transamerica93.com.br\/home\/wp-content\/uploads\/2023\/10\/logo2.png","contentUrl":"https:\/\/transamerica93.com.br\/home\/wp-content\/uploads\/2023\/10\/logo2.png","width":800,"height":500,"caption":"Transam\u00e9rica Mococa 93,3"},"image":{"@id":"https:\/\/transamerica93.com.br\/home\/#\/schema\/logo\/image\/"},"sameAs":["https:\/\/www.facebook.com\/transamericamococa","https:\/\/x.com\/transamerica933","https:\/\/www.instagram.com\/transamericamococa"]},{"@type":"Person","@id":"https:\/\/transamerica93.com.br\/home\/#\/schema\/person\/7fed7c99c0d4562efa8561bc0f543172","name":"Reda\u00e7\u00e3o","image":{"@type":"ImageObject","inLanguage":"pt-BR","@id":"https:\/\/secure.gravatar.com\/avatar\/1072c6b775fb02ef8506ce967551d95926669a6b7d2c2147b42eea4d7c68395e?s=96&d=mm&r=g","url":"https:\/\/secure.gravatar.com\/avatar\/1072c6b775fb02ef8506ce967551d95926669a6b7d2c2147b42eea4d7c68395e?s=96&d=mm&r=g","contentUrl":"https:\/\/secure.gravatar.com\/avatar\/1072c6b775fb02ef8506ce967551d95926669a6b7d2c2147b42eea4d7c68395e?s=96&d=mm&r=g","caption":"Reda\u00e7\u00e3o"},"sameAs":["https:\/\/transamerica93.com.br\/home"],"url":"https:\/\/transamerica93.com.br\/home\/author\/william\/"}]}},"_links":{"self":[{"href":"https:\/\/transamerica93.com.br\/home\/wp-json\/wp\/v2\/posts\/3166","targetHints":{"allow":["GET"]}}],"collection":[{"href":"https:\/\/transamerica93.com.br\/home\/wp-json\/wp\/v2\/posts"}],"about":[{"href":"https:\/\/transamerica93.com.br\/home\/wp-json\/wp\/v2\/types\/post"}],"author":[{"embeddable":true,"href":"https:\/\/transamerica93.com.br\/home\/wp-json\/wp\/v2\/users\/1"}],"replies":[{"embeddable":true,"href":"https:\/\/transamerica93.com.br\/home\/wp-json\/wp\/v2\/comments?post=3166"}],"version-history":[{"count":1,"href":"https:\/\/transamerica93.com.br\/home\/wp-json\/wp\/v2\/posts\/3166\/revisions"}],"predecessor-version":[{"id":3168,"href":"https:\/\/transamerica93.com.br\/home\/wp-json\/wp\/v2\/posts\/3166\/revisions\/3168"}],"wp:featuredmedia":[{"embeddable":true,"href":"https:\/\/transamerica93.com.br\/home\/wp-json\/wp\/v2\/media\/3167"}],"wp:attachment":[{"href":"https:\/\/transamerica93.com.br\/home\/wp-json\/wp\/v2\/media?parent=3166"}],"wp:term":[{"taxonomy":"category","embeddable":true,"href":"https:\/\/transamerica93.com.br\/home\/wp-json\/wp\/v2\/categories?post=3166"},{"taxonomy":"post_tag","embeddable":true,"href":"https:\/\/transamerica93.com.br\/home\/wp-json\/wp\/v2\/tags?post=3166"}],"curies":[{"name":"wp","href":"https:\/\/api.w.org\/{rel}","templated":true}]}}