{"id":3173,"date":"2024-05-25T09:00:36","date_gmt":"2024-05-25T12:00:36","guid":{"rendered":"https:\/\/transamerica93.com.br\/home\/?p=3173"},"modified":"2024-05-30T02:31:50","modified_gmt":"2024-05-30T05:31:50","slug":"glaucoma-monitoramento-evitou-cegueira-em-300-mil-brasileiros","status":"publish","type":"post","link":"https:\/\/transamerica93.com.br\/home\/glaucoma-monitoramento-evitou-cegueira-em-300-mil-brasileiros\/","title":{"rendered":"Glaucoma: monitoramento evitou cegueira em 300 mil brasileiros"},"content":{"rendered":"<div class=\"post-item alt-font\">\n<div class=\"post-item-wrap\">\n<p>Ao longo dos \u00faltimos cinco anos, cerca de 300 mil brasileiros foram acompanhados e tratados no intuito de evitar a perda total da vis\u00e3o em raz\u00e3o do glaucoma, considerado atualmente a maior causa de cegueira irrevers\u00edvel do mundo. Os dados foram divulgados pelo\u00a0<a href=\"https:\/\/www.instagram.com\/cbo_oftalmologia\/\" target=\"_blank\" rel=\"noopener\">Conselho Brasileiro de Oftalmologia<\/a>\u00a0(CBO) em raz\u00e3o do Dia Nacional de Combate ao Glaucoma, lembrado neste domingo (26).<img decoding=\"async\" data-src=\"https:\/\/agenciabrasil.ebc.com.br\/ebc.png?id=1597010&amp;o=node\" src=\"data:image\/svg+xml;base64,PHN2ZyB3aWR0aD0iMSIgaGVpZ2h0PSIxIiB4bWxucz0iaHR0cDovL3d3dy53My5vcmcvMjAwMC9zdmciPjwvc3ZnPg==\" class=\"lazyload\" \/><img decoding=\"async\" data-src=\"https:\/\/agenciabrasil.ebc.com.br\/ebc.gif?id=1597010&amp;o=node\" src=\"data:image\/svg+xml;base64,PHN2ZyB3aWR0aD0iMSIgaGVpZ2h0PSIxIiB4bWxucz0iaHR0cDovL3d3dy53My5vcmcvMjAwMC9zdmciPjwvc3ZnPg==\" class=\"lazyload\" \/><\/p>\n<p>\u201cEntre janeiro de 2019 e dezembro de 2023, o atendimento oferecido pelos m\u00e9dicos oftalmologistas na rede p\u00fablica beneficiou esse grupo de pacientes com acesso gratuito a tratamentos medicamentosos. Esse fluxo revela o impacto positivo da assist\u00eancia oftalmol\u00f3gica no SUS [Sistema \u00danico de Sa\u00fade], reduzindo significativamente as chances de pacientes com essa doen\u00e7a desenvolverem quadros graves, com perda de vis\u00e3o irrevers\u00edvel.\u201d<\/p>\n<p>De acordo com o CBO, as estimativas apontam que mais de 1,7 milh\u00e3o de pessoas devem ter glaucoma no Brasil. Assumindo uma estimativa conservadora, 2% da popula\u00e7\u00e3o acima de 40 anos podem apresentar a doen\u00e7a. Na proje\u00e7\u00e3o, foram utilizados dados do \u00faltimo censo do Instituto Brasileiro de Geografia e Estat\u00edstica (IBGE), realizado em 2022, onde a faixa et\u00e1ria acima de 40 anos concentra 85,9 milh\u00f5es de pessoas.<\/p>\n<h2>Estrat\u00e9gias<\/h2>\n<p>\u201cEssa proje\u00e7\u00e3o \u00e9 utilizada para a defini\u00e7\u00e3o de pol\u00edticas p\u00fablicas e estrat\u00e9gias com foco na preven\u00e7\u00e3o, diagn\u00f3stico e tratamento precoces do glaucoma. Al\u00e9m dela, outras estimativas ajudam no planejamento das iniciativas. Por exemplo, estudos apontam que a incid\u00eancia do glaucoma varia entre 1% e 2% na popula\u00e7\u00e3o em geral, aumentando ap\u00f3s os 40 anos (2%) e chegando a mais de 6% ap\u00f3s os 70 anos\u201d, destacou o conselho.<\/p>\n<p>Estudos demonstraram ainda que a preval\u00eancia do glaucoma \u00e9 maior em indiv\u00edduos negros e mulatos quando comparados com os indiv\u00edduos brancos (3,8% e 2,1%, respectivamente). Fatores como hist\u00f3rico familiar da doen\u00e7a, ser negro ou asi\u00e1tico, ter miopia, apresentar press\u00e3o intraocular elevada ou outras doen\u00e7as oculares aumentam as chances de a pessoa desenvolver glaucoma em algum momento de sua vida.<\/p>\n<h2>Les\u00f5es irrevers\u00edveis<\/h2>\n<p>O conselho alerta que a detec\u00e7\u00e3o precoce do glaucoma, por meio de exames oftalmol\u00f3gicos regulares, \u00e9 essencial para identificar e tratar a doen\u00e7a antes que ocorra perda visual. Medidas preventivas e de acompanhamento m\u00e9dico, como monitoramento da press\u00e3o intraocular, uso de medicamentos adequados e tratamentos a laser ou cir\u00fargicos podem ajudar a controlar a progress\u00e3o da doen\u00e7a e proteger a vis\u00e3o a longo prazo.<\/p>\n<h2>Tratamento<\/h2>\n<p>Como pol\u00edtica de combate \u00e0 cegueira causada pelo glaucoma, o Brasil, por recomenda\u00e7\u00e3o do CBO, instituiu, desde 2008, por meio da Portaria 288 do Minist\u00e9rio da Sa\u00fade, o Programa de Aten\u00e7\u00e3o ao Paciente Portador de Glaucoma, que fornece gratuitamente pelo SUS col\u00edrios de primeira, segunda e terceira linhas para o tratamento do glaucoma\u201d, destacou o conselho.<\/p>\n<p>A orienta\u00e7\u00e3o \u00e9 que cada paciente utilize diariamente col\u00edrios disponibilizados para retirada em locais predeterminados pelos governos locais a cada tr\u00eas meses, com uso de documenta\u00e7\u00e3o espec\u00edfica. Em 2023, foram registradas 1.229.822 retiradas de medicamentos desse tipo, o que leva a cerca de 307 mil casos de glaucoma tratados.<\/p>\n<p>\u201cA aplica\u00e7\u00e3o de col\u00edrios ajuda a estabilizar a press\u00e3o intraocular e, como consequ\u00eancia, controlar a doen\u00e7a e evitar a cegueira\u201d, refor\u00e7ou o conselho.<\/p>\n<h2>N\u00fameros<\/h2>\n<p>Entre 2019 e 2023, tratamentos cl\u00ednicos do glaucoma beneficiaram, em m\u00e9dia, 280 mil pacientes de todas as regi\u00f5es brasileiras a cada ano. O Nordeste acumula o maior volume de procedimentos no per\u00edodo avaliado, com uma m\u00e9dia anual de 141,6 mil pessoas atendidas. Na sequ\u00eancia aparecem, com as seguintes m\u00e9dias: Sudeste, com 109,3 mil casos; Sul, com 19 mil; Norte, com 9,2 mil; e Centro-Oeste, com pouco mais de 1 mil pacientes atendidos a cada ano.<\/p>\n<p>Dentre as unidades da Federa\u00e7\u00e3o, no topo do\u00a0<em>ranking<\/em>\u00a0est\u00e3o as seguintes m\u00e9dias por ano: Minas Gerais, com 71,5 mil pacientes beneficiados; Bahia, com 58,1 mil; S\u00e3o Paulo, com 33,9 mil; Pernambuco, com 31,2 mil; e Para\u00edba, com 18,1 mil).<\/p>\n<h2>Perfil<\/h2>\n<p>A maioria dos pacientes submetidos a tratamentos medicamentosos, de acordo com os dados levantados pelo conselho, est\u00e1 na faixa et\u00e1rias acima dos 40 anos, que acumula mais de 96% dos casos. Outro ponto que chama aten\u00e7\u00e3o \u00e9 que o acesso a medicamentos para glaucoma beneficia mais a popula\u00e7\u00e3o feminina: do total de entregas, quase 70% s\u00e3o para mulheres.<\/p>\n<h2>Entenda<\/h2>\n<p>O glaucoma surge em consequ\u00eancia do aumento da press\u00e3o intraocular e gera perda da vis\u00e3o pela destrui\u00e7\u00e3o gradativa do nervo \u00f3ptico, estrutura que conduz as imagens da retina ao c\u00e9rebro. Dependendo do quadro do paciente, interven\u00e7\u00f5es cl\u00ednicas ou cir\u00fargicas podem suspender a progress\u00e3o da doen\u00e7a, mas, segundo o CBO, n\u00e3o s\u00e3o capazes de recuperar a parcela da vis\u00e3o j\u00e1 comprometida.<\/p>\n<h2>Servi\u00e7o<\/h2>\n<p>Para conscientizar a popula\u00e7\u00e3o, o Conselho Brasileiro de Oftalmologia e a Sociedade Brasileira de Glaucoma promovem, neste s\u00e1bado (25), a partir das 9h, o evento 24 Horas pelo Glaucoma. Em formato\u00a0<em>online<\/em>, por meio das redes sociais do\u00a0<a href=\"http:\/\/https\/\/www.instagram.com\/cbo_oftalmologia\/\" target=\"_blank\" rel=\"noopener\">CBO<\/a>, o projeto conta com a participa\u00e7\u00e3o de oftalmologistas, representantes de \u00f3rg\u00e3os competentes, celebridades e pacientes que convivem com a doen\u00e7a.<\/p>\n<\/div>\n<p class=\"alt-font font-italic my-2 small text-info\">Edi\u00e7\u00e3o: Val\u00e9ria Aguiar<\/p>\n<\/div>\n","protected":false},"excerpt":{"rendered":"<p>Ao longo dos \u00faltimos cinco anos, cerca de 300 mil brasileiros foram acompanhados e tratados no intuito de evitar a perda total da vis\u00e3o em raz\u00e3o do glaucoma, considerado atualmente a maior causa de cegueira irrevers\u00edvel do mundo. Os dados foram divulgados pelo\u00a0Conselho Brasileiro de Oftalmologia\u00a0(CBO) em raz\u00e3o do Dia Nacional de Combate ao Glaucoma, &hellip;<\/p>\n","protected":false},"author":1,"featured_media":3174,"comment_status":"closed","ping_status":"closed","sticky":false,"template":"","format":"standard","meta":{"footnotes":""},"categories":[30],"tags":[],"class_list":["post-3173","post","type-post","status-publish","format-standard","has-post-thumbnail","hentry","category-geral"],"yoast_head":"<!-- This site is optimized with the Yoast SEO plugin v27.4 - https:\/\/yoast.com\/product\/yoast-seo-wordpress\/ -->\n<title>Glaucoma: monitoramento evitou cegueira em 300 mil brasileiros - Transam\u00e9rica Mococa 93,3<\/title>\n<meta name=\"robots\" content=\"index, follow, max-snippet:-1, max-image-preview:large, max-video-preview:-1\" \/>\n<link rel=\"canonical\" href=\"https:\/\/transamerica93.com.br\/home\/glaucoma-monitoramento-evitou-cegueira-em-300-mil-brasileiros\/\" \/>\n<meta property=\"og:locale\" content=\"pt_BR\" \/>\n<meta property=\"og:type\" content=\"article\" \/>\n<meta property=\"og:title\" content=\"Glaucoma: monitoramento evitou cegueira em 300 mil brasileiros - Transam\u00e9rica Mococa 93,3\" \/>\n<meta property=\"og:description\" content=\"Ao longo dos \u00faltimos cinco anos, cerca de 300 mil brasileiros foram acompanhados e tratados no intuito de evitar a perda total da vis\u00e3o em raz\u00e3o do glaucoma, considerado atualmente a maior causa de cegueira irrevers\u00edvel do mundo. Os dados foram divulgados pelo\u00a0Conselho Brasileiro de Oftalmologia\u00a0(CBO) em raz\u00e3o do Dia Nacional de Combate ao Glaucoma, &hellip;\" \/>\n<meta property=\"og:url\" content=\"https:\/\/transamerica93.com.br\/home\/glaucoma-monitoramento-evitou-cegueira-em-300-mil-brasileiros\/\" \/>\n<meta property=\"og:site_name\" content=\"Transam\u00e9rica Mococa 93,3\" \/>\n<meta property=\"article:publisher\" content=\"https:\/\/www.facebook.com\/transamericamococa\" \/>\n<meta property=\"article:published_time\" content=\"2024-05-25T12:00:36+00:00\" \/>\n<meta property=\"article:modified_time\" content=\"2024-05-30T05:31:50+00:00\" \/>\n<meta property=\"og:image\" content=\"https:\/\/transamerica93.com.br\/home\/wp-content\/uploads\/2024\/05\/imagem-26.jpg\" \/>\n\t<meta property=\"og:image:width\" content=\"1170\" \/>\n\t<meta property=\"og:image:height\" content=\"700\" \/>\n\t<meta property=\"og:image:type\" content=\"image\/jpeg\" \/>\n<meta name=\"author\" content=\"Reda\u00e7\u00e3o\" \/>\n<meta name=\"twitter:card\" content=\"summary_large_image\" \/>\n<meta name=\"twitter:creator\" content=\"@transamerica933\" \/>\n<meta name=\"twitter:site\" content=\"@transamerica933\" \/>\n<meta name=\"twitter:label1\" content=\"Escrito por\" \/>\n\t<meta name=\"twitter:data1\" content=\"Reda\u00e7\u00e3o\" \/>\n\t<meta name=\"twitter:label2\" content=\"Est. tempo de leitura\" \/>\n\t<meta name=\"twitter:data2\" content=\"6 minutos\" \/>\n<script type=\"application\/ld+json\" class=\"yoast-schema-graph\">{\"@context\":\"https:\\\/\\\/schema.org\",\"@graph\":[{\"@type\":\"Article\",\"@id\":\"https:\\\/\\\/transamerica93.com.br\\\/home\\\/glaucoma-monitoramento-evitou-cegueira-em-300-mil-brasileiros\\\/#article\",\"isPartOf\":{\"@id\":\"https:\\\/\\\/transamerica93.com.br\\\/home\\\/glaucoma-monitoramento-evitou-cegueira-em-300-mil-brasileiros\\\/\"},\"author\":{\"name\":\"Reda\u00e7\u00e3o\",\"@id\":\"https:\\\/\\\/transamerica93.com.br\\\/home\\\/#\\\/schema\\\/person\\\/7fed7c99c0d4562efa8561bc0f543172\"},\"headline\":\"Glaucoma: monitoramento evitou cegueira em 300 mil brasileiros\",\"datePublished\":\"2024-05-25T12:00:36+00:00\",\"dateModified\":\"2024-05-30T05:31:50+00:00\",\"mainEntityOfPage\":{\"@id\":\"https:\\\/\\\/transamerica93.com.br\\\/home\\\/glaucoma-monitoramento-evitou-cegueira-em-300-mil-brasileiros\\\/\"},\"wordCount\":876,\"publisher\":{\"@id\":\"https:\\\/\\\/transamerica93.com.br\\\/home\\\/#organization\"},\"image\":{\"@id\":\"https:\\\/\\\/transamerica93.com.br\\\/home\\\/glaucoma-monitoramento-evitou-cegueira-em-300-mil-brasileiros\\\/#primaryimage\"},\"thumbnailUrl\":\"https:\\\/\\\/transamerica93.com.br\\\/home\\\/wp-content\\\/uploads\\\/2024\\\/05\\\/imagem-26.jpg\",\"articleSection\":[\"Geral\"],\"inLanguage\":\"pt-BR\"},{\"@type\":\"WebPage\",\"@id\":\"https:\\\/\\\/transamerica93.com.br\\\/home\\\/glaucoma-monitoramento-evitou-cegueira-em-300-mil-brasileiros\\\/\",\"url\":\"https:\\\/\\\/transamerica93.com.br\\\/home\\\/glaucoma-monitoramento-evitou-cegueira-em-300-mil-brasileiros\\\/\",\"name\":\"Glaucoma: monitoramento evitou cegueira em 300 mil brasileiros - Transam\u00e9rica Mococa 93,3\",\"isPartOf\":{\"@id\":\"https:\\\/\\\/transamerica93.com.br\\\/home\\\/#website\"},\"primaryImageOfPage\":{\"@id\":\"https:\\\/\\\/transamerica93.com.br\\\/home\\\/glaucoma-monitoramento-evitou-cegueira-em-300-mil-brasileiros\\\/#primaryimage\"},\"image\":{\"@id\":\"https:\\\/\\\/transamerica93.com.br\\\/home\\\/glaucoma-monitoramento-evitou-cegueira-em-300-mil-brasileiros\\\/#primaryimage\"},\"thumbnailUrl\":\"https:\\\/\\\/transamerica93.com.br\\\/home\\\/wp-content\\\/uploads\\\/2024\\\/05\\\/imagem-26.jpg\",\"datePublished\":\"2024-05-25T12:00:36+00:00\",\"dateModified\":\"2024-05-30T05:31:50+00:00\",\"breadcrumb\":{\"@id\":\"https:\\\/\\\/transamerica93.com.br\\\/home\\\/glaucoma-monitoramento-evitou-cegueira-em-300-mil-brasileiros\\\/#breadcrumb\"},\"inLanguage\":\"pt-BR\",\"potentialAction\":[{\"@type\":\"ReadAction\",\"target\":[\"https:\\\/\\\/transamerica93.com.br\\\/home\\\/glaucoma-monitoramento-evitou-cegueira-em-300-mil-brasileiros\\\/\"]}]},{\"@type\":\"ImageObject\",\"inLanguage\":\"pt-BR\",\"@id\":\"https:\\\/\\\/transamerica93.com.br\\\/home\\\/glaucoma-monitoramento-evitou-cegueira-em-300-mil-brasileiros\\\/#primaryimage\",\"url\":\"https:\\\/\\\/transamerica93.com.br\\\/home\\\/wp-content\\\/uploads\\\/2024\\\/05\\\/imagem-26.jpg\",\"contentUrl\":\"https:\\\/\\\/transamerica93.com.br\\\/home\\\/wp-content\\\/uploads\\\/2024\\\/05\\\/imagem-26.jpg\",\"width\":1170,\"height\":700,\"caption\":\"\u00a9 Arquivo\\\/Marcello Casal Jr.\\\/Ag\u00eancia Brasil\"},{\"@type\":\"BreadcrumbList\",\"@id\":\"https:\\\/\\\/transamerica93.com.br\\\/home\\\/glaucoma-monitoramento-evitou-cegueira-em-300-mil-brasileiros\\\/#breadcrumb\",\"itemListElement\":[{\"@type\":\"ListItem\",\"position\":1,\"name\":\"In\u00edcio\",\"item\":\"https:\\\/\\\/transamerica93.com.br\\\/home\\\/\"},{\"@type\":\"ListItem\",\"position\":2,\"name\":\"Glaucoma: monitoramento evitou cegueira em 300 mil brasileiros\"}]},{\"@type\":\"WebSite\",\"@id\":\"https:\\\/\\\/transamerica93.com.br\\\/home\\\/#website\",\"url\":\"https:\\\/\\\/transamerica93.com.br\\\/home\\\/\",\"name\":\"Transam\u00e9rica Mococa 93,3\",\"description\":\"\",\"publisher\":{\"@id\":\"https:\\\/\\\/transamerica93.com.br\\\/home\\\/#organization\"},\"potentialAction\":[{\"@type\":\"SearchAction\",\"target\":{\"@type\":\"EntryPoint\",\"urlTemplate\":\"https:\\\/\\\/transamerica93.com.br\\\/home\\\/?s={search_term_string}\"},\"query-input\":{\"@type\":\"PropertyValueSpecification\",\"valueRequired\":true,\"valueName\":\"search_term_string\"}}],\"inLanguage\":\"pt-BR\"},{\"@type\":\"Organization\",\"@id\":\"https:\\\/\\\/transamerica93.com.br\\\/home\\\/#organization\",\"name\":\"Transam\u00e9rica Mococa 93,3\",\"url\":\"https:\\\/\\\/transamerica93.com.br\\\/home\\\/\",\"logo\":{\"@type\":\"ImageObject\",\"inLanguage\":\"pt-BR\",\"@id\":\"https:\\\/\\\/transamerica93.com.br\\\/home\\\/#\\\/schema\\\/logo\\\/image\\\/\",\"url\":\"https:\\\/\\\/transamerica93.com.br\\\/home\\\/wp-content\\\/uploads\\\/2023\\\/10\\\/logo2.png\",\"contentUrl\":\"https:\\\/\\\/transamerica93.com.br\\\/home\\\/wp-content\\\/uploads\\\/2023\\\/10\\\/logo2.png\",\"width\":800,\"height\":500,\"caption\":\"Transam\u00e9rica Mococa 93,3\"},\"image\":{\"@id\":\"https:\\\/\\\/transamerica93.com.br\\\/home\\\/#\\\/schema\\\/logo\\\/image\\\/\"},\"sameAs\":[\"https:\\\/\\\/www.facebook.com\\\/transamericamococa\",\"https:\\\/\\\/x.com\\\/transamerica933\",\"https:\\\/\\\/www.instagram.com\\\/transamericamococa\"]},{\"@type\":\"Person\",\"@id\":\"https:\\\/\\\/transamerica93.com.br\\\/home\\\/#\\\/schema\\\/person\\\/7fed7c99c0d4562efa8561bc0f543172\",\"name\":\"Reda\u00e7\u00e3o\",\"image\":{\"@type\":\"ImageObject\",\"inLanguage\":\"pt-BR\",\"@id\":\"https:\\\/\\\/secure.gravatar.com\\\/avatar\\\/1072c6b775fb02ef8506ce967551d95926669a6b7d2c2147b42eea4d7c68395e?s=96&d=mm&r=g\",\"url\":\"https:\\\/\\\/secure.gravatar.com\\\/avatar\\\/1072c6b775fb02ef8506ce967551d95926669a6b7d2c2147b42eea4d7c68395e?s=96&d=mm&r=g\",\"contentUrl\":\"https:\\\/\\\/secure.gravatar.com\\\/avatar\\\/1072c6b775fb02ef8506ce967551d95926669a6b7d2c2147b42eea4d7c68395e?s=96&d=mm&r=g\",\"caption\":\"Reda\u00e7\u00e3o\"},\"sameAs\":[\"https:\\\/\\\/transamerica93.com.br\\\/home\"],\"url\":\"https:\\\/\\\/transamerica93.com.br\\\/home\\\/author\\\/william\\\/\"}]}<\/script>\n<!-- \/ Yoast SEO plugin. -->","yoast_head_json":{"title":"Glaucoma: monitoramento evitou cegueira em 300 mil brasileiros - Transam\u00e9rica Mococa 93,3","robots":{"index":"index","follow":"follow","max-snippet":"max-snippet:-1","max-image-preview":"max-image-preview:large","max-video-preview":"max-video-preview:-1"},"canonical":"https:\/\/transamerica93.com.br\/home\/glaucoma-monitoramento-evitou-cegueira-em-300-mil-brasileiros\/","og_locale":"pt_BR","og_type":"article","og_title":"Glaucoma: monitoramento evitou cegueira em 300 mil brasileiros - Transam\u00e9rica Mococa 93,3","og_description":"Ao longo dos \u00faltimos cinco anos, cerca de 300 mil brasileiros foram acompanhados e tratados no intuito de evitar a perda total da vis\u00e3o em raz\u00e3o do glaucoma, considerado atualmente a maior causa de cegueira irrevers\u00edvel do mundo. Os dados foram divulgados pelo\u00a0Conselho Brasileiro de Oftalmologia\u00a0(CBO) em raz\u00e3o do Dia Nacional de Combate ao Glaucoma, &hellip;","og_url":"https:\/\/transamerica93.com.br\/home\/glaucoma-monitoramento-evitou-cegueira-em-300-mil-brasileiros\/","og_site_name":"Transam\u00e9rica Mococa 93,3","article_publisher":"https:\/\/www.facebook.com\/transamericamococa","article_published_time":"2024-05-25T12:00:36+00:00","article_modified_time":"2024-05-30T05:31:50+00:00","og_image":[{"width":1170,"height":700,"url":"https:\/\/transamerica93.com.br\/home\/wp-content\/uploads\/2024\/05\/imagem-26.jpg","type":"image\/jpeg"}],"author":"Reda\u00e7\u00e3o","twitter_card":"summary_large_image","twitter_creator":"@transamerica933","twitter_site":"@transamerica933","twitter_misc":{"Escrito por":"Reda\u00e7\u00e3o","Est. tempo de leitura":"6 minutos"},"schema":{"@context":"https:\/\/schema.org","@graph":[{"@type":"Article","@id":"https:\/\/transamerica93.com.br\/home\/glaucoma-monitoramento-evitou-cegueira-em-300-mil-brasileiros\/#article","isPartOf":{"@id":"https:\/\/transamerica93.com.br\/home\/glaucoma-monitoramento-evitou-cegueira-em-300-mil-brasileiros\/"},"author":{"name":"Reda\u00e7\u00e3o","@id":"https:\/\/transamerica93.com.br\/home\/#\/schema\/person\/7fed7c99c0d4562efa8561bc0f543172"},"headline":"Glaucoma: monitoramento evitou cegueira em 300 mil brasileiros","datePublished":"2024-05-25T12:00:36+00:00","dateModified":"2024-05-30T05:31:50+00:00","mainEntityOfPage":{"@id":"https:\/\/transamerica93.com.br\/home\/glaucoma-monitoramento-evitou-cegueira-em-300-mil-brasileiros\/"},"wordCount":876,"publisher":{"@id":"https:\/\/transamerica93.com.br\/home\/#organization"},"image":{"@id":"https:\/\/transamerica93.com.br\/home\/glaucoma-monitoramento-evitou-cegueira-em-300-mil-brasileiros\/#primaryimage"},"thumbnailUrl":"https:\/\/transamerica93.com.br\/home\/wp-content\/uploads\/2024\/05\/imagem-26.jpg","articleSection":["Geral"],"inLanguage":"pt-BR"},{"@type":"WebPage","@id":"https:\/\/transamerica93.com.br\/home\/glaucoma-monitoramento-evitou-cegueira-em-300-mil-brasileiros\/","url":"https:\/\/transamerica93.com.br\/home\/glaucoma-monitoramento-evitou-cegueira-em-300-mil-brasileiros\/","name":"Glaucoma: monitoramento evitou cegueira em 300 mil brasileiros - Transam\u00e9rica Mococa 93,3","isPartOf":{"@id":"https:\/\/transamerica93.com.br\/home\/#website"},"primaryImageOfPage":{"@id":"https:\/\/transamerica93.com.br\/home\/glaucoma-monitoramento-evitou-cegueira-em-300-mil-brasileiros\/#primaryimage"},"image":{"@id":"https:\/\/transamerica93.com.br\/home\/glaucoma-monitoramento-evitou-cegueira-em-300-mil-brasileiros\/#primaryimage"},"thumbnailUrl":"https:\/\/transamerica93.com.br\/home\/wp-content\/uploads\/2024\/05\/imagem-26.jpg","datePublished":"2024-05-25T12:00:36+00:00","dateModified":"2024-05-30T05:31:50+00:00","breadcrumb":{"@id":"https:\/\/transamerica93.com.br\/home\/glaucoma-monitoramento-evitou-cegueira-em-300-mil-brasileiros\/#breadcrumb"},"inLanguage":"pt-BR","potentialAction":[{"@type":"ReadAction","target":["https:\/\/transamerica93.com.br\/home\/glaucoma-monitoramento-evitou-cegueira-em-300-mil-brasileiros\/"]}]},{"@type":"ImageObject","inLanguage":"pt-BR","@id":"https:\/\/transamerica93.com.br\/home\/glaucoma-monitoramento-evitou-cegueira-em-300-mil-brasileiros\/#primaryimage","url":"https:\/\/transamerica93.com.br\/home\/wp-content\/uploads\/2024\/05\/imagem-26.jpg","contentUrl":"https:\/\/transamerica93.com.br\/home\/wp-content\/uploads\/2024\/05\/imagem-26.jpg","width":1170,"height":700,"caption":"\u00a9 Arquivo\/Marcello Casal Jr.\/Ag\u00eancia Brasil"},{"@type":"BreadcrumbList","@id":"https:\/\/transamerica93.com.br\/home\/glaucoma-monitoramento-evitou-cegueira-em-300-mil-brasileiros\/#breadcrumb","itemListElement":[{"@type":"ListItem","position":1,"name":"In\u00edcio","item":"https:\/\/transamerica93.com.br\/home\/"},{"@type":"ListItem","position":2,"name":"Glaucoma: monitoramento evitou cegueira em 300 mil brasileiros"}]},{"@type":"WebSite","@id":"https:\/\/transamerica93.com.br\/home\/#website","url":"https:\/\/transamerica93.com.br\/home\/","name":"Transam\u00e9rica Mococa 93,3","description":"","publisher":{"@id":"https:\/\/transamerica93.com.br\/home\/#organization"},"potentialAction":[{"@type":"SearchAction","target":{"@type":"EntryPoint","urlTemplate":"https:\/\/transamerica93.com.br\/home\/?s={search_term_string}"},"query-input":{"@type":"PropertyValueSpecification","valueRequired":true,"valueName":"search_term_string"}}],"inLanguage":"pt-BR"},{"@type":"Organization","@id":"https:\/\/transamerica93.com.br\/home\/#organization","name":"Transam\u00e9rica Mococa 93,3","url":"https:\/\/transamerica93.com.br\/home\/","logo":{"@type":"ImageObject","inLanguage":"pt-BR","@id":"https:\/\/transamerica93.com.br\/home\/#\/schema\/logo\/image\/","url":"https:\/\/transamerica93.com.br\/home\/wp-content\/uploads\/2023\/10\/logo2.png","contentUrl":"https:\/\/transamerica93.com.br\/home\/wp-content\/uploads\/2023\/10\/logo2.png","width":800,"height":500,"caption":"Transam\u00e9rica Mococa 93,3"},"image":{"@id":"https:\/\/transamerica93.com.br\/home\/#\/schema\/logo\/image\/"},"sameAs":["https:\/\/www.facebook.com\/transamericamococa","https:\/\/x.com\/transamerica933","https:\/\/www.instagram.com\/transamericamococa"]},{"@type":"Person","@id":"https:\/\/transamerica93.com.br\/home\/#\/schema\/person\/7fed7c99c0d4562efa8561bc0f543172","name":"Reda\u00e7\u00e3o","image":{"@type":"ImageObject","inLanguage":"pt-BR","@id":"https:\/\/secure.gravatar.com\/avatar\/1072c6b775fb02ef8506ce967551d95926669a6b7d2c2147b42eea4d7c68395e?s=96&d=mm&r=g","url":"https:\/\/secure.gravatar.com\/avatar\/1072c6b775fb02ef8506ce967551d95926669a6b7d2c2147b42eea4d7c68395e?s=96&d=mm&r=g","contentUrl":"https:\/\/secure.gravatar.com\/avatar\/1072c6b775fb02ef8506ce967551d95926669a6b7d2c2147b42eea4d7c68395e?s=96&d=mm&r=g","caption":"Reda\u00e7\u00e3o"},"sameAs":["https:\/\/transamerica93.com.br\/home"],"url":"https:\/\/transamerica93.com.br\/home\/author\/william\/"}]}},"_links":{"self":[{"href":"https:\/\/transamerica93.com.br\/home\/wp-json\/wp\/v2\/posts\/3173","targetHints":{"allow":["GET"]}}],"collection":[{"href":"https:\/\/transamerica93.com.br\/home\/wp-json\/wp\/v2\/posts"}],"about":[{"href":"https:\/\/transamerica93.com.br\/home\/wp-json\/wp\/v2\/types\/post"}],"author":[{"embeddable":true,"href":"https:\/\/transamerica93.com.br\/home\/wp-json\/wp\/v2\/users\/1"}],"replies":[{"embeddable":true,"href":"https:\/\/transamerica93.com.br\/home\/wp-json\/wp\/v2\/comments?post=3173"}],"version-history":[{"count":1,"href":"https:\/\/transamerica93.com.br\/home\/wp-json\/wp\/v2\/posts\/3173\/revisions"}],"predecessor-version":[{"id":3175,"href":"https:\/\/transamerica93.com.br\/home\/wp-json\/wp\/v2\/posts\/3173\/revisions\/3175"}],"wp:featuredmedia":[{"embeddable":true,"href":"https:\/\/transamerica93.com.br\/home\/wp-json\/wp\/v2\/media\/3174"}],"wp:attachment":[{"href":"https:\/\/transamerica93.com.br\/home\/wp-json\/wp\/v2\/media?parent=3173"}],"wp:term":[{"taxonomy":"category","embeddable":true,"href":"https:\/\/transamerica93.com.br\/home\/wp-json\/wp\/v2\/categories?post=3173"},{"taxonomy":"post_tag","embeddable":true,"href":"https:\/\/transamerica93.com.br\/home\/wp-json\/wp\/v2\/tags?post=3173"}],"curies":[{"name":"wp","href":"https:\/\/api.w.org\/{rel}","templated":true}]}}