{"id":3176,"date":"2024-05-25T12:00:53","date_gmt":"2024-05-25T15:00:53","guid":{"rendered":"https:\/\/transamerica93.com.br\/home\/?p=3176"},"modified":"2024-05-30T02:33:58","modified_gmt":"2024-05-30T05:33:58","slug":"brasil-encerra-mundial-de-atletismo-com-mais-seis-medalhas","status":"publish","type":"post","link":"https:\/\/transamerica93.com.br\/home\/brasil-encerra-mundial-de-atletismo-com-mais-seis-medalhas\/","title":{"rendered":"Brasil encerra Mundial de Atletismo com mais seis medalhas"},"content":{"rendered":"<div class=\"post-item-wrap\">\n<p>O Brasil encerrou, na manh\u00e3 deste s\u00e1bado (25) no est\u00e1dio Kobe Universiade Memorial Stadium, o Mundial de atletismo paral\u00edmpico com a conquista de mais seis medalhas, com destaque para o ouro alcan\u00e7ado pelo ga\u00facho Wallison Fortes na prova dos 200 metros T64 (para amputados de membros inferiores com pr\u00f3tese).<img decoding=\"async\" data-src=\"https:\/\/agenciabrasil.ebc.com.br\/ebc.png?id=1597232&amp;o=node\" src=\"data:image\/svg+xml;base64,PHN2ZyB3aWR0aD0iMSIgaGVpZ2h0PSIxIiB4bWxucz0iaHR0cDovL3d3dy53My5vcmcvMjAwMC9zdmciPjwvc3ZnPg==\" class=\"lazyload\" \/><img decoding=\"async\" data-src=\"https:\/\/agenciabrasil.ebc.com.br\/ebc.gif?id=1597232&amp;o=node\" src=\"data:image\/svg+xml;base64,PHN2ZyB3aWR0aD0iMSIgaGVpZ2h0PSIxIiB4bWxucz0iaHR0cDovL3d3dy53My5vcmcvMjAwMC9zdmciPjwvc3ZnPg==\" class=\"lazyload\" \/><\/p>\n<p>Al\u00e9m disso, a equipe brasileira subiu ao p\u00f3dio com a prata de prata Thalita Simpl\u00edcio e os bronzes de Jerusa Geber, Lorraine Aguiar, Rayane Soares e Rodrigo Parreira.<\/p>\n<p>Wallison Fortes, um dos estreantes na competi\u00e7\u00e3o, venceu a prova dos 200 metros T64 de forma emocionante, sofrendo uma queda, o que levou o photo finish (imagem digital da chegada) a determinar a medalha de prata para o brasileiro por causa de um bra\u00e7o de vantagem sobre os advers\u00e1rios. Por\u00e9m, logo ap\u00f3s a prova, o italino Francesco Loragno, medalhista de ouro at\u00e9 ent\u00e3o, foi desclassificado por ter invadido a raia advers\u00e1ria. Com isso Wallison foi considerado o primeiro colocado e alcan\u00e7ou um dos crit\u00e9rios do Comit\u00ea Paral\u00edmpico Brasileiro (CPB) para se credenciar a disputar os Jogos de Paris. Por\u00e9m, os atletas devem aguardar a convoca\u00e7\u00e3o do CPB.<\/p>\n<p>\u201cEstou muito feliz porque isso [essa vit\u00f3ria] garante a minha vaga nos Jogos Paral\u00edmpicos. Foi uma bela estreia em Mundiais. N\u00e3o \u00e9 m\u00e9rito s\u00f3 meu. \u00c9 de toda a equipe. Foi um momento muito dif\u00edcil, ver a nossa casa muito afetada pela chuva, meus pais passando por aquela situa\u00e7\u00e3o. Mas isso me encorajou\u201d, declarou Wallison, que \u00e9 nascido em Eldorado do Sul, um dos locais mais impactados pelas enchentes no Rio Grande do Sul.<\/p>\n<p>J\u00e1 na prova dos 200 metros T11 (defici\u00eancia intelectual) feminino, a chinesa Cuiqing Liu cravou o novo recorde mundial, com o tempo de 24s36, e ficou com o ouro. J\u00e1 a potiguar Thalita Simpl\u00edcio chegou na segunda coloca\u00e7\u00e3o, com 24s95, e conquistou a prata. J\u00e1 o bronze ficou com a acreana Jerusa Geber.<\/p>\n<p>Outros bronzes do Brasil neste s\u00e1bado foram alcan\u00e7ados pela capixaba Lorraine Aguiar, nos 200 metros T12 (defici\u00eancia visual), a maranhense Rayane Soares, nos 400 metros T13 (defici\u00eancia visual), e com o goiano Rodrigo Parreira, no salto em dist\u00e2ncia T36 (paralisados cerebrais).<\/p>\n<p>Com estas medalhas a sele\u00e7\u00e3o brasileira terminou o Mundial de Kobe com a segunda posi\u00e7\u00e3o do quadro geral de medalhas, com 42 no total (sendo 19 ouros, 12 pratas e 11 bronzes). A l\u00edder foi a China, com 33 ouros, 30 pratas e 24 bronzes.<\/p>\n<p>\u201cA gente sai daqui [Kobe] com um sentimento de alegria, uma sensa\u00e7\u00e3o de dever cumprido. Mas, por outro lado, com sentimento de um baita desafio e de muita expectativa para os Jogos Paral\u00edmpicos de Paris, que s\u00e3o o nosso principal objetivo do ciclo. O Campeonato Mundial demonstrou que n\u00f3s estamos no caminho certo. Muita gente nova chegando por meio de nossos projetos de forma\u00e7\u00e3o, como a Escola Paral\u00edmpica de Esportes, os Centros de Refer\u00eancia e o Camping Escolar Paral\u00edmpico. Esse Mundial nos deixa a certeza de que o futuro ser\u00e1 ainda melhor que o presente\u201d, avaliou Mizael Conrado, presidente do CPB.<\/p>\n<\/div>\n<p class=\"alt-font font-italic my-2 small text-info\">Edi\u00e7\u00e3o: F\u00e1bio Lisboa<\/p>\n","protected":false},"excerpt":{"rendered":"<p>O Brasil encerrou, na manh\u00e3 deste s\u00e1bado (25) no est\u00e1dio Kobe Universiade Memorial Stadium, o Mundial de atletismo paral\u00edmpico com a conquista de mais seis medalhas, com destaque para o ouro alcan\u00e7ado pelo ga\u00facho Wallison Fortes na prova dos 200 metros T64 (para amputados de membros inferiores com pr\u00f3tese). Al\u00e9m disso, a equipe brasileira subiu &hellip;<\/p>\n","protected":false},"author":1,"featured_media":3177,"comment_status":"closed","ping_status":"closed","sticky":false,"template":"","format":"standard","meta":{"footnotes":""},"categories":[31],"tags":[],"class_list":["post-3176","post","type-post","status-publish","format-standard","has-post-thumbnail","hentry","category-esportes"],"yoast_head":"<!-- This site is optimized with the Yoast SEO plugin v27.4 - https:\/\/yoast.com\/product\/yoast-seo-wordpress\/ -->\n<title>Brasil encerra Mundial de Atletismo com mais seis medalhas - Transam\u00e9rica Mococa 93,3<\/title>\n<meta name=\"robots\" content=\"index, follow, max-snippet:-1, max-image-preview:large, max-video-preview:-1\" \/>\n<link rel=\"canonical\" href=\"https:\/\/transamerica93.com.br\/home\/brasil-encerra-mundial-de-atletismo-com-mais-seis-medalhas\/\" \/>\n<meta property=\"og:locale\" content=\"pt_BR\" \/>\n<meta property=\"og:type\" content=\"article\" \/>\n<meta property=\"og:title\" content=\"Brasil encerra Mundial de Atletismo com mais seis medalhas - Transam\u00e9rica Mococa 93,3\" \/>\n<meta property=\"og:description\" content=\"O Brasil encerrou, na manh\u00e3 deste s\u00e1bado (25) no est\u00e1dio Kobe Universiade Memorial Stadium, o Mundial de atletismo paral\u00edmpico com a conquista de mais seis medalhas, com destaque para o ouro alcan\u00e7ado pelo ga\u00facho Wallison Fortes na prova dos 200 metros T64 (para amputados de membros inferiores com pr\u00f3tese). Al\u00e9m disso, a equipe brasileira subiu &hellip;\" \/>\n<meta property=\"og:url\" content=\"https:\/\/transamerica93.com.br\/home\/brasil-encerra-mundial-de-atletismo-com-mais-seis-medalhas\/\" \/>\n<meta property=\"og:site_name\" content=\"Transam\u00e9rica Mococa 93,3\" \/>\n<meta property=\"article:publisher\" content=\"https:\/\/www.facebook.com\/transamericamococa\" \/>\n<meta property=\"article:published_time\" content=\"2024-05-25T15:00:53+00:00\" \/>\n<meta property=\"article:modified_time\" content=\"2024-05-30T05:33:58+00:00\" \/>\n<meta property=\"og:image\" content=\"https:\/\/transamerica93.com.br\/home\/wp-content\/uploads\/2024\/05\/imagem-27.jpg\" \/>\n\t<meta property=\"og:image:width\" content=\"1170\" \/>\n\t<meta property=\"og:image:height\" content=\"700\" \/>\n\t<meta property=\"og:image:type\" content=\"image\/jpeg\" \/>\n<meta name=\"author\" content=\"Reda\u00e7\u00e3o\" \/>\n<meta name=\"twitter:card\" content=\"summary_large_image\" \/>\n<meta name=\"twitter:creator\" content=\"@transamerica933\" \/>\n<meta name=\"twitter:site\" content=\"@transamerica933\" \/>\n<meta name=\"twitter:label1\" content=\"Escrito por\" \/>\n\t<meta name=\"twitter:data1\" content=\"Reda\u00e7\u00e3o\" \/>\n\t<meta name=\"twitter:label2\" content=\"Est. tempo de leitura\" \/>\n\t<meta name=\"twitter:data2\" content=\"4 minutos\" \/>\n<script type=\"application\/ld+json\" class=\"yoast-schema-graph\">{\"@context\":\"https:\\\/\\\/schema.org\",\"@graph\":[{\"@type\":\"Article\",\"@id\":\"https:\\\/\\\/transamerica93.com.br\\\/home\\\/brasil-encerra-mundial-de-atletismo-com-mais-seis-medalhas\\\/#article\",\"isPartOf\":{\"@id\":\"https:\\\/\\\/transamerica93.com.br\\\/home\\\/brasil-encerra-mundial-de-atletismo-com-mais-seis-medalhas\\\/\"},\"author\":{\"name\":\"Reda\u00e7\u00e3o\",\"@id\":\"https:\\\/\\\/transamerica93.com.br\\\/home\\\/#\\\/schema\\\/person\\\/7fed7c99c0d4562efa8561bc0f543172\"},\"headline\":\"Brasil encerra Mundial de Atletismo com mais seis medalhas\",\"datePublished\":\"2024-05-25T15:00:53+00:00\",\"dateModified\":\"2024-05-30T05:33:58+00:00\",\"mainEntityOfPage\":{\"@id\":\"https:\\\/\\\/transamerica93.com.br\\\/home\\\/brasil-encerra-mundial-de-atletismo-com-mais-seis-medalhas\\\/\"},\"wordCount\":542,\"publisher\":{\"@id\":\"https:\\\/\\\/transamerica93.com.br\\\/home\\\/#organization\"},\"image\":{\"@id\":\"https:\\\/\\\/transamerica93.com.br\\\/home\\\/brasil-encerra-mundial-de-atletismo-com-mais-seis-medalhas\\\/#primaryimage\"},\"thumbnailUrl\":\"https:\\\/\\\/transamerica93.com.br\\\/home\\\/wp-content\\\/uploads\\\/2024\\\/05\\\/imagem-27.jpg\",\"articleSection\":[\"Esportes\"],\"inLanguage\":\"pt-BR\"},{\"@type\":\"WebPage\",\"@id\":\"https:\\\/\\\/transamerica93.com.br\\\/home\\\/brasil-encerra-mundial-de-atletismo-com-mais-seis-medalhas\\\/\",\"url\":\"https:\\\/\\\/transamerica93.com.br\\\/home\\\/brasil-encerra-mundial-de-atletismo-com-mais-seis-medalhas\\\/\",\"name\":\"Brasil encerra Mundial de Atletismo com mais seis medalhas - Transam\u00e9rica Mococa 93,3\",\"isPartOf\":{\"@id\":\"https:\\\/\\\/transamerica93.com.br\\\/home\\\/#website\"},\"primaryImageOfPage\":{\"@id\":\"https:\\\/\\\/transamerica93.com.br\\\/home\\\/brasil-encerra-mundial-de-atletismo-com-mais-seis-medalhas\\\/#primaryimage\"},\"image\":{\"@id\":\"https:\\\/\\\/transamerica93.com.br\\\/home\\\/brasil-encerra-mundial-de-atletismo-com-mais-seis-medalhas\\\/#primaryimage\"},\"thumbnailUrl\":\"https:\\\/\\\/transamerica93.com.br\\\/home\\\/wp-content\\\/uploads\\\/2024\\\/05\\\/imagem-27.jpg\",\"datePublished\":\"2024-05-25T15:00:53+00:00\",\"dateModified\":\"2024-05-30T05:33:58+00:00\",\"breadcrumb\":{\"@id\":\"https:\\\/\\\/transamerica93.com.br\\\/home\\\/brasil-encerra-mundial-de-atletismo-com-mais-seis-medalhas\\\/#breadcrumb\"},\"inLanguage\":\"pt-BR\",\"potentialAction\":[{\"@type\":\"ReadAction\",\"target\":[\"https:\\\/\\\/transamerica93.com.br\\\/home\\\/brasil-encerra-mundial-de-atletismo-com-mais-seis-medalhas\\\/\"]}]},{\"@type\":\"ImageObject\",\"inLanguage\":\"pt-BR\",\"@id\":\"https:\\\/\\\/transamerica93.com.br\\\/home\\\/brasil-encerra-mundial-de-atletismo-com-mais-seis-medalhas\\\/#primaryimage\",\"url\":\"https:\\\/\\\/transamerica93.com.br\\\/home\\\/wp-content\\\/uploads\\\/2024\\\/05\\\/imagem-27.jpg\",\"contentUrl\":\"https:\\\/\\\/transamerica93.com.br\\\/home\\\/wp-content\\\/uploads\\\/2024\\\/05\\\/imagem-27.jpg\",\"width\":1170,\"height\":700,\"caption\":\"\u00a9 Alessandra Cabral\\\/CPB\\\/Direitos Reservados\"},{\"@type\":\"BreadcrumbList\",\"@id\":\"https:\\\/\\\/transamerica93.com.br\\\/home\\\/brasil-encerra-mundial-de-atletismo-com-mais-seis-medalhas\\\/#breadcrumb\",\"itemListElement\":[{\"@type\":\"ListItem\",\"position\":1,\"name\":\"In\u00edcio\",\"item\":\"https:\\\/\\\/transamerica93.com.br\\\/home\\\/\"},{\"@type\":\"ListItem\",\"position\":2,\"name\":\"Brasil encerra Mundial de Atletismo com mais seis medalhas\"}]},{\"@type\":\"WebSite\",\"@id\":\"https:\\\/\\\/transamerica93.com.br\\\/home\\\/#website\",\"url\":\"https:\\\/\\\/transamerica93.com.br\\\/home\\\/\",\"name\":\"Transam\u00e9rica Mococa 93,3\",\"description\":\"\",\"publisher\":{\"@id\":\"https:\\\/\\\/transamerica93.com.br\\\/home\\\/#organization\"},\"potentialAction\":[{\"@type\":\"SearchAction\",\"target\":{\"@type\":\"EntryPoint\",\"urlTemplate\":\"https:\\\/\\\/transamerica93.com.br\\\/home\\\/?s={search_term_string}\"},\"query-input\":{\"@type\":\"PropertyValueSpecification\",\"valueRequired\":true,\"valueName\":\"search_term_string\"}}],\"inLanguage\":\"pt-BR\"},{\"@type\":\"Organization\",\"@id\":\"https:\\\/\\\/transamerica93.com.br\\\/home\\\/#organization\",\"name\":\"Transam\u00e9rica Mococa 93,3\",\"url\":\"https:\\\/\\\/transamerica93.com.br\\\/home\\\/\",\"logo\":{\"@type\":\"ImageObject\",\"inLanguage\":\"pt-BR\",\"@id\":\"https:\\\/\\\/transamerica93.com.br\\\/home\\\/#\\\/schema\\\/logo\\\/image\\\/\",\"url\":\"https:\\\/\\\/transamerica93.com.br\\\/home\\\/wp-content\\\/uploads\\\/2023\\\/10\\\/logo2.png\",\"contentUrl\":\"https:\\\/\\\/transamerica93.com.br\\\/home\\\/wp-content\\\/uploads\\\/2023\\\/10\\\/logo2.png\",\"width\":800,\"height\":500,\"caption\":\"Transam\u00e9rica Mococa 93,3\"},\"image\":{\"@id\":\"https:\\\/\\\/transamerica93.com.br\\\/home\\\/#\\\/schema\\\/logo\\\/image\\\/\"},\"sameAs\":[\"https:\\\/\\\/www.facebook.com\\\/transamericamococa\",\"https:\\\/\\\/x.com\\\/transamerica933\",\"https:\\\/\\\/www.instagram.com\\\/transamericamococa\"]},{\"@type\":\"Person\",\"@id\":\"https:\\\/\\\/transamerica93.com.br\\\/home\\\/#\\\/schema\\\/person\\\/7fed7c99c0d4562efa8561bc0f543172\",\"name\":\"Reda\u00e7\u00e3o\",\"image\":{\"@type\":\"ImageObject\",\"inLanguage\":\"pt-BR\",\"@id\":\"https:\\\/\\\/secure.gravatar.com\\\/avatar\\\/1072c6b775fb02ef8506ce967551d95926669a6b7d2c2147b42eea4d7c68395e?s=96&d=mm&r=g\",\"url\":\"https:\\\/\\\/secure.gravatar.com\\\/avatar\\\/1072c6b775fb02ef8506ce967551d95926669a6b7d2c2147b42eea4d7c68395e?s=96&d=mm&r=g\",\"contentUrl\":\"https:\\\/\\\/secure.gravatar.com\\\/avatar\\\/1072c6b775fb02ef8506ce967551d95926669a6b7d2c2147b42eea4d7c68395e?s=96&d=mm&r=g\",\"caption\":\"Reda\u00e7\u00e3o\"},\"sameAs\":[\"https:\\\/\\\/transamerica93.com.br\\\/home\"],\"url\":\"https:\\\/\\\/transamerica93.com.br\\\/home\\\/author\\\/william\\\/\"}]}<\/script>\n<!-- \/ Yoast SEO plugin. -->","yoast_head_json":{"title":"Brasil encerra Mundial de Atletismo com mais seis medalhas - Transam\u00e9rica Mococa 93,3","robots":{"index":"index","follow":"follow","max-snippet":"max-snippet:-1","max-image-preview":"max-image-preview:large","max-video-preview":"max-video-preview:-1"},"canonical":"https:\/\/transamerica93.com.br\/home\/brasil-encerra-mundial-de-atletismo-com-mais-seis-medalhas\/","og_locale":"pt_BR","og_type":"article","og_title":"Brasil encerra Mundial de Atletismo com mais seis medalhas - Transam\u00e9rica Mococa 93,3","og_description":"O Brasil encerrou, na manh\u00e3 deste s\u00e1bado (25) no est\u00e1dio Kobe Universiade Memorial Stadium, o Mundial de atletismo paral\u00edmpico com a conquista de mais seis medalhas, com destaque para o ouro alcan\u00e7ado pelo ga\u00facho Wallison Fortes na prova dos 200 metros T64 (para amputados de membros inferiores com pr\u00f3tese). Al\u00e9m disso, a equipe brasileira subiu &hellip;","og_url":"https:\/\/transamerica93.com.br\/home\/brasil-encerra-mundial-de-atletismo-com-mais-seis-medalhas\/","og_site_name":"Transam\u00e9rica Mococa 93,3","article_publisher":"https:\/\/www.facebook.com\/transamericamococa","article_published_time":"2024-05-25T15:00:53+00:00","article_modified_time":"2024-05-30T05:33:58+00:00","og_image":[{"width":1170,"height":700,"url":"https:\/\/transamerica93.com.br\/home\/wp-content\/uploads\/2024\/05\/imagem-27.jpg","type":"image\/jpeg"}],"author":"Reda\u00e7\u00e3o","twitter_card":"summary_large_image","twitter_creator":"@transamerica933","twitter_site":"@transamerica933","twitter_misc":{"Escrito por":"Reda\u00e7\u00e3o","Est. tempo de leitura":"4 minutos"},"schema":{"@context":"https:\/\/schema.org","@graph":[{"@type":"Article","@id":"https:\/\/transamerica93.com.br\/home\/brasil-encerra-mundial-de-atletismo-com-mais-seis-medalhas\/#article","isPartOf":{"@id":"https:\/\/transamerica93.com.br\/home\/brasil-encerra-mundial-de-atletismo-com-mais-seis-medalhas\/"},"author":{"name":"Reda\u00e7\u00e3o","@id":"https:\/\/transamerica93.com.br\/home\/#\/schema\/person\/7fed7c99c0d4562efa8561bc0f543172"},"headline":"Brasil encerra Mundial de Atletismo com mais seis medalhas","datePublished":"2024-05-25T15:00:53+00:00","dateModified":"2024-05-30T05:33:58+00:00","mainEntityOfPage":{"@id":"https:\/\/transamerica93.com.br\/home\/brasil-encerra-mundial-de-atletismo-com-mais-seis-medalhas\/"},"wordCount":542,"publisher":{"@id":"https:\/\/transamerica93.com.br\/home\/#organization"},"image":{"@id":"https:\/\/transamerica93.com.br\/home\/brasil-encerra-mundial-de-atletismo-com-mais-seis-medalhas\/#primaryimage"},"thumbnailUrl":"https:\/\/transamerica93.com.br\/home\/wp-content\/uploads\/2024\/05\/imagem-27.jpg","articleSection":["Esportes"],"inLanguage":"pt-BR"},{"@type":"WebPage","@id":"https:\/\/transamerica93.com.br\/home\/brasil-encerra-mundial-de-atletismo-com-mais-seis-medalhas\/","url":"https:\/\/transamerica93.com.br\/home\/brasil-encerra-mundial-de-atletismo-com-mais-seis-medalhas\/","name":"Brasil encerra Mundial de Atletismo com mais seis medalhas - Transam\u00e9rica Mococa 93,3","isPartOf":{"@id":"https:\/\/transamerica93.com.br\/home\/#website"},"primaryImageOfPage":{"@id":"https:\/\/transamerica93.com.br\/home\/brasil-encerra-mundial-de-atletismo-com-mais-seis-medalhas\/#primaryimage"},"image":{"@id":"https:\/\/transamerica93.com.br\/home\/brasil-encerra-mundial-de-atletismo-com-mais-seis-medalhas\/#primaryimage"},"thumbnailUrl":"https:\/\/transamerica93.com.br\/home\/wp-content\/uploads\/2024\/05\/imagem-27.jpg","datePublished":"2024-05-25T15:00:53+00:00","dateModified":"2024-05-30T05:33:58+00:00","breadcrumb":{"@id":"https:\/\/transamerica93.com.br\/home\/brasil-encerra-mundial-de-atletismo-com-mais-seis-medalhas\/#breadcrumb"},"inLanguage":"pt-BR","potentialAction":[{"@type":"ReadAction","target":["https:\/\/transamerica93.com.br\/home\/brasil-encerra-mundial-de-atletismo-com-mais-seis-medalhas\/"]}]},{"@type":"ImageObject","inLanguage":"pt-BR","@id":"https:\/\/transamerica93.com.br\/home\/brasil-encerra-mundial-de-atletismo-com-mais-seis-medalhas\/#primaryimage","url":"https:\/\/transamerica93.com.br\/home\/wp-content\/uploads\/2024\/05\/imagem-27.jpg","contentUrl":"https:\/\/transamerica93.com.br\/home\/wp-content\/uploads\/2024\/05\/imagem-27.jpg","width":1170,"height":700,"caption":"\u00a9 Alessandra Cabral\/CPB\/Direitos Reservados"},{"@type":"BreadcrumbList","@id":"https:\/\/transamerica93.com.br\/home\/brasil-encerra-mundial-de-atletismo-com-mais-seis-medalhas\/#breadcrumb","itemListElement":[{"@type":"ListItem","position":1,"name":"In\u00edcio","item":"https:\/\/transamerica93.com.br\/home\/"},{"@type":"ListItem","position":2,"name":"Brasil encerra Mundial de Atletismo com mais seis medalhas"}]},{"@type":"WebSite","@id":"https:\/\/transamerica93.com.br\/home\/#website","url":"https:\/\/transamerica93.com.br\/home\/","name":"Transam\u00e9rica Mococa 93,3","description":"","publisher":{"@id":"https:\/\/transamerica93.com.br\/home\/#organization"},"potentialAction":[{"@type":"SearchAction","target":{"@type":"EntryPoint","urlTemplate":"https:\/\/transamerica93.com.br\/home\/?s={search_term_string}"},"query-input":{"@type":"PropertyValueSpecification","valueRequired":true,"valueName":"search_term_string"}}],"inLanguage":"pt-BR"},{"@type":"Organization","@id":"https:\/\/transamerica93.com.br\/home\/#organization","name":"Transam\u00e9rica Mococa 93,3","url":"https:\/\/transamerica93.com.br\/home\/","logo":{"@type":"ImageObject","inLanguage":"pt-BR","@id":"https:\/\/transamerica93.com.br\/home\/#\/schema\/logo\/image\/","url":"https:\/\/transamerica93.com.br\/home\/wp-content\/uploads\/2023\/10\/logo2.png","contentUrl":"https:\/\/transamerica93.com.br\/home\/wp-content\/uploads\/2023\/10\/logo2.png","width":800,"height":500,"caption":"Transam\u00e9rica Mococa 93,3"},"image":{"@id":"https:\/\/transamerica93.com.br\/home\/#\/schema\/logo\/image\/"},"sameAs":["https:\/\/www.facebook.com\/transamericamococa","https:\/\/x.com\/transamerica933","https:\/\/www.instagram.com\/transamericamococa"]},{"@type":"Person","@id":"https:\/\/transamerica93.com.br\/home\/#\/schema\/person\/7fed7c99c0d4562efa8561bc0f543172","name":"Reda\u00e7\u00e3o","image":{"@type":"ImageObject","inLanguage":"pt-BR","@id":"https:\/\/secure.gravatar.com\/avatar\/1072c6b775fb02ef8506ce967551d95926669a6b7d2c2147b42eea4d7c68395e?s=96&d=mm&r=g","url":"https:\/\/secure.gravatar.com\/avatar\/1072c6b775fb02ef8506ce967551d95926669a6b7d2c2147b42eea4d7c68395e?s=96&d=mm&r=g","contentUrl":"https:\/\/secure.gravatar.com\/avatar\/1072c6b775fb02ef8506ce967551d95926669a6b7d2c2147b42eea4d7c68395e?s=96&d=mm&r=g","caption":"Reda\u00e7\u00e3o"},"sameAs":["https:\/\/transamerica93.com.br\/home"],"url":"https:\/\/transamerica93.com.br\/home\/author\/william\/"}]}},"_links":{"self":[{"href":"https:\/\/transamerica93.com.br\/home\/wp-json\/wp\/v2\/posts\/3176","targetHints":{"allow":["GET"]}}],"collection":[{"href":"https:\/\/transamerica93.com.br\/home\/wp-json\/wp\/v2\/posts"}],"about":[{"href":"https:\/\/transamerica93.com.br\/home\/wp-json\/wp\/v2\/types\/post"}],"author":[{"embeddable":true,"href":"https:\/\/transamerica93.com.br\/home\/wp-json\/wp\/v2\/users\/1"}],"replies":[{"embeddable":true,"href":"https:\/\/transamerica93.com.br\/home\/wp-json\/wp\/v2\/comments?post=3176"}],"version-history":[{"count":2,"href":"https:\/\/transamerica93.com.br\/home\/wp-json\/wp\/v2\/posts\/3176\/revisions"}],"predecessor-version":[{"id":3179,"href":"https:\/\/transamerica93.com.br\/home\/wp-json\/wp\/v2\/posts\/3176\/revisions\/3179"}],"wp:featuredmedia":[{"embeddable":true,"href":"https:\/\/transamerica93.com.br\/home\/wp-json\/wp\/v2\/media\/3177"}],"wp:attachment":[{"href":"https:\/\/transamerica93.com.br\/home\/wp-json\/wp\/v2\/media?parent=3176"}],"wp:term":[{"taxonomy":"category","embeddable":true,"href":"https:\/\/transamerica93.com.br\/home\/wp-json\/wp\/v2\/categories?post=3176"},{"taxonomy":"post_tag","embeddable":true,"href":"https:\/\/transamerica93.com.br\/home\/wp-json\/wp\/v2\/tags?post=3176"}],"curies":[{"name":"wp","href":"https:\/\/api.w.org\/{rel}","templated":true}]}}