{"id":3192,"date":"2024-05-28T09:00:58","date_gmt":"2024-05-28T12:00:58","guid":{"rendered":"https:\/\/transamerica93.com.br\/home\/?p=3192"},"modified":"2024-05-30T02:42:05","modified_gmt":"2024-05-30T05:42:05","slug":"pais-podera-ter-centros-com-uso-de-ia-para-eventos-climaticos-extremos","status":"publish","type":"post","link":"https:\/\/transamerica93.com.br\/home\/pais-podera-ter-centros-com-uso-de-ia-para-eventos-climaticos-extremos\/","title":{"rendered":"Pa\u00eds poder\u00e1 ter centros com uso de IA para eventos clim\u00e1ticos extremos"},"content":{"rendered":"<div class=\"post-item-wrap\">\n<p>Qualquer cidade brasileira poder\u00e1 implantar um centro de opera\u00e7\u00f5es similar ao da cidade do Rio de Janeiro (COR Rio) que auxilie os gestores municipais a enfrentar eventos clim\u00e1ticos extremos e a reduzir os riscos para a popula\u00e7\u00e3o, com aux\u00edlio de intelig\u00eancia artificial (IA).<img decoding=\"async\" data-src=\"https:\/\/agenciabrasil.ebc.com.br\/ebc.png?id=1597470&amp;o=node\" src=\"data:image\/svg+xml;base64,PHN2ZyB3aWR0aD0iMSIgaGVpZ2h0PSIxIiB4bWxucz0iaHR0cDovL3d3dy53My5vcmcvMjAwMC9zdmciPjwvc3ZnPg==\" class=\"lazyload\" \/><img decoding=\"async\" data-src=\"https:\/\/agenciabrasil.ebc.com.br\/ebc.gif?id=1597470&amp;o=node\" src=\"data:image\/svg+xml;base64,PHN2ZyB3aWR0aD0iMSIgaGVpZ2h0PSIxIiB4bWxucz0iaHR0cDovL3d3dy53My5vcmcvMjAwMC9zdmciPjwvc3ZnPg==\" class=\"lazyload\" \/><\/p>\n<p>Em parceria com a Associa\u00e7\u00e3o Brasileira de Normas T\u00e9cnicas (ABNT), a prefeitura do Rio\u00a0lan\u00e7ou nessa segunda-feira (27) a \u201cPr\u00e1tica Recomendada ABNT PR 1021 &#8211; Centro de Opera\u00e7\u00f5es de Cidade &#8211; Implementa\u00e7\u00e3o\u201d. O documento in\u00e9dito funciona como uma esp\u00e9cie de manual, que ajuda a reduzir a complexidade da gest\u00e3o municipal, ao mesmo tempo em que aumenta a efici\u00eancia e aprimora a tomada de decis\u00f5es pelos \u00f3rg\u00e3os p\u00fablicos em cen\u00e1rios que possam causar riscos ou danos \u00e0s regi\u00f5es monitoradas.<\/p>\n<p>O COR Rio foi inaugurado em 31 de dezembro de 2010 e passou por um processo de expans\u00e3o no fim de 2022. \u201cFoi um pensamento muito de vanguarda com rela\u00e7\u00e3o \u00e0 resili\u00eancia urbana e opera\u00e7\u00e3o de cidade\u201d, disse \u00e0\u00a0<strong>Ag\u00eancia Brasil<\/strong>\u00a0o chefe executivo do COR Rio, Marcus Belchior. Desde ent\u00e3o, o centro\u00a0conta com 500 profissionais atuando em tr\u00eas turnos, 24 horas por dia, sete dias por semana, que monitoram as imagens geradas por mais de 3.500 c\u00e2meras espalhadas pela cidade.<\/p>\n<p>Os t\u00e9cnicos\u00a0s\u00e3o apoiados pelo maior\u00a0<em>videowall<\/em>\u00a0(painel formado por v\u00e1rias telas dispostas juntas) da Am\u00e9rica Latina, com 104 metros quadrados (m\u00b2), composto por 125 telas de 55 polegadas, com abrang\u00eancia significativa das \u00e1reas do munic\u00edpio. Marcus Belchior destacou que o instrumento criado pela ABNT ser\u00e1 um direcionador de pol\u00edticas p\u00fablicas de resili\u00eancia urbana para o Brasil.<\/p>\n<p>Na pr\u00e1tica, foram colocados todos os \u00f3rg\u00e3os da prefeitura no centro de opera\u00e7\u00f5es e, com o passar dos anos, foram inclu\u00eddos v\u00e1rios outros atores, inclusive de fora da prefeitura, como Pol\u00edcia Militar, Corpo de Bombeiros, Pol\u00edcia Civil, Marinha do Brasil, concession\u00e1rias de servi\u00e7os, modais de transporte. \u201cTodo mundo est\u00e1 aqui dentro. E a gente fez um sistema de integra\u00e7\u00e3o, ou seja, um sistema que \u00e9 capaz de receber informa\u00e7\u00e3o de todos esses \u00f3rg\u00e3os\u201d. Com as informa\u00e7\u00f5es recebidas, o COR elabora mapas de calor de toda a cidade. No gerenciamento de risco de mapas de calor, foram constru\u00eddos muitos protocolos operacionais baseados nos dados gerados pelo sistema.<\/p>\n<h2>Norma<\/h2>\n<p>A partir de toda essa an\u00e1lise da cidade, criaram-se planos de comunica\u00e7\u00e3o com o cidad\u00e3o, operacional, de gerenciamento de risco e crise, de resposta \u00e0\u00a0crise, entre outros. Em reuni\u00e3o com t\u00e9cnicos da ABNT, a dire\u00e7\u00e3o do COR Rio chegou \u00e0 conclus\u00e3o de que essa metodologia deveria ser disseminada para todo o Brasil. Da\u00ed, surgiu a ideia de criar uma norma que sugere a todos os gestores brasileiros um formato de resili\u00eancia urbana.<\/p>\n<p>Marcus Belchior informou que, em 2010, quando o centro de opera\u00e7\u00f5es foi criado, a cidade tinha 60 c\u00e2meras. Hoje, s\u00e3o mais de 3.600 c\u00e2meras e, at\u00e9 o final do ano, a ideia \u00e9 chegar a\u00a010 mil c\u00e2meras. O Rio de Janeiro \u00e9 a cidade do pa\u00eds com maior rede de pluvi\u00f4metros (instrumentos que medem chuvas) no Brasil e \u00fanico munic\u00edpio\u00a0que tem dois radares meteorol\u00f3gicos. Tem tamb\u00e9m sensores de rios, com a Funda\u00e7\u00e3o Rio \u00c1guas. Por isso, Belchior afirmou que quanto mais investimentos em sensores, mais dados s\u00e3o recebidos.<\/p>\n<p>&#8220;O volume de dados que a gente recebe nos sistemas do COR n\u00e3o param de crescer. \u00c9 um crescimento exponencial de dados&#8221;. Quando s\u00e3o inclu\u00eddas as parcerias com a Nasa e empresas de tecnologia, como Waze, Google, Amazon, o volume de dados da cidade \u00e9 imenso. \u201cChegamos a um volume\u00a0t\u00e3o grande que constru\u00edmos\u00a0um projeto de implanta\u00e7\u00e3o de intelig\u00eancia artificial (IA) na opera\u00e7\u00e3o da cidade\u201d, informou Belchior.<\/p>\n<h2>Capacidade computacional<\/h2>\n<p>Segundo ele, a IA consegue analisar os dados de todas as imagens no COR, em uma capacidade computacional superior \u00e0 capacidade humana. \u201cIsso \u00e9 um exemplo de implanta\u00e7\u00e3o de IA\u201d. Outra utiliza\u00e7\u00e3o dessa nova tecnologia \u00e9 que todas as informa\u00e7\u00f5es de anos passados podem ser transformadas em dados com a IA e inclu\u00eddas no banco da cidade. Significa aprimorar ainda mais o banco de dados do COR. \u201cCom toda essa capacidade de colocar novas informa\u00e7\u00f5es no sistema, a IA consegue analisar tudo isso e direcionar a\u00e7\u00f5es e protocolos\u201d. Significa que, com maior capacidade de produ\u00e7\u00e3o na cidade, h\u00e1 melhor qualidade de vida para a popula\u00e7\u00e3o, informa\u00e7\u00e3o mais r\u00e1pida e assertiva. \u201cE posso at\u00e9 salvar vidas com uma an\u00e1lise cada vez mais r\u00e1pida. E a gente tem a capacidade ainda de come\u00e7ar a enxergar o futuro com a IA; de come\u00e7ar a entrar na predi\u00e7\u00e3o\u201d.<\/p>\n<p>Belchior explicou que o Rio de Janeiro \u00e9 tamb\u00e9m o \u00fanico munic\u00edpio brasileiro que tem est\u00e1gios de cidade. Essa formata\u00e7\u00e3o de est\u00e1gio tamb\u00e9m \u00e9 explicada pela norma da ABNT. \u201cPorque o est\u00e1gio \u00e9 o ponto de partida para o acionamento de protocolos operacionais e para comunica\u00e7\u00f5es estrat\u00e9gicas com a popula\u00e7\u00e3o\u201d. A ideia \u00e9 que o cidad\u00e3o, ao final do dia, saiba se comportar perante os cen\u00e1rios que forem apresentados. \u201cIsso \u00e9 uma pol\u00edtica de seguran\u00e7a de cidade; \u00e9 prevencionista. Os est\u00e1gios acionam protocolos operacionais e de comunica\u00e7\u00e3o para o cidad\u00e3o.<\/p>\n<p>Os est\u00e1gios s\u00e3o matrizes decis\u00f3rias que avaliam clima, mobilidade, ocorr\u00eancias de m\u00e9dio e alto impacto na cidade, eventos, zonas de calor, opini\u00e3o popular. Para Belchior, existe uma formata\u00e7\u00e3o ideal e necess\u00e1ria para gerenciar uma cidade, com toda a din\u00e2mica que as cidades, especialmente as grandes, desenvolvem no seu dia a dia. A IA ajuda muito nesses processos. O Banco Nacional de Desenvolvimento Econ\u00f4mico e Social (BNDES) autorizou o projeto macro da prefeitura carioca, de cujo valor total quase R$ 30 milh\u00f5es ser\u00e3o aplicados no projeto de IA do centro de opera\u00e7\u00f5es.<\/p>\n<p>O COR Rio j\u00e1 tem procedimentos, m\u00e9tricas, indicadores e quando tudo isso for lan\u00e7ado dentro da capacidade computacional da IA, o volume de produ\u00e7\u00e3o ser\u00e1 muito maior. Assim que os recursos entrarem para o COR, o projeto ser\u00e1 desenvolvido. O exemplo do COR RIO, com a utiliza\u00e7\u00e3o dessa nova tecnologia, poder\u00e1 ser aplicado\u00a0por cidades de todos os portes no pa\u00eds. \u201cDentro da norma constru\u00edda com a ABNT, s\u00e3o feitas classifica\u00e7\u00f5es de acordo com o tamanho dos munic\u00edpios e tipo de opera\u00e7\u00e3o. A gente est\u00e1 disseminando para o Brasil uma metodologia que vai ser muito orientadora para os gestores p\u00fablicos brasileiros\u201d, acrescentou Marcus Belchior.<\/p>\n<h2>Solu\u00e7\u00f5es<\/h2>\n<p>Para o prefeito do Rio, Eduardo Paes, o centro de opera\u00e7\u00f5es \u00e9 um equipamento de resili\u00eancia urbana estruturado com o objetivo de antecipar solu\u00e7\u00f5es e minimizar ocorr\u00eancias de grande impacto na cidade, como chuvas fortes, deslizamentos e acidentes de tr\u00e2nsito com reflexos na mobilidade urbana. \u201cA gente busca, com o centro, evitar que os impactos na vida da popula\u00e7\u00e3o sejam t\u00e3o grandes,\u00a0que as pessoas sejam surpreendidas por esses fen\u00f4menos e, principalmente, que morra algu\u00e9m por causa desses eventos extremos. Se eu pudesse definir, o grande m\u00e9rito do COR \u00e9 esse: salvar vidas. \u00c9 inaceit\u00e1vel que algu\u00e9m morra em uma enchente quando voc\u00ea tem servi\u00e7os de meteorologia eficientes\u201d.<\/p>\n<p>Segundo o presidente da ABNT, Mario William Esper, o documento \u00e9 um guia de implementa\u00e7\u00e3o do sistema pioneiro no Rio de Janeiro para qualquer tamanho de cidade. \u201cA ABNT est\u00e1 \u00e0 disposi\u00e7\u00e3o para aprimorar e elaborar outras normas que forem necess\u00e1rias\u00a0para ser exemplo do Brasil\u201d. Esper adiantou que a ABNT vai propor ao Sistema Internacional de Normaliza\u00e7\u00e3o a padroniza\u00e7\u00e3o dessa norma como refer\u00eancia internacional.<\/p>\n<h2>Investimentos<\/h2>\n<p>Durante o evento, realizado no COR Rio, o presidente do BNDES, Aloizio Mercadante, anunciou a libera\u00e7\u00e3o de R$ 117 milh\u00f5es para a capital fluminense utilizar em a\u00e7\u00f5es de resposta a desastres, governo digital e gest\u00e3o urbana inteligente com uso de intelig\u00eancia artificial. Os recursos liberados pelo banco fazem parte do Programa de Moderniza\u00e7\u00e3o da Administra\u00e7\u00e3o Tribut\u00e1ria e da Gest\u00e3o dos Setores Sociais B\u00e1sicos (PMAT), que visa a apoiar projetos de investimentos voltados \u00e0 melhoria da efici\u00eancia, qualidade e transpar\u00eancia da gest\u00e3o p\u00fablica, com foco na moderniza\u00e7\u00e3o da administra\u00e7\u00e3o tribut\u00e1ria e qualifica\u00e7\u00e3o do gasto p\u00fablico nos munic\u00edpios.<\/p>\n<p>Do total destinado ao munic\u00edpio do Rio, R$ 24 milh\u00f5es se destinar\u00e3o ao COR para investir em processos de IA. Outra parte dos recursos (R$ 5 milh\u00f5es) ir\u00e1 para uma rede de sinais de tr\u00e2nsito inteligentes. A ideia de Mercadante \u00e9 levar a experi\u00eancia do COR Rio para outras grandes cidades do Brasil, transformando-a em projetos que o BNDES possa financiar.<\/p>\n<\/div>\n<p class=\"alt-font font-italic my-2 small text-info\">Edi\u00e7\u00e3o: Gra\u00e7a Adjuto<\/p>\n","protected":false},"excerpt":{"rendered":"<p>Qualquer cidade brasileira poder\u00e1 implantar um centro de opera\u00e7\u00f5es similar ao da cidade do Rio de Janeiro (COR Rio) que auxilie os gestores municipais a enfrentar eventos clim\u00e1ticos extremos e a reduzir os riscos para a popula\u00e7\u00e3o, com aux\u00edlio de intelig\u00eancia artificial (IA). Em parceria com a Associa\u00e7\u00e3o Brasileira de Normas T\u00e9cnicas (ABNT), a prefeitura &hellip;<\/p>\n","protected":false},"author":1,"featured_media":3193,"comment_status":"closed","ping_status":"closed","sticky":false,"template":"","format":"standard","meta":{"footnotes":""},"categories":[30],"tags":[],"class_list":["post-3192","post","type-post","status-publish","format-standard","has-post-thumbnail","hentry","category-geral"],"yoast_head":"<!-- This site is optimized with the Yoast SEO plugin v27.4 - https:\/\/yoast.com\/product\/yoast-seo-wordpress\/ -->\n<title>Pa\u00eds poder\u00e1 ter centros com uso de IA para eventos clim\u00e1ticos extremos - Transam\u00e9rica Mococa 93,3<\/title>\n<meta name=\"robots\" content=\"index, follow, max-snippet:-1, max-image-preview:large, max-video-preview:-1\" \/>\n<link rel=\"canonical\" href=\"https:\/\/transamerica93.com.br\/home\/pais-podera-ter-centros-com-uso-de-ia-para-eventos-climaticos-extremos\/\" \/>\n<meta property=\"og:locale\" content=\"pt_BR\" \/>\n<meta property=\"og:type\" content=\"article\" \/>\n<meta property=\"og:title\" content=\"Pa\u00eds poder\u00e1 ter centros com uso de IA para eventos clim\u00e1ticos extremos - Transam\u00e9rica Mococa 93,3\" \/>\n<meta property=\"og:description\" content=\"Qualquer cidade brasileira poder\u00e1 implantar um centro de opera\u00e7\u00f5es similar ao da cidade do Rio de Janeiro (COR Rio) que auxilie os gestores municipais a enfrentar eventos clim\u00e1ticos extremos e a reduzir os riscos para a popula\u00e7\u00e3o, com aux\u00edlio de intelig\u00eancia artificial (IA). Em parceria com a Associa\u00e7\u00e3o Brasileira de Normas T\u00e9cnicas (ABNT), a prefeitura &hellip;\" \/>\n<meta property=\"og:url\" content=\"https:\/\/transamerica93.com.br\/home\/pais-podera-ter-centros-com-uso-de-ia-para-eventos-climaticos-extremos\/\" \/>\n<meta property=\"og:site_name\" content=\"Transam\u00e9rica Mococa 93,3\" \/>\n<meta property=\"article:publisher\" content=\"https:\/\/www.facebook.com\/transamericamococa\" \/>\n<meta property=\"article:published_time\" content=\"2024-05-28T12:00:58+00:00\" \/>\n<meta property=\"article:modified_time\" content=\"2024-05-30T05:42:05+00:00\" \/>\n<meta property=\"og:image\" content=\"https:\/\/transamerica93.com.br\/home\/wp-content\/uploads\/2024\/05\/imagem-30.jpg\" \/>\n\t<meta property=\"og:image:width\" content=\"1170\" \/>\n\t<meta property=\"og:image:height\" content=\"700\" \/>\n\t<meta property=\"og:image:type\" content=\"image\/jpeg\" \/>\n<meta name=\"author\" content=\"Reda\u00e7\u00e3o\" \/>\n<meta name=\"twitter:card\" content=\"summary_large_image\" \/>\n<meta name=\"twitter:creator\" content=\"@transamerica933\" \/>\n<meta name=\"twitter:site\" content=\"@transamerica933\" \/>\n<meta name=\"twitter:label1\" content=\"Escrito por\" \/>\n\t<meta name=\"twitter:data1\" content=\"Reda\u00e7\u00e3o\" \/>\n\t<meta name=\"twitter:label2\" content=\"Est. tempo de leitura\" \/>\n\t<meta name=\"twitter:data2\" content=\"1 minuto\" \/>\n<script type=\"application\/ld+json\" class=\"yoast-schema-graph\">{\"@context\":\"https:\\\/\\\/schema.org\",\"@graph\":[{\"@type\":\"Article\",\"@id\":\"https:\\\/\\\/transamerica93.com.br\\\/home\\\/pais-podera-ter-centros-com-uso-de-ia-para-eventos-climaticos-extremos\\\/#article\",\"isPartOf\":{\"@id\":\"https:\\\/\\\/transamerica93.com.br\\\/home\\\/pais-podera-ter-centros-com-uso-de-ia-para-eventos-climaticos-extremos\\\/\"},\"author\":{\"name\":\"Reda\u00e7\u00e3o\",\"@id\":\"https:\\\/\\\/transamerica93.com.br\\\/home\\\/#\\\/schema\\\/person\\\/7fed7c99c0d4562efa8561bc0f543172\"},\"headline\":\"Pa\u00eds poder\u00e1 ter centros com uso de IA para eventos clim\u00e1ticos extremos\",\"datePublished\":\"2024-05-28T12:00:58+00:00\",\"dateModified\":\"2024-05-30T05:42:05+00:00\",\"mainEntityOfPage\":{\"@id\":\"https:\\\/\\\/transamerica93.com.br\\\/home\\\/pais-podera-ter-centros-com-uso-de-ia-para-eventos-climaticos-extremos\\\/\"},\"wordCount\":1517,\"publisher\":{\"@id\":\"https:\\\/\\\/transamerica93.com.br\\\/home\\\/#organization\"},\"image\":{\"@id\":\"https:\\\/\\\/transamerica93.com.br\\\/home\\\/pais-podera-ter-centros-com-uso-de-ia-para-eventos-climaticos-extremos\\\/#primaryimage\"},\"thumbnailUrl\":\"https:\\\/\\\/transamerica93.com.br\\\/home\\\/wp-content\\\/uploads\\\/2024\\\/05\\\/imagem-30.jpg\",\"articleSection\":[\"Geral\"],\"inLanguage\":\"pt-BR\"},{\"@type\":\"WebPage\",\"@id\":\"https:\\\/\\\/transamerica93.com.br\\\/home\\\/pais-podera-ter-centros-com-uso-de-ia-para-eventos-climaticos-extremos\\\/\",\"url\":\"https:\\\/\\\/transamerica93.com.br\\\/home\\\/pais-podera-ter-centros-com-uso-de-ia-para-eventos-climaticos-extremos\\\/\",\"name\":\"Pa\u00eds poder\u00e1 ter centros com uso de IA para eventos clim\u00e1ticos extremos - Transam\u00e9rica Mococa 93,3\",\"isPartOf\":{\"@id\":\"https:\\\/\\\/transamerica93.com.br\\\/home\\\/#website\"},\"primaryImageOfPage\":{\"@id\":\"https:\\\/\\\/transamerica93.com.br\\\/home\\\/pais-podera-ter-centros-com-uso-de-ia-para-eventos-climaticos-extremos\\\/#primaryimage\"},\"image\":{\"@id\":\"https:\\\/\\\/transamerica93.com.br\\\/home\\\/pais-podera-ter-centros-com-uso-de-ia-para-eventos-climaticos-extremos\\\/#primaryimage\"},\"thumbnailUrl\":\"https:\\\/\\\/transamerica93.com.br\\\/home\\\/wp-content\\\/uploads\\\/2024\\\/05\\\/imagem-30.jpg\",\"datePublished\":\"2024-05-28T12:00:58+00:00\",\"dateModified\":\"2024-05-30T05:42:05+00:00\",\"breadcrumb\":{\"@id\":\"https:\\\/\\\/transamerica93.com.br\\\/home\\\/pais-podera-ter-centros-com-uso-de-ia-para-eventos-climaticos-extremos\\\/#breadcrumb\"},\"inLanguage\":\"pt-BR\",\"potentialAction\":[{\"@type\":\"ReadAction\",\"target\":[\"https:\\\/\\\/transamerica93.com.br\\\/home\\\/pais-podera-ter-centros-com-uso-de-ia-para-eventos-climaticos-extremos\\\/\"]}]},{\"@type\":\"ImageObject\",\"inLanguage\":\"pt-BR\",\"@id\":\"https:\\\/\\\/transamerica93.com.br\\\/home\\\/pais-podera-ter-centros-com-uso-de-ia-para-eventos-climaticos-extremos\\\/#primaryimage\",\"url\":\"https:\\\/\\\/transamerica93.com.br\\\/home\\\/wp-content\\\/uploads\\\/2024\\\/05\\\/imagem-30.jpg\",\"contentUrl\":\"https:\\\/\\\/transamerica93.com.br\\\/home\\\/wp-content\\\/uploads\\\/2024\\\/05\\\/imagem-30.jpg\",\"width\":1170,\"height\":700,\"caption\":\"\u00a9 Beth Santos\\\/prefeitura do Rio Janeiro\"},{\"@type\":\"BreadcrumbList\",\"@id\":\"https:\\\/\\\/transamerica93.com.br\\\/home\\\/pais-podera-ter-centros-com-uso-de-ia-para-eventos-climaticos-extremos\\\/#breadcrumb\",\"itemListElement\":[{\"@type\":\"ListItem\",\"position\":1,\"name\":\"In\u00edcio\",\"item\":\"https:\\\/\\\/transamerica93.com.br\\\/home\\\/\"},{\"@type\":\"ListItem\",\"position\":2,\"name\":\"Pa\u00eds poder\u00e1 ter centros com uso de IA para eventos clim\u00e1ticos extremos\"}]},{\"@type\":\"WebSite\",\"@id\":\"https:\\\/\\\/transamerica93.com.br\\\/home\\\/#website\",\"url\":\"https:\\\/\\\/transamerica93.com.br\\\/home\\\/\",\"name\":\"Transam\u00e9rica Mococa 93,3\",\"description\":\"\",\"publisher\":{\"@id\":\"https:\\\/\\\/transamerica93.com.br\\\/home\\\/#organization\"},\"potentialAction\":[{\"@type\":\"SearchAction\",\"target\":{\"@type\":\"EntryPoint\",\"urlTemplate\":\"https:\\\/\\\/transamerica93.com.br\\\/home\\\/?s={search_term_string}\"},\"query-input\":{\"@type\":\"PropertyValueSpecification\",\"valueRequired\":true,\"valueName\":\"search_term_string\"}}],\"inLanguage\":\"pt-BR\"},{\"@type\":\"Organization\",\"@id\":\"https:\\\/\\\/transamerica93.com.br\\\/home\\\/#organization\",\"name\":\"Transam\u00e9rica Mococa 93,3\",\"url\":\"https:\\\/\\\/transamerica93.com.br\\\/home\\\/\",\"logo\":{\"@type\":\"ImageObject\",\"inLanguage\":\"pt-BR\",\"@id\":\"https:\\\/\\\/transamerica93.com.br\\\/home\\\/#\\\/schema\\\/logo\\\/image\\\/\",\"url\":\"https:\\\/\\\/transamerica93.com.br\\\/home\\\/wp-content\\\/uploads\\\/2023\\\/10\\\/logo2.png\",\"contentUrl\":\"https:\\\/\\\/transamerica93.com.br\\\/home\\\/wp-content\\\/uploads\\\/2023\\\/10\\\/logo2.png\",\"width\":800,\"height\":500,\"caption\":\"Transam\u00e9rica Mococa 93,3\"},\"image\":{\"@id\":\"https:\\\/\\\/transamerica93.com.br\\\/home\\\/#\\\/schema\\\/logo\\\/image\\\/\"},\"sameAs\":[\"https:\\\/\\\/www.facebook.com\\\/transamericamococa\",\"https:\\\/\\\/x.com\\\/transamerica933\",\"https:\\\/\\\/www.instagram.com\\\/transamericamococa\"]},{\"@type\":\"Person\",\"@id\":\"https:\\\/\\\/transamerica93.com.br\\\/home\\\/#\\\/schema\\\/person\\\/7fed7c99c0d4562efa8561bc0f543172\",\"name\":\"Reda\u00e7\u00e3o\",\"image\":{\"@type\":\"ImageObject\",\"inLanguage\":\"pt-BR\",\"@id\":\"https:\\\/\\\/secure.gravatar.com\\\/avatar\\\/1072c6b775fb02ef8506ce967551d95926669a6b7d2c2147b42eea4d7c68395e?s=96&d=mm&r=g\",\"url\":\"https:\\\/\\\/secure.gravatar.com\\\/avatar\\\/1072c6b775fb02ef8506ce967551d95926669a6b7d2c2147b42eea4d7c68395e?s=96&d=mm&r=g\",\"contentUrl\":\"https:\\\/\\\/secure.gravatar.com\\\/avatar\\\/1072c6b775fb02ef8506ce967551d95926669a6b7d2c2147b42eea4d7c68395e?s=96&d=mm&r=g\",\"caption\":\"Reda\u00e7\u00e3o\"},\"sameAs\":[\"https:\\\/\\\/transamerica93.com.br\\\/home\"],\"url\":\"https:\\\/\\\/transamerica93.com.br\\\/home\\\/author\\\/william\\\/\"}]}<\/script>\n<!-- \/ Yoast SEO plugin. -->","yoast_head_json":{"title":"Pa\u00eds poder\u00e1 ter centros com uso de IA para eventos clim\u00e1ticos extremos - Transam\u00e9rica Mococa 93,3","robots":{"index":"index","follow":"follow","max-snippet":"max-snippet:-1","max-image-preview":"max-image-preview:large","max-video-preview":"max-video-preview:-1"},"canonical":"https:\/\/transamerica93.com.br\/home\/pais-podera-ter-centros-com-uso-de-ia-para-eventos-climaticos-extremos\/","og_locale":"pt_BR","og_type":"article","og_title":"Pa\u00eds poder\u00e1 ter centros com uso de IA para eventos clim\u00e1ticos extremos - Transam\u00e9rica Mococa 93,3","og_description":"Qualquer cidade brasileira poder\u00e1 implantar um centro de opera\u00e7\u00f5es similar ao da cidade do Rio de Janeiro (COR Rio) que auxilie os gestores municipais a enfrentar eventos clim\u00e1ticos extremos e a reduzir os riscos para a popula\u00e7\u00e3o, com aux\u00edlio de intelig\u00eancia artificial (IA). Em parceria com a Associa\u00e7\u00e3o Brasileira de Normas T\u00e9cnicas (ABNT), a prefeitura &hellip;","og_url":"https:\/\/transamerica93.com.br\/home\/pais-podera-ter-centros-com-uso-de-ia-para-eventos-climaticos-extremos\/","og_site_name":"Transam\u00e9rica Mococa 93,3","article_publisher":"https:\/\/www.facebook.com\/transamericamococa","article_published_time":"2024-05-28T12:00:58+00:00","article_modified_time":"2024-05-30T05:42:05+00:00","og_image":[{"width":1170,"height":700,"url":"https:\/\/transamerica93.com.br\/home\/wp-content\/uploads\/2024\/05\/imagem-30.jpg","type":"image\/jpeg"}],"author":"Reda\u00e7\u00e3o","twitter_card":"summary_large_image","twitter_creator":"@transamerica933","twitter_site":"@transamerica933","twitter_misc":{"Escrito por":"Reda\u00e7\u00e3o","Est. tempo de leitura":"1 minuto"},"schema":{"@context":"https:\/\/schema.org","@graph":[{"@type":"Article","@id":"https:\/\/transamerica93.com.br\/home\/pais-podera-ter-centros-com-uso-de-ia-para-eventos-climaticos-extremos\/#article","isPartOf":{"@id":"https:\/\/transamerica93.com.br\/home\/pais-podera-ter-centros-com-uso-de-ia-para-eventos-climaticos-extremos\/"},"author":{"name":"Reda\u00e7\u00e3o","@id":"https:\/\/transamerica93.com.br\/home\/#\/schema\/person\/7fed7c99c0d4562efa8561bc0f543172"},"headline":"Pa\u00eds poder\u00e1 ter centros com uso de IA para eventos clim\u00e1ticos extremos","datePublished":"2024-05-28T12:00:58+00:00","dateModified":"2024-05-30T05:42:05+00:00","mainEntityOfPage":{"@id":"https:\/\/transamerica93.com.br\/home\/pais-podera-ter-centros-com-uso-de-ia-para-eventos-climaticos-extremos\/"},"wordCount":1517,"publisher":{"@id":"https:\/\/transamerica93.com.br\/home\/#organization"},"image":{"@id":"https:\/\/transamerica93.com.br\/home\/pais-podera-ter-centros-com-uso-de-ia-para-eventos-climaticos-extremos\/#primaryimage"},"thumbnailUrl":"https:\/\/transamerica93.com.br\/home\/wp-content\/uploads\/2024\/05\/imagem-30.jpg","articleSection":["Geral"],"inLanguage":"pt-BR"},{"@type":"WebPage","@id":"https:\/\/transamerica93.com.br\/home\/pais-podera-ter-centros-com-uso-de-ia-para-eventos-climaticos-extremos\/","url":"https:\/\/transamerica93.com.br\/home\/pais-podera-ter-centros-com-uso-de-ia-para-eventos-climaticos-extremos\/","name":"Pa\u00eds poder\u00e1 ter centros com uso de IA para eventos clim\u00e1ticos extremos - Transam\u00e9rica Mococa 93,3","isPartOf":{"@id":"https:\/\/transamerica93.com.br\/home\/#website"},"primaryImageOfPage":{"@id":"https:\/\/transamerica93.com.br\/home\/pais-podera-ter-centros-com-uso-de-ia-para-eventos-climaticos-extremos\/#primaryimage"},"image":{"@id":"https:\/\/transamerica93.com.br\/home\/pais-podera-ter-centros-com-uso-de-ia-para-eventos-climaticos-extremos\/#primaryimage"},"thumbnailUrl":"https:\/\/transamerica93.com.br\/home\/wp-content\/uploads\/2024\/05\/imagem-30.jpg","datePublished":"2024-05-28T12:00:58+00:00","dateModified":"2024-05-30T05:42:05+00:00","breadcrumb":{"@id":"https:\/\/transamerica93.com.br\/home\/pais-podera-ter-centros-com-uso-de-ia-para-eventos-climaticos-extremos\/#breadcrumb"},"inLanguage":"pt-BR","potentialAction":[{"@type":"ReadAction","target":["https:\/\/transamerica93.com.br\/home\/pais-podera-ter-centros-com-uso-de-ia-para-eventos-climaticos-extremos\/"]}]},{"@type":"ImageObject","inLanguage":"pt-BR","@id":"https:\/\/transamerica93.com.br\/home\/pais-podera-ter-centros-com-uso-de-ia-para-eventos-climaticos-extremos\/#primaryimage","url":"https:\/\/transamerica93.com.br\/home\/wp-content\/uploads\/2024\/05\/imagem-30.jpg","contentUrl":"https:\/\/transamerica93.com.br\/home\/wp-content\/uploads\/2024\/05\/imagem-30.jpg","width":1170,"height":700,"caption":"\u00a9 Beth Santos\/prefeitura do Rio Janeiro"},{"@type":"BreadcrumbList","@id":"https:\/\/transamerica93.com.br\/home\/pais-podera-ter-centros-com-uso-de-ia-para-eventos-climaticos-extremos\/#breadcrumb","itemListElement":[{"@type":"ListItem","position":1,"name":"In\u00edcio","item":"https:\/\/transamerica93.com.br\/home\/"},{"@type":"ListItem","position":2,"name":"Pa\u00eds poder\u00e1 ter centros com uso de IA para eventos clim\u00e1ticos extremos"}]},{"@type":"WebSite","@id":"https:\/\/transamerica93.com.br\/home\/#website","url":"https:\/\/transamerica93.com.br\/home\/","name":"Transam\u00e9rica Mococa 93,3","description":"","publisher":{"@id":"https:\/\/transamerica93.com.br\/home\/#organization"},"potentialAction":[{"@type":"SearchAction","target":{"@type":"EntryPoint","urlTemplate":"https:\/\/transamerica93.com.br\/home\/?s={search_term_string}"},"query-input":{"@type":"PropertyValueSpecification","valueRequired":true,"valueName":"search_term_string"}}],"inLanguage":"pt-BR"},{"@type":"Organization","@id":"https:\/\/transamerica93.com.br\/home\/#organization","name":"Transam\u00e9rica Mococa 93,3","url":"https:\/\/transamerica93.com.br\/home\/","logo":{"@type":"ImageObject","inLanguage":"pt-BR","@id":"https:\/\/transamerica93.com.br\/home\/#\/schema\/logo\/image\/","url":"https:\/\/transamerica93.com.br\/home\/wp-content\/uploads\/2023\/10\/logo2.png","contentUrl":"https:\/\/transamerica93.com.br\/home\/wp-content\/uploads\/2023\/10\/logo2.png","width":800,"height":500,"caption":"Transam\u00e9rica Mococa 93,3"},"image":{"@id":"https:\/\/transamerica93.com.br\/home\/#\/schema\/logo\/image\/"},"sameAs":["https:\/\/www.facebook.com\/transamericamococa","https:\/\/x.com\/transamerica933","https:\/\/www.instagram.com\/transamericamococa"]},{"@type":"Person","@id":"https:\/\/transamerica93.com.br\/home\/#\/schema\/person\/7fed7c99c0d4562efa8561bc0f543172","name":"Reda\u00e7\u00e3o","image":{"@type":"ImageObject","inLanguage":"pt-BR","@id":"https:\/\/secure.gravatar.com\/avatar\/1072c6b775fb02ef8506ce967551d95926669a6b7d2c2147b42eea4d7c68395e?s=96&d=mm&r=g","url":"https:\/\/secure.gravatar.com\/avatar\/1072c6b775fb02ef8506ce967551d95926669a6b7d2c2147b42eea4d7c68395e?s=96&d=mm&r=g","contentUrl":"https:\/\/secure.gravatar.com\/avatar\/1072c6b775fb02ef8506ce967551d95926669a6b7d2c2147b42eea4d7c68395e?s=96&d=mm&r=g","caption":"Reda\u00e7\u00e3o"},"sameAs":["https:\/\/transamerica93.com.br\/home"],"url":"https:\/\/transamerica93.com.br\/home\/author\/william\/"}]}},"_links":{"self":[{"href":"https:\/\/transamerica93.com.br\/home\/wp-json\/wp\/v2\/posts\/3192","targetHints":{"allow":["GET"]}}],"collection":[{"href":"https:\/\/transamerica93.com.br\/home\/wp-json\/wp\/v2\/posts"}],"about":[{"href":"https:\/\/transamerica93.com.br\/home\/wp-json\/wp\/v2\/types\/post"}],"author":[{"embeddable":true,"href":"https:\/\/transamerica93.com.br\/home\/wp-json\/wp\/v2\/users\/1"}],"replies":[{"embeddable":true,"href":"https:\/\/transamerica93.com.br\/home\/wp-json\/wp\/v2\/comments?post=3192"}],"version-history":[{"count":1,"href":"https:\/\/transamerica93.com.br\/home\/wp-json\/wp\/v2\/posts\/3192\/revisions"}],"predecessor-version":[{"id":3194,"href":"https:\/\/transamerica93.com.br\/home\/wp-json\/wp\/v2\/posts\/3192\/revisions\/3194"}],"wp:featuredmedia":[{"embeddable":true,"href":"https:\/\/transamerica93.com.br\/home\/wp-json\/wp\/v2\/media\/3193"}],"wp:attachment":[{"href":"https:\/\/transamerica93.com.br\/home\/wp-json\/wp\/v2\/media?parent=3192"}],"wp:term":[{"taxonomy":"category","embeddable":true,"href":"https:\/\/transamerica93.com.br\/home\/wp-json\/wp\/v2\/categories?post=3192"},{"taxonomy":"post_tag","embeddable":true,"href":"https:\/\/transamerica93.com.br\/home\/wp-json\/wp\/v2\/tags?post=3192"}],"curies":[{"name":"wp","href":"https:\/\/api.w.org\/{rel}","templated":true}]}}