{"id":3199,"date":"2024-05-28T15:00:36","date_gmt":"2024-05-28T18:00:36","guid":{"rendered":"https:\/\/transamerica93.com.br\/home\/?p=3199"},"modified":"2024-05-30T02:48:04","modified_gmt":"2024-05-30T05:48:04","slug":"bruce-springsteen-adia-shows-de-turne-por-problemas-vocais","status":"publish","type":"post","link":"https:\/\/transamerica93.com.br\/home\/bruce-springsteen-adia-shows-de-turne-por-problemas-vocais\/","title":{"rendered":"Bruce Springsteen adia shows de turn\u00ea por problemas vocais"},"content":{"rendered":"<h6 class=\"Assina\">Por Reda\u00e7\u00e3o O Estado de S. Paulo<\/h6>\n<p>O cantor Bruce Springsteen, de 74 anos, adiou o show que faria no s\u00e1bado, 25, em Marselha, na Fran\u00e7a. N\u00e3o \u00e9 o \u00fanico adiamento. Por recomenda\u00e7\u00e3o m\u00e9dica, &#8220;The Boss&#8221; precisou remarcar mais tr\u00eas apresenta\u00e7\u00f5es da turn\u00ea agendada pela Europa.<\/p>\n<p>&#8220;Ap\u00f3s o adiamento em Marselha devido a problemas vocais, exames adicionais e consultas levaram os m\u00e9dicos a decidir que Bruce n\u00e3o deve se apresentar nos pr\u00f3ximos dez dias&#8221;, diz um comunicado nas redes sociais do cantor e da E Street Band, banda que desde 1999 o acompanha nas apresenta\u00e7\u00f5es.<\/p>\n<p>Os problemas vocais n\u00e3o foram detalhados pela equipe do m\u00fasico. As apresenta\u00e7\u00f5es canceladas aconteceriam em Praga, na Rep\u00fablica Checa, na ter\u00e7a-feira, 28, e em Mil\u00e3o, na It\u00e1lia, entre os dias 1\u00ba e 3 junho. Segundo o comunicado, as novas datas ser\u00e3o anunciadas em breve. A turn\u00ea ser\u00e1 retomada no dia 12 de junho, em Madrid, na Espanha.<\/p>\n<p>A turn\u00ea de Springsteen pela Europa j\u00e1 rendeu encontros ilustres. Na quinta-feira, 23, ele se tornou o primeiro m\u00fasico fora do Reino Unido a levar o pr\u00eamio voltado \u00e0 m\u00fasica do Ivor Novello Awards. O trof\u00e9u veio das m\u00e3os de Sir Paul McCartney, que aproveitou para tirar um sarro do norte-americano.<\/p>\n<p>Com mais de 140 milh\u00f5es de \u00e1lbuns vendidos e autor de hits como\u00a0<i>Born In The USA<\/i>\u00a0e\u00a0<i>Born To Run<\/i>, lan\u00e7adas entre as d\u00e9cadas de 70 e 80, Springsteen capturou a desilus\u00e3o com o &#8220;sonho americano&#8221; entre a classe trabalhadora do pa\u00eds.<\/p>\n<p>McCartney, por\u00e9m, n\u00e3o o poupou do tradicional humor ingl\u00eas. &#8220;Ele \u00e9 conhecido como um americano da classe trabalhadora, mas admitiu que nunca trabalhou um dia da sua vida&#8221;, disse. O americano levou na esportiva.<\/p>\n","protected":false},"excerpt":{"rendered":"<p>Por Reda\u00e7\u00e3o O Estado de S. Paulo O cantor Bruce Springsteen, de 74 anos, adiou o show que faria no s\u00e1bado, 25, em Marselha, na Fran\u00e7a. N\u00e3o \u00e9 o \u00fanico adiamento. Por recomenda\u00e7\u00e3o m\u00e9dica, &#8220;The Boss&#8221; precisou remarcar mais tr\u00eas apresenta\u00e7\u00f5es da turn\u00ea agendada pela Europa. &#8220;Ap\u00f3s o adiamento em Marselha devido a problemas vocais, &hellip;<\/p>\n","protected":false},"author":1,"featured_media":3200,"comment_status":"closed","ping_status":"closed","sticky":false,"template":"","format":"standard","meta":{"footnotes":""},"categories":[25],"tags":[],"class_list":["post-3199","post","type-post","status-publish","format-standard","has-post-thumbnail","hentry","category-musica"],"yoast_head":"<!-- This site is optimized with the Yoast SEO plugin v27.4 - https:\/\/yoast.com\/product\/yoast-seo-wordpress\/ -->\n<title>Bruce Springsteen adia shows de turn\u00ea por problemas vocais - Transam\u00e9rica Mococa 93,3<\/title>\n<meta name=\"robots\" content=\"index, follow, max-snippet:-1, max-image-preview:large, max-video-preview:-1\" \/>\n<link rel=\"canonical\" href=\"https:\/\/transamerica93.com.br\/home\/bruce-springsteen-adia-shows-de-turne-por-problemas-vocais\/\" \/>\n<meta property=\"og:locale\" content=\"pt_BR\" \/>\n<meta property=\"og:type\" content=\"article\" \/>\n<meta property=\"og:title\" content=\"Bruce Springsteen adia shows de turn\u00ea por problemas vocais - Transam\u00e9rica Mococa 93,3\" \/>\n<meta property=\"og:description\" content=\"Por Reda\u00e7\u00e3o O Estado de S. Paulo O cantor Bruce Springsteen, de 74 anos, adiou o show que faria no s\u00e1bado, 25, em Marselha, na Fran\u00e7a. N\u00e3o \u00e9 o \u00fanico adiamento. Por recomenda\u00e7\u00e3o m\u00e9dica, &#8220;The Boss&#8221; precisou remarcar mais tr\u00eas apresenta\u00e7\u00f5es da turn\u00ea agendada pela Europa. &#8220;Ap\u00f3s o adiamento em Marselha devido a problemas vocais, &hellip;\" \/>\n<meta property=\"og:url\" content=\"https:\/\/transamerica93.com.br\/home\/bruce-springsteen-adia-shows-de-turne-por-problemas-vocais\/\" \/>\n<meta property=\"og:site_name\" content=\"Transam\u00e9rica Mococa 93,3\" \/>\n<meta property=\"article:publisher\" content=\"https:\/\/www.facebook.com\/transamericamococa\" \/>\n<meta property=\"article:published_time\" content=\"2024-05-28T18:00:36+00:00\" \/>\n<meta property=\"article:modified_time\" content=\"2024-05-30T05:48:04+00:00\" \/>\n<meta property=\"og:image\" content=\"https:\/\/transamerica93.com.br\/home\/wp-content\/uploads\/2024\/05\/imagem-33.jpg\" \/>\n\t<meta property=\"og:image:width\" content=\"931\" \/>\n\t<meta property=\"og:image:height\" content=\"498\" \/>\n\t<meta property=\"og:image:type\" content=\"image\/jpeg\" \/>\n<meta name=\"author\" content=\"Reda\u00e7\u00e3o\" \/>\n<meta name=\"twitter:card\" content=\"summary_large_image\" \/>\n<meta name=\"twitter:creator\" content=\"@transamerica933\" \/>\n<meta name=\"twitter:site\" content=\"@transamerica933\" \/>\n<meta name=\"twitter:label1\" content=\"Escrito por\" \/>\n\t<meta name=\"twitter:data1\" content=\"Reda\u00e7\u00e3o\" \/>\n\t<meta name=\"twitter:label2\" content=\"Est. tempo de leitura\" \/>\n\t<meta name=\"twitter:data2\" content=\"1 minuto\" \/>\n<script type=\"application\/ld+json\" class=\"yoast-schema-graph\">{\"@context\":\"https:\\\/\\\/schema.org\",\"@graph\":[{\"@type\":\"Article\",\"@id\":\"https:\\\/\\\/transamerica93.com.br\\\/home\\\/bruce-springsteen-adia-shows-de-turne-por-problemas-vocais\\\/#article\",\"isPartOf\":{\"@id\":\"https:\\\/\\\/transamerica93.com.br\\\/home\\\/bruce-springsteen-adia-shows-de-turne-por-problemas-vocais\\\/\"},\"author\":{\"name\":\"Reda\u00e7\u00e3o\",\"@id\":\"https:\\\/\\\/transamerica93.com.br\\\/home\\\/#\\\/schema\\\/person\\\/7fed7c99c0d4562efa8561bc0f543172\"},\"headline\":\"Bruce Springsteen adia shows de turn\u00ea por problemas vocais\",\"datePublished\":\"2024-05-28T18:00:36+00:00\",\"dateModified\":\"2024-05-30T05:48:04+00:00\",\"mainEntityOfPage\":{\"@id\":\"https:\\\/\\\/transamerica93.com.br\\\/home\\\/bruce-springsteen-adia-shows-de-turne-por-problemas-vocais\\\/\"},\"wordCount\":309,\"publisher\":{\"@id\":\"https:\\\/\\\/transamerica93.com.br\\\/home\\\/#organization\"},\"image\":{\"@id\":\"https:\\\/\\\/transamerica93.com.br\\\/home\\\/bruce-springsteen-adia-shows-de-turne-por-problemas-vocais\\\/#primaryimage\"},\"thumbnailUrl\":\"https:\\\/\\\/transamerica93.com.br\\\/home\\\/wp-content\\\/uploads\\\/2024\\\/05\\\/imagem-33.jpg\",\"articleSection\":[\"M\u00fasica\"],\"inLanguage\":\"pt-BR\"},{\"@type\":\"WebPage\",\"@id\":\"https:\\\/\\\/transamerica93.com.br\\\/home\\\/bruce-springsteen-adia-shows-de-turne-por-problemas-vocais\\\/\",\"url\":\"https:\\\/\\\/transamerica93.com.br\\\/home\\\/bruce-springsteen-adia-shows-de-turne-por-problemas-vocais\\\/\",\"name\":\"Bruce Springsteen adia shows de turn\u00ea por problemas vocais - Transam\u00e9rica Mococa 93,3\",\"isPartOf\":{\"@id\":\"https:\\\/\\\/transamerica93.com.br\\\/home\\\/#website\"},\"primaryImageOfPage\":{\"@id\":\"https:\\\/\\\/transamerica93.com.br\\\/home\\\/bruce-springsteen-adia-shows-de-turne-por-problemas-vocais\\\/#primaryimage\"},\"image\":{\"@id\":\"https:\\\/\\\/transamerica93.com.br\\\/home\\\/bruce-springsteen-adia-shows-de-turne-por-problemas-vocais\\\/#primaryimage\"},\"thumbnailUrl\":\"https:\\\/\\\/transamerica93.com.br\\\/home\\\/wp-content\\\/uploads\\\/2024\\\/05\\\/imagem-33.jpg\",\"datePublished\":\"2024-05-28T18:00:36+00:00\",\"dateModified\":\"2024-05-30T05:48:04+00:00\",\"breadcrumb\":{\"@id\":\"https:\\\/\\\/transamerica93.com.br\\\/home\\\/bruce-springsteen-adia-shows-de-turne-por-problemas-vocais\\\/#breadcrumb\"},\"inLanguage\":\"pt-BR\",\"potentialAction\":[{\"@type\":\"ReadAction\",\"target\":[\"https:\\\/\\\/transamerica93.com.br\\\/home\\\/bruce-springsteen-adia-shows-de-turne-por-problemas-vocais\\\/\"]}]},{\"@type\":\"ImageObject\",\"inLanguage\":\"pt-BR\",\"@id\":\"https:\\\/\\\/transamerica93.com.br\\\/home\\\/bruce-springsteen-adia-shows-de-turne-por-problemas-vocais\\\/#primaryimage\",\"url\":\"https:\\\/\\\/transamerica93.com.br\\\/home\\\/wp-content\\\/uploads\\\/2024\\\/05\\\/imagem-33.jpg\",\"contentUrl\":\"https:\\\/\\\/transamerica93.com.br\\\/home\\\/wp-content\\\/uploads\\\/2024\\\/05\\\/imagem-33.jpg\",\"width\":931,\"height\":498,\"caption\":\"Divluga\u00e7\u00e3o\"},{\"@type\":\"BreadcrumbList\",\"@id\":\"https:\\\/\\\/transamerica93.com.br\\\/home\\\/bruce-springsteen-adia-shows-de-turne-por-problemas-vocais\\\/#breadcrumb\",\"itemListElement\":[{\"@type\":\"ListItem\",\"position\":1,\"name\":\"In\u00edcio\",\"item\":\"https:\\\/\\\/transamerica93.com.br\\\/home\\\/\"},{\"@type\":\"ListItem\",\"position\":2,\"name\":\"Bruce Springsteen adia shows de turn\u00ea por problemas vocais\"}]},{\"@type\":\"WebSite\",\"@id\":\"https:\\\/\\\/transamerica93.com.br\\\/home\\\/#website\",\"url\":\"https:\\\/\\\/transamerica93.com.br\\\/home\\\/\",\"name\":\"Transam\u00e9rica Mococa 93,3\",\"description\":\"\",\"publisher\":{\"@id\":\"https:\\\/\\\/transamerica93.com.br\\\/home\\\/#organization\"},\"potentialAction\":[{\"@type\":\"SearchAction\",\"target\":{\"@type\":\"EntryPoint\",\"urlTemplate\":\"https:\\\/\\\/transamerica93.com.br\\\/home\\\/?s={search_term_string}\"},\"query-input\":{\"@type\":\"PropertyValueSpecification\",\"valueRequired\":true,\"valueName\":\"search_term_string\"}}],\"inLanguage\":\"pt-BR\"},{\"@type\":\"Organization\",\"@id\":\"https:\\\/\\\/transamerica93.com.br\\\/home\\\/#organization\",\"name\":\"Transam\u00e9rica Mococa 93,3\",\"url\":\"https:\\\/\\\/transamerica93.com.br\\\/home\\\/\",\"logo\":{\"@type\":\"ImageObject\",\"inLanguage\":\"pt-BR\",\"@id\":\"https:\\\/\\\/transamerica93.com.br\\\/home\\\/#\\\/schema\\\/logo\\\/image\\\/\",\"url\":\"https:\\\/\\\/transamerica93.com.br\\\/home\\\/wp-content\\\/uploads\\\/2023\\\/10\\\/logo2.png\",\"contentUrl\":\"https:\\\/\\\/transamerica93.com.br\\\/home\\\/wp-content\\\/uploads\\\/2023\\\/10\\\/logo2.png\",\"width\":800,\"height\":500,\"caption\":\"Transam\u00e9rica Mococa 93,3\"},\"image\":{\"@id\":\"https:\\\/\\\/transamerica93.com.br\\\/home\\\/#\\\/schema\\\/logo\\\/image\\\/\"},\"sameAs\":[\"https:\\\/\\\/www.facebook.com\\\/transamericamococa\",\"https:\\\/\\\/x.com\\\/transamerica933\",\"https:\\\/\\\/www.instagram.com\\\/transamericamococa\"]},{\"@type\":\"Person\",\"@id\":\"https:\\\/\\\/transamerica93.com.br\\\/home\\\/#\\\/schema\\\/person\\\/7fed7c99c0d4562efa8561bc0f543172\",\"name\":\"Reda\u00e7\u00e3o\",\"image\":{\"@type\":\"ImageObject\",\"inLanguage\":\"pt-BR\",\"@id\":\"https:\\\/\\\/secure.gravatar.com\\\/avatar\\\/1072c6b775fb02ef8506ce967551d95926669a6b7d2c2147b42eea4d7c68395e?s=96&d=mm&r=g\",\"url\":\"https:\\\/\\\/secure.gravatar.com\\\/avatar\\\/1072c6b775fb02ef8506ce967551d95926669a6b7d2c2147b42eea4d7c68395e?s=96&d=mm&r=g\",\"contentUrl\":\"https:\\\/\\\/secure.gravatar.com\\\/avatar\\\/1072c6b775fb02ef8506ce967551d95926669a6b7d2c2147b42eea4d7c68395e?s=96&d=mm&r=g\",\"caption\":\"Reda\u00e7\u00e3o\"},\"sameAs\":[\"https:\\\/\\\/transamerica93.com.br\\\/home\"],\"url\":\"https:\\\/\\\/transamerica93.com.br\\\/home\\\/author\\\/william\\\/\"}]}<\/script>\n<!-- \/ Yoast SEO plugin. -->","yoast_head_json":{"title":"Bruce Springsteen adia shows de turn\u00ea por problemas vocais - Transam\u00e9rica Mococa 93,3","robots":{"index":"index","follow":"follow","max-snippet":"max-snippet:-1","max-image-preview":"max-image-preview:large","max-video-preview":"max-video-preview:-1"},"canonical":"https:\/\/transamerica93.com.br\/home\/bruce-springsteen-adia-shows-de-turne-por-problemas-vocais\/","og_locale":"pt_BR","og_type":"article","og_title":"Bruce Springsteen adia shows de turn\u00ea por problemas vocais - Transam\u00e9rica Mococa 93,3","og_description":"Por Reda\u00e7\u00e3o O Estado de S. Paulo O cantor Bruce Springsteen, de 74 anos, adiou o show que faria no s\u00e1bado, 25, em Marselha, na Fran\u00e7a. N\u00e3o \u00e9 o \u00fanico adiamento. Por recomenda\u00e7\u00e3o m\u00e9dica, &#8220;The Boss&#8221; precisou remarcar mais tr\u00eas apresenta\u00e7\u00f5es da turn\u00ea agendada pela Europa. &#8220;Ap\u00f3s o adiamento em Marselha devido a problemas vocais, &hellip;","og_url":"https:\/\/transamerica93.com.br\/home\/bruce-springsteen-adia-shows-de-turne-por-problemas-vocais\/","og_site_name":"Transam\u00e9rica Mococa 93,3","article_publisher":"https:\/\/www.facebook.com\/transamericamococa","article_published_time":"2024-05-28T18:00:36+00:00","article_modified_time":"2024-05-30T05:48:04+00:00","og_image":[{"width":931,"height":498,"url":"https:\/\/transamerica93.com.br\/home\/wp-content\/uploads\/2024\/05\/imagem-33.jpg","type":"image\/jpeg"}],"author":"Reda\u00e7\u00e3o","twitter_card":"summary_large_image","twitter_creator":"@transamerica933","twitter_site":"@transamerica933","twitter_misc":{"Escrito por":"Reda\u00e7\u00e3o","Est. tempo de leitura":"1 minuto"},"schema":{"@context":"https:\/\/schema.org","@graph":[{"@type":"Article","@id":"https:\/\/transamerica93.com.br\/home\/bruce-springsteen-adia-shows-de-turne-por-problemas-vocais\/#article","isPartOf":{"@id":"https:\/\/transamerica93.com.br\/home\/bruce-springsteen-adia-shows-de-turne-por-problemas-vocais\/"},"author":{"name":"Reda\u00e7\u00e3o","@id":"https:\/\/transamerica93.com.br\/home\/#\/schema\/person\/7fed7c99c0d4562efa8561bc0f543172"},"headline":"Bruce Springsteen adia shows de turn\u00ea por problemas vocais","datePublished":"2024-05-28T18:00:36+00:00","dateModified":"2024-05-30T05:48:04+00:00","mainEntityOfPage":{"@id":"https:\/\/transamerica93.com.br\/home\/bruce-springsteen-adia-shows-de-turne-por-problemas-vocais\/"},"wordCount":309,"publisher":{"@id":"https:\/\/transamerica93.com.br\/home\/#organization"},"image":{"@id":"https:\/\/transamerica93.com.br\/home\/bruce-springsteen-adia-shows-de-turne-por-problemas-vocais\/#primaryimage"},"thumbnailUrl":"https:\/\/transamerica93.com.br\/home\/wp-content\/uploads\/2024\/05\/imagem-33.jpg","articleSection":["M\u00fasica"],"inLanguage":"pt-BR"},{"@type":"WebPage","@id":"https:\/\/transamerica93.com.br\/home\/bruce-springsteen-adia-shows-de-turne-por-problemas-vocais\/","url":"https:\/\/transamerica93.com.br\/home\/bruce-springsteen-adia-shows-de-turne-por-problemas-vocais\/","name":"Bruce Springsteen adia shows de turn\u00ea por problemas vocais - Transam\u00e9rica Mococa 93,3","isPartOf":{"@id":"https:\/\/transamerica93.com.br\/home\/#website"},"primaryImageOfPage":{"@id":"https:\/\/transamerica93.com.br\/home\/bruce-springsteen-adia-shows-de-turne-por-problemas-vocais\/#primaryimage"},"image":{"@id":"https:\/\/transamerica93.com.br\/home\/bruce-springsteen-adia-shows-de-turne-por-problemas-vocais\/#primaryimage"},"thumbnailUrl":"https:\/\/transamerica93.com.br\/home\/wp-content\/uploads\/2024\/05\/imagem-33.jpg","datePublished":"2024-05-28T18:00:36+00:00","dateModified":"2024-05-30T05:48:04+00:00","breadcrumb":{"@id":"https:\/\/transamerica93.com.br\/home\/bruce-springsteen-adia-shows-de-turne-por-problemas-vocais\/#breadcrumb"},"inLanguage":"pt-BR","potentialAction":[{"@type":"ReadAction","target":["https:\/\/transamerica93.com.br\/home\/bruce-springsteen-adia-shows-de-turne-por-problemas-vocais\/"]}]},{"@type":"ImageObject","inLanguage":"pt-BR","@id":"https:\/\/transamerica93.com.br\/home\/bruce-springsteen-adia-shows-de-turne-por-problemas-vocais\/#primaryimage","url":"https:\/\/transamerica93.com.br\/home\/wp-content\/uploads\/2024\/05\/imagem-33.jpg","contentUrl":"https:\/\/transamerica93.com.br\/home\/wp-content\/uploads\/2024\/05\/imagem-33.jpg","width":931,"height":498,"caption":"Divluga\u00e7\u00e3o"},{"@type":"BreadcrumbList","@id":"https:\/\/transamerica93.com.br\/home\/bruce-springsteen-adia-shows-de-turne-por-problemas-vocais\/#breadcrumb","itemListElement":[{"@type":"ListItem","position":1,"name":"In\u00edcio","item":"https:\/\/transamerica93.com.br\/home\/"},{"@type":"ListItem","position":2,"name":"Bruce Springsteen adia shows de turn\u00ea por problemas vocais"}]},{"@type":"WebSite","@id":"https:\/\/transamerica93.com.br\/home\/#website","url":"https:\/\/transamerica93.com.br\/home\/","name":"Transam\u00e9rica Mococa 93,3","description":"","publisher":{"@id":"https:\/\/transamerica93.com.br\/home\/#organization"},"potentialAction":[{"@type":"SearchAction","target":{"@type":"EntryPoint","urlTemplate":"https:\/\/transamerica93.com.br\/home\/?s={search_term_string}"},"query-input":{"@type":"PropertyValueSpecification","valueRequired":true,"valueName":"search_term_string"}}],"inLanguage":"pt-BR"},{"@type":"Organization","@id":"https:\/\/transamerica93.com.br\/home\/#organization","name":"Transam\u00e9rica Mococa 93,3","url":"https:\/\/transamerica93.com.br\/home\/","logo":{"@type":"ImageObject","inLanguage":"pt-BR","@id":"https:\/\/transamerica93.com.br\/home\/#\/schema\/logo\/image\/","url":"https:\/\/transamerica93.com.br\/home\/wp-content\/uploads\/2023\/10\/logo2.png","contentUrl":"https:\/\/transamerica93.com.br\/home\/wp-content\/uploads\/2023\/10\/logo2.png","width":800,"height":500,"caption":"Transam\u00e9rica Mococa 93,3"},"image":{"@id":"https:\/\/transamerica93.com.br\/home\/#\/schema\/logo\/image\/"},"sameAs":["https:\/\/www.facebook.com\/transamericamococa","https:\/\/x.com\/transamerica933","https:\/\/www.instagram.com\/transamericamococa"]},{"@type":"Person","@id":"https:\/\/transamerica93.com.br\/home\/#\/schema\/person\/7fed7c99c0d4562efa8561bc0f543172","name":"Reda\u00e7\u00e3o","image":{"@type":"ImageObject","inLanguage":"pt-BR","@id":"https:\/\/secure.gravatar.com\/avatar\/1072c6b775fb02ef8506ce967551d95926669a6b7d2c2147b42eea4d7c68395e?s=96&d=mm&r=g","url":"https:\/\/secure.gravatar.com\/avatar\/1072c6b775fb02ef8506ce967551d95926669a6b7d2c2147b42eea4d7c68395e?s=96&d=mm&r=g","contentUrl":"https:\/\/secure.gravatar.com\/avatar\/1072c6b775fb02ef8506ce967551d95926669a6b7d2c2147b42eea4d7c68395e?s=96&d=mm&r=g","caption":"Reda\u00e7\u00e3o"},"sameAs":["https:\/\/transamerica93.com.br\/home"],"url":"https:\/\/transamerica93.com.br\/home\/author\/william\/"}]}},"_links":{"self":[{"href":"https:\/\/transamerica93.com.br\/home\/wp-json\/wp\/v2\/posts\/3199","targetHints":{"allow":["GET"]}}],"collection":[{"href":"https:\/\/transamerica93.com.br\/home\/wp-json\/wp\/v2\/posts"}],"about":[{"href":"https:\/\/transamerica93.com.br\/home\/wp-json\/wp\/v2\/types\/post"}],"author":[{"embeddable":true,"href":"https:\/\/transamerica93.com.br\/home\/wp-json\/wp\/v2\/users\/1"}],"replies":[{"embeddable":true,"href":"https:\/\/transamerica93.com.br\/home\/wp-json\/wp\/v2\/comments?post=3199"}],"version-history":[{"count":1,"href":"https:\/\/transamerica93.com.br\/home\/wp-json\/wp\/v2\/posts\/3199\/revisions"}],"predecessor-version":[{"id":3201,"href":"https:\/\/transamerica93.com.br\/home\/wp-json\/wp\/v2\/posts\/3199\/revisions\/3201"}],"wp:featuredmedia":[{"embeddable":true,"href":"https:\/\/transamerica93.com.br\/home\/wp-json\/wp\/v2\/media\/3200"}],"wp:attachment":[{"href":"https:\/\/transamerica93.com.br\/home\/wp-json\/wp\/v2\/media?parent=3199"}],"wp:term":[{"taxonomy":"category","embeddable":true,"href":"https:\/\/transamerica93.com.br\/home\/wp-json\/wp\/v2\/categories?post=3199"},{"taxonomy":"post_tag","embeddable":true,"href":"https:\/\/transamerica93.com.br\/home\/wp-json\/wp\/v2\/tags?post=3199"}],"curies":[{"name":"wp","href":"https:\/\/api.w.org\/{rel}","templated":true}]}}