{"id":3202,"date":"2024-05-28T18:00:06","date_gmt":"2024-05-28T21:00:06","guid":{"rendered":"https:\/\/transamerica93.com.br\/home\/?p=3202"},"modified":"2024-05-30T02:50:03","modified_gmt":"2024-05-30T05:50:03","slug":"estrela-de-13-reasons-why-desistiu-da-carreira-depois-da-serie-da-netflix","status":"publish","type":"post","link":"https:\/\/transamerica93.com.br\/home\/estrela-de-13-reasons-why-desistiu-da-carreira-depois-da-serie-da-netflix\/","title":{"rendered":"Estrela de &#8217;13 Reasons Why&#8217; desistiu da carreira depois da s\u00e9rie da Netflix"},"content":{"rendered":"<h6 class=\"Assina\">Por Reda\u00e7\u00e3o E+<\/h6>\n<p>Dylan Minnette, da banda Wallows, explicou o motivo de ter desistido de sua carreira como ator. Ele interpretou Clay Jensen em\u00a0<i>13 Reasons Why<\/i>\u00a0e Wes em\u00a0<i>P\u00e2nico 5<\/i>.<\/p>\n<p>Em entrevista ao Zach Sang Show, o artista revelou que apesar de amar atuar, est\u00e1 focado em sua carreira musical. &#8220;Eu estava em\u00a0<i>13 Reasons Why<\/i>. Foi muito popular e definitivamente atingiu um auge no que eu tinha em atua\u00e7\u00e3o. Mas tamb\u00e9m come\u00e7ou a parecer um pouco como um trabalho. E eu estava em uma posi\u00e7\u00e3o muito feliz, sempre foi divertido para mim, sempre muito inspirador, mas ent\u00e3o estava come\u00e7ando a parecer apenas um trabalho&#8221;, disse.<\/p>\n<p>Minnette e seus companheiros de banda, Braeden Lemasters e Cole Preston, est\u00e3o determinados a fazerem cada vez mais sucesso com a Wallows. &#8220;A \u00fanica maneira de isso acontecer \u00e9 se eu dedicar 100% do meu tempo e energia nisso e levar isso muito a s\u00e9rio e mostrar ao mundo que todos n\u00f3s levamos isso muito a s\u00e9rio.&#8221;<\/p>\n<p>Apesar de priorizar a m\u00fasica, o artista disse que n\u00e3o descartou a ideia de voltar a atuar. &#8220;Em algum momento, quando tivermos cumprido nossos deveres no Wallows e estivermos todos prontos para fazer uma pausa como banda, \u00e9 quando terei a inspira\u00e7\u00e3o perfeita para fazer algo.&#8221;<\/p>\n<p>O grupo musical foi formado em 2017 e se apresentou no Brasil no Lollapalooza de 2023. &#8220;Est\u00e1 \u00e9 uma banda de verdade, vamos fazer coisas de banda de verdade&#8221;, finalizou.<\/p>\n","protected":false},"excerpt":{"rendered":"<p>Por Reda\u00e7\u00e3o E+ Dylan Minnette, da banda Wallows, explicou o motivo de ter desistido de sua carreira como ator. Ele interpretou Clay Jensen em\u00a013 Reasons Why\u00a0e Wes em\u00a0P\u00e2nico 5. Em entrevista ao Zach Sang Show, o artista revelou que apesar de amar atuar, est\u00e1 focado em sua carreira musical. &#8220;Eu estava em\u00a013 Reasons Why. Foi &hellip;<\/p>\n","protected":false},"author":1,"featured_media":3203,"comment_status":"closed","ping_status":"closed","sticky":false,"template":"","format":"standard","meta":{"footnotes":""},"categories":[24],"tags":[],"class_list":["post-3202","post","type-post","status-publish","format-standard","has-post-thumbnail","hentry","category-entretenimento"],"yoast_head":"<!-- This site is optimized with the Yoast SEO plugin v27.4 - https:\/\/yoast.com\/product\/yoast-seo-wordpress\/ -->\n<title>Estrela de &#039;13 Reasons Why&#039; desistiu da carreira depois da s\u00e9rie da Netflix - Transam\u00e9rica Mococa 93,3<\/title>\n<meta name=\"robots\" content=\"index, follow, max-snippet:-1, max-image-preview:large, max-video-preview:-1\" \/>\n<link rel=\"canonical\" href=\"https:\/\/transamerica93.com.br\/home\/estrela-de-13-reasons-why-desistiu-da-carreira-depois-da-serie-da-netflix\/\" \/>\n<meta property=\"og:locale\" content=\"pt_BR\" \/>\n<meta property=\"og:type\" content=\"article\" \/>\n<meta property=\"og:title\" content=\"Estrela de &#039;13 Reasons Why&#039; desistiu da carreira depois da s\u00e9rie da Netflix - Transam\u00e9rica Mococa 93,3\" \/>\n<meta property=\"og:description\" content=\"Por Reda\u00e7\u00e3o E+ Dylan Minnette, da banda Wallows, explicou o motivo de ter desistido de sua carreira como ator. Ele interpretou Clay Jensen em\u00a013 Reasons Why\u00a0e Wes em\u00a0P\u00e2nico 5. Em entrevista ao Zach Sang Show, o artista revelou que apesar de amar atuar, est\u00e1 focado em sua carreira musical. &#8220;Eu estava em\u00a013 Reasons Why. Foi &hellip;\" \/>\n<meta property=\"og:url\" content=\"https:\/\/transamerica93.com.br\/home\/estrela-de-13-reasons-why-desistiu-da-carreira-depois-da-serie-da-netflix\/\" \/>\n<meta property=\"og:site_name\" content=\"Transam\u00e9rica Mococa 93,3\" \/>\n<meta property=\"article:publisher\" content=\"https:\/\/www.facebook.com\/transamericamococa\" \/>\n<meta property=\"article:published_time\" content=\"2024-05-28T21:00:06+00:00\" \/>\n<meta property=\"article:modified_time\" content=\"2024-05-30T05:50:03+00:00\" \/>\n<meta property=\"og:image\" content=\"https:\/\/transamerica93.com.br\/home\/wp-content\/uploads\/2024\/05\/13-reasons-why-actor-dylan-minnette-reveals-why-he-quit-acting-001-1140x550-1.jpg\" \/>\n\t<meta property=\"og:image:width\" content=\"1140\" \/>\n\t<meta property=\"og:image:height\" content=\"550\" \/>\n\t<meta property=\"og:image:type\" content=\"image\/jpeg\" \/>\n<meta name=\"author\" content=\"Reda\u00e7\u00e3o\" \/>\n<meta name=\"twitter:card\" content=\"summary_large_image\" \/>\n<meta name=\"twitter:creator\" content=\"@transamerica933\" \/>\n<meta name=\"twitter:site\" content=\"@transamerica933\" \/>\n<meta name=\"twitter:label1\" content=\"Escrito por\" \/>\n\t<meta name=\"twitter:data1\" content=\"Reda\u00e7\u00e3o\" \/>\n\t<meta name=\"twitter:label2\" content=\"Est. tempo de leitura\" \/>\n\t<meta name=\"twitter:data2\" content=\"2 minutos\" \/>\n<script type=\"application\/ld+json\" class=\"yoast-schema-graph\">{\"@context\":\"https:\\\/\\\/schema.org\",\"@graph\":[{\"@type\":\"Article\",\"@id\":\"https:\\\/\\\/transamerica93.com.br\\\/home\\\/estrela-de-13-reasons-why-desistiu-da-carreira-depois-da-serie-da-netflix\\\/#article\",\"isPartOf\":{\"@id\":\"https:\\\/\\\/transamerica93.com.br\\\/home\\\/estrela-de-13-reasons-why-desistiu-da-carreira-depois-da-serie-da-netflix\\\/\"},\"author\":{\"name\":\"Reda\u00e7\u00e3o\",\"@id\":\"https:\\\/\\\/transamerica93.com.br\\\/home\\\/#\\\/schema\\\/person\\\/7fed7c99c0d4562efa8561bc0f543172\"},\"headline\":\"Estrela de &#8217;13 Reasons Why&#8217; desistiu da carreira depois da s\u00e9rie da Netflix\",\"datePublished\":\"2024-05-28T21:00:06+00:00\",\"dateModified\":\"2024-05-30T05:50:03+00:00\",\"mainEntityOfPage\":{\"@id\":\"https:\\\/\\\/transamerica93.com.br\\\/home\\\/estrela-de-13-reasons-why-desistiu-da-carreira-depois-da-serie-da-netflix\\\/\"},\"wordCount\":260,\"publisher\":{\"@id\":\"https:\\\/\\\/transamerica93.com.br\\\/home\\\/#organization\"},\"image\":{\"@id\":\"https:\\\/\\\/transamerica93.com.br\\\/home\\\/estrela-de-13-reasons-why-desistiu-da-carreira-depois-da-serie-da-netflix\\\/#primaryimage\"},\"thumbnailUrl\":\"https:\\\/\\\/transamerica93.com.br\\\/home\\\/wp-content\\\/uploads\\\/2024\\\/05\\\/13-reasons-why-actor-dylan-minnette-reveals-why-he-quit-acting-001-1140x550-1.jpg\",\"articleSection\":[\"Entretenimento\"],\"inLanguage\":\"pt-BR\"},{\"@type\":\"WebPage\",\"@id\":\"https:\\\/\\\/transamerica93.com.br\\\/home\\\/estrela-de-13-reasons-why-desistiu-da-carreira-depois-da-serie-da-netflix\\\/\",\"url\":\"https:\\\/\\\/transamerica93.com.br\\\/home\\\/estrela-de-13-reasons-why-desistiu-da-carreira-depois-da-serie-da-netflix\\\/\",\"name\":\"Estrela de '13 Reasons Why' desistiu da carreira depois da s\u00e9rie da Netflix - Transam\u00e9rica Mococa 93,3\",\"isPartOf\":{\"@id\":\"https:\\\/\\\/transamerica93.com.br\\\/home\\\/#website\"},\"primaryImageOfPage\":{\"@id\":\"https:\\\/\\\/transamerica93.com.br\\\/home\\\/estrela-de-13-reasons-why-desistiu-da-carreira-depois-da-serie-da-netflix\\\/#primaryimage\"},\"image\":{\"@id\":\"https:\\\/\\\/transamerica93.com.br\\\/home\\\/estrela-de-13-reasons-why-desistiu-da-carreira-depois-da-serie-da-netflix\\\/#primaryimage\"},\"thumbnailUrl\":\"https:\\\/\\\/transamerica93.com.br\\\/home\\\/wp-content\\\/uploads\\\/2024\\\/05\\\/13-reasons-why-actor-dylan-minnette-reveals-why-he-quit-acting-001-1140x550-1.jpg\",\"datePublished\":\"2024-05-28T21:00:06+00:00\",\"dateModified\":\"2024-05-30T05:50:03+00:00\",\"breadcrumb\":{\"@id\":\"https:\\\/\\\/transamerica93.com.br\\\/home\\\/estrela-de-13-reasons-why-desistiu-da-carreira-depois-da-serie-da-netflix\\\/#breadcrumb\"},\"inLanguage\":\"pt-BR\",\"potentialAction\":[{\"@type\":\"ReadAction\",\"target\":[\"https:\\\/\\\/transamerica93.com.br\\\/home\\\/estrela-de-13-reasons-why-desistiu-da-carreira-depois-da-serie-da-netflix\\\/\"]}]},{\"@type\":\"ImageObject\",\"inLanguage\":\"pt-BR\",\"@id\":\"https:\\\/\\\/transamerica93.com.br\\\/home\\\/estrela-de-13-reasons-why-desistiu-da-carreira-depois-da-serie-da-netflix\\\/#primaryimage\",\"url\":\"https:\\\/\\\/transamerica93.com.br\\\/home\\\/wp-content\\\/uploads\\\/2024\\\/05\\\/13-reasons-why-actor-dylan-minnette-reveals-why-he-quit-acting-001-1140x550-1.jpg\",\"contentUrl\":\"https:\\\/\\\/transamerica93.com.br\\\/home\\\/wp-content\\\/uploads\\\/2024\\\/05\\\/13-reasons-why-actor-dylan-minnette-reveals-why-he-quit-acting-001-1140x550-1.jpg\",\"width\":1140,\"height\":550,\"caption\":\"Divulga\u00e7\u00e3o\"},{\"@type\":\"BreadcrumbList\",\"@id\":\"https:\\\/\\\/transamerica93.com.br\\\/home\\\/estrela-de-13-reasons-why-desistiu-da-carreira-depois-da-serie-da-netflix\\\/#breadcrumb\",\"itemListElement\":[{\"@type\":\"ListItem\",\"position\":1,\"name\":\"In\u00edcio\",\"item\":\"https:\\\/\\\/transamerica93.com.br\\\/home\\\/\"},{\"@type\":\"ListItem\",\"position\":2,\"name\":\"Estrela de &#8217;13 Reasons Why&#8217; desistiu da carreira depois da s\u00e9rie da Netflix\"}]},{\"@type\":\"WebSite\",\"@id\":\"https:\\\/\\\/transamerica93.com.br\\\/home\\\/#website\",\"url\":\"https:\\\/\\\/transamerica93.com.br\\\/home\\\/\",\"name\":\"Transam\u00e9rica Mococa 93,3\",\"description\":\"\",\"publisher\":{\"@id\":\"https:\\\/\\\/transamerica93.com.br\\\/home\\\/#organization\"},\"potentialAction\":[{\"@type\":\"SearchAction\",\"target\":{\"@type\":\"EntryPoint\",\"urlTemplate\":\"https:\\\/\\\/transamerica93.com.br\\\/home\\\/?s={search_term_string}\"},\"query-input\":{\"@type\":\"PropertyValueSpecification\",\"valueRequired\":true,\"valueName\":\"search_term_string\"}}],\"inLanguage\":\"pt-BR\"},{\"@type\":\"Organization\",\"@id\":\"https:\\\/\\\/transamerica93.com.br\\\/home\\\/#organization\",\"name\":\"Transam\u00e9rica Mococa 93,3\",\"url\":\"https:\\\/\\\/transamerica93.com.br\\\/home\\\/\",\"logo\":{\"@type\":\"ImageObject\",\"inLanguage\":\"pt-BR\",\"@id\":\"https:\\\/\\\/transamerica93.com.br\\\/home\\\/#\\\/schema\\\/logo\\\/image\\\/\",\"url\":\"https:\\\/\\\/transamerica93.com.br\\\/home\\\/wp-content\\\/uploads\\\/2023\\\/10\\\/logo2.png\",\"contentUrl\":\"https:\\\/\\\/transamerica93.com.br\\\/home\\\/wp-content\\\/uploads\\\/2023\\\/10\\\/logo2.png\",\"width\":800,\"height\":500,\"caption\":\"Transam\u00e9rica Mococa 93,3\"},\"image\":{\"@id\":\"https:\\\/\\\/transamerica93.com.br\\\/home\\\/#\\\/schema\\\/logo\\\/image\\\/\"},\"sameAs\":[\"https:\\\/\\\/www.facebook.com\\\/transamericamococa\",\"https:\\\/\\\/x.com\\\/transamerica933\",\"https:\\\/\\\/www.instagram.com\\\/transamericamococa\"]},{\"@type\":\"Person\",\"@id\":\"https:\\\/\\\/transamerica93.com.br\\\/home\\\/#\\\/schema\\\/person\\\/7fed7c99c0d4562efa8561bc0f543172\",\"name\":\"Reda\u00e7\u00e3o\",\"image\":{\"@type\":\"ImageObject\",\"inLanguage\":\"pt-BR\",\"@id\":\"https:\\\/\\\/secure.gravatar.com\\\/avatar\\\/1072c6b775fb02ef8506ce967551d95926669a6b7d2c2147b42eea4d7c68395e?s=96&d=mm&r=g\",\"url\":\"https:\\\/\\\/secure.gravatar.com\\\/avatar\\\/1072c6b775fb02ef8506ce967551d95926669a6b7d2c2147b42eea4d7c68395e?s=96&d=mm&r=g\",\"contentUrl\":\"https:\\\/\\\/secure.gravatar.com\\\/avatar\\\/1072c6b775fb02ef8506ce967551d95926669a6b7d2c2147b42eea4d7c68395e?s=96&d=mm&r=g\",\"caption\":\"Reda\u00e7\u00e3o\"},\"sameAs\":[\"https:\\\/\\\/transamerica93.com.br\\\/home\"],\"url\":\"https:\\\/\\\/transamerica93.com.br\\\/home\\\/author\\\/william\\\/\"}]}<\/script>\n<!-- \/ Yoast SEO plugin. -->","yoast_head_json":{"title":"Estrela de '13 Reasons Why' desistiu da carreira depois da s\u00e9rie da Netflix - Transam\u00e9rica Mococa 93,3","robots":{"index":"index","follow":"follow","max-snippet":"max-snippet:-1","max-image-preview":"max-image-preview:large","max-video-preview":"max-video-preview:-1"},"canonical":"https:\/\/transamerica93.com.br\/home\/estrela-de-13-reasons-why-desistiu-da-carreira-depois-da-serie-da-netflix\/","og_locale":"pt_BR","og_type":"article","og_title":"Estrela de '13 Reasons Why' desistiu da carreira depois da s\u00e9rie da Netflix - Transam\u00e9rica Mococa 93,3","og_description":"Por Reda\u00e7\u00e3o E+ Dylan Minnette, da banda Wallows, explicou o motivo de ter desistido de sua carreira como ator. Ele interpretou Clay Jensen em\u00a013 Reasons Why\u00a0e Wes em\u00a0P\u00e2nico 5. Em entrevista ao Zach Sang Show, o artista revelou que apesar de amar atuar, est\u00e1 focado em sua carreira musical. &#8220;Eu estava em\u00a013 Reasons Why. Foi &hellip;","og_url":"https:\/\/transamerica93.com.br\/home\/estrela-de-13-reasons-why-desistiu-da-carreira-depois-da-serie-da-netflix\/","og_site_name":"Transam\u00e9rica Mococa 93,3","article_publisher":"https:\/\/www.facebook.com\/transamericamococa","article_published_time":"2024-05-28T21:00:06+00:00","article_modified_time":"2024-05-30T05:50:03+00:00","og_image":[{"width":1140,"height":550,"url":"https:\/\/transamerica93.com.br\/home\/wp-content\/uploads\/2024\/05\/13-reasons-why-actor-dylan-minnette-reveals-why-he-quit-acting-001-1140x550-1.jpg","type":"image\/jpeg"}],"author":"Reda\u00e7\u00e3o","twitter_card":"summary_large_image","twitter_creator":"@transamerica933","twitter_site":"@transamerica933","twitter_misc":{"Escrito por":"Reda\u00e7\u00e3o","Est. tempo de leitura":"2 minutos"},"schema":{"@context":"https:\/\/schema.org","@graph":[{"@type":"Article","@id":"https:\/\/transamerica93.com.br\/home\/estrela-de-13-reasons-why-desistiu-da-carreira-depois-da-serie-da-netflix\/#article","isPartOf":{"@id":"https:\/\/transamerica93.com.br\/home\/estrela-de-13-reasons-why-desistiu-da-carreira-depois-da-serie-da-netflix\/"},"author":{"name":"Reda\u00e7\u00e3o","@id":"https:\/\/transamerica93.com.br\/home\/#\/schema\/person\/7fed7c99c0d4562efa8561bc0f543172"},"headline":"Estrela de &#8217;13 Reasons Why&#8217; desistiu da carreira depois da s\u00e9rie da Netflix","datePublished":"2024-05-28T21:00:06+00:00","dateModified":"2024-05-30T05:50:03+00:00","mainEntityOfPage":{"@id":"https:\/\/transamerica93.com.br\/home\/estrela-de-13-reasons-why-desistiu-da-carreira-depois-da-serie-da-netflix\/"},"wordCount":260,"publisher":{"@id":"https:\/\/transamerica93.com.br\/home\/#organization"},"image":{"@id":"https:\/\/transamerica93.com.br\/home\/estrela-de-13-reasons-why-desistiu-da-carreira-depois-da-serie-da-netflix\/#primaryimage"},"thumbnailUrl":"https:\/\/transamerica93.com.br\/home\/wp-content\/uploads\/2024\/05\/13-reasons-why-actor-dylan-minnette-reveals-why-he-quit-acting-001-1140x550-1.jpg","articleSection":["Entretenimento"],"inLanguage":"pt-BR"},{"@type":"WebPage","@id":"https:\/\/transamerica93.com.br\/home\/estrela-de-13-reasons-why-desistiu-da-carreira-depois-da-serie-da-netflix\/","url":"https:\/\/transamerica93.com.br\/home\/estrela-de-13-reasons-why-desistiu-da-carreira-depois-da-serie-da-netflix\/","name":"Estrela de '13 Reasons Why' desistiu da carreira depois da s\u00e9rie da Netflix - Transam\u00e9rica Mococa 93,3","isPartOf":{"@id":"https:\/\/transamerica93.com.br\/home\/#website"},"primaryImageOfPage":{"@id":"https:\/\/transamerica93.com.br\/home\/estrela-de-13-reasons-why-desistiu-da-carreira-depois-da-serie-da-netflix\/#primaryimage"},"image":{"@id":"https:\/\/transamerica93.com.br\/home\/estrela-de-13-reasons-why-desistiu-da-carreira-depois-da-serie-da-netflix\/#primaryimage"},"thumbnailUrl":"https:\/\/transamerica93.com.br\/home\/wp-content\/uploads\/2024\/05\/13-reasons-why-actor-dylan-minnette-reveals-why-he-quit-acting-001-1140x550-1.jpg","datePublished":"2024-05-28T21:00:06+00:00","dateModified":"2024-05-30T05:50:03+00:00","breadcrumb":{"@id":"https:\/\/transamerica93.com.br\/home\/estrela-de-13-reasons-why-desistiu-da-carreira-depois-da-serie-da-netflix\/#breadcrumb"},"inLanguage":"pt-BR","potentialAction":[{"@type":"ReadAction","target":["https:\/\/transamerica93.com.br\/home\/estrela-de-13-reasons-why-desistiu-da-carreira-depois-da-serie-da-netflix\/"]}]},{"@type":"ImageObject","inLanguage":"pt-BR","@id":"https:\/\/transamerica93.com.br\/home\/estrela-de-13-reasons-why-desistiu-da-carreira-depois-da-serie-da-netflix\/#primaryimage","url":"https:\/\/transamerica93.com.br\/home\/wp-content\/uploads\/2024\/05\/13-reasons-why-actor-dylan-minnette-reveals-why-he-quit-acting-001-1140x550-1.jpg","contentUrl":"https:\/\/transamerica93.com.br\/home\/wp-content\/uploads\/2024\/05\/13-reasons-why-actor-dylan-minnette-reveals-why-he-quit-acting-001-1140x550-1.jpg","width":1140,"height":550,"caption":"Divulga\u00e7\u00e3o"},{"@type":"BreadcrumbList","@id":"https:\/\/transamerica93.com.br\/home\/estrela-de-13-reasons-why-desistiu-da-carreira-depois-da-serie-da-netflix\/#breadcrumb","itemListElement":[{"@type":"ListItem","position":1,"name":"In\u00edcio","item":"https:\/\/transamerica93.com.br\/home\/"},{"@type":"ListItem","position":2,"name":"Estrela de &#8217;13 Reasons Why&#8217; desistiu da carreira depois da s\u00e9rie da Netflix"}]},{"@type":"WebSite","@id":"https:\/\/transamerica93.com.br\/home\/#website","url":"https:\/\/transamerica93.com.br\/home\/","name":"Transam\u00e9rica Mococa 93,3","description":"","publisher":{"@id":"https:\/\/transamerica93.com.br\/home\/#organization"},"potentialAction":[{"@type":"SearchAction","target":{"@type":"EntryPoint","urlTemplate":"https:\/\/transamerica93.com.br\/home\/?s={search_term_string}"},"query-input":{"@type":"PropertyValueSpecification","valueRequired":true,"valueName":"search_term_string"}}],"inLanguage":"pt-BR"},{"@type":"Organization","@id":"https:\/\/transamerica93.com.br\/home\/#organization","name":"Transam\u00e9rica Mococa 93,3","url":"https:\/\/transamerica93.com.br\/home\/","logo":{"@type":"ImageObject","inLanguage":"pt-BR","@id":"https:\/\/transamerica93.com.br\/home\/#\/schema\/logo\/image\/","url":"https:\/\/transamerica93.com.br\/home\/wp-content\/uploads\/2023\/10\/logo2.png","contentUrl":"https:\/\/transamerica93.com.br\/home\/wp-content\/uploads\/2023\/10\/logo2.png","width":800,"height":500,"caption":"Transam\u00e9rica Mococa 93,3"},"image":{"@id":"https:\/\/transamerica93.com.br\/home\/#\/schema\/logo\/image\/"},"sameAs":["https:\/\/www.facebook.com\/transamericamococa","https:\/\/x.com\/transamerica933","https:\/\/www.instagram.com\/transamericamococa"]},{"@type":"Person","@id":"https:\/\/transamerica93.com.br\/home\/#\/schema\/person\/7fed7c99c0d4562efa8561bc0f543172","name":"Reda\u00e7\u00e3o","image":{"@type":"ImageObject","inLanguage":"pt-BR","@id":"https:\/\/secure.gravatar.com\/avatar\/1072c6b775fb02ef8506ce967551d95926669a6b7d2c2147b42eea4d7c68395e?s=96&d=mm&r=g","url":"https:\/\/secure.gravatar.com\/avatar\/1072c6b775fb02ef8506ce967551d95926669a6b7d2c2147b42eea4d7c68395e?s=96&d=mm&r=g","contentUrl":"https:\/\/secure.gravatar.com\/avatar\/1072c6b775fb02ef8506ce967551d95926669a6b7d2c2147b42eea4d7c68395e?s=96&d=mm&r=g","caption":"Reda\u00e7\u00e3o"},"sameAs":["https:\/\/transamerica93.com.br\/home"],"url":"https:\/\/transamerica93.com.br\/home\/author\/william\/"}]}},"_links":{"self":[{"href":"https:\/\/transamerica93.com.br\/home\/wp-json\/wp\/v2\/posts\/3202","targetHints":{"allow":["GET"]}}],"collection":[{"href":"https:\/\/transamerica93.com.br\/home\/wp-json\/wp\/v2\/posts"}],"about":[{"href":"https:\/\/transamerica93.com.br\/home\/wp-json\/wp\/v2\/types\/post"}],"author":[{"embeddable":true,"href":"https:\/\/transamerica93.com.br\/home\/wp-json\/wp\/v2\/users\/1"}],"replies":[{"embeddable":true,"href":"https:\/\/transamerica93.com.br\/home\/wp-json\/wp\/v2\/comments?post=3202"}],"version-history":[{"count":1,"href":"https:\/\/transamerica93.com.br\/home\/wp-json\/wp\/v2\/posts\/3202\/revisions"}],"predecessor-version":[{"id":3204,"href":"https:\/\/transamerica93.com.br\/home\/wp-json\/wp\/v2\/posts\/3202\/revisions\/3204"}],"wp:featuredmedia":[{"embeddable":true,"href":"https:\/\/transamerica93.com.br\/home\/wp-json\/wp\/v2\/media\/3203"}],"wp:attachment":[{"href":"https:\/\/transamerica93.com.br\/home\/wp-json\/wp\/v2\/media?parent=3202"}],"wp:term":[{"taxonomy":"category","embeddable":true,"href":"https:\/\/transamerica93.com.br\/home\/wp-json\/wp\/v2\/categories?post=3202"},{"taxonomy":"post_tag","embeddable":true,"href":"https:\/\/transamerica93.com.br\/home\/wp-json\/wp\/v2\/tags?post=3202"}],"curies":[{"name":"wp","href":"https:\/\/api.w.org\/{rel}","templated":true}]}}