{"id":3210,"date":"2024-05-29T15:00:03","date_gmt":"2024-05-29T18:00:03","guid":{"rendered":"https:\/\/transamerica93.com.br\/home\/?p=3210"},"modified":"2024-05-30T02:54:40","modified_gmt":"2024-05-30T05:54:40","slug":"eric-clapton-anuncia-show-extra-e-intimista-em-sp-veja-ingressos-e-data","status":"publish","type":"post","link":"https:\/\/transamerica93.com.br\/home\/eric-clapton-anuncia-show-extra-e-intimista-em-sp-veja-ingressos-e-data\/","title":{"rendered":"Eric Clapton anuncia show extra e intimista em SP; veja ingressos e data"},"content":{"rendered":"<h6 class=\"Assina\">Por Reda\u00e7\u00e3o C2<\/h6>\n<p>Eric Clapton abriu uma data extra na turn\u00ea que vai passar pelo Brasil. Desta vez, com um show intimista marcado para o dia 28 de setembro, em S\u00e3o Paulo.<\/p>\n<p>Os ingressos gerais para a data extra estar\u00e3o \u00e0 venda a partir do dia 6 de junho no site da\u00a0<a href=\"https:\/\/www.livepass.com%20br\/event\/eric-clapton-vibra-sao-paulo-18729369\/\" target=\"_blank\" rel=\"noopener\"><u>Live Pass<\/u><\/a>.<\/p>\n<p>Para clientes com cart\u00e3o Santander, a pr\u00e9-venda ser\u00e1 disponibilizada no dia 4 de junho, \u00e0s 10h, e vai at\u00e9 o dia 6, \u00e0s 8h.<\/p>\n<p>Os ingressos v\u00e3o de R$ 140 (Plateia Superior Vis\u00e3o Parcial) a R$ 2,2 mil (Camarote). Os valores para a pista \u00fanica v\u00e3o de R$ 850 (meia-entrada) a R$ 1,7 mil.<\/p>\n<p>A apresenta\u00e7\u00e3o vai ocorrer na Vibra S\u00e3o Paulo, na Av. das Na\u00e7\u00f5es Unidas, 17955. A casa tem capacidade para 7 mil pessoas &#8211; o que dava aproximar Clapton do p\u00fablico.<\/p>\n<p>A turn\u00ea marca o retorno do m\u00fasico ao Brasil ap\u00f3s mais de uma d\u00e9cada para a comemora\u00e7\u00e3o de 60 anos de carreira.<\/p>\n<p><b>Mais shows de Clapton pelo Brasil<\/b><\/p>\n<p>As demais apresenta\u00e7\u00f5es de Clapton est\u00e3o marcadas para Curitiba, no dia 24 de setembro, Rio de Janeiro, no dia 26 e S\u00e3o Paulo, no Allianz Parque, no dia 29 do mesmo m\u00eas. Os ingressos continuam dispon\u00edveis no site da Live Pass. Os valores variam de cidade para cidade.<\/p>\n<p>Em Curitiba, ocorrer\u00e1 na Ligga Arena com ingressos que v\u00e3o de R$ 225 (Cadeira Superior meia-entrada) a R$ 1,2 mil (Vip, Sports Bar e Camarote). No Rio de Janeiro, a apresenta\u00e7\u00e3o, marcada na Jeunesse Arena, \u00e9 vendida por pre\u00e7os que v\u00e3o de R$ 230 (Cadeira Superior meia-entrada) a R$ 1,5 mil (Camarote Lateral). Por fim, os ingressos de S\u00e3o Paulo &#8211; o show ocorrer\u00e1 no Allianz Parque &#8211; s\u00e3o vendidos por valores que v\u00e3o de R$ 215 (Cadeira Superior meia-entrada) a R$ 1,2 mil (Pista Premium).<\/p>\n<p>As apresenta\u00e7\u00f5es no Pa\u00eds contar\u00e3o com o show de abertura do cantor e guitarrista vencedor do Grammy Gary Clark Jr.<\/p>\n<p>A \u00faltima passagem de Clapton por aqui aconteceu em 2011, quando fez shows no Rio de Janeiro, S\u00e3o Paulo e Porto Alegre.<\/p>\n","protected":false},"excerpt":{"rendered":"<p>Por Reda\u00e7\u00e3o C2 Eric Clapton abriu uma data extra na turn\u00ea que vai passar pelo Brasil. Desta vez, com um show intimista marcado para o dia 28 de setembro, em S\u00e3o Paulo. Os ingressos gerais para a data extra estar\u00e3o \u00e0 venda a partir do dia 6 de junho no site da\u00a0Live Pass. Para clientes &hellip;<\/p>\n","protected":false},"author":1,"featured_media":2070,"comment_status":"closed","ping_status":"closed","sticky":false,"template":"","format":"standard","meta":{"footnotes":""},"categories":[25],"tags":[],"class_list":["post-3210","post","type-post","status-publish","format-standard","has-post-thumbnail","hentry","category-musica"],"yoast_head":"<!-- This site is optimized with the Yoast SEO plugin v27.4 - https:\/\/yoast.com\/product\/yoast-seo-wordpress\/ -->\n<title>Eric Clapton anuncia show extra e intimista em SP; veja ingressos e data - Transam\u00e9rica Mococa 93,3<\/title>\n<meta name=\"robots\" content=\"index, follow, max-snippet:-1, max-image-preview:large, max-video-preview:-1\" \/>\n<link rel=\"canonical\" href=\"https:\/\/transamerica93.com.br\/home\/eric-clapton-anuncia-show-extra-e-intimista-em-sp-veja-ingressos-e-data\/\" \/>\n<meta property=\"og:locale\" content=\"pt_BR\" \/>\n<meta property=\"og:type\" content=\"article\" \/>\n<meta property=\"og:title\" content=\"Eric Clapton anuncia show extra e intimista em SP; veja ingressos e data - Transam\u00e9rica Mococa 93,3\" \/>\n<meta property=\"og:description\" content=\"Por Reda\u00e7\u00e3o C2 Eric Clapton abriu uma data extra na turn\u00ea que vai passar pelo Brasil. Desta vez, com um show intimista marcado para o dia 28 de setembro, em S\u00e3o Paulo. Os ingressos gerais para a data extra estar\u00e3o \u00e0 venda a partir do dia 6 de junho no site da\u00a0Live Pass. Para clientes &hellip;\" \/>\n<meta property=\"og:url\" content=\"https:\/\/transamerica93.com.br\/home\/eric-clapton-anuncia-show-extra-e-intimista-em-sp-veja-ingressos-e-data\/\" \/>\n<meta property=\"og:site_name\" content=\"Transam\u00e9rica Mococa 93,3\" \/>\n<meta property=\"article:publisher\" content=\"https:\/\/www.facebook.com\/transamericamococa\" \/>\n<meta property=\"article:published_time\" content=\"2024-05-29T18:00:03+00:00\" \/>\n<meta property=\"article:modified_time\" content=\"2024-05-30T05:54:40+00:00\" \/>\n<meta property=\"og:image\" content=\"https:\/\/transamerica93.com.br\/home\/wp-content\/uploads\/2023\/12\/ericclapton.jpg\" \/>\n\t<meta property=\"og:image:width\" content=\"985\" \/>\n\t<meta property=\"og:image:height\" content=\"630\" \/>\n\t<meta property=\"og:image:type\" content=\"image\/jpeg\" \/>\n<meta name=\"author\" content=\"Reda\u00e7\u00e3o\" \/>\n<meta name=\"twitter:card\" content=\"summary_large_image\" \/>\n<meta name=\"twitter:creator\" content=\"@transamerica933\" \/>\n<meta name=\"twitter:site\" content=\"@transamerica933\" \/>\n<meta name=\"twitter:label1\" content=\"Escrito por\" \/>\n\t<meta name=\"twitter:data1\" content=\"Reda\u00e7\u00e3o\" \/>\n\t<meta name=\"twitter:label2\" content=\"Est. tempo de leitura\" \/>\n\t<meta name=\"twitter:data2\" content=\"1 minuto\" \/>\n<script type=\"application\/ld+json\" class=\"yoast-schema-graph\">{\"@context\":\"https:\\\/\\\/schema.org\",\"@graph\":[{\"@type\":\"Article\",\"@id\":\"https:\\\/\\\/transamerica93.com.br\\\/home\\\/eric-clapton-anuncia-show-extra-e-intimista-em-sp-veja-ingressos-e-data\\\/#article\",\"isPartOf\":{\"@id\":\"https:\\\/\\\/transamerica93.com.br\\\/home\\\/eric-clapton-anuncia-show-extra-e-intimista-em-sp-veja-ingressos-e-data\\\/\"},\"author\":{\"name\":\"Reda\u00e7\u00e3o\",\"@id\":\"https:\\\/\\\/transamerica93.com.br\\\/home\\\/#\\\/schema\\\/person\\\/7fed7c99c0d4562efa8561bc0f543172\"},\"headline\":\"Eric Clapton anuncia show extra e intimista em SP; veja ingressos e data\",\"datePublished\":\"2024-05-29T18:00:03+00:00\",\"dateModified\":\"2024-05-30T05:54:40+00:00\",\"mainEntityOfPage\":{\"@id\":\"https:\\\/\\\/transamerica93.com.br\\\/home\\\/eric-clapton-anuncia-show-extra-e-intimista-em-sp-veja-ingressos-e-data\\\/\"},\"wordCount\":364,\"publisher\":{\"@id\":\"https:\\\/\\\/transamerica93.com.br\\\/home\\\/#organization\"},\"image\":{\"@id\":\"https:\\\/\\\/transamerica93.com.br\\\/home\\\/eric-clapton-anuncia-show-extra-e-intimista-em-sp-veja-ingressos-e-data\\\/#primaryimage\"},\"thumbnailUrl\":\"https:\\\/\\\/transamerica93.com.br\\\/home\\\/wp-content\\\/uploads\\\/2023\\\/12\\\/ericclapton.jpg\",\"articleSection\":[\"M\u00fasica\"],\"inLanguage\":\"pt-BR\"},{\"@type\":\"WebPage\",\"@id\":\"https:\\\/\\\/transamerica93.com.br\\\/home\\\/eric-clapton-anuncia-show-extra-e-intimista-em-sp-veja-ingressos-e-data\\\/\",\"url\":\"https:\\\/\\\/transamerica93.com.br\\\/home\\\/eric-clapton-anuncia-show-extra-e-intimista-em-sp-veja-ingressos-e-data\\\/\",\"name\":\"Eric Clapton anuncia show extra e intimista em SP; veja ingressos e data - Transam\u00e9rica Mococa 93,3\",\"isPartOf\":{\"@id\":\"https:\\\/\\\/transamerica93.com.br\\\/home\\\/#website\"},\"primaryImageOfPage\":{\"@id\":\"https:\\\/\\\/transamerica93.com.br\\\/home\\\/eric-clapton-anuncia-show-extra-e-intimista-em-sp-veja-ingressos-e-data\\\/#primaryimage\"},\"image\":{\"@id\":\"https:\\\/\\\/transamerica93.com.br\\\/home\\\/eric-clapton-anuncia-show-extra-e-intimista-em-sp-veja-ingressos-e-data\\\/#primaryimage\"},\"thumbnailUrl\":\"https:\\\/\\\/transamerica93.com.br\\\/home\\\/wp-content\\\/uploads\\\/2023\\\/12\\\/ericclapton.jpg\",\"datePublished\":\"2024-05-29T18:00:03+00:00\",\"dateModified\":\"2024-05-30T05:54:40+00:00\",\"breadcrumb\":{\"@id\":\"https:\\\/\\\/transamerica93.com.br\\\/home\\\/eric-clapton-anuncia-show-extra-e-intimista-em-sp-veja-ingressos-e-data\\\/#breadcrumb\"},\"inLanguage\":\"pt-BR\",\"potentialAction\":[{\"@type\":\"ReadAction\",\"target\":[\"https:\\\/\\\/transamerica93.com.br\\\/home\\\/eric-clapton-anuncia-show-extra-e-intimista-em-sp-veja-ingressos-e-data\\\/\"]}]},{\"@type\":\"ImageObject\",\"inLanguage\":\"pt-BR\",\"@id\":\"https:\\\/\\\/transamerica93.com.br\\\/home\\\/eric-clapton-anuncia-show-extra-e-intimista-em-sp-veja-ingressos-e-data\\\/#primaryimage\",\"url\":\"https:\\\/\\\/transamerica93.com.br\\\/home\\\/wp-content\\\/uploads\\\/2023\\\/12\\\/ericclapton.jpg\",\"contentUrl\":\"https:\\\/\\\/transamerica93.com.br\\\/home\\\/wp-content\\\/uploads\\\/2023\\\/12\\\/ericclapton.jpg\",\"width\":985,\"height\":630,\"caption\":\"Foto: Instagram @ericclapton\"},{\"@type\":\"BreadcrumbList\",\"@id\":\"https:\\\/\\\/transamerica93.com.br\\\/home\\\/eric-clapton-anuncia-show-extra-e-intimista-em-sp-veja-ingressos-e-data\\\/#breadcrumb\",\"itemListElement\":[{\"@type\":\"ListItem\",\"position\":1,\"name\":\"In\u00edcio\",\"item\":\"https:\\\/\\\/transamerica93.com.br\\\/home\\\/\"},{\"@type\":\"ListItem\",\"position\":2,\"name\":\"Eric Clapton anuncia show extra e intimista em SP; veja ingressos e data\"}]},{\"@type\":\"WebSite\",\"@id\":\"https:\\\/\\\/transamerica93.com.br\\\/home\\\/#website\",\"url\":\"https:\\\/\\\/transamerica93.com.br\\\/home\\\/\",\"name\":\"Transam\u00e9rica Mococa 93,3\",\"description\":\"\",\"publisher\":{\"@id\":\"https:\\\/\\\/transamerica93.com.br\\\/home\\\/#organization\"},\"potentialAction\":[{\"@type\":\"SearchAction\",\"target\":{\"@type\":\"EntryPoint\",\"urlTemplate\":\"https:\\\/\\\/transamerica93.com.br\\\/home\\\/?s={search_term_string}\"},\"query-input\":{\"@type\":\"PropertyValueSpecification\",\"valueRequired\":true,\"valueName\":\"search_term_string\"}}],\"inLanguage\":\"pt-BR\"},{\"@type\":\"Organization\",\"@id\":\"https:\\\/\\\/transamerica93.com.br\\\/home\\\/#organization\",\"name\":\"Transam\u00e9rica Mococa 93,3\",\"url\":\"https:\\\/\\\/transamerica93.com.br\\\/home\\\/\",\"logo\":{\"@type\":\"ImageObject\",\"inLanguage\":\"pt-BR\",\"@id\":\"https:\\\/\\\/transamerica93.com.br\\\/home\\\/#\\\/schema\\\/logo\\\/image\\\/\",\"url\":\"https:\\\/\\\/transamerica93.com.br\\\/home\\\/wp-content\\\/uploads\\\/2023\\\/10\\\/logo2.png\",\"contentUrl\":\"https:\\\/\\\/transamerica93.com.br\\\/home\\\/wp-content\\\/uploads\\\/2023\\\/10\\\/logo2.png\",\"width\":800,\"height\":500,\"caption\":\"Transam\u00e9rica Mococa 93,3\"},\"image\":{\"@id\":\"https:\\\/\\\/transamerica93.com.br\\\/home\\\/#\\\/schema\\\/logo\\\/image\\\/\"},\"sameAs\":[\"https:\\\/\\\/www.facebook.com\\\/transamericamococa\",\"https:\\\/\\\/x.com\\\/transamerica933\",\"https:\\\/\\\/www.instagram.com\\\/transamericamococa\"]},{\"@type\":\"Person\",\"@id\":\"https:\\\/\\\/transamerica93.com.br\\\/home\\\/#\\\/schema\\\/person\\\/7fed7c99c0d4562efa8561bc0f543172\",\"name\":\"Reda\u00e7\u00e3o\",\"image\":{\"@type\":\"ImageObject\",\"inLanguage\":\"pt-BR\",\"@id\":\"https:\\\/\\\/secure.gravatar.com\\\/avatar\\\/1072c6b775fb02ef8506ce967551d95926669a6b7d2c2147b42eea4d7c68395e?s=96&d=mm&r=g\",\"url\":\"https:\\\/\\\/secure.gravatar.com\\\/avatar\\\/1072c6b775fb02ef8506ce967551d95926669a6b7d2c2147b42eea4d7c68395e?s=96&d=mm&r=g\",\"contentUrl\":\"https:\\\/\\\/secure.gravatar.com\\\/avatar\\\/1072c6b775fb02ef8506ce967551d95926669a6b7d2c2147b42eea4d7c68395e?s=96&d=mm&r=g\",\"caption\":\"Reda\u00e7\u00e3o\"},\"sameAs\":[\"https:\\\/\\\/transamerica93.com.br\\\/home\"],\"url\":\"https:\\\/\\\/transamerica93.com.br\\\/home\\\/author\\\/william\\\/\"}]}<\/script>\n<!-- \/ Yoast SEO plugin. -->","yoast_head_json":{"title":"Eric Clapton anuncia show extra e intimista em SP; veja ingressos e data - Transam\u00e9rica Mococa 93,3","robots":{"index":"index","follow":"follow","max-snippet":"max-snippet:-1","max-image-preview":"max-image-preview:large","max-video-preview":"max-video-preview:-1"},"canonical":"https:\/\/transamerica93.com.br\/home\/eric-clapton-anuncia-show-extra-e-intimista-em-sp-veja-ingressos-e-data\/","og_locale":"pt_BR","og_type":"article","og_title":"Eric Clapton anuncia show extra e intimista em SP; veja ingressos e data - Transam\u00e9rica Mococa 93,3","og_description":"Por Reda\u00e7\u00e3o C2 Eric Clapton abriu uma data extra na turn\u00ea que vai passar pelo Brasil. Desta vez, com um show intimista marcado para o dia 28 de setembro, em S\u00e3o Paulo. Os ingressos gerais para a data extra estar\u00e3o \u00e0 venda a partir do dia 6 de junho no site da\u00a0Live Pass. Para clientes &hellip;","og_url":"https:\/\/transamerica93.com.br\/home\/eric-clapton-anuncia-show-extra-e-intimista-em-sp-veja-ingressos-e-data\/","og_site_name":"Transam\u00e9rica Mococa 93,3","article_publisher":"https:\/\/www.facebook.com\/transamericamococa","article_published_time":"2024-05-29T18:00:03+00:00","article_modified_time":"2024-05-30T05:54:40+00:00","og_image":[{"width":985,"height":630,"url":"https:\/\/transamerica93.com.br\/home\/wp-content\/uploads\/2023\/12\/ericclapton.jpg","type":"image\/jpeg"}],"author":"Reda\u00e7\u00e3o","twitter_card":"summary_large_image","twitter_creator":"@transamerica933","twitter_site":"@transamerica933","twitter_misc":{"Escrito por":"Reda\u00e7\u00e3o","Est. tempo de leitura":"1 minuto"},"schema":{"@context":"https:\/\/schema.org","@graph":[{"@type":"Article","@id":"https:\/\/transamerica93.com.br\/home\/eric-clapton-anuncia-show-extra-e-intimista-em-sp-veja-ingressos-e-data\/#article","isPartOf":{"@id":"https:\/\/transamerica93.com.br\/home\/eric-clapton-anuncia-show-extra-e-intimista-em-sp-veja-ingressos-e-data\/"},"author":{"name":"Reda\u00e7\u00e3o","@id":"https:\/\/transamerica93.com.br\/home\/#\/schema\/person\/7fed7c99c0d4562efa8561bc0f543172"},"headline":"Eric Clapton anuncia show extra e intimista em SP; veja ingressos e data","datePublished":"2024-05-29T18:00:03+00:00","dateModified":"2024-05-30T05:54:40+00:00","mainEntityOfPage":{"@id":"https:\/\/transamerica93.com.br\/home\/eric-clapton-anuncia-show-extra-e-intimista-em-sp-veja-ingressos-e-data\/"},"wordCount":364,"publisher":{"@id":"https:\/\/transamerica93.com.br\/home\/#organization"},"image":{"@id":"https:\/\/transamerica93.com.br\/home\/eric-clapton-anuncia-show-extra-e-intimista-em-sp-veja-ingressos-e-data\/#primaryimage"},"thumbnailUrl":"https:\/\/transamerica93.com.br\/home\/wp-content\/uploads\/2023\/12\/ericclapton.jpg","articleSection":["M\u00fasica"],"inLanguage":"pt-BR"},{"@type":"WebPage","@id":"https:\/\/transamerica93.com.br\/home\/eric-clapton-anuncia-show-extra-e-intimista-em-sp-veja-ingressos-e-data\/","url":"https:\/\/transamerica93.com.br\/home\/eric-clapton-anuncia-show-extra-e-intimista-em-sp-veja-ingressos-e-data\/","name":"Eric Clapton anuncia show extra e intimista em SP; veja ingressos e data - Transam\u00e9rica Mococa 93,3","isPartOf":{"@id":"https:\/\/transamerica93.com.br\/home\/#website"},"primaryImageOfPage":{"@id":"https:\/\/transamerica93.com.br\/home\/eric-clapton-anuncia-show-extra-e-intimista-em-sp-veja-ingressos-e-data\/#primaryimage"},"image":{"@id":"https:\/\/transamerica93.com.br\/home\/eric-clapton-anuncia-show-extra-e-intimista-em-sp-veja-ingressos-e-data\/#primaryimage"},"thumbnailUrl":"https:\/\/transamerica93.com.br\/home\/wp-content\/uploads\/2023\/12\/ericclapton.jpg","datePublished":"2024-05-29T18:00:03+00:00","dateModified":"2024-05-30T05:54:40+00:00","breadcrumb":{"@id":"https:\/\/transamerica93.com.br\/home\/eric-clapton-anuncia-show-extra-e-intimista-em-sp-veja-ingressos-e-data\/#breadcrumb"},"inLanguage":"pt-BR","potentialAction":[{"@type":"ReadAction","target":["https:\/\/transamerica93.com.br\/home\/eric-clapton-anuncia-show-extra-e-intimista-em-sp-veja-ingressos-e-data\/"]}]},{"@type":"ImageObject","inLanguage":"pt-BR","@id":"https:\/\/transamerica93.com.br\/home\/eric-clapton-anuncia-show-extra-e-intimista-em-sp-veja-ingressos-e-data\/#primaryimage","url":"https:\/\/transamerica93.com.br\/home\/wp-content\/uploads\/2023\/12\/ericclapton.jpg","contentUrl":"https:\/\/transamerica93.com.br\/home\/wp-content\/uploads\/2023\/12\/ericclapton.jpg","width":985,"height":630,"caption":"Foto: Instagram @ericclapton"},{"@type":"BreadcrumbList","@id":"https:\/\/transamerica93.com.br\/home\/eric-clapton-anuncia-show-extra-e-intimista-em-sp-veja-ingressos-e-data\/#breadcrumb","itemListElement":[{"@type":"ListItem","position":1,"name":"In\u00edcio","item":"https:\/\/transamerica93.com.br\/home\/"},{"@type":"ListItem","position":2,"name":"Eric Clapton anuncia show extra e intimista em SP; veja ingressos e data"}]},{"@type":"WebSite","@id":"https:\/\/transamerica93.com.br\/home\/#website","url":"https:\/\/transamerica93.com.br\/home\/","name":"Transam\u00e9rica Mococa 93,3","description":"","publisher":{"@id":"https:\/\/transamerica93.com.br\/home\/#organization"},"potentialAction":[{"@type":"SearchAction","target":{"@type":"EntryPoint","urlTemplate":"https:\/\/transamerica93.com.br\/home\/?s={search_term_string}"},"query-input":{"@type":"PropertyValueSpecification","valueRequired":true,"valueName":"search_term_string"}}],"inLanguage":"pt-BR"},{"@type":"Organization","@id":"https:\/\/transamerica93.com.br\/home\/#organization","name":"Transam\u00e9rica Mococa 93,3","url":"https:\/\/transamerica93.com.br\/home\/","logo":{"@type":"ImageObject","inLanguage":"pt-BR","@id":"https:\/\/transamerica93.com.br\/home\/#\/schema\/logo\/image\/","url":"https:\/\/transamerica93.com.br\/home\/wp-content\/uploads\/2023\/10\/logo2.png","contentUrl":"https:\/\/transamerica93.com.br\/home\/wp-content\/uploads\/2023\/10\/logo2.png","width":800,"height":500,"caption":"Transam\u00e9rica Mococa 93,3"},"image":{"@id":"https:\/\/transamerica93.com.br\/home\/#\/schema\/logo\/image\/"},"sameAs":["https:\/\/www.facebook.com\/transamericamococa","https:\/\/x.com\/transamerica933","https:\/\/www.instagram.com\/transamericamococa"]},{"@type":"Person","@id":"https:\/\/transamerica93.com.br\/home\/#\/schema\/person\/7fed7c99c0d4562efa8561bc0f543172","name":"Reda\u00e7\u00e3o","image":{"@type":"ImageObject","inLanguage":"pt-BR","@id":"https:\/\/secure.gravatar.com\/avatar\/1072c6b775fb02ef8506ce967551d95926669a6b7d2c2147b42eea4d7c68395e?s=96&d=mm&r=g","url":"https:\/\/secure.gravatar.com\/avatar\/1072c6b775fb02ef8506ce967551d95926669a6b7d2c2147b42eea4d7c68395e?s=96&d=mm&r=g","contentUrl":"https:\/\/secure.gravatar.com\/avatar\/1072c6b775fb02ef8506ce967551d95926669a6b7d2c2147b42eea4d7c68395e?s=96&d=mm&r=g","caption":"Reda\u00e7\u00e3o"},"sameAs":["https:\/\/transamerica93.com.br\/home"],"url":"https:\/\/transamerica93.com.br\/home\/author\/william\/"}]}},"_links":{"self":[{"href":"https:\/\/transamerica93.com.br\/home\/wp-json\/wp\/v2\/posts\/3210","targetHints":{"allow":["GET"]}}],"collection":[{"href":"https:\/\/transamerica93.com.br\/home\/wp-json\/wp\/v2\/posts"}],"about":[{"href":"https:\/\/transamerica93.com.br\/home\/wp-json\/wp\/v2\/types\/post"}],"author":[{"embeddable":true,"href":"https:\/\/transamerica93.com.br\/home\/wp-json\/wp\/v2\/users\/1"}],"replies":[{"embeddable":true,"href":"https:\/\/transamerica93.com.br\/home\/wp-json\/wp\/v2\/comments?post=3210"}],"version-history":[{"count":1,"href":"https:\/\/transamerica93.com.br\/home\/wp-json\/wp\/v2\/posts\/3210\/revisions"}],"predecessor-version":[{"id":3211,"href":"https:\/\/transamerica93.com.br\/home\/wp-json\/wp\/v2\/posts\/3210\/revisions\/3211"}],"wp:featuredmedia":[{"embeddable":true,"href":"https:\/\/transamerica93.com.br\/home\/wp-json\/wp\/v2\/media\/2070"}],"wp:attachment":[{"href":"https:\/\/transamerica93.com.br\/home\/wp-json\/wp\/v2\/media?parent=3210"}],"wp:term":[{"taxonomy":"category","embeddable":true,"href":"https:\/\/transamerica93.com.br\/home\/wp-json\/wp\/v2\/categories?post=3210"},{"taxonomy":"post_tag","embeddable":true,"href":"https:\/\/transamerica93.com.br\/home\/wp-json\/wp\/v2\/tags?post=3210"}],"curies":[{"name":"wp","href":"https:\/\/api.w.org\/{rel}","templated":true}]}}