{"id":3225,"date":"2024-05-31T12:00:49","date_gmt":"2024-05-31T15:00:49","guid":{"rendered":"https:\/\/transamerica93.com.br\/home\/?p=3225"},"modified":"2024-05-30T03:03:57","modified_gmt":"2024-05-30T06:03:57","slug":"rodrygo-reforca-desejo-de-ficar-no-real-madrid-e-diz-que-entrevista-foi-tirada-de-contexto","status":"publish","type":"post","link":"https:\/\/transamerica93.com.br\/home\/rodrygo-reforca-desejo-de-ficar-no-real-madrid-e-diz-que-entrevista-foi-tirada-de-contexto\/","title":{"rendered":"Rodrygo refor\u00e7a desejo de ficar no Real Madrid e diz que entrevista foi tirada de contexto"},"content":{"rendered":"<p>O atacante Rodrygo, do Real Madrid, recorreu \u00e0s redes sociais na noite desta ter\u00e7a-feira para enfatizar o seu desejo de permanecer no clube ap\u00f3s a imprensa espanhola repercutir uma entrevista onde ele deixava em aberto o seu futuro. A chegada de Endrick e a iminente contrata\u00e7\u00e3o de Mbapp\u00e9 contribu\u00edram para alimentar a pol\u00eamica sobre o assunto.<\/p>\n<p>De acordo com o atleta, seu discurso foi tirado de contexto na entrevista concedida ao canal DAZN, da Espanha. &#8220;Hoje aconteceu uma coisa muito chata, em que uma das minhas entrevistas foi completamente tirada de contexto. Para ser bem direto, estou MUITO feliz no Real Madrid, vivo um sonho todos os dias e N\u00c3O me passa pela cabe\u00e7a deixar o clube da minha vida! Agora continuamos com a hist\u00f3ria para ganhar a 15\u00aa (Champions) HALA MADRID E NADA MAIS&#8221;, diz o texto de sua postagem.<\/p>\n<p>Na conversa com a jornalista, ao ser questionado se pretende ficar para sempre no Real Madrid, o jogador revelado na Vila Belmiro deixou em aberto a possibilidade de nunca deixar o gigante espanhol.<\/p>\n<p>&#8220;Sim, bem\u2026 tudo pode acontecer. Eu tenho contrato, mas os anos que passei aqui foram um prazer para mim. Sempre quero estar neste clube, mas vamos ver&#8221;, respondeu o jogador.<\/p>\n<p>A pol\u00eamica surge na semana em que o gigante espanhol se prepara para decidir a Liga dos Campe\u00f5es diante do Borussia Dortmund, da Alemanha. O duelo est\u00e1 marcado para este s\u00e1bado, no est\u00e1dio de Wembley.<\/p>\n<p>Rodrygo deve ser titular contra os alem\u00e3es formando o ataque com Vini. Jr. Com um curr\u00edculo vencedor, ele tem, entre os t\u00edtulos mais importantes, a conquista da Liga dos Campe\u00f5es de 2021\/2022 e tamb\u00e9m o Mundial de Clubes do mesmo ano.<\/p>\n<p>Com contrato at\u00e9 meados de 2028, Rodrygo est\u00e1 em sua quinta temporada. A ideia de se manter protagonista no Real Madrid tem uma rela\u00e7\u00e3o direta com o ciclo que pretende completar na sele\u00e7\u00e3o brasileira visando a Copa do Mundo de 2026.<\/p>\n","protected":false},"excerpt":{"rendered":"<p>O atacante Rodrygo, do Real Madrid, recorreu \u00e0s redes sociais na noite desta ter\u00e7a-feira para enfatizar o seu desejo de permanecer no clube ap\u00f3s a imprensa espanhola repercutir uma entrevista onde ele deixava em aberto o seu futuro. A chegada de Endrick e a iminente contrata\u00e7\u00e3o de Mbapp\u00e9 contribu\u00edram para alimentar a pol\u00eamica sobre o &hellip;<\/p>\n","protected":false},"author":1,"featured_media":3226,"comment_status":"closed","ping_status":"closed","sticky":false,"template":"","format":"standard","meta":{"footnotes":""},"categories":[31],"tags":[],"class_list":["post-3225","post","type-post","status-publish","format-standard","has-post-thumbnail","hentry","category-esportes"],"yoast_head":"<!-- This site is optimized with the Yoast SEO plugin v27.4 - https:\/\/yoast.com\/product\/yoast-seo-wordpress\/ -->\n<title>Rodrygo refor\u00e7a desejo de ficar no Real Madrid e diz que entrevista foi tirada de contexto - Transam\u00e9rica Mococa 93,3<\/title>\n<meta name=\"robots\" content=\"index, follow, max-snippet:-1, max-image-preview:large, max-video-preview:-1\" \/>\n<link rel=\"canonical\" href=\"https:\/\/transamerica93.com.br\/home\/rodrygo-reforca-desejo-de-ficar-no-real-madrid-e-diz-que-entrevista-foi-tirada-de-contexto\/\" \/>\n<meta property=\"og:locale\" content=\"pt_BR\" \/>\n<meta property=\"og:type\" content=\"article\" \/>\n<meta property=\"og:title\" content=\"Rodrygo refor\u00e7a desejo de ficar no Real Madrid e diz que entrevista foi tirada de contexto - Transam\u00e9rica Mococa 93,3\" \/>\n<meta property=\"og:description\" content=\"O atacante Rodrygo, do Real Madrid, recorreu \u00e0s redes sociais na noite desta ter\u00e7a-feira para enfatizar o seu desejo de permanecer no clube ap\u00f3s a imprensa espanhola repercutir uma entrevista onde ele deixava em aberto o seu futuro. A chegada de Endrick e a iminente contrata\u00e7\u00e3o de Mbapp\u00e9 contribu\u00edram para alimentar a pol\u00eamica sobre o &hellip;\" \/>\n<meta property=\"og:url\" content=\"https:\/\/transamerica93.com.br\/home\/rodrygo-reforca-desejo-de-ficar-no-real-madrid-e-diz-que-entrevista-foi-tirada-de-contexto\/\" \/>\n<meta property=\"og:site_name\" content=\"Transam\u00e9rica Mococa 93,3\" \/>\n<meta property=\"article:publisher\" content=\"https:\/\/www.facebook.com\/transamericamococa\" \/>\n<meta property=\"article:published_time\" content=\"2024-05-31T15:00:49+00:00\" \/>\n<meta property=\"og:image\" content=\"https:\/\/transamerica93.com.br\/home\/wp-content\/uploads\/2024\/05\/imagem-37.jpg\" \/>\n\t<meta property=\"og:image:width\" content=\"983\" \/>\n\t<meta property=\"og:image:height\" content=\"654\" \/>\n\t<meta property=\"og:image:type\" content=\"image\/jpeg\" \/>\n<meta name=\"author\" content=\"Reda\u00e7\u00e3o\" \/>\n<meta name=\"twitter:card\" content=\"summary_large_image\" \/>\n<meta name=\"twitter:creator\" content=\"@transamerica933\" \/>\n<meta name=\"twitter:site\" content=\"@transamerica933\" \/>\n<meta name=\"twitter:label1\" content=\"Escrito por\" \/>\n\t<meta name=\"twitter:data1\" content=\"Reda\u00e7\u00e3o\" \/>\n\t<meta name=\"twitter:label2\" content=\"Est. tempo de leitura\" \/>\n\t<meta name=\"twitter:data2\" content=\"2 minutos\" \/>\n<script type=\"application\/ld+json\" class=\"yoast-schema-graph\">{\"@context\":\"https:\\\/\\\/schema.org\",\"@graph\":[{\"@type\":\"Article\",\"@id\":\"https:\\\/\\\/transamerica93.com.br\\\/home\\\/rodrygo-reforca-desejo-de-ficar-no-real-madrid-e-diz-que-entrevista-foi-tirada-de-contexto\\\/#article\",\"isPartOf\":{\"@id\":\"https:\\\/\\\/transamerica93.com.br\\\/home\\\/rodrygo-reforca-desejo-de-ficar-no-real-madrid-e-diz-que-entrevista-foi-tirada-de-contexto\\\/\"},\"author\":{\"name\":\"Reda\u00e7\u00e3o\",\"@id\":\"https:\\\/\\\/transamerica93.com.br\\\/home\\\/#\\\/schema\\\/person\\\/7fed7c99c0d4562efa8561bc0f543172\"},\"headline\":\"Rodrygo refor\u00e7a desejo de ficar no Real Madrid e diz que entrevista foi tirada de contexto\",\"datePublished\":\"2024-05-31T15:00:49+00:00\",\"mainEntityOfPage\":{\"@id\":\"https:\\\/\\\/transamerica93.com.br\\\/home\\\/rodrygo-reforca-desejo-de-ficar-no-real-madrid-e-diz-que-entrevista-foi-tirada-de-contexto\\\/\"},\"wordCount\":353,\"publisher\":{\"@id\":\"https:\\\/\\\/transamerica93.com.br\\\/home\\\/#organization\"},\"image\":{\"@id\":\"https:\\\/\\\/transamerica93.com.br\\\/home\\\/rodrygo-reforca-desejo-de-ficar-no-real-madrid-e-diz-que-entrevista-foi-tirada-de-contexto\\\/#primaryimage\"},\"thumbnailUrl\":\"https:\\\/\\\/transamerica93.com.br\\\/home\\\/wp-content\\\/uploads\\\/2024\\\/05\\\/imagem-37.jpg\",\"articleSection\":[\"Esportes\"],\"inLanguage\":\"pt-BR\"},{\"@type\":\"WebPage\",\"@id\":\"https:\\\/\\\/transamerica93.com.br\\\/home\\\/rodrygo-reforca-desejo-de-ficar-no-real-madrid-e-diz-que-entrevista-foi-tirada-de-contexto\\\/\",\"url\":\"https:\\\/\\\/transamerica93.com.br\\\/home\\\/rodrygo-reforca-desejo-de-ficar-no-real-madrid-e-diz-que-entrevista-foi-tirada-de-contexto\\\/\",\"name\":\"Rodrygo refor\u00e7a desejo de ficar no Real Madrid e diz que entrevista foi tirada de contexto - Transam\u00e9rica Mococa 93,3\",\"isPartOf\":{\"@id\":\"https:\\\/\\\/transamerica93.com.br\\\/home\\\/#website\"},\"primaryImageOfPage\":{\"@id\":\"https:\\\/\\\/transamerica93.com.br\\\/home\\\/rodrygo-reforca-desejo-de-ficar-no-real-madrid-e-diz-que-entrevista-foi-tirada-de-contexto\\\/#primaryimage\"},\"image\":{\"@id\":\"https:\\\/\\\/transamerica93.com.br\\\/home\\\/rodrygo-reforca-desejo-de-ficar-no-real-madrid-e-diz-que-entrevista-foi-tirada-de-contexto\\\/#primaryimage\"},\"thumbnailUrl\":\"https:\\\/\\\/transamerica93.com.br\\\/home\\\/wp-content\\\/uploads\\\/2024\\\/05\\\/imagem-37.jpg\",\"datePublished\":\"2024-05-31T15:00:49+00:00\",\"breadcrumb\":{\"@id\":\"https:\\\/\\\/transamerica93.com.br\\\/home\\\/rodrygo-reforca-desejo-de-ficar-no-real-madrid-e-diz-que-entrevista-foi-tirada-de-contexto\\\/#breadcrumb\"},\"inLanguage\":\"pt-BR\",\"potentialAction\":[{\"@type\":\"ReadAction\",\"target\":[\"https:\\\/\\\/transamerica93.com.br\\\/home\\\/rodrygo-reforca-desejo-de-ficar-no-real-madrid-e-diz-que-entrevista-foi-tirada-de-contexto\\\/\"]}]},{\"@type\":\"ImageObject\",\"inLanguage\":\"pt-BR\",\"@id\":\"https:\\\/\\\/transamerica93.com.br\\\/home\\\/rodrygo-reforca-desejo-de-ficar-no-real-madrid-e-diz-que-entrevista-foi-tirada-de-contexto\\\/#primaryimage\",\"url\":\"https:\\\/\\\/transamerica93.com.br\\\/home\\\/wp-content\\\/uploads\\\/2024\\\/05\\\/imagem-37.jpg\",\"contentUrl\":\"https:\\\/\\\/transamerica93.com.br\\\/home\\\/wp-content\\\/uploads\\\/2024\\\/05\\\/imagem-37.jpg\",\"width\":983,\"height\":654,\"caption\":\"Rodrygo Real Madrid \u2014 Foto: Getty Images\"},{\"@type\":\"BreadcrumbList\",\"@id\":\"https:\\\/\\\/transamerica93.com.br\\\/home\\\/rodrygo-reforca-desejo-de-ficar-no-real-madrid-e-diz-que-entrevista-foi-tirada-de-contexto\\\/#breadcrumb\",\"itemListElement\":[{\"@type\":\"ListItem\",\"position\":1,\"name\":\"In\u00edcio\",\"item\":\"https:\\\/\\\/transamerica93.com.br\\\/home\\\/\"},{\"@type\":\"ListItem\",\"position\":2,\"name\":\"Rodrygo refor\u00e7a desejo de ficar no Real Madrid e diz que entrevista foi tirada de contexto\"}]},{\"@type\":\"WebSite\",\"@id\":\"https:\\\/\\\/transamerica93.com.br\\\/home\\\/#website\",\"url\":\"https:\\\/\\\/transamerica93.com.br\\\/home\\\/\",\"name\":\"Transam\u00e9rica Mococa 93,3\",\"description\":\"\",\"publisher\":{\"@id\":\"https:\\\/\\\/transamerica93.com.br\\\/home\\\/#organization\"},\"potentialAction\":[{\"@type\":\"SearchAction\",\"target\":{\"@type\":\"EntryPoint\",\"urlTemplate\":\"https:\\\/\\\/transamerica93.com.br\\\/home\\\/?s={search_term_string}\"},\"query-input\":{\"@type\":\"PropertyValueSpecification\",\"valueRequired\":true,\"valueName\":\"search_term_string\"}}],\"inLanguage\":\"pt-BR\"},{\"@type\":\"Organization\",\"@id\":\"https:\\\/\\\/transamerica93.com.br\\\/home\\\/#organization\",\"name\":\"Transam\u00e9rica Mococa 93,3\",\"url\":\"https:\\\/\\\/transamerica93.com.br\\\/home\\\/\",\"logo\":{\"@type\":\"ImageObject\",\"inLanguage\":\"pt-BR\",\"@id\":\"https:\\\/\\\/transamerica93.com.br\\\/home\\\/#\\\/schema\\\/logo\\\/image\\\/\",\"url\":\"https:\\\/\\\/transamerica93.com.br\\\/home\\\/wp-content\\\/uploads\\\/2023\\\/10\\\/logo2.png\",\"contentUrl\":\"https:\\\/\\\/transamerica93.com.br\\\/home\\\/wp-content\\\/uploads\\\/2023\\\/10\\\/logo2.png\",\"width\":800,\"height\":500,\"caption\":\"Transam\u00e9rica Mococa 93,3\"},\"image\":{\"@id\":\"https:\\\/\\\/transamerica93.com.br\\\/home\\\/#\\\/schema\\\/logo\\\/image\\\/\"},\"sameAs\":[\"https:\\\/\\\/www.facebook.com\\\/transamericamococa\",\"https:\\\/\\\/x.com\\\/transamerica933\",\"https:\\\/\\\/www.instagram.com\\\/transamericamococa\"]},{\"@type\":\"Person\",\"@id\":\"https:\\\/\\\/transamerica93.com.br\\\/home\\\/#\\\/schema\\\/person\\\/7fed7c99c0d4562efa8561bc0f543172\",\"name\":\"Reda\u00e7\u00e3o\",\"image\":{\"@type\":\"ImageObject\",\"inLanguage\":\"pt-BR\",\"@id\":\"https:\\\/\\\/secure.gravatar.com\\\/avatar\\\/1072c6b775fb02ef8506ce967551d95926669a6b7d2c2147b42eea4d7c68395e?s=96&d=mm&r=g\",\"url\":\"https:\\\/\\\/secure.gravatar.com\\\/avatar\\\/1072c6b775fb02ef8506ce967551d95926669a6b7d2c2147b42eea4d7c68395e?s=96&d=mm&r=g\",\"contentUrl\":\"https:\\\/\\\/secure.gravatar.com\\\/avatar\\\/1072c6b775fb02ef8506ce967551d95926669a6b7d2c2147b42eea4d7c68395e?s=96&d=mm&r=g\",\"caption\":\"Reda\u00e7\u00e3o\"},\"sameAs\":[\"https:\\\/\\\/transamerica93.com.br\\\/home\"],\"url\":\"https:\\\/\\\/transamerica93.com.br\\\/home\\\/author\\\/william\\\/\"}]}<\/script>\n<!-- \/ Yoast SEO plugin. -->","yoast_head_json":{"title":"Rodrygo refor\u00e7a desejo de ficar no Real Madrid e diz que entrevista foi tirada de contexto - Transam\u00e9rica Mococa 93,3","robots":{"index":"index","follow":"follow","max-snippet":"max-snippet:-1","max-image-preview":"max-image-preview:large","max-video-preview":"max-video-preview:-1"},"canonical":"https:\/\/transamerica93.com.br\/home\/rodrygo-reforca-desejo-de-ficar-no-real-madrid-e-diz-que-entrevista-foi-tirada-de-contexto\/","og_locale":"pt_BR","og_type":"article","og_title":"Rodrygo refor\u00e7a desejo de ficar no Real Madrid e diz que entrevista foi tirada de contexto - Transam\u00e9rica Mococa 93,3","og_description":"O atacante Rodrygo, do Real Madrid, recorreu \u00e0s redes sociais na noite desta ter\u00e7a-feira para enfatizar o seu desejo de permanecer no clube ap\u00f3s a imprensa espanhola repercutir uma entrevista onde ele deixava em aberto o seu futuro. A chegada de Endrick e a iminente contrata\u00e7\u00e3o de Mbapp\u00e9 contribu\u00edram para alimentar a pol\u00eamica sobre o &hellip;","og_url":"https:\/\/transamerica93.com.br\/home\/rodrygo-reforca-desejo-de-ficar-no-real-madrid-e-diz-que-entrevista-foi-tirada-de-contexto\/","og_site_name":"Transam\u00e9rica Mococa 93,3","article_publisher":"https:\/\/www.facebook.com\/transamericamococa","article_published_time":"2024-05-31T15:00:49+00:00","og_image":[{"width":983,"height":654,"url":"https:\/\/transamerica93.com.br\/home\/wp-content\/uploads\/2024\/05\/imagem-37.jpg","type":"image\/jpeg"}],"author":"Reda\u00e7\u00e3o","twitter_card":"summary_large_image","twitter_creator":"@transamerica933","twitter_site":"@transamerica933","twitter_misc":{"Escrito por":"Reda\u00e7\u00e3o","Est. tempo de leitura":"2 minutos"},"schema":{"@context":"https:\/\/schema.org","@graph":[{"@type":"Article","@id":"https:\/\/transamerica93.com.br\/home\/rodrygo-reforca-desejo-de-ficar-no-real-madrid-e-diz-que-entrevista-foi-tirada-de-contexto\/#article","isPartOf":{"@id":"https:\/\/transamerica93.com.br\/home\/rodrygo-reforca-desejo-de-ficar-no-real-madrid-e-diz-que-entrevista-foi-tirada-de-contexto\/"},"author":{"name":"Reda\u00e7\u00e3o","@id":"https:\/\/transamerica93.com.br\/home\/#\/schema\/person\/7fed7c99c0d4562efa8561bc0f543172"},"headline":"Rodrygo refor\u00e7a desejo de ficar no Real Madrid e diz que entrevista foi tirada de contexto","datePublished":"2024-05-31T15:00:49+00:00","mainEntityOfPage":{"@id":"https:\/\/transamerica93.com.br\/home\/rodrygo-reforca-desejo-de-ficar-no-real-madrid-e-diz-que-entrevista-foi-tirada-de-contexto\/"},"wordCount":353,"publisher":{"@id":"https:\/\/transamerica93.com.br\/home\/#organization"},"image":{"@id":"https:\/\/transamerica93.com.br\/home\/rodrygo-reforca-desejo-de-ficar-no-real-madrid-e-diz-que-entrevista-foi-tirada-de-contexto\/#primaryimage"},"thumbnailUrl":"https:\/\/transamerica93.com.br\/home\/wp-content\/uploads\/2024\/05\/imagem-37.jpg","articleSection":["Esportes"],"inLanguage":"pt-BR"},{"@type":"WebPage","@id":"https:\/\/transamerica93.com.br\/home\/rodrygo-reforca-desejo-de-ficar-no-real-madrid-e-diz-que-entrevista-foi-tirada-de-contexto\/","url":"https:\/\/transamerica93.com.br\/home\/rodrygo-reforca-desejo-de-ficar-no-real-madrid-e-diz-que-entrevista-foi-tirada-de-contexto\/","name":"Rodrygo refor\u00e7a desejo de ficar no Real Madrid e diz que entrevista foi tirada de contexto - Transam\u00e9rica Mococa 93,3","isPartOf":{"@id":"https:\/\/transamerica93.com.br\/home\/#website"},"primaryImageOfPage":{"@id":"https:\/\/transamerica93.com.br\/home\/rodrygo-reforca-desejo-de-ficar-no-real-madrid-e-diz-que-entrevista-foi-tirada-de-contexto\/#primaryimage"},"image":{"@id":"https:\/\/transamerica93.com.br\/home\/rodrygo-reforca-desejo-de-ficar-no-real-madrid-e-diz-que-entrevista-foi-tirada-de-contexto\/#primaryimage"},"thumbnailUrl":"https:\/\/transamerica93.com.br\/home\/wp-content\/uploads\/2024\/05\/imagem-37.jpg","datePublished":"2024-05-31T15:00:49+00:00","breadcrumb":{"@id":"https:\/\/transamerica93.com.br\/home\/rodrygo-reforca-desejo-de-ficar-no-real-madrid-e-diz-que-entrevista-foi-tirada-de-contexto\/#breadcrumb"},"inLanguage":"pt-BR","potentialAction":[{"@type":"ReadAction","target":["https:\/\/transamerica93.com.br\/home\/rodrygo-reforca-desejo-de-ficar-no-real-madrid-e-diz-que-entrevista-foi-tirada-de-contexto\/"]}]},{"@type":"ImageObject","inLanguage":"pt-BR","@id":"https:\/\/transamerica93.com.br\/home\/rodrygo-reforca-desejo-de-ficar-no-real-madrid-e-diz-que-entrevista-foi-tirada-de-contexto\/#primaryimage","url":"https:\/\/transamerica93.com.br\/home\/wp-content\/uploads\/2024\/05\/imagem-37.jpg","contentUrl":"https:\/\/transamerica93.com.br\/home\/wp-content\/uploads\/2024\/05\/imagem-37.jpg","width":983,"height":654,"caption":"Rodrygo Real Madrid \u2014 Foto: Getty Images"},{"@type":"BreadcrumbList","@id":"https:\/\/transamerica93.com.br\/home\/rodrygo-reforca-desejo-de-ficar-no-real-madrid-e-diz-que-entrevista-foi-tirada-de-contexto\/#breadcrumb","itemListElement":[{"@type":"ListItem","position":1,"name":"In\u00edcio","item":"https:\/\/transamerica93.com.br\/home\/"},{"@type":"ListItem","position":2,"name":"Rodrygo refor\u00e7a desejo de ficar no Real Madrid e diz que entrevista foi tirada de contexto"}]},{"@type":"WebSite","@id":"https:\/\/transamerica93.com.br\/home\/#website","url":"https:\/\/transamerica93.com.br\/home\/","name":"Transam\u00e9rica Mococa 93,3","description":"","publisher":{"@id":"https:\/\/transamerica93.com.br\/home\/#organization"},"potentialAction":[{"@type":"SearchAction","target":{"@type":"EntryPoint","urlTemplate":"https:\/\/transamerica93.com.br\/home\/?s={search_term_string}"},"query-input":{"@type":"PropertyValueSpecification","valueRequired":true,"valueName":"search_term_string"}}],"inLanguage":"pt-BR"},{"@type":"Organization","@id":"https:\/\/transamerica93.com.br\/home\/#organization","name":"Transam\u00e9rica Mococa 93,3","url":"https:\/\/transamerica93.com.br\/home\/","logo":{"@type":"ImageObject","inLanguage":"pt-BR","@id":"https:\/\/transamerica93.com.br\/home\/#\/schema\/logo\/image\/","url":"https:\/\/transamerica93.com.br\/home\/wp-content\/uploads\/2023\/10\/logo2.png","contentUrl":"https:\/\/transamerica93.com.br\/home\/wp-content\/uploads\/2023\/10\/logo2.png","width":800,"height":500,"caption":"Transam\u00e9rica Mococa 93,3"},"image":{"@id":"https:\/\/transamerica93.com.br\/home\/#\/schema\/logo\/image\/"},"sameAs":["https:\/\/www.facebook.com\/transamericamococa","https:\/\/x.com\/transamerica933","https:\/\/www.instagram.com\/transamericamococa"]},{"@type":"Person","@id":"https:\/\/transamerica93.com.br\/home\/#\/schema\/person\/7fed7c99c0d4562efa8561bc0f543172","name":"Reda\u00e7\u00e3o","image":{"@type":"ImageObject","inLanguage":"pt-BR","@id":"https:\/\/secure.gravatar.com\/avatar\/1072c6b775fb02ef8506ce967551d95926669a6b7d2c2147b42eea4d7c68395e?s=96&d=mm&r=g","url":"https:\/\/secure.gravatar.com\/avatar\/1072c6b775fb02ef8506ce967551d95926669a6b7d2c2147b42eea4d7c68395e?s=96&d=mm&r=g","contentUrl":"https:\/\/secure.gravatar.com\/avatar\/1072c6b775fb02ef8506ce967551d95926669a6b7d2c2147b42eea4d7c68395e?s=96&d=mm&r=g","caption":"Reda\u00e7\u00e3o"},"sameAs":["https:\/\/transamerica93.com.br\/home"],"url":"https:\/\/transamerica93.com.br\/home\/author\/william\/"}]}},"_links":{"self":[{"href":"https:\/\/transamerica93.com.br\/home\/wp-json\/wp\/v2\/posts\/3225","targetHints":{"allow":["GET"]}}],"collection":[{"href":"https:\/\/transamerica93.com.br\/home\/wp-json\/wp\/v2\/posts"}],"about":[{"href":"https:\/\/transamerica93.com.br\/home\/wp-json\/wp\/v2\/types\/post"}],"author":[{"embeddable":true,"href":"https:\/\/transamerica93.com.br\/home\/wp-json\/wp\/v2\/users\/1"}],"replies":[{"embeddable":true,"href":"https:\/\/transamerica93.com.br\/home\/wp-json\/wp\/v2\/comments?post=3225"}],"version-history":[{"count":1,"href":"https:\/\/transamerica93.com.br\/home\/wp-json\/wp\/v2\/posts\/3225\/revisions"}],"predecessor-version":[{"id":3227,"href":"https:\/\/transamerica93.com.br\/home\/wp-json\/wp\/v2\/posts\/3225\/revisions\/3227"}],"wp:featuredmedia":[{"embeddable":true,"href":"https:\/\/transamerica93.com.br\/home\/wp-json\/wp\/v2\/media\/3226"}],"wp:attachment":[{"href":"https:\/\/transamerica93.com.br\/home\/wp-json\/wp\/v2\/media?parent=3225"}],"wp:term":[{"taxonomy":"category","embeddable":true,"href":"https:\/\/transamerica93.com.br\/home\/wp-json\/wp\/v2\/categories?post=3225"},{"taxonomy":"post_tag","embeddable":true,"href":"https:\/\/transamerica93.com.br\/home\/wp-json\/wp\/v2\/tags?post=3225"}],"curies":[{"name":"wp","href":"https:\/\/api.w.org\/{rel}","templated":true}]}}