{"id":3234,"date":"2024-05-30T18:00:30","date_gmt":"2024-05-30T21:00:30","guid":{"rendered":"https:\/\/transamerica93.com.br\/home\/?p=3234"},"modified":"2024-05-30T03:10:23","modified_gmt":"2024-05-30T06:10:23","slug":"mc-binn-fala-sobre-ansiedade-na-casa-do-bbb-24-e-diz-que-vai-iniciar-tratamento","status":"publish","type":"post","link":"https:\/\/transamerica93.com.br\/home\/mc-binn-fala-sobre-ansiedade-na-casa-do-bbb-24-e-diz-que-vai-iniciar-tratamento\/","title":{"rendered":"MC Binn fala sobre ansiedade na casa do &#8216;BBB 24&#8217; e diz que vai iniciar tratamento"},"content":{"rendered":"<h6 class=\"Assina\">Por Gabriela Caputo<\/h6>\n<p>MC Binn compartilhou com seus seguidores como tem cuidado da sa\u00fade mental. No X (antigo Twitter), o funkeiro contou, na segunda-feira, 27, que vai iniciar um tratamento para ansiedade, que se agravou durante o per\u00edodo de confinamento na casa do\u00a0<i>BBB 24<\/i>.<\/p>\n<p>Mais tarde, o funkeiro falou mais sobre o assunto nos stories do Instagram. &#8220;Eu tinha um tique na sobrancelha, mas n\u00e3o era t\u00e3o agravante. No momento em que fui confinado na casa, apareceu muita coisa de ansiedade&#8221;, dividiu com os seguidores.<\/p>\n<p>&#8220;Vou fazer esse tratamento agora, at\u00e9 para n\u00e3o piorar futuramente. Vou come\u00e7ar e depois vou falar para voc\u00eas como est\u00e1 sendo. Estou fazendo terapia junto. Estou bem, estou bem tranquil\u00e3o, mas \u00e9 bom fazer terapia e fazer esse tratamento que \u00e9 importante tamb\u00e9m. Se cuidar&#8221;, completou Binn.<\/p>\n","protected":false},"excerpt":{"rendered":"<p>Por Gabriela Caputo MC Binn compartilhou com seus seguidores como tem cuidado da sa\u00fade mental. No X (antigo Twitter), o funkeiro contou, na segunda-feira, 27, que vai iniciar um tratamento para ansiedade, que se agravou durante o per\u00edodo de confinamento na casa do\u00a0BBB 24. Mais tarde, o funkeiro falou mais sobre o assunto nos stories &hellip;<\/p>\n","protected":false},"author":1,"featured_media":3235,"comment_status":"closed","ping_status":"closed","sticky":false,"template":"","format":"standard","meta":{"footnotes":""},"categories":[24],"tags":[],"class_list":["post-3234","post","type-post","status-publish","format-standard","has-post-thumbnail","hentry","category-entretenimento"],"yoast_head":"<!-- This site is optimized with the Yoast SEO plugin v27.4 - https:\/\/yoast.com\/product\/yoast-seo-wordpress\/ -->\n<title>MC Binn fala sobre ansiedade na casa do &#039;BBB 24&#039; e diz que vai iniciar tratamento - Transam\u00e9rica Mococa 93,3<\/title>\n<meta name=\"robots\" content=\"index, follow, max-snippet:-1, max-image-preview:large, max-video-preview:-1\" \/>\n<link rel=\"canonical\" href=\"https:\/\/transamerica93.com.br\/home\/mc-binn-fala-sobre-ansiedade-na-casa-do-bbb-24-e-diz-que-vai-iniciar-tratamento\/\" \/>\n<meta property=\"og:locale\" content=\"pt_BR\" \/>\n<meta property=\"og:type\" content=\"article\" \/>\n<meta property=\"og:title\" content=\"MC Binn fala sobre ansiedade na casa do &#039;BBB 24&#039; e diz que vai iniciar tratamento - Transam\u00e9rica Mococa 93,3\" \/>\n<meta property=\"og:description\" content=\"Por Gabriela Caputo MC Binn compartilhou com seus seguidores como tem cuidado da sa\u00fade mental. No X (antigo Twitter), o funkeiro contou, na segunda-feira, 27, que vai iniciar um tratamento para ansiedade, que se agravou durante o per\u00edodo de confinamento na casa do\u00a0BBB 24. Mais tarde, o funkeiro falou mais sobre o assunto nos stories &hellip;\" \/>\n<meta property=\"og:url\" content=\"https:\/\/transamerica93.com.br\/home\/mc-binn-fala-sobre-ansiedade-na-casa-do-bbb-24-e-diz-que-vai-iniciar-tratamento\/\" \/>\n<meta property=\"og:site_name\" content=\"Transam\u00e9rica Mococa 93,3\" \/>\n<meta property=\"article:publisher\" content=\"https:\/\/www.facebook.com\/transamericamococa\" \/>\n<meta property=\"article:published_time\" content=\"2024-05-30T21:00:30+00:00\" \/>\n<meta property=\"og:image\" content=\"https:\/\/transamerica93.com.br\/home\/wp-content\/uploads\/2024\/05\/mcbinn.jpg\" \/>\n\t<meta property=\"og:image:width\" content=\"787\" \/>\n\t<meta property=\"og:image:height\" content=\"529\" \/>\n\t<meta property=\"og:image:type\" content=\"image\/jpeg\" \/>\n<meta name=\"author\" content=\"Reda\u00e7\u00e3o\" \/>\n<meta name=\"twitter:card\" content=\"summary_large_image\" \/>\n<meta name=\"twitter:creator\" content=\"@transamerica933\" \/>\n<meta name=\"twitter:site\" content=\"@transamerica933\" \/>\n<meta name=\"twitter:label1\" content=\"Escrito por\" \/>\n\t<meta name=\"twitter:data1\" content=\"Reda\u00e7\u00e3o\" \/>\n\t<meta name=\"twitter:label2\" content=\"Est. tempo de leitura\" \/>\n\t<meta name=\"twitter:data2\" content=\"1 minuto\" \/>\n<script type=\"application\/ld+json\" class=\"yoast-schema-graph\">{\"@context\":\"https:\\\/\\\/schema.org\",\"@graph\":[{\"@type\":\"Article\",\"@id\":\"https:\\\/\\\/transamerica93.com.br\\\/home\\\/mc-binn-fala-sobre-ansiedade-na-casa-do-bbb-24-e-diz-que-vai-iniciar-tratamento\\\/#article\",\"isPartOf\":{\"@id\":\"https:\\\/\\\/transamerica93.com.br\\\/home\\\/mc-binn-fala-sobre-ansiedade-na-casa-do-bbb-24-e-diz-que-vai-iniciar-tratamento\\\/\"},\"author\":{\"name\":\"Reda\u00e7\u00e3o\",\"@id\":\"https:\\\/\\\/transamerica93.com.br\\\/home\\\/#\\\/schema\\\/person\\\/7fed7c99c0d4562efa8561bc0f543172\"},\"headline\":\"MC Binn fala sobre ansiedade na casa do &#8216;BBB 24&#8217; e diz que vai iniciar tratamento\",\"datePublished\":\"2024-05-30T21:00:30+00:00\",\"mainEntityOfPage\":{\"@id\":\"https:\\\/\\\/transamerica93.com.br\\\/home\\\/mc-binn-fala-sobre-ansiedade-na-casa-do-bbb-24-e-diz-que-vai-iniciar-tratamento\\\/\"},\"wordCount\":153,\"publisher\":{\"@id\":\"https:\\\/\\\/transamerica93.com.br\\\/home\\\/#organization\"},\"image\":{\"@id\":\"https:\\\/\\\/transamerica93.com.br\\\/home\\\/mc-binn-fala-sobre-ansiedade-na-casa-do-bbb-24-e-diz-que-vai-iniciar-tratamento\\\/#primaryimage\"},\"thumbnailUrl\":\"https:\\\/\\\/transamerica93.com.br\\\/home\\\/wp-content\\\/uploads\\\/2024\\\/05\\\/mcbinn.jpg\",\"articleSection\":[\"Entretenimento\"],\"inLanguage\":\"pt-BR\"},{\"@type\":\"WebPage\",\"@id\":\"https:\\\/\\\/transamerica93.com.br\\\/home\\\/mc-binn-fala-sobre-ansiedade-na-casa-do-bbb-24-e-diz-que-vai-iniciar-tratamento\\\/\",\"url\":\"https:\\\/\\\/transamerica93.com.br\\\/home\\\/mc-binn-fala-sobre-ansiedade-na-casa-do-bbb-24-e-diz-que-vai-iniciar-tratamento\\\/\",\"name\":\"MC Binn fala sobre ansiedade na casa do 'BBB 24' e diz que vai iniciar tratamento - Transam\u00e9rica Mococa 93,3\",\"isPartOf\":{\"@id\":\"https:\\\/\\\/transamerica93.com.br\\\/home\\\/#website\"},\"primaryImageOfPage\":{\"@id\":\"https:\\\/\\\/transamerica93.com.br\\\/home\\\/mc-binn-fala-sobre-ansiedade-na-casa-do-bbb-24-e-diz-que-vai-iniciar-tratamento\\\/#primaryimage\"},\"image\":{\"@id\":\"https:\\\/\\\/transamerica93.com.br\\\/home\\\/mc-binn-fala-sobre-ansiedade-na-casa-do-bbb-24-e-diz-que-vai-iniciar-tratamento\\\/#primaryimage\"},\"thumbnailUrl\":\"https:\\\/\\\/transamerica93.com.br\\\/home\\\/wp-content\\\/uploads\\\/2024\\\/05\\\/mcbinn.jpg\",\"datePublished\":\"2024-05-30T21:00:30+00:00\",\"breadcrumb\":{\"@id\":\"https:\\\/\\\/transamerica93.com.br\\\/home\\\/mc-binn-fala-sobre-ansiedade-na-casa-do-bbb-24-e-diz-que-vai-iniciar-tratamento\\\/#breadcrumb\"},\"inLanguage\":\"pt-BR\",\"potentialAction\":[{\"@type\":\"ReadAction\",\"target\":[\"https:\\\/\\\/transamerica93.com.br\\\/home\\\/mc-binn-fala-sobre-ansiedade-na-casa-do-bbb-24-e-diz-que-vai-iniciar-tratamento\\\/\"]}]},{\"@type\":\"ImageObject\",\"inLanguage\":\"pt-BR\",\"@id\":\"https:\\\/\\\/transamerica93.com.br\\\/home\\\/mc-binn-fala-sobre-ansiedade-na-casa-do-bbb-24-e-diz-que-vai-iniciar-tratamento\\\/#primaryimage\",\"url\":\"https:\\\/\\\/transamerica93.com.br\\\/home\\\/wp-content\\\/uploads\\\/2024\\\/05\\\/mcbinn.jpg\",\"contentUrl\":\"https:\\\/\\\/transamerica93.com.br\\\/home\\\/wp-content\\\/uploads\\\/2024\\\/05\\\/mcbinn.jpg\",\"width\":787,\"height\":529,\"caption\":\"Foto: Instagram @mcbinn\"},{\"@type\":\"BreadcrumbList\",\"@id\":\"https:\\\/\\\/transamerica93.com.br\\\/home\\\/mc-binn-fala-sobre-ansiedade-na-casa-do-bbb-24-e-diz-que-vai-iniciar-tratamento\\\/#breadcrumb\",\"itemListElement\":[{\"@type\":\"ListItem\",\"position\":1,\"name\":\"In\u00edcio\",\"item\":\"https:\\\/\\\/transamerica93.com.br\\\/home\\\/\"},{\"@type\":\"ListItem\",\"position\":2,\"name\":\"MC Binn fala sobre ansiedade na casa do &#8216;BBB 24&#8217; e diz que vai iniciar tratamento\"}]},{\"@type\":\"WebSite\",\"@id\":\"https:\\\/\\\/transamerica93.com.br\\\/home\\\/#website\",\"url\":\"https:\\\/\\\/transamerica93.com.br\\\/home\\\/\",\"name\":\"Transam\u00e9rica Mococa 93,3\",\"description\":\"\",\"publisher\":{\"@id\":\"https:\\\/\\\/transamerica93.com.br\\\/home\\\/#organization\"},\"potentialAction\":[{\"@type\":\"SearchAction\",\"target\":{\"@type\":\"EntryPoint\",\"urlTemplate\":\"https:\\\/\\\/transamerica93.com.br\\\/home\\\/?s={search_term_string}\"},\"query-input\":{\"@type\":\"PropertyValueSpecification\",\"valueRequired\":true,\"valueName\":\"search_term_string\"}}],\"inLanguage\":\"pt-BR\"},{\"@type\":\"Organization\",\"@id\":\"https:\\\/\\\/transamerica93.com.br\\\/home\\\/#organization\",\"name\":\"Transam\u00e9rica Mococa 93,3\",\"url\":\"https:\\\/\\\/transamerica93.com.br\\\/home\\\/\",\"logo\":{\"@type\":\"ImageObject\",\"inLanguage\":\"pt-BR\",\"@id\":\"https:\\\/\\\/transamerica93.com.br\\\/home\\\/#\\\/schema\\\/logo\\\/image\\\/\",\"url\":\"https:\\\/\\\/transamerica93.com.br\\\/home\\\/wp-content\\\/uploads\\\/2023\\\/10\\\/logo2.png\",\"contentUrl\":\"https:\\\/\\\/transamerica93.com.br\\\/home\\\/wp-content\\\/uploads\\\/2023\\\/10\\\/logo2.png\",\"width\":800,\"height\":500,\"caption\":\"Transam\u00e9rica Mococa 93,3\"},\"image\":{\"@id\":\"https:\\\/\\\/transamerica93.com.br\\\/home\\\/#\\\/schema\\\/logo\\\/image\\\/\"},\"sameAs\":[\"https:\\\/\\\/www.facebook.com\\\/transamericamococa\",\"https:\\\/\\\/x.com\\\/transamerica933\",\"https:\\\/\\\/www.instagram.com\\\/transamericamococa\"]},{\"@type\":\"Person\",\"@id\":\"https:\\\/\\\/transamerica93.com.br\\\/home\\\/#\\\/schema\\\/person\\\/7fed7c99c0d4562efa8561bc0f543172\",\"name\":\"Reda\u00e7\u00e3o\",\"image\":{\"@type\":\"ImageObject\",\"inLanguage\":\"pt-BR\",\"@id\":\"https:\\\/\\\/secure.gravatar.com\\\/avatar\\\/1072c6b775fb02ef8506ce967551d95926669a6b7d2c2147b42eea4d7c68395e?s=96&d=mm&r=g\",\"url\":\"https:\\\/\\\/secure.gravatar.com\\\/avatar\\\/1072c6b775fb02ef8506ce967551d95926669a6b7d2c2147b42eea4d7c68395e?s=96&d=mm&r=g\",\"contentUrl\":\"https:\\\/\\\/secure.gravatar.com\\\/avatar\\\/1072c6b775fb02ef8506ce967551d95926669a6b7d2c2147b42eea4d7c68395e?s=96&d=mm&r=g\",\"caption\":\"Reda\u00e7\u00e3o\"},\"sameAs\":[\"https:\\\/\\\/transamerica93.com.br\\\/home\"],\"url\":\"https:\\\/\\\/transamerica93.com.br\\\/home\\\/author\\\/william\\\/\"}]}<\/script>\n<!-- \/ Yoast SEO plugin. -->","yoast_head_json":{"title":"MC Binn fala sobre ansiedade na casa do 'BBB 24' e diz que vai iniciar tratamento - Transam\u00e9rica Mococa 93,3","robots":{"index":"index","follow":"follow","max-snippet":"max-snippet:-1","max-image-preview":"max-image-preview:large","max-video-preview":"max-video-preview:-1"},"canonical":"https:\/\/transamerica93.com.br\/home\/mc-binn-fala-sobre-ansiedade-na-casa-do-bbb-24-e-diz-que-vai-iniciar-tratamento\/","og_locale":"pt_BR","og_type":"article","og_title":"MC Binn fala sobre ansiedade na casa do 'BBB 24' e diz que vai iniciar tratamento - Transam\u00e9rica Mococa 93,3","og_description":"Por Gabriela Caputo MC Binn compartilhou com seus seguidores como tem cuidado da sa\u00fade mental. No X (antigo Twitter), o funkeiro contou, na segunda-feira, 27, que vai iniciar um tratamento para ansiedade, que se agravou durante o per\u00edodo de confinamento na casa do\u00a0BBB 24. Mais tarde, o funkeiro falou mais sobre o assunto nos stories &hellip;","og_url":"https:\/\/transamerica93.com.br\/home\/mc-binn-fala-sobre-ansiedade-na-casa-do-bbb-24-e-diz-que-vai-iniciar-tratamento\/","og_site_name":"Transam\u00e9rica Mococa 93,3","article_publisher":"https:\/\/www.facebook.com\/transamericamococa","article_published_time":"2024-05-30T21:00:30+00:00","og_image":[{"width":787,"height":529,"url":"https:\/\/transamerica93.com.br\/home\/wp-content\/uploads\/2024\/05\/mcbinn.jpg","type":"image\/jpeg"}],"author":"Reda\u00e7\u00e3o","twitter_card":"summary_large_image","twitter_creator":"@transamerica933","twitter_site":"@transamerica933","twitter_misc":{"Escrito por":"Reda\u00e7\u00e3o","Est. tempo de leitura":"1 minuto"},"schema":{"@context":"https:\/\/schema.org","@graph":[{"@type":"Article","@id":"https:\/\/transamerica93.com.br\/home\/mc-binn-fala-sobre-ansiedade-na-casa-do-bbb-24-e-diz-que-vai-iniciar-tratamento\/#article","isPartOf":{"@id":"https:\/\/transamerica93.com.br\/home\/mc-binn-fala-sobre-ansiedade-na-casa-do-bbb-24-e-diz-que-vai-iniciar-tratamento\/"},"author":{"name":"Reda\u00e7\u00e3o","@id":"https:\/\/transamerica93.com.br\/home\/#\/schema\/person\/7fed7c99c0d4562efa8561bc0f543172"},"headline":"MC Binn fala sobre ansiedade na casa do &#8216;BBB 24&#8217; e diz que vai iniciar tratamento","datePublished":"2024-05-30T21:00:30+00:00","mainEntityOfPage":{"@id":"https:\/\/transamerica93.com.br\/home\/mc-binn-fala-sobre-ansiedade-na-casa-do-bbb-24-e-diz-que-vai-iniciar-tratamento\/"},"wordCount":153,"publisher":{"@id":"https:\/\/transamerica93.com.br\/home\/#organization"},"image":{"@id":"https:\/\/transamerica93.com.br\/home\/mc-binn-fala-sobre-ansiedade-na-casa-do-bbb-24-e-diz-que-vai-iniciar-tratamento\/#primaryimage"},"thumbnailUrl":"https:\/\/transamerica93.com.br\/home\/wp-content\/uploads\/2024\/05\/mcbinn.jpg","articleSection":["Entretenimento"],"inLanguage":"pt-BR"},{"@type":"WebPage","@id":"https:\/\/transamerica93.com.br\/home\/mc-binn-fala-sobre-ansiedade-na-casa-do-bbb-24-e-diz-que-vai-iniciar-tratamento\/","url":"https:\/\/transamerica93.com.br\/home\/mc-binn-fala-sobre-ansiedade-na-casa-do-bbb-24-e-diz-que-vai-iniciar-tratamento\/","name":"MC Binn fala sobre ansiedade na casa do 'BBB 24' e diz que vai iniciar tratamento - Transam\u00e9rica Mococa 93,3","isPartOf":{"@id":"https:\/\/transamerica93.com.br\/home\/#website"},"primaryImageOfPage":{"@id":"https:\/\/transamerica93.com.br\/home\/mc-binn-fala-sobre-ansiedade-na-casa-do-bbb-24-e-diz-que-vai-iniciar-tratamento\/#primaryimage"},"image":{"@id":"https:\/\/transamerica93.com.br\/home\/mc-binn-fala-sobre-ansiedade-na-casa-do-bbb-24-e-diz-que-vai-iniciar-tratamento\/#primaryimage"},"thumbnailUrl":"https:\/\/transamerica93.com.br\/home\/wp-content\/uploads\/2024\/05\/mcbinn.jpg","datePublished":"2024-05-30T21:00:30+00:00","breadcrumb":{"@id":"https:\/\/transamerica93.com.br\/home\/mc-binn-fala-sobre-ansiedade-na-casa-do-bbb-24-e-diz-que-vai-iniciar-tratamento\/#breadcrumb"},"inLanguage":"pt-BR","potentialAction":[{"@type":"ReadAction","target":["https:\/\/transamerica93.com.br\/home\/mc-binn-fala-sobre-ansiedade-na-casa-do-bbb-24-e-diz-que-vai-iniciar-tratamento\/"]}]},{"@type":"ImageObject","inLanguage":"pt-BR","@id":"https:\/\/transamerica93.com.br\/home\/mc-binn-fala-sobre-ansiedade-na-casa-do-bbb-24-e-diz-que-vai-iniciar-tratamento\/#primaryimage","url":"https:\/\/transamerica93.com.br\/home\/wp-content\/uploads\/2024\/05\/mcbinn.jpg","contentUrl":"https:\/\/transamerica93.com.br\/home\/wp-content\/uploads\/2024\/05\/mcbinn.jpg","width":787,"height":529,"caption":"Foto: Instagram @mcbinn"},{"@type":"BreadcrumbList","@id":"https:\/\/transamerica93.com.br\/home\/mc-binn-fala-sobre-ansiedade-na-casa-do-bbb-24-e-diz-que-vai-iniciar-tratamento\/#breadcrumb","itemListElement":[{"@type":"ListItem","position":1,"name":"In\u00edcio","item":"https:\/\/transamerica93.com.br\/home\/"},{"@type":"ListItem","position":2,"name":"MC Binn fala sobre ansiedade na casa do &#8216;BBB 24&#8217; e diz que vai iniciar tratamento"}]},{"@type":"WebSite","@id":"https:\/\/transamerica93.com.br\/home\/#website","url":"https:\/\/transamerica93.com.br\/home\/","name":"Transam\u00e9rica Mococa 93,3","description":"","publisher":{"@id":"https:\/\/transamerica93.com.br\/home\/#organization"},"potentialAction":[{"@type":"SearchAction","target":{"@type":"EntryPoint","urlTemplate":"https:\/\/transamerica93.com.br\/home\/?s={search_term_string}"},"query-input":{"@type":"PropertyValueSpecification","valueRequired":true,"valueName":"search_term_string"}}],"inLanguage":"pt-BR"},{"@type":"Organization","@id":"https:\/\/transamerica93.com.br\/home\/#organization","name":"Transam\u00e9rica Mococa 93,3","url":"https:\/\/transamerica93.com.br\/home\/","logo":{"@type":"ImageObject","inLanguage":"pt-BR","@id":"https:\/\/transamerica93.com.br\/home\/#\/schema\/logo\/image\/","url":"https:\/\/transamerica93.com.br\/home\/wp-content\/uploads\/2023\/10\/logo2.png","contentUrl":"https:\/\/transamerica93.com.br\/home\/wp-content\/uploads\/2023\/10\/logo2.png","width":800,"height":500,"caption":"Transam\u00e9rica Mococa 93,3"},"image":{"@id":"https:\/\/transamerica93.com.br\/home\/#\/schema\/logo\/image\/"},"sameAs":["https:\/\/www.facebook.com\/transamericamococa","https:\/\/x.com\/transamerica933","https:\/\/www.instagram.com\/transamericamococa"]},{"@type":"Person","@id":"https:\/\/transamerica93.com.br\/home\/#\/schema\/person\/7fed7c99c0d4562efa8561bc0f543172","name":"Reda\u00e7\u00e3o","image":{"@type":"ImageObject","inLanguage":"pt-BR","@id":"https:\/\/secure.gravatar.com\/avatar\/1072c6b775fb02ef8506ce967551d95926669a6b7d2c2147b42eea4d7c68395e?s=96&d=mm&r=g","url":"https:\/\/secure.gravatar.com\/avatar\/1072c6b775fb02ef8506ce967551d95926669a6b7d2c2147b42eea4d7c68395e?s=96&d=mm&r=g","contentUrl":"https:\/\/secure.gravatar.com\/avatar\/1072c6b775fb02ef8506ce967551d95926669a6b7d2c2147b42eea4d7c68395e?s=96&d=mm&r=g","caption":"Reda\u00e7\u00e3o"},"sameAs":["https:\/\/transamerica93.com.br\/home"],"url":"https:\/\/transamerica93.com.br\/home\/author\/william\/"}]}},"_links":{"self":[{"href":"https:\/\/transamerica93.com.br\/home\/wp-json\/wp\/v2\/posts\/3234","targetHints":{"allow":["GET"]}}],"collection":[{"href":"https:\/\/transamerica93.com.br\/home\/wp-json\/wp\/v2\/posts"}],"about":[{"href":"https:\/\/transamerica93.com.br\/home\/wp-json\/wp\/v2\/types\/post"}],"author":[{"embeddable":true,"href":"https:\/\/transamerica93.com.br\/home\/wp-json\/wp\/v2\/users\/1"}],"replies":[{"embeddable":true,"href":"https:\/\/transamerica93.com.br\/home\/wp-json\/wp\/v2\/comments?post=3234"}],"version-history":[{"count":1,"href":"https:\/\/transamerica93.com.br\/home\/wp-json\/wp\/v2\/posts\/3234\/revisions"}],"predecessor-version":[{"id":3236,"href":"https:\/\/transamerica93.com.br\/home\/wp-json\/wp\/v2\/posts\/3234\/revisions\/3236"}],"wp:featuredmedia":[{"embeddable":true,"href":"https:\/\/transamerica93.com.br\/home\/wp-json\/wp\/v2\/media\/3235"}],"wp:attachment":[{"href":"https:\/\/transamerica93.com.br\/home\/wp-json\/wp\/v2\/media?parent=3234"}],"wp:term":[{"taxonomy":"category","embeddable":true,"href":"https:\/\/transamerica93.com.br\/home\/wp-json\/wp\/v2\/categories?post=3234"},{"taxonomy":"post_tag","embeddable":true,"href":"https:\/\/transamerica93.com.br\/home\/wp-json\/wp\/v2\/tags?post=3234"}],"curies":[{"name":"wp","href":"https:\/\/api.w.org\/{rel}","templated":true}]}}