{"id":3237,"date":"2024-05-31T18:00:34","date_gmt":"2024-05-31T21:00:34","guid":{"rendered":"https:\/\/transamerica93.com.br\/home\/?p=3237"},"modified":"2024-05-30T03:11:02","modified_gmt":"2024-05-30T06:11:02","slug":"universo-musical-de-anitta-vira-tema-de-exposicao-no-museu-da-lingua-portuguesa","status":"publish","type":"post","link":"https:\/\/transamerica93.com.br\/home\/universo-musical-de-anitta-vira-tema-de-exposicao-no-museu-da-lingua-portuguesa\/","title":{"rendered":"Universo musical de Anitta vira tema de exposi\u00e7\u00e3o no Museu da L\u00edngua Portuguesa"},"content":{"rendered":"<h6 class=\"Assina\">Por Valentina Rosa<\/h6>\n<p>Anitta acaba de se tornar tema de uma exposi\u00e7\u00e3o no Museu na L\u00edngua Portuguesa.\u00a0<i>Do You Speak Anitta?<\/i>\u00a0(ou na tradu\u00e7\u00e3o Voc\u00ea \u00e9 Fluente em Anitta?), exibir\u00e1 o universo musical e toda a diversidade lingu\u00edstica da cantora. A mostra, que foi inaugurada nesta ter\u00e7a-feira, 28, no museu, localizado na Luz, regi\u00e3o central de S\u00e3o Paulo, ficar\u00e1 em cartaz at\u00e9 o dia 2 de junho.<\/p>\n<p>Os visitantes poder\u00e3o ver toda a riqueza cultural das can\u00e7\u00f5es de Anitta, principalmente as presentes no \u00faltimo \u00e1lbum da diva pop,\u00a0<i>Funk Generation<\/i>, que possui m\u00fasicas em ritmo de funk, cantadas em portugu\u00eas, ingl\u00eas e espanhol.<\/p>\n<p>Quem for \u00e0 exposi\u00e7\u00e3o ainda poder\u00e1 ver os bastidores da produ\u00e7\u00e3o e explorar as express\u00f5es usadas nas can\u00e7\u00f5es da artista. Al\u00e9m disso, o museu contar\u00e1 com um espa\u00e7o mostrando a import\u00e2ncia do funk na forma\u00e7\u00e3o da l\u00edngua portuguesa.<\/p>\n<p>&#8220;Cada l\u00edngua \u00e9 uma viagem. Ela pode nos levar para lugares inimagin\u00e1veis e est\u00e1 levando o funk brasileiro para longe. Meu novo \u00e1lbum \u00e9 a celebra\u00e7\u00e3o do funk brasileiro e eu espero que esse projeto chegue a muitas pessoas ao redor do mundo&#8221;, declarou Anitta.<\/p>\n<p><b>Servi\u00e7o:<\/b><\/p>\n<p>Exposi\u00e7\u00e3o: Do You Speak Anitta?<\/p>\n<p>&#8211; Local: Museu da L\u00edngua Portuguesa<\/p>\n<p>&#8211; Data: de 28 de maio a 2 de junho<\/p>\n<p>&#8211; Hor\u00e1rio: das 9h \u00e0s 16:30<\/p>\n<p>&#8211; Ingressos: de R$ 12 a R$ 24 (vendas na bilheteria do museu ou por meio do site Sympla)<\/p>\n","protected":false},"excerpt":{"rendered":"<p>Por Valentina Rosa Anitta acaba de se tornar tema de uma exposi\u00e7\u00e3o no Museu na L\u00edngua Portuguesa.\u00a0Do You Speak Anitta?\u00a0(ou na tradu\u00e7\u00e3o Voc\u00ea \u00e9 Fluente em Anitta?), exibir\u00e1 o universo musical e toda a diversidade lingu\u00edstica da cantora. A mostra, que foi inaugurada nesta ter\u00e7a-feira, 28, no museu, localizado na Luz, regi\u00e3o central de S\u00e3o &hellip;<\/p>\n","protected":false},"author":1,"featured_media":1062,"comment_status":"closed","ping_status":"closed","sticky":false,"template":"","format":"standard","meta":{"footnotes":""},"categories":[24],"tags":[],"class_list":["post-3237","post","type-post","status-publish","format-standard","has-post-thumbnail","hentry","category-entretenimento"],"yoast_head":"<!-- This site is optimized with the Yoast SEO plugin v27.4 - https:\/\/yoast.com\/product\/yoast-seo-wordpress\/ -->\n<title>Universo musical de Anitta vira tema de exposi\u00e7\u00e3o no Museu da L\u00edngua Portuguesa - Transam\u00e9rica Mococa 93,3<\/title>\n<meta name=\"robots\" content=\"index, follow, max-snippet:-1, max-image-preview:large, max-video-preview:-1\" \/>\n<link rel=\"canonical\" href=\"https:\/\/transamerica93.com.br\/home\/universo-musical-de-anitta-vira-tema-de-exposicao-no-museu-da-lingua-portuguesa\/\" \/>\n<meta property=\"og:locale\" content=\"pt_BR\" \/>\n<meta property=\"og:type\" content=\"article\" \/>\n<meta property=\"og:title\" content=\"Universo musical de Anitta vira tema de exposi\u00e7\u00e3o no Museu da L\u00edngua Portuguesa - Transam\u00e9rica Mococa 93,3\" \/>\n<meta property=\"og:description\" content=\"Por Valentina Rosa Anitta acaba de se tornar tema de uma exposi\u00e7\u00e3o no Museu na L\u00edngua Portuguesa.\u00a0Do You Speak Anitta?\u00a0(ou na tradu\u00e7\u00e3o Voc\u00ea \u00e9 Fluente em Anitta?), exibir\u00e1 o universo musical e toda a diversidade lingu\u00edstica da cantora. A mostra, que foi inaugurada nesta ter\u00e7a-feira, 28, no museu, localizado na Luz, regi\u00e3o central de S\u00e3o &hellip;\" \/>\n<meta property=\"og:url\" content=\"https:\/\/transamerica93.com.br\/home\/universo-musical-de-anitta-vira-tema-de-exposicao-no-museu-da-lingua-portuguesa\/\" \/>\n<meta property=\"og:site_name\" content=\"Transam\u00e9rica Mococa 93,3\" \/>\n<meta property=\"article:publisher\" content=\"https:\/\/www.facebook.com\/transamericamococa\" \/>\n<meta property=\"article:published_time\" content=\"2024-05-31T21:00:34+00:00\" \/>\n<meta property=\"og:image\" content=\"https:\/\/transamerica93.com.br\/home\/wp-content\/uploads\/2023\/10\/anitta.jpg\" \/>\n\t<meta property=\"og:image:width\" content=\"800\" \/>\n\t<meta property=\"og:image:height\" content=\"500\" \/>\n\t<meta property=\"og:image:type\" content=\"image\/jpeg\" \/>\n<meta name=\"author\" content=\"Reda\u00e7\u00e3o\" \/>\n<meta name=\"twitter:card\" content=\"summary_large_image\" \/>\n<meta name=\"twitter:creator\" content=\"@transamerica933\" \/>\n<meta name=\"twitter:site\" content=\"@transamerica933\" \/>\n<meta name=\"twitter:label1\" content=\"Escrito por\" \/>\n\t<meta name=\"twitter:data1\" content=\"Reda\u00e7\u00e3o\" \/>\n\t<meta name=\"twitter:label2\" content=\"Est. tempo de leitura\" \/>\n\t<meta name=\"twitter:data2\" content=\"2 minutos\" \/>\n<script type=\"application\/ld+json\" class=\"yoast-schema-graph\">{\"@context\":\"https:\\\/\\\/schema.org\",\"@graph\":[{\"@type\":\"Article\",\"@id\":\"https:\\\/\\\/transamerica93.com.br\\\/home\\\/universo-musical-de-anitta-vira-tema-de-exposicao-no-museu-da-lingua-portuguesa\\\/#article\",\"isPartOf\":{\"@id\":\"https:\\\/\\\/transamerica93.com.br\\\/home\\\/universo-musical-de-anitta-vira-tema-de-exposicao-no-museu-da-lingua-portuguesa\\\/\"},\"author\":{\"name\":\"Reda\u00e7\u00e3o\",\"@id\":\"https:\\\/\\\/transamerica93.com.br\\\/home\\\/#\\\/schema\\\/person\\\/7fed7c99c0d4562efa8561bc0f543172\"},\"headline\":\"Universo musical de Anitta vira tema de exposi\u00e7\u00e3o no Museu da L\u00edngua Portuguesa\",\"datePublished\":\"2024-05-31T21:00:34+00:00\",\"mainEntityOfPage\":{\"@id\":\"https:\\\/\\\/transamerica93.com.br\\\/home\\\/universo-musical-de-anitta-vira-tema-de-exposicao-no-museu-da-lingua-portuguesa\\\/\"},\"wordCount\":265,\"publisher\":{\"@id\":\"https:\\\/\\\/transamerica93.com.br\\\/home\\\/#organization\"},\"image\":{\"@id\":\"https:\\\/\\\/transamerica93.com.br\\\/home\\\/universo-musical-de-anitta-vira-tema-de-exposicao-no-museu-da-lingua-portuguesa\\\/#primaryimage\"},\"thumbnailUrl\":\"https:\\\/\\\/transamerica93.com.br\\\/home\\\/wp-content\\\/uploads\\\/2023\\\/10\\\/anitta.jpg\",\"articleSection\":[\"Entretenimento\"],\"inLanguage\":\"pt-BR\"},{\"@type\":\"WebPage\",\"@id\":\"https:\\\/\\\/transamerica93.com.br\\\/home\\\/universo-musical-de-anitta-vira-tema-de-exposicao-no-museu-da-lingua-portuguesa\\\/\",\"url\":\"https:\\\/\\\/transamerica93.com.br\\\/home\\\/universo-musical-de-anitta-vira-tema-de-exposicao-no-museu-da-lingua-portuguesa\\\/\",\"name\":\"Universo musical de Anitta vira tema de exposi\u00e7\u00e3o no Museu da L\u00edngua Portuguesa - Transam\u00e9rica Mococa 93,3\",\"isPartOf\":{\"@id\":\"https:\\\/\\\/transamerica93.com.br\\\/home\\\/#website\"},\"primaryImageOfPage\":{\"@id\":\"https:\\\/\\\/transamerica93.com.br\\\/home\\\/universo-musical-de-anitta-vira-tema-de-exposicao-no-museu-da-lingua-portuguesa\\\/#primaryimage\"},\"image\":{\"@id\":\"https:\\\/\\\/transamerica93.com.br\\\/home\\\/universo-musical-de-anitta-vira-tema-de-exposicao-no-museu-da-lingua-portuguesa\\\/#primaryimage\"},\"thumbnailUrl\":\"https:\\\/\\\/transamerica93.com.br\\\/home\\\/wp-content\\\/uploads\\\/2023\\\/10\\\/anitta.jpg\",\"datePublished\":\"2024-05-31T21:00:34+00:00\",\"breadcrumb\":{\"@id\":\"https:\\\/\\\/transamerica93.com.br\\\/home\\\/universo-musical-de-anitta-vira-tema-de-exposicao-no-museu-da-lingua-portuguesa\\\/#breadcrumb\"},\"inLanguage\":\"pt-BR\",\"potentialAction\":[{\"@type\":\"ReadAction\",\"target\":[\"https:\\\/\\\/transamerica93.com.br\\\/home\\\/universo-musical-de-anitta-vira-tema-de-exposicao-no-museu-da-lingua-portuguesa\\\/\"]}]},{\"@type\":\"ImageObject\",\"inLanguage\":\"pt-BR\",\"@id\":\"https:\\\/\\\/transamerica93.com.br\\\/home\\\/universo-musical-de-anitta-vira-tema-de-exposicao-no-museu-da-lingua-portuguesa\\\/#primaryimage\",\"url\":\"https:\\\/\\\/transamerica93.com.br\\\/home\\\/wp-content\\\/uploads\\\/2023\\\/10\\\/anitta.jpg\",\"contentUrl\":\"https:\\\/\\\/transamerica93.com.br\\\/home\\\/wp-content\\\/uploads\\\/2023\\\/10\\\/anitta.jpg\",\"width\":800,\"height\":500},{\"@type\":\"BreadcrumbList\",\"@id\":\"https:\\\/\\\/transamerica93.com.br\\\/home\\\/universo-musical-de-anitta-vira-tema-de-exposicao-no-museu-da-lingua-portuguesa\\\/#breadcrumb\",\"itemListElement\":[{\"@type\":\"ListItem\",\"position\":1,\"name\":\"In\u00edcio\",\"item\":\"https:\\\/\\\/transamerica93.com.br\\\/home\\\/\"},{\"@type\":\"ListItem\",\"position\":2,\"name\":\"Universo musical de Anitta vira tema de exposi\u00e7\u00e3o no Museu da L\u00edngua Portuguesa\"}]},{\"@type\":\"WebSite\",\"@id\":\"https:\\\/\\\/transamerica93.com.br\\\/home\\\/#website\",\"url\":\"https:\\\/\\\/transamerica93.com.br\\\/home\\\/\",\"name\":\"Transam\u00e9rica Mococa 93,3\",\"description\":\"\",\"publisher\":{\"@id\":\"https:\\\/\\\/transamerica93.com.br\\\/home\\\/#organization\"},\"potentialAction\":[{\"@type\":\"SearchAction\",\"target\":{\"@type\":\"EntryPoint\",\"urlTemplate\":\"https:\\\/\\\/transamerica93.com.br\\\/home\\\/?s={search_term_string}\"},\"query-input\":{\"@type\":\"PropertyValueSpecification\",\"valueRequired\":true,\"valueName\":\"search_term_string\"}}],\"inLanguage\":\"pt-BR\"},{\"@type\":\"Organization\",\"@id\":\"https:\\\/\\\/transamerica93.com.br\\\/home\\\/#organization\",\"name\":\"Transam\u00e9rica Mococa 93,3\",\"url\":\"https:\\\/\\\/transamerica93.com.br\\\/home\\\/\",\"logo\":{\"@type\":\"ImageObject\",\"inLanguage\":\"pt-BR\",\"@id\":\"https:\\\/\\\/transamerica93.com.br\\\/home\\\/#\\\/schema\\\/logo\\\/image\\\/\",\"url\":\"https:\\\/\\\/transamerica93.com.br\\\/home\\\/wp-content\\\/uploads\\\/2023\\\/10\\\/logo2.png\",\"contentUrl\":\"https:\\\/\\\/transamerica93.com.br\\\/home\\\/wp-content\\\/uploads\\\/2023\\\/10\\\/logo2.png\",\"width\":800,\"height\":500,\"caption\":\"Transam\u00e9rica Mococa 93,3\"},\"image\":{\"@id\":\"https:\\\/\\\/transamerica93.com.br\\\/home\\\/#\\\/schema\\\/logo\\\/image\\\/\"},\"sameAs\":[\"https:\\\/\\\/www.facebook.com\\\/transamericamococa\",\"https:\\\/\\\/x.com\\\/transamerica933\",\"https:\\\/\\\/www.instagram.com\\\/transamericamococa\"]},{\"@type\":\"Person\",\"@id\":\"https:\\\/\\\/transamerica93.com.br\\\/home\\\/#\\\/schema\\\/person\\\/7fed7c99c0d4562efa8561bc0f543172\",\"name\":\"Reda\u00e7\u00e3o\",\"image\":{\"@type\":\"ImageObject\",\"inLanguage\":\"pt-BR\",\"@id\":\"https:\\\/\\\/secure.gravatar.com\\\/avatar\\\/1072c6b775fb02ef8506ce967551d95926669a6b7d2c2147b42eea4d7c68395e?s=96&d=mm&r=g\",\"url\":\"https:\\\/\\\/secure.gravatar.com\\\/avatar\\\/1072c6b775fb02ef8506ce967551d95926669a6b7d2c2147b42eea4d7c68395e?s=96&d=mm&r=g\",\"contentUrl\":\"https:\\\/\\\/secure.gravatar.com\\\/avatar\\\/1072c6b775fb02ef8506ce967551d95926669a6b7d2c2147b42eea4d7c68395e?s=96&d=mm&r=g\",\"caption\":\"Reda\u00e7\u00e3o\"},\"sameAs\":[\"https:\\\/\\\/transamerica93.com.br\\\/home\"],\"url\":\"https:\\\/\\\/transamerica93.com.br\\\/home\\\/author\\\/william\\\/\"}]}<\/script>\n<!-- \/ Yoast SEO plugin. -->","yoast_head_json":{"title":"Universo musical de Anitta vira tema de exposi\u00e7\u00e3o no Museu da L\u00edngua Portuguesa - Transam\u00e9rica Mococa 93,3","robots":{"index":"index","follow":"follow","max-snippet":"max-snippet:-1","max-image-preview":"max-image-preview:large","max-video-preview":"max-video-preview:-1"},"canonical":"https:\/\/transamerica93.com.br\/home\/universo-musical-de-anitta-vira-tema-de-exposicao-no-museu-da-lingua-portuguesa\/","og_locale":"pt_BR","og_type":"article","og_title":"Universo musical de Anitta vira tema de exposi\u00e7\u00e3o no Museu da L\u00edngua Portuguesa - Transam\u00e9rica Mococa 93,3","og_description":"Por Valentina Rosa Anitta acaba de se tornar tema de uma exposi\u00e7\u00e3o no Museu na L\u00edngua Portuguesa.\u00a0Do You Speak Anitta?\u00a0(ou na tradu\u00e7\u00e3o Voc\u00ea \u00e9 Fluente em Anitta?), exibir\u00e1 o universo musical e toda a diversidade lingu\u00edstica da cantora. A mostra, que foi inaugurada nesta ter\u00e7a-feira, 28, no museu, localizado na Luz, regi\u00e3o central de S\u00e3o &hellip;","og_url":"https:\/\/transamerica93.com.br\/home\/universo-musical-de-anitta-vira-tema-de-exposicao-no-museu-da-lingua-portuguesa\/","og_site_name":"Transam\u00e9rica Mococa 93,3","article_publisher":"https:\/\/www.facebook.com\/transamericamococa","article_published_time":"2024-05-31T21:00:34+00:00","og_image":[{"width":800,"height":500,"url":"https:\/\/transamerica93.com.br\/home\/wp-content\/uploads\/2023\/10\/anitta.jpg","type":"image\/jpeg"}],"author":"Reda\u00e7\u00e3o","twitter_card":"summary_large_image","twitter_creator":"@transamerica933","twitter_site":"@transamerica933","twitter_misc":{"Escrito por":"Reda\u00e7\u00e3o","Est. tempo de leitura":"2 minutos"},"schema":{"@context":"https:\/\/schema.org","@graph":[{"@type":"Article","@id":"https:\/\/transamerica93.com.br\/home\/universo-musical-de-anitta-vira-tema-de-exposicao-no-museu-da-lingua-portuguesa\/#article","isPartOf":{"@id":"https:\/\/transamerica93.com.br\/home\/universo-musical-de-anitta-vira-tema-de-exposicao-no-museu-da-lingua-portuguesa\/"},"author":{"name":"Reda\u00e7\u00e3o","@id":"https:\/\/transamerica93.com.br\/home\/#\/schema\/person\/7fed7c99c0d4562efa8561bc0f543172"},"headline":"Universo musical de Anitta vira tema de exposi\u00e7\u00e3o no Museu da L\u00edngua Portuguesa","datePublished":"2024-05-31T21:00:34+00:00","mainEntityOfPage":{"@id":"https:\/\/transamerica93.com.br\/home\/universo-musical-de-anitta-vira-tema-de-exposicao-no-museu-da-lingua-portuguesa\/"},"wordCount":265,"publisher":{"@id":"https:\/\/transamerica93.com.br\/home\/#organization"},"image":{"@id":"https:\/\/transamerica93.com.br\/home\/universo-musical-de-anitta-vira-tema-de-exposicao-no-museu-da-lingua-portuguesa\/#primaryimage"},"thumbnailUrl":"https:\/\/transamerica93.com.br\/home\/wp-content\/uploads\/2023\/10\/anitta.jpg","articleSection":["Entretenimento"],"inLanguage":"pt-BR"},{"@type":"WebPage","@id":"https:\/\/transamerica93.com.br\/home\/universo-musical-de-anitta-vira-tema-de-exposicao-no-museu-da-lingua-portuguesa\/","url":"https:\/\/transamerica93.com.br\/home\/universo-musical-de-anitta-vira-tema-de-exposicao-no-museu-da-lingua-portuguesa\/","name":"Universo musical de Anitta vira tema de exposi\u00e7\u00e3o no Museu da L\u00edngua Portuguesa - Transam\u00e9rica Mococa 93,3","isPartOf":{"@id":"https:\/\/transamerica93.com.br\/home\/#website"},"primaryImageOfPage":{"@id":"https:\/\/transamerica93.com.br\/home\/universo-musical-de-anitta-vira-tema-de-exposicao-no-museu-da-lingua-portuguesa\/#primaryimage"},"image":{"@id":"https:\/\/transamerica93.com.br\/home\/universo-musical-de-anitta-vira-tema-de-exposicao-no-museu-da-lingua-portuguesa\/#primaryimage"},"thumbnailUrl":"https:\/\/transamerica93.com.br\/home\/wp-content\/uploads\/2023\/10\/anitta.jpg","datePublished":"2024-05-31T21:00:34+00:00","breadcrumb":{"@id":"https:\/\/transamerica93.com.br\/home\/universo-musical-de-anitta-vira-tema-de-exposicao-no-museu-da-lingua-portuguesa\/#breadcrumb"},"inLanguage":"pt-BR","potentialAction":[{"@type":"ReadAction","target":["https:\/\/transamerica93.com.br\/home\/universo-musical-de-anitta-vira-tema-de-exposicao-no-museu-da-lingua-portuguesa\/"]}]},{"@type":"ImageObject","inLanguage":"pt-BR","@id":"https:\/\/transamerica93.com.br\/home\/universo-musical-de-anitta-vira-tema-de-exposicao-no-museu-da-lingua-portuguesa\/#primaryimage","url":"https:\/\/transamerica93.com.br\/home\/wp-content\/uploads\/2023\/10\/anitta.jpg","contentUrl":"https:\/\/transamerica93.com.br\/home\/wp-content\/uploads\/2023\/10\/anitta.jpg","width":800,"height":500},{"@type":"BreadcrumbList","@id":"https:\/\/transamerica93.com.br\/home\/universo-musical-de-anitta-vira-tema-de-exposicao-no-museu-da-lingua-portuguesa\/#breadcrumb","itemListElement":[{"@type":"ListItem","position":1,"name":"In\u00edcio","item":"https:\/\/transamerica93.com.br\/home\/"},{"@type":"ListItem","position":2,"name":"Universo musical de Anitta vira tema de exposi\u00e7\u00e3o no Museu da L\u00edngua Portuguesa"}]},{"@type":"WebSite","@id":"https:\/\/transamerica93.com.br\/home\/#website","url":"https:\/\/transamerica93.com.br\/home\/","name":"Transam\u00e9rica Mococa 93,3","description":"","publisher":{"@id":"https:\/\/transamerica93.com.br\/home\/#organization"},"potentialAction":[{"@type":"SearchAction","target":{"@type":"EntryPoint","urlTemplate":"https:\/\/transamerica93.com.br\/home\/?s={search_term_string}"},"query-input":{"@type":"PropertyValueSpecification","valueRequired":true,"valueName":"search_term_string"}}],"inLanguage":"pt-BR"},{"@type":"Organization","@id":"https:\/\/transamerica93.com.br\/home\/#organization","name":"Transam\u00e9rica Mococa 93,3","url":"https:\/\/transamerica93.com.br\/home\/","logo":{"@type":"ImageObject","inLanguage":"pt-BR","@id":"https:\/\/transamerica93.com.br\/home\/#\/schema\/logo\/image\/","url":"https:\/\/transamerica93.com.br\/home\/wp-content\/uploads\/2023\/10\/logo2.png","contentUrl":"https:\/\/transamerica93.com.br\/home\/wp-content\/uploads\/2023\/10\/logo2.png","width":800,"height":500,"caption":"Transam\u00e9rica Mococa 93,3"},"image":{"@id":"https:\/\/transamerica93.com.br\/home\/#\/schema\/logo\/image\/"},"sameAs":["https:\/\/www.facebook.com\/transamericamococa","https:\/\/x.com\/transamerica933","https:\/\/www.instagram.com\/transamericamococa"]},{"@type":"Person","@id":"https:\/\/transamerica93.com.br\/home\/#\/schema\/person\/7fed7c99c0d4562efa8561bc0f543172","name":"Reda\u00e7\u00e3o","image":{"@type":"ImageObject","inLanguage":"pt-BR","@id":"https:\/\/secure.gravatar.com\/avatar\/1072c6b775fb02ef8506ce967551d95926669a6b7d2c2147b42eea4d7c68395e?s=96&d=mm&r=g","url":"https:\/\/secure.gravatar.com\/avatar\/1072c6b775fb02ef8506ce967551d95926669a6b7d2c2147b42eea4d7c68395e?s=96&d=mm&r=g","contentUrl":"https:\/\/secure.gravatar.com\/avatar\/1072c6b775fb02ef8506ce967551d95926669a6b7d2c2147b42eea4d7c68395e?s=96&d=mm&r=g","caption":"Reda\u00e7\u00e3o"},"sameAs":["https:\/\/transamerica93.com.br\/home"],"url":"https:\/\/transamerica93.com.br\/home\/author\/william\/"}]}},"_links":{"self":[{"href":"https:\/\/transamerica93.com.br\/home\/wp-json\/wp\/v2\/posts\/3237","targetHints":{"allow":["GET"]}}],"collection":[{"href":"https:\/\/transamerica93.com.br\/home\/wp-json\/wp\/v2\/posts"}],"about":[{"href":"https:\/\/transamerica93.com.br\/home\/wp-json\/wp\/v2\/types\/post"}],"author":[{"embeddable":true,"href":"https:\/\/transamerica93.com.br\/home\/wp-json\/wp\/v2\/users\/1"}],"replies":[{"embeddable":true,"href":"https:\/\/transamerica93.com.br\/home\/wp-json\/wp\/v2\/comments?post=3237"}],"version-history":[{"count":1,"href":"https:\/\/transamerica93.com.br\/home\/wp-json\/wp\/v2\/posts\/3237\/revisions"}],"predecessor-version":[{"id":3238,"href":"https:\/\/transamerica93.com.br\/home\/wp-json\/wp\/v2\/posts\/3237\/revisions\/3238"}],"wp:featuredmedia":[{"embeddable":true,"href":"https:\/\/transamerica93.com.br\/home\/wp-json\/wp\/v2\/media\/1062"}],"wp:attachment":[{"href":"https:\/\/transamerica93.com.br\/home\/wp-json\/wp\/v2\/media?parent=3237"}],"wp:term":[{"taxonomy":"category","embeddable":true,"href":"https:\/\/transamerica93.com.br\/home\/wp-json\/wp\/v2\/categories?post=3237"},{"taxonomy":"post_tag","embeddable":true,"href":"https:\/\/transamerica93.com.br\/home\/wp-json\/wp\/v2\/tags?post=3237"}],"curies":[{"name":"wp","href":"https:\/\/api.w.org\/{rel}","templated":true}]}}