{"id":3239,"date":"2024-06-03T09:00:18","date_gmt":"2024-06-03T12:00:18","guid":{"rendered":"https:\/\/transamerica93.com.br\/home\/?p=3239"},"modified":"2024-05-31T02:28:34","modified_gmt":"2024-05-31T05:28:34","slug":"cerca-de-64-mi-de-contribuintes-ainda-nao-entregaram-declaracao-do-ir","status":"publish","type":"post","link":"https:\/\/transamerica93.com.br\/home\/cerca-de-64-mi-de-contribuintes-ainda-nao-entregaram-declaracao-do-ir\/","title":{"rendered":"Cerca de 6,4 mi de contribuintes ainda n\u00e3o entregaram declara\u00e7\u00e3o do IR"},"content":{"rendered":"<div class=\"post-item-wrap\">\n<p>A dois dias do fim do prazo de entrega da Declara\u00e7\u00e3o do Imposto de Renda Pessoa F\u00edsica, pouco mais de 6,43 milh\u00f5es de brasileiros ainda n\u00e3o acertaram as contas com o Le\u00e3o. At\u00e9 as 17h46 desta segunda-feira (27), a Receita Federal recebeu 36.610.161 declara\u00e7\u00f5es. Isso equivale a 85,14% das 43 milh\u00f5es de declara\u00e7\u00f5es esperadas para este ano.<\/p>\n<p>O\u00a0<a href=\"https:\/\/agenciabrasil.ebc.com.br\/economia\/noticia\/2024-03\/prazo-de-entrega-da-declaracao-do-imposto-de-renda-comeca-nesta-sexta\" target=\"_blank\" rel=\"noopener\">prazo de entrega da declara\u00e7\u00e3o<\/a>\u00a0come\u00e7ou \u00e0s 8h de 15 de mar\u00e7o e vai at\u00e9 as 23h59min59s de 31 de maio. O novo intervalo, segundo a Receita, foi necess\u00e1rio para que todos os contribuintes tenham acesso \u00e0 declara\u00e7\u00e3o pr\u00e9-preenchida, que \u00e9 enviada duas semanas ap\u00f3s a entrega dos informes de rendimentos pelos empregadores, pelos planos de sa\u00fade e pelas institui\u00e7\u00f5es financeiras.<\/p>\n<p>Segundo a Receita Federal, 63,3% das declara\u00e7\u00f5es entregues at\u00e9 agora ter\u00e3o direito a receber restitui\u00e7\u00e3o, enquanto 19,8% ter\u00e3o que pagar Imposto de Renda e 16,8% n\u00e3o t\u00eam imposto a pagar nem a receber. A maioria dos documentos foi preenchida a partir do programa de computador (82,1%), mas 10,6% dos contribuintes recorrem ao preenchimento\u00a0<em>online<\/em>, que deixa o rascunho da declara\u00e7\u00e3o salvo nos computadores do Fisco (nuvem da Receita), e 7,3% declaram pelo aplicativo Meu Imposto de Renda.<\/p>\n<p>Um total de 40,4% dos contribuintes que entregaram o documento \u00e0 Receita Federal usaram a declara\u00e7\u00e3o pr\u00e9-preenchida, por meio da qual o declarante baixa uma vers\u00e3o preliminar do documento, bastando confirmar as informa\u00e7\u00f5es ou retificar os dados. A op\u00e7\u00e3o de desconto simplificado representa 56,9% dos envios.<\/p>\n<p>Quem declarou mais cedo e entrou nas listas de prioridades est\u00e1 perto de receber o primeiro lote de restitui\u00e7\u00e3o. Na pr\u00f3xima sexta-feira (31), o Fisco pagar\u00e1 R$ 9,5 bilh\u00f5es a 5.562.065 contribuintes. A consulta pode ser feita desde as 10h da \u00faltima quinta-feira.<\/p>\n<h2>Novo prazo<\/h2>\n<p>At\u00e9 2019, o prazo de entrega da declara\u00e7\u00e3o come\u00e7ava no primeiro dia \u00fatil de mar\u00e7o e ia at\u00e9 o \u00faltimo dia \u00fatil de abril. A partir da pandemia de covid-19, a entrega passou a ocorrer entre mar\u00e7o e ia at\u00e9 31 de maio. Desde 2023, passou a vigorar o prazo mais tardio, com o in\u00edcio do envio em 15 de mar\u00e7o, o que d\u00e1 mais tempo aos contribuintes para prepararem a declara\u00e7\u00e3o desde o fim de fevereiro, quando chegam os informes de rendimentos.<\/p>\n<p>Segundo a Receita Federal, a expectativa \u00e9 que sejam recebidas 43 milh\u00f5es de declara\u00e7\u00f5es neste ano, n\u00famero superior ao recorde do ano passado, quando o Fisco recebeu 41.151.515 documentos. Quem enviar a declara\u00e7\u00e3o depois do prazo pagar\u00e1 multa de R$ 165,74 ou 20% do imposto devido, prevalecendo o maior valor.<\/p>\n<h2>Novidades<\/h2>\n<p>Neste ano, a declara\u00e7\u00e3o teve algumas mudan\u00e7as, das quais a principal \u00e9 o aumento do limite de rendimentos que obriga o envio do documento por causa da mudan\u00e7a na faixa de isen\u00e7\u00e3o. O limite de rendimentos tribut\u00e1veis que obriga o contribuinte a declarar subiu de R$ 28.559,70 para R$ 30.639,90.<\/p>\n<p>Em maio do ano passado, o governo elevou a faixa de\u00a0<a href=\"https:\/\/agenciabrasil.ebc.com.br\/economia\/noticia\/2023-05\/mp-eleva-isencao-de-ir-para-r-2640-e-taxa-rendimentos-no-exterior\" target=\"_blank\" rel=\"noopener\">isen\u00e7\u00e3o para R$ 2.640<\/a>, o equivalente a dois sal\u00e1rios m\u00ednimos na \u00e9poca. A mudan\u00e7a n\u00e3o corrigiu as demais faixas da tabela, apenas elevou o limite at\u00e9 o qual o contribuinte \u00e9 isento.<\/p>\n<p>Mesmo com as faixas superiores da tabela n\u00e3o sendo corrigidas, a mudan\u00e7a ocasionou uma sequ\u00eancia de efeitos em cascata que se refletir\u00e3o sobre a obrigatoriedade da declara\u00e7\u00e3o e os valores de dedu\u00e7\u00e3o. Al\u00e9m disso, a\u00a0<a href=\"https:\/\/www.in.gov.br\/en\/web\/dou\/-\/lei-n-14.663-de-28-de-agosto-de-2023-506043952\" target=\"_blank\" rel=\"noopener\">Lei 14.663\/2023<\/a>\u00a0elevou o limite de rendimentos isentos e n\u00e3o tribut\u00e1veis e de patrim\u00f4nio m\u00ednimo para declarar Imposto de Renda.<\/p>\n<\/div>\n<p class=\"alt-font font-italic my-2 small text-info\">Edi\u00e7\u00e3o: Aline Leal<\/p>\n","protected":false},"excerpt":{"rendered":"<p>A dois dias do fim do prazo de entrega da Declara\u00e7\u00e3o do Imposto de Renda Pessoa F\u00edsica, pouco mais de 6,43 milh\u00f5es de brasileiros ainda n\u00e3o acertaram as contas com o Le\u00e3o. At\u00e9 as 17h46 desta segunda-feira (27), a Receita Federal recebeu 36.610.161 declara\u00e7\u00f5es. Isso equivale a 85,14% das 43 milh\u00f5es de declara\u00e7\u00f5es esperadas para &hellip;<\/p>\n","protected":false},"author":1,"featured_media":3240,"comment_status":"closed","ping_status":"closed","sticky":false,"template":"","format":"standard","meta":{"footnotes":""},"categories":[30],"tags":[],"class_list":["post-3239","post","type-post","status-publish","format-standard","has-post-thumbnail","hentry","category-geral"],"yoast_head":"<!-- This site is optimized with the Yoast SEO plugin v27.4 - https:\/\/yoast.com\/product\/yoast-seo-wordpress\/ -->\n<title>Cerca de 6,4 mi de contribuintes ainda n\u00e3o entregaram declara\u00e7\u00e3o do IR - Transam\u00e9rica Mococa 93,3<\/title>\n<meta name=\"robots\" content=\"index, follow, max-snippet:-1, max-image-preview:large, max-video-preview:-1\" \/>\n<link rel=\"canonical\" href=\"https:\/\/transamerica93.com.br\/home\/cerca-de-64-mi-de-contribuintes-ainda-nao-entregaram-declaracao-do-ir\/\" \/>\n<meta property=\"og:locale\" content=\"pt_BR\" \/>\n<meta property=\"og:type\" content=\"article\" \/>\n<meta property=\"og:title\" content=\"Cerca de 6,4 mi de contribuintes ainda n\u00e3o entregaram declara\u00e7\u00e3o do IR - Transam\u00e9rica Mococa 93,3\" \/>\n<meta property=\"og:description\" content=\"A dois dias do fim do prazo de entrega da Declara\u00e7\u00e3o do Imposto de Renda Pessoa F\u00edsica, pouco mais de 6,43 milh\u00f5es de brasileiros ainda n\u00e3o acertaram as contas com o Le\u00e3o. At\u00e9 as 17h46 desta segunda-feira (27), a Receita Federal recebeu 36.610.161 declara\u00e7\u00f5es. Isso equivale a 85,14% das 43 milh\u00f5es de declara\u00e7\u00f5es esperadas para &hellip;\" \/>\n<meta property=\"og:url\" content=\"https:\/\/transamerica93.com.br\/home\/cerca-de-64-mi-de-contribuintes-ainda-nao-entregaram-declaracao-do-ir\/\" \/>\n<meta property=\"og:site_name\" content=\"Transam\u00e9rica Mococa 93,3\" \/>\n<meta property=\"article:publisher\" content=\"https:\/\/www.facebook.com\/transamericamococa\" \/>\n<meta property=\"article:published_time\" content=\"2024-06-03T12:00:18+00:00\" \/>\n<meta property=\"og:image\" content=\"https:\/\/transamerica93.com.br\/home\/wp-content\/uploads\/2024\/05\/imagem-40.jpg\" \/>\n\t<meta property=\"og:image:width\" content=\"1170\" \/>\n\t<meta property=\"og:image:height\" content=\"700\" \/>\n\t<meta property=\"og:image:type\" content=\"image\/jpeg\" \/>\n<meta name=\"author\" content=\"Reda\u00e7\u00e3o\" \/>\n<meta name=\"twitter:card\" content=\"summary_large_image\" \/>\n<meta name=\"twitter:creator\" content=\"@transamerica933\" \/>\n<meta name=\"twitter:site\" content=\"@transamerica933\" \/>\n<meta name=\"twitter:label1\" content=\"Escrito por\" \/>\n\t<meta name=\"twitter:data1\" content=\"Reda\u00e7\u00e3o\" \/>\n\t<meta name=\"twitter:label2\" content=\"Est. tempo de leitura\" \/>\n\t<meta name=\"twitter:data2\" content=\"4 minutos\" \/>\n<script type=\"application\/ld+json\" class=\"yoast-schema-graph\">{\"@context\":\"https:\\\/\\\/schema.org\",\"@graph\":[{\"@type\":\"Article\",\"@id\":\"https:\\\/\\\/transamerica93.com.br\\\/home\\\/cerca-de-64-mi-de-contribuintes-ainda-nao-entregaram-declaracao-do-ir\\\/#article\",\"isPartOf\":{\"@id\":\"https:\\\/\\\/transamerica93.com.br\\\/home\\\/cerca-de-64-mi-de-contribuintes-ainda-nao-entregaram-declaracao-do-ir\\\/\"},\"author\":{\"name\":\"Reda\u00e7\u00e3o\",\"@id\":\"https:\\\/\\\/transamerica93.com.br\\\/home\\\/#\\\/schema\\\/person\\\/7fed7c99c0d4562efa8561bc0f543172\"},\"headline\":\"Cerca de 6,4 mi de contribuintes ainda n\u00e3o entregaram declara\u00e7\u00e3o do IR\",\"datePublished\":\"2024-06-03T12:00:18+00:00\",\"mainEntityOfPage\":{\"@id\":\"https:\\\/\\\/transamerica93.com.br\\\/home\\\/cerca-de-64-mi-de-contribuintes-ainda-nao-entregaram-declaracao-do-ir\\\/\"},\"wordCount\":616,\"publisher\":{\"@id\":\"https:\\\/\\\/transamerica93.com.br\\\/home\\\/#organization\"},\"image\":{\"@id\":\"https:\\\/\\\/transamerica93.com.br\\\/home\\\/cerca-de-64-mi-de-contribuintes-ainda-nao-entregaram-declaracao-do-ir\\\/#primaryimage\"},\"thumbnailUrl\":\"https:\\\/\\\/transamerica93.com.br\\\/home\\\/wp-content\\\/uploads\\\/2024\\\/05\\\/imagem-40.jpg\",\"articleSection\":[\"Geral\"],\"inLanguage\":\"pt-BR\"},{\"@type\":\"WebPage\",\"@id\":\"https:\\\/\\\/transamerica93.com.br\\\/home\\\/cerca-de-64-mi-de-contribuintes-ainda-nao-entregaram-declaracao-do-ir\\\/\",\"url\":\"https:\\\/\\\/transamerica93.com.br\\\/home\\\/cerca-de-64-mi-de-contribuintes-ainda-nao-entregaram-declaracao-do-ir\\\/\",\"name\":\"Cerca de 6,4 mi de contribuintes ainda n\u00e3o entregaram declara\u00e7\u00e3o do IR - Transam\u00e9rica Mococa 93,3\",\"isPartOf\":{\"@id\":\"https:\\\/\\\/transamerica93.com.br\\\/home\\\/#website\"},\"primaryImageOfPage\":{\"@id\":\"https:\\\/\\\/transamerica93.com.br\\\/home\\\/cerca-de-64-mi-de-contribuintes-ainda-nao-entregaram-declaracao-do-ir\\\/#primaryimage\"},\"image\":{\"@id\":\"https:\\\/\\\/transamerica93.com.br\\\/home\\\/cerca-de-64-mi-de-contribuintes-ainda-nao-entregaram-declaracao-do-ir\\\/#primaryimage\"},\"thumbnailUrl\":\"https:\\\/\\\/transamerica93.com.br\\\/home\\\/wp-content\\\/uploads\\\/2024\\\/05\\\/imagem-40.jpg\",\"datePublished\":\"2024-06-03T12:00:18+00:00\",\"breadcrumb\":{\"@id\":\"https:\\\/\\\/transamerica93.com.br\\\/home\\\/cerca-de-64-mi-de-contribuintes-ainda-nao-entregaram-declaracao-do-ir\\\/#breadcrumb\"},\"inLanguage\":\"pt-BR\",\"potentialAction\":[{\"@type\":\"ReadAction\",\"target\":[\"https:\\\/\\\/transamerica93.com.br\\\/home\\\/cerca-de-64-mi-de-contribuintes-ainda-nao-entregaram-declaracao-do-ir\\\/\"]}]},{\"@type\":\"ImageObject\",\"inLanguage\":\"pt-BR\",\"@id\":\"https:\\\/\\\/transamerica93.com.br\\\/home\\\/cerca-de-64-mi-de-contribuintes-ainda-nao-entregaram-declaracao-do-ir\\\/#primaryimage\",\"url\":\"https:\\\/\\\/transamerica93.com.br\\\/home\\\/wp-content\\\/uploads\\\/2024\\\/05\\\/imagem-40.jpg\",\"contentUrl\":\"https:\\\/\\\/transamerica93.com.br\\\/home\\\/wp-content\\\/uploads\\\/2024\\\/05\\\/imagem-40.jpg\",\"width\":1170,\"height\":700,\"caption\":\"\u00a9 Juca Varella\\\/Ag\u00eancia Brasil\"},{\"@type\":\"BreadcrumbList\",\"@id\":\"https:\\\/\\\/transamerica93.com.br\\\/home\\\/cerca-de-64-mi-de-contribuintes-ainda-nao-entregaram-declaracao-do-ir\\\/#breadcrumb\",\"itemListElement\":[{\"@type\":\"ListItem\",\"position\":1,\"name\":\"In\u00edcio\",\"item\":\"https:\\\/\\\/transamerica93.com.br\\\/home\\\/\"},{\"@type\":\"ListItem\",\"position\":2,\"name\":\"Cerca de 6,4 mi de contribuintes ainda n\u00e3o entregaram declara\u00e7\u00e3o do IR\"}]},{\"@type\":\"WebSite\",\"@id\":\"https:\\\/\\\/transamerica93.com.br\\\/home\\\/#website\",\"url\":\"https:\\\/\\\/transamerica93.com.br\\\/home\\\/\",\"name\":\"Transam\u00e9rica Mococa 93,3\",\"description\":\"\",\"publisher\":{\"@id\":\"https:\\\/\\\/transamerica93.com.br\\\/home\\\/#organization\"},\"potentialAction\":[{\"@type\":\"SearchAction\",\"target\":{\"@type\":\"EntryPoint\",\"urlTemplate\":\"https:\\\/\\\/transamerica93.com.br\\\/home\\\/?s={search_term_string}\"},\"query-input\":{\"@type\":\"PropertyValueSpecification\",\"valueRequired\":true,\"valueName\":\"search_term_string\"}}],\"inLanguage\":\"pt-BR\"},{\"@type\":\"Organization\",\"@id\":\"https:\\\/\\\/transamerica93.com.br\\\/home\\\/#organization\",\"name\":\"Transam\u00e9rica Mococa 93,3\",\"url\":\"https:\\\/\\\/transamerica93.com.br\\\/home\\\/\",\"logo\":{\"@type\":\"ImageObject\",\"inLanguage\":\"pt-BR\",\"@id\":\"https:\\\/\\\/transamerica93.com.br\\\/home\\\/#\\\/schema\\\/logo\\\/image\\\/\",\"url\":\"https:\\\/\\\/transamerica93.com.br\\\/home\\\/wp-content\\\/uploads\\\/2023\\\/10\\\/logo2.png\",\"contentUrl\":\"https:\\\/\\\/transamerica93.com.br\\\/home\\\/wp-content\\\/uploads\\\/2023\\\/10\\\/logo2.png\",\"width\":800,\"height\":500,\"caption\":\"Transam\u00e9rica Mococa 93,3\"},\"image\":{\"@id\":\"https:\\\/\\\/transamerica93.com.br\\\/home\\\/#\\\/schema\\\/logo\\\/image\\\/\"},\"sameAs\":[\"https:\\\/\\\/www.facebook.com\\\/transamericamococa\",\"https:\\\/\\\/x.com\\\/transamerica933\",\"https:\\\/\\\/www.instagram.com\\\/transamericamococa\"]},{\"@type\":\"Person\",\"@id\":\"https:\\\/\\\/transamerica93.com.br\\\/home\\\/#\\\/schema\\\/person\\\/7fed7c99c0d4562efa8561bc0f543172\",\"name\":\"Reda\u00e7\u00e3o\",\"image\":{\"@type\":\"ImageObject\",\"inLanguage\":\"pt-BR\",\"@id\":\"https:\\\/\\\/secure.gravatar.com\\\/avatar\\\/1072c6b775fb02ef8506ce967551d95926669a6b7d2c2147b42eea4d7c68395e?s=96&d=mm&r=g\",\"url\":\"https:\\\/\\\/secure.gravatar.com\\\/avatar\\\/1072c6b775fb02ef8506ce967551d95926669a6b7d2c2147b42eea4d7c68395e?s=96&d=mm&r=g\",\"contentUrl\":\"https:\\\/\\\/secure.gravatar.com\\\/avatar\\\/1072c6b775fb02ef8506ce967551d95926669a6b7d2c2147b42eea4d7c68395e?s=96&d=mm&r=g\",\"caption\":\"Reda\u00e7\u00e3o\"},\"sameAs\":[\"https:\\\/\\\/transamerica93.com.br\\\/home\"],\"url\":\"https:\\\/\\\/transamerica93.com.br\\\/home\\\/author\\\/william\\\/\"}]}<\/script>\n<!-- \/ Yoast SEO plugin. -->","yoast_head_json":{"title":"Cerca de 6,4 mi de contribuintes ainda n\u00e3o entregaram declara\u00e7\u00e3o do IR - Transam\u00e9rica Mococa 93,3","robots":{"index":"index","follow":"follow","max-snippet":"max-snippet:-1","max-image-preview":"max-image-preview:large","max-video-preview":"max-video-preview:-1"},"canonical":"https:\/\/transamerica93.com.br\/home\/cerca-de-64-mi-de-contribuintes-ainda-nao-entregaram-declaracao-do-ir\/","og_locale":"pt_BR","og_type":"article","og_title":"Cerca de 6,4 mi de contribuintes ainda n\u00e3o entregaram declara\u00e7\u00e3o do IR - Transam\u00e9rica Mococa 93,3","og_description":"A dois dias do fim do prazo de entrega da Declara\u00e7\u00e3o do Imposto de Renda Pessoa F\u00edsica, pouco mais de 6,43 milh\u00f5es de brasileiros ainda n\u00e3o acertaram as contas com o Le\u00e3o. At\u00e9 as 17h46 desta segunda-feira (27), a Receita Federal recebeu 36.610.161 declara\u00e7\u00f5es. Isso equivale a 85,14% das 43 milh\u00f5es de declara\u00e7\u00f5es esperadas para &hellip;","og_url":"https:\/\/transamerica93.com.br\/home\/cerca-de-64-mi-de-contribuintes-ainda-nao-entregaram-declaracao-do-ir\/","og_site_name":"Transam\u00e9rica Mococa 93,3","article_publisher":"https:\/\/www.facebook.com\/transamericamococa","article_published_time":"2024-06-03T12:00:18+00:00","og_image":[{"width":1170,"height":700,"url":"https:\/\/transamerica93.com.br\/home\/wp-content\/uploads\/2024\/05\/imagem-40.jpg","type":"image\/jpeg"}],"author":"Reda\u00e7\u00e3o","twitter_card":"summary_large_image","twitter_creator":"@transamerica933","twitter_site":"@transamerica933","twitter_misc":{"Escrito por":"Reda\u00e7\u00e3o","Est. tempo de leitura":"4 minutos"},"schema":{"@context":"https:\/\/schema.org","@graph":[{"@type":"Article","@id":"https:\/\/transamerica93.com.br\/home\/cerca-de-64-mi-de-contribuintes-ainda-nao-entregaram-declaracao-do-ir\/#article","isPartOf":{"@id":"https:\/\/transamerica93.com.br\/home\/cerca-de-64-mi-de-contribuintes-ainda-nao-entregaram-declaracao-do-ir\/"},"author":{"name":"Reda\u00e7\u00e3o","@id":"https:\/\/transamerica93.com.br\/home\/#\/schema\/person\/7fed7c99c0d4562efa8561bc0f543172"},"headline":"Cerca de 6,4 mi de contribuintes ainda n\u00e3o entregaram declara\u00e7\u00e3o do IR","datePublished":"2024-06-03T12:00:18+00:00","mainEntityOfPage":{"@id":"https:\/\/transamerica93.com.br\/home\/cerca-de-64-mi-de-contribuintes-ainda-nao-entregaram-declaracao-do-ir\/"},"wordCount":616,"publisher":{"@id":"https:\/\/transamerica93.com.br\/home\/#organization"},"image":{"@id":"https:\/\/transamerica93.com.br\/home\/cerca-de-64-mi-de-contribuintes-ainda-nao-entregaram-declaracao-do-ir\/#primaryimage"},"thumbnailUrl":"https:\/\/transamerica93.com.br\/home\/wp-content\/uploads\/2024\/05\/imagem-40.jpg","articleSection":["Geral"],"inLanguage":"pt-BR"},{"@type":"WebPage","@id":"https:\/\/transamerica93.com.br\/home\/cerca-de-64-mi-de-contribuintes-ainda-nao-entregaram-declaracao-do-ir\/","url":"https:\/\/transamerica93.com.br\/home\/cerca-de-64-mi-de-contribuintes-ainda-nao-entregaram-declaracao-do-ir\/","name":"Cerca de 6,4 mi de contribuintes ainda n\u00e3o entregaram declara\u00e7\u00e3o do IR - Transam\u00e9rica Mococa 93,3","isPartOf":{"@id":"https:\/\/transamerica93.com.br\/home\/#website"},"primaryImageOfPage":{"@id":"https:\/\/transamerica93.com.br\/home\/cerca-de-64-mi-de-contribuintes-ainda-nao-entregaram-declaracao-do-ir\/#primaryimage"},"image":{"@id":"https:\/\/transamerica93.com.br\/home\/cerca-de-64-mi-de-contribuintes-ainda-nao-entregaram-declaracao-do-ir\/#primaryimage"},"thumbnailUrl":"https:\/\/transamerica93.com.br\/home\/wp-content\/uploads\/2024\/05\/imagem-40.jpg","datePublished":"2024-06-03T12:00:18+00:00","breadcrumb":{"@id":"https:\/\/transamerica93.com.br\/home\/cerca-de-64-mi-de-contribuintes-ainda-nao-entregaram-declaracao-do-ir\/#breadcrumb"},"inLanguage":"pt-BR","potentialAction":[{"@type":"ReadAction","target":["https:\/\/transamerica93.com.br\/home\/cerca-de-64-mi-de-contribuintes-ainda-nao-entregaram-declaracao-do-ir\/"]}]},{"@type":"ImageObject","inLanguage":"pt-BR","@id":"https:\/\/transamerica93.com.br\/home\/cerca-de-64-mi-de-contribuintes-ainda-nao-entregaram-declaracao-do-ir\/#primaryimage","url":"https:\/\/transamerica93.com.br\/home\/wp-content\/uploads\/2024\/05\/imagem-40.jpg","contentUrl":"https:\/\/transamerica93.com.br\/home\/wp-content\/uploads\/2024\/05\/imagem-40.jpg","width":1170,"height":700,"caption":"\u00a9 Juca Varella\/Ag\u00eancia Brasil"},{"@type":"BreadcrumbList","@id":"https:\/\/transamerica93.com.br\/home\/cerca-de-64-mi-de-contribuintes-ainda-nao-entregaram-declaracao-do-ir\/#breadcrumb","itemListElement":[{"@type":"ListItem","position":1,"name":"In\u00edcio","item":"https:\/\/transamerica93.com.br\/home\/"},{"@type":"ListItem","position":2,"name":"Cerca de 6,4 mi de contribuintes ainda n\u00e3o entregaram declara\u00e7\u00e3o do IR"}]},{"@type":"WebSite","@id":"https:\/\/transamerica93.com.br\/home\/#website","url":"https:\/\/transamerica93.com.br\/home\/","name":"Transam\u00e9rica Mococa 93,3","description":"","publisher":{"@id":"https:\/\/transamerica93.com.br\/home\/#organization"},"potentialAction":[{"@type":"SearchAction","target":{"@type":"EntryPoint","urlTemplate":"https:\/\/transamerica93.com.br\/home\/?s={search_term_string}"},"query-input":{"@type":"PropertyValueSpecification","valueRequired":true,"valueName":"search_term_string"}}],"inLanguage":"pt-BR"},{"@type":"Organization","@id":"https:\/\/transamerica93.com.br\/home\/#organization","name":"Transam\u00e9rica Mococa 93,3","url":"https:\/\/transamerica93.com.br\/home\/","logo":{"@type":"ImageObject","inLanguage":"pt-BR","@id":"https:\/\/transamerica93.com.br\/home\/#\/schema\/logo\/image\/","url":"https:\/\/transamerica93.com.br\/home\/wp-content\/uploads\/2023\/10\/logo2.png","contentUrl":"https:\/\/transamerica93.com.br\/home\/wp-content\/uploads\/2023\/10\/logo2.png","width":800,"height":500,"caption":"Transam\u00e9rica Mococa 93,3"},"image":{"@id":"https:\/\/transamerica93.com.br\/home\/#\/schema\/logo\/image\/"},"sameAs":["https:\/\/www.facebook.com\/transamericamococa","https:\/\/x.com\/transamerica933","https:\/\/www.instagram.com\/transamericamococa"]},{"@type":"Person","@id":"https:\/\/transamerica93.com.br\/home\/#\/schema\/person\/7fed7c99c0d4562efa8561bc0f543172","name":"Reda\u00e7\u00e3o","image":{"@type":"ImageObject","inLanguage":"pt-BR","@id":"https:\/\/secure.gravatar.com\/avatar\/1072c6b775fb02ef8506ce967551d95926669a6b7d2c2147b42eea4d7c68395e?s=96&d=mm&r=g","url":"https:\/\/secure.gravatar.com\/avatar\/1072c6b775fb02ef8506ce967551d95926669a6b7d2c2147b42eea4d7c68395e?s=96&d=mm&r=g","contentUrl":"https:\/\/secure.gravatar.com\/avatar\/1072c6b775fb02ef8506ce967551d95926669a6b7d2c2147b42eea4d7c68395e?s=96&d=mm&r=g","caption":"Reda\u00e7\u00e3o"},"sameAs":["https:\/\/transamerica93.com.br\/home"],"url":"https:\/\/transamerica93.com.br\/home\/author\/william\/"}]}},"_links":{"self":[{"href":"https:\/\/transamerica93.com.br\/home\/wp-json\/wp\/v2\/posts\/3239","targetHints":{"allow":["GET"]}}],"collection":[{"href":"https:\/\/transamerica93.com.br\/home\/wp-json\/wp\/v2\/posts"}],"about":[{"href":"https:\/\/transamerica93.com.br\/home\/wp-json\/wp\/v2\/types\/post"}],"author":[{"embeddable":true,"href":"https:\/\/transamerica93.com.br\/home\/wp-json\/wp\/v2\/users\/1"}],"replies":[{"embeddable":true,"href":"https:\/\/transamerica93.com.br\/home\/wp-json\/wp\/v2\/comments?post=3239"}],"version-history":[{"count":1,"href":"https:\/\/transamerica93.com.br\/home\/wp-json\/wp\/v2\/posts\/3239\/revisions"}],"predecessor-version":[{"id":3241,"href":"https:\/\/transamerica93.com.br\/home\/wp-json\/wp\/v2\/posts\/3239\/revisions\/3241"}],"wp:featuredmedia":[{"embeddable":true,"href":"https:\/\/transamerica93.com.br\/home\/wp-json\/wp\/v2\/media\/3240"}],"wp:attachment":[{"href":"https:\/\/transamerica93.com.br\/home\/wp-json\/wp\/v2\/media?parent=3239"}],"wp:term":[{"taxonomy":"category","embeddable":true,"href":"https:\/\/transamerica93.com.br\/home\/wp-json\/wp\/v2\/categories?post=3239"},{"taxonomy":"post_tag","embeddable":true,"href":"https:\/\/transamerica93.com.br\/home\/wp-json\/wp\/v2\/tags?post=3239"}],"curies":[{"name":"wp","href":"https:\/\/api.w.org\/{rel}","templated":true}]}}