{"id":3251,"date":"2024-06-07T09:00:37","date_gmt":"2024-06-07T12:00:37","guid":{"rendered":"https:\/\/transamerica93.com.br\/home\/?p=3251"},"modified":"2024-05-31T02:33:31","modified_gmt":"2024-05-31T05:33:31","slug":"saude-lanca-campanha-de-prevencao-ao-uso-de-cigarros-eletronicos","status":"publish","type":"post","link":"https:\/\/transamerica93.com.br\/home\/saude-lanca-campanha-de-prevencao-ao-uso-de-cigarros-eletronicos\/","title":{"rendered":"Sa\u00fade lan\u00e7a campanha de preven\u00e7\u00e3o ao uso de cigarros eletr\u00f4nicos"},"content":{"rendered":"<div class=\"post-item-wrap\">\n<p>O Minist\u00e9rio da Sa\u00fade e o Instituto Nacional de C\u00e2ncer (Inca) lan\u00e7aram a campanha de preven\u00e7\u00e3o ao uso de cigarros eletr\u00f4nicos. \u201cDe acordo com a Organiza\u00e7\u00e3o Mundial da Sa\u00fade (OMS), novos produtos, como os cigarros eletr\u00f4nicos, e informa\u00e7\u00f5es enganosas da ind\u00fastria do tabaco s\u00e3o uma amea\u00e7a, levando a uma inicia\u00e7\u00e3o ao tabagismo cada vez mais precoce\u201d, destacou a pasta em nota.<\/p>\n<p>Dados apresentados pelo minist\u00e9rio indicam que crian\u00e7as e adolescentes que usam cigarros eletr\u00f4nicos t\u00eam pelo menos duas vezes mais probabilidade de fumar cigarros mais tarde na vida. O mote da campanha \u00e9 o Dia Mundial Sem Tabaco 2024, lembrado nesta sexta-feira (31) e que, este ano, tem como tema Prote\u00e7\u00e3o das crian\u00e7as contra a interfer\u00eancia da ind\u00fastria do tabaco.<\/p>\n<p>\u201cPor meio de\u00a0linguagem jovem, a campanha visa a promover uma mudan\u00e7a de comportamento, al\u00e9m de proteger as novas gera\u00e7\u00f5es dos perigos do uso do tabaco, alertando sobre as t\u00e1ticas da ind\u00fastria para atrair crian\u00e7as e adolescentes, com interesse em garantir e ampliar seu mercado consumidor.\u201d<\/p>\n<h2>N\u00fameros<\/h2>\n<p>Dados da \u00faltima Pesquisa Nacional de Sa\u00fade do Escolar (PeNSE) revelam que, em 2019, 16,8% dos estudantes no Brasil com idade entre 13 e 17 anos j\u00e1 haviam experimentado o cigarro eletr\u00f4nico, sendo 13,6% com idade de 13 a 15 anos e 22,7% com 16 e 17 anos. Quanto ao sexo, a experimenta\u00e7\u00e3o \u00e9 maior entre os homens (18,1%) do que entre as mulheres (14,6%).<\/p>\n<p>A varia\u00e7\u00e3o regional foi significativa, com maior experimenta\u00e7\u00e3o do cigarro eletr\u00f4nico nas regi\u00f5es Centro-Oeste (23,7%), Sul (21,0%) e Sudeste (18,4%), ficando menor do que a m\u00e9dia nacional o\u00a0Nordeste (10,8%) e o Norte (12,3%).<\/p>\n<p>Houve ainda aumento dos estudantes de 13 a 17 anos que declararam consumo de cigarros nos 30 dias anteriores \u00e0 data da pesquisa, com o percentual passando de 5,6% em 2013 para 6,8% em 2019.<\/p>\n<h2>Preju\u00edzos<\/h2>\n<p>O minist\u00e9rio destaca que os dispositivos eletr\u00f4nicos para fumar (DEFs), que englobam os cigarros eletr\u00f4nicos e outros produtos de tabaco aquecido, t\u00eam\u00a0quantidades vari\u00e1veis de nicotina e outras subst\u00e2ncias t\u00f3xicas, o que faz com que suas emiss\u00f5es sejam prejudiciais tanto para quem faz o uso direto quanto para quem \u00e9 exposto aos aeross\u00f3is.<\/p>\n<p>\u201cMesmo alguns produtos que alegam n\u00e3o conter nicotina podem apresentar a subst\u00e2ncia em sua composi\u00e7\u00e3o e suas emiss\u00f5es s\u00e3o nocivas\u201d, ressaltou a pasta. \u201cA nicotina causa depend\u00eancia e pode afetar negativamente o desenvolvimento cerebral de crian\u00e7as e adolescentes, impactando no aprendizado e na sa\u00fade mental.\u201d<\/p>\n<p>Ainda de acordo com o minist\u00e9rio, o consumo de tabaco \u00e9 considerado importante fator de risco para doen\u00e7as cardiovasculares e respirat\u00f3rias e para mais de 20 tipos ou subtipos diferentes de c\u00e2ncer, al\u00e9m de outras condi\u00e7\u00f5es de sa\u00fade classificadas como \u201cdebilitantes\u201d.<\/p>\n<p>\u201cAlguns estudos recentes sugerem que o uso de DEFs pode aumentar o risco de doen\u00e7as card\u00edacas e dist\u00farbios pulmonares. Al\u00e9m disso, a exposi\u00e7\u00e3o \u00e0 nicotina em mulheres gr\u00e1vidas pode afetar negativamente o desenvolvimento cerebral do feto. J\u00e1 a exposi\u00e7\u00e3o acidental de crian\u00e7as aos l\u00edquidos dos cigarros eletr\u00f4nicos representa s\u00e9rios riscos, pois os dispositivos podem vazar ou as crian\u00e7as podem engolir o l\u00edquido ou as c\u00e1psulas.\u201d<\/p>\n<h2>Anvisa<\/h2>\n<p>Em 2009, a Ag\u00eancia Nacional de Vigil\u00e2ncia Sanit\u00e1ria (Anvisa) publicou resolu\u00e7\u00e3o proibindo a comercializa\u00e7\u00e3o, a fabrica\u00e7\u00e3o e a publicidade de cigarros eletr\u00f4nicos no Brasil. Recentemente, em abril, a diretoria colegiada da ag\u00eancia revisou a legisla\u00e7\u00e3o e proibiu a fabrica\u00e7\u00e3o, a importa\u00e7\u00e3o, a comercializa\u00e7\u00e3o, a distribui\u00e7\u00e3o, o armazenamento, o transporte e a propaganda de dispositivos eletr\u00f4nicos para fumar.<\/p>\n<\/div>\n<p class=\"alt-font font-italic my-2 small text-info\">Edi\u00e7\u00e3o: Gra\u00e7a Adjuto<\/p>\n","protected":false},"excerpt":{"rendered":"<p>O Minist\u00e9rio da Sa\u00fade e o Instituto Nacional de C\u00e2ncer (Inca) lan\u00e7aram a campanha de preven\u00e7\u00e3o ao uso de cigarros eletr\u00f4nicos. \u201cDe acordo com a Organiza\u00e7\u00e3o Mundial da Sa\u00fade (OMS), novos produtos, como os cigarros eletr\u00f4nicos, e informa\u00e7\u00f5es enganosas da ind\u00fastria do tabaco s\u00e3o uma amea\u00e7a, levando a uma inicia\u00e7\u00e3o ao tabagismo cada vez mais &hellip;<\/p>\n","protected":false},"author":1,"featured_media":3252,"comment_status":"closed","ping_status":"closed","sticky":false,"template":"","format":"standard","meta":{"footnotes":""},"categories":[30],"tags":[],"class_list":["post-3251","post","type-post","status-publish","format-standard","has-post-thumbnail","hentry","category-geral"],"yoast_head":"<!-- This site is optimized with the Yoast SEO plugin v27.4 - https:\/\/yoast.com\/product\/yoast-seo-wordpress\/ -->\n<title>Sa\u00fade lan\u00e7a campanha de preven\u00e7\u00e3o ao uso de cigarros eletr\u00f4nicos - Transam\u00e9rica Mococa 93,3<\/title>\n<meta name=\"robots\" content=\"index, follow, max-snippet:-1, max-image-preview:large, max-video-preview:-1\" \/>\n<link rel=\"canonical\" href=\"https:\/\/transamerica93.com.br\/home\/saude-lanca-campanha-de-prevencao-ao-uso-de-cigarros-eletronicos\/\" \/>\n<meta property=\"og:locale\" content=\"pt_BR\" \/>\n<meta property=\"og:type\" content=\"article\" \/>\n<meta property=\"og:title\" content=\"Sa\u00fade lan\u00e7a campanha de preven\u00e7\u00e3o ao uso de cigarros eletr\u00f4nicos - Transam\u00e9rica Mococa 93,3\" \/>\n<meta property=\"og:description\" content=\"O Minist\u00e9rio da Sa\u00fade e o Instituto Nacional de C\u00e2ncer (Inca) lan\u00e7aram a campanha de preven\u00e7\u00e3o ao uso de cigarros eletr\u00f4nicos. \u201cDe acordo com a Organiza\u00e7\u00e3o Mundial da Sa\u00fade (OMS), novos produtos, como os cigarros eletr\u00f4nicos, e informa\u00e7\u00f5es enganosas da ind\u00fastria do tabaco s\u00e3o uma amea\u00e7a, levando a uma inicia\u00e7\u00e3o ao tabagismo cada vez mais &hellip;\" \/>\n<meta property=\"og:url\" content=\"https:\/\/transamerica93.com.br\/home\/saude-lanca-campanha-de-prevencao-ao-uso-de-cigarros-eletronicos\/\" \/>\n<meta property=\"og:site_name\" content=\"Transam\u00e9rica Mococa 93,3\" \/>\n<meta property=\"article:publisher\" content=\"https:\/\/www.facebook.com\/transamericamococa\" \/>\n<meta property=\"article:published_time\" content=\"2024-06-07T12:00:37+00:00\" \/>\n<meta property=\"og:image\" content=\"https:\/\/transamerica93.com.br\/home\/wp-content\/uploads\/2024\/05\/imagem-44.jpg\" \/>\n\t<meta property=\"og:image:width\" content=\"1170\" \/>\n\t<meta property=\"og:image:height\" content=\"700\" \/>\n\t<meta property=\"og:image:type\" content=\"image\/jpeg\" \/>\n<meta name=\"author\" content=\"Reda\u00e7\u00e3o\" \/>\n<meta name=\"twitter:card\" content=\"summary_large_image\" \/>\n<meta name=\"twitter:creator\" content=\"@transamerica933\" \/>\n<meta name=\"twitter:site\" content=\"@transamerica933\" \/>\n<meta name=\"twitter:label1\" content=\"Escrito por\" \/>\n\t<meta name=\"twitter:data1\" content=\"Reda\u00e7\u00e3o\" \/>\n\t<meta name=\"twitter:label2\" content=\"Est. tempo de leitura\" \/>\n\t<meta name=\"twitter:data2\" content=\"4 minutos\" \/>\n<script type=\"application\/ld+json\" class=\"yoast-schema-graph\">{\"@context\":\"https:\\\/\\\/schema.org\",\"@graph\":[{\"@type\":\"Article\",\"@id\":\"https:\\\/\\\/transamerica93.com.br\\\/home\\\/saude-lanca-campanha-de-prevencao-ao-uso-de-cigarros-eletronicos\\\/#article\",\"isPartOf\":{\"@id\":\"https:\\\/\\\/transamerica93.com.br\\\/home\\\/saude-lanca-campanha-de-prevencao-ao-uso-de-cigarros-eletronicos\\\/\"},\"author\":{\"name\":\"Reda\u00e7\u00e3o\",\"@id\":\"https:\\\/\\\/transamerica93.com.br\\\/home\\\/#\\\/schema\\\/person\\\/7fed7c99c0d4562efa8561bc0f543172\"},\"headline\":\"Sa\u00fade lan\u00e7a campanha de preven\u00e7\u00e3o ao uso de cigarros eletr\u00f4nicos\",\"datePublished\":\"2024-06-07T12:00:37+00:00\",\"mainEntityOfPage\":{\"@id\":\"https:\\\/\\\/transamerica93.com.br\\\/home\\\/saude-lanca-campanha-de-prevencao-ao-uso-de-cigarros-eletronicos\\\/\"},\"wordCount\":639,\"publisher\":{\"@id\":\"https:\\\/\\\/transamerica93.com.br\\\/home\\\/#organization\"},\"image\":{\"@id\":\"https:\\\/\\\/transamerica93.com.br\\\/home\\\/saude-lanca-campanha-de-prevencao-ao-uso-de-cigarros-eletronicos\\\/#primaryimage\"},\"thumbnailUrl\":\"https:\\\/\\\/transamerica93.com.br\\\/home\\\/wp-content\\\/uploads\\\/2024\\\/05\\\/imagem-44.jpg\",\"articleSection\":[\"Geral\"],\"inLanguage\":\"pt-BR\"},{\"@type\":\"WebPage\",\"@id\":\"https:\\\/\\\/transamerica93.com.br\\\/home\\\/saude-lanca-campanha-de-prevencao-ao-uso-de-cigarros-eletronicos\\\/\",\"url\":\"https:\\\/\\\/transamerica93.com.br\\\/home\\\/saude-lanca-campanha-de-prevencao-ao-uso-de-cigarros-eletronicos\\\/\",\"name\":\"Sa\u00fade lan\u00e7a campanha de preven\u00e7\u00e3o ao uso de cigarros eletr\u00f4nicos - Transam\u00e9rica Mococa 93,3\",\"isPartOf\":{\"@id\":\"https:\\\/\\\/transamerica93.com.br\\\/home\\\/#website\"},\"primaryImageOfPage\":{\"@id\":\"https:\\\/\\\/transamerica93.com.br\\\/home\\\/saude-lanca-campanha-de-prevencao-ao-uso-de-cigarros-eletronicos\\\/#primaryimage\"},\"image\":{\"@id\":\"https:\\\/\\\/transamerica93.com.br\\\/home\\\/saude-lanca-campanha-de-prevencao-ao-uso-de-cigarros-eletronicos\\\/#primaryimage\"},\"thumbnailUrl\":\"https:\\\/\\\/transamerica93.com.br\\\/home\\\/wp-content\\\/uploads\\\/2024\\\/05\\\/imagem-44.jpg\",\"datePublished\":\"2024-06-07T12:00:37+00:00\",\"breadcrumb\":{\"@id\":\"https:\\\/\\\/transamerica93.com.br\\\/home\\\/saude-lanca-campanha-de-prevencao-ao-uso-de-cigarros-eletronicos\\\/#breadcrumb\"},\"inLanguage\":\"pt-BR\",\"potentialAction\":[{\"@type\":\"ReadAction\",\"target\":[\"https:\\\/\\\/transamerica93.com.br\\\/home\\\/saude-lanca-campanha-de-prevencao-ao-uso-de-cigarros-eletronicos\\\/\"]}]},{\"@type\":\"ImageObject\",\"inLanguage\":\"pt-BR\",\"@id\":\"https:\\\/\\\/transamerica93.com.br\\\/home\\\/saude-lanca-campanha-de-prevencao-ao-uso-de-cigarros-eletronicos\\\/#primaryimage\",\"url\":\"https:\\\/\\\/transamerica93.com.br\\\/home\\\/wp-content\\\/uploads\\\/2024\\\/05\\\/imagem-44.jpg\",\"contentUrl\":\"https:\\\/\\\/transamerica93.com.br\\\/home\\\/wp-content\\\/uploads\\\/2024\\\/05\\\/imagem-44.jpg\",\"width\":1170,\"height\":700,\"caption\":\"\u00a9 haiberliu\\\/Pixabay\"},{\"@type\":\"BreadcrumbList\",\"@id\":\"https:\\\/\\\/transamerica93.com.br\\\/home\\\/saude-lanca-campanha-de-prevencao-ao-uso-de-cigarros-eletronicos\\\/#breadcrumb\",\"itemListElement\":[{\"@type\":\"ListItem\",\"position\":1,\"name\":\"In\u00edcio\",\"item\":\"https:\\\/\\\/transamerica93.com.br\\\/home\\\/\"},{\"@type\":\"ListItem\",\"position\":2,\"name\":\"Sa\u00fade lan\u00e7a campanha de preven\u00e7\u00e3o ao uso de cigarros eletr\u00f4nicos\"}]},{\"@type\":\"WebSite\",\"@id\":\"https:\\\/\\\/transamerica93.com.br\\\/home\\\/#website\",\"url\":\"https:\\\/\\\/transamerica93.com.br\\\/home\\\/\",\"name\":\"Transam\u00e9rica Mococa 93,3\",\"description\":\"\",\"publisher\":{\"@id\":\"https:\\\/\\\/transamerica93.com.br\\\/home\\\/#organization\"},\"potentialAction\":[{\"@type\":\"SearchAction\",\"target\":{\"@type\":\"EntryPoint\",\"urlTemplate\":\"https:\\\/\\\/transamerica93.com.br\\\/home\\\/?s={search_term_string}\"},\"query-input\":{\"@type\":\"PropertyValueSpecification\",\"valueRequired\":true,\"valueName\":\"search_term_string\"}}],\"inLanguage\":\"pt-BR\"},{\"@type\":\"Organization\",\"@id\":\"https:\\\/\\\/transamerica93.com.br\\\/home\\\/#organization\",\"name\":\"Transam\u00e9rica Mococa 93,3\",\"url\":\"https:\\\/\\\/transamerica93.com.br\\\/home\\\/\",\"logo\":{\"@type\":\"ImageObject\",\"inLanguage\":\"pt-BR\",\"@id\":\"https:\\\/\\\/transamerica93.com.br\\\/home\\\/#\\\/schema\\\/logo\\\/image\\\/\",\"url\":\"https:\\\/\\\/transamerica93.com.br\\\/home\\\/wp-content\\\/uploads\\\/2023\\\/10\\\/logo2.png\",\"contentUrl\":\"https:\\\/\\\/transamerica93.com.br\\\/home\\\/wp-content\\\/uploads\\\/2023\\\/10\\\/logo2.png\",\"width\":800,\"height\":500,\"caption\":\"Transam\u00e9rica Mococa 93,3\"},\"image\":{\"@id\":\"https:\\\/\\\/transamerica93.com.br\\\/home\\\/#\\\/schema\\\/logo\\\/image\\\/\"},\"sameAs\":[\"https:\\\/\\\/www.facebook.com\\\/transamericamococa\",\"https:\\\/\\\/x.com\\\/transamerica933\",\"https:\\\/\\\/www.instagram.com\\\/transamericamococa\"]},{\"@type\":\"Person\",\"@id\":\"https:\\\/\\\/transamerica93.com.br\\\/home\\\/#\\\/schema\\\/person\\\/7fed7c99c0d4562efa8561bc0f543172\",\"name\":\"Reda\u00e7\u00e3o\",\"image\":{\"@type\":\"ImageObject\",\"inLanguage\":\"pt-BR\",\"@id\":\"https:\\\/\\\/secure.gravatar.com\\\/avatar\\\/1072c6b775fb02ef8506ce967551d95926669a6b7d2c2147b42eea4d7c68395e?s=96&d=mm&r=g\",\"url\":\"https:\\\/\\\/secure.gravatar.com\\\/avatar\\\/1072c6b775fb02ef8506ce967551d95926669a6b7d2c2147b42eea4d7c68395e?s=96&d=mm&r=g\",\"contentUrl\":\"https:\\\/\\\/secure.gravatar.com\\\/avatar\\\/1072c6b775fb02ef8506ce967551d95926669a6b7d2c2147b42eea4d7c68395e?s=96&d=mm&r=g\",\"caption\":\"Reda\u00e7\u00e3o\"},\"sameAs\":[\"https:\\\/\\\/transamerica93.com.br\\\/home\"],\"url\":\"https:\\\/\\\/transamerica93.com.br\\\/home\\\/author\\\/william\\\/\"}]}<\/script>\n<!-- \/ Yoast SEO plugin. -->","yoast_head_json":{"title":"Sa\u00fade lan\u00e7a campanha de preven\u00e7\u00e3o ao uso de cigarros eletr\u00f4nicos - Transam\u00e9rica Mococa 93,3","robots":{"index":"index","follow":"follow","max-snippet":"max-snippet:-1","max-image-preview":"max-image-preview:large","max-video-preview":"max-video-preview:-1"},"canonical":"https:\/\/transamerica93.com.br\/home\/saude-lanca-campanha-de-prevencao-ao-uso-de-cigarros-eletronicos\/","og_locale":"pt_BR","og_type":"article","og_title":"Sa\u00fade lan\u00e7a campanha de preven\u00e7\u00e3o ao uso de cigarros eletr\u00f4nicos - Transam\u00e9rica Mococa 93,3","og_description":"O Minist\u00e9rio da Sa\u00fade e o Instituto Nacional de C\u00e2ncer (Inca) lan\u00e7aram a campanha de preven\u00e7\u00e3o ao uso de cigarros eletr\u00f4nicos. \u201cDe acordo com a Organiza\u00e7\u00e3o Mundial da Sa\u00fade (OMS), novos produtos, como os cigarros eletr\u00f4nicos, e informa\u00e7\u00f5es enganosas da ind\u00fastria do tabaco s\u00e3o uma amea\u00e7a, levando a uma inicia\u00e7\u00e3o ao tabagismo cada vez mais &hellip;","og_url":"https:\/\/transamerica93.com.br\/home\/saude-lanca-campanha-de-prevencao-ao-uso-de-cigarros-eletronicos\/","og_site_name":"Transam\u00e9rica Mococa 93,3","article_publisher":"https:\/\/www.facebook.com\/transamericamococa","article_published_time":"2024-06-07T12:00:37+00:00","og_image":[{"width":1170,"height":700,"url":"https:\/\/transamerica93.com.br\/home\/wp-content\/uploads\/2024\/05\/imagem-44.jpg","type":"image\/jpeg"}],"author":"Reda\u00e7\u00e3o","twitter_card":"summary_large_image","twitter_creator":"@transamerica933","twitter_site":"@transamerica933","twitter_misc":{"Escrito por":"Reda\u00e7\u00e3o","Est. tempo de leitura":"4 minutos"},"schema":{"@context":"https:\/\/schema.org","@graph":[{"@type":"Article","@id":"https:\/\/transamerica93.com.br\/home\/saude-lanca-campanha-de-prevencao-ao-uso-de-cigarros-eletronicos\/#article","isPartOf":{"@id":"https:\/\/transamerica93.com.br\/home\/saude-lanca-campanha-de-prevencao-ao-uso-de-cigarros-eletronicos\/"},"author":{"name":"Reda\u00e7\u00e3o","@id":"https:\/\/transamerica93.com.br\/home\/#\/schema\/person\/7fed7c99c0d4562efa8561bc0f543172"},"headline":"Sa\u00fade lan\u00e7a campanha de preven\u00e7\u00e3o ao uso de cigarros eletr\u00f4nicos","datePublished":"2024-06-07T12:00:37+00:00","mainEntityOfPage":{"@id":"https:\/\/transamerica93.com.br\/home\/saude-lanca-campanha-de-prevencao-ao-uso-de-cigarros-eletronicos\/"},"wordCount":639,"publisher":{"@id":"https:\/\/transamerica93.com.br\/home\/#organization"},"image":{"@id":"https:\/\/transamerica93.com.br\/home\/saude-lanca-campanha-de-prevencao-ao-uso-de-cigarros-eletronicos\/#primaryimage"},"thumbnailUrl":"https:\/\/transamerica93.com.br\/home\/wp-content\/uploads\/2024\/05\/imagem-44.jpg","articleSection":["Geral"],"inLanguage":"pt-BR"},{"@type":"WebPage","@id":"https:\/\/transamerica93.com.br\/home\/saude-lanca-campanha-de-prevencao-ao-uso-de-cigarros-eletronicos\/","url":"https:\/\/transamerica93.com.br\/home\/saude-lanca-campanha-de-prevencao-ao-uso-de-cigarros-eletronicos\/","name":"Sa\u00fade lan\u00e7a campanha de preven\u00e7\u00e3o ao uso de cigarros eletr\u00f4nicos - Transam\u00e9rica Mococa 93,3","isPartOf":{"@id":"https:\/\/transamerica93.com.br\/home\/#website"},"primaryImageOfPage":{"@id":"https:\/\/transamerica93.com.br\/home\/saude-lanca-campanha-de-prevencao-ao-uso-de-cigarros-eletronicos\/#primaryimage"},"image":{"@id":"https:\/\/transamerica93.com.br\/home\/saude-lanca-campanha-de-prevencao-ao-uso-de-cigarros-eletronicos\/#primaryimage"},"thumbnailUrl":"https:\/\/transamerica93.com.br\/home\/wp-content\/uploads\/2024\/05\/imagem-44.jpg","datePublished":"2024-06-07T12:00:37+00:00","breadcrumb":{"@id":"https:\/\/transamerica93.com.br\/home\/saude-lanca-campanha-de-prevencao-ao-uso-de-cigarros-eletronicos\/#breadcrumb"},"inLanguage":"pt-BR","potentialAction":[{"@type":"ReadAction","target":["https:\/\/transamerica93.com.br\/home\/saude-lanca-campanha-de-prevencao-ao-uso-de-cigarros-eletronicos\/"]}]},{"@type":"ImageObject","inLanguage":"pt-BR","@id":"https:\/\/transamerica93.com.br\/home\/saude-lanca-campanha-de-prevencao-ao-uso-de-cigarros-eletronicos\/#primaryimage","url":"https:\/\/transamerica93.com.br\/home\/wp-content\/uploads\/2024\/05\/imagem-44.jpg","contentUrl":"https:\/\/transamerica93.com.br\/home\/wp-content\/uploads\/2024\/05\/imagem-44.jpg","width":1170,"height":700,"caption":"\u00a9 haiberliu\/Pixabay"},{"@type":"BreadcrumbList","@id":"https:\/\/transamerica93.com.br\/home\/saude-lanca-campanha-de-prevencao-ao-uso-de-cigarros-eletronicos\/#breadcrumb","itemListElement":[{"@type":"ListItem","position":1,"name":"In\u00edcio","item":"https:\/\/transamerica93.com.br\/home\/"},{"@type":"ListItem","position":2,"name":"Sa\u00fade lan\u00e7a campanha de preven\u00e7\u00e3o ao uso de cigarros eletr\u00f4nicos"}]},{"@type":"WebSite","@id":"https:\/\/transamerica93.com.br\/home\/#website","url":"https:\/\/transamerica93.com.br\/home\/","name":"Transam\u00e9rica Mococa 93,3","description":"","publisher":{"@id":"https:\/\/transamerica93.com.br\/home\/#organization"},"potentialAction":[{"@type":"SearchAction","target":{"@type":"EntryPoint","urlTemplate":"https:\/\/transamerica93.com.br\/home\/?s={search_term_string}"},"query-input":{"@type":"PropertyValueSpecification","valueRequired":true,"valueName":"search_term_string"}}],"inLanguage":"pt-BR"},{"@type":"Organization","@id":"https:\/\/transamerica93.com.br\/home\/#organization","name":"Transam\u00e9rica Mococa 93,3","url":"https:\/\/transamerica93.com.br\/home\/","logo":{"@type":"ImageObject","inLanguage":"pt-BR","@id":"https:\/\/transamerica93.com.br\/home\/#\/schema\/logo\/image\/","url":"https:\/\/transamerica93.com.br\/home\/wp-content\/uploads\/2023\/10\/logo2.png","contentUrl":"https:\/\/transamerica93.com.br\/home\/wp-content\/uploads\/2023\/10\/logo2.png","width":800,"height":500,"caption":"Transam\u00e9rica Mococa 93,3"},"image":{"@id":"https:\/\/transamerica93.com.br\/home\/#\/schema\/logo\/image\/"},"sameAs":["https:\/\/www.facebook.com\/transamericamococa","https:\/\/x.com\/transamerica933","https:\/\/www.instagram.com\/transamericamococa"]},{"@type":"Person","@id":"https:\/\/transamerica93.com.br\/home\/#\/schema\/person\/7fed7c99c0d4562efa8561bc0f543172","name":"Reda\u00e7\u00e3o","image":{"@type":"ImageObject","inLanguage":"pt-BR","@id":"https:\/\/secure.gravatar.com\/avatar\/1072c6b775fb02ef8506ce967551d95926669a6b7d2c2147b42eea4d7c68395e?s=96&d=mm&r=g","url":"https:\/\/secure.gravatar.com\/avatar\/1072c6b775fb02ef8506ce967551d95926669a6b7d2c2147b42eea4d7c68395e?s=96&d=mm&r=g","contentUrl":"https:\/\/secure.gravatar.com\/avatar\/1072c6b775fb02ef8506ce967551d95926669a6b7d2c2147b42eea4d7c68395e?s=96&d=mm&r=g","caption":"Reda\u00e7\u00e3o"},"sameAs":["https:\/\/transamerica93.com.br\/home"],"url":"https:\/\/transamerica93.com.br\/home\/author\/william\/"}]}},"_links":{"self":[{"href":"https:\/\/transamerica93.com.br\/home\/wp-json\/wp\/v2\/posts\/3251","targetHints":{"allow":["GET"]}}],"collection":[{"href":"https:\/\/transamerica93.com.br\/home\/wp-json\/wp\/v2\/posts"}],"about":[{"href":"https:\/\/transamerica93.com.br\/home\/wp-json\/wp\/v2\/types\/post"}],"author":[{"embeddable":true,"href":"https:\/\/transamerica93.com.br\/home\/wp-json\/wp\/v2\/users\/1"}],"replies":[{"embeddable":true,"href":"https:\/\/transamerica93.com.br\/home\/wp-json\/wp\/v2\/comments?post=3251"}],"version-history":[{"count":1,"href":"https:\/\/transamerica93.com.br\/home\/wp-json\/wp\/v2\/posts\/3251\/revisions"}],"predecessor-version":[{"id":3253,"href":"https:\/\/transamerica93.com.br\/home\/wp-json\/wp\/v2\/posts\/3251\/revisions\/3253"}],"wp:featuredmedia":[{"embeddable":true,"href":"https:\/\/transamerica93.com.br\/home\/wp-json\/wp\/v2\/media\/3252"}],"wp:attachment":[{"href":"https:\/\/transamerica93.com.br\/home\/wp-json\/wp\/v2\/media?parent=3251"}],"wp:term":[{"taxonomy":"category","embeddable":true,"href":"https:\/\/transamerica93.com.br\/home\/wp-json\/wp\/v2\/categories?post=3251"},{"taxonomy":"post_tag","embeddable":true,"href":"https:\/\/transamerica93.com.br\/home\/wp-json\/wp\/v2\/tags?post=3251"}],"curies":[{"name":"wp","href":"https:\/\/api.w.org\/{rel}","templated":true}]}}