{"id":3254,"date":"2024-06-03T12:00:39","date_gmt":"2024-06-03T15:00:39","guid":{"rendered":"https:\/\/transamerica93.com.br\/home\/?p=3254"},"modified":"2024-05-31T02:35:54","modified_gmt":"2024-05-31T05:35:54","slug":"embaixador-da-ferrari-diz-ser-inevitavel-briga-pelo-titulo-apos-vitoria-de-leclerc-em-monaco","status":"publish","type":"post","link":"https:\/\/transamerica93.com.br\/home\/embaixador-da-ferrari-diz-ser-inevitavel-briga-pelo-titulo-apos-vitoria-de-leclerc-em-monaco\/","title":{"rendered":"Embaixador da Ferrari diz ser &#8216;inevit\u00e1vel&#8217; briga pelo t\u00edtulo ap\u00f3s vit\u00f3ria de Leclerc em M\u00f4naco"},"content":{"rendered":"<p>O embaixador da Ferrari, Marc Gene, afirmou que os planos para uma disputa pelo campeonato deste ano s\u00e3o agora &#8220;inevit\u00e1veis&#8221; para a famosa equipe de Maranello, mesmo que o chefe da escuderia, Frederic Vasseur, preferisse n\u00e3o colocar esta press\u00e3o no momento sobre os pilotos Charles Leclerc e Carlos Sainz.<\/p>\n<p>O monegasco Leclerc deu ao time a segunda vit\u00f3ria da temporada &#8211; ap\u00f3s o triunfo do companheiro Sainz na Austr\u00e1lia &#8211; no Grande Pr\u00eamio de M\u00f4naco do fim de semana passado. O resultado tamb\u00e9m foi sua primeira vit\u00f3ria em casa.<\/p>\n<p>Dadas as dificuldades apresentadas pela Red Bull nas ruas estreitas e sinuosas de Montecarlo, que limitaram Max Verstappen ao sexto lugar, os campeonatos de pilotos e construtores parecem muito mais equilibrados \u00e0 medida que a temporada avan\u00e7a para o Canad\u00e1, onde ser\u00e1 disputada a nona etapa do ano em 9 de junho.<\/p>\n<p>Na verdade, a vantagem de Verstappen sobre Leclerc caiu agora para 31 pontos (169 a 138), enquanto a Ferrari, que conquistou um p\u00f3dio duplo no Principado gra\u00e7as ao resultado terceiro lugar de Sainz, est\u00e1 apenas 24 pontos atr\u00e1s da Red Bull (276 s 252).<\/p>\n<p>Em uma apari\u00e7\u00e3o no podcast F1 Nation, Gene, funcion\u00e1rio de longa data da Ferrari, falou sobre a vit\u00f3ria de Leclerc em casa e o que isso significa para o piloto e para a equipe. &#8220;J\u00e1 na sexta-feira ele estava extremamente r\u00e1pido&#8221;, disse Gene sobre o desempenho de Leclerc. &#8220;O carro tamb\u00e9m estava muito bom, especialmente nas curvas de baixa velocidade.&#8221;<\/p>\n<p>&#8220;O fato de n\u00e3o haver mais pit stops (para os l\u00edderes) tornou a corrida ainda mais f\u00e1cil para Charles. Isso foi muito importante porque parecia que havia uma maldi\u00e7\u00e3o para ele em M\u00f4naco. Posso dizer que h\u00e1 muito peso saindo de seus ombros agora. Eu n\u00e3o poderia imaginar que iria para M\u00f4naco no ano que vem mais uma vez sem vit\u00f3ria. Teria sido insuport\u00e1vel. Estou t\u00e3o feliz por ele&#8221;, disse o embaixador, que concluiu.<\/p>\n<p>&#8220;Sei que n\u00e3o devemos olhar, e o Fred (Vasseur) diz para n\u00e3o olharmos para o campeonato, mas \u00e9 inevit\u00e1vel. Voc\u00ea olha para o campeonato e 20 pontos n\u00e3o \u00e9 nada. Mas estamos felizes com isso agora e veremos o que acontece depois.&#8221;<\/p>\n","protected":false},"excerpt":{"rendered":"<p>O embaixador da Ferrari, Marc Gene, afirmou que os planos para uma disputa pelo campeonato deste ano s\u00e3o agora &#8220;inevit\u00e1veis&#8221; para a famosa equipe de Maranello, mesmo que o chefe da escuderia, Frederic Vasseur, preferisse n\u00e3o colocar esta press\u00e3o no momento sobre os pilotos Charles Leclerc e Carlos Sainz. O monegasco Leclerc deu ao time &hellip;<\/p>\n","protected":false},"author":1,"featured_media":3255,"comment_status":"closed","ping_status":"closed","sticky":false,"template":"","format":"standard","meta":{"footnotes":""},"categories":[31],"tags":[],"class_list":["post-3254","post","type-post","status-publish","format-standard","has-post-thumbnail","hentry","category-esportes"],"yoast_head":"<!-- This site is optimized with the Yoast SEO plugin v27.4 - https:\/\/yoast.com\/product\/yoast-seo-wordpress\/ -->\n<title>Embaixador da Ferrari diz ser &#039;inevit\u00e1vel&#039; briga pelo t\u00edtulo ap\u00f3s vit\u00f3ria de Leclerc em M\u00f4naco - Transam\u00e9rica Mococa 93,3<\/title>\n<meta name=\"robots\" content=\"index, follow, max-snippet:-1, max-image-preview:large, max-video-preview:-1\" \/>\n<link rel=\"canonical\" href=\"https:\/\/transamerica93.com.br\/home\/embaixador-da-ferrari-diz-ser-inevitavel-briga-pelo-titulo-apos-vitoria-de-leclerc-em-monaco\/\" \/>\n<meta property=\"og:locale\" content=\"pt_BR\" \/>\n<meta property=\"og:type\" content=\"article\" \/>\n<meta property=\"og:title\" content=\"Embaixador da Ferrari diz ser &#039;inevit\u00e1vel&#039; briga pelo t\u00edtulo ap\u00f3s vit\u00f3ria de Leclerc em M\u00f4naco - Transam\u00e9rica Mococa 93,3\" \/>\n<meta property=\"og:description\" content=\"O embaixador da Ferrari, Marc Gene, afirmou que os planos para uma disputa pelo campeonato deste ano s\u00e3o agora &#8220;inevit\u00e1veis&#8221; para a famosa equipe de Maranello, mesmo que o chefe da escuderia, Frederic Vasseur, preferisse n\u00e3o colocar esta press\u00e3o no momento sobre os pilotos Charles Leclerc e Carlos Sainz. O monegasco Leclerc deu ao time &hellip;\" \/>\n<meta property=\"og:url\" content=\"https:\/\/transamerica93.com.br\/home\/embaixador-da-ferrari-diz-ser-inevitavel-briga-pelo-titulo-apos-vitoria-de-leclerc-em-monaco\/\" \/>\n<meta property=\"og:site_name\" content=\"Transam\u00e9rica Mococa 93,3\" \/>\n<meta property=\"article:publisher\" content=\"https:\/\/www.facebook.com\/transamericamococa\" \/>\n<meta property=\"article:published_time\" content=\"2024-06-03T15:00:39+00:00\" \/>\n<meta property=\"og:image\" content=\"https:\/\/transamerica93.com.br\/home\/wp-content\/uploads\/2024\/05\/imagem-45.jpg\" \/>\n\t<meta property=\"og:image:width\" content=\"800\" \/>\n\t<meta property=\"og:image:height\" content=\"500\" \/>\n\t<meta property=\"og:image:type\" content=\"image\/jpeg\" \/>\n<meta name=\"author\" content=\"Reda\u00e7\u00e3o\" \/>\n<meta name=\"twitter:card\" content=\"summary_large_image\" \/>\n<meta name=\"twitter:creator\" content=\"@transamerica933\" \/>\n<meta name=\"twitter:site\" content=\"@transamerica933\" \/>\n<meta name=\"twitter:label1\" content=\"Escrito por\" \/>\n\t<meta name=\"twitter:data1\" content=\"Reda\u00e7\u00e3o\" \/>\n\t<meta name=\"twitter:label2\" content=\"Est. tempo de leitura\" \/>\n\t<meta name=\"twitter:data2\" content=\"3 minutos\" \/>\n<script type=\"application\/ld+json\" class=\"yoast-schema-graph\">{\"@context\":\"https:\\\/\\\/schema.org\",\"@graph\":[{\"@type\":\"Article\",\"@id\":\"https:\\\/\\\/transamerica93.com.br\\\/home\\\/embaixador-da-ferrari-diz-ser-inevitavel-briga-pelo-titulo-apos-vitoria-de-leclerc-em-monaco\\\/#article\",\"isPartOf\":{\"@id\":\"https:\\\/\\\/transamerica93.com.br\\\/home\\\/embaixador-da-ferrari-diz-ser-inevitavel-briga-pelo-titulo-apos-vitoria-de-leclerc-em-monaco\\\/\"},\"author\":{\"name\":\"Reda\u00e7\u00e3o\",\"@id\":\"https:\\\/\\\/transamerica93.com.br\\\/home\\\/#\\\/schema\\\/person\\\/7fed7c99c0d4562efa8561bc0f543172\"},\"headline\":\"Embaixador da Ferrari diz ser &#8216;inevit\u00e1vel&#8217; briga pelo t\u00edtulo ap\u00f3s vit\u00f3ria de Leclerc em M\u00f4naco\",\"datePublished\":\"2024-06-03T15:00:39+00:00\",\"mainEntityOfPage\":{\"@id\":\"https:\\\/\\\/transamerica93.com.br\\\/home\\\/embaixador-da-ferrari-diz-ser-inevitavel-briga-pelo-titulo-apos-vitoria-de-leclerc-em-monaco\\\/\"},\"wordCount\":404,\"publisher\":{\"@id\":\"https:\\\/\\\/transamerica93.com.br\\\/home\\\/#organization\"},\"image\":{\"@id\":\"https:\\\/\\\/transamerica93.com.br\\\/home\\\/embaixador-da-ferrari-diz-ser-inevitavel-briga-pelo-titulo-apos-vitoria-de-leclerc-em-monaco\\\/#primaryimage\"},\"thumbnailUrl\":\"https:\\\/\\\/transamerica93.com.br\\\/home\\\/wp-content\\\/uploads\\\/2024\\\/05\\\/imagem-45.jpg\",\"articleSection\":[\"Esportes\"],\"inLanguage\":\"pt-BR\"},{\"@type\":\"WebPage\",\"@id\":\"https:\\\/\\\/transamerica93.com.br\\\/home\\\/embaixador-da-ferrari-diz-ser-inevitavel-briga-pelo-titulo-apos-vitoria-de-leclerc-em-monaco\\\/\",\"url\":\"https:\\\/\\\/transamerica93.com.br\\\/home\\\/embaixador-da-ferrari-diz-ser-inevitavel-briga-pelo-titulo-apos-vitoria-de-leclerc-em-monaco\\\/\",\"name\":\"Embaixador da Ferrari diz ser 'inevit\u00e1vel' briga pelo t\u00edtulo ap\u00f3s vit\u00f3ria de Leclerc em M\u00f4naco - Transam\u00e9rica Mococa 93,3\",\"isPartOf\":{\"@id\":\"https:\\\/\\\/transamerica93.com.br\\\/home\\\/#website\"},\"primaryImageOfPage\":{\"@id\":\"https:\\\/\\\/transamerica93.com.br\\\/home\\\/embaixador-da-ferrari-diz-ser-inevitavel-briga-pelo-titulo-apos-vitoria-de-leclerc-em-monaco\\\/#primaryimage\"},\"image\":{\"@id\":\"https:\\\/\\\/transamerica93.com.br\\\/home\\\/embaixador-da-ferrari-diz-ser-inevitavel-briga-pelo-titulo-apos-vitoria-de-leclerc-em-monaco\\\/#primaryimage\"},\"thumbnailUrl\":\"https:\\\/\\\/transamerica93.com.br\\\/home\\\/wp-content\\\/uploads\\\/2024\\\/05\\\/imagem-45.jpg\",\"datePublished\":\"2024-06-03T15:00:39+00:00\",\"breadcrumb\":{\"@id\":\"https:\\\/\\\/transamerica93.com.br\\\/home\\\/embaixador-da-ferrari-diz-ser-inevitavel-briga-pelo-titulo-apos-vitoria-de-leclerc-em-monaco\\\/#breadcrumb\"},\"inLanguage\":\"pt-BR\",\"potentialAction\":[{\"@type\":\"ReadAction\",\"target\":[\"https:\\\/\\\/transamerica93.com.br\\\/home\\\/embaixador-da-ferrari-diz-ser-inevitavel-briga-pelo-titulo-apos-vitoria-de-leclerc-em-monaco\\\/\"]}]},{\"@type\":\"ImageObject\",\"inLanguage\":\"pt-BR\",\"@id\":\"https:\\\/\\\/transamerica93.com.br\\\/home\\\/embaixador-da-ferrari-diz-ser-inevitavel-briga-pelo-titulo-apos-vitoria-de-leclerc-em-monaco\\\/#primaryimage\",\"url\":\"https:\\\/\\\/transamerica93.com.br\\\/home\\\/wp-content\\\/uploads\\\/2024\\\/05\\\/imagem-45.jpg\",\"contentUrl\":\"https:\\\/\\\/transamerica93.com.br\\\/home\\\/wp-content\\\/uploads\\\/2024\\\/05\\\/imagem-45.jpg\",\"width\":800,\"height\":500,\"caption\":\"Imagem: NurPhoto\\\/NurPhoto via Getty Images\"},{\"@type\":\"BreadcrumbList\",\"@id\":\"https:\\\/\\\/transamerica93.com.br\\\/home\\\/embaixador-da-ferrari-diz-ser-inevitavel-briga-pelo-titulo-apos-vitoria-de-leclerc-em-monaco\\\/#breadcrumb\",\"itemListElement\":[{\"@type\":\"ListItem\",\"position\":1,\"name\":\"In\u00edcio\",\"item\":\"https:\\\/\\\/transamerica93.com.br\\\/home\\\/\"},{\"@type\":\"ListItem\",\"position\":2,\"name\":\"Embaixador da Ferrari diz ser &#8216;inevit\u00e1vel&#8217; briga pelo t\u00edtulo ap\u00f3s vit\u00f3ria de Leclerc em M\u00f4naco\"}]},{\"@type\":\"WebSite\",\"@id\":\"https:\\\/\\\/transamerica93.com.br\\\/home\\\/#website\",\"url\":\"https:\\\/\\\/transamerica93.com.br\\\/home\\\/\",\"name\":\"Transam\u00e9rica Mococa 93,3\",\"description\":\"\",\"publisher\":{\"@id\":\"https:\\\/\\\/transamerica93.com.br\\\/home\\\/#organization\"},\"potentialAction\":[{\"@type\":\"SearchAction\",\"target\":{\"@type\":\"EntryPoint\",\"urlTemplate\":\"https:\\\/\\\/transamerica93.com.br\\\/home\\\/?s={search_term_string}\"},\"query-input\":{\"@type\":\"PropertyValueSpecification\",\"valueRequired\":true,\"valueName\":\"search_term_string\"}}],\"inLanguage\":\"pt-BR\"},{\"@type\":\"Organization\",\"@id\":\"https:\\\/\\\/transamerica93.com.br\\\/home\\\/#organization\",\"name\":\"Transam\u00e9rica Mococa 93,3\",\"url\":\"https:\\\/\\\/transamerica93.com.br\\\/home\\\/\",\"logo\":{\"@type\":\"ImageObject\",\"inLanguage\":\"pt-BR\",\"@id\":\"https:\\\/\\\/transamerica93.com.br\\\/home\\\/#\\\/schema\\\/logo\\\/image\\\/\",\"url\":\"https:\\\/\\\/transamerica93.com.br\\\/home\\\/wp-content\\\/uploads\\\/2023\\\/10\\\/logo2.png\",\"contentUrl\":\"https:\\\/\\\/transamerica93.com.br\\\/home\\\/wp-content\\\/uploads\\\/2023\\\/10\\\/logo2.png\",\"width\":800,\"height\":500,\"caption\":\"Transam\u00e9rica Mococa 93,3\"},\"image\":{\"@id\":\"https:\\\/\\\/transamerica93.com.br\\\/home\\\/#\\\/schema\\\/logo\\\/image\\\/\"},\"sameAs\":[\"https:\\\/\\\/www.facebook.com\\\/transamericamococa\",\"https:\\\/\\\/x.com\\\/transamerica933\",\"https:\\\/\\\/www.instagram.com\\\/transamericamococa\"]},{\"@type\":\"Person\",\"@id\":\"https:\\\/\\\/transamerica93.com.br\\\/home\\\/#\\\/schema\\\/person\\\/7fed7c99c0d4562efa8561bc0f543172\",\"name\":\"Reda\u00e7\u00e3o\",\"image\":{\"@type\":\"ImageObject\",\"inLanguage\":\"pt-BR\",\"@id\":\"https:\\\/\\\/secure.gravatar.com\\\/avatar\\\/1072c6b775fb02ef8506ce967551d95926669a6b7d2c2147b42eea4d7c68395e?s=96&d=mm&r=g\",\"url\":\"https:\\\/\\\/secure.gravatar.com\\\/avatar\\\/1072c6b775fb02ef8506ce967551d95926669a6b7d2c2147b42eea4d7c68395e?s=96&d=mm&r=g\",\"contentUrl\":\"https:\\\/\\\/secure.gravatar.com\\\/avatar\\\/1072c6b775fb02ef8506ce967551d95926669a6b7d2c2147b42eea4d7c68395e?s=96&d=mm&r=g\",\"caption\":\"Reda\u00e7\u00e3o\"},\"sameAs\":[\"https:\\\/\\\/transamerica93.com.br\\\/home\"],\"url\":\"https:\\\/\\\/transamerica93.com.br\\\/home\\\/author\\\/william\\\/\"}]}<\/script>\n<!-- \/ Yoast SEO plugin. -->","yoast_head_json":{"title":"Embaixador da Ferrari diz ser 'inevit\u00e1vel' briga pelo t\u00edtulo ap\u00f3s vit\u00f3ria de Leclerc em M\u00f4naco - Transam\u00e9rica Mococa 93,3","robots":{"index":"index","follow":"follow","max-snippet":"max-snippet:-1","max-image-preview":"max-image-preview:large","max-video-preview":"max-video-preview:-1"},"canonical":"https:\/\/transamerica93.com.br\/home\/embaixador-da-ferrari-diz-ser-inevitavel-briga-pelo-titulo-apos-vitoria-de-leclerc-em-monaco\/","og_locale":"pt_BR","og_type":"article","og_title":"Embaixador da Ferrari diz ser 'inevit\u00e1vel' briga pelo t\u00edtulo ap\u00f3s vit\u00f3ria de Leclerc em M\u00f4naco - Transam\u00e9rica Mococa 93,3","og_description":"O embaixador da Ferrari, Marc Gene, afirmou que os planos para uma disputa pelo campeonato deste ano s\u00e3o agora &#8220;inevit\u00e1veis&#8221; para a famosa equipe de Maranello, mesmo que o chefe da escuderia, Frederic Vasseur, preferisse n\u00e3o colocar esta press\u00e3o no momento sobre os pilotos Charles Leclerc e Carlos Sainz. O monegasco Leclerc deu ao time &hellip;","og_url":"https:\/\/transamerica93.com.br\/home\/embaixador-da-ferrari-diz-ser-inevitavel-briga-pelo-titulo-apos-vitoria-de-leclerc-em-monaco\/","og_site_name":"Transam\u00e9rica Mococa 93,3","article_publisher":"https:\/\/www.facebook.com\/transamericamococa","article_published_time":"2024-06-03T15:00:39+00:00","og_image":[{"width":800,"height":500,"url":"https:\/\/transamerica93.com.br\/home\/wp-content\/uploads\/2024\/05\/imagem-45.jpg","type":"image\/jpeg"}],"author":"Reda\u00e7\u00e3o","twitter_card":"summary_large_image","twitter_creator":"@transamerica933","twitter_site":"@transamerica933","twitter_misc":{"Escrito por":"Reda\u00e7\u00e3o","Est. tempo de leitura":"3 minutos"},"schema":{"@context":"https:\/\/schema.org","@graph":[{"@type":"Article","@id":"https:\/\/transamerica93.com.br\/home\/embaixador-da-ferrari-diz-ser-inevitavel-briga-pelo-titulo-apos-vitoria-de-leclerc-em-monaco\/#article","isPartOf":{"@id":"https:\/\/transamerica93.com.br\/home\/embaixador-da-ferrari-diz-ser-inevitavel-briga-pelo-titulo-apos-vitoria-de-leclerc-em-monaco\/"},"author":{"name":"Reda\u00e7\u00e3o","@id":"https:\/\/transamerica93.com.br\/home\/#\/schema\/person\/7fed7c99c0d4562efa8561bc0f543172"},"headline":"Embaixador da Ferrari diz ser &#8216;inevit\u00e1vel&#8217; briga pelo t\u00edtulo ap\u00f3s vit\u00f3ria de Leclerc em M\u00f4naco","datePublished":"2024-06-03T15:00:39+00:00","mainEntityOfPage":{"@id":"https:\/\/transamerica93.com.br\/home\/embaixador-da-ferrari-diz-ser-inevitavel-briga-pelo-titulo-apos-vitoria-de-leclerc-em-monaco\/"},"wordCount":404,"publisher":{"@id":"https:\/\/transamerica93.com.br\/home\/#organization"},"image":{"@id":"https:\/\/transamerica93.com.br\/home\/embaixador-da-ferrari-diz-ser-inevitavel-briga-pelo-titulo-apos-vitoria-de-leclerc-em-monaco\/#primaryimage"},"thumbnailUrl":"https:\/\/transamerica93.com.br\/home\/wp-content\/uploads\/2024\/05\/imagem-45.jpg","articleSection":["Esportes"],"inLanguage":"pt-BR"},{"@type":"WebPage","@id":"https:\/\/transamerica93.com.br\/home\/embaixador-da-ferrari-diz-ser-inevitavel-briga-pelo-titulo-apos-vitoria-de-leclerc-em-monaco\/","url":"https:\/\/transamerica93.com.br\/home\/embaixador-da-ferrari-diz-ser-inevitavel-briga-pelo-titulo-apos-vitoria-de-leclerc-em-monaco\/","name":"Embaixador da Ferrari diz ser 'inevit\u00e1vel' briga pelo t\u00edtulo ap\u00f3s vit\u00f3ria de Leclerc em M\u00f4naco - Transam\u00e9rica Mococa 93,3","isPartOf":{"@id":"https:\/\/transamerica93.com.br\/home\/#website"},"primaryImageOfPage":{"@id":"https:\/\/transamerica93.com.br\/home\/embaixador-da-ferrari-diz-ser-inevitavel-briga-pelo-titulo-apos-vitoria-de-leclerc-em-monaco\/#primaryimage"},"image":{"@id":"https:\/\/transamerica93.com.br\/home\/embaixador-da-ferrari-diz-ser-inevitavel-briga-pelo-titulo-apos-vitoria-de-leclerc-em-monaco\/#primaryimage"},"thumbnailUrl":"https:\/\/transamerica93.com.br\/home\/wp-content\/uploads\/2024\/05\/imagem-45.jpg","datePublished":"2024-06-03T15:00:39+00:00","breadcrumb":{"@id":"https:\/\/transamerica93.com.br\/home\/embaixador-da-ferrari-diz-ser-inevitavel-briga-pelo-titulo-apos-vitoria-de-leclerc-em-monaco\/#breadcrumb"},"inLanguage":"pt-BR","potentialAction":[{"@type":"ReadAction","target":["https:\/\/transamerica93.com.br\/home\/embaixador-da-ferrari-diz-ser-inevitavel-briga-pelo-titulo-apos-vitoria-de-leclerc-em-monaco\/"]}]},{"@type":"ImageObject","inLanguage":"pt-BR","@id":"https:\/\/transamerica93.com.br\/home\/embaixador-da-ferrari-diz-ser-inevitavel-briga-pelo-titulo-apos-vitoria-de-leclerc-em-monaco\/#primaryimage","url":"https:\/\/transamerica93.com.br\/home\/wp-content\/uploads\/2024\/05\/imagem-45.jpg","contentUrl":"https:\/\/transamerica93.com.br\/home\/wp-content\/uploads\/2024\/05\/imagem-45.jpg","width":800,"height":500,"caption":"Imagem: NurPhoto\/NurPhoto via Getty Images"},{"@type":"BreadcrumbList","@id":"https:\/\/transamerica93.com.br\/home\/embaixador-da-ferrari-diz-ser-inevitavel-briga-pelo-titulo-apos-vitoria-de-leclerc-em-monaco\/#breadcrumb","itemListElement":[{"@type":"ListItem","position":1,"name":"In\u00edcio","item":"https:\/\/transamerica93.com.br\/home\/"},{"@type":"ListItem","position":2,"name":"Embaixador da Ferrari diz ser &#8216;inevit\u00e1vel&#8217; briga pelo t\u00edtulo ap\u00f3s vit\u00f3ria de Leclerc em M\u00f4naco"}]},{"@type":"WebSite","@id":"https:\/\/transamerica93.com.br\/home\/#website","url":"https:\/\/transamerica93.com.br\/home\/","name":"Transam\u00e9rica Mococa 93,3","description":"","publisher":{"@id":"https:\/\/transamerica93.com.br\/home\/#organization"},"potentialAction":[{"@type":"SearchAction","target":{"@type":"EntryPoint","urlTemplate":"https:\/\/transamerica93.com.br\/home\/?s={search_term_string}"},"query-input":{"@type":"PropertyValueSpecification","valueRequired":true,"valueName":"search_term_string"}}],"inLanguage":"pt-BR"},{"@type":"Organization","@id":"https:\/\/transamerica93.com.br\/home\/#organization","name":"Transam\u00e9rica Mococa 93,3","url":"https:\/\/transamerica93.com.br\/home\/","logo":{"@type":"ImageObject","inLanguage":"pt-BR","@id":"https:\/\/transamerica93.com.br\/home\/#\/schema\/logo\/image\/","url":"https:\/\/transamerica93.com.br\/home\/wp-content\/uploads\/2023\/10\/logo2.png","contentUrl":"https:\/\/transamerica93.com.br\/home\/wp-content\/uploads\/2023\/10\/logo2.png","width":800,"height":500,"caption":"Transam\u00e9rica Mococa 93,3"},"image":{"@id":"https:\/\/transamerica93.com.br\/home\/#\/schema\/logo\/image\/"},"sameAs":["https:\/\/www.facebook.com\/transamericamococa","https:\/\/x.com\/transamerica933","https:\/\/www.instagram.com\/transamericamococa"]},{"@type":"Person","@id":"https:\/\/transamerica93.com.br\/home\/#\/schema\/person\/7fed7c99c0d4562efa8561bc0f543172","name":"Reda\u00e7\u00e3o","image":{"@type":"ImageObject","inLanguage":"pt-BR","@id":"https:\/\/secure.gravatar.com\/avatar\/1072c6b775fb02ef8506ce967551d95926669a6b7d2c2147b42eea4d7c68395e?s=96&d=mm&r=g","url":"https:\/\/secure.gravatar.com\/avatar\/1072c6b775fb02ef8506ce967551d95926669a6b7d2c2147b42eea4d7c68395e?s=96&d=mm&r=g","contentUrl":"https:\/\/secure.gravatar.com\/avatar\/1072c6b775fb02ef8506ce967551d95926669a6b7d2c2147b42eea4d7c68395e?s=96&d=mm&r=g","caption":"Reda\u00e7\u00e3o"},"sameAs":["https:\/\/transamerica93.com.br\/home"],"url":"https:\/\/transamerica93.com.br\/home\/author\/william\/"}]}},"_links":{"self":[{"href":"https:\/\/transamerica93.com.br\/home\/wp-json\/wp\/v2\/posts\/3254","targetHints":{"allow":["GET"]}}],"collection":[{"href":"https:\/\/transamerica93.com.br\/home\/wp-json\/wp\/v2\/posts"}],"about":[{"href":"https:\/\/transamerica93.com.br\/home\/wp-json\/wp\/v2\/types\/post"}],"author":[{"embeddable":true,"href":"https:\/\/transamerica93.com.br\/home\/wp-json\/wp\/v2\/users\/1"}],"replies":[{"embeddable":true,"href":"https:\/\/transamerica93.com.br\/home\/wp-json\/wp\/v2\/comments?post=3254"}],"version-history":[{"count":1,"href":"https:\/\/transamerica93.com.br\/home\/wp-json\/wp\/v2\/posts\/3254\/revisions"}],"predecessor-version":[{"id":3256,"href":"https:\/\/transamerica93.com.br\/home\/wp-json\/wp\/v2\/posts\/3254\/revisions\/3256"}],"wp:featuredmedia":[{"embeddable":true,"href":"https:\/\/transamerica93.com.br\/home\/wp-json\/wp\/v2\/media\/3255"}],"wp:attachment":[{"href":"https:\/\/transamerica93.com.br\/home\/wp-json\/wp\/v2\/media?parent=3254"}],"wp:term":[{"taxonomy":"category","embeddable":true,"href":"https:\/\/transamerica93.com.br\/home\/wp-json\/wp\/v2\/categories?post=3254"},{"taxonomy":"post_tag","embeddable":true,"href":"https:\/\/transamerica93.com.br\/home\/wp-json\/wp\/v2\/tags?post=3254"}],"curies":[{"name":"wp","href":"https:\/\/api.w.org\/{rel}","templated":true}]}}