{"id":3277,"date":"2024-06-04T15:00:09","date_gmt":"2024-06-04T18:00:09","guid":{"rendered":"https:\/\/transamerica93.com.br\/home\/?p=3277"},"modified":"2024-05-31T03:03:11","modified_gmt":"2024-05-31T06:03:11","slug":"mariah-carey-anuncia-show-em-sao-paulo","status":"publish","type":"post","link":"https:\/\/transamerica93.com.br\/home\/mariah-carey-anuncia-show-em-sao-paulo\/","title":{"rendered":"Mariah Carey anuncia show em S\u00e3o Paulo"},"content":{"rendered":"<h6 class=\"Assina\">Por Dora Guerra<\/h6>\n<p>Mariah Carey, atra\u00e7\u00e3o confirmada no Rock in Rio 2024, far\u00e1 um \u00fanico show solo no Brasil fora do festival. Ela se apresenta no dia 20 de setembro, no Allianz Parque, na zona oeste de S\u00e3o Paulo. A \u00faltima vez que a cantora se apresentou no Brasil foi em 2010, na Festa do Pe\u00e3o de Barretos (SP).<\/p>\n<p>A data do show de Mariah no Rock in Rio foi a primeira a esgotar no festival, em menos de duas horas.<\/p>\n<p>Os ingressos para o show em S\u00e3o Paulo come\u00e7am a ser vendidos para o dia 4 de junho, \u00e0s 10h, em uma pr\u00e9-venda exclusiva para clientes do Banco Santander. J\u00e1 a venda geral come\u00e7a no dia 6 de junho, ao meio-dia, no site da Eventim, e a partir das 13h, nas bilheterias oficiais.<\/p>\n<p>Os ingressos variam entre R$ 170 (cadeira superior, meia entrada) e R$ 790 (pista premium inteira). Os ingressos ter\u00e3o 10% de desconto para os clientes Santander.<\/p>\n<p><b>Mariah Carey em S\u00e3o Paulo<\/b><\/p>\n<p>&#8211; Data: 20 de setembro (sexta-feira)<\/p>\n<p>&#8211; Abertura dos Port\u00f5es: 17h<\/p>\n<p>&#8211; Local: Allianz Parque<\/p>\n<p>&#8211; Endere\u00e7o: Avenida Francisco Matarazzo, 1705, R. Palestra It\u00e1lia, 200 &#8211; \u00c1gua Branca<\/p>\n<p>&#8211; Classifica\u00e7\u00e3o et\u00e1ria: Entrada e perman\u00eancia de crian\u00e7as\/adolescentes de 5 a 15 anos de idade, acompanhados dos pais ou respons\u00e1veis, e de 16 a 17 anos, desacompanhados dos pais ou respons\u00e1veis legais<\/p>\n<p>&#8211; Organiza\u00e7\u00e3o: 30e<\/p>\n<p><b>Pre\u00e7os<\/b><\/p>\n<p>&#8211; Cadeira Superior: R$ 170 (meia entrada legal), R$ 306 (cliente Santander) e R$ 340 (inteira)<\/p>\n<p>&#8211; Pista: R$195,00 (meia-entrada legal), R$351,00 (cliente Santander) e R$ 390,00 (inteira)<\/p>\n<p>&#8211; Cadeira Inferior: R$245,00 (meia-entrada legal), R$441,00 (cliente Santander) e R$ 490,00 (inteira)<\/p>\n<p>&#8211; Pista Premium: R$395,00 (meia-entrada legal), R$711,00 (cliente Santander) e R$ 790,00 (inteira)<\/p>\n<p><b>Bilheteria oficial<\/b><\/p>\n<p>&#8211; Allianz Parque &#8211; Bilheteria B (apenas na pr\u00e9-venda e abertura da venda geral)<\/p>\n<p>&#8211; Endere\u00e7o: Av. Francisco Matarazzo, 1705 &#8211; Port\u00e3o B &#8211; \u00c1gua Branca &#8211; S\u00e3o Paulo\/SP<\/p>\n<p>&#8211; Funcionamento: Ter\u00e7a a s\u00e1bado das 10h \u00e0s 17h. N\u00e3o h\u00e1 funcionamento em feriados, emendas de feriados, dias de jogos ou em dias de eventos de outras empresas.<\/p>\n<p>&#8211; Allianz Parque &#8211; Bilheteria A (ap\u00f3s a abertura da venda geral)<\/p>\n<p>&#8211; Endere\u00e7o: Rua Palestra It\u00e1lia, 200 &#8211; Port\u00e3o A &#8211; Perdizes &#8211; S\u00e3o Paulo\/SP<\/p>\n<p>&#8211; Funcionamento: Ter\u00e7a a s\u00e1bado das 10h \u00e0s 17h. N\u00e3o h\u00e1 funcionamento em feriados, emendas de feriados, dias de jogos ou em dias de eventos de outras empresas.<\/p>\n","protected":false},"excerpt":{"rendered":"<p>Por Dora Guerra Mariah Carey, atra\u00e7\u00e3o confirmada no Rock in Rio 2024, far\u00e1 um \u00fanico show solo no Brasil fora do festival. Ela se apresenta no dia 20 de setembro, no Allianz Parque, na zona oeste de S\u00e3o Paulo. A \u00faltima vez que a cantora se apresentou no Brasil foi em 2010, na Festa do &hellip;<\/p>\n","protected":false},"author":1,"featured_media":3278,"comment_status":"closed","ping_status":"closed","sticky":false,"template":"","format":"standard","meta":{"footnotes":""},"categories":[25],"tags":[],"class_list":["post-3277","post","type-post","status-publish","format-standard","has-post-thumbnail","hentry","category-musica"],"yoast_head":"<!-- This site is optimized with the Yoast SEO plugin v27.4 - https:\/\/yoast.com\/product\/yoast-seo-wordpress\/ -->\n<title>Mariah Carey anuncia show em S\u00e3o Paulo - Transam\u00e9rica Mococa 93,3<\/title>\n<meta name=\"robots\" content=\"index, follow, max-snippet:-1, max-image-preview:large, max-video-preview:-1\" \/>\n<link rel=\"canonical\" href=\"https:\/\/transamerica93.com.br\/home\/mariah-carey-anuncia-show-em-sao-paulo\/\" \/>\n<meta property=\"og:locale\" content=\"pt_BR\" \/>\n<meta property=\"og:type\" content=\"article\" \/>\n<meta property=\"og:title\" content=\"Mariah Carey anuncia show em S\u00e3o Paulo - Transam\u00e9rica Mococa 93,3\" \/>\n<meta property=\"og:description\" content=\"Por Dora Guerra Mariah Carey, atra\u00e7\u00e3o confirmada no Rock in Rio 2024, far\u00e1 um \u00fanico show solo no Brasil fora do festival. Ela se apresenta no dia 20 de setembro, no Allianz Parque, na zona oeste de S\u00e3o Paulo. A \u00faltima vez que a cantora se apresentou no Brasil foi em 2010, na Festa do &hellip;\" \/>\n<meta property=\"og:url\" content=\"https:\/\/transamerica93.com.br\/home\/mariah-carey-anuncia-show-em-sao-paulo\/\" \/>\n<meta property=\"og:site_name\" content=\"Transam\u00e9rica Mococa 93,3\" \/>\n<meta property=\"article:publisher\" content=\"https:\/\/www.facebook.com\/transamericamococa\" \/>\n<meta property=\"article:published_time\" content=\"2024-06-04T18:00:09+00:00\" \/>\n<meta property=\"og:image\" content=\"https:\/\/transamerica93.com.br\/home\/wp-content\/uploads\/2024\/05\/imagem-52.jpg\" \/>\n\t<meta property=\"og:image:width\" content=\"987\" \/>\n\t<meta property=\"og:image:height\" content=\"641\" \/>\n\t<meta property=\"og:image:type\" content=\"image\/jpeg\" \/>\n<meta name=\"author\" content=\"Reda\u00e7\u00e3o\" \/>\n<meta name=\"twitter:card\" content=\"summary_large_image\" \/>\n<meta name=\"twitter:creator\" content=\"@transamerica933\" \/>\n<meta name=\"twitter:site\" content=\"@transamerica933\" \/>\n<meta name=\"twitter:label1\" content=\"Escrito por\" \/>\n\t<meta name=\"twitter:data1\" content=\"Reda\u00e7\u00e3o\" \/>\n\t<meta name=\"twitter:label2\" content=\"Est. tempo de leitura\" \/>\n\t<meta name=\"twitter:data2\" content=\"3 minutos\" \/>\n<script type=\"application\/ld+json\" class=\"yoast-schema-graph\">{\"@context\":\"https:\\\/\\\/schema.org\",\"@graph\":[{\"@type\":\"Article\",\"@id\":\"https:\\\/\\\/transamerica93.com.br\\\/home\\\/mariah-carey-anuncia-show-em-sao-paulo\\\/#article\",\"isPartOf\":{\"@id\":\"https:\\\/\\\/transamerica93.com.br\\\/home\\\/mariah-carey-anuncia-show-em-sao-paulo\\\/\"},\"author\":{\"name\":\"Reda\u00e7\u00e3o\",\"@id\":\"https:\\\/\\\/transamerica93.com.br\\\/home\\\/#\\\/schema\\\/person\\\/7fed7c99c0d4562efa8561bc0f543172\"},\"headline\":\"Mariah Carey anuncia show em S\u00e3o Paulo\",\"datePublished\":\"2024-06-04T18:00:09+00:00\",\"mainEntityOfPage\":{\"@id\":\"https:\\\/\\\/transamerica93.com.br\\\/home\\\/mariah-carey-anuncia-show-em-sao-paulo\\\/\"},\"wordCount\":419,\"publisher\":{\"@id\":\"https:\\\/\\\/transamerica93.com.br\\\/home\\\/#organization\"},\"image\":{\"@id\":\"https:\\\/\\\/transamerica93.com.br\\\/home\\\/mariah-carey-anuncia-show-em-sao-paulo\\\/#primaryimage\"},\"thumbnailUrl\":\"https:\\\/\\\/transamerica93.com.br\\\/home\\\/wp-content\\\/uploads\\\/2024\\\/05\\\/imagem-52.jpg\",\"articleSection\":[\"M\u00fasica\"],\"inLanguage\":\"pt-BR\"},{\"@type\":\"WebPage\",\"@id\":\"https:\\\/\\\/transamerica93.com.br\\\/home\\\/mariah-carey-anuncia-show-em-sao-paulo\\\/\",\"url\":\"https:\\\/\\\/transamerica93.com.br\\\/home\\\/mariah-carey-anuncia-show-em-sao-paulo\\\/\",\"name\":\"Mariah Carey anuncia show em S\u00e3o Paulo - Transam\u00e9rica Mococa 93,3\",\"isPartOf\":{\"@id\":\"https:\\\/\\\/transamerica93.com.br\\\/home\\\/#website\"},\"primaryImageOfPage\":{\"@id\":\"https:\\\/\\\/transamerica93.com.br\\\/home\\\/mariah-carey-anuncia-show-em-sao-paulo\\\/#primaryimage\"},\"image\":{\"@id\":\"https:\\\/\\\/transamerica93.com.br\\\/home\\\/mariah-carey-anuncia-show-em-sao-paulo\\\/#primaryimage\"},\"thumbnailUrl\":\"https:\\\/\\\/transamerica93.com.br\\\/home\\\/wp-content\\\/uploads\\\/2024\\\/05\\\/imagem-52.jpg\",\"datePublished\":\"2024-06-04T18:00:09+00:00\",\"breadcrumb\":{\"@id\":\"https:\\\/\\\/transamerica93.com.br\\\/home\\\/mariah-carey-anuncia-show-em-sao-paulo\\\/#breadcrumb\"},\"inLanguage\":\"pt-BR\",\"potentialAction\":[{\"@type\":\"ReadAction\",\"target\":[\"https:\\\/\\\/transamerica93.com.br\\\/home\\\/mariah-carey-anuncia-show-em-sao-paulo\\\/\"]}]},{\"@type\":\"ImageObject\",\"inLanguage\":\"pt-BR\",\"@id\":\"https:\\\/\\\/transamerica93.com.br\\\/home\\\/mariah-carey-anuncia-show-em-sao-paulo\\\/#primaryimage\",\"url\":\"https:\\\/\\\/transamerica93.com.br\\\/home\\\/wp-content\\\/uploads\\\/2024\\\/05\\\/imagem-52.jpg\",\"contentUrl\":\"https:\\\/\\\/transamerica93.com.br\\\/home\\\/wp-content\\\/uploads\\\/2024\\\/05\\\/imagem-52.jpg\",\"width\":987,\"height\":641},{\"@type\":\"BreadcrumbList\",\"@id\":\"https:\\\/\\\/transamerica93.com.br\\\/home\\\/mariah-carey-anuncia-show-em-sao-paulo\\\/#breadcrumb\",\"itemListElement\":[{\"@type\":\"ListItem\",\"position\":1,\"name\":\"In\u00edcio\",\"item\":\"https:\\\/\\\/transamerica93.com.br\\\/home\\\/\"},{\"@type\":\"ListItem\",\"position\":2,\"name\":\"Mariah Carey anuncia show em S\u00e3o Paulo\"}]},{\"@type\":\"WebSite\",\"@id\":\"https:\\\/\\\/transamerica93.com.br\\\/home\\\/#website\",\"url\":\"https:\\\/\\\/transamerica93.com.br\\\/home\\\/\",\"name\":\"Transam\u00e9rica Mococa 93,3\",\"description\":\"\",\"publisher\":{\"@id\":\"https:\\\/\\\/transamerica93.com.br\\\/home\\\/#organization\"},\"potentialAction\":[{\"@type\":\"SearchAction\",\"target\":{\"@type\":\"EntryPoint\",\"urlTemplate\":\"https:\\\/\\\/transamerica93.com.br\\\/home\\\/?s={search_term_string}\"},\"query-input\":{\"@type\":\"PropertyValueSpecification\",\"valueRequired\":true,\"valueName\":\"search_term_string\"}}],\"inLanguage\":\"pt-BR\"},{\"@type\":\"Organization\",\"@id\":\"https:\\\/\\\/transamerica93.com.br\\\/home\\\/#organization\",\"name\":\"Transam\u00e9rica Mococa 93,3\",\"url\":\"https:\\\/\\\/transamerica93.com.br\\\/home\\\/\",\"logo\":{\"@type\":\"ImageObject\",\"inLanguage\":\"pt-BR\",\"@id\":\"https:\\\/\\\/transamerica93.com.br\\\/home\\\/#\\\/schema\\\/logo\\\/image\\\/\",\"url\":\"https:\\\/\\\/transamerica93.com.br\\\/home\\\/wp-content\\\/uploads\\\/2023\\\/10\\\/logo2.png\",\"contentUrl\":\"https:\\\/\\\/transamerica93.com.br\\\/home\\\/wp-content\\\/uploads\\\/2023\\\/10\\\/logo2.png\",\"width\":800,\"height\":500,\"caption\":\"Transam\u00e9rica Mococa 93,3\"},\"image\":{\"@id\":\"https:\\\/\\\/transamerica93.com.br\\\/home\\\/#\\\/schema\\\/logo\\\/image\\\/\"},\"sameAs\":[\"https:\\\/\\\/www.facebook.com\\\/transamericamococa\",\"https:\\\/\\\/x.com\\\/transamerica933\",\"https:\\\/\\\/www.instagram.com\\\/transamericamococa\"]},{\"@type\":\"Person\",\"@id\":\"https:\\\/\\\/transamerica93.com.br\\\/home\\\/#\\\/schema\\\/person\\\/7fed7c99c0d4562efa8561bc0f543172\",\"name\":\"Reda\u00e7\u00e3o\",\"image\":{\"@type\":\"ImageObject\",\"inLanguage\":\"pt-BR\",\"@id\":\"https:\\\/\\\/secure.gravatar.com\\\/avatar\\\/1072c6b775fb02ef8506ce967551d95926669a6b7d2c2147b42eea4d7c68395e?s=96&d=mm&r=g\",\"url\":\"https:\\\/\\\/secure.gravatar.com\\\/avatar\\\/1072c6b775fb02ef8506ce967551d95926669a6b7d2c2147b42eea4d7c68395e?s=96&d=mm&r=g\",\"contentUrl\":\"https:\\\/\\\/secure.gravatar.com\\\/avatar\\\/1072c6b775fb02ef8506ce967551d95926669a6b7d2c2147b42eea4d7c68395e?s=96&d=mm&r=g\",\"caption\":\"Reda\u00e7\u00e3o\"},\"sameAs\":[\"https:\\\/\\\/transamerica93.com.br\\\/home\"],\"url\":\"https:\\\/\\\/transamerica93.com.br\\\/home\\\/author\\\/william\\\/\"}]}<\/script>\n<!-- \/ Yoast SEO plugin. -->","yoast_head_json":{"title":"Mariah Carey anuncia show em S\u00e3o Paulo - Transam\u00e9rica Mococa 93,3","robots":{"index":"index","follow":"follow","max-snippet":"max-snippet:-1","max-image-preview":"max-image-preview:large","max-video-preview":"max-video-preview:-1"},"canonical":"https:\/\/transamerica93.com.br\/home\/mariah-carey-anuncia-show-em-sao-paulo\/","og_locale":"pt_BR","og_type":"article","og_title":"Mariah Carey anuncia show em S\u00e3o Paulo - Transam\u00e9rica Mococa 93,3","og_description":"Por Dora Guerra Mariah Carey, atra\u00e7\u00e3o confirmada no Rock in Rio 2024, far\u00e1 um \u00fanico show solo no Brasil fora do festival. Ela se apresenta no dia 20 de setembro, no Allianz Parque, na zona oeste de S\u00e3o Paulo. A \u00faltima vez que a cantora se apresentou no Brasil foi em 2010, na Festa do &hellip;","og_url":"https:\/\/transamerica93.com.br\/home\/mariah-carey-anuncia-show-em-sao-paulo\/","og_site_name":"Transam\u00e9rica Mococa 93,3","article_publisher":"https:\/\/www.facebook.com\/transamericamococa","article_published_time":"2024-06-04T18:00:09+00:00","og_image":[{"width":987,"height":641,"url":"https:\/\/transamerica93.com.br\/home\/wp-content\/uploads\/2024\/05\/imagem-52.jpg","type":"image\/jpeg"}],"author":"Reda\u00e7\u00e3o","twitter_card":"summary_large_image","twitter_creator":"@transamerica933","twitter_site":"@transamerica933","twitter_misc":{"Escrito por":"Reda\u00e7\u00e3o","Est. tempo de leitura":"3 minutos"},"schema":{"@context":"https:\/\/schema.org","@graph":[{"@type":"Article","@id":"https:\/\/transamerica93.com.br\/home\/mariah-carey-anuncia-show-em-sao-paulo\/#article","isPartOf":{"@id":"https:\/\/transamerica93.com.br\/home\/mariah-carey-anuncia-show-em-sao-paulo\/"},"author":{"name":"Reda\u00e7\u00e3o","@id":"https:\/\/transamerica93.com.br\/home\/#\/schema\/person\/7fed7c99c0d4562efa8561bc0f543172"},"headline":"Mariah Carey anuncia show em S\u00e3o Paulo","datePublished":"2024-06-04T18:00:09+00:00","mainEntityOfPage":{"@id":"https:\/\/transamerica93.com.br\/home\/mariah-carey-anuncia-show-em-sao-paulo\/"},"wordCount":419,"publisher":{"@id":"https:\/\/transamerica93.com.br\/home\/#organization"},"image":{"@id":"https:\/\/transamerica93.com.br\/home\/mariah-carey-anuncia-show-em-sao-paulo\/#primaryimage"},"thumbnailUrl":"https:\/\/transamerica93.com.br\/home\/wp-content\/uploads\/2024\/05\/imagem-52.jpg","articleSection":["M\u00fasica"],"inLanguage":"pt-BR"},{"@type":"WebPage","@id":"https:\/\/transamerica93.com.br\/home\/mariah-carey-anuncia-show-em-sao-paulo\/","url":"https:\/\/transamerica93.com.br\/home\/mariah-carey-anuncia-show-em-sao-paulo\/","name":"Mariah Carey anuncia show em S\u00e3o Paulo - Transam\u00e9rica Mococa 93,3","isPartOf":{"@id":"https:\/\/transamerica93.com.br\/home\/#website"},"primaryImageOfPage":{"@id":"https:\/\/transamerica93.com.br\/home\/mariah-carey-anuncia-show-em-sao-paulo\/#primaryimage"},"image":{"@id":"https:\/\/transamerica93.com.br\/home\/mariah-carey-anuncia-show-em-sao-paulo\/#primaryimage"},"thumbnailUrl":"https:\/\/transamerica93.com.br\/home\/wp-content\/uploads\/2024\/05\/imagem-52.jpg","datePublished":"2024-06-04T18:00:09+00:00","breadcrumb":{"@id":"https:\/\/transamerica93.com.br\/home\/mariah-carey-anuncia-show-em-sao-paulo\/#breadcrumb"},"inLanguage":"pt-BR","potentialAction":[{"@type":"ReadAction","target":["https:\/\/transamerica93.com.br\/home\/mariah-carey-anuncia-show-em-sao-paulo\/"]}]},{"@type":"ImageObject","inLanguage":"pt-BR","@id":"https:\/\/transamerica93.com.br\/home\/mariah-carey-anuncia-show-em-sao-paulo\/#primaryimage","url":"https:\/\/transamerica93.com.br\/home\/wp-content\/uploads\/2024\/05\/imagem-52.jpg","contentUrl":"https:\/\/transamerica93.com.br\/home\/wp-content\/uploads\/2024\/05\/imagem-52.jpg","width":987,"height":641},{"@type":"BreadcrumbList","@id":"https:\/\/transamerica93.com.br\/home\/mariah-carey-anuncia-show-em-sao-paulo\/#breadcrumb","itemListElement":[{"@type":"ListItem","position":1,"name":"In\u00edcio","item":"https:\/\/transamerica93.com.br\/home\/"},{"@type":"ListItem","position":2,"name":"Mariah Carey anuncia show em S\u00e3o Paulo"}]},{"@type":"WebSite","@id":"https:\/\/transamerica93.com.br\/home\/#website","url":"https:\/\/transamerica93.com.br\/home\/","name":"Transam\u00e9rica Mococa 93,3","description":"","publisher":{"@id":"https:\/\/transamerica93.com.br\/home\/#organization"},"potentialAction":[{"@type":"SearchAction","target":{"@type":"EntryPoint","urlTemplate":"https:\/\/transamerica93.com.br\/home\/?s={search_term_string}"},"query-input":{"@type":"PropertyValueSpecification","valueRequired":true,"valueName":"search_term_string"}}],"inLanguage":"pt-BR"},{"@type":"Organization","@id":"https:\/\/transamerica93.com.br\/home\/#organization","name":"Transam\u00e9rica Mococa 93,3","url":"https:\/\/transamerica93.com.br\/home\/","logo":{"@type":"ImageObject","inLanguage":"pt-BR","@id":"https:\/\/transamerica93.com.br\/home\/#\/schema\/logo\/image\/","url":"https:\/\/transamerica93.com.br\/home\/wp-content\/uploads\/2023\/10\/logo2.png","contentUrl":"https:\/\/transamerica93.com.br\/home\/wp-content\/uploads\/2023\/10\/logo2.png","width":800,"height":500,"caption":"Transam\u00e9rica Mococa 93,3"},"image":{"@id":"https:\/\/transamerica93.com.br\/home\/#\/schema\/logo\/image\/"},"sameAs":["https:\/\/www.facebook.com\/transamericamococa","https:\/\/x.com\/transamerica933","https:\/\/www.instagram.com\/transamericamococa"]},{"@type":"Person","@id":"https:\/\/transamerica93.com.br\/home\/#\/schema\/person\/7fed7c99c0d4562efa8561bc0f543172","name":"Reda\u00e7\u00e3o","image":{"@type":"ImageObject","inLanguage":"pt-BR","@id":"https:\/\/secure.gravatar.com\/avatar\/1072c6b775fb02ef8506ce967551d95926669a6b7d2c2147b42eea4d7c68395e?s=96&d=mm&r=g","url":"https:\/\/secure.gravatar.com\/avatar\/1072c6b775fb02ef8506ce967551d95926669a6b7d2c2147b42eea4d7c68395e?s=96&d=mm&r=g","contentUrl":"https:\/\/secure.gravatar.com\/avatar\/1072c6b775fb02ef8506ce967551d95926669a6b7d2c2147b42eea4d7c68395e?s=96&d=mm&r=g","caption":"Reda\u00e7\u00e3o"},"sameAs":["https:\/\/transamerica93.com.br\/home"],"url":"https:\/\/transamerica93.com.br\/home\/author\/william\/"}]}},"_links":{"self":[{"href":"https:\/\/transamerica93.com.br\/home\/wp-json\/wp\/v2\/posts\/3277","targetHints":{"allow":["GET"]}}],"collection":[{"href":"https:\/\/transamerica93.com.br\/home\/wp-json\/wp\/v2\/posts"}],"about":[{"href":"https:\/\/transamerica93.com.br\/home\/wp-json\/wp\/v2\/types\/post"}],"author":[{"embeddable":true,"href":"https:\/\/transamerica93.com.br\/home\/wp-json\/wp\/v2\/users\/1"}],"replies":[{"embeddable":true,"href":"https:\/\/transamerica93.com.br\/home\/wp-json\/wp\/v2\/comments?post=3277"}],"version-history":[{"count":1,"href":"https:\/\/transamerica93.com.br\/home\/wp-json\/wp\/v2\/posts\/3277\/revisions"}],"predecessor-version":[{"id":3279,"href":"https:\/\/transamerica93.com.br\/home\/wp-json\/wp\/v2\/posts\/3277\/revisions\/3279"}],"wp:featuredmedia":[{"embeddable":true,"href":"https:\/\/transamerica93.com.br\/home\/wp-json\/wp\/v2\/media\/3278"}],"wp:attachment":[{"href":"https:\/\/transamerica93.com.br\/home\/wp-json\/wp\/v2\/media?parent=3277"}],"wp:term":[{"taxonomy":"category","embeddable":true,"href":"https:\/\/transamerica93.com.br\/home\/wp-json\/wp\/v2\/categories?post=3277"},{"taxonomy":"post_tag","embeddable":true,"href":"https:\/\/transamerica93.com.br\/home\/wp-json\/wp\/v2\/tags?post=3277"}],"curies":[{"name":"wp","href":"https:\/\/api.w.org\/{rel}","templated":true}]}}