{"id":3296,"date":"2024-06-06T18:00:13","date_gmt":"2024-06-06T21:00:13","guid":{"rendered":"https:\/\/transamerica93.com.br\/home\/?p=3296"},"modified":"2024-05-31T03:14:07","modified_gmt":"2024-05-31T06:14:07","slug":"lucas-buda-ex-bbb-24-se-pronuncia-sobre-suspeita-de-paternidade-vou-cumprir-meu-papel","status":"publish","type":"post","link":"https:\/\/transamerica93.com.br\/home\/lucas-buda-ex-bbb-24-se-pronuncia-sobre-suspeita-de-paternidade-vou-cumprir-meu-papel\/","title":{"rendered":"Lucas Buda, ex-BBB 24, se pronuncia sobre suspeita de paternidade: &#8220;Vou cumprir meu papel&#8221;"},"content":{"rendered":"<p>Por Reda\u00e7\u00e3o, O Estado de S. Paulo<\/p>\n<p>O ex-BBB Lucas Buda se manifestou nas redes sociais, para afirmar que vai assumir as responsabilidades caso seja o verdadeiro pai do beb\u00ea esperado por Nina Capelly, prima do MC Binn (ent\u00e3o conhecido como MC Bin Laden).<\/p>\n<p>Os boatos sobre poss\u00edvel gesta\u00e7\u00e3o circularam, quando Nina fez uma s\u00e9rie de publica\u00e7\u00f5es sobre uma suspeita de gravidez. A cantora e influenciadora confirmou a gesta\u00e7\u00e3o para revista <i>Quem<\/i>\u00a0e indicou a poss\u00edvel paternidade de Buda.<\/p>\n<p>&#8220;Um pouco antes de eu conhecer o Buda, terminei um relacionamento de quatro anos, mas quando fiquei com o Buda, n\u00e3o estava mais com ningu\u00e9m&#8221;, disse Nina para a publica\u00e7\u00e3o. &#8220;Tenho quase 70% de certeza que \u00e9 dele&#8221;.<\/p>\n<p>No mesmo dia, a equipe de Buda emitiu um comunicado afirmando que ele n\u00e3o era o pai da crian\u00e7a, mas que faria um teste de DNA. Nesta quinta, 30, o ex-BBB se posicionou em tom mais ameno sobre a situa\u00e7\u00e3o.<\/p>\n<p>&#8220;Fui pego de surpresa com a possibilidade da paternidade e voc\u00eas sabem que sempre falei do meu desejo de ser pai. \u00d3bvio que n\u00e3o precisava ser desse jeito, mas sempre falava desse desejo. Tenho uma rela\u00e7\u00e3o um pouco complexa com esse assunto por causa do meu hist\u00f3rico, n\u00e3o conhe\u00e7o meu pai biol\u00f3gico&#8221;, disse.<\/p>\n<p>A seguir, Buda afirmou que se colocou \u00e0 disposi\u00e7\u00e3o de Nina. &#8220;Estou disposto a assumir todas as responsabilidades, cumprir com meu papel. Seguindo, n\u00e9? Seguir a vida. J\u00e1 entrei em contato com a Nina para dar o primeiro suporte, e estou meu organizando para ir para S\u00e3o Paulo para a gente poder conversar pessoalmente&#8221;, disse.<\/p>\n<p>Nina e Buda se relacionaram ap\u00f3s o ex-BBB sair da casa e descobrir de que o casamento com a ent\u00e3o esposa, Camila Moura, havia terminado, em abril, ap\u00f3s ele flertar com outras participantes da edi\u00e7\u00e3o.<\/p>\n","protected":false},"excerpt":{"rendered":"<p>Por Reda\u00e7\u00e3o, O Estado de S. Paulo O ex-BBB Lucas Buda se manifestou nas redes sociais, para afirmar que vai assumir as responsabilidades caso seja o verdadeiro pai do beb\u00ea esperado por Nina Capelly, prima do MC Binn (ent\u00e3o conhecido como MC Bin Laden). Os boatos sobre poss\u00edvel gesta\u00e7\u00e3o circularam, quando Nina fez uma s\u00e9rie &hellip;<\/p>\n","protected":false},"author":1,"featured_media":3297,"comment_status":"closed","ping_status":"closed","sticky":false,"template":"","format":"standard","meta":{"footnotes":""},"categories":[24],"tags":[],"class_list":["post-3296","post","type-post","status-publish","format-standard","has-post-thumbnail","hentry","category-entretenimento"],"yoast_head":"<!-- This site is optimized with the Yoast SEO plugin v27.4 - https:\/\/yoast.com\/product\/yoast-seo-wordpress\/ -->\n<title>Lucas Buda, ex-BBB 24, se pronuncia sobre suspeita de paternidade: &quot;Vou cumprir meu papel&quot; - Transam\u00e9rica Mococa 93,3<\/title>\n<meta name=\"robots\" content=\"index, follow, max-snippet:-1, max-image-preview:large, max-video-preview:-1\" \/>\n<link rel=\"canonical\" href=\"https:\/\/transamerica93.com.br\/home\/lucas-buda-ex-bbb-24-se-pronuncia-sobre-suspeita-de-paternidade-vou-cumprir-meu-papel\/\" \/>\n<meta property=\"og:locale\" content=\"pt_BR\" \/>\n<meta property=\"og:type\" content=\"article\" \/>\n<meta property=\"og:title\" content=\"Lucas Buda, ex-BBB 24, se pronuncia sobre suspeita de paternidade: &quot;Vou cumprir meu papel&quot; - Transam\u00e9rica Mococa 93,3\" \/>\n<meta property=\"og:description\" content=\"Por Reda\u00e7\u00e3o, O Estado de S. Paulo O ex-BBB Lucas Buda se manifestou nas redes sociais, para afirmar que vai assumir as responsabilidades caso seja o verdadeiro pai do beb\u00ea esperado por Nina Capelly, prima do MC Binn (ent\u00e3o conhecido como MC Bin Laden). Os boatos sobre poss\u00edvel gesta\u00e7\u00e3o circularam, quando Nina fez uma s\u00e9rie &hellip;\" \/>\n<meta property=\"og:url\" content=\"https:\/\/transamerica93.com.br\/home\/lucas-buda-ex-bbb-24-se-pronuncia-sobre-suspeita-de-paternidade-vou-cumprir-meu-papel\/\" \/>\n<meta property=\"og:site_name\" content=\"Transam\u00e9rica Mococa 93,3\" \/>\n<meta property=\"article:publisher\" content=\"https:\/\/www.facebook.com\/transamericamococa\" \/>\n<meta property=\"article:published_time\" content=\"2024-06-06T21:00:13+00:00\" \/>\n<meta property=\"og:image\" content=\"https:\/\/transamerica93.com.br\/home\/wp-content\/uploads\/2024\/05\/imagem-57.jpg\" \/>\n\t<meta property=\"og:image:width\" content=\"788\" \/>\n\t<meta property=\"og:image:height\" content=\"514\" \/>\n\t<meta property=\"og:image:type\" content=\"image\/jpeg\" \/>\n<meta name=\"author\" content=\"Reda\u00e7\u00e3o\" \/>\n<meta name=\"twitter:card\" content=\"summary_large_image\" \/>\n<meta name=\"twitter:creator\" content=\"@transamerica933\" \/>\n<meta name=\"twitter:site\" content=\"@transamerica933\" \/>\n<meta name=\"twitter:label1\" content=\"Escrito por\" \/>\n\t<meta name=\"twitter:data1\" content=\"Reda\u00e7\u00e3o\" \/>\n\t<meta name=\"twitter:label2\" content=\"Est. tempo de leitura\" \/>\n\t<meta name=\"twitter:data2\" content=\"2 minutos\" \/>\n<script type=\"application\/ld+json\" class=\"yoast-schema-graph\">{\"@context\":\"https:\\\/\\\/schema.org\",\"@graph\":[{\"@type\":\"Article\",\"@id\":\"https:\\\/\\\/transamerica93.com.br\\\/home\\\/lucas-buda-ex-bbb-24-se-pronuncia-sobre-suspeita-de-paternidade-vou-cumprir-meu-papel\\\/#article\",\"isPartOf\":{\"@id\":\"https:\\\/\\\/transamerica93.com.br\\\/home\\\/lucas-buda-ex-bbb-24-se-pronuncia-sobre-suspeita-de-paternidade-vou-cumprir-meu-papel\\\/\"},\"author\":{\"name\":\"Reda\u00e7\u00e3o\",\"@id\":\"https:\\\/\\\/transamerica93.com.br\\\/home\\\/#\\\/schema\\\/person\\\/7fed7c99c0d4562efa8561bc0f543172\"},\"headline\":\"Lucas Buda, ex-BBB 24, se pronuncia sobre suspeita de paternidade: &#8220;Vou cumprir meu papel&#8221;\",\"datePublished\":\"2024-06-06T21:00:13+00:00\",\"mainEntityOfPage\":{\"@id\":\"https:\\\/\\\/transamerica93.com.br\\\/home\\\/lucas-buda-ex-bbb-24-se-pronuncia-sobre-suspeita-de-paternidade-vou-cumprir-meu-papel\\\/\"},\"wordCount\":336,\"publisher\":{\"@id\":\"https:\\\/\\\/transamerica93.com.br\\\/home\\\/#organization\"},\"image\":{\"@id\":\"https:\\\/\\\/transamerica93.com.br\\\/home\\\/lucas-buda-ex-bbb-24-se-pronuncia-sobre-suspeita-de-paternidade-vou-cumprir-meu-papel\\\/#primaryimage\"},\"thumbnailUrl\":\"https:\\\/\\\/transamerica93.com.br\\\/home\\\/wp-content\\\/uploads\\\/2024\\\/05\\\/imagem-57.jpg\",\"articleSection\":[\"Entretenimento\"],\"inLanguage\":\"pt-BR\"},{\"@type\":\"WebPage\",\"@id\":\"https:\\\/\\\/transamerica93.com.br\\\/home\\\/lucas-buda-ex-bbb-24-se-pronuncia-sobre-suspeita-de-paternidade-vou-cumprir-meu-papel\\\/\",\"url\":\"https:\\\/\\\/transamerica93.com.br\\\/home\\\/lucas-buda-ex-bbb-24-se-pronuncia-sobre-suspeita-de-paternidade-vou-cumprir-meu-papel\\\/\",\"name\":\"Lucas Buda, ex-BBB 24, se pronuncia sobre suspeita de paternidade: \\\"Vou cumprir meu papel\\\" - Transam\u00e9rica Mococa 93,3\",\"isPartOf\":{\"@id\":\"https:\\\/\\\/transamerica93.com.br\\\/home\\\/#website\"},\"primaryImageOfPage\":{\"@id\":\"https:\\\/\\\/transamerica93.com.br\\\/home\\\/lucas-buda-ex-bbb-24-se-pronuncia-sobre-suspeita-de-paternidade-vou-cumprir-meu-papel\\\/#primaryimage\"},\"image\":{\"@id\":\"https:\\\/\\\/transamerica93.com.br\\\/home\\\/lucas-buda-ex-bbb-24-se-pronuncia-sobre-suspeita-de-paternidade-vou-cumprir-meu-papel\\\/#primaryimage\"},\"thumbnailUrl\":\"https:\\\/\\\/transamerica93.com.br\\\/home\\\/wp-content\\\/uploads\\\/2024\\\/05\\\/imagem-57.jpg\",\"datePublished\":\"2024-06-06T21:00:13+00:00\",\"breadcrumb\":{\"@id\":\"https:\\\/\\\/transamerica93.com.br\\\/home\\\/lucas-buda-ex-bbb-24-se-pronuncia-sobre-suspeita-de-paternidade-vou-cumprir-meu-papel\\\/#breadcrumb\"},\"inLanguage\":\"pt-BR\",\"potentialAction\":[{\"@type\":\"ReadAction\",\"target\":[\"https:\\\/\\\/transamerica93.com.br\\\/home\\\/lucas-buda-ex-bbb-24-se-pronuncia-sobre-suspeita-de-paternidade-vou-cumprir-meu-papel\\\/\"]}]},{\"@type\":\"ImageObject\",\"inLanguage\":\"pt-BR\",\"@id\":\"https:\\\/\\\/transamerica93.com.br\\\/home\\\/lucas-buda-ex-bbb-24-se-pronuncia-sobre-suspeita-de-paternidade-vou-cumprir-meu-papel\\\/#primaryimage\",\"url\":\"https:\\\/\\\/transamerica93.com.br\\\/home\\\/wp-content\\\/uploads\\\/2024\\\/05\\\/imagem-57.jpg\",\"contentUrl\":\"https:\\\/\\\/transamerica93.com.br\\\/home\\\/wp-content\\\/uploads\\\/2024\\\/05\\\/imagem-57.jpg\",\"width\":788,\"height\":514,\"caption\":\"Instagram @lucas.capoeira\"},{\"@type\":\"BreadcrumbList\",\"@id\":\"https:\\\/\\\/transamerica93.com.br\\\/home\\\/lucas-buda-ex-bbb-24-se-pronuncia-sobre-suspeita-de-paternidade-vou-cumprir-meu-papel\\\/#breadcrumb\",\"itemListElement\":[{\"@type\":\"ListItem\",\"position\":1,\"name\":\"In\u00edcio\",\"item\":\"https:\\\/\\\/transamerica93.com.br\\\/home\\\/\"},{\"@type\":\"ListItem\",\"position\":2,\"name\":\"Lucas Buda, ex-BBB 24, se pronuncia sobre suspeita de paternidade: &#8220;Vou cumprir meu papel&#8221;\"}]},{\"@type\":\"WebSite\",\"@id\":\"https:\\\/\\\/transamerica93.com.br\\\/home\\\/#website\",\"url\":\"https:\\\/\\\/transamerica93.com.br\\\/home\\\/\",\"name\":\"Transam\u00e9rica Mococa 93,3\",\"description\":\"\",\"publisher\":{\"@id\":\"https:\\\/\\\/transamerica93.com.br\\\/home\\\/#organization\"},\"potentialAction\":[{\"@type\":\"SearchAction\",\"target\":{\"@type\":\"EntryPoint\",\"urlTemplate\":\"https:\\\/\\\/transamerica93.com.br\\\/home\\\/?s={search_term_string}\"},\"query-input\":{\"@type\":\"PropertyValueSpecification\",\"valueRequired\":true,\"valueName\":\"search_term_string\"}}],\"inLanguage\":\"pt-BR\"},{\"@type\":\"Organization\",\"@id\":\"https:\\\/\\\/transamerica93.com.br\\\/home\\\/#organization\",\"name\":\"Transam\u00e9rica Mococa 93,3\",\"url\":\"https:\\\/\\\/transamerica93.com.br\\\/home\\\/\",\"logo\":{\"@type\":\"ImageObject\",\"inLanguage\":\"pt-BR\",\"@id\":\"https:\\\/\\\/transamerica93.com.br\\\/home\\\/#\\\/schema\\\/logo\\\/image\\\/\",\"url\":\"https:\\\/\\\/transamerica93.com.br\\\/home\\\/wp-content\\\/uploads\\\/2023\\\/10\\\/logo2.png\",\"contentUrl\":\"https:\\\/\\\/transamerica93.com.br\\\/home\\\/wp-content\\\/uploads\\\/2023\\\/10\\\/logo2.png\",\"width\":800,\"height\":500,\"caption\":\"Transam\u00e9rica Mococa 93,3\"},\"image\":{\"@id\":\"https:\\\/\\\/transamerica93.com.br\\\/home\\\/#\\\/schema\\\/logo\\\/image\\\/\"},\"sameAs\":[\"https:\\\/\\\/www.facebook.com\\\/transamericamococa\",\"https:\\\/\\\/x.com\\\/transamerica933\",\"https:\\\/\\\/www.instagram.com\\\/transamericamococa\"]},{\"@type\":\"Person\",\"@id\":\"https:\\\/\\\/transamerica93.com.br\\\/home\\\/#\\\/schema\\\/person\\\/7fed7c99c0d4562efa8561bc0f543172\",\"name\":\"Reda\u00e7\u00e3o\",\"image\":{\"@type\":\"ImageObject\",\"inLanguage\":\"pt-BR\",\"@id\":\"https:\\\/\\\/secure.gravatar.com\\\/avatar\\\/1072c6b775fb02ef8506ce967551d95926669a6b7d2c2147b42eea4d7c68395e?s=96&d=mm&r=g\",\"url\":\"https:\\\/\\\/secure.gravatar.com\\\/avatar\\\/1072c6b775fb02ef8506ce967551d95926669a6b7d2c2147b42eea4d7c68395e?s=96&d=mm&r=g\",\"contentUrl\":\"https:\\\/\\\/secure.gravatar.com\\\/avatar\\\/1072c6b775fb02ef8506ce967551d95926669a6b7d2c2147b42eea4d7c68395e?s=96&d=mm&r=g\",\"caption\":\"Reda\u00e7\u00e3o\"},\"sameAs\":[\"https:\\\/\\\/transamerica93.com.br\\\/home\"],\"url\":\"https:\\\/\\\/transamerica93.com.br\\\/home\\\/author\\\/william\\\/\"}]}<\/script>\n<!-- \/ Yoast SEO plugin. -->","yoast_head_json":{"title":"Lucas Buda, ex-BBB 24, se pronuncia sobre suspeita de paternidade: \"Vou cumprir meu papel\" - Transam\u00e9rica Mococa 93,3","robots":{"index":"index","follow":"follow","max-snippet":"max-snippet:-1","max-image-preview":"max-image-preview:large","max-video-preview":"max-video-preview:-1"},"canonical":"https:\/\/transamerica93.com.br\/home\/lucas-buda-ex-bbb-24-se-pronuncia-sobre-suspeita-de-paternidade-vou-cumprir-meu-papel\/","og_locale":"pt_BR","og_type":"article","og_title":"Lucas Buda, ex-BBB 24, se pronuncia sobre suspeita de paternidade: \"Vou cumprir meu papel\" - Transam\u00e9rica Mococa 93,3","og_description":"Por Reda\u00e7\u00e3o, O Estado de S. Paulo O ex-BBB Lucas Buda se manifestou nas redes sociais, para afirmar que vai assumir as responsabilidades caso seja o verdadeiro pai do beb\u00ea esperado por Nina Capelly, prima do MC Binn (ent\u00e3o conhecido como MC Bin Laden). Os boatos sobre poss\u00edvel gesta\u00e7\u00e3o circularam, quando Nina fez uma s\u00e9rie &hellip;","og_url":"https:\/\/transamerica93.com.br\/home\/lucas-buda-ex-bbb-24-se-pronuncia-sobre-suspeita-de-paternidade-vou-cumprir-meu-papel\/","og_site_name":"Transam\u00e9rica Mococa 93,3","article_publisher":"https:\/\/www.facebook.com\/transamericamococa","article_published_time":"2024-06-06T21:00:13+00:00","og_image":[{"width":788,"height":514,"url":"https:\/\/transamerica93.com.br\/home\/wp-content\/uploads\/2024\/05\/imagem-57.jpg","type":"image\/jpeg"}],"author":"Reda\u00e7\u00e3o","twitter_card":"summary_large_image","twitter_creator":"@transamerica933","twitter_site":"@transamerica933","twitter_misc":{"Escrito por":"Reda\u00e7\u00e3o","Est. tempo de leitura":"2 minutos"},"schema":{"@context":"https:\/\/schema.org","@graph":[{"@type":"Article","@id":"https:\/\/transamerica93.com.br\/home\/lucas-buda-ex-bbb-24-se-pronuncia-sobre-suspeita-de-paternidade-vou-cumprir-meu-papel\/#article","isPartOf":{"@id":"https:\/\/transamerica93.com.br\/home\/lucas-buda-ex-bbb-24-se-pronuncia-sobre-suspeita-de-paternidade-vou-cumprir-meu-papel\/"},"author":{"name":"Reda\u00e7\u00e3o","@id":"https:\/\/transamerica93.com.br\/home\/#\/schema\/person\/7fed7c99c0d4562efa8561bc0f543172"},"headline":"Lucas Buda, ex-BBB 24, se pronuncia sobre suspeita de paternidade: &#8220;Vou cumprir meu papel&#8221;","datePublished":"2024-06-06T21:00:13+00:00","mainEntityOfPage":{"@id":"https:\/\/transamerica93.com.br\/home\/lucas-buda-ex-bbb-24-se-pronuncia-sobre-suspeita-de-paternidade-vou-cumprir-meu-papel\/"},"wordCount":336,"publisher":{"@id":"https:\/\/transamerica93.com.br\/home\/#organization"},"image":{"@id":"https:\/\/transamerica93.com.br\/home\/lucas-buda-ex-bbb-24-se-pronuncia-sobre-suspeita-de-paternidade-vou-cumprir-meu-papel\/#primaryimage"},"thumbnailUrl":"https:\/\/transamerica93.com.br\/home\/wp-content\/uploads\/2024\/05\/imagem-57.jpg","articleSection":["Entretenimento"],"inLanguage":"pt-BR"},{"@type":"WebPage","@id":"https:\/\/transamerica93.com.br\/home\/lucas-buda-ex-bbb-24-se-pronuncia-sobre-suspeita-de-paternidade-vou-cumprir-meu-papel\/","url":"https:\/\/transamerica93.com.br\/home\/lucas-buda-ex-bbb-24-se-pronuncia-sobre-suspeita-de-paternidade-vou-cumprir-meu-papel\/","name":"Lucas Buda, ex-BBB 24, se pronuncia sobre suspeita de paternidade: \"Vou cumprir meu papel\" - Transam\u00e9rica Mococa 93,3","isPartOf":{"@id":"https:\/\/transamerica93.com.br\/home\/#website"},"primaryImageOfPage":{"@id":"https:\/\/transamerica93.com.br\/home\/lucas-buda-ex-bbb-24-se-pronuncia-sobre-suspeita-de-paternidade-vou-cumprir-meu-papel\/#primaryimage"},"image":{"@id":"https:\/\/transamerica93.com.br\/home\/lucas-buda-ex-bbb-24-se-pronuncia-sobre-suspeita-de-paternidade-vou-cumprir-meu-papel\/#primaryimage"},"thumbnailUrl":"https:\/\/transamerica93.com.br\/home\/wp-content\/uploads\/2024\/05\/imagem-57.jpg","datePublished":"2024-06-06T21:00:13+00:00","breadcrumb":{"@id":"https:\/\/transamerica93.com.br\/home\/lucas-buda-ex-bbb-24-se-pronuncia-sobre-suspeita-de-paternidade-vou-cumprir-meu-papel\/#breadcrumb"},"inLanguage":"pt-BR","potentialAction":[{"@type":"ReadAction","target":["https:\/\/transamerica93.com.br\/home\/lucas-buda-ex-bbb-24-se-pronuncia-sobre-suspeita-de-paternidade-vou-cumprir-meu-papel\/"]}]},{"@type":"ImageObject","inLanguage":"pt-BR","@id":"https:\/\/transamerica93.com.br\/home\/lucas-buda-ex-bbb-24-se-pronuncia-sobre-suspeita-de-paternidade-vou-cumprir-meu-papel\/#primaryimage","url":"https:\/\/transamerica93.com.br\/home\/wp-content\/uploads\/2024\/05\/imagem-57.jpg","contentUrl":"https:\/\/transamerica93.com.br\/home\/wp-content\/uploads\/2024\/05\/imagem-57.jpg","width":788,"height":514,"caption":"Instagram @lucas.capoeira"},{"@type":"BreadcrumbList","@id":"https:\/\/transamerica93.com.br\/home\/lucas-buda-ex-bbb-24-se-pronuncia-sobre-suspeita-de-paternidade-vou-cumprir-meu-papel\/#breadcrumb","itemListElement":[{"@type":"ListItem","position":1,"name":"In\u00edcio","item":"https:\/\/transamerica93.com.br\/home\/"},{"@type":"ListItem","position":2,"name":"Lucas Buda, ex-BBB 24, se pronuncia sobre suspeita de paternidade: &#8220;Vou cumprir meu papel&#8221;"}]},{"@type":"WebSite","@id":"https:\/\/transamerica93.com.br\/home\/#website","url":"https:\/\/transamerica93.com.br\/home\/","name":"Transam\u00e9rica Mococa 93,3","description":"","publisher":{"@id":"https:\/\/transamerica93.com.br\/home\/#organization"},"potentialAction":[{"@type":"SearchAction","target":{"@type":"EntryPoint","urlTemplate":"https:\/\/transamerica93.com.br\/home\/?s={search_term_string}"},"query-input":{"@type":"PropertyValueSpecification","valueRequired":true,"valueName":"search_term_string"}}],"inLanguage":"pt-BR"},{"@type":"Organization","@id":"https:\/\/transamerica93.com.br\/home\/#organization","name":"Transam\u00e9rica Mococa 93,3","url":"https:\/\/transamerica93.com.br\/home\/","logo":{"@type":"ImageObject","inLanguage":"pt-BR","@id":"https:\/\/transamerica93.com.br\/home\/#\/schema\/logo\/image\/","url":"https:\/\/transamerica93.com.br\/home\/wp-content\/uploads\/2023\/10\/logo2.png","contentUrl":"https:\/\/transamerica93.com.br\/home\/wp-content\/uploads\/2023\/10\/logo2.png","width":800,"height":500,"caption":"Transam\u00e9rica Mococa 93,3"},"image":{"@id":"https:\/\/transamerica93.com.br\/home\/#\/schema\/logo\/image\/"},"sameAs":["https:\/\/www.facebook.com\/transamericamococa","https:\/\/x.com\/transamerica933","https:\/\/www.instagram.com\/transamericamococa"]},{"@type":"Person","@id":"https:\/\/transamerica93.com.br\/home\/#\/schema\/person\/7fed7c99c0d4562efa8561bc0f543172","name":"Reda\u00e7\u00e3o","image":{"@type":"ImageObject","inLanguage":"pt-BR","@id":"https:\/\/secure.gravatar.com\/avatar\/1072c6b775fb02ef8506ce967551d95926669a6b7d2c2147b42eea4d7c68395e?s=96&d=mm&r=g","url":"https:\/\/secure.gravatar.com\/avatar\/1072c6b775fb02ef8506ce967551d95926669a6b7d2c2147b42eea4d7c68395e?s=96&d=mm&r=g","contentUrl":"https:\/\/secure.gravatar.com\/avatar\/1072c6b775fb02ef8506ce967551d95926669a6b7d2c2147b42eea4d7c68395e?s=96&d=mm&r=g","caption":"Reda\u00e7\u00e3o"},"sameAs":["https:\/\/transamerica93.com.br\/home"],"url":"https:\/\/transamerica93.com.br\/home\/author\/william\/"}]}},"_links":{"self":[{"href":"https:\/\/transamerica93.com.br\/home\/wp-json\/wp\/v2\/posts\/3296","targetHints":{"allow":["GET"]}}],"collection":[{"href":"https:\/\/transamerica93.com.br\/home\/wp-json\/wp\/v2\/posts"}],"about":[{"href":"https:\/\/transamerica93.com.br\/home\/wp-json\/wp\/v2\/types\/post"}],"author":[{"embeddable":true,"href":"https:\/\/transamerica93.com.br\/home\/wp-json\/wp\/v2\/users\/1"}],"replies":[{"embeddable":true,"href":"https:\/\/transamerica93.com.br\/home\/wp-json\/wp\/v2\/comments?post=3296"}],"version-history":[{"count":1,"href":"https:\/\/transamerica93.com.br\/home\/wp-json\/wp\/v2\/posts\/3296\/revisions"}],"predecessor-version":[{"id":3298,"href":"https:\/\/transamerica93.com.br\/home\/wp-json\/wp\/v2\/posts\/3296\/revisions\/3298"}],"wp:featuredmedia":[{"embeddable":true,"href":"https:\/\/transamerica93.com.br\/home\/wp-json\/wp\/v2\/media\/3297"}],"wp:attachment":[{"href":"https:\/\/transamerica93.com.br\/home\/wp-json\/wp\/v2\/media?parent=3296"}],"wp:term":[{"taxonomy":"category","embeddable":true,"href":"https:\/\/transamerica93.com.br\/home\/wp-json\/wp\/v2\/categories?post=3296"},{"taxonomy":"post_tag","embeddable":true,"href":"https:\/\/transamerica93.com.br\/home\/wp-json\/wp\/v2\/tags?post=3296"}],"curies":[{"name":"wp","href":"https:\/\/api.w.org\/{rel}","templated":true}]}}