{"id":3317,"date":"2024-06-11T15:00:51","date_gmt":"2024-06-11T18:00:51","guid":{"rendered":"https:\/\/transamerica93.com.br\/home\/?p=3317"},"modified":"2024-06-06T08:19:48","modified_gmt":"2024-06-06T11:19:48","slug":"jovem-dionisio-existe-vida-apos-o-hit-acorda-pedrinho","status":"publish","type":"post","link":"https:\/\/transamerica93.com.br\/home\/jovem-dionisio-existe-vida-apos-o-hit-acorda-pedrinho\/","title":{"rendered":"Jovem Dion\u00edsio: existe vida ap\u00f3s o hit &#8216;Acorda Pedrinho&#8217;?"},"content":{"rendered":"<h6 class=\"Assina\">Por Pedro Antunes<\/h6>\n<p>Os integrantes do Jovem Dion\u00edsio pensaram, debateram, conversaram. N\u00e3o conseguiram decidir a palavra certa para a m\u00fasica na qual trabalhavam incessantemente. O personagem da can\u00e7\u00e3o vestia o qu\u00ea? Uma jaqueta? Uma cal\u00e7a? &#8220;Foi ent\u00e3o que eu falei: \u2018J\u00e1 vesti n\u00e3o sei o qu\u00ea\u2019&#8221;, conta Bernardo Hey, ao\u00a0<b>Estad\u00e3o<\/b>. Todos da banda se entreolharam. Era isso.<\/p>\n<p>Uma solu\u00e7\u00e3o com a cara do quinteto curitibano: algo entre o jocoso e o indiferente. Propositalmente descolado &#8211; hipsters podem pensar por horas no look, mas nunca v\u00e3o admitir isso. Estava pronto o hit. Mais um.<\/p>\n<p>&#8220;C\u00ea reparou que eu me arrumei? Ah, t\u00f4 bonitinho. J\u00e1 vesti n\u00e3o sei o qu\u00ea. E botei meu cabelinho de frente, t\u00f4 bonitinho. De lado, t\u00f4 bonitinho.&#8221; Esses versos, mais gritados do que cantados na m\u00fasica, foram respons\u00e1veis por dar tra\u00e7\u00e3o, mais uma vez, na escalada da banda nas paradas de sucesso da m\u00fasica atual: as plataformas digitais (como Spotify) e as redes sociais (no Instagram Reels e TikTok).<\/p>\n<p><i>To Bem, a m\u00fasica<\/i>, embala v\u00eddeos de an\u00f4nimos, de gatinhos e de famosos, tamb\u00e9m, como Fl\u00e1via Alessandra, Fabiana Justus, Eliana, Bruno Gagliasso e Rafa Kalimann. Na sexta-feira, 1\u00ba de junho, a m\u00fasica chegou \u00e0 24\u00aa posi\u00e7\u00e3o na parada di\u00e1ria de m\u00fasicas virais no Spotify global, um feito enorme para o trabalho lan\u00e7ado duas semanas antes no segundo \u00e1lbum do grupo,\u00a0<i>Ontem Eu Tinha Certeza (Hoje Eu Tenho Mais)<\/i>.<\/p>\n<p>O fato \u00e9 que poucas pessoas acreditavam na possibilidade do Jovem Dion\u00edsio emplacar uma segunda m\u00fasica nas paradas depois do sucesso retumbante de\u00a0<i>Acorda Pedrinho<\/i>, lan\u00e7ada em 2022, no primeiro disco dos rapazes.<\/p>\n<p>&#8220;Conversamos sobre isso&#8221;, diz Bernardo Pasquali, vocalista e compositor do grupo, a respeito da press\u00e3o por repetir o sucesso do primeiro \u00e1lbum. Havia um receio, \u00e9 claro, diante das compara\u00e7\u00f5es. &#8220;Mas por sorte vivemos em uma \u00e9poca em que podemos pesquisar e entender onde as outras bandas que fizeram um sucesso s\u00f3 erraram&#8221;, avalia.<\/p>\n<p>&#8220;A \u00fanica responsabilidade que temos com a nossa carreira \u00e9 a de fazer m\u00fasica e criar a nossa arte de forma que a gente possa gostar. Para al\u00e9m disso, n\u00e3o temos qualquer controle&#8221;, reflete Pasquali. &#8220;N\u00e3o temos como saber se algum dia criaremos uma m\u00fasica maior do que\u00a0<i>Acorda Pedrinho<\/i>. Talvez a gente nunca tenha, sabe? Talvez\u00a0<i>Acorda Pedrinho<\/i>\u00a0seja a nossa maior m\u00fasica at\u00e9 o fim das nossas vidas e, cara, est\u00e1 tudo bem. A nossa fun\u00e7\u00e3o aqui n\u00e3o \u00e9 fazer uma m\u00fasica maior do que a outra&#8221;, completa a voz da banda curitibana.<\/p>\n<p><b>O que \u00e9 fazer sucesso nos anos 2020?<\/b><\/p>\n<p>M\u00e9tricas de popularidade, afinal, s\u00e3o injustas. Talvez a maior m\u00fasica de Los Hermanos, por exemplo, seja\u00a0<i>Anna J\u00falia<\/i>. Em termos de alcance, na \u00e9poca em que foi lan\u00e7ada, sim, mas est\u00e1 longe de ser a melhor m\u00fasica do quarteto carioca.<\/p>\n<p>O mesmo se d\u00e1 com Jovem Dion\u00edsio e\u00a0<i>Acorda Pedrinho<\/i>: a m\u00fasica sobre um amigo do bar que eles frequentavam n\u00e3o representava o m\u00e1ximo do potencial dos rapazes &#8211; das m\u00fasicas mais s\u00e9rias, como a dilacerante\u00a0<i>Pontos de Exclama\u00e7\u00e3o<\/i>\u00a0e\u00a0<i>Amigos At\u00e9 Certa Inst\u00e2ncia<\/i>, lan\u00e7adas ainda antes do primeiro \u00e1lbum, \u00e0 contemplativa\u00a0<i>C\u00ea Me Viu Ontem<\/i>\u00a0e \u00e0 agridoce\u00a0<i>N\u00e3o Foi Por Mal<\/i>, ambas presentes no trabalho de estreia.<\/p>\n<p><i>Ontem Eu Tinha Certeza (Hoje Eu Tenho Mais)<\/i>\u00a0\u00e9 um \u00e1lbum n\u00e3o convencional e n\u00e3o linear de p\u00f3s-can\u00e7\u00f5es &#8211; \u00e9 como se o grupo paranaense revirasse do avesso o conceito de &#8220;can\u00e7\u00e3o&#8221;. Fazem da can\u00e7\u00e3o um el\u00e1stico para a pr\u00e1tica de pilates: estica, puxa, retorce. Mastigam harmonias e, quando as cospem de volta, apresentam um misto de m\u00fasica concreta, coros de vozes, bossa nova, batidas eletr\u00f4nicas, bom humor da Blitz (sim, h\u00e1 algo de Evandro Mesquita em uma das m\u00fasicas) e desamores, \u00e9 claro.<\/p>\n<p>Nesta mistura, ainda se juntam Arnaldo Antunes e Paulo Leminski (em um sample de uma poema narrado pelo ex-Tit\u00e3s em\u00a0<i>Passeando no Seu Jeito<\/i>), o Grupo Menos \u00c9 Mais (em\u00a0<i>Sinto Muito (Demo)<\/i>) e a Dupla 02 (em N<i>em F*dendo<\/i>).<\/p>\n<p>Em vez de ser ainda mais pop e seguir a f\u00f3rmula que funcionou no primeiro \u00e1lbum, o Jovem Dion\u00edsio escolheu caminhos alternativos. Mesmo assim, parte da dan\u00e7abilidade e o humor s\u00e3o inerentes. A ideia de criar narrativas em poucos versos, tamb\u00e9m. Cada uma das m\u00fasicas do \u00e1lbum \u00e9 um universo em si, com texturas e personagens diferentes.<\/p>\n<p>&#8220;N\u00e3o nos preocupamos em conectar essas m\u00fasicas. A nossa miss\u00e3o era singular em cada can\u00e7\u00e3o&#8221;, explica Pasquali. Dois anos de uma turn\u00ea intensa tamb\u00e9m expandiu a ideia do grupo no que criar para funcionar no palco, explica o tamb\u00e9m integrante Bernardo Hey. &#8220;Conseguimos espremer toda essa carga, toda essa cancha de fazer shows, para descobrir o que conseguir\u00edamos mais. Onde mais poder\u00edamos mergulhar.&#8221;<\/p>\n<p>Este resultado, de tantas colagens e ideias, foi erguido entre janeiro e dezembro de 2023. Nos intervalos das turn\u00eas, a banda embarcava para retiros em cidades como Morretes, localizada a uma hora de carro de Curitiba, para criar as m\u00fasicas. Tamb\u00e9m viajaram a S\u00e3o Paulo, quando o processo estava mais avan\u00e7ado, para trabalhar com quatro m\u00fasicas com o cantor, compositor e produtor T\u00f3 Brandileone. Neste meio tempo, tamb\u00e9m mexiam em cada m\u00fasica em um est\u00fadio pr\u00f3prio.<\/p>\n<p>&#8220;Separamos mais tempo para trabalhar em cada uma das m\u00fasicas&#8221;, comenta o baixista Gustavo Karam. &#8220;Deu para sentir que mesmo sendo um processo mais lento, desgastante, valeu a pena. Tivemos tempo de descobrir como finalizar cada uma das m\u00fasicas.&#8221; Desta vez, o processo do Jovem Dion\u00edsio desbravou qual o momento de parar e deixar a m\u00fasica por finalizada.<\/p>\n<p>O que o sucesso de\u00a0<i>Acorda Pedrinho<\/i>\u00a0fez foi dar ao grupo uma liberdade para experimentar. &#8220;A gente meio que perdeu a vergonha&#8221;, admite Gustavo. &#8220;Nos deu coragem.&#8221;<\/p>\n<p><b>Feito para TikTok?<\/b><\/p>\n<p><i>Ontem Eu Tinha Certeza (Hoje Eu Tenho Mais)<\/i>\u00a0\u00e9, principalmente, uma continua\u00e7\u00e3o destemida que olha em frente. Se o primeiro disco soava como p\u00f3s-cervejada, com um gostinho amargo de ressaca na boca e mem\u00f3rias confusas, o segundo trabalho encara a vida adulta, pr\u00e9-30 anos, como um anti-pop-do-retorno-de-saturno: quando as dores de amor machucam, mas nem tanto, ainda \u00e9 socialmente permitido ser irrespons\u00e1vel (caso seja capaz de acordar cedo no dia seguinte), e rebelde quanto \u00e0s f\u00f3rmulas estabelecidas pela gera\u00e7\u00e3o anterior<\/p>\n<p>&#8220;A gente n\u00e3o faz m\u00fasicas para bombar no TikTok, at\u00e9 porque a gente quase n\u00e3o usa o TikTok&#8221;, explica Gustavo, cuja pr\u00f3pria presen\u00e7a em redes sociais, ali\u00e1s, \u00e9 bastante limitada.<\/p>\n<p>Desde o lan\u00e7amento de\u00a0<i>To Bem<\/i>, contudo, e a m\u00fasica passou a ganhar tra\u00e7\u00e3o nas paradas, o grupo foi questionado sobre criar faixas especificamente para a linguagem do TikTok, como algo pejorativo. &#8220;Ficamos felizes que nossa m\u00fasica seja usada l\u00e1 porque \u00e9 mais uma ferramenta&#8221;, conclui Gustavo.<\/p>\n<p>&#8220;O que eu acho engra\u00e7ado isso&#8221;, diz o vocalista Bernardo Pasquali, sobre a compara\u00e7\u00e3o entre as duas m\u00fasicas virais da carreira, &#8220;porque se voc\u00ea for ver, ritmicamente, melodicamente, o registro da voz, a\u00a0<i>To Bem<\/i>, n\u00e3o tem absolutamente nada a ver com\u00a0<i>Acorda Pedrinho<\/i>.&#8221;<\/p>\n<p>E mesmo que voc\u00ea veja semelhan\u00e7as entre as duas m\u00fasicas, a banda est\u00e1 em paz com a compara\u00e7\u00e3o. &#8220;Vi algu\u00e9m dizendo: \u2018Nossa, que saco, essa m\u00fasica \u00e9 uma esp\u00e9cie de\u00a0<i>Acorda Pedrinho 2<\/i>&#8220;, conclui Pasquali. &#8220;E eu penso que se isso for verdade, \u00e9 \u00f3timo, porque a gente que fez\u00a0<i>Acorda Pedrinho.<\/i>\u00a0\u00c9 nossa m\u00fasica. Minha compara\u00e7\u00e3o \u00e9 com Star Wars. Os caras v\u00e3o lan\u00e7ar o segundo filme e a\u00ed aparece algu\u00e9m que reclama. U\u00e9, voc\u00ea n\u00e3o quer uma continua\u00e7\u00e3o na hist\u00f3ria?&#8221;.<\/p>\n","protected":false},"excerpt":{"rendered":"<p>Por Pedro Antunes Os integrantes do Jovem Dion\u00edsio pensaram, debateram, conversaram. N\u00e3o conseguiram decidir a palavra certa para a m\u00fasica na qual trabalhavam incessantemente. O personagem da can\u00e7\u00e3o vestia o qu\u00ea? Uma jaqueta? Uma cal\u00e7a? &#8220;Foi ent\u00e3o que eu falei: \u2018J\u00e1 vesti n\u00e3o sei o qu\u00ea\u2019&#8221;, conta Bernardo Hey, ao\u00a0Estad\u00e3o. Todos da banda se entreolharam. &hellip;<\/p>\n","protected":false},"author":1,"featured_media":3318,"comment_status":"closed","ping_status":"closed","sticky":false,"template":"","format":"standard","meta":{"footnotes":""},"categories":[25],"tags":[],"class_list":["post-3317","post","type-post","status-publish","format-standard","has-post-thumbnail","hentry","category-musica"],"yoast_head":"<!-- This site is optimized with the Yoast SEO plugin v27.4 - https:\/\/yoast.com\/product\/yoast-seo-wordpress\/ -->\n<title>Jovem Dion\u00edsio: existe vida ap\u00f3s o hit &#039;Acorda Pedrinho&#039;? - Transam\u00e9rica Mococa 93,3<\/title>\n<meta name=\"robots\" content=\"index, follow, max-snippet:-1, max-image-preview:large, max-video-preview:-1\" \/>\n<link rel=\"canonical\" href=\"https:\/\/transamerica93.com.br\/home\/jovem-dionisio-existe-vida-apos-o-hit-acorda-pedrinho\/\" \/>\n<meta property=\"og:locale\" content=\"pt_BR\" \/>\n<meta property=\"og:type\" content=\"article\" \/>\n<meta property=\"og:title\" content=\"Jovem Dion\u00edsio: existe vida ap\u00f3s o hit &#039;Acorda Pedrinho&#039;? - Transam\u00e9rica Mococa 93,3\" \/>\n<meta property=\"og:description\" content=\"Por Pedro Antunes Os integrantes do Jovem Dion\u00edsio pensaram, debateram, conversaram. N\u00e3o conseguiram decidir a palavra certa para a m\u00fasica na qual trabalhavam incessantemente. O personagem da can\u00e7\u00e3o vestia o qu\u00ea? Uma jaqueta? Uma cal\u00e7a? &#8220;Foi ent\u00e3o que eu falei: \u2018J\u00e1 vesti n\u00e3o sei o qu\u00ea\u2019&#8221;, conta Bernardo Hey, ao\u00a0Estad\u00e3o. Todos da banda se entreolharam. &hellip;\" \/>\n<meta property=\"og:url\" content=\"https:\/\/transamerica93.com.br\/home\/jovem-dionisio-existe-vida-apos-o-hit-acorda-pedrinho\/\" \/>\n<meta property=\"og:site_name\" content=\"Transam\u00e9rica Mococa 93,3\" \/>\n<meta property=\"article:publisher\" content=\"https:\/\/www.facebook.com\/transamericamococa\" \/>\n<meta property=\"article:published_time\" content=\"2024-06-11T18:00:51+00:00\" \/>\n<meta property=\"og:image\" content=\"https:\/\/transamerica93.com.br\/home\/wp-content\/uploads\/2024\/06\/imagem-6.jpg\" \/>\n\t<meta property=\"og:image:width\" content=\"2400\" \/>\n\t<meta property=\"og:image:height\" content=\"1600\" \/>\n\t<meta property=\"og:image:type\" content=\"image\/jpeg\" \/>\n<meta name=\"author\" content=\"Reda\u00e7\u00e3o\" \/>\n<meta name=\"twitter:card\" content=\"summary_large_image\" \/>\n<meta name=\"twitter:creator\" content=\"@transamerica933\" \/>\n<meta name=\"twitter:site\" content=\"@transamerica933\" \/>\n<meta name=\"twitter:label1\" content=\"Escrito por\" \/>\n\t<meta name=\"twitter:data1\" content=\"Reda\u00e7\u00e3o\" \/>\n\t<meta name=\"twitter:label2\" content=\"Est. tempo de leitura\" \/>\n\t<meta name=\"twitter:data2\" content=\"7 minutos\" \/>\n<script type=\"application\/ld+json\" class=\"yoast-schema-graph\">{\"@context\":\"https:\\\/\\\/schema.org\",\"@graph\":[{\"@type\":\"Article\",\"@id\":\"https:\\\/\\\/transamerica93.com.br\\\/home\\\/jovem-dionisio-existe-vida-apos-o-hit-acorda-pedrinho\\\/#article\",\"isPartOf\":{\"@id\":\"https:\\\/\\\/transamerica93.com.br\\\/home\\\/jovem-dionisio-existe-vida-apos-o-hit-acorda-pedrinho\\\/\"},\"author\":{\"name\":\"Reda\u00e7\u00e3o\",\"@id\":\"https:\\\/\\\/transamerica93.com.br\\\/home\\\/#\\\/schema\\\/person\\\/7fed7c99c0d4562efa8561bc0f543172\"},\"headline\":\"Jovem Dion\u00edsio: existe vida ap\u00f3s o hit &#8216;Acorda Pedrinho&#8217;?\",\"datePublished\":\"2024-06-11T18:00:51+00:00\",\"mainEntityOfPage\":{\"@id\":\"https:\\\/\\\/transamerica93.com.br\\\/home\\\/jovem-dionisio-existe-vida-apos-o-hit-acorda-pedrinho\\\/\"},\"wordCount\":1336,\"publisher\":{\"@id\":\"https:\\\/\\\/transamerica93.com.br\\\/home\\\/#organization\"},\"image\":{\"@id\":\"https:\\\/\\\/transamerica93.com.br\\\/home\\\/jovem-dionisio-existe-vida-apos-o-hit-acorda-pedrinho\\\/#primaryimage\"},\"thumbnailUrl\":\"https:\\\/\\\/transamerica93.com.br\\\/home\\\/wp-content\\\/uploads\\\/2024\\\/06\\\/imagem-6.jpg\",\"articleSection\":[\"M\u00fasica\"],\"inLanguage\":\"pt-BR\"},{\"@type\":\"WebPage\",\"@id\":\"https:\\\/\\\/transamerica93.com.br\\\/home\\\/jovem-dionisio-existe-vida-apos-o-hit-acorda-pedrinho\\\/\",\"url\":\"https:\\\/\\\/transamerica93.com.br\\\/home\\\/jovem-dionisio-existe-vida-apos-o-hit-acorda-pedrinho\\\/\",\"name\":\"Jovem Dion\u00edsio: existe vida ap\u00f3s o hit 'Acorda Pedrinho'? - Transam\u00e9rica Mococa 93,3\",\"isPartOf\":{\"@id\":\"https:\\\/\\\/transamerica93.com.br\\\/home\\\/#website\"},\"primaryImageOfPage\":{\"@id\":\"https:\\\/\\\/transamerica93.com.br\\\/home\\\/jovem-dionisio-existe-vida-apos-o-hit-acorda-pedrinho\\\/#primaryimage\"},\"image\":{\"@id\":\"https:\\\/\\\/transamerica93.com.br\\\/home\\\/jovem-dionisio-existe-vida-apos-o-hit-acorda-pedrinho\\\/#primaryimage\"},\"thumbnailUrl\":\"https:\\\/\\\/transamerica93.com.br\\\/home\\\/wp-content\\\/uploads\\\/2024\\\/06\\\/imagem-6.jpg\",\"datePublished\":\"2024-06-11T18:00:51+00:00\",\"breadcrumb\":{\"@id\":\"https:\\\/\\\/transamerica93.com.br\\\/home\\\/jovem-dionisio-existe-vida-apos-o-hit-acorda-pedrinho\\\/#breadcrumb\"},\"inLanguage\":\"pt-BR\",\"potentialAction\":[{\"@type\":\"ReadAction\",\"target\":[\"https:\\\/\\\/transamerica93.com.br\\\/home\\\/jovem-dionisio-existe-vida-apos-o-hit-acorda-pedrinho\\\/\"]}]},{\"@type\":\"ImageObject\",\"inLanguage\":\"pt-BR\",\"@id\":\"https:\\\/\\\/transamerica93.com.br\\\/home\\\/jovem-dionisio-existe-vida-apos-o-hit-acorda-pedrinho\\\/#primaryimage\",\"url\":\"https:\\\/\\\/transamerica93.com.br\\\/home\\\/wp-content\\\/uploads\\\/2024\\\/06\\\/imagem-6.jpg\",\"contentUrl\":\"https:\\\/\\\/transamerica93.com.br\\\/home\\\/wp-content\\\/uploads\\\/2024\\\/06\\\/imagem-6.jpg\",\"width\":2400,\"height\":1600,\"caption\":\"Divulga\u00e7\u00e3o\"},{\"@type\":\"BreadcrumbList\",\"@id\":\"https:\\\/\\\/transamerica93.com.br\\\/home\\\/jovem-dionisio-existe-vida-apos-o-hit-acorda-pedrinho\\\/#breadcrumb\",\"itemListElement\":[{\"@type\":\"ListItem\",\"position\":1,\"name\":\"In\u00edcio\",\"item\":\"https:\\\/\\\/transamerica93.com.br\\\/home\\\/\"},{\"@type\":\"ListItem\",\"position\":2,\"name\":\"Jovem Dion\u00edsio: existe vida ap\u00f3s o hit &#8216;Acorda Pedrinho&#8217;?\"}]},{\"@type\":\"WebSite\",\"@id\":\"https:\\\/\\\/transamerica93.com.br\\\/home\\\/#website\",\"url\":\"https:\\\/\\\/transamerica93.com.br\\\/home\\\/\",\"name\":\"Transam\u00e9rica Mococa 93,3\",\"description\":\"\",\"publisher\":{\"@id\":\"https:\\\/\\\/transamerica93.com.br\\\/home\\\/#organization\"},\"potentialAction\":[{\"@type\":\"SearchAction\",\"target\":{\"@type\":\"EntryPoint\",\"urlTemplate\":\"https:\\\/\\\/transamerica93.com.br\\\/home\\\/?s={search_term_string}\"},\"query-input\":{\"@type\":\"PropertyValueSpecification\",\"valueRequired\":true,\"valueName\":\"search_term_string\"}}],\"inLanguage\":\"pt-BR\"},{\"@type\":\"Organization\",\"@id\":\"https:\\\/\\\/transamerica93.com.br\\\/home\\\/#organization\",\"name\":\"Transam\u00e9rica Mococa 93,3\",\"url\":\"https:\\\/\\\/transamerica93.com.br\\\/home\\\/\",\"logo\":{\"@type\":\"ImageObject\",\"inLanguage\":\"pt-BR\",\"@id\":\"https:\\\/\\\/transamerica93.com.br\\\/home\\\/#\\\/schema\\\/logo\\\/image\\\/\",\"url\":\"https:\\\/\\\/transamerica93.com.br\\\/home\\\/wp-content\\\/uploads\\\/2023\\\/10\\\/logo2.png\",\"contentUrl\":\"https:\\\/\\\/transamerica93.com.br\\\/home\\\/wp-content\\\/uploads\\\/2023\\\/10\\\/logo2.png\",\"width\":800,\"height\":500,\"caption\":\"Transam\u00e9rica Mococa 93,3\"},\"image\":{\"@id\":\"https:\\\/\\\/transamerica93.com.br\\\/home\\\/#\\\/schema\\\/logo\\\/image\\\/\"},\"sameAs\":[\"https:\\\/\\\/www.facebook.com\\\/transamericamococa\",\"https:\\\/\\\/x.com\\\/transamerica933\",\"https:\\\/\\\/www.instagram.com\\\/transamericamococa\"]},{\"@type\":\"Person\",\"@id\":\"https:\\\/\\\/transamerica93.com.br\\\/home\\\/#\\\/schema\\\/person\\\/7fed7c99c0d4562efa8561bc0f543172\",\"name\":\"Reda\u00e7\u00e3o\",\"image\":{\"@type\":\"ImageObject\",\"inLanguage\":\"pt-BR\",\"@id\":\"https:\\\/\\\/secure.gravatar.com\\\/avatar\\\/1072c6b775fb02ef8506ce967551d95926669a6b7d2c2147b42eea4d7c68395e?s=96&d=mm&r=g\",\"url\":\"https:\\\/\\\/secure.gravatar.com\\\/avatar\\\/1072c6b775fb02ef8506ce967551d95926669a6b7d2c2147b42eea4d7c68395e?s=96&d=mm&r=g\",\"contentUrl\":\"https:\\\/\\\/secure.gravatar.com\\\/avatar\\\/1072c6b775fb02ef8506ce967551d95926669a6b7d2c2147b42eea4d7c68395e?s=96&d=mm&r=g\",\"caption\":\"Reda\u00e7\u00e3o\"},\"sameAs\":[\"https:\\\/\\\/transamerica93.com.br\\\/home\"],\"url\":\"https:\\\/\\\/transamerica93.com.br\\\/home\\\/author\\\/william\\\/\"}]}<\/script>\n<!-- \/ Yoast SEO plugin. -->","yoast_head_json":{"title":"Jovem Dion\u00edsio: existe vida ap\u00f3s o hit 'Acorda Pedrinho'? - Transam\u00e9rica Mococa 93,3","robots":{"index":"index","follow":"follow","max-snippet":"max-snippet:-1","max-image-preview":"max-image-preview:large","max-video-preview":"max-video-preview:-1"},"canonical":"https:\/\/transamerica93.com.br\/home\/jovem-dionisio-existe-vida-apos-o-hit-acorda-pedrinho\/","og_locale":"pt_BR","og_type":"article","og_title":"Jovem Dion\u00edsio: existe vida ap\u00f3s o hit 'Acorda Pedrinho'? - Transam\u00e9rica Mococa 93,3","og_description":"Por Pedro Antunes Os integrantes do Jovem Dion\u00edsio pensaram, debateram, conversaram. N\u00e3o conseguiram decidir a palavra certa para a m\u00fasica na qual trabalhavam incessantemente. O personagem da can\u00e7\u00e3o vestia o qu\u00ea? Uma jaqueta? Uma cal\u00e7a? &#8220;Foi ent\u00e3o que eu falei: \u2018J\u00e1 vesti n\u00e3o sei o qu\u00ea\u2019&#8221;, conta Bernardo Hey, ao\u00a0Estad\u00e3o. Todos da banda se entreolharam. &hellip;","og_url":"https:\/\/transamerica93.com.br\/home\/jovem-dionisio-existe-vida-apos-o-hit-acorda-pedrinho\/","og_site_name":"Transam\u00e9rica Mococa 93,3","article_publisher":"https:\/\/www.facebook.com\/transamericamococa","article_published_time":"2024-06-11T18:00:51+00:00","og_image":[{"width":2400,"height":1600,"url":"https:\/\/transamerica93.com.br\/home\/wp-content\/uploads\/2024\/06\/imagem-6.jpg","type":"image\/jpeg"}],"author":"Reda\u00e7\u00e3o","twitter_card":"summary_large_image","twitter_creator":"@transamerica933","twitter_site":"@transamerica933","twitter_misc":{"Escrito por":"Reda\u00e7\u00e3o","Est. tempo de leitura":"7 minutos"},"schema":{"@context":"https:\/\/schema.org","@graph":[{"@type":"Article","@id":"https:\/\/transamerica93.com.br\/home\/jovem-dionisio-existe-vida-apos-o-hit-acorda-pedrinho\/#article","isPartOf":{"@id":"https:\/\/transamerica93.com.br\/home\/jovem-dionisio-existe-vida-apos-o-hit-acorda-pedrinho\/"},"author":{"name":"Reda\u00e7\u00e3o","@id":"https:\/\/transamerica93.com.br\/home\/#\/schema\/person\/7fed7c99c0d4562efa8561bc0f543172"},"headline":"Jovem Dion\u00edsio: existe vida ap\u00f3s o hit &#8216;Acorda Pedrinho&#8217;?","datePublished":"2024-06-11T18:00:51+00:00","mainEntityOfPage":{"@id":"https:\/\/transamerica93.com.br\/home\/jovem-dionisio-existe-vida-apos-o-hit-acorda-pedrinho\/"},"wordCount":1336,"publisher":{"@id":"https:\/\/transamerica93.com.br\/home\/#organization"},"image":{"@id":"https:\/\/transamerica93.com.br\/home\/jovem-dionisio-existe-vida-apos-o-hit-acorda-pedrinho\/#primaryimage"},"thumbnailUrl":"https:\/\/transamerica93.com.br\/home\/wp-content\/uploads\/2024\/06\/imagem-6.jpg","articleSection":["M\u00fasica"],"inLanguage":"pt-BR"},{"@type":"WebPage","@id":"https:\/\/transamerica93.com.br\/home\/jovem-dionisio-existe-vida-apos-o-hit-acorda-pedrinho\/","url":"https:\/\/transamerica93.com.br\/home\/jovem-dionisio-existe-vida-apos-o-hit-acorda-pedrinho\/","name":"Jovem Dion\u00edsio: existe vida ap\u00f3s o hit 'Acorda Pedrinho'? - Transam\u00e9rica Mococa 93,3","isPartOf":{"@id":"https:\/\/transamerica93.com.br\/home\/#website"},"primaryImageOfPage":{"@id":"https:\/\/transamerica93.com.br\/home\/jovem-dionisio-existe-vida-apos-o-hit-acorda-pedrinho\/#primaryimage"},"image":{"@id":"https:\/\/transamerica93.com.br\/home\/jovem-dionisio-existe-vida-apos-o-hit-acorda-pedrinho\/#primaryimage"},"thumbnailUrl":"https:\/\/transamerica93.com.br\/home\/wp-content\/uploads\/2024\/06\/imagem-6.jpg","datePublished":"2024-06-11T18:00:51+00:00","breadcrumb":{"@id":"https:\/\/transamerica93.com.br\/home\/jovem-dionisio-existe-vida-apos-o-hit-acorda-pedrinho\/#breadcrumb"},"inLanguage":"pt-BR","potentialAction":[{"@type":"ReadAction","target":["https:\/\/transamerica93.com.br\/home\/jovem-dionisio-existe-vida-apos-o-hit-acorda-pedrinho\/"]}]},{"@type":"ImageObject","inLanguage":"pt-BR","@id":"https:\/\/transamerica93.com.br\/home\/jovem-dionisio-existe-vida-apos-o-hit-acorda-pedrinho\/#primaryimage","url":"https:\/\/transamerica93.com.br\/home\/wp-content\/uploads\/2024\/06\/imagem-6.jpg","contentUrl":"https:\/\/transamerica93.com.br\/home\/wp-content\/uploads\/2024\/06\/imagem-6.jpg","width":2400,"height":1600,"caption":"Divulga\u00e7\u00e3o"},{"@type":"BreadcrumbList","@id":"https:\/\/transamerica93.com.br\/home\/jovem-dionisio-existe-vida-apos-o-hit-acorda-pedrinho\/#breadcrumb","itemListElement":[{"@type":"ListItem","position":1,"name":"In\u00edcio","item":"https:\/\/transamerica93.com.br\/home\/"},{"@type":"ListItem","position":2,"name":"Jovem Dion\u00edsio: existe vida ap\u00f3s o hit &#8216;Acorda Pedrinho&#8217;?"}]},{"@type":"WebSite","@id":"https:\/\/transamerica93.com.br\/home\/#website","url":"https:\/\/transamerica93.com.br\/home\/","name":"Transam\u00e9rica Mococa 93,3","description":"","publisher":{"@id":"https:\/\/transamerica93.com.br\/home\/#organization"},"potentialAction":[{"@type":"SearchAction","target":{"@type":"EntryPoint","urlTemplate":"https:\/\/transamerica93.com.br\/home\/?s={search_term_string}"},"query-input":{"@type":"PropertyValueSpecification","valueRequired":true,"valueName":"search_term_string"}}],"inLanguage":"pt-BR"},{"@type":"Organization","@id":"https:\/\/transamerica93.com.br\/home\/#organization","name":"Transam\u00e9rica Mococa 93,3","url":"https:\/\/transamerica93.com.br\/home\/","logo":{"@type":"ImageObject","inLanguage":"pt-BR","@id":"https:\/\/transamerica93.com.br\/home\/#\/schema\/logo\/image\/","url":"https:\/\/transamerica93.com.br\/home\/wp-content\/uploads\/2023\/10\/logo2.png","contentUrl":"https:\/\/transamerica93.com.br\/home\/wp-content\/uploads\/2023\/10\/logo2.png","width":800,"height":500,"caption":"Transam\u00e9rica Mococa 93,3"},"image":{"@id":"https:\/\/transamerica93.com.br\/home\/#\/schema\/logo\/image\/"},"sameAs":["https:\/\/www.facebook.com\/transamericamococa","https:\/\/x.com\/transamerica933","https:\/\/www.instagram.com\/transamericamococa"]},{"@type":"Person","@id":"https:\/\/transamerica93.com.br\/home\/#\/schema\/person\/7fed7c99c0d4562efa8561bc0f543172","name":"Reda\u00e7\u00e3o","image":{"@type":"ImageObject","inLanguage":"pt-BR","@id":"https:\/\/secure.gravatar.com\/avatar\/1072c6b775fb02ef8506ce967551d95926669a6b7d2c2147b42eea4d7c68395e?s=96&d=mm&r=g","url":"https:\/\/secure.gravatar.com\/avatar\/1072c6b775fb02ef8506ce967551d95926669a6b7d2c2147b42eea4d7c68395e?s=96&d=mm&r=g","contentUrl":"https:\/\/secure.gravatar.com\/avatar\/1072c6b775fb02ef8506ce967551d95926669a6b7d2c2147b42eea4d7c68395e?s=96&d=mm&r=g","caption":"Reda\u00e7\u00e3o"},"sameAs":["https:\/\/transamerica93.com.br\/home"],"url":"https:\/\/transamerica93.com.br\/home\/author\/william\/"}]}},"_links":{"self":[{"href":"https:\/\/transamerica93.com.br\/home\/wp-json\/wp\/v2\/posts\/3317","targetHints":{"allow":["GET"]}}],"collection":[{"href":"https:\/\/transamerica93.com.br\/home\/wp-json\/wp\/v2\/posts"}],"about":[{"href":"https:\/\/transamerica93.com.br\/home\/wp-json\/wp\/v2\/types\/post"}],"author":[{"embeddable":true,"href":"https:\/\/transamerica93.com.br\/home\/wp-json\/wp\/v2\/users\/1"}],"replies":[{"embeddable":true,"href":"https:\/\/transamerica93.com.br\/home\/wp-json\/wp\/v2\/comments?post=3317"}],"version-history":[{"count":1,"href":"https:\/\/transamerica93.com.br\/home\/wp-json\/wp\/v2\/posts\/3317\/revisions"}],"predecessor-version":[{"id":3319,"href":"https:\/\/transamerica93.com.br\/home\/wp-json\/wp\/v2\/posts\/3317\/revisions\/3319"}],"wp:featuredmedia":[{"embeddable":true,"href":"https:\/\/transamerica93.com.br\/home\/wp-json\/wp\/v2\/media\/3318"}],"wp:attachment":[{"href":"https:\/\/transamerica93.com.br\/home\/wp-json\/wp\/v2\/media?parent=3317"}],"wp:term":[{"taxonomy":"category","embeddable":true,"href":"https:\/\/transamerica93.com.br\/home\/wp-json\/wp\/v2\/categories?post=3317"},{"taxonomy":"post_tag","embeddable":true,"href":"https:\/\/transamerica93.com.br\/home\/wp-json\/wp\/v2\/tags?post=3317"}],"curies":[{"name":"wp","href":"https:\/\/api.w.org\/{rel}","templated":true}]}}