{"id":3329,"date":"2024-06-10T18:00:13","date_gmt":"2024-06-10T21:00:13","guid":{"rendered":"https:\/\/transamerica93.com.br\/home\/?p=3329"},"modified":"2024-06-06T08:34:11","modified_gmt":"2024-06-06T11:34:11","slug":"davi-opina-sobre-a-perda-de-seguidores-pos-bbb-um-pouco-de-racismo","status":"publish","type":"post","link":"https:\/\/transamerica93.com.br\/home\/davi-opina-sobre-a-perda-de-seguidores-pos-bbb-um-pouco-de-racismo\/","title":{"rendered":"Davi opina sobre a perda de seguidores p\u00f3s-BBB: &#8216;Um pouco de racismo&#8217;"},"content":{"rendered":"<h6 class=\"Assina\">Por Valentina Rosa<\/h6>\n<p>Ap\u00f3s ver seu nome envolvido em diversas confus\u00f5es, Davi est\u00e1 finalmente podendo aproveitar o seu p\u00f3s-BBB ao lado de sua fam\u00edlia. Desde que ganhou o grande pr\u00eamio de mais de R$ 3 milh\u00f5es, o campe\u00e3o da vig\u00e9sima quarta edi\u00e7\u00e3o do reality se tornou alvo de cr\u00edticas do p\u00fablico, em diferentes assuntos, entre eles, o t\u00e9rmino com Mani Reggo e a falta de transpar\u00eancia na doa\u00e7\u00e3o de dinheiro para as v\u00edtimas da trag\u00e9dia do Rio Grande do Sul. O ex-<i>BBB<\/i>\u00a0perdeu um n\u00famero significativo de seguidores nas redes sociais.<\/p>\n<p>Em uma recente entrevista ao site Extra, Davi comentou todas essas mudan\u00e7as em sua vida ap\u00f3s o fim do programa: &#8220;Sou humano tamb\u00e9m, preciso de descanso. As pessoas queriam que da noite para o dia eu j\u00e1 cumprisse tudo o que eu disse que sonhava no BBB. H\u00e1 tempo para tudo. Estou vivendo um momento cr\u00edtico nas redes sociais, mas estou lidando com paci\u00eancia, tranquilidade e tendo controle emocional para lidar com tudo&#8221;, iniciou ele.<\/p>\n<p><b>Perda de seguidores e cobran\u00e7a nas redes<\/b><\/p>\n<p>O ex-brother deu sua opini\u00e3o sobre a perda repentina de seguidores: &#8220;Tem um pouco de racismo a\u00ed. Muitas pessoas n\u00e3o conseguem ver um pobre, preto, da periferia, crescendo na vida. Por isso, tento lidar com a explos\u00e3o da internet com cautela. J\u00e1 fiquei um pouco abalado pela perda de seguidores, penso na minha imagem, mas agora estou lidando com tranquilidade. As pessoas que gostam de mim, ficar\u00e3o por l\u00e1. E quem n\u00e3o gosta, vai parar de seguir mesmo. Quem n\u00e3o quiser continuar, tudo bem. Estou em paz.&#8221;<\/p>\n<p>O baiano ainda contou que diariamente \u00e9 cobrado sobre o sonho de cursar medicina, algo que ele sempre falava durante o confinamento. &#8220;Eu ainda preciso conhecer a faculdade, fazer o vestibular&#8230; Mesmo com a bolsa, tem todo um processo que eu preciso passar, como todo mundo. Isso vai ficar para o ano que vem. Quero aproveitar, primeiro, o que o \u2018Big Brother\u2019 est\u00e1 me proporcionando&#8221;, relatou.<\/p>\n<p><b>Trag\u00e9dia no Rio Grande do Sul<\/b><\/p>\n<p>Ainda durante o bate-papo, ele explicou como foi feita a sua ajuda para as v\u00edtimas da trag\u00e9dia no Rio Grande do Sul. O brother confessou que havia usado dinheiro da doa\u00e7\u00e3o de seus seguidores para ir at\u00e9 o estado e chegou a fazer uma presta\u00e7\u00e3o de contas em suas redes sociais, mas em seguida apagou o post.<\/p>\n<p>&#8220;Eu me emocionei muito l\u00e1. As pessoas estavam me criticando, mas eu estava dando apoio, vi de perto as pessoas me pedindo ajuda, salvei vidas. \u00c9 claro que tenho que prestar contas. N\u00e3o s\u00f3 para as pessoas, mas tamb\u00e9m para a Receita Federal. Mas peguei as cr\u00edticas construtivas e as transformo em algo positivo para o meu dia a dia.&#8221;<\/p>\n<p><b>Vida de solteiro<\/b><\/p>\n<p>Davi ainda contou como est\u00e1 a vida de solteiro ap\u00f3s terminar seu relacionamento com Mani Reggo. Recentemente, o ex-brother deu o que falar na web ao publicar duas ta\u00e7as de drink em um restaurante, mas n\u00e3o marcar, nem mostrar a cara de quem o acompanhava.<\/p>\n<p>O post agu\u00e7ou a curiosidade da web, mas Davi confessou que ainda se surpreende com o interesse dos f\u00e3s em sua vida pessoal: &#8220;Qualquer coisinha que posto j\u00e1 vai parar em v\u00e1rios lugares. Mas estou conseguindo me divertir do meu jeito [&#8230;] Estou vivendo em off&#8221;.<\/p>\n","protected":false},"excerpt":{"rendered":"<p>Por Valentina Rosa Ap\u00f3s ver seu nome envolvido em diversas confus\u00f5es, Davi est\u00e1 finalmente podendo aproveitar o seu p\u00f3s-BBB ao lado de sua fam\u00edlia. Desde que ganhou o grande pr\u00eamio de mais de R$ 3 milh\u00f5es, o campe\u00e3o da vig\u00e9sima quarta edi\u00e7\u00e3o do reality se tornou alvo de cr\u00edticas do p\u00fablico, em diferentes assuntos, entre &hellip;<\/p>\n","protected":false},"author":1,"featured_media":3287,"comment_status":"closed","ping_status":"closed","sticky":false,"template":"","format":"standard","meta":{"footnotes":""},"categories":[24],"tags":[],"class_list":["post-3329","post","type-post","status-publish","format-standard","has-post-thumbnail","hentry","category-entretenimento"],"yoast_head":"<!-- This site is optimized with the Yoast SEO plugin v27.4 - https:\/\/yoast.com\/product\/yoast-seo-wordpress\/ -->\n<title>Davi opina sobre a perda de seguidores p\u00f3s-BBB: &#039;Um pouco de racismo&#039; - Transam\u00e9rica Mococa 93,3<\/title>\n<meta name=\"robots\" content=\"index, follow, max-snippet:-1, max-image-preview:large, max-video-preview:-1\" \/>\n<link rel=\"canonical\" href=\"https:\/\/transamerica93.com.br\/home\/davi-opina-sobre-a-perda-de-seguidores-pos-bbb-um-pouco-de-racismo\/\" \/>\n<meta property=\"og:locale\" content=\"pt_BR\" \/>\n<meta property=\"og:type\" content=\"article\" \/>\n<meta property=\"og:title\" content=\"Davi opina sobre a perda de seguidores p\u00f3s-BBB: &#039;Um pouco de racismo&#039; - Transam\u00e9rica Mococa 93,3\" \/>\n<meta property=\"og:description\" content=\"Por Valentina Rosa Ap\u00f3s ver seu nome envolvido em diversas confus\u00f5es, Davi est\u00e1 finalmente podendo aproveitar o seu p\u00f3s-BBB ao lado de sua fam\u00edlia. Desde que ganhou o grande pr\u00eamio de mais de R$ 3 milh\u00f5es, o campe\u00e3o da vig\u00e9sima quarta edi\u00e7\u00e3o do reality se tornou alvo de cr\u00edticas do p\u00fablico, em diferentes assuntos, entre &hellip;\" \/>\n<meta property=\"og:url\" content=\"https:\/\/transamerica93.com.br\/home\/davi-opina-sobre-a-perda-de-seguidores-pos-bbb-um-pouco-de-racismo\/\" \/>\n<meta property=\"og:site_name\" content=\"Transam\u00e9rica Mococa 93,3\" \/>\n<meta property=\"article:publisher\" content=\"https:\/\/www.facebook.com\/transamericamococa\" \/>\n<meta property=\"article:published_time\" content=\"2024-06-10T21:00:13+00:00\" \/>\n<meta property=\"og:image\" content=\"https:\/\/transamerica93.com.br\/home\/wp-content\/uploads\/2024\/05\/imagem-55.jpg\" \/>\n\t<meta property=\"og:image:width\" content=\"756\" \/>\n\t<meta property=\"og:image:height\" content=\"568\" \/>\n\t<meta property=\"og:image:type\" content=\"image\/jpeg\" \/>\n<meta name=\"author\" content=\"Reda\u00e7\u00e3o\" \/>\n<meta name=\"twitter:card\" content=\"summary_large_image\" \/>\n<meta name=\"twitter:creator\" content=\"@transamerica933\" \/>\n<meta name=\"twitter:site\" content=\"@transamerica933\" \/>\n<meta name=\"twitter:label1\" content=\"Escrito por\" \/>\n\t<meta name=\"twitter:data1\" content=\"Reda\u00e7\u00e3o\" \/>\n\t<meta name=\"twitter:label2\" content=\"Est. tempo de leitura\" \/>\n\t<meta name=\"twitter:data2\" content=\"3 minutos\" \/>\n<script type=\"application\/ld+json\" class=\"yoast-schema-graph\">{\"@context\":\"https:\\\/\\\/schema.org\",\"@graph\":[{\"@type\":\"Article\",\"@id\":\"https:\\\/\\\/transamerica93.com.br\\\/home\\\/davi-opina-sobre-a-perda-de-seguidores-pos-bbb-um-pouco-de-racismo\\\/#article\",\"isPartOf\":{\"@id\":\"https:\\\/\\\/transamerica93.com.br\\\/home\\\/davi-opina-sobre-a-perda-de-seguidores-pos-bbb-um-pouco-de-racismo\\\/\"},\"author\":{\"name\":\"Reda\u00e7\u00e3o\",\"@id\":\"https:\\\/\\\/transamerica93.com.br\\\/home\\\/#\\\/schema\\\/person\\\/7fed7c99c0d4562efa8561bc0f543172\"},\"headline\":\"Davi opina sobre a perda de seguidores p\u00f3s-BBB: &#8216;Um pouco de racismo&#8217;\",\"datePublished\":\"2024-06-10T21:00:13+00:00\",\"mainEntityOfPage\":{\"@id\":\"https:\\\/\\\/transamerica93.com.br\\\/home\\\/davi-opina-sobre-a-perda-de-seguidores-pos-bbb-um-pouco-de-racismo\\\/\"},\"wordCount\":595,\"publisher\":{\"@id\":\"https:\\\/\\\/transamerica93.com.br\\\/home\\\/#organization\"},\"image\":{\"@id\":\"https:\\\/\\\/transamerica93.com.br\\\/home\\\/davi-opina-sobre-a-perda-de-seguidores-pos-bbb-um-pouco-de-racismo\\\/#primaryimage\"},\"thumbnailUrl\":\"https:\\\/\\\/transamerica93.com.br\\\/home\\\/wp-content\\\/uploads\\\/2024\\\/05\\\/imagem-55.jpg\",\"articleSection\":[\"Entretenimento\"],\"inLanguage\":\"pt-BR\"},{\"@type\":\"WebPage\",\"@id\":\"https:\\\/\\\/transamerica93.com.br\\\/home\\\/davi-opina-sobre-a-perda-de-seguidores-pos-bbb-um-pouco-de-racismo\\\/\",\"url\":\"https:\\\/\\\/transamerica93.com.br\\\/home\\\/davi-opina-sobre-a-perda-de-seguidores-pos-bbb-um-pouco-de-racismo\\\/\",\"name\":\"Davi opina sobre a perda de seguidores p\u00f3s-BBB: 'Um pouco de racismo' - Transam\u00e9rica Mococa 93,3\",\"isPartOf\":{\"@id\":\"https:\\\/\\\/transamerica93.com.br\\\/home\\\/#website\"},\"primaryImageOfPage\":{\"@id\":\"https:\\\/\\\/transamerica93.com.br\\\/home\\\/davi-opina-sobre-a-perda-de-seguidores-pos-bbb-um-pouco-de-racismo\\\/#primaryimage\"},\"image\":{\"@id\":\"https:\\\/\\\/transamerica93.com.br\\\/home\\\/davi-opina-sobre-a-perda-de-seguidores-pos-bbb-um-pouco-de-racismo\\\/#primaryimage\"},\"thumbnailUrl\":\"https:\\\/\\\/transamerica93.com.br\\\/home\\\/wp-content\\\/uploads\\\/2024\\\/05\\\/imagem-55.jpg\",\"datePublished\":\"2024-06-10T21:00:13+00:00\",\"breadcrumb\":{\"@id\":\"https:\\\/\\\/transamerica93.com.br\\\/home\\\/davi-opina-sobre-a-perda-de-seguidores-pos-bbb-um-pouco-de-racismo\\\/#breadcrumb\"},\"inLanguage\":\"pt-BR\",\"potentialAction\":[{\"@type\":\"ReadAction\",\"target\":[\"https:\\\/\\\/transamerica93.com.br\\\/home\\\/davi-opina-sobre-a-perda-de-seguidores-pos-bbb-um-pouco-de-racismo\\\/\"]}]},{\"@type\":\"ImageObject\",\"inLanguage\":\"pt-BR\",\"@id\":\"https:\\\/\\\/transamerica93.com.br\\\/home\\\/davi-opina-sobre-a-perda-de-seguidores-pos-bbb-um-pouco-de-racismo\\\/#primaryimage\",\"url\":\"https:\\\/\\\/transamerica93.com.br\\\/home\\\/wp-content\\\/uploads\\\/2024\\\/05\\\/imagem-55.jpg\",\"contentUrl\":\"https:\\\/\\\/transamerica93.com.br\\\/home\\\/wp-content\\\/uploads\\\/2024\\\/05\\\/imagem-55.jpg\",\"width\":756,\"height\":568,\"caption\":\"Instagram @daviooficialll\"},{\"@type\":\"BreadcrumbList\",\"@id\":\"https:\\\/\\\/transamerica93.com.br\\\/home\\\/davi-opina-sobre-a-perda-de-seguidores-pos-bbb-um-pouco-de-racismo\\\/#breadcrumb\",\"itemListElement\":[{\"@type\":\"ListItem\",\"position\":1,\"name\":\"In\u00edcio\",\"item\":\"https:\\\/\\\/transamerica93.com.br\\\/home\\\/\"},{\"@type\":\"ListItem\",\"position\":2,\"name\":\"Davi opina sobre a perda de seguidores p\u00f3s-BBB: &#8216;Um pouco de racismo&#8217;\"}]},{\"@type\":\"WebSite\",\"@id\":\"https:\\\/\\\/transamerica93.com.br\\\/home\\\/#website\",\"url\":\"https:\\\/\\\/transamerica93.com.br\\\/home\\\/\",\"name\":\"Transam\u00e9rica Mococa 93,3\",\"description\":\"\",\"publisher\":{\"@id\":\"https:\\\/\\\/transamerica93.com.br\\\/home\\\/#organization\"},\"potentialAction\":[{\"@type\":\"SearchAction\",\"target\":{\"@type\":\"EntryPoint\",\"urlTemplate\":\"https:\\\/\\\/transamerica93.com.br\\\/home\\\/?s={search_term_string}\"},\"query-input\":{\"@type\":\"PropertyValueSpecification\",\"valueRequired\":true,\"valueName\":\"search_term_string\"}}],\"inLanguage\":\"pt-BR\"},{\"@type\":\"Organization\",\"@id\":\"https:\\\/\\\/transamerica93.com.br\\\/home\\\/#organization\",\"name\":\"Transam\u00e9rica Mococa 93,3\",\"url\":\"https:\\\/\\\/transamerica93.com.br\\\/home\\\/\",\"logo\":{\"@type\":\"ImageObject\",\"inLanguage\":\"pt-BR\",\"@id\":\"https:\\\/\\\/transamerica93.com.br\\\/home\\\/#\\\/schema\\\/logo\\\/image\\\/\",\"url\":\"https:\\\/\\\/transamerica93.com.br\\\/home\\\/wp-content\\\/uploads\\\/2023\\\/10\\\/logo2.png\",\"contentUrl\":\"https:\\\/\\\/transamerica93.com.br\\\/home\\\/wp-content\\\/uploads\\\/2023\\\/10\\\/logo2.png\",\"width\":800,\"height\":500,\"caption\":\"Transam\u00e9rica Mococa 93,3\"},\"image\":{\"@id\":\"https:\\\/\\\/transamerica93.com.br\\\/home\\\/#\\\/schema\\\/logo\\\/image\\\/\"},\"sameAs\":[\"https:\\\/\\\/www.facebook.com\\\/transamericamococa\",\"https:\\\/\\\/x.com\\\/transamerica933\",\"https:\\\/\\\/www.instagram.com\\\/transamericamococa\"]},{\"@type\":\"Person\",\"@id\":\"https:\\\/\\\/transamerica93.com.br\\\/home\\\/#\\\/schema\\\/person\\\/7fed7c99c0d4562efa8561bc0f543172\",\"name\":\"Reda\u00e7\u00e3o\",\"image\":{\"@type\":\"ImageObject\",\"inLanguage\":\"pt-BR\",\"@id\":\"https:\\\/\\\/secure.gravatar.com\\\/avatar\\\/1072c6b775fb02ef8506ce967551d95926669a6b7d2c2147b42eea4d7c68395e?s=96&d=mm&r=g\",\"url\":\"https:\\\/\\\/secure.gravatar.com\\\/avatar\\\/1072c6b775fb02ef8506ce967551d95926669a6b7d2c2147b42eea4d7c68395e?s=96&d=mm&r=g\",\"contentUrl\":\"https:\\\/\\\/secure.gravatar.com\\\/avatar\\\/1072c6b775fb02ef8506ce967551d95926669a6b7d2c2147b42eea4d7c68395e?s=96&d=mm&r=g\",\"caption\":\"Reda\u00e7\u00e3o\"},\"sameAs\":[\"https:\\\/\\\/transamerica93.com.br\\\/home\"],\"url\":\"https:\\\/\\\/transamerica93.com.br\\\/home\\\/author\\\/william\\\/\"}]}<\/script>\n<!-- \/ Yoast SEO plugin. -->","yoast_head_json":{"title":"Davi opina sobre a perda de seguidores p\u00f3s-BBB: 'Um pouco de racismo' - Transam\u00e9rica Mococa 93,3","robots":{"index":"index","follow":"follow","max-snippet":"max-snippet:-1","max-image-preview":"max-image-preview:large","max-video-preview":"max-video-preview:-1"},"canonical":"https:\/\/transamerica93.com.br\/home\/davi-opina-sobre-a-perda-de-seguidores-pos-bbb-um-pouco-de-racismo\/","og_locale":"pt_BR","og_type":"article","og_title":"Davi opina sobre a perda de seguidores p\u00f3s-BBB: 'Um pouco de racismo' - Transam\u00e9rica Mococa 93,3","og_description":"Por Valentina Rosa Ap\u00f3s ver seu nome envolvido em diversas confus\u00f5es, Davi est\u00e1 finalmente podendo aproveitar o seu p\u00f3s-BBB ao lado de sua fam\u00edlia. Desde que ganhou o grande pr\u00eamio de mais de R$ 3 milh\u00f5es, o campe\u00e3o da vig\u00e9sima quarta edi\u00e7\u00e3o do reality se tornou alvo de cr\u00edticas do p\u00fablico, em diferentes assuntos, entre &hellip;","og_url":"https:\/\/transamerica93.com.br\/home\/davi-opina-sobre-a-perda-de-seguidores-pos-bbb-um-pouco-de-racismo\/","og_site_name":"Transam\u00e9rica Mococa 93,3","article_publisher":"https:\/\/www.facebook.com\/transamericamococa","article_published_time":"2024-06-10T21:00:13+00:00","og_image":[{"width":756,"height":568,"url":"https:\/\/transamerica93.com.br\/home\/wp-content\/uploads\/2024\/05\/imagem-55.jpg","type":"image\/jpeg"}],"author":"Reda\u00e7\u00e3o","twitter_card":"summary_large_image","twitter_creator":"@transamerica933","twitter_site":"@transamerica933","twitter_misc":{"Escrito por":"Reda\u00e7\u00e3o","Est. tempo de leitura":"3 minutos"},"schema":{"@context":"https:\/\/schema.org","@graph":[{"@type":"Article","@id":"https:\/\/transamerica93.com.br\/home\/davi-opina-sobre-a-perda-de-seguidores-pos-bbb-um-pouco-de-racismo\/#article","isPartOf":{"@id":"https:\/\/transamerica93.com.br\/home\/davi-opina-sobre-a-perda-de-seguidores-pos-bbb-um-pouco-de-racismo\/"},"author":{"name":"Reda\u00e7\u00e3o","@id":"https:\/\/transamerica93.com.br\/home\/#\/schema\/person\/7fed7c99c0d4562efa8561bc0f543172"},"headline":"Davi opina sobre a perda de seguidores p\u00f3s-BBB: &#8216;Um pouco de racismo&#8217;","datePublished":"2024-06-10T21:00:13+00:00","mainEntityOfPage":{"@id":"https:\/\/transamerica93.com.br\/home\/davi-opina-sobre-a-perda-de-seguidores-pos-bbb-um-pouco-de-racismo\/"},"wordCount":595,"publisher":{"@id":"https:\/\/transamerica93.com.br\/home\/#organization"},"image":{"@id":"https:\/\/transamerica93.com.br\/home\/davi-opina-sobre-a-perda-de-seguidores-pos-bbb-um-pouco-de-racismo\/#primaryimage"},"thumbnailUrl":"https:\/\/transamerica93.com.br\/home\/wp-content\/uploads\/2024\/05\/imagem-55.jpg","articleSection":["Entretenimento"],"inLanguage":"pt-BR"},{"@type":"WebPage","@id":"https:\/\/transamerica93.com.br\/home\/davi-opina-sobre-a-perda-de-seguidores-pos-bbb-um-pouco-de-racismo\/","url":"https:\/\/transamerica93.com.br\/home\/davi-opina-sobre-a-perda-de-seguidores-pos-bbb-um-pouco-de-racismo\/","name":"Davi opina sobre a perda de seguidores p\u00f3s-BBB: 'Um pouco de racismo' - Transam\u00e9rica Mococa 93,3","isPartOf":{"@id":"https:\/\/transamerica93.com.br\/home\/#website"},"primaryImageOfPage":{"@id":"https:\/\/transamerica93.com.br\/home\/davi-opina-sobre-a-perda-de-seguidores-pos-bbb-um-pouco-de-racismo\/#primaryimage"},"image":{"@id":"https:\/\/transamerica93.com.br\/home\/davi-opina-sobre-a-perda-de-seguidores-pos-bbb-um-pouco-de-racismo\/#primaryimage"},"thumbnailUrl":"https:\/\/transamerica93.com.br\/home\/wp-content\/uploads\/2024\/05\/imagem-55.jpg","datePublished":"2024-06-10T21:00:13+00:00","breadcrumb":{"@id":"https:\/\/transamerica93.com.br\/home\/davi-opina-sobre-a-perda-de-seguidores-pos-bbb-um-pouco-de-racismo\/#breadcrumb"},"inLanguage":"pt-BR","potentialAction":[{"@type":"ReadAction","target":["https:\/\/transamerica93.com.br\/home\/davi-opina-sobre-a-perda-de-seguidores-pos-bbb-um-pouco-de-racismo\/"]}]},{"@type":"ImageObject","inLanguage":"pt-BR","@id":"https:\/\/transamerica93.com.br\/home\/davi-opina-sobre-a-perda-de-seguidores-pos-bbb-um-pouco-de-racismo\/#primaryimage","url":"https:\/\/transamerica93.com.br\/home\/wp-content\/uploads\/2024\/05\/imagem-55.jpg","contentUrl":"https:\/\/transamerica93.com.br\/home\/wp-content\/uploads\/2024\/05\/imagem-55.jpg","width":756,"height":568,"caption":"Instagram @daviooficialll"},{"@type":"BreadcrumbList","@id":"https:\/\/transamerica93.com.br\/home\/davi-opina-sobre-a-perda-de-seguidores-pos-bbb-um-pouco-de-racismo\/#breadcrumb","itemListElement":[{"@type":"ListItem","position":1,"name":"In\u00edcio","item":"https:\/\/transamerica93.com.br\/home\/"},{"@type":"ListItem","position":2,"name":"Davi opina sobre a perda de seguidores p\u00f3s-BBB: &#8216;Um pouco de racismo&#8217;"}]},{"@type":"WebSite","@id":"https:\/\/transamerica93.com.br\/home\/#website","url":"https:\/\/transamerica93.com.br\/home\/","name":"Transam\u00e9rica Mococa 93,3","description":"","publisher":{"@id":"https:\/\/transamerica93.com.br\/home\/#organization"},"potentialAction":[{"@type":"SearchAction","target":{"@type":"EntryPoint","urlTemplate":"https:\/\/transamerica93.com.br\/home\/?s={search_term_string}"},"query-input":{"@type":"PropertyValueSpecification","valueRequired":true,"valueName":"search_term_string"}}],"inLanguage":"pt-BR"},{"@type":"Organization","@id":"https:\/\/transamerica93.com.br\/home\/#organization","name":"Transam\u00e9rica Mococa 93,3","url":"https:\/\/transamerica93.com.br\/home\/","logo":{"@type":"ImageObject","inLanguage":"pt-BR","@id":"https:\/\/transamerica93.com.br\/home\/#\/schema\/logo\/image\/","url":"https:\/\/transamerica93.com.br\/home\/wp-content\/uploads\/2023\/10\/logo2.png","contentUrl":"https:\/\/transamerica93.com.br\/home\/wp-content\/uploads\/2023\/10\/logo2.png","width":800,"height":500,"caption":"Transam\u00e9rica Mococa 93,3"},"image":{"@id":"https:\/\/transamerica93.com.br\/home\/#\/schema\/logo\/image\/"},"sameAs":["https:\/\/www.facebook.com\/transamericamococa","https:\/\/x.com\/transamerica933","https:\/\/www.instagram.com\/transamericamococa"]},{"@type":"Person","@id":"https:\/\/transamerica93.com.br\/home\/#\/schema\/person\/7fed7c99c0d4562efa8561bc0f543172","name":"Reda\u00e7\u00e3o","image":{"@type":"ImageObject","inLanguage":"pt-BR","@id":"https:\/\/secure.gravatar.com\/avatar\/1072c6b775fb02ef8506ce967551d95926669a6b7d2c2147b42eea4d7c68395e?s=96&d=mm&r=g","url":"https:\/\/secure.gravatar.com\/avatar\/1072c6b775fb02ef8506ce967551d95926669a6b7d2c2147b42eea4d7c68395e?s=96&d=mm&r=g","contentUrl":"https:\/\/secure.gravatar.com\/avatar\/1072c6b775fb02ef8506ce967551d95926669a6b7d2c2147b42eea4d7c68395e?s=96&d=mm&r=g","caption":"Reda\u00e7\u00e3o"},"sameAs":["https:\/\/transamerica93.com.br\/home"],"url":"https:\/\/transamerica93.com.br\/home\/author\/william\/"}]}},"_links":{"self":[{"href":"https:\/\/transamerica93.com.br\/home\/wp-json\/wp\/v2\/posts\/3329","targetHints":{"allow":["GET"]}}],"collection":[{"href":"https:\/\/transamerica93.com.br\/home\/wp-json\/wp\/v2\/posts"}],"about":[{"href":"https:\/\/transamerica93.com.br\/home\/wp-json\/wp\/v2\/types\/post"}],"author":[{"embeddable":true,"href":"https:\/\/transamerica93.com.br\/home\/wp-json\/wp\/v2\/users\/1"}],"replies":[{"embeddable":true,"href":"https:\/\/transamerica93.com.br\/home\/wp-json\/wp\/v2\/comments?post=3329"}],"version-history":[{"count":1,"href":"https:\/\/transamerica93.com.br\/home\/wp-json\/wp\/v2\/posts\/3329\/revisions"}],"predecessor-version":[{"id":3330,"href":"https:\/\/transamerica93.com.br\/home\/wp-json\/wp\/v2\/posts\/3329\/revisions\/3330"}],"wp:featuredmedia":[{"embeddable":true,"href":"https:\/\/transamerica93.com.br\/home\/wp-json\/wp\/v2\/media\/3287"}],"wp:attachment":[{"href":"https:\/\/transamerica93.com.br\/home\/wp-json\/wp\/v2\/media?parent=3329"}],"wp:term":[{"taxonomy":"category","embeddable":true,"href":"https:\/\/transamerica93.com.br\/home\/wp-json\/wp\/v2\/categories?post=3329"},{"taxonomy":"post_tag","embeddable":true,"href":"https:\/\/transamerica93.com.br\/home\/wp-json\/wp\/v2\/tags?post=3329"}],"curies":[{"name":"wp","href":"https:\/\/api.w.org\/{rel}","templated":true}]}}