{"id":3340,"date":"2024-06-14T18:00:05","date_gmt":"2024-06-14T21:00:05","guid":{"rendered":"https:\/\/transamerica93.com.br\/home\/?p=3340"},"modified":"2024-06-06T08:40:43","modified_gmt":"2024-06-06T11:40:43","slug":"nao-nos-calaremos-fala-sobre-diferentes-formas-de-abuso-e-e-inspirada-em-historias-reais","status":"publish","type":"post","link":"https:\/\/transamerica93.com.br\/home\/nao-nos-calaremos-fala-sobre-diferentes-formas-de-abuso-e-e-inspirada-em-historias-reais\/","title":{"rendered":"&#8216;N\u00e3o Nos Calaremos&#8217; fala sobre diferentes formas de abuso e \u00e9 inspirada em hist\u00f3rias reais"},"content":{"rendered":"<p>Por Reda\u00e7\u00e3o C2<\/p>\n<p>A nova s\u00e9rie espanhola da Netflix\u00a0<i>N\u00e3o Nos Calaremos<\/i>, lidera a lista das mais assistidas no Brasil, em sua primeira temporada, dividida em oito epis\u00f3dios. O seriado espanhol narra a conturbada decis\u00e3o da personagem Alma (Nicole Wallace), uma jovem de 17 anos, que denuncia a viol\u00eancia sexual sofrida por sua amiga Grerta (Clara Galle) de um professor do col\u00e9gio onde estudam, atrav\u00e9s de publica\u00e7\u00f5es em um perfil an\u00f4nimo. At\u00e9 o momento em que decide colocar um cartaz em frente \u00e0 institui\u00e7\u00e3o com a frase &#8220;Cuidado, aqui se esconde um agressor&#8221; (em livre tradu\u00e7\u00e3o).<\/p>\n<p>A escolha por denunciar o que aconteceu com Greta afeta sua vida na escola, a rela\u00e7\u00e3o com os pais e amigos. Alma tamb\u00e9m \u00e9 v\u00edtima de diferentes viol\u00eancias, reveladas atrav\u00e9s da rela\u00e7\u00e3o com a fam\u00edlia, no abuso de subst\u00e2ncias il\u00edcitas e tamb\u00e9m seu hist\u00f3rico com a agress\u00e3o sexual.<\/p>\n<p>Alma Inicialmente se apresenta como uma jovem rebelde, mas o enredo se encarrega de justificar suas atitudes, com a profundidade da complexidade humana, al\u00e9m de mostrar o amadurecimento da personagem em diferentes aspectos, incluindo em suas rela\u00e7\u00f5es familiares e de amizade.<\/p>\n<p>A complexidade dos personagem n\u00e3o se limita na protagonista, tamb\u00e9m se estende a personagens secund\u00e1rios, quando um dos seus abusadores -tamb\u00e9m seu amigo &#8211; se arrepende genuinamente do que fez, buscando ajuda profissional. A evolu\u00e7\u00e3o tamb\u00e9m \u00e9 vista nos pais da jovem, que conseguem enxergar seus erros e assumi-los, melhorando a rela\u00e7\u00e3o da fam\u00edlia.<\/p>\n<p>A s\u00e9rie foi elogiada pela constru\u00e7\u00e3o de boas narrativas dos personagens, pela sintonia das amigas interpretadas por Nicole e Clara, e boa atua\u00e7\u00e3o do elenco, ficando longe dos clich\u00eas das s\u00e9ries adolescentes. N\u00e3o \u00e9 \u00e0 toa que est\u00e1 disputando o n\u00famero um da lista da Netflix com a queridinha da plataforma, a s\u00e9rie Bridgerton.<\/p>\n<p><b>Inspirada em hist\u00f3rias reais<\/b><\/p>\n<p>O nome do perfil usado por Alma para fazer as den\u00fancias, o @Iam_colemanmiller, faz refer\u00eancia \u00e0s hist\u00f3rias de Daisy Coleman e Chanel Miller.<\/p>\n<p>Daisy foi abusada em uma festa, por um rapaz de 17 anos chamado Matthew Barnett, e foi deixada inconsciente na porta de casa. Ao revelar o caso, Daisy passou a ser alvo de mentiras, persegui\u00e7\u00e3o nas redes sociais e amea\u00e7as, e as den\u00fancias contra Matthew foram retiradas.<\/p>\n<p>Enquanto Chanel Miller foi abusada sexualmente aos 22 anos por um homem chamado Brock Turner, em 2015. Deixada inconsciente pr\u00f3xima a uma lixeira e sem algumas pe\u00e7as de roupa, ainda assim, Turner foi condenado a apenas seis meses de pris\u00e3o.<\/p>\n","protected":false},"excerpt":{"rendered":"<p>Por Reda\u00e7\u00e3o C2 A nova s\u00e9rie espanhola da Netflix\u00a0N\u00e3o Nos Calaremos, lidera a lista das mais assistidas no Brasil, em sua primeira temporada, dividida em oito epis\u00f3dios. O seriado espanhol narra a conturbada decis\u00e3o da personagem Alma (Nicole Wallace), uma jovem de 17 anos, que denuncia a viol\u00eancia sexual sofrida por sua amiga Grerta (Clara &hellip;<\/p>\n","protected":false},"author":1,"featured_media":3341,"comment_status":"closed","ping_status":"closed","sticky":false,"template":"","format":"standard","meta":{"footnotes":""},"categories":[24],"tags":[],"class_list":["post-3340","post","type-post","status-publish","format-standard","has-post-thumbnail","hentry","category-entretenimento"],"yoast_head":"<!-- This site is optimized with the Yoast SEO plugin v27.4 - https:\/\/yoast.com\/product\/yoast-seo-wordpress\/ -->\n<title>&#039;N\u00e3o Nos Calaremos&#039; fala sobre diferentes formas de abuso e \u00e9 inspirada em hist\u00f3rias reais - Transam\u00e9rica Mococa 93,3<\/title>\n<meta name=\"robots\" content=\"index, follow, max-snippet:-1, max-image-preview:large, max-video-preview:-1\" \/>\n<link rel=\"canonical\" href=\"https:\/\/transamerica93.com.br\/home\/nao-nos-calaremos-fala-sobre-diferentes-formas-de-abuso-e-e-inspirada-em-historias-reais\/\" \/>\n<meta property=\"og:locale\" content=\"pt_BR\" \/>\n<meta property=\"og:type\" content=\"article\" \/>\n<meta property=\"og:title\" content=\"&#039;N\u00e3o Nos Calaremos&#039; fala sobre diferentes formas de abuso e \u00e9 inspirada em hist\u00f3rias reais - Transam\u00e9rica Mococa 93,3\" \/>\n<meta property=\"og:description\" content=\"Por Reda\u00e7\u00e3o C2 A nova s\u00e9rie espanhola da Netflix\u00a0N\u00e3o Nos Calaremos, lidera a lista das mais assistidas no Brasil, em sua primeira temporada, dividida em oito epis\u00f3dios. O seriado espanhol narra a conturbada decis\u00e3o da personagem Alma (Nicole Wallace), uma jovem de 17 anos, que denuncia a viol\u00eancia sexual sofrida por sua amiga Grerta (Clara &hellip;\" \/>\n<meta property=\"og:url\" content=\"https:\/\/transamerica93.com.br\/home\/nao-nos-calaremos-fala-sobre-diferentes-formas-de-abuso-e-e-inspirada-em-historias-reais\/\" \/>\n<meta property=\"og:site_name\" content=\"Transam\u00e9rica Mococa 93,3\" \/>\n<meta property=\"article:publisher\" content=\"https:\/\/www.facebook.com\/transamericamococa\" \/>\n<meta property=\"article:published_time\" content=\"2024-06-14T21:00:05+00:00\" \/>\n<meta property=\"og:image\" content=\"https:\/\/transamerica93.com.br\/home\/wp-content\/uploads\/2024\/06\/imagem-11.jpg\" \/>\n\t<meta property=\"og:image:width\" content=\"800\" \/>\n\t<meta property=\"og:image:height\" content=\"450\" \/>\n\t<meta property=\"og:image:type\" content=\"image\/jpeg\" \/>\n<meta name=\"author\" content=\"Reda\u00e7\u00e3o\" \/>\n<meta name=\"twitter:card\" content=\"summary_large_image\" \/>\n<meta name=\"twitter:creator\" content=\"@transamerica933\" \/>\n<meta name=\"twitter:site\" content=\"@transamerica933\" \/>\n<meta name=\"twitter:label1\" content=\"Escrito por\" \/>\n\t<meta name=\"twitter:data1\" content=\"Reda\u00e7\u00e3o\" \/>\n\t<meta name=\"twitter:label2\" content=\"Est. tempo de leitura\" \/>\n\t<meta name=\"twitter:data2\" content=\"3 minutos\" \/>\n<script type=\"application\/ld+json\" class=\"yoast-schema-graph\">{\"@context\":\"https:\\\/\\\/schema.org\",\"@graph\":[{\"@type\":\"Article\",\"@id\":\"https:\\\/\\\/transamerica93.com.br\\\/home\\\/nao-nos-calaremos-fala-sobre-diferentes-formas-de-abuso-e-e-inspirada-em-historias-reais\\\/#article\",\"isPartOf\":{\"@id\":\"https:\\\/\\\/transamerica93.com.br\\\/home\\\/nao-nos-calaremos-fala-sobre-diferentes-formas-de-abuso-e-e-inspirada-em-historias-reais\\\/\"},\"author\":{\"name\":\"Reda\u00e7\u00e3o\",\"@id\":\"https:\\\/\\\/transamerica93.com.br\\\/home\\\/#\\\/schema\\\/person\\\/7fed7c99c0d4562efa8561bc0f543172\"},\"headline\":\"&#8216;N\u00e3o Nos Calaremos&#8217; fala sobre diferentes formas de abuso e \u00e9 inspirada em hist\u00f3rias reais\",\"datePublished\":\"2024-06-14T21:00:05+00:00\",\"mainEntityOfPage\":{\"@id\":\"https:\\\/\\\/transamerica93.com.br\\\/home\\\/nao-nos-calaremos-fala-sobre-diferentes-formas-de-abuso-e-e-inspirada-em-historias-reais\\\/\"},\"wordCount\":467,\"publisher\":{\"@id\":\"https:\\\/\\\/transamerica93.com.br\\\/home\\\/#organization\"},\"image\":{\"@id\":\"https:\\\/\\\/transamerica93.com.br\\\/home\\\/nao-nos-calaremos-fala-sobre-diferentes-formas-de-abuso-e-e-inspirada-em-historias-reais\\\/#primaryimage\"},\"thumbnailUrl\":\"https:\\\/\\\/transamerica93.com.br\\\/home\\\/wp-content\\\/uploads\\\/2024\\\/06\\\/imagem-11.jpg\",\"articleSection\":[\"Entretenimento\"],\"inLanguage\":\"pt-BR\"},{\"@type\":\"WebPage\",\"@id\":\"https:\\\/\\\/transamerica93.com.br\\\/home\\\/nao-nos-calaremos-fala-sobre-diferentes-formas-de-abuso-e-e-inspirada-em-historias-reais\\\/\",\"url\":\"https:\\\/\\\/transamerica93.com.br\\\/home\\\/nao-nos-calaremos-fala-sobre-diferentes-formas-de-abuso-e-e-inspirada-em-historias-reais\\\/\",\"name\":\"'N\u00e3o Nos Calaremos' fala sobre diferentes formas de abuso e \u00e9 inspirada em hist\u00f3rias reais - Transam\u00e9rica Mococa 93,3\",\"isPartOf\":{\"@id\":\"https:\\\/\\\/transamerica93.com.br\\\/home\\\/#website\"},\"primaryImageOfPage\":{\"@id\":\"https:\\\/\\\/transamerica93.com.br\\\/home\\\/nao-nos-calaremos-fala-sobre-diferentes-formas-de-abuso-e-e-inspirada-em-historias-reais\\\/#primaryimage\"},\"image\":{\"@id\":\"https:\\\/\\\/transamerica93.com.br\\\/home\\\/nao-nos-calaremos-fala-sobre-diferentes-formas-de-abuso-e-e-inspirada-em-historias-reais\\\/#primaryimage\"},\"thumbnailUrl\":\"https:\\\/\\\/transamerica93.com.br\\\/home\\\/wp-content\\\/uploads\\\/2024\\\/06\\\/imagem-11.jpg\",\"datePublished\":\"2024-06-14T21:00:05+00:00\",\"breadcrumb\":{\"@id\":\"https:\\\/\\\/transamerica93.com.br\\\/home\\\/nao-nos-calaremos-fala-sobre-diferentes-formas-de-abuso-e-e-inspirada-em-historias-reais\\\/#breadcrumb\"},\"inLanguage\":\"pt-BR\",\"potentialAction\":[{\"@type\":\"ReadAction\",\"target\":[\"https:\\\/\\\/transamerica93.com.br\\\/home\\\/nao-nos-calaremos-fala-sobre-diferentes-formas-de-abuso-e-e-inspirada-em-historias-reais\\\/\"]}]},{\"@type\":\"ImageObject\",\"inLanguage\":\"pt-BR\",\"@id\":\"https:\\\/\\\/transamerica93.com.br\\\/home\\\/nao-nos-calaremos-fala-sobre-diferentes-formas-de-abuso-e-e-inspirada-em-historias-reais\\\/#primaryimage\",\"url\":\"https:\\\/\\\/transamerica93.com.br\\\/home\\\/wp-content\\\/uploads\\\/2024\\\/06\\\/imagem-11.jpg\",\"contentUrl\":\"https:\\\/\\\/transamerica93.com.br\\\/home\\\/wp-content\\\/uploads\\\/2024\\\/06\\\/imagem-11.jpg\",\"width\":800,\"height\":450,\"caption\":\"Reprodu\u00e7\u00e3o\"},{\"@type\":\"BreadcrumbList\",\"@id\":\"https:\\\/\\\/transamerica93.com.br\\\/home\\\/nao-nos-calaremos-fala-sobre-diferentes-formas-de-abuso-e-e-inspirada-em-historias-reais\\\/#breadcrumb\",\"itemListElement\":[{\"@type\":\"ListItem\",\"position\":1,\"name\":\"In\u00edcio\",\"item\":\"https:\\\/\\\/transamerica93.com.br\\\/home\\\/\"},{\"@type\":\"ListItem\",\"position\":2,\"name\":\"&#8216;N\u00e3o Nos Calaremos&#8217; fala sobre diferentes formas de abuso e \u00e9 inspirada em hist\u00f3rias reais\"}]},{\"@type\":\"WebSite\",\"@id\":\"https:\\\/\\\/transamerica93.com.br\\\/home\\\/#website\",\"url\":\"https:\\\/\\\/transamerica93.com.br\\\/home\\\/\",\"name\":\"Transam\u00e9rica Mococa 93,3\",\"description\":\"\",\"publisher\":{\"@id\":\"https:\\\/\\\/transamerica93.com.br\\\/home\\\/#organization\"},\"potentialAction\":[{\"@type\":\"SearchAction\",\"target\":{\"@type\":\"EntryPoint\",\"urlTemplate\":\"https:\\\/\\\/transamerica93.com.br\\\/home\\\/?s={search_term_string}\"},\"query-input\":{\"@type\":\"PropertyValueSpecification\",\"valueRequired\":true,\"valueName\":\"search_term_string\"}}],\"inLanguage\":\"pt-BR\"},{\"@type\":\"Organization\",\"@id\":\"https:\\\/\\\/transamerica93.com.br\\\/home\\\/#organization\",\"name\":\"Transam\u00e9rica Mococa 93,3\",\"url\":\"https:\\\/\\\/transamerica93.com.br\\\/home\\\/\",\"logo\":{\"@type\":\"ImageObject\",\"inLanguage\":\"pt-BR\",\"@id\":\"https:\\\/\\\/transamerica93.com.br\\\/home\\\/#\\\/schema\\\/logo\\\/image\\\/\",\"url\":\"https:\\\/\\\/transamerica93.com.br\\\/home\\\/wp-content\\\/uploads\\\/2023\\\/10\\\/logo2.png\",\"contentUrl\":\"https:\\\/\\\/transamerica93.com.br\\\/home\\\/wp-content\\\/uploads\\\/2023\\\/10\\\/logo2.png\",\"width\":800,\"height\":500,\"caption\":\"Transam\u00e9rica Mococa 93,3\"},\"image\":{\"@id\":\"https:\\\/\\\/transamerica93.com.br\\\/home\\\/#\\\/schema\\\/logo\\\/image\\\/\"},\"sameAs\":[\"https:\\\/\\\/www.facebook.com\\\/transamericamococa\",\"https:\\\/\\\/x.com\\\/transamerica933\",\"https:\\\/\\\/www.instagram.com\\\/transamericamococa\"]},{\"@type\":\"Person\",\"@id\":\"https:\\\/\\\/transamerica93.com.br\\\/home\\\/#\\\/schema\\\/person\\\/7fed7c99c0d4562efa8561bc0f543172\",\"name\":\"Reda\u00e7\u00e3o\",\"image\":{\"@type\":\"ImageObject\",\"inLanguage\":\"pt-BR\",\"@id\":\"https:\\\/\\\/secure.gravatar.com\\\/avatar\\\/1072c6b775fb02ef8506ce967551d95926669a6b7d2c2147b42eea4d7c68395e?s=96&d=mm&r=g\",\"url\":\"https:\\\/\\\/secure.gravatar.com\\\/avatar\\\/1072c6b775fb02ef8506ce967551d95926669a6b7d2c2147b42eea4d7c68395e?s=96&d=mm&r=g\",\"contentUrl\":\"https:\\\/\\\/secure.gravatar.com\\\/avatar\\\/1072c6b775fb02ef8506ce967551d95926669a6b7d2c2147b42eea4d7c68395e?s=96&d=mm&r=g\",\"caption\":\"Reda\u00e7\u00e3o\"},\"sameAs\":[\"https:\\\/\\\/transamerica93.com.br\\\/home\"],\"url\":\"https:\\\/\\\/transamerica93.com.br\\\/home\\\/author\\\/william\\\/\"}]}<\/script>\n<!-- \/ Yoast SEO plugin. -->","yoast_head_json":{"title":"'N\u00e3o Nos Calaremos' fala sobre diferentes formas de abuso e \u00e9 inspirada em hist\u00f3rias reais - Transam\u00e9rica Mococa 93,3","robots":{"index":"index","follow":"follow","max-snippet":"max-snippet:-1","max-image-preview":"max-image-preview:large","max-video-preview":"max-video-preview:-1"},"canonical":"https:\/\/transamerica93.com.br\/home\/nao-nos-calaremos-fala-sobre-diferentes-formas-de-abuso-e-e-inspirada-em-historias-reais\/","og_locale":"pt_BR","og_type":"article","og_title":"'N\u00e3o Nos Calaremos' fala sobre diferentes formas de abuso e \u00e9 inspirada em hist\u00f3rias reais - Transam\u00e9rica Mococa 93,3","og_description":"Por Reda\u00e7\u00e3o C2 A nova s\u00e9rie espanhola da Netflix\u00a0N\u00e3o Nos Calaremos, lidera a lista das mais assistidas no Brasil, em sua primeira temporada, dividida em oito epis\u00f3dios. O seriado espanhol narra a conturbada decis\u00e3o da personagem Alma (Nicole Wallace), uma jovem de 17 anos, que denuncia a viol\u00eancia sexual sofrida por sua amiga Grerta (Clara &hellip;","og_url":"https:\/\/transamerica93.com.br\/home\/nao-nos-calaremos-fala-sobre-diferentes-formas-de-abuso-e-e-inspirada-em-historias-reais\/","og_site_name":"Transam\u00e9rica Mococa 93,3","article_publisher":"https:\/\/www.facebook.com\/transamericamococa","article_published_time":"2024-06-14T21:00:05+00:00","og_image":[{"width":800,"height":450,"url":"https:\/\/transamerica93.com.br\/home\/wp-content\/uploads\/2024\/06\/imagem-11.jpg","type":"image\/jpeg"}],"author":"Reda\u00e7\u00e3o","twitter_card":"summary_large_image","twitter_creator":"@transamerica933","twitter_site":"@transamerica933","twitter_misc":{"Escrito por":"Reda\u00e7\u00e3o","Est. tempo de leitura":"3 minutos"},"schema":{"@context":"https:\/\/schema.org","@graph":[{"@type":"Article","@id":"https:\/\/transamerica93.com.br\/home\/nao-nos-calaremos-fala-sobre-diferentes-formas-de-abuso-e-e-inspirada-em-historias-reais\/#article","isPartOf":{"@id":"https:\/\/transamerica93.com.br\/home\/nao-nos-calaremos-fala-sobre-diferentes-formas-de-abuso-e-e-inspirada-em-historias-reais\/"},"author":{"name":"Reda\u00e7\u00e3o","@id":"https:\/\/transamerica93.com.br\/home\/#\/schema\/person\/7fed7c99c0d4562efa8561bc0f543172"},"headline":"&#8216;N\u00e3o Nos Calaremos&#8217; fala sobre diferentes formas de abuso e \u00e9 inspirada em hist\u00f3rias reais","datePublished":"2024-06-14T21:00:05+00:00","mainEntityOfPage":{"@id":"https:\/\/transamerica93.com.br\/home\/nao-nos-calaremos-fala-sobre-diferentes-formas-de-abuso-e-e-inspirada-em-historias-reais\/"},"wordCount":467,"publisher":{"@id":"https:\/\/transamerica93.com.br\/home\/#organization"},"image":{"@id":"https:\/\/transamerica93.com.br\/home\/nao-nos-calaremos-fala-sobre-diferentes-formas-de-abuso-e-e-inspirada-em-historias-reais\/#primaryimage"},"thumbnailUrl":"https:\/\/transamerica93.com.br\/home\/wp-content\/uploads\/2024\/06\/imagem-11.jpg","articleSection":["Entretenimento"],"inLanguage":"pt-BR"},{"@type":"WebPage","@id":"https:\/\/transamerica93.com.br\/home\/nao-nos-calaremos-fala-sobre-diferentes-formas-de-abuso-e-e-inspirada-em-historias-reais\/","url":"https:\/\/transamerica93.com.br\/home\/nao-nos-calaremos-fala-sobre-diferentes-formas-de-abuso-e-e-inspirada-em-historias-reais\/","name":"'N\u00e3o Nos Calaremos' fala sobre diferentes formas de abuso e \u00e9 inspirada em hist\u00f3rias reais - Transam\u00e9rica Mococa 93,3","isPartOf":{"@id":"https:\/\/transamerica93.com.br\/home\/#website"},"primaryImageOfPage":{"@id":"https:\/\/transamerica93.com.br\/home\/nao-nos-calaremos-fala-sobre-diferentes-formas-de-abuso-e-e-inspirada-em-historias-reais\/#primaryimage"},"image":{"@id":"https:\/\/transamerica93.com.br\/home\/nao-nos-calaremos-fala-sobre-diferentes-formas-de-abuso-e-e-inspirada-em-historias-reais\/#primaryimage"},"thumbnailUrl":"https:\/\/transamerica93.com.br\/home\/wp-content\/uploads\/2024\/06\/imagem-11.jpg","datePublished":"2024-06-14T21:00:05+00:00","breadcrumb":{"@id":"https:\/\/transamerica93.com.br\/home\/nao-nos-calaremos-fala-sobre-diferentes-formas-de-abuso-e-e-inspirada-em-historias-reais\/#breadcrumb"},"inLanguage":"pt-BR","potentialAction":[{"@type":"ReadAction","target":["https:\/\/transamerica93.com.br\/home\/nao-nos-calaremos-fala-sobre-diferentes-formas-de-abuso-e-e-inspirada-em-historias-reais\/"]}]},{"@type":"ImageObject","inLanguage":"pt-BR","@id":"https:\/\/transamerica93.com.br\/home\/nao-nos-calaremos-fala-sobre-diferentes-formas-de-abuso-e-e-inspirada-em-historias-reais\/#primaryimage","url":"https:\/\/transamerica93.com.br\/home\/wp-content\/uploads\/2024\/06\/imagem-11.jpg","contentUrl":"https:\/\/transamerica93.com.br\/home\/wp-content\/uploads\/2024\/06\/imagem-11.jpg","width":800,"height":450,"caption":"Reprodu\u00e7\u00e3o"},{"@type":"BreadcrumbList","@id":"https:\/\/transamerica93.com.br\/home\/nao-nos-calaremos-fala-sobre-diferentes-formas-de-abuso-e-e-inspirada-em-historias-reais\/#breadcrumb","itemListElement":[{"@type":"ListItem","position":1,"name":"In\u00edcio","item":"https:\/\/transamerica93.com.br\/home\/"},{"@type":"ListItem","position":2,"name":"&#8216;N\u00e3o Nos Calaremos&#8217; fala sobre diferentes formas de abuso e \u00e9 inspirada em hist\u00f3rias reais"}]},{"@type":"WebSite","@id":"https:\/\/transamerica93.com.br\/home\/#website","url":"https:\/\/transamerica93.com.br\/home\/","name":"Transam\u00e9rica Mococa 93,3","description":"","publisher":{"@id":"https:\/\/transamerica93.com.br\/home\/#organization"},"potentialAction":[{"@type":"SearchAction","target":{"@type":"EntryPoint","urlTemplate":"https:\/\/transamerica93.com.br\/home\/?s={search_term_string}"},"query-input":{"@type":"PropertyValueSpecification","valueRequired":true,"valueName":"search_term_string"}}],"inLanguage":"pt-BR"},{"@type":"Organization","@id":"https:\/\/transamerica93.com.br\/home\/#organization","name":"Transam\u00e9rica Mococa 93,3","url":"https:\/\/transamerica93.com.br\/home\/","logo":{"@type":"ImageObject","inLanguage":"pt-BR","@id":"https:\/\/transamerica93.com.br\/home\/#\/schema\/logo\/image\/","url":"https:\/\/transamerica93.com.br\/home\/wp-content\/uploads\/2023\/10\/logo2.png","contentUrl":"https:\/\/transamerica93.com.br\/home\/wp-content\/uploads\/2023\/10\/logo2.png","width":800,"height":500,"caption":"Transam\u00e9rica Mococa 93,3"},"image":{"@id":"https:\/\/transamerica93.com.br\/home\/#\/schema\/logo\/image\/"},"sameAs":["https:\/\/www.facebook.com\/transamericamococa","https:\/\/x.com\/transamerica933","https:\/\/www.instagram.com\/transamericamococa"]},{"@type":"Person","@id":"https:\/\/transamerica93.com.br\/home\/#\/schema\/person\/7fed7c99c0d4562efa8561bc0f543172","name":"Reda\u00e7\u00e3o","image":{"@type":"ImageObject","inLanguage":"pt-BR","@id":"https:\/\/secure.gravatar.com\/avatar\/1072c6b775fb02ef8506ce967551d95926669a6b7d2c2147b42eea4d7c68395e?s=96&d=mm&r=g","url":"https:\/\/secure.gravatar.com\/avatar\/1072c6b775fb02ef8506ce967551d95926669a6b7d2c2147b42eea4d7c68395e?s=96&d=mm&r=g","contentUrl":"https:\/\/secure.gravatar.com\/avatar\/1072c6b775fb02ef8506ce967551d95926669a6b7d2c2147b42eea4d7c68395e?s=96&d=mm&r=g","caption":"Reda\u00e7\u00e3o"},"sameAs":["https:\/\/transamerica93.com.br\/home"],"url":"https:\/\/transamerica93.com.br\/home\/author\/william\/"}]}},"_links":{"self":[{"href":"https:\/\/transamerica93.com.br\/home\/wp-json\/wp\/v2\/posts\/3340","targetHints":{"allow":["GET"]}}],"collection":[{"href":"https:\/\/transamerica93.com.br\/home\/wp-json\/wp\/v2\/posts"}],"about":[{"href":"https:\/\/transamerica93.com.br\/home\/wp-json\/wp\/v2\/types\/post"}],"author":[{"embeddable":true,"href":"https:\/\/transamerica93.com.br\/home\/wp-json\/wp\/v2\/users\/1"}],"replies":[{"embeddable":true,"href":"https:\/\/transamerica93.com.br\/home\/wp-json\/wp\/v2\/comments?post=3340"}],"version-history":[{"count":1,"href":"https:\/\/transamerica93.com.br\/home\/wp-json\/wp\/v2\/posts\/3340\/revisions"}],"predecessor-version":[{"id":3342,"href":"https:\/\/transamerica93.com.br\/home\/wp-json\/wp\/v2\/posts\/3340\/revisions\/3342"}],"wp:featuredmedia":[{"embeddable":true,"href":"https:\/\/transamerica93.com.br\/home\/wp-json\/wp\/v2\/media\/3341"}],"wp:attachment":[{"href":"https:\/\/transamerica93.com.br\/home\/wp-json\/wp\/v2\/media?parent=3340"}],"wp:term":[{"taxonomy":"category","embeddable":true,"href":"https:\/\/transamerica93.com.br\/home\/wp-json\/wp\/v2\/categories?post=3340"},{"taxonomy":"post_tag","embeddable":true,"href":"https:\/\/transamerica93.com.br\/home\/wp-json\/wp\/v2\/tags?post=3340"}],"curies":[{"name":"wp","href":"https:\/\/api.w.org\/{rel}","templated":true}]}}