{"id":3360,"date":"2024-06-17T09:00:50","date_gmt":"2024-06-17T12:00:50","guid":{"rendered":"https:\/\/transamerica93.com.br\/home\/?p=3360"},"modified":"2024-06-08T11:52:02","modified_gmt":"2024-06-08T14:52:02","slug":"pais-registra-50-mil-casos-a-mais-de-violencia-contra-idosos-em-2023","status":"publish","type":"post","link":"https:\/\/transamerica93.com.br\/home\/pais-registra-50-mil-casos-a-mais-de-violencia-contra-idosos-em-2023\/","title":{"rendered":"Pa\u00eds registra 50 mil casos a mais de viol\u00eancia contra idosos em 2023"},"content":{"rendered":"<div class=\"post-item-wrap\">\n<p>As ocorr\u00eancias de agress\u00f5es contra idosos tiveram aumento de quase 50 mil casos em 2023 na compara\u00e7\u00e3o com o ano anterior.<\/p>\n<p>De 2020 a 2023, as den\u00fancias notificadas chegaram a 408.395 mil, das quais 21,6% ocorreram em 2020, 19,8% em 2021, 23,5% em 2022 e 35,1% no ano seguinte.\u00a0Os n\u00fameros fazem parte da pesquisa Den\u00fancias de Viol\u00eancia ao Idoso no Per\u00edodo de 2020 a 2023 na Perspectiva Bio\u00e9tica. A pesquisa resultou em artigo publicado em parceria pelas professoras Alessandra Camacho, da Escola de Enfermagem da Universidade Federal Fluminense (UFF) e do Programa Acad\u00eamico em Ci\u00eancias do Cuidado da UFF, e C\u00e9lia Caldas, da Faculdade de Enfermagem da Universidade do Estado do Rio de Janeiro (UERJ).<\/p>\n<p>Para tra\u00e7ar o perfil dos idosos, foram analisadas diversas vari\u00e1veis al\u00e9m da faixa et\u00e1ria, como regi\u00e3o do pa\u00eds, ra\u00e7a e cor, sexo, grau de instru\u00e7\u00e3o, rela\u00e7\u00e3o entre suspeito e v\u00edtima, e o contexto em que a viola\u00e7\u00e3o ocorreu.<\/p>\n<p>O estudo analisou informa\u00e7\u00f5es dispon\u00edveis no Painel de Dados da Ouvidoria Nacional de Direitos Humanos do Minist\u00e9rio dos Direitos Humanos e Cidadania, com base em den\u00fancias de viol\u00eancia registradas de 2020 a 2023, de casos suspeitos ou confirmados contra pessoas com idade igual ou superior a 60 anos. Foram exclu\u00eddas duplicatas de notifica\u00e7\u00f5es referentes \u00e0 mesma ocorr\u00eancia.<\/p>\n<p>O aumento de casos em 2023 surpreendeu a professora Alessandra Camacho, que esperava por queda nos \u00edndices. Ela disse que, ao finalizar a coleta de dados, no fim de mar\u00e7o, recebeu &#8220;com certa perplexidade&#8221; o resultado, que mostrou aumento significativo, principalmente em rela\u00e7\u00e3o ao ano de 2023. &#8220;Como exemplo, em 2022, tivemos 95 mil den\u00fancias, o que j\u00e1 era superior aos dados de 2021, e em 2023, mais de 143 mil den\u00fancias.\u201d<\/p>\n<p>Em entrevista \u00e0<strong>\u00a0Ag\u00eancia Brasil<\/strong>, Alessandra destacou que a inten\u00e7\u00e3o, no in\u00edcio da pesquisa, era verificar os registros durante a pandemia de covid-19. Embora os n\u00fameros tenham sido relevantes naquele momento, houve avan\u00e7o nas den\u00fancias. \u201cOs registros de aumento j\u00e1 vinham ocorrendo antes da pandemia. Durante a pandemia, foram maiores do que em 2019 e, depois disso, v\u00eam\u00a0 aumentando progressivamente.\u201d<\/p>\n<p>Segundo a pesquisadora, parte desse movimento tem origem no comportamento da sociedade. \u201cAs pessoas est\u00e3o tendo coragem de denunciar. Quanto mais se divulgarem essas informa\u00e7\u00f5es, mais as pessoas v\u00e3o denunciando. Essa an\u00e1lise nos faz vivenciar algumas suposi\u00e7\u00f5es importantes: a viol\u00eancia j\u00e1 acontecia, mas agora as pessoas, cientes dessa situa\u00e7\u00e3o, porque s\u00e3o diversos tipos de viol\u00eancia, est\u00e3o buscando os meios de den\u00fancias seja em delegacias, seja na pr\u00f3pria Ouvidoria do Minist\u00e9rio dos Direitos Humanos e da Cidadania. A sociedade precisa se conscientizar, e creio que isso est\u00e1 acontecendo\u201d, afirmou.<\/p>\n<p>Alessandra ressaltou que hoje h\u00e1 facilidade para gravar e registrar essas situa\u00e7\u00f5es, seja no \u00e2mbito residencial ou privado e at\u00e9 mesmo em casos de\u00a0 viol\u00eancia na rua. &#8220;Muitas pessoas t\u00eam vergonha e relatam isso, mas, ao mesmo tempo, vislumbro com a possibilidade de ampliar essa divulga\u00e7\u00e3o, j\u00e1 que as pessoas est\u00e3o tendo coragem de denunciar.\u201d<\/p>\n<p>De acordo com Alessandra, o Painel do Minist\u00e9rio dos Direitos Humanos e da Cidadania j\u00e1 anotou 74.620 den\u00fancias neste ano, o que indica aumento de casos em rela\u00e7\u00e3o ao ano de 2023.<\/p>\n<p>A Regi\u00e3o Sudeste foi a que registrou maior n\u00famero de casos (53%) de 2020 a 2023. Em seguida, aparece a Regi\u00e3o Nordeste (19,9%). \u201cA Regi\u00e3o Sudeste tem a maior concentra\u00e7\u00e3o de idosos. Os dados do Instituto Brasileiro de Geografia e Estat\u00edstica (IBGE) j\u00e1 v\u00eam mostrando isso de maneira bem not\u00f3ria. O Sudeste teve no per\u00edodo do estudo (2020-2023) mais de 50% de den\u00fancias em rela\u00e7\u00e3o ao pa\u00eds inteiro\u201d, completou.<\/p>\n<h2>Vulnerabilidade<\/h2>\n<p>Para a professora Alessandra Camacho, a vulnerabilidade dos idosos \u00e9 um fator de associa\u00e7\u00e3o entre a idade avan\u00e7ada e o maior percentual de den\u00fancias de viol\u00eancia relacionado \u00e0s pessoas de 80 anos ou mais.<\/p>\n<p>Conforme a pesquisa, o percentual m\u00e1ximo dos casos (34%) foi registrado em 2023. \u201c\u00c9 importante destacar o risco de viol\u00eancia para pessoas de 80 anos ou mais, que s\u00e3o as mais vulner\u00e1veis em termos de problemas f\u00edsicos, e \u00e9 preciso tamb\u00e9m atentar para esse dado, que podemos tentar atenuar dando uma rede de suporte e apoio \u00e0 fam\u00edlia\u201d, disse a professora, lembrando que \u00e9 uma faixa et\u00e1ria que demanda mais cuidados e e servi\u00e7os.<\/p>\n<p>Nas quest\u00f5es de g\u00eanero, as mulheres s\u00e3o mais suscet\u00edveis \u00e0 viol\u00eancia, uma consequ\u00eancia da desigualdade, intensificada com o envelhecimento. No per\u00edodo de 2020 a 2023, o sexo feminino respondeu por mais de 67% das den\u00fancias notificadas. O n\u00famero inclui aumento percentual no ano de 2022 equivalente a quase 70% dos casos registrados. \u201cEsse tamb\u00e9m \u00e9 um dado relevante porque as mulheres alcan\u00e7aram um quantitativo de mais de 60% no per\u00edodo estudado, e isso se repetiu em 2024, o que s\u00f3 vem confirmar que a mulher tem tamb\u00e9m situa\u00e7\u00e3o de vulnerabilidade\u201d, afirmou a professora, que defende pol\u00edticas p\u00fablicas para essa parcela da popula\u00e7\u00e3o.<\/p>\n<h2>Ra\u00e7a e cor<\/h2>\n<p>A popula\u00e7\u00e3o branca foi a mais atingida, com as ocorr\u00eancias apresentando crescimento ao longo dos anos. A segunda maior parcela foi a dos pardos, que tamb\u00e9m mostrou tend\u00eancia de aumento no per\u00edodo analisado. Conforme a pesquisa, h\u00e1 estudos que indicam tend\u00eancia de minimizar casos de viol\u00eancia no comportamento de pardos e negros, possivelmente, por conta de experi\u00eancias anteriores semelhantes.<\/p>\n<p>A professora chamou aten\u00e7\u00e3o para o fato de que, \u00e0s vezes, quem faz a den\u00fancia, dependendo da circunst\u00e2ncia, n\u00e3o consegue evidenciar qual \u00e9 a ra\u00e7a ou cor da v\u00edtima. \u201cAlguns dados ainda s\u00e3o um pouco mascarados por causa das circunst\u00e2ncias da pessoa que est\u00e1 denunciando. H\u00e1 uma dificuldade no item n\u00e3o declarado tamb\u00e9m. N\u00e3o se pode inferir qualquer tipo em detrimento da ra\u00e7a parda, preta, amarela, ind\u00edgena porque n\u00e3o se sabe quais s\u00e3o os elementos circunstanciais que est\u00e3o levando a essa pessoa a n\u00e3o efetivar a den\u00fancia de maneira mais completa.\u201d<\/p>\n<p>De acordo com a pesquisa, os casos de viol\u00eancia entre idosos ocorrem em diferentes graus de escolaridade e instru\u00e7\u00e3o, mas os analfabetos, ou t\u00eam ensino fundamental incompleto, s\u00e3o mais prejudicados pela falta de informa\u00e7\u00e3o e os que sofrem mais ocorr\u00eancias. Ainda neste item, o n\u00famero de casos n\u00e3o declarados foi expressivo e teve no ano passado o seu percentual mais elevado (73,16%).<\/p>\n<p>Na maioria, os filhos s\u00e3o os suspeitos em casos declarados de viol\u00eancia contra idosos. No per\u00edodo pesquisado, eles representaram 47,78% em 2020, 47,07% em 2021, 50,25% em 2022 e 56,29% em 2023. O estudo revelou que a maior parte das den\u00fancias e viola\u00e7\u00f5es relatadas ocorreram na casa onde a v\u00edtima e o suspeito residem, tendo na sequ\u00eancia a casa da pr\u00f3pria v\u00edtima.<\/p>\n<h2>Medidas<\/h2>\n<p>Alessandra ressaltou que \u00e9 importante continuar com a an\u00e1lise anual das informa\u00e7\u00f5es sobre viol\u00eancia contra idosos, bem como ampliar a divulga\u00e7\u00e3o do Painel de Dados da Ouvidoria Nacional de Direitos Humanos do Minist\u00e9rio dos Direitos Humanos e Cidadania e as pol\u00edticas p\u00fablicas destinadas a essa popula\u00e7\u00e3o, para mostrar que os canais de den\u00fancia s\u00e3o eficientes. \u201cPol\u00edticas de acolhimento, capacita\u00e7\u00e3o de profissionais que fazem acolhimento, n\u00e3o somente da \u00e1rea de sa\u00fade, mas um policial em uma delegacia, um profissional da \u00e1rea jur\u00eddica que est\u00e1 auxiliando no momento de uma den\u00fancia, porque pode ser uma viol\u00eancia patrimonial em que o idoso est\u00e1 pode sofrer dano financeiro.\u201d<\/p>\n<p>Uma forma mais direta de denunciar casos de viol\u00eancia contra idosos \u00e9 o Disque Direitos Humanos &#8211; Disque 100, ou por meio de delegacias delegacias preparadas especialmente para atender essa parcela da popula\u00e7\u00e3o, al\u00e9m do Minist\u00e9rio P\u00fablico, que tamb\u00e9m faz esse tipo de acolhimento.<\/p>\n<p>Em parceria com a Faculdade de Enfermagem da UERJ, a Escola de Enfermagem Aurora de Afonso Costa da UFF lan\u00e7ou uma cartilha informativa e educativa sobre viol\u00eancia contra idosos. Na publica\u00e7\u00e3o, \u00e9 poss\u00edvel consultar a legisla\u00e7\u00e3o brasileira sobre o tema, dados importantes e os tipos de viol\u00eancia que s\u00e3o praticados contra idosos. Quem estiver interessado pode acessar este<a href=\"https:\/\/educapes.capes.gov.br\/handle\/capes\/746177\" target=\"_blank\" rel=\"noopener\">\u00a0<em>link<\/em><\/a>.<\/p>\n<p>A metodologia usada na pesquisa \u00e9 baseada nas diretrizes do Strengthening the Reporting of Observational Studies in Epidemiology). Alessandra Camacho informou que a coleta de dados come\u00e7ou por volta de janeiro do ano passado e foi conclu\u00edda<\/p>\n<p>Para dar mais visibilidade ao tema, a Organiza\u00e7\u00e3o Mundial da Sa\u00fade (OMS) definiu junho como m\u00eas da conscientiza\u00e7\u00e3o da viol\u00eancia contra a pessoa idosa.<\/p>\n<\/div>\n<p class=\"alt-font font-italic my-2 small text-info\">Edi\u00e7\u00e3o: N\u00e1dia Franco<\/p>\n","protected":false},"excerpt":{"rendered":"<p>As ocorr\u00eancias de agress\u00f5es contra idosos tiveram aumento de quase 50 mil casos em 2023 na compara\u00e7\u00e3o com o ano anterior. De 2020 a 2023, as den\u00fancias notificadas chegaram a 408.395 mil, das quais 21,6% ocorreram em 2020, 19,8% em 2021, 23,5% em 2022 e 35,1% no ano seguinte.\u00a0Os n\u00fameros fazem parte da pesquisa Den\u00fancias &hellip;<\/p>\n","protected":false},"author":1,"featured_media":3361,"comment_status":"closed","ping_status":"closed","sticky":false,"template":"","format":"standard","meta":{"footnotes":""},"categories":[30],"tags":[],"class_list":["post-3360","post","type-post","status-publish","format-standard","has-post-thumbnail","hentry","category-geral"],"yoast_head":"<!-- This site is optimized with the Yoast SEO plugin v27.4 - https:\/\/yoast.com\/product\/yoast-seo-wordpress\/ -->\n<title>Pa\u00eds registra 50 mil casos a mais de viol\u00eancia contra idosos em 2023 - Transam\u00e9rica Mococa 93,3<\/title>\n<meta name=\"robots\" content=\"index, follow, max-snippet:-1, max-image-preview:large, max-video-preview:-1\" \/>\n<link rel=\"canonical\" href=\"https:\/\/transamerica93.com.br\/home\/pais-registra-50-mil-casos-a-mais-de-violencia-contra-idosos-em-2023\/\" \/>\n<meta property=\"og:locale\" content=\"pt_BR\" \/>\n<meta property=\"og:type\" content=\"article\" \/>\n<meta property=\"og:title\" content=\"Pa\u00eds registra 50 mil casos a mais de viol\u00eancia contra idosos em 2023 - Transam\u00e9rica Mococa 93,3\" \/>\n<meta property=\"og:description\" content=\"As ocorr\u00eancias de agress\u00f5es contra idosos tiveram aumento de quase 50 mil casos em 2023 na compara\u00e7\u00e3o com o ano anterior. De 2020 a 2023, as den\u00fancias notificadas chegaram a 408.395 mil, das quais 21,6% ocorreram em 2020, 19,8% em 2021, 23,5% em 2022 e 35,1% no ano seguinte.\u00a0Os n\u00fameros fazem parte da pesquisa Den\u00fancias &hellip;\" \/>\n<meta property=\"og:url\" content=\"https:\/\/transamerica93.com.br\/home\/pais-registra-50-mil-casos-a-mais-de-violencia-contra-idosos-em-2023\/\" \/>\n<meta property=\"og:site_name\" content=\"Transam\u00e9rica Mococa 93,3\" \/>\n<meta property=\"article:publisher\" content=\"https:\/\/www.facebook.com\/transamericamococa\" \/>\n<meta property=\"article:published_time\" content=\"2024-06-17T12:00:50+00:00\" \/>\n<meta property=\"og:image\" content=\"https:\/\/transamerica93.com.br\/home\/wp-content\/uploads\/2024\/06\/idoso.jpg\" \/>\n\t<meta property=\"og:image:width\" content=\"1170\" \/>\n\t<meta property=\"og:image:height\" content=\"701\" \/>\n\t<meta property=\"og:image:type\" content=\"image\/jpeg\" \/>\n<meta name=\"author\" content=\"Reda\u00e7\u00e3o\" \/>\n<meta name=\"twitter:card\" content=\"summary_large_image\" \/>\n<meta name=\"twitter:creator\" content=\"@transamerica933\" \/>\n<meta name=\"twitter:site\" content=\"@transamerica933\" \/>\n<meta name=\"twitter:label1\" content=\"Escrito por\" \/>\n\t<meta name=\"twitter:data1\" content=\"Reda\u00e7\u00e3o\" \/>\n\t<meta name=\"twitter:label2\" content=\"Est. tempo de leitura\" \/>\n\t<meta name=\"twitter:data2\" content=\"8 minutos\" \/>\n<script type=\"application\/ld+json\" class=\"yoast-schema-graph\">{\"@context\":\"https:\\\/\\\/schema.org\",\"@graph\":[{\"@type\":\"Article\",\"@id\":\"https:\\\/\\\/transamerica93.com.br\\\/home\\\/pais-registra-50-mil-casos-a-mais-de-violencia-contra-idosos-em-2023\\\/#article\",\"isPartOf\":{\"@id\":\"https:\\\/\\\/transamerica93.com.br\\\/home\\\/pais-registra-50-mil-casos-a-mais-de-violencia-contra-idosos-em-2023\\\/\"},\"author\":{\"name\":\"Reda\u00e7\u00e3o\",\"@id\":\"https:\\\/\\\/transamerica93.com.br\\\/home\\\/#\\\/schema\\\/person\\\/7fed7c99c0d4562efa8561bc0f543172\"},\"headline\":\"Pa\u00eds registra 50 mil casos a mais de viol\u00eancia contra idosos em 2023\",\"datePublished\":\"2024-06-17T12:00:50+00:00\",\"mainEntityOfPage\":{\"@id\":\"https:\\\/\\\/transamerica93.com.br\\\/home\\\/pais-registra-50-mil-casos-a-mais-de-violencia-contra-idosos-em-2023\\\/\"},\"wordCount\":1481,\"publisher\":{\"@id\":\"https:\\\/\\\/transamerica93.com.br\\\/home\\\/#organization\"},\"image\":{\"@id\":\"https:\\\/\\\/transamerica93.com.br\\\/home\\\/pais-registra-50-mil-casos-a-mais-de-violencia-contra-idosos-em-2023\\\/#primaryimage\"},\"thumbnailUrl\":\"https:\\\/\\\/transamerica93.com.br\\\/home\\\/wp-content\\\/uploads\\\/2024\\\/06\\\/idoso.jpg\",\"articleSection\":[\"Geral\"],\"inLanguage\":\"pt-BR\"},{\"@type\":\"WebPage\",\"@id\":\"https:\\\/\\\/transamerica93.com.br\\\/home\\\/pais-registra-50-mil-casos-a-mais-de-violencia-contra-idosos-em-2023\\\/\",\"url\":\"https:\\\/\\\/transamerica93.com.br\\\/home\\\/pais-registra-50-mil-casos-a-mais-de-violencia-contra-idosos-em-2023\\\/\",\"name\":\"Pa\u00eds registra 50 mil casos a mais de viol\u00eancia contra idosos em 2023 - Transam\u00e9rica Mococa 93,3\",\"isPartOf\":{\"@id\":\"https:\\\/\\\/transamerica93.com.br\\\/home\\\/#website\"},\"primaryImageOfPage\":{\"@id\":\"https:\\\/\\\/transamerica93.com.br\\\/home\\\/pais-registra-50-mil-casos-a-mais-de-violencia-contra-idosos-em-2023\\\/#primaryimage\"},\"image\":{\"@id\":\"https:\\\/\\\/transamerica93.com.br\\\/home\\\/pais-registra-50-mil-casos-a-mais-de-violencia-contra-idosos-em-2023\\\/#primaryimage\"},\"thumbnailUrl\":\"https:\\\/\\\/transamerica93.com.br\\\/home\\\/wp-content\\\/uploads\\\/2024\\\/06\\\/idoso.jpg\",\"datePublished\":\"2024-06-17T12:00:50+00:00\",\"breadcrumb\":{\"@id\":\"https:\\\/\\\/transamerica93.com.br\\\/home\\\/pais-registra-50-mil-casos-a-mais-de-violencia-contra-idosos-em-2023\\\/#breadcrumb\"},\"inLanguage\":\"pt-BR\",\"potentialAction\":[{\"@type\":\"ReadAction\",\"target\":[\"https:\\\/\\\/transamerica93.com.br\\\/home\\\/pais-registra-50-mil-casos-a-mais-de-violencia-contra-idosos-em-2023\\\/\"]}]},{\"@type\":\"ImageObject\",\"inLanguage\":\"pt-BR\",\"@id\":\"https:\\\/\\\/transamerica93.com.br\\\/home\\\/pais-registra-50-mil-casos-a-mais-de-violencia-contra-idosos-em-2023\\\/#primaryimage\",\"url\":\"https:\\\/\\\/transamerica93.com.br\\\/home\\\/wp-content\\\/uploads\\\/2024\\\/06\\\/idoso.jpg\",\"contentUrl\":\"https:\\\/\\\/transamerica93.com.br\\\/home\\\/wp-content\\\/uploads\\\/2024\\\/06\\\/idoso.jpg\",\"width\":1170,\"height\":701,\"caption\":\"\u00a9 Marcelo Camargo\\\/Ag\u00eancia Brasil\"},{\"@type\":\"BreadcrumbList\",\"@id\":\"https:\\\/\\\/transamerica93.com.br\\\/home\\\/pais-registra-50-mil-casos-a-mais-de-violencia-contra-idosos-em-2023\\\/#breadcrumb\",\"itemListElement\":[{\"@type\":\"ListItem\",\"position\":1,\"name\":\"In\u00edcio\",\"item\":\"https:\\\/\\\/transamerica93.com.br\\\/home\\\/\"},{\"@type\":\"ListItem\",\"position\":2,\"name\":\"Pa\u00eds registra 50 mil casos a mais de viol\u00eancia contra idosos em 2023\"}]},{\"@type\":\"WebSite\",\"@id\":\"https:\\\/\\\/transamerica93.com.br\\\/home\\\/#website\",\"url\":\"https:\\\/\\\/transamerica93.com.br\\\/home\\\/\",\"name\":\"Transam\u00e9rica Mococa 93,3\",\"description\":\"\",\"publisher\":{\"@id\":\"https:\\\/\\\/transamerica93.com.br\\\/home\\\/#organization\"},\"potentialAction\":[{\"@type\":\"SearchAction\",\"target\":{\"@type\":\"EntryPoint\",\"urlTemplate\":\"https:\\\/\\\/transamerica93.com.br\\\/home\\\/?s={search_term_string}\"},\"query-input\":{\"@type\":\"PropertyValueSpecification\",\"valueRequired\":true,\"valueName\":\"search_term_string\"}}],\"inLanguage\":\"pt-BR\"},{\"@type\":\"Organization\",\"@id\":\"https:\\\/\\\/transamerica93.com.br\\\/home\\\/#organization\",\"name\":\"Transam\u00e9rica Mococa 93,3\",\"url\":\"https:\\\/\\\/transamerica93.com.br\\\/home\\\/\",\"logo\":{\"@type\":\"ImageObject\",\"inLanguage\":\"pt-BR\",\"@id\":\"https:\\\/\\\/transamerica93.com.br\\\/home\\\/#\\\/schema\\\/logo\\\/image\\\/\",\"url\":\"https:\\\/\\\/transamerica93.com.br\\\/home\\\/wp-content\\\/uploads\\\/2023\\\/10\\\/logo2.png\",\"contentUrl\":\"https:\\\/\\\/transamerica93.com.br\\\/home\\\/wp-content\\\/uploads\\\/2023\\\/10\\\/logo2.png\",\"width\":800,\"height\":500,\"caption\":\"Transam\u00e9rica Mococa 93,3\"},\"image\":{\"@id\":\"https:\\\/\\\/transamerica93.com.br\\\/home\\\/#\\\/schema\\\/logo\\\/image\\\/\"},\"sameAs\":[\"https:\\\/\\\/www.facebook.com\\\/transamericamococa\",\"https:\\\/\\\/x.com\\\/transamerica933\",\"https:\\\/\\\/www.instagram.com\\\/transamericamococa\"]},{\"@type\":\"Person\",\"@id\":\"https:\\\/\\\/transamerica93.com.br\\\/home\\\/#\\\/schema\\\/person\\\/7fed7c99c0d4562efa8561bc0f543172\",\"name\":\"Reda\u00e7\u00e3o\",\"image\":{\"@type\":\"ImageObject\",\"inLanguage\":\"pt-BR\",\"@id\":\"https:\\\/\\\/secure.gravatar.com\\\/avatar\\\/1072c6b775fb02ef8506ce967551d95926669a6b7d2c2147b42eea4d7c68395e?s=96&d=mm&r=g\",\"url\":\"https:\\\/\\\/secure.gravatar.com\\\/avatar\\\/1072c6b775fb02ef8506ce967551d95926669a6b7d2c2147b42eea4d7c68395e?s=96&d=mm&r=g\",\"contentUrl\":\"https:\\\/\\\/secure.gravatar.com\\\/avatar\\\/1072c6b775fb02ef8506ce967551d95926669a6b7d2c2147b42eea4d7c68395e?s=96&d=mm&r=g\",\"caption\":\"Reda\u00e7\u00e3o\"},\"sameAs\":[\"https:\\\/\\\/transamerica93.com.br\\\/home\"],\"url\":\"https:\\\/\\\/transamerica93.com.br\\\/home\\\/author\\\/william\\\/\"}]}<\/script>\n<!-- \/ Yoast SEO plugin. -->","yoast_head_json":{"title":"Pa\u00eds registra 50 mil casos a mais de viol\u00eancia contra idosos em 2023 - Transam\u00e9rica Mococa 93,3","robots":{"index":"index","follow":"follow","max-snippet":"max-snippet:-1","max-image-preview":"max-image-preview:large","max-video-preview":"max-video-preview:-1"},"canonical":"https:\/\/transamerica93.com.br\/home\/pais-registra-50-mil-casos-a-mais-de-violencia-contra-idosos-em-2023\/","og_locale":"pt_BR","og_type":"article","og_title":"Pa\u00eds registra 50 mil casos a mais de viol\u00eancia contra idosos em 2023 - Transam\u00e9rica Mococa 93,3","og_description":"As ocorr\u00eancias de agress\u00f5es contra idosos tiveram aumento de quase 50 mil casos em 2023 na compara\u00e7\u00e3o com o ano anterior. De 2020 a 2023, as den\u00fancias notificadas chegaram a 408.395 mil, das quais 21,6% ocorreram em 2020, 19,8% em 2021, 23,5% em 2022 e 35,1% no ano seguinte.\u00a0Os n\u00fameros fazem parte da pesquisa Den\u00fancias &hellip;","og_url":"https:\/\/transamerica93.com.br\/home\/pais-registra-50-mil-casos-a-mais-de-violencia-contra-idosos-em-2023\/","og_site_name":"Transam\u00e9rica Mococa 93,3","article_publisher":"https:\/\/www.facebook.com\/transamericamococa","article_published_time":"2024-06-17T12:00:50+00:00","og_image":[{"width":1170,"height":701,"url":"https:\/\/transamerica93.com.br\/home\/wp-content\/uploads\/2024\/06\/idoso.jpg","type":"image\/jpeg"}],"author":"Reda\u00e7\u00e3o","twitter_card":"summary_large_image","twitter_creator":"@transamerica933","twitter_site":"@transamerica933","twitter_misc":{"Escrito por":"Reda\u00e7\u00e3o","Est. tempo de leitura":"8 minutos"},"schema":{"@context":"https:\/\/schema.org","@graph":[{"@type":"Article","@id":"https:\/\/transamerica93.com.br\/home\/pais-registra-50-mil-casos-a-mais-de-violencia-contra-idosos-em-2023\/#article","isPartOf":{"@id":"https:\/\/transamerica93.com.br\/home\/pais-registra-50-mil-casos-a-mais-de-violencia-contra-idosos-em-2023\/"},"author":{"name":"Reda\u00e7\u00e3o","@id":"https:\/\/transamerica93.com.br\/home\/#\/schema\/person\/7fed7c99c0d4562efa8561bc0f543172"},"headline":"Pa\u00eds registra 50 mil casos a mais de viol\u00eancia contra idosos em 2023","datePublished":"2024-06-17T12:00:50+00:00","mainEntityOfPage":{"@id":"https:\/\/transamerica93.com.br\/home\/pais-registra-50-mil-casos-a-mais-de-violencia-contra-idosos-em-2023\/"},"wordCount":1481,"publisher":{"@id":"https:\/\/transamerica93.com.br\/home\/#organization"},"image":{"@id":"https:\/\/transamerica93.com.br\/home\/pais-registra-50-mil-casos-a-mais-de-violencia-contra-idosos-em-2023\/#primaryimage"},"thumbnailUrl":"https:\/\/transamerica93.com.br\/home\/wp-content\/uploads\/2024\/06\/idoso.jpg","articleSection":["Geral"],"inLanguage":"pt-BR"},{"@type":"WebPage","@id":"https:\/\/transamerica93.com.br\/home\/pais-registra-50-mil-casos-a-mais-de-violencia-contra-idosos-em-2023\/","url":"https:\/\/transamerica93.com.br\/home\/pais-registra-50-mil-casos-a-mais-de-violencia-contra-idosos-em-2023\/","name":"Pa\u00eds registra 50 mil casos a mais de viol\u00eancia contra idosos em 2023 - Transam\u00e9rica Mococa 93,3","isPartOf":{"@id":"https:\/\/transamerica93.com.br\/home\/#website"},"primaryImageOfPage":{"@id":"https:\/\/transamerica93.com.br\/home\/pais-registra-50-mil-casos-a-mais-de-violencia-contra-idosos-em-2023\/#primaryimage"},"image":{"@id":"https:\/\/transamerica93.com.br\/home\/pais-registra-50-mil-casos-a-mais-de-violencia-contra-idosos-em-2023\/#primaryimage"},"thumbnailUrl":"https:\/\/transamerica93.com.br\/home\/wp-content\/uploads\/2024\/06\/idoso.jpg","datePublished":"2024-06-17T12:00:50+00:00","breadcrumb":{"@id":"https:\/\/transamerica93.com.br\/home\/pais-registra-50-mil-casos-a-mais-de-violencia-contra-idosos-em-2023\/#breadcrumb"},"inLanguage":"pt-BR","potentialAction":[{"@type":"ReadAction","target":["https:\/\/transamerica93.com.br\/home\/pais-registra-50-mil-casos-a-mais-de-violencia-contra-idosos-em-2023\/"]}]},{"@type":"ImageObject","inLanguage":"pt-BR","@id":"https:\/\/transamerica93.com.br\/home\/pais-registra-50-mil-casos-a-mais-de-violencia-contra-idosos-em-2023\/#primaryimage","url":"https:\/\/transamerica93.com.br\/home\/wp-content\/uploads\/2024\/06\/idoso.jpg","contentUrl":"https:\/\/transamerica93.com.br\/home\/wp-content\/uploads\/2024\/06\/idoso.jpg","width":1170,"height":701,"caption":"\u00a9 Marcelo Camargo\/Ag\u00eancia Brasil"},{"@type":"BreadcrumbList","@id":"https:\/\/transamerica93.com.br\/home\/pais-registra-50-mil-casos-a-mais-de-violencia-contra-idosos-em-2023\/#breadcrumb","itemListElement":[{"@type":"ListItem","position":1,"name":"In\u00edcio","item":"https:\/\/transamerica93.com.br\/home\/"},{"@type":"ListItem","position":2,"name":"Pa\u00eds registra 50 mil casos a mais de viol\u00eancia contra idosos em 2023"}]},{"@type":"WebSite","@id":"https:\/\/transamerica93.com.br\/home\/#website","url":"https:\/\/transamerica93.com.br\/home\/","name":"Transam\u00e9rica Mococa 93,3","description":"","publisher":{"@id":"https:\/\/transamerica93.com.br\/home\/#organization"},"potentialAction":[{"@type":"SearchAction","target":{"@type":"EntryPoint","urlTemplate":"https:\/\/transamerica93.com.br\/home\/?s={search_term_string}"},"query-input":{"@type":"PropertyValueSpecification","valueRequired":true,"valueName":"search_term_string"}}],"inLanguage":"pt-BR"},{"@type":"Organization","@id":"https:\/\/transamerica93.com.br\/home\/#organization","name":"Transam\u00e9rica Mococa 93,3","url":"https:\/\/transamerica93.com.br\/home\/","logo":{"@type":"ImageObject","inLanguage":"pt-BR","@id":"https:\/\/transamerica93.com.br\/home\/#\/schema\/logo\/image\/","url":"https:\/\/transamerica93.com.br\/home\/wp-content\/uploads\/2023\/10\/logo2.png","contentUrl":"https:\/\/transamerica93.com.br\/home\/wp-content\/uploads\/2023\/10\/logo2.png","width":800,"height":500,"caption":"Transam\u00e9rica Mococa 93,3"},"image":{"@id":"https:\/\/transamerica93.com.br\/home\/#\/schema\/logo\/image\/"},"sameAs":["https:\/\/www.facebook.com\/transamericamococa","https:\/\/x.com\/transamerica933","https:\/\/www.instagram.com\/transamericamococa"]},{"@type":"Person","@id":"https:\/\/transamerica93.com.br\/home\/#\/schema\/person\/7fed7c99c0d4562efa8561bc0f543172","name":"Reda\u00e7\u00e3o","image":{"@type":"ImageObject","inLanguage":"pt-BR","@id":"https:\/\/secure.gravatar.com\/avatar\/1072c6b775fb02ef8506ce967551d95926669a6b7d2c2147b42eea4d7c68395e?s=96&d=mm&r=g","url":"https:\/\/secure.gravatar.com\/avatar\/1072c6b775fb02ef8506ce967551d95926669a6b7d2c2147b42eea4d7c68395e?s=96&d=mm&r=g","contentUrl":"https:\/\/secure.gravatar.com\/avatar\/1072c6b775fb02ef8506ce967551d95926669a6b7d2c2147b42eea4d7c68395e?s=96&d=mm&r=g","caption":"Reda\u00e7\u00e3o"},"sameAs":["https:\/\/transamerica93.com.br\/home"],"url":"https:\/\/transamerica93.com.br\/home\/author\/william\/"}]}},"_links":{"self":[{"href":"https:\/\/transamerica93.com.br\/home\/wp-json\/wp\/v2\/posts\/3360","targetHints":{"allow":["GET"]}}],"collection":[{"href":"https:\/\/transamerica93.com.br\/home\/wp-json\/wp\/v2\/posts"}],"about":[{"href":"https:\/\/transamerica93.com.br\/home\/wp-json\/wp\/v2\/types\/post"}],"author":[{"embeddable":true,"href":"https:\/\/transamerica93.com.br\/home\/wp-json\/wp\/v2\/users\/1"}],"replies":[{"embeddable":true,"href":"https:\/\/transamerica93.com.br\/home\/wp-json\/wp\/v2\/comments?post=3360"}],"version-history":[{"count":1,"href":"https:\/\/transamerica93.com.br\/home\/wp-json\/wp\/v2\/posts\/3360\/revisions"}],"predecessor-version":[{"id":3366,"href":"https:\/\/transamerica93.com.br\/home\/wp-json\/wp\/v2\/posts\/3360\/revisions\/3366"}],"wp:featuredmedia":[{"embeddable":true,"href":"https:\/\/transamerica93.com.br\/home\/wp-json\/wp\/v2\/media\/3361"}],"wp:attachment":[{"href":"https:\/\/transamerica93.com.br\/home\/wp-json\/wp\/v2\/media?parent=3360"}],"wp:term":[{"taxonomy":"category","embeddable":true,"href":"https:\/\/transamerica93.com.br\/home\/wp-json\/wp\/v2\/categories?post=3360"},{"taxonomy":"post_tag","embeddable":true,"href":"https:\/\/transamerica93.com.br\/home\/wp-json\/wp\/v2\/tags?post=3360"}],"curies":[{"name":"wp","href":"https:\/\/api.w.org\/{rel}","templated":true}]}}