{"id":3369,"date":"2024-06-19T09:00:54","date_gmt":"2024-06-19T12:00:54","guid":{"rendered":"https:\/\/transamerica93.com.br\/home\/?p=3369"},"modified":"2024-06-08T11:53:25","modified_gmt":"2024-06-08T14:53:25","slug":"producao-de-veiculos-registra-queda-de-268-em-maio","status":"publish","type":"post","link":"https:\/\/transamerica93.com.br\/home\/producao-de-veiculos-registra-queda-de-268-em-maio\/","title":{"rendered":"Produ\u00e7\u00e3o de ve\u00edculos registra queda de 26,8% em maio"},"content":{"rendered":"<div class=\"post-item-wrap\">\n<p>A produ\u00e7\u00e3o de autove\u00edculos em maio fechou em 166,7 mil unidades, o que representa uma queda de 26,8% em rela\u00e7\u00e3o a maio do ano passado. Na compara\u00e7\u00e3o com abril, a redu\u00e7\u00e3o foi de 24,9%. Considerando o acumulado do ano, houve queda de 1,7% ante o mesmo per\u00edodo de 2023.\u00a0<img decoding=\"async\" data-src=\"https:\/\/agenciabrasil.ebc.com.br\/ebc.png?id=1598932&amp;o=node\" src=\"data:image\/svg+xml;base64,PHN2ZyB3aWR0aD0iMSIgaGVpZ2h0PSIxIiB4bWxucz0iaHR0cDovL3d3dy53My5vcmcvMjAwMC9zdmciPjwvc3ZnPg==\" class=\"lazyload\" \/><img decoding=\"async\" data-src=\"https:\/\/agenciabrasil.ebc.com.br\/ebc.gif?id=1598932&amp;o=node\" src=\"data:image\/svg+xml;base64,PHN2ZyB3aWR0aD0iMSIgaGVpZ2h0PSIxIiB4bWxucz0iaHR0cDovL3d3dy53My5vcmcvMjAwMC9zdmciPjwvc3ZnPg==\" class=\"lazyload\" \/><\/p>\n<p>Os dados foram divulgados nesta sexta-feira (7) pela Associa\u00e7\u00e3o Nacional dos Fabricantes de Ve\u00edculos Automotores (Anfavea).<\/p>\n<p>Com 129,2 mil unidades, a produ\u00e7\u00e3o de autom\u00f3veis caiu 26,2% em maio, em rela\u00e7\u00e3o ao mesmo m\u00eas do ano passado. No acumulado do ano, a queda foi de 4,3% ante o mesmo per\u00edodo de 2023, e redu\u00e7\u00e3o de 22,8% quando comparado a abril deste ano.<\/p>\n<p>Na categoria comerciais leves, a produ\u00e7\u00e3o de 23,6 mil unidades em maio representou queda em todas as bases de compara\u00e7\u00e3o: ante maio de 2023 (-44,4%), abril deste ano (-41,3%) e no acumulado do ano (0,7%).<\/p>\n<p>Ao contr\u00e1rio da produ\u00e7\u00e3o de ve\u00edculos leves, os caminh\u00f5es superaram a marca de 50 mil unidades no ano, com eleva\u00e7\u00e3o de 30% ante os primeiros cinco meses de 2023. O aumento chegou a 33,1% na compara\u00e7\u00e3o entre os meses de maio de 2024 e maio do ano passado. Os mais de 12 mil \u00f4nibus produzidos no per\u00edodo representam o melhor resultado acumulado para o segmento desde 2015.<\/p>\n<h2>Vendas<\/h2>\n<p>As vendas totais, incluindo novos nacionais e importados, foram de 194,3 mil unidades, 12% a menos que abril, mas 10% a mais que maio de 2023. No acumulado do ano, foram 929,7 mil unidades emplacadas, 15% a mais que nos primeiros cinco meses de 2023.<\/p>\n<p>Segundo a Anfavea, este foi o melhor maio em m\u00e9dia di\u00e1ria de vendas desde 2019, com 9.250 unidades emplacadas por dia. Isso apesar da queda de 64% no Rio Grande do Sul, que representa 5% do mercado nacional, e do feriado prolongado nos \u00faltimos dias do m\u00eas.<\/p>\n<p>Segundo a entidade, o crescimento das importa\u00e7\u00f5es \u00e9 um ponto de aten\u00e7\u00e3o para o setor automotivo brasileiro. O volume de emplacamentos de autove\u00edculos vindos de outros pa\u00edses j\u00e1 chegou a 159.355 mil unidades de janeiro a maio, 44 mil a mais do que no mesmo per\u00edodo de 2023, uma alta de 37,8%. Os modelos el\u00e9tricos e h\u00edbridos de origem chinesa, que t\u00eam Imposto de Importa\u00e7\u00e3o abaixo da m\u00e9dia de outros ve\u00edculos, representaram 82% desse crescimento das importa\u00e7\u00f5es no ano.<\/p>\n<p>A avalia\u00e7\u00e3o da Anfavea \u00e9 que as exporta\u00e7\u00f5es continuam muito abaixo das expectativas. Em maio, foram exportadas 26,8 mil unidades, queda de 41,4% ante maio do ano passado e queda de 2,1% em rela\u00e7\u00e3o a abril deste ano. No acumulado de janeiro a maio, as 136,3 mil unidades exportadas representaram recuo de 29,7% sobre igual per\u00edodo do ano passado, quando o n\u00famero absoluto chegou a 193,8 mil.<\/p>\n<p>Sobre os empregos diretos nas f\u00e1bricas de autove\u00edculos, em maio, o n\u00famero chegou a 103.299, um crescimento de 1,3 mil empregos em rela\u00e7\u00e3o a abril e de 3,1 mil sobre maio de 2023. \u201cEsse \u00e9 o melhor n\u00edvel desde novembro de 2022, indicando os primeiros reflexos positivos dos investimentos anunciados pelos fabricantes desde o ano passado\u201d, avaliou, em nota, o presidente da Anfavea, M\u00e1rcio de Lima Leite. Segundo ele, o poder de gera\u00e7\u00e3o de empregos indiretos na cadeia automotiva \u00e9 da ordem de dez para cada vaga direta.<\/p>\n<\/div>\n<p class=\"alt-font font-italic my-2 small text-info\">Edi\u00e7\u00e3o: Sabrina Craide<\/p>\n","protected":false},"excerpt":{"rendered":"<p>A produ\u00e7\u00e3o de autove\u00edculos em maio fechou em 166,7 mil unidades, o que representa uma queda de 26,8% em rela\u00e7\u00e3o a maio do ano passado. Na compara\u00e7\u00e3o com abril, a redu\u00e7\u00e3o foi de 24,9%. Considerando o acumulado do ano, houve queda de 1,7% ante o mesmo per\u00edodo de 2023.\u00a0 Os dados foram divulgados nesta sexta-feira &hellip;<\/p>\n","protected":false},"author":1,"featured_media":3363,"comment_status":"closed","ping_status":"closed","sticky":false,"template":"","format":"standard","meta":{"footnotes":""},"categories":[30],"tags":[],"class_list":["post-3369","post","type-post","status-publish","format-standard","has-post-thumbnail","hentry","category-geral"],"yoast_head":"<!-- This site is optimized with the Yoast SEO plugin v27.4 - https:\/\/yoast.com\/product\/yoast-seo-wordpress\/ -->\n<title>Produ\u00e7\u00e3o de ve\u00edculos registra queda de 26,8% em maio - Transam\u00e9rica Mococa 93,3<\/title>\n<meta name=\"robots\" content=\"index, follow, max-snippet:-1, max-image-preview:large, max-video-preview:-1\" \/>\n<link rel=\"canonical\" href=\"https:\/\/transamerica93.com.br\/home\/producao-de-veiculos-registra-queda-de-268-em-maio\/\" \/>\n<meta property=\"og:locale\" content=\"pt_BR\" \/>\n<meta property=\"og:type\" content=\"article\" \/>\n<meta property=\"og:title\" content=\"Produ\u00e7\u00e3o de ve\u00edculos registra queda de 26,8% em maio - Transam\u00e9rica Mococa 93,3\" \/>\n<meta property=\"og:description\" content=\"A produ\u00e7\u00e3o de autove\u00edculos em maio fechou em 166,7 mil unidades, o que representa uma queda de 26,8% em rela\u00e7\u00e3o a maio do ano passado. Na compara\u00e7\u00e3o com abril, a redu\u00e7\u00e3o foi de 24,9%. Considerando o acumulado do ano, houve queda de 1,7% ante o mesmo per\u00edodo de 2023.\u00a0 Os dados foram divulgados nesta sexta-feira &hellip;\" \/>\n<meta property=\"og:url\" content=\"https:\/\/transamerica93.com.br\/home\/producao-de-veiculos-registra-queda-de-268-em-maio\/\" \/>\n<meta property=\"og:site_name\" content=\"Transam\u00e9rica Mococa 93,3\" \/>\n<meta property=\"article:publisher\" content=\"https:\/\/www.facebook.com\/transamericamococa\" \/>\n<meta property=\"article:published_time\" content=\"2024-06-19T12:00:54+00:00\" \/>\n<meta property=\"og:image\" content=\"https:\/\/transamerica93.com.br\/home\/wp-content\/uploads\/2024\/06\/producaodeveiculos.jpg\" \/>\n\t<meta property=\"og:image:width\" content=\"1170\" \/>\n\t<meta property=\"og:image:height\" content=\"701\" \/>\n\t<meta property=\"og:image:type\" content=\"image\/jpeg\" \/>\n<meta name=\"author\" content=\"Reda\u00e7\u00e3o\" \/>\n<meta name=\"twitter:card\" content=\"summary_large_image\" \/>\n<meta name=\"twitter:creator\" content=\"@transamerica933\" \/>\n<meta name=\"twitter:site\" content=\"@transamerica933\" \/>\n<meta name=\"twitter:label1\" content=\"Escrito por\" \/>\n\t<meta name=\"twitter:data1\" content=\"Reda\u00e7\u00e3o\" \/>\n\t<meta name=\"twitter:label2\" content=\"Est. tempo de leitura\" \/>\n\t<meta name=\"twitter:data2\" content=\"1 minuto\" \/>\n<script type=\"application\/ld+json\" class=\"yoast-schema-graph\">{\"@context\":\"https:\\\/\\\/schema.org\",\"@graph\":[{\"@type\":\"Article\",\"@id\":\"https:\\\/\\\/transamerica93.com.br\\\/home\\\/producao-de-veiculos-registra-queda-de-268-em-maio\\\/#article\",\"isPartOf\":{\"@id\":\"https:\\\/\\\/transamerica93.com.br\\\/home\\\/producao-de-veiculos-registra-queda-de-268-em-maio\\\/\"},\"author\":{\"name\":\"Reda\u00e7\u00e3o\",\"@id\":\"https:\\\/\\\/transamerica93.com.br\\\/home\\\/#\\\/schema\\\/person\\\/7fed7c99c0d4562efa8561bc0f543172\"},\"headline\":\"Produ\u00e7\u00e3o de ve\u00edculos registra queda de 26,8% em maio\",\"datePublished\":\"2024-06-19T12:00:54+00:00\",\"mainEntityOfPage\":{\"@id\":\"https:\\\/\\\/transamerica93.com.br\\\/home\\\/producao-de-veiculos-registra-queda-de-268-em-maio\\\/\"},\"wordCount\":551,\"publisher\":{\"@id\":\"https:\\\/\\\/transamerica93.com.br\\\/home\\\/#organization\"},\"image\":{\"@id\":\"https:\\\/\\\/transamerica93.com.br\\\/home\\\/producao-de-veiculos-registra-queda-de-268-em-maio\\\/#primaryimage\"},\"thumbnailUrl\":\"https:\\\/\\\/transamerica93.com.br\\\/home\\\/wp-content\\\/uploads\\\/2024\\\/06\\\/producaodeveiculos.jpg\",\"articleSection\":[\"Geral\"],\"inLanguage\":\"pt-BR\"},{\"@type\":\"WebPage\",\"@id\":\"https:\\\/\\\/transamerica93.com.br\\\/home\\\/producao-de-veiculos-registra-queda-de-268-em-maio\\\/\",\"url\":\"https:\\\/\\\/transamerica93.com.br\\\/home\\\/producao-de-veiculos-registra-queda-de-268-em-maio\\\/\",\"name\":\"Produ\u00e7\u00e3o de ve\u00edculos registra queda de 26,8% em maio - Transam\u00e9rica Mococa 93,3\",\"isPartOf\":{\"@id\":\"https:\\\/\\\/transamerica93.com.br\\\/home\\\/#website\"},\"primaryImageOfPage\":{\"@id\":\"https:\\\/\\\/transamerica93.com.br\\\/home\\\/producao-de-veiculos-registra-queda-de-268-em-maio\\\/#primaryimage\"},\"image\":{\"@id\":\"https:\\\/\\\/transamerica93.com.br\\\/home\\\/producao-de-veiculos-registra-queda-de-268-em-maio\\\/#primaryimage\"},\"thumbnailUrl\":\"https:\\\/\\\/transamerica93.com.br\\\/home\\\/wp-content\\\/uploads\\\/2024\\\/06\\\/producaodeveiculos.jpg\",\"datePublished\":\"2024-06-19T12:00:54+00:00\",\"breadcrumb\":{\"@id\":\"https:\\\/\\\/transamerica93.com.br\\\/home\\\/producao-de-veiculos-registra-queda-de-268-em-maio\\\/#breadcrumb\"},\"inLanguage\":\"pt-BR\",\"potentialAction\":[{\"@type\":\"ReadAction\",\"target\":[\"https:\\\/\\\/transamerica93.com.br\\\/home\\\/producao-de-veiculos-registra-queda-de-268-em-maio\\\/\"]}]},{\"@type\":\"ImageObject\",\"inLanguage\":\"pt-BR\",\"@id\":\"https:\\\/\\\/transamerica93.com.br\\\/home\\\/producao-de-veiculos-registra-queda-de-268-em-maio\\\/#primaryimage\",\"url\":\"https:\\\/\\\/transamerica93.com.br\\\/home\\\/wp-content\\\/uploads\\\/2024\\\/06\\\/producaodeveiculos.jpg\",\"contentUrl\":\"https:\\\/\\\/transamerica93.com.br\\\/home\\\/wp-content\\\/uploads\\\/2024\\\/06\\\/producaodeveiculos.jpg\",\"width\":1170,\"height\":701,\"caption\":\"\u00a9 REUTERS\\\/Washington Alves\\\/Direitos Reservados\"},{\"@type\":\"BreadcrumbList\",\"@id\":\"https:\\\/\\\/transamerica93.com.br\\\/home\\\/producao-de-veiculos-registra-queda-de-268-em-maio\\\/#breadcrumb\",\"itemListElement\":[{\"@type\":\"ListItem\",\"position\":1,\"name\":\"In\u00edcio\",\"item\":\"https:\\\/\\\/transamerica93.com.br\\\/home\\\/\"},{\"@type\":\"ListItem\",\"position\":2,\"name\":\"Produ\u00e7\u00e3o de ve\u00edculos registra queda de 26,8% em maio\"}]},{\"@type\":\"WebSite\",\"@id\":\"https:\\\/\\\/transamerica93.com.br\\\/home\\\/#website\",\"url\":\"https:\\\/\\\/transamerica93.com.br\\\/home\\\/\",\"name\":\"Transam\u00e9rica Mococa 93,3\",\"description\":\"\",\"publisher\":{\"@id\":\"https:\\\/\\\/transamerica93.com.br\\\/home\\\/#organization\"},\"potentialAction\":[{\"@type\":\"SearchAction\",\"target\":{\"@type\":\"EntryPoint\",\"urlTemplate\":\"https:\\\/\\\/transamerica93.com.br\\\/home\\\/?s={search_term_string}\"},\"query-input\":{\"@type\":\"PropertyValueSpecification\",\"valueRequired\":true,\"valueName\":\"search_term_string\"}}],\"inLanguage\":\"pt-BR\"},{\"@type\":\"Organization\",\"@id\":\"https:\\\/\\\/transamerica93.com.br\\\/home\\\/#organization\",\"name\":\"Transam\u00e9rica Mococa 93,3\",\"url\":\"https:\\\/\\\/transamerica93.com.br\\\/home\\\/\",\"logo\":{\"@type\":\"ImageObject\",\"inLanguage\":\"pt-BR\",\"@id\":\"https:\\\/\\\/transamerica93.com.br\\\/home\\\/#\\\/schema\\\/logo\\\/image\\\/\",\"url\":\"https:\\\/\\\/transamerica93.com.br\\\/home\\\/wp-content\\\/uploads\\\/2023\\\/10\\\/logo2.png\",\"contentUrl\":\"https:\\\/\\\/transamerica93.com.br\\\/home\\\/wp-content\\\/uploads\\\/2023\\\/10\\\/logo2.png\",\"width\":800,\"height\":500,\"caption\":\"Transam\u00e9rica Mococa 93,3\"},\"image\":{\"@id\":\"https:\\\/\\\/transamerica93.com.br\\\/home\\\/#\\\/schema\\\/logo\\\/image\\\/\"},\"sameAs\":[\"https:\\\/\\\/www.facebook.com\\\/transamericamococa\",\"https:\\\/\\\/x.com\\\/transamerica933\",\"https:\\\/\\\/www.instagram.com\\\/transamericamococa\"]},{\"@type\":\"Person\",\"@id\":\"https:\\\/\\\/transamerica93.com.br\\\/home\\\/#\\\/schema\\\/person\\\/7fed7c99c0d4562efa8561bc0f543172\",\"name\":\"Reda\u00e7\u00e3o\",\"image\":{\"@type\":\"ImageObject\",\"inLanguage\":\"pt-BR\",\"@id\":\"https:\\\/\\\/secure.gravatar.com\\\/avatar\\\/1072c6b775fb02ef8506ce967551d95926669a6b7d2c2147b42eea4d7c68395e?s=96&d=mm&r=g\",\"url\":\"https:\\\/\\\/secure.gravatar.com\\\/avatar\\\/1072c6b775fb02ef8506ce967551d95926669a6b7d2c2147b42eea4d7c68395e?s=96&d=mm&r=g\",\"contentUrl\":\"https:\\\/\\\/secure.gravatar.com\\\/avatar\\\/1072c6b775fb02ef8506ce967551d95926669a6b7d2c2147b42eea4d7c68395e?s=96&d=mm&r=g\",\"caption\":\"Reda\u00e7\u00e3o\"},\"sameAs\":[\"https:\\\/\\\/transamerica93.com.br\\\/home\"],\"url\":\"https:\\\/\\\/transamerica93.com.br\\\/home\\\/author\\\/william\\\/\"}]}<\/script>\n<!-- \/ Yoast SEO plugin. -->","yoast_head_json":{"title":"Produ\u00e7\u00e3o de ve\u00edculos registra queda de 26,8% em maio - Transam\u00e9rica Mococa 93,3","robots":{"index":"index","follow":"follow","max-snippet":"max-snippet:-1","max-image-preview":"max-image-preview:large","max-video-preview":"max-video-preview:-1"},"canonical":"https:\/\/transamerica93.com.br\/home\/producao-de-veiculos-registra-queda-de-268-em-maio\/","og_locale":"pt_BR","og_type":"article","og_title":"Produ\u00e7\u00e3o de ve\u00edculos registra queda de 26,8% em maio - Transam\u00e9rica Mococa 93,3","og_description":"A produ\u00e7\u00e3o de autove\u00edculos em maio fechou em 166,7 mil unidades, o que representa uma queda de 26,8% em rela\u00e7\u00e3o a maio do ano passado. Na compara\u00e7\u00e3o com abril, a redu\u00e7\u00e3o foi de 24,9%. Considerando o acumulado do ano, houve queda de 1,7% ante o mesmo per\u00edodo de 2023.\u00a0 Os dados foram divulgados nesta sexta-feira &hellip;","og_url":"https:\/\/transamerica93.com.br\/home\/producao-de-veiculos-registra-queda-de-268-em-maio\/","og_site_name":"Transam\u00e9rica Mococa 93,3","article_publisher":"https:\/\/www.facebook.com\/transamericamococa","article_published_time":"2024-06-19T12:00:54+00:00","og_image":[{"width":1170,"height":701,"url":"https:\/\/transamerica93.com.br\/home\/wp-content\/uploads\/2024\/06\/producaodeveiculos.jpg","type":"image\/jpeg"}],"author":"Reda\u00e7\u00e3o","twitter_card":"summary_large_image","twitter_creator":"@transamerica933","twitter_site":"@transamerica933","twitter_misc":{"Escrito por":"Reda\u00e7\u00e3o","Est. tempo de leitura":"1 minuto"},"schema":{"@context":"https:\/\/schema.org","@graph":[{"@type":"Article","@id":"https:\/\/transamerica93.com.br\/home\/producao-de-veiculos-registra-queda-de-268-em-maio\/#article","isPartOf":{"@id":"https:\/\/transamerica93.com.br\/home\/producao-de-veiculos-registra-queda-de-268-em-maio\/"},"author":{"name":"Reda\u00e7\u00e3o","@id":"https:\/\/transamerica93.com.br\/home\/#\/schema\/person\/7fed7c99c0d4562efa8561bc0f543172"},"headline":"Produ\u00e7\u00e3o de ve\u00edculos registra queda de 26,8% em maio","datePublished":"2024-06-19T12:00:54+00:00","mainEntityOfPage":{"@id":"https:\/\/transamerica93.com.br\/home\/producao-de-veiculos-registra-queda-de-268-em-maio\/"},"wordCount":551,"publisher":{"@id":"https:\/\/transamerica93.com.br\/home\/#organization"},"image":{"@id":"https:\/\/transamerica93.com.br\/home\/producao-de-veiculos-registra-queda-de-268-em-maio\/#primaryimage"},"thumbnailUrl":"https:\/\/transamerica93.com.br\/home\/wp-content\/uploads\/2024\/06\/producaodeveiculos.jpg","articleSection":["Geral"],"inLanguage":"pt-BR"},{"@type":"WebPage","@id":"https:\/\/transamerica93.com.br\/home\/producao-de-veiculos-registra-queda-de-268-em-maio\/","url":"https:\/\/transamerica93.com.br\/home\/producao-de-veiculos-registra-queda-de-268-em-maio\/","name":"Produ\u00e7\u00e3o de ve\u00edculos registra queda de 26,8% em maio - Transam\u00e9rica Mococa 93,3","isPartOf":{"@id":"https:\/\/transamerica93.com.br\/home\/#website"},"primaryImageOfPage":{"@id":"https:\/\/transamerica93.com.br\/home\/producao-de-veiculos-registra-queda-de-268-em-maio\/#primaryimage"},"image":{"@id":"https:\/\/transamerica93.com.br\/home\/producao-de-veiculos-registra-queda-de-268-em-maio\/#primaryimage"},"thumbnailUrl":"https:\/\/transamerica93.com.br\/home\/wp-content\/uploads\/2024\/06\/producaodeveiculos.jpg","datePublished":"2024-06-19T12:00:54+00:00","breadcrumb":{"@id":"https:\/\/transamerica93.com.br\/home\/producao-de-veiculos-registra-queda-de-268-em-maio\/#breadcrumb"},"inLanguage":"pt-BR","potentialAction":[{"@type":"ReadAction","target":["https:\/\/transamerica93.com.br\/home\/producao-de-veiculos-registra-queda-de-268-em-maio\/"]}]},{"@type":"ImageObject","inLanguage":"pt-BR","@id":"https:\/\/transamerica93.com.br\/home\/producao-de-veiculos-registra-queda-de-268-em-maio\/#primaryimage","url":"https:\/\/transamerica93.com.br\/home\/wp-content\/uploads\/2024\/06\/producaodeveiculos.jpg","contentUrl":"https:\/\/transamerica93.com.br\/home\/wp-content\/uploads\/2024\/06\/producaodeveiculos.jpg","width":1170,"height":701,"caption":"\u00a9 REUTERS\/Washington Alves\/Direitos Reservados"},{"@type":"BreadcrumbList","@id":"https:\/\/transamerica93.com.br\/home\/producao-de-veiculos-registra-queda-de-268-em-maio\/#breadcrumb","itemListElement":[{"@type":"ListItem","position":1,"name":"In\u00edcio","item":"https:\/\/transamerica93.com.br\/home\/"},{"@type":"ListItem","position":2,"name":"Produ\u00e7\u00e3o de ve\u00edculos registra queda de 26,8% em maio"}]},{"@type":"WebSite","@id":"https:\/\/transamerica93.com.br\/home\/#website","url":"https:\/\/transamerica93.com.br\/home\/","name":"Transam\u00e9rica Mococa 93,3","description":"","publisher":{"@id":"https:\/\/transamerica93.com.br\/home\/#organization"},"potentialAction":[{"@type":"SearchAction","target":{"@type":"EntryPoint","urlTemplate":"https:\/\/transamerica93.com.br\/home\/?s={search_term_string}"},"query-input":{"@type":"PropertyValueSpecification","valueRequired":true,"valueName":"search_term_string"}}],"inLanguage":"pt-BR"},{"@type":"Organization","@id":"https:\/\/transamerica93.com.br\/home\/#organization","name":"Transam\u00e9rica Mococa 93,3","url":"https:\/\/transamerica93.com.br\/home\/","logo":{"@type":"ImageObject","inLanguage":"pt-BR","@id":"https:\/\/transamerica93.com.br\/home\/#\/schema\/logo\/image\/","url":"https:\/\/transamerica93.com.br\/home\/wp-content\/uploads\/2023\/10\/logo2.png","contentUrl":"https:\/\/transamerica93.com.br\/home\/wp-content\/uploads\/2023\/10\/logo2.png","width":800,"height":500,"caption":"Transam\u00e9rica Mococa 93,3"},"image":{"@id":"https:\/\/transamerica93.com.br\/home\/#\/schema\/logo\/image\/"},"sameAs":["https:\/\/www.facebook.com\/transamericamococa","https:\/\/x.com\/transamerica933","https:\/\/www.instagram.com\/transamericamococa"]},{"@type":"Person","@id":"https:\/\/transamerica93.com.br\/home\/#\/schema\/person\/7fed7c99c0d4562efa8561bc0f543172","name":"Reda\u00e7\u00e3o","image":{"@type":"ImageObject","inLanguage":"pt-BR","@id":"https:\/\/secure.gravatar.com\/avatar\/1072c6b775fb02ef8506ce967551d95926669a6b7d2c2147b42eea4d7c68395e?s=96&d=mm&r=g","url":"https:\/\/secure.gravatar.com\/avatar\/1072c6b775fb02ef8506ce967551d95926669a6b7d2c2147b42eea4d7c68395e?s=96&d=mm&r=g","contentUrl":"https:\/\/secure.gravatar.com\/avatar\/1072c6b775fb02ef8506ce967551d95926669a6b7d2c2147b42eea4d7c68395e?s=96&d=mm&r=g","caption":"Reda\u00e7\u00e3o"},"sameAs":["https:\/\/transamerica93.com.br\/home"],"url":"https:\/\/transamerica93.com.br\/home\/author\/william\/"}]}},"_links":{"self":[{"href":"https:\/\/transamerica93.com.br\/home\/wp-json\/wp\/v2\/posts\/3369","targetHints":{"allow":["GET"]}}],"collection":[{"href":"https:\/\/transamerica93.com.br\/home\/wp-json\/wp\/v2\/posts"}],"about":[{"href":"https:\/\/transamerica93.com.br\/home\/wp-json\/wp\/v2\/types\/post"}],"author":[{"embeddable":true,"href":"https:\/\/transamerica93.com.br\/home\/wp-json\/wp\/v2\/users\/1"}],"replies":[{"embeddable":true,"href":"https:\/\/transamerica93.com.br\/home\/wp-json\/wp\/v2\/comments?post=3369"}],"version-history":[{"count":1,"href":"https:\/\/transamerica93.com.br\/home\/wp-json\/wp\/v2\/posts\/3369\/revisions"}],"predecessor-version":[{"id":3370,"href":"https:\/\/transamerica93.com.br\/home\/wp-json\/wp\/v2\/posts\/3369\/revisions\/3370"}],"wp:featuredmedia":[{"embeddable":true,"href":"https:\/\/transamerica93.com.br\/home\/wp-json\/wp\/v2\/media\/3363"}],"wp:attachment":[{"href":"https:\/\/transamerica93.com.br\/home\/wp-json\/wp\/v2\/media?parent=3369"}],"wp:term":[{"taxonomy":"category","embeddable":true,"href":"https:\/\/transamerica93.com.br\/home\/wp-json\/wp\/v2\/categories?post=3369"},{"taxonomy":"post_tag","embeddable":true,"href":"https:\/\/transamerica93.com.br\/home\/wp-json\/wp\/v2\/tags?post=3369"}],"curies":[{"name":"wp","href":"https:\/\/api.w.org\/{rel}","templated":true}]}}