{"id":3371,"date":"2024-06-20T09:00:32","date_gmt":"2024-06-20T12:00:32","guid":{"rendered":"https:\/\/transamerica93.com.br\/home\/?p=3371"},"modified":"2024-06-08T11:54:06","modified_gmt":"2024-06-08T14:54:06","slug":"pesquisa-nacional-quer-investigar-a-violencia-contra-educadores","status":"publish","type":"post","link":"https:\/\/transamerica93.com.br\/home\/pesquisa-nacional-quer-investigar-a-violencia-contra-educadores\/","title":{"rendered":"Pesquisa nacional quer investigar a viol\u00eancia contra educadores"},"content":{"rendered":"<div class=\"post-item-wrap\">\n<p>O Observat\u00f3rio Nacional da Viol\u00eancia contra Educadoras\/es (Onve) lan\u00e7ou oficialmente a pesquisa nacional <em>A viol\u00eancia contra educadores como amea\u00e7a \u00e0 educa\u00e7\u00e3o democr\u00e1tica: um estudo sobre a persegui\u00e7\u00e3o de educadores no Brasil<\/em>. O coordenador do Observat\u00f3rio, professor Fernando Penna, da Faculdade de Educa\u00e7\u00e3o da UFF, explicou \u00e0\u00a0<strong>Ag\u00eancia Brasil<\/strong>\u00a0que \u201ca pesquisa visa produzir dados para a elabora\u00e7\u00e3o de pol\u00edticas p\u00fablicas sobre viol\u00eancia\u201d.\u00a0<img decoding=\"async\" data-src=\"https:\/\/agenciabrasil.ebc.com.br\/ebc.png?id=1598931&amp;o=node\" src=\"data:image\/svg+xml;base64,PHN2ZyB3aWR0aD0iMSIgaGVpZ2h0PSIxIiB4bWxucz0iaHR0cDovL3d3dy53My5vcmcvMjAwMC9zdmciPjwvc3ZnPg==\" class=\"lazyload\" \/><img decoding=\"async\" data-src=\"https:\/\/agenciabrasil.ebc.com.br\/ebc.gif?id=1598931&amp;o=node\" src=\"data:image\/svg+xml;base64,PHN2ZyB3aWR0aD0iMSIgaGVpZ2h0PSIxIiB4bWxucz0iaHR0cDovL3d3dy53My5vcmcvMjAwMC9zdmciPjwvc3ZnPg==\" class=\"lazyload\" \/><\/p>\n<p>Fernando Penna informou que, a princ\u00edpio, todos os educadores da educa\u00e7\u00e3o b\u00e1sica, ensino superior, privado e p\u00fablico podem participar. \u201cEles v\u00e3o falar da sua experi\u00eancia, inclusive, aqueles que n\u00e3o viveram podem indicar que n\u00e3o passaram por nenhuma das situa\u00e7\u00f5es descritas\u201d.<\/p>\n<p>A pesquisa trabalhar\u00e1 com uma concep\u00e7\u00e3o de educadores que envolve todos os profissionais da educa\u00e7\u00e3o, desde diretores, merendeiras, porteiros, t\u00e9cnicos de assuntos educacionais, al\u00e9m dos pr\u00f3prios professores. Ela poder\u00e1 ser respondida por meio de formul\u00e1rio online encontrado no\u00a0<a href=\"https:\/\/onveuff.com\/a-pesquisa\/\" target=\"_blank\" rel=\"noopener\">site do observat\u00f3rio<\/a>.<\/p>\n<p>Tamb\u00e9m coordenador do N\u00facleo de Estudos em Educa\u00e7\u00e3o Democr\u00e1tica da UFF, Fernando Penna disse que o question\u00e1rio poder\u00e1 ser respondido at\u00e9 o final de julho. Em agosto, ser\u00e1 realizada a an\u00e1lise preliminar das respostas, prevendo-se a divulga\u00e7\u00e3o dos resultados em setembro. \u201cNossa expectativa \u00e9 que, se a gente conseguir dados significativos sobre a viol\u00eancia, eles possam ajudar na elabora\u00e7\u00e3o de pol\u00edticas p\u00fablicas pelo MEC e, tamb\u00e9m, pelos governos estaduais e municipais\u201d.<\/p>\n<h2>Protocolos<\/h2>\n<p>O Observat\u00f3rio vai ajudar na elabora\u00e7\u00e3o de\u00a0um documento t\u00e9cnico visando criar um canal de den\u00fancias em parceria com o Disque 100. O acordo de coopera\u00e7\u00e3o com o\u00a0Minist\u00e9rio dos Direitos Humanos e da Cidadania prev\u00ea a elabora\u00e7\u00e3o de\u00a0um protocolo espec\u00edfico de encaminhamento de viola\u00e7\u00f5es de direitos humanos de educadores e educadoras.<\/p>\n<p>\u201cCertamente, os dados da pesquisa v\u00e3o contribuir para isso. O Disque 100 \u00e9 uma pol\u00edtica p\u00fablica muito importante. Vai ser \u00f3timo ter um protocolo espec\u00edfico para os professores e professoras reconhecidos como categoria vulner\u00e1vel no Disque 100\u201d, avalia Fernando Penna.<\/p>\n<p>Outra grande a\u00e7\u00e3o do Observat\u00f3rio, segundo o professor Penna, \u00e9 a elabora\u00e7\u00e3o de protocolos de acolhimento jur\u00eddico e psicol\u00f3gico para educadores que sofrem viol\u00eancia. \u201cEm pesquisas anteriores, os educadores indicaram que o acolhimento jur\u00eddico e psicol\u00f3gico eram suas principais demandas. O Onve tem equipes jur\u00eddica e psicol\u00f3gica que est\u00e3o trabalhando na elabora\u00e7\u00e3o desse protocolo, que dever\u00e1 ser viabilizado em parceria com a sociedade civil e sindicatos, porque o observat\u00f3rio n\u00e3o tem estrutura suficiente para fazer esse acolhimento em n\u00edvel nacional. A gente vai discutir esse protocolo e fazer parcerias para que os grupos que defendem educadores possam implement\u00e1-lo\u201d, explicou.<\/p>\n<h2>Cen\u00e1rios<\/h2>\n<p>A partir da pesquisa, ser\u00e1 criado um banco de dados para que possa ser feita uma estimativa do que acontece em todo o Brasil em termos de viol\u00eancia contra os educadores. O Observat\u00f3rio tra\u00e7ou v\u00e1rios cen\u00e1rios para essa sondagem. O melhor deles engloba 3,5 mil respondentes. A expectativa \u00e9 positiva, segundo Penna, tendo em vista que em apenas duas semanas em campo j\u00e1 responderam ao formul\u00e1rio 400 educadores de v\u00e1rias regi\u00f5es do pa\u00eds.<\/p>\n<p>\u201cDependendo do n\u00famero de respondentes, a gente vai ter uma capacidade de realiza\u00e7\u00e3o maior por grandes regi\u00f5es, por estados\u201d, disse Penna, defendendo a import\u00e2ncia de se divulgar a pesquisa para que o n\u00famero de respondentes possa ser maior e maior tamb\u00e9m seja a avalia\u00e7\u00e3o.<\/p>\n<p>Fernando Penna esclareceu que nesta sexta-feira foi o lan\u00e7amento oficial da pesquisa com o MEC, mas j\u00e1 tem sido apresentada em diversas localidades, visando conseguir o maior n\u00famero de respondentes.<\/p>\n<p>Nesta quinta-feira (6), por exemplo, a campanha foi apresentada na Assembleia Legislativa de Santa Catarina, em parceria com o gabinete da deputada Luciane Carminatti (PT), presidente da Comiss\u00e3o de Educa\u00e7\u00e3o e Cultura da Alesc. Naquele estado, a pesquisa ser\u00e1 implementada pelo N\u00facleo de Educa\u00e7\u00e3o, Preven\u00e7\u00e3o, Aten\u00e7\u00e3o e Atendimento \u00e0s Viol\u00eancias na Escola (Nepre), que atuar\u00e1 diretamente nos col\u00e9gios.<\/p>\n<p>\u201cSe tivermos oportunidade, faremos mais apresenta\u00e7\u00f5es em outros estados\u201d, assegurou o coordenador do Observat\u00f3rio.<\/p>\n<p>V\u00e1rias institui\u00e7\u00f5es participaram da elabora\u00e7\u00e3o da pesquisa, entre elas a Universidade do Estado do Rio de Janeiro (Uerj), a Universidade Federal do Rio de Janeiro (UFRJ), o Instituto Federal do Rio de Janeiro (IFRJ) e\u00a0a Universidade Federal do ABC (UFABC).<\/p>\n<h2>Prote\u00e7\u00e3o<\/h2>\n<p>Durante o lan\u00e7amento da pesquisa, o vice-reitor da UFF, Fabio Barboza Passos, salientou o aumento da viol\u00eancia contra os professores nos \u00faltimos anos. Por isso, disse ser importante que se discutam meios de minimizar essa quest\u00e3o e proteger os educadores, garantindo, ao mesmo tempo, que se tenha no pa\u00eds uma sociedade que consiga trabalhar com o debate democr\u00e1tico e a discuss\u00e3o de ideias.<\/p>\n<p>O coordenador geral em Pol\u00edticas Educacionais em Direitos Humanos do Minist\u00e9rio da Educa\u00e7\u00e3o, Erasto Fortes Mendon\u00e7a, afirmou que desde o in\u00edcio compreendeu que o projeto\u00a0sobre viol\u00eancia contra educadoras e educadores \u201cera de grande import\u00e2ncia para n\u00f3s que trabalhamos com educa\u00e7\u00e3o em direitos humanos\u201d. Ele espera que a pesquisa possa subsidiar o MEC com dados concretos dessa persegui\u00e7\u00e3o e traga elementos suficientes para organiza\u00e7\u00e3o de uma pol\u00edtica p\u00fablica de prote\u00e7\u00e3o aos professores.<\/p>\n<p>O observat\u00f3rio \u00e9 um projeto de extens\u00e3o vinculado \u00e0 Faculdade de Educa\u00e7\u00e3o da Universidade Federal Fluminense (UFF), que re\u00fane pesquisadores de diversas institui\u00e7\u00f5es de ensino e pesquisa, bem como estudantes de gradua\u00e7\u00e3o e p\u00f3s-gradua\u00e7\u00e3o, e foi criado em parceria com a Secretaria de Educa\u00e7\u00e3o Continuada, Alfabetiza\u00e7\u00e3o de Jovens e Adultos, Diversidade e Inclus\u00e3o (Secadi) do Minist\u00e9rio da Educa\u00e7\u00e3o (MEC).<\/p>\n<\/div>\n<p class=\"alt-font font-italic my-2 small text-info\">Edi\u00e7\u00e3o: Fernando Fraga<\/p>\n","protected":false},"excerpt":{"rendered":"<p>O Observat\u00f3rio Nacional da Viol\u00eancia contra Educadoras\/es (Onve) lan\u00e7ou oficialmente a pesquisa nacional A viol\u00eancia contra educadores como amea\u00e7a \u00e0 educa\u00e7\u00e3o democr\u00e1tica: um estudo sobre a persegui\u00e7\u00e3o de educadores no Brasil. O coordenador do Observat\u00f3rio, professor Fernando Penna, da Faculdade de Educa\u00e7\u00e3o da UFF, explicou \u00e0\u00a0Ag\u00eancia Brasil\u00a0que \u201ca pesquisa visa produzir dados para a elabora\u00e7\u00e3o &hellip;<\/p>\n","protected":false},"author":1,"featured_media":3364,"comment_status":"closed","ping_status":"closed","sticky":false,"template":"","format":"standard","meta":{"footnotes":""},"categories":[30],"tags":[],"class_list":["post-3371","post","type-post","status-publish","format-standard","has-post-thumbnail","hentry","category-geral"],"yoast_head":"<!-- This site is optimized with the Yoast SEO plugin v27.4 - https:\/\/yoast.com\/product\/yoast-seo-wordpress\/ -->\n<title>Pesquisa nacional quer investigar a viol\u00eancia contra educadores - Transam\u00e9rica Mococa 93,3<\/title>\n<meta name=\"robots\" content=\"index, follow, max-snippet:-1, max-image-preview:large, max-video-preview:-1\" \/>\n<link rel=\"canonical\" href=\"https:\/\/transamerica93.com.br\/home\/pesquisa-nacional-quer-investigar-a-violencia-contra-educadores\/\" \/>\n<meta property=\"og:locale\" content=\"pt_BR\" \/>\n<meta property=\"og:type\" content=\"article\" \/>\n<meta property=\"og:title\" content=\"Pesquisa nacional quer investigar a viol\u00eancia contra educadores - Transam\u00e9rica Mococa 93,3\" \/>\n<meta property=\"og:description\" content=\"O Observat\u00f3rio Nacional da Viol\u00eancia contra Educadoras\/es (Onve) lan\u00e7ou oficialmente a pesquisa nacional A viol\u00eancia contra educadores como amea\u00e7a \u00e0 educa\u00e7\u00e3o democr\u00e1tica: um estudo sobre a persegui\u00e7\u00e3o de educadores no Brasil. O coordenador do Observat\u00f3rio, professor Fernando Penna, da Faculdade de Educa\u00e7\u00e3o da UFF, explicou \u00e0\u00a0Ag\u00eancia Brasil\u00a0que \u201ca pesquisa visa produzir dados para a elabora\u00e7\u00e3o &hellip;\" \/>\n<meta property=\"og:url\" content=\"https:\/\/transamerica93.com.br\/home\/pesquisa-nacional-quer-investigar-a-violencia-contra-educadores\/\" \/>\n<meta property=\"og:site_name\" content=\"Transam\u00e9rica Mococa 93,3\" \/>\n<meta property=\"article:publisher\" content=\"https:\/\/www.facebook.com\/transamericamococa\" \/>\n<meta property=\"article:published_time\" content=\"2024-06-20T12:00:32+00:00\" \/>\n<meta property=\"og:image\" content=\"https:\/\/transamerica93.com.br\/home\/wp-content\/uploads\/2024\/06\/professoreducador.jpg\" \/>\n\t<meta property=\"og:image:width\" content=\"1170\" \/>\n\t<meta property=\"og:image:height\" content=\"701\" \/>\n\t<meta property=\"og:image:type\" content=\"image\/jpeg\" \/>\n<meta name=\"author\" content=\"Reda\u00e7\u00e3o\" \/>\n<meta name=\"twitter:card\" content=\"summary_large_image\" \/>\n<meta name=\"twitter:creator\" content=\"@transamerica933\" \/>\n<meta name=\"twitter:site\" content=\"@transamerica933\" \/>\n<meta name=\"twitter:label1\" content=\"Escrito por\" \/>\n\t<meta name=\"twitter:data1\" content=\"Reda\u00e7\u00e3o\" \/>\n\t<meta name=\"twitter:label2\" content=\"Est. tempo de leitura\" \/>\n\t<meta name=\"twitter:data2\" content=\"6 minutos\" \/>\n<script type=\"application\/ld+json\" class=\"yoast-schema-graph\">{\"@context\":\"https:\\\/\\\/schema.org\",\"@graph\":[{\"@type\":\"Article\",\"@id\":\"https:\\\/\\\/transamerica93.com.br\\\/home\\\/pesquisa-nacional-quer-investigar-a-violencia-contra-educadores\\\/#article\",\"isPartOf\":{\"@id\":\"https:\\\/\\\/transamerica93.com.br\\\/home\\\/pesquisa-nacional-quer-investigar-a-violencia-contra-educadores\\\/\"},\"author\":{\"name\":\"Reda\u00e7\u00e3o\",\"@id\":\"https:\\\/\\\/transamerica93.com.br\\\/home\\\/#\\\/schema\\\/person\\\/7fed7c99c0d4562efa8561bc0f543172\"},\"headline\":\"Pesquisa nacional quer investigar a viol\u00eancia contra educadores\",\"datePublished\":\"2024-06-20T12:00:32+00:00\",\"mainEntityOfPage\":{\"@id\":\"https:\\\/\\\/transamerica93.com.br\\\/home\\\/pesquisa-nacional-quer-investigar-a-violencia-contra-educadores\\\/\"},\"wordCount\":1002,\"publisher\":{\"@id\":\"https:\\\/\\\/transamerica93.com.br\\\/home\\\/#organization\"},\"image\":{\"@id\":\"https:\\\/\\\/transamerica93.com.br\\\/home\\\/pesquisa-nacional-quer-investigar-a-violencia-contra-educadores\\\/#primaryimage\"},\"thumbnailUrl\":\"https:\\\/\\\/transamerica93.com.br\\\/home\\\/wp-content\\\/uploads\\\/2024\\\/06\\\/professoreducador.jpg\",\"articleSection\":[\"Geral\"],\"inLanguage\":\"pt-BR\"},{\"@type\":\"WebPage\",\"@id\":\"https:\\\/\\\/transamerica93.com.br\\\/home\\\/pesquisa-nacional-quer-investigar-a-violencia-contra-educadores\\\/\",\"url\":\"https:\\\/\\\/transamerica93.com.br\\\/home\\\/pesquisa-nacional-quer-investigar-a-violencia-contra-educadores\\\/\",\"name\":\"Pesquisa nacional quer investigar a viol\u00eancia contra educadores - Transam\u00e9rica Mococa 93,3\",\"isPartOf\":{\"@id\":\"https:\\\/\\\/transamerica93.com.br\\\/home\\\/#website\"},\"primaryImageOfPage\":{\"@id\":\"https:\\\/\\\/transamerica93.com.br\\\/home\\\/pesquisa-nacional-quer-investigar-a-violencia-contra-educadores\\\/#primaryimage\"},\"image\":{\"@id\":\"https:\\\/\\\/transamerica93.com.br\\\/home\\\/pesquisa-nacional-quer-investigar-a-violencia-contra-educadores\\\/#primaryimage\"},\"thumbnailUrl\":\"https:\\\/\\\/transamerica93.com.br\\\/home\\\/wp-content\\\/uploads\\\/2024\\\/06\\\/professoreducador.jpg\",\"datePublished\":\"2024-06-20T12:00:32+00:00\",\"breadcrumb\":{\"@id\":\"https:\\\/\\\/transamerica93.com.br\\\/home\\\/pesquisa-nacional-quer-investigar-a-violencia-contra-educadores\\\/#breadcrumb\"},\"inLanguage\":\"pt-BR\",\"potentialAction\":[{\"@type\":\"ReadAction\",\"target\":[\"https:\\\/\\\/transamerica93.com.br\\\/home\\\/pesquisa-nacional-quer-investigar-a-violencia-contra-educadores\\\/\"]}]},{\"@type\":\"ImageObject\",\"inLanguage\":\"pt-BR\",\"@id\":\"https:\\\/\\\/transamerica93.com.br\\\/home\\\/pesquisa-nacional-quer-investigar-a-violencia-contra-educadores\\\/#primaryimage\",\"url\":\"https:\\\/\\\/transamerica93.com.br\\\/home\\\/wp-content\\\/uploads\\\/2024\\\/06\\\/professoreducador.jpg\",\"contentUrl\":\"https:\\\/\\\/transamerica93.com.br\\\/home\\\/wp-content\\\/uploads\\\/2024\\\/06\\\/professoreducador.jpg\",\"width\":1170,\"height\":701,\"caption\":\"\u00a9 REUTERS\\\/Washington Alves\\\/Direitos Reservados\"},{\"@type\":\"BreadcrumbList\",\"@id\":\"https:\\\/\\\/transamerica93.com.br\\\/home\\\/pesquisa-nacional-quer-investigar-a-violencia-contra-educadores\\\/#breadcrumb\",\"itemListElement\":[{\"@type\":\"ListItem\",\"position\":1,\"name\":\"In\u00edcio\",\"item\":\"https:\\\/\\\/transamerica93.com.br\\\/home\\\/\"},{\"@type\":\"ListItem\",\"position\":2,\"name\":\"Pesquisa nacional quer investigar a viol\u00eancia contra educadores\"}]},{\"@type\":\"WebSite\",\"@id\":\"https:\\\/\\\/transamerica93.com.br\\\/home\\\/#website\",\"url\":\"https:\\\/\\\/transamerica93.com.br\\\/home\\\/\",\"name\":\"Transam\u00e9rica Mococa 93,3\",\"description\":\"\",\"publisher\":{\"@id\":\"https:\\\/\\\/transamerica93.com.br\\\/home\\\/#organization\"},\"potentialAction\":[{\"@type\":\"SearchAction\",\"target\":{\"@type\":\"EntryPoint\",\"urlTemplate\":\"https:\\\/\\\/transamerica93.com.br\\\/home\\\/?s={search_term_string}\"},\"query-input\":{\"@type\":\"PropertyValueSpecification\",\"valueRequired\":true,\"valueName\":\"search_term_string\"}}],\"inLanguage\":\"pt-BR\"},{\"@type\":\"Organization\",\"@id\":\"https:\\\/\\\/transamerica93.com.br\\\/home\\\/#organization\",\"name\":\"Transam\u00e9rica Mococa 93,3\",\"url\":\"https:\\\/\\\/transamerica93.com.br\\\/home\\\/\",\"logo\":{\"@type\":\"ImageObject\",\"inLanguage\":\"pt-BR\",\"@id\":\"https:\\\/\\\/transamerica93.com.br\\\/home\\\/#\\\/schema\\\/logo\\\/image\\\/\",\"url\":\"https:\\\/\\\/transamerica93.com.br\\\/home\\\/wp-content\\\/uploads\\\/2023\\\/10\\\/logo2.png\",\"contentUrl\":\"https:\\\/\\\/transamerica93.com.br\\\/home\\\/wp-content\\\/uploads\\\/2023\\\/10\\\/logo2.png\",\"width\":800,\"height\":500,\"caption\":\"Transam\u00e9rica Mococa 93,3\"},\"image\":{\"@id\":\"https:\\\/\\\/transamerica93.com.br\\\/home\\\/#\\\/schema\\\/logo\\\/image\\\/\"},\"sameAs\":[\"https:\\\/\\\/www.facebook.com\\\/transamericamococa\",\"https:\\\/\\\/x.com\\\/transamerica933\",\"https:\\\/\\\/www.instagram.com\\\/transamericamococa\"]},{\"@type\":\"Person\",\"@id\":\"https:\\\/\\\/transamerica93.com.br\\\/home\\\/#\\\/schema\\\/person\\\/7fed7c99c0d4562efa8561bc0f543172\",\"name\":\"Reda\u00e7\u00e3o\",\"image\":{\"@type\":\"ImageObject\",\"inLanguage\":\"pt-BR\",\"@id\":\"https:\\\/\\\/secure.gravatar.com\\\/avatar\\\/1072c6b775fb02ef8506ce967551d95926669a6b7d2c2147b42eea4d7c68395e?s=96&d=mm&r=g\",\"url\":\"https:\\\/\\\/secure.gravatar.com\\\/avatar\\\/1072c6b775fb02ef8506ce967551d95926669a6b7d2c2147b42eea4d7c68395e?s=96&d=mm&r=g\",\"contentUrl\":\"https:\\\/\\\/secure.gravatar.com\\\/avatar\\\/1072c6b775fb02ef8506ce967551d95926669a6b7d2c2147b42eea4d7c68395e?s=96&d=mm&r=g\",\"caption\":\"Reda\u00e7\u00e3o\"},\"sameAs\":[\"https:\\\/\\\/transamerica93.com.br\\\/home\"],\"url\":\"https:\\\/\\\/transamerica93.com.br\\\/home\\\/author\\\/william\\\/\"}]}<\/script>\n<!-- \/ Yoast SEO plugin. -->","yoast_head_json":{"title":"Pesquisa nacional quer investigar a viol\u00eancia contra educadores - Transam\u00e9rica Mococa 93,3","robots":{"index":"index","follow":"follow","max-snippet":"max-snippet:-1","max-image-preview":"max-image-preview:large","max-video-preview":"max-video-preview:-1"},"canonical":"https:\/\/transamerica93.com.br\/home\/pesquisa-nacional-quer-investigar-a-violencia-contra-educadores\/","og_locale":"pt_BR","og_type":"article","og_title":"Pesquisa nacional quer investigar a viol\u00eancia contra educadores - Transam\u00e9rica Mococa 93,3","og_description":"O Observat\u00f3rio Nacional da Viol\u00eancia contra Educadoras\/es (Onve) lan\u00e7ou oficialmente a pesquisa nacional A viol\u00eancia contra educadores como amea\u00e7a \u00e0 educa\u00e7\u00e3o democr\u00e1tica: um estudo sobre a persegui\u00e7\u00e3o de educadores no Brasil. O coordenador do Observat\u00f3rio, professor Fernando Penna, da Faculdade de Educa\u00e7\u00e3o da UFF, explicou \u00e0\u00a0Ag\u00eancia Brasil\u00a0que \u201ca pesquisa visa produzir dados para a elabora\u00e7\u00e3o &hellip;","og_url":"https:\/\/transamerica93.com.br\/home\/pesquisa-nacional-quer-investigar-a-violencia-contra-educadores\/","og_site_name":"Transam\u00e9rica Mococa 93,3","article_publisher":"https:\/\/www.facebook.com\/transamericamococa","article_published_time":"2024-06-20T12:00:32+00:00","og_image":[{"width":1170,"height":701,"url":"https:\/\/transamerica93.com.br\/home\/wp-content\/uploads\/2024\/06\/professoreducador.jpg","type":"image\/jpeg"}],"author":"Reda\u00e7\u00e3o","twitter_card":"summary_large_image","twitter_creator":"@transamerica933","twitter_site":"@transamerica933","twitter_misc":{"Escrito por":"Reda\u00e7\u00e3o","Est. tempo de leitura":"6 minutos"},"schema":{"@context":"https:\/\/schema.org","@graph":[{"@type":"Article","@id":"https:\/\/transamerica93.com.br\/home\/pesquisa-nacional-quer-investigar-a-violencia-contra-educadores\/#article","isPartOf":{"@id":"https:\/\/transamerica93.com.br\/home\/pesquisa-nacional-quer-investigar-a-violencia-contra-educadores\/"},"author":{"name":"Reda\u00e7\u00e3o","@id":"https:\/\/transamerica93.com.br\/home\/#\/schema\/person\/7fed7c99c0d4562efa8561bc0f543172"},"headline":"Pesquisa nacional quer investigar a viol\u00eancia contra educadores","datePublished":"2024-06-20T12:00:32+00:00","mainEntityOfPage":{"@id":"https:\/\/transamerica93.com.br\/home\/pesquisa-nacional-quer-investigar-a-violencia-contra-educadores\/"},"wordCount":1002,"publisher":{"@id":"https:\/\/transamerica93.com.br\/home\/#organization"},"image":{"@id":"https:\/\/transamerica93.com.br\/home\/pesquisa-nacional-quer-investigar-a-violencia-contra-educadores\/#primaryimage"},"thumbnailUrl":"https:\/\/transamerica93.com.br\/home\/wp-content\/uploads\/2024\/06\/professoreducador.jpg","articleSection":["Geral"],"inLanguage":"pt-BR"},{"@type":"WebPage","@id":"https:\/\/transamerica93.com.br\/home\/pesquisa-nacional-quer-investigar-a-violencia-contra-educadores\/","url":"https:\/\/transamerica93.com.br\/home\/pesquisa-nacional-quer-investigar-a-violencia-contra-educadores\/","name":"Pesquisa nacional quer investigar a viol\u00eancia contra educadores - Transam\u00e9rica Mococa 93,3","isPartOf":{"@id":"https:\/\/transamerica93.com.br\/home\/#website"},"primaryImageOfPage":{"@id":"https:\/\/transamerica93.com.br\/home\/pesquisa-nacional-quer-investigar-a-violencia-contra-educadores\/#primaryimage"},"image":{"@id":"https:\/\/transamerica93.com.br\/home\/pesquisa-nacional-quer-investigar-a-violencia-contra-educadores\/#primaryimage"},"thumbnailUrl":"https:\/\/transamerica93.com.br\/home\/wp-content\/uploads\/2024\/06\/professoreducador.jpg","datePublished":"2024-06-20T12:00:32+00:00","breadcrumb":{"@id":"https:\/\/transamerica93.com.br\/home\/pesquisa-nacional-quer-investigar-a-violencia-contra-educadores\/#breadcrumb"},"inLanguage":"pt-BR","potentialAction":[{"@type":"ReadAction","target":["https:\/\/transamerica93.com.br\/home\/pesquisa-nacional-quer-investigar-a-violencia-contra-educadores\/"]}]},{"@type":"ImageObject","inLanguage":"pt-BR","@id":"https:\/\/transamerica93.com.br\/home\/pesquisa-nacional-quer-investigar-a-violencia-contra-educadores\/#primaryimage","url":"https:\/\/transamerica93.com.br\/home\/wp-content\/uploads\/2024\/06\/professoreducador.jpg","contentUrl":"https:\/\/transamerica93.com.br\/home\/wp-content\/uploads\/2024\/06\/professoreducador.jpg","width":1170,"height":701,"caption":"\u00a9 REUTERS\/Washington Alves\/Direitos Reservados"},{"@type":"BreadcrumbList","@id":"https:\/\/transamerica93.com.br\/home\/pesquisa-nacional-quer-investigar-a-violencia-contra-educadores\/#breadcrumb","itemListElement":[{"@type":"ListItem","position":1,"name":"In\u00edcio","item":"https:\/\/transamerica93.com.br\/home\/"},{"@type":"ListItem","position":2,"name":"Pesquisa nacional quer investigar a viol\u00eancia contra educadores"}]},{"@type":"WebSite","@id":"https:\/\/transamerica93.com.br\/home\/#website","url":"https:\/\/transamerica93.com.br\/home\/","name":"Transam\u00e9rica Mococa 93,3","description":"","publisher":{"@id":"https:\/\/transamerica93.com.br\/home\/#organization"},"potentialAction":[{"@type":"SearchAction","target":{"@type":"EntryPoint","urlTemplate":"https:\/\/transamerica93.com.br\/home\/?s={search_term_string}"},"query-input":{"@type":"PropertyValueSpecification","valueRequired":true,"valueName":"search_term_string"}}],"inLanguage":"pt-BR"},{"@type":"Organization","@id":"https:\/\/transamerica93.com.br\/home\/#organization","name":"Transam\u00e9rica Mococa 93,3","url":"https:\/\/transamerica93.com.br\/home\/","logo":{"@type":"ImageObject","inLanguage":"pt-BR","@id":"https:\/\/transamerica93.com.br\/home\/#\/schema\/logo\/image\/","url":"https:\/\/transamerica93.com.br\/home\/wp-content\/uploads\/2023\/10\/logo2.png","contentUrl":"https:\/\/transamerica93.com.br\/home\/wp-content\/uploads\/2023\/10\/logo2.png","width":800,"height":500,"caption":"Transam\u00e9rica Mococa 93,3"},"image":{"@id":"https:\/\/transamerica93.com.br\/home\/#\/schema\/logo\/image\/"},"sameAs":["https:\/\/www.facebook.com\/transamericamococa","https:\/\/x.com\/transamerica933","https:\/\/www.instagram.com\/transamericamococa"]},{"@type":"Person","@id":"https:\/\/transamerica93.com.br\/home\/#\/schema\/person\/7fed7c99c0d4562efa8561bc0f543172","name":"Reda\u00e7\u00e3o","image":{"@type":"ImageObject","inLanguage":"pt-BR","@id":"https:\/\/secure.gravatar.com\/avatar\/1072c6b775fb02ef8506ce967551d95926669a6b7d2c2147b42eea4d7c68395e?s=96&d=mm&r=g","url":"https:\/\/secure.gravatar.com\/avatar\/1072c6b775fb02ef8506ce967551d95926669a6b7d2c2147b42eea4d7c68395e?s=96&d=mm&r=g","contentUrl":"https:\/\/secure.gravatar.com\/avatar\/1072c6b775fb02ef8506ce967551d95926669a6b7d2c2147b42eea4d7c68395e?s=96&d=mm&r=g","caption":"Reda\u00e7\u00e3o"},"sameAs":["https:\/\/transamerica93.com.br\/home"],"url":"https:\/\/transamerica93.com.br\/home\/author\/william\/"}]}},"_links":{"self":[{"href":"https:\/\/transamerica93.com.br\/home\/wp-json\/wp\/v2\/posts\/3371","targetHints":{"allow":["GET"]}}],"collection":[{"href":"https:\/\/transamerica93.com.br\/home\/wp-json\/wp\/v2\/posts"}],"about":[{"href":"https:\/\/transamerica93.com.br\/home\/wp-json\/wp\/v2\/types\/post"}],"author":[{"embeddable":true,"href":"https:\/\/transamerica93.com.br\/home\/wp-json\/wp\/v2\/users\/1"}],"replies":[{"embeddable":true,"href":"https:\/\/transamerica93.com.br\/home\/wp-json\/wp\/v2\/comments?post=3371"}],"version-history":[{"count":1,"href":"https:\/\/transamerica93.com.br\/home\/wp-json\/wp\/v2\/posts\/3371\/revisions"}],"predecessor-version":[{"id":3372,"href":"https:\/\/transamerica93.com.br\/home\/wp-json\/wp\/v2\/posts\/3371\/revisions\/3372"}],"wp:featuredmedia":[{"embeddable":true,"href":"https:\/\/transamerica93.com.br\/home\/wp-json\/wp\/v2\/media\/3364"}],"wp:attachment":[{"href":"https:\/\/transamerica93.com.br\/home\/wp-json\/wp\/v2\/media?parent=3371"}],"wp:term":[{"taxonomy":"category","embeddable":true,"href":"https:\/\/transamerica93.com.br\/home\/wp-json\/wp\/v2\/categories?post=3371"},{"taxonomy":"post_tag","embeddable":true,"href":"https:\/\/transamerica93.com.br\/home\/wp-json\/wp\/v2\/tags?post=3371"}],"curies":[{"name":"wp","href":"https:\/\/api.w.org\/{rel}","templated":true}]}}