{"id":3382,"date":"2024-07-30T12:30:57","date_gmt":"2024-07-30T15:30:57","guid":{"rendered":"https:\/\/transamerica93.com.br\/home\/?p=3382"},"modified":"2024-07-28T19:38:32","modified_gmt":"2024-07-28T22:38:32","slug":"esportes-diogo-soares-avanca-a-final-da-ginastica-artistica-masculina-em-paris","status":"publish","type":"post","link":"https:\/\/transamerica93.com.br\/home\/esportes-diogo-soares-avanca-a-final-da-ginastica-artistica-masculina-em-paris\/","title":{"rendered":"Esportes Diogo Soares avan\u00e7a \u00e0 final da gin\u00e1stica art\u00edstica masculina em Paris"},"content":{"rendered":"<div class=\"post-item-wrap\">\n<p>O atleta Diogo Soares ser\u00e1 o \u00fanico brasileiro na final individual geral da gin\u00e1stica art\u00edstica masculina na Olimp\u00edada de Paris, na pr\u00f3xima quarta-feira (30). Ele assegurou presen\u00e7a na decis\u00e3o por medalhas ao se classificar em 19\u00ba lugar \u2013 apenas 24 dos 96 participantes avan\u00e7aram \u00e0 final. Natural de Piracicaba (SP), o ginasta de 22 anos totalizou 81,999 pontos nos seis aparelhos. O Brasil contou ainda com Arthur Nory, bronze na Rio 2016, que foi eliminado na competi\u00e7\u00e3o da barra fixa ao terminar na 13\u00aa posi\u00e7\u00e3o (12.900 pontos) \u2013 apenas os oito primeiros em cada aparelho asseguravam a classifica\u00e7\u00e3o.<\/p>\n<p>A melhor nota obtida por Diogo foi na s\u00e9rie dos saltos: 14.200. Nas demais, ele obteve 13.033 (argolas), 14.133 (barra fixa), 13.933 (barras paralelas), 13.100 (solo) e 13.600 (cavalo com al\u00e7as).<\/p>\n<blockquote><p>\u201cReduzimos o n\u00edvel de dificuldade da s\u00e9rie para deix\u00e1-la mais limpa, para poder ganhar na matem\u00e1tica. A nota que conseguimos \u00e9 algo que j\u00e1 estava na nossa meta. \u00c9 um resultado mais confort\u00e1vel para ir \u00e0 final\u201d, disse o paulista, em depoimento \u00e0 Confedera\u00e7\u00e3o Brasileira de Gin\u00e1stica (CBG).<\/p><\/blockquote>\n<p>J\u00e1 o treinador de Diogo Soares, Daniel Biscalchin, est\u00e1 confiante que o ginasta pode aumentar ainda sua pontua\u00e7\u00e3o na final.<\/p>\n<blockquote><p>\u201cAgora teremos mais quatro dias para treinamento e para consertar alguns errinhos. Poderemos aumentar a dificuldade para conseguirmos uma nota ainda melhor\u201d, projetou o t\u00e9cnico.<\/p><\/blockquote>\n<h2>Nory se despede dos Jogo de Paris<\/h2>\n<p>Campe\u00e3o mundial da barra fixa em 2019 e ouro no ano passado os Jogos Pan-Americanos de Santiago (Chile), Arthur Nory parecia n\u00e3o acreditar na falha cometida por ele durante a execu\u00e7\u00e3o da s\u00e9rie na barra fixa, \u00fanica prova que disputou nos Jogos Paris. No in\u00edcio da prova, Nory fez uma pequena pausa que resultou em perda de pontos.<\/p>\n<blockquote><p>\u201cN\u00e3o tinha uma s\u00e9rie mais f\u00e1cil. Se fosse mais f\u00e1cil, n\u00e3o iria me colocar na final. A gente sabe como \u00e9 a competi\u00e7\u00e3o, principalmente na barra fixa. O n\u00edvel subiu demais. Agora \u00e9 trabalhar bastante. Quero voltar em Los Angeles com a equipe completa\u201d, projetou o ginasta, de 30 anos.<\/p><\/blockquote>\n<\/div>\n<p class=\"alt-font font-italic my-2 small text-info\">Edi\u00e7\u00e3o: Cl\u00e1udia Soares Rodrigues<\/p>\n","protected":false},"excerpt":{"rendered":"<p>O atleta Diogo Soares ser\u00e1 o \u00fanico brasileiro na final individual geral da gin\u00e1stica art\u00edstica masculina na Olimp\u00edada de Paris, na pr\u00f3xima quarta-feira (30). Ele assegurou presen\u00e7a na decis\u00e3o por medalhas ao se classificar em 19\u00ba lugar \u2013 apenas 24 dos 96 participantes avan\u00e7aram \u00e0 final. Natural de Piracicaba (SP), o ginasta de 22 anos &hellip;<\/p>\n","protected":false},"author":1,"featured_media":3377,"comment_status":"closed","ping_status":"closed","sticky":false,"template":"","format":"standard","meta":{"footnotes":""},"categories":[31],"tags":[],"class_list":["post-3382","post","type-post","status-publish","format-standard","has-post-thumbnail","hentry","category-esportes"],"yoast_head":"<!-- This site is optimized with the Yoast SEO plugin v27.4 - https:\/\/yoast.com\/product\/yoast-seo-wordpress\/ -->\n<title>Esportes Diogo Soares avan\u00e7a \u00e0 final da gin\u00e1stica art\u00edstica masculina em Paris - Transam\u00e9rica Mococa 93,3<\/title>\n<meta name=\"robots\" content=\"index, follow, max-snippet:-1, max-image-preview:large, max-video-preview:-1\" \/>\n<link rel=\"canonical\" href=\"https:\/\/transamerica93.com.br\/home\/esportes-diogo-soares-avanca-a-final-da-ginastica-artistica-masculina-em-paris\/\" \/>\n<meta property=\"og:locale\" content=\"pt_BR\" \/>\n<meta property=\"og:type\" content=\"article\" \/>\n<meta property=\"og:title\" content=\"Esportes Diogo Soares avan\u00e7a \u00e0 final da gin\u00e1stica art\u00edstica masculina em Paris - Transam\u00e9rica Mococa 93,3\" \/>\n<meta property=\"og:description\" content=\"O atleta Diogo Soares ser\u00e1 o \u00fanico brasileiro na final individual geral da gin\u00e1stica art\u00edstica masculina na Olimp\u00edada de Paris, na pr\u00f3xima quarta-feira (30). Ele assegurou presen\u00e7a na decis\u00e3o por medalhas ao se classificar em 19\u00ba lugar \u2013 apenas 24 dos 96 participantes avan\u00e7aram \u00e0 final. Natural de Piracicaba (SP), o ginasta de 22 anos &hellip;\" \/>\n<meta property=\"og:url\" content=\"https:\/\/transamerica93.com.br\/home\/esportes-diogo-soares-avanca-a-final-da-ginastica-artistica-masculina-em-paris\/\" \/>\n<meta property=\"og:site_name\" content=\"Transam\u00e9rica Mococa 93,3\" \/>\n<meta property=\"article:publisher\" content=\"https:\/\/www.facebook.com\/transamericamococa\" \/>\n<meta property=\"article:published_time\" content=\"2024-07-30T15:30:57+00:00\" \/>\n<meta property=\"og:image\" content=\"https:\/\/transamerica93.com.br\/home\/wp-content\/uploads\/2024\/07\/2.jpg\" \/>\n\t<meta property=\"og:image:width\" content=\"1170\" \/>\n\t<meta property=\"og:image:height\" content=\"665\" \/>\n\t<meta property=\"og:image:type\" content=\"image\/jpeg\" \/>\n<meta name=\"author\" content=\"Reda\u00e7\u00e3o\" \/>\n<meta name=\"twitter:card\" content=\"summary_large_image\" \/>\n<meta name=\"twitter:creator\" content=\"@transamerica933\" \/>\n<meta name=\"twitter:site\" content=\"@transamerica933\" \/>\n<meta name=\"twitter:label1\" content=\"Escrito por\" \/>\n\t<meta name=\"twitter:data1\" content=\"Reda\u00e7\u00e3o\" \/>\n\t<meta name=\"twitter:label2\" content=\"Est. tempo de leitura\" \/>\n\t<meta name=\"twitter:data2\" content=\"2 minutos\" \/>\n<script type=\"application\/ld+json\" class=\"yoast-schema-graph\">{\"@context\":\"https:\\\/\\\/schema.org\",\"@graph\":[{\"@type\":\"Article\",\"@id\":\"https:\\\/\\\/transamerica93.com.br\\\/home\\\/esportes-diogo-soares-avanca-a-final-da-ginastica-artistica-masculina-em-paris\\\/#article\",\"isPartOf\":{\"@id\":\"https:\\\/\\\/transamerica93.com.br\\\/home\\\/esportes-diogo-soares-avanca-a-final-da-ginastica-artistica-masculina-em-paris\\\/\"},\"author\":{\"name\":\"Reda\u00e7\u00e3o\",\"@id\":\"https:\\\/\\\/transamerica93.com.br\\\/home\\\/#\\\/schema\\\/person\\\/7fed7c99c0d4562efa8561bc0f543172\"},\"headline\":\"Esportes Diogo Soares avan\u00e7a \u00e0 final da gin\u00e1stica art\u00edstica masculina em Paris\",\"datePublished\":\"2024-07-30T15:30:57+00:00\",\"mainEntityOfPage\":{\"@id\":\"https:\\\/\\\/transamerica93.com.br\\\/home\\\/esportes-diogo-soares-avanca-a-final-da-ginastica-artistica-masculina-em-paris\\\/\"},\"wordCount\":364,\"publisher\":{\"@id\":\"https:\\\/\\\/transamerica93.com.br\\\/home\\\/#organization\"},\"image\":{\"@id\":\"https:\\\/\\\/transamerica93.com.br\\\/home\\\/esportes-diogo-soares-avanca-a-final-da-ginastica-artistica-masculina-em-paris\\\/#primaryimage\"},\"thumbnailUrl\":\"https:\\\/\\\/transamerica93.com.br\\\/home\\\/wp-content\\\/uploads\\\/2024\\\/07\\\/2.jpg\",\"articleSection\":[\"Esportes\"],\"inLanguage\":\"pt-BR\"},{\"@type\":\"WebPage\",\"@id\":\"https:\\\/\\\/transamerica93.com.br\\\/home\\\/esportes-diogo-soares-avanca-a-final-da-ginastica-artistica-masculina-em-paris\\\/\",\"url\":\"https:\\\/\\\/transamerica93.com.br\\\/home\\\/esportes-diogo-soares-avanca-a-final-da-ginastica-artistica-masculina-em-paris\\\/\",\"name\":\"Esportes Diogo Soares avan\u00e7a \u00e0 final da gin\u00e1stica art\u00edstica masculina em Paris - Transam\u00e9rica Mococa 93,3\",\"isPartOf\":{\"@id\":\"https:\\\/\\\/transamerica93.com.br\\\/home\\\/#website\"},\"primaryImageOfPage\":{\"@id\":\"https:\\\/\\\/transamerica93.com.br\\\/home\\\/esportes-diogo-soares-avanca-a-final-da-ginastica-artistica-masculina-em-paris\\\/#primaryimage\"},\"image\":{\"@id\":\"https:\\\/\\\/transamerica93.com.br\\\/home\\\/esportes-diogo-soares-avanca-a-final-da-ginastica-artistica-masculina-em-paris\\\/#primaryimage\"},\"thumbnailUrl\":\"https:\\\/\\\/transamerica93.com.br\\\/home\\\/wp-content\\\/uploads\\\/2024\\\/07\\\/2.jpg\",\"datePublished\":\"2024-07-30T15:30:57+00:00\",\"breadcrumb\":{\"@id\":\"https:\\\/\\\/transamerica93.com.br\\\/home\\\/esportes-diogo-soares-avanca-a-final-da-ginastica-artistica-masculina-em-paris\\\/#breadcrumb\"},\"inLanguage\":\"pt-BR\",\"potentialAction\":[{\"@type\":\"ReadAction\",\"target\":[\"https:\\\/\\\/transamerica93.com.br\\\/home\\\/esportes-diogo-soares-avanca-a-final-da-ginastica-artistica-masculina-em-paris\\\/\"]}]},{\"@type\":\"ImageObject\",\"inLanguage\":\"pt-BR\",\"@id\":\"https:\\\/\\\/transamerica93.com.br\\\/home\\\/esportes-diogo-soares-avanca-a-final-da-ginastica-artistica-masculina-em-paris\\\/#primaryimage\",\"url\":\"https:\\\/\\\/transamerica93.com.br\\\/home\\\/wp-content\\\/uploads\\\/2024\\\/07\\\/2.jpg\",\"contentUrl\":\"https:\\\/\\\/transamerica93.com.br\\\/home\\\/wp-content\\\/uploads\\\/2024\\\/07\\\/2.jpg\",\"width\":1170,\"height\":665,\"caption\":\"\u00a9 Wander Roberto\\\/COB\\\/Direitos Reservados\"},{\"@type\":\"BreadcrumbList\",\"@id\":\"https:\\\/\\\/transamerica93.com.br\\\/home\\\/esportes-diogo-soares-avanca-a-final-da-ginastica-artistica-masculina-em-paris\\\/#breadcrumb\",\"itemListElement\":[{\"@type\":\"ListItem\",\"position\":1,\"name\":\"In\u00edcio\",\"item\":\"https:\\\/\\\/transamerica93.com.br\\\/home\\\/\"},{\"@type\":\"ListItem\",\"position\":2,\"name\":\"Esportes Diogo Soares avan\u00e7a \u00e0 final da gin\u00e1stica art\u00edstica masculina em Paris\"}]},{\"@type\":\"WebSite\",\"@id\":\"https:\\\/\\\/transamerica93.com.br\\\/home\\\/#website\",\"url\":\"https:\\\/\\\/transamerica93.com.br\\\/home\\\/\",\"name\":\"Transam\u00e9rica Mococa 93,3\",\"description\":\"\",\"publisher\":{\"@id\":\"https:\\\/\\\/transamerica93.com.br\\\/home\\\/#organization\"},\"potentialAction\":[{\"@type\":\"SearchAction\",\"target\":{\"@type\":\"EntryPoint\",\"urlTemplate\":\"https:\\\/\\\/transamerica93.com.br\\\/home\\\/?s={search_term_string}\"},\"query-input\":{\"@type\":\"PropertyValueSpecification\",\"valueRequired\":true,\"valueName\":\"search_term_string\"}}],\"inLanguage\":\"pt-BR\"},{\"@type\":\"Organization\",\"@id\":\"https:\\\/\\\/transamerica93.com.br\\\/home\\\/#organization\",\"name\":\"Transam\u00e9rica Mococa 93,3\",\"url\":\"https:\\\/\\\/transamerica93.com.br\\\/home\\\/\",\"logo\":{\"@type\":\"ImageObject\",\"inLanguage\":\"pt-BR\",\"@id\":\"https:\\\/\\\/transamerica93.com.br\\\/home\\\/#\\\/schema\\\/logo\\\/image\\\/\",\"url\":\"https:\\\/\\\/transamerica93.com.br\\\/home\\\/wp-content\\\/uploads\\\/2023\\\/10\\\/logo2.png\",\"contentUrl\":\"https:\\\/\\\/transamerica93.com.br\\\/home\\\/wp-content\\\/uploads\\\/2023\\\/10\\\/logo2.png\",\"width\":800,\"height\":500,\"caption\":\"Transam\u00e9rica Mococa 93,3\"},\"image\":{\"@id\":\"https:\\\/\\\/transamerica93.com.br\\\/home\\\/#\\\/schema\\\/logo\\\/image\\\/\"},\"sameAs\":[\"https:\\\/\\\/www.facebook.com\\\/transamericamococa\",\"https:\\\/\\\/x.com\\\/transamerica933\",\"https:\\\/\\\/www.instagram.com\\\/transamericamococa\"]},{\"@type\":\"Person\",\"@id\":\"https:\\\/\\\/transamerica93.com.br\\\/home\\\/#\\\/schema\\\/person\\\/7fed7c99c0d4562efa8561bc0f543172\",\"name\":\"Reda\u00e7\u00e3o\",\"image\":{\"@type\":\"ImageObject\",\"inLanguage\":\"pt-BR\",\"@id\":\"https:\\\/\\\/secure.gravatar.com\\\/avatar\\\/1072c6b775fb02ef8506ce967551d95926669a6b7d2c2147b42eea4d7c68395e?s=96&d=mm&r=g\",\"url\":\"https:\\\/\\\/secure.gravatar.com\\\/avatar\\\/1072c6b775fb02ef8506ce967551d95926669a6b7d2c2147b42eea4d7c68395e?s=96&d=mm&r=g\",\"contentUrl\":\"https:\\\/\\\/secure.gravatar.com\\\/avatar\\\/1072c6b775fb02ef8506ce967551d95926669a6b7d2c2147b42eea4d7c68395e?s=96&d=mm&r=g\",\"caption\":\"Reda\u00e7\u00e3o\"},\"sameAs\":[\"https:\\\/\\\/transamerica93.com.br\\\/home\"],\"url\":\"https:\\\/\\\/transamerica93.com.br\\\/home\\\/author\\\/william\\\/\"}]}<\/script>\n<!-- \/ Yoast SEO plugin. -->","yoast_head_json":{"title":"Esportes Diogo Soares avan\u00e7a \u00e0 final da gin\u00e1stica art\u00edstica masculina em Paris - Transam\u00e9rica Mococa 93,3","robots":{"index":"index","follow":"follow","max-snippet":"max-snippet:-1","max-image-preview":"max-image-preview:large","max-video-preview":"max-video-preview:-1"},"canonical":"https:\/\/transamerica93.com.br\/home\/esportes-diogo-soares-avanca-a-final-da-ginastica-artistica-masculina-em-paris\/","og_locale":"pt_BR","og_type":"article","og_title":"Esportes Diogo Soares avan\u00e7a \u00e0 final da gin\u00e1stica art\u00edstica masculina em Paris - Transam\u00e9rica Mococa 93,3","og_description":"O atleta Diogo Soares ser\u00e1 o \u00fanico brasileiro na final individual geral da gin\u00e1stica art\u00edstica masculina na Olimp\u00edada de Paris, na pr\u00f3xima quarta-feira (30). Ele assegurou presen\u00e7a na decis\u00e3o por medalhas ao se classificar em 19\u00ba lugar \u2013 apenas 24 dos 96 participantes avan\u00e7aram \u00e0 final. Natural de Piracicaba (SP), o ginasta de 22 anos &hellip;","og_url":"https:\/\/transamerica93.com.br\/home\/esportes-diogo-soares-avanca-a-final-da-ginastica-artistica-masculina-em-paris\/","og_site_name":"Transam\u00e9rica Mococa 93,3","article_publisher":"https:\/\/www.facebook.com\/transamericamococa","article_published_time":"2024-07-30T15:30:57+00:00","og_image":[{"width":1170,"height":665,"url":"https:\/\/transamerica93.com.br\/home\/wp-content\/uploads\/2024\/07\/2.jpg","type":"image\/jpeg"}],"author":"Reda\u00e7\u00e3o","twitter_card":"summary_large_image","twitter_creator":"@transamerica933","twitter_site":"@transamerica933","twitter_misc":{"Escrito por":"Reda\u00e7\u00e3o","Est. tempo de leitura":"2 minutos"},"schema":{"@context":"https:\/\/schema.org","@graph":[{"@type":"Article","@id":"https:\/\/transamerica93.com.br\/home\/esportes-diogo-soares-avanca-a-final-da-ginastica-artistica-masculina-em-paris\/#article","isPartOf":{"@id":"https:\/\/transamerica93.com.br\/home\/esportes-diogo-soares-avanca-a-final-da-ginastica-artistica-masculina-em-paris\/"},"author":{"name":"Reda\u00e7\u00e3o","@id":"https:\/\/transamerica93.com.br\/home\/#\/schema\/person\/7fed7c99c0d4562efa8561bc0f543172"},"headline":"Esportes Diogo Soares avan\u00e7a \u00e0 final da gin\u00e1stica art\u00edstica masculina em Paris","datePublished":"2024-07-30T15:30:57+00:00","mainEntityOfPage":{"@id":"https:\/\/transamerica93.com.br\/home\/esportes-diogo-soares-avanca-a-final-da-ginastica-artistica-masculina-em-paris\/"},"wordCount":364,"publisher":{"@id":"https:\/\/transamerica93.com.br\/home\/#organization"},"image":{"@id":"https:\/\/transamerica93.com.br\/home\/esportes-diogo-soares-avanca-a-final-da-ginastica-artistica-masculina-em-paris\/#primaryimage"},"thumbnailUrl":"https:\/\/transamerica93.com.br\/home\/wp-content\/uploads\/2024\/07\/2.jpg","articleSection":["Esportes"],"inLanguage":"pt-BR"},{"@type":"WebPage","@id":"https:\/\/transamerica93.com.br\/home\/esportes-diogo-soares-avanca-a-final-da-ginastica-artistica-masculina-em-paris\/","url":"https:\/\/transamerica93.com.br\/home\/esportes-diogo-soares-avanca-a-final-da-ginastica-artistica-masculina-em-paris\/","name":"Esportes Diogo Soares avan\u00e7a \u00e0 final da gin\u00e1stica art\u00edstica masculina em Paris - Transam\u00e9rica Mococa 93,3","isPartOf":{"@id":"https:\/\/transamerica93.com.br\/home\/#website"},"primaryImageOfPage":{"@id":"https:\/\/transamerica93.com.br\/home\/esportes-diogo-soares-avanca-a-final-da-ginastica-artistica-masculina-em-paris\/#primaryimage"},"image":{"@id":"https:\/\/transamerica93.com.br\/home\/esportes-diogo-soares-avanca-a-final-da-ginastica-artistica-masculina-em-paris\/#primaryimage"},"thumbnailUrl":"https:\/\/transamerica93.com.br\/home\/wp-content\/uploads\/2024\/07\/2.jpg","datePublished":"2024-07-30T15:30:57+00:00","breadcrumb":{"@id":"https:\/\/transamerica93.com.br\/home\/esportes-diogo-soares-avanca-a-final-da-ginastica-artistica-masculina-em-paris\/#breadcrumb"},"inLanguage":"pt-BR","potentialAction":[{"@type":"ReadAction","target":["https:\/\/transamerica93.com.br\/home\/esportes-diogo-soares-avanca-a-final-da-ginastica-artistica-masculina-em-paris\/"]}]},{"@type":"ImageObject","inLanguage":"pt-BR","@id":"https:\/\/transamerica93.com.br\/home\/esportes-diogo-soares-avanca-a-final-da-ginastica-artistica-masculina-em-paris\/#primaryimage","url":"https:\/\/transamerica93.com.br\/home\/wp-content\/uploads\/2024\/07\/2.jpg","contentUrl":"https:\/\/transamerica93.com.br\/home\/wp-content\/uploads\/2024\/07\/2.jpg","width":1170,"height":665,"caption":"\u00a9 Wander Roberto\/COB\/Direitos Reservados"},{"@type":"BreadcrumbList","@id":"https:\/\/transamerica93.com.br\/home\/esportes-diogo-soares-avanca-a-final-da-ginastica-artistica-masculina-em-paris\/#breadcrumb","itemListElement":[{"@type":"ListItem","position":1,"name":"In\u00edcio","item":"https:\/\/transamerica93.com.br\/home\/"},{"@type":"ListItem","position":2,"name":"Esportes Diogo Soares avan\u00e7a \u00e0 final da gin\u00e1stica art\u00edstica masculina em Paris"}]},{"@type":"WebSite","@id":"https:\/\/transamerica93.com.br\/home\/#website","url":"https:\/\/transamerica93.com.br\/home\/","name":"Transam\u00e9rica Mococa 93,3","description":"","publisher":{"@id":"https:\/\/transamerica93.com.br\/home\/#organization"},"potentialAction":[{"@type":"SearchAction","target":{"@type":"EntryPoint","urlTemplate":"https:\/\/transamerica93.com.br\/home\/?s={search_term_string}"},"query-input":{"@type":"PropertyValueSpecification","valueRequired":true,"valueName":"search_term_string"}}],"inLanguage":"pt-BR"},{"@type":"Organization","@id":"https:\/\/transamerica93.com.br\/home\/#organization","name":"Transam\u00e9rica Mococa 93,3","url":"https:\/\/transamerica93.com.br\/home\/","logo":{"@type":"ImageObject","inLanguage":"pt-BR","@id":"https:\/\/transamerica93.com.br\/home\/#\/schema\/logo\/image\/","url":"https:\/\/transamerica93.com.br\/home\/wp-content\/uploads\/2023\/10\/logo2.png","contentUrl":"https:\/\/transamerica93.com.br\/home\/wp-content\/uploads\/2023\/10\/logo2.png","width":800,"height":500,"caption":"Transam\u00e9rica Mococa 93,3"},"image":{"@id":"https:\/\/transamerica93.com.br\/home\/#\/schema\/logo\/image\/"},"sameAs":["https:\/\/www.facebook.com\/transamericamococa","https:\/\/x.com\/transamerica933","https:\/\/www.instagram.com\/transamericamococa"]},{"@type":"Person","@id":"https:\/\/transamerica93.com.br\/home\/#\/schema\/person\/7fed7c99c0d4562efa8561bc0f543172","name":"Reda\u00e7\u00e3o","image":{"@type":"ImageObject","inLanguage":"pt-BR","@id":"https:\/\/secure.gravatar.com\/avatar\/1072c6b775fb02ef8506ce967551d95926669a6b7d2c2147b42eea4d7c68395e?s=96&d=mm&r=g","url":"https:\/\/secure.gravatar.com\/avatar\/1072c6b775fb02ef8506ce967551d95926669a6b7d2c2147b42eea4d7c68395e?s=96&d=mm&r=g","contentUrl":"https:\/\/secure.gravatar.com\/avatar\/1072c6b775fb02ef8506ce967551d95926669a6b7d2c2147b42eea4d7c68395e?s=96&d=mm&r=g","caption":"Reda\u00e7\u00e3o"},"sameAs":["https:\/\/transamerica93.com.br\/home"],"url":"https:\/\/transamerica93.com.br\/home\/author\/william\/"}]}},"_links":{"self":[{"href":"https:\/\/transamerica93.com.br\/home\/wp-json\/wp\/v2\/posts\/3382","targetHints":{"allow":["GET"]}}],"collection":[{"href":"https:\/\/transamerica93.com.br\/home\/wp-json\/wp\/v2\/posts"}],"about":[{"href":"https:\/\/transamerica93.com.br\/home\/wp-json\/wp\/v2\/types\/post"}],"author":[{"embeddable":true,"href":"https:\/\/transamerica93.com.br\/home\/wp-json\/wp\/v2\/users\/1"}],"replies":[{"embeddable":true,"href":"https:\/\/transamerica93.com.br\/home\/wp-json\/wp\/v2\/comments?post=3382"}],"version-history":[{"count":1,"href":"https:\/\/transamerica93.com.br\/home\/wp-json\/wp\/v2\/posts\/3382\/revisions"}],"predecessor-version":[{"id":3383,"href":"https:\/\/transamerica93.com.br\/home\/wp-json\/wp\/v2\/posts\/3382\/revisions\/3383"}],"wp:featuredmedia":[{"embeddable":true,"href":"https:\/\/transamerica93.com.br\/home\/wp-json\/wp\/v2\/media\/3377"}],"wp:attachment":[{"href":"https:\/\/transamerica93.com.br\/home\/wp-json\/wp\/v2\/media?parent=3382"}],"wp:term":[{"taxonomy":"category","embeddable":true,"href":"https:\/\/transamerica93.com.br\/home\/wp-json\/wp\/v2\/categories?post=3382"},{"taxonomy":"post_tag","embeddable":true,"href":"https:\/\/transamerica93.com.br\/home\/wp-json\/wp\/v2\/tags?post=3382"}],"curies":[{"name":"wp","href":"https:\/\/api.w.org\/{rel}","templated":true}]}}