{"id":3384,"date":"2024-07-31T12:30:45","date_gmt":"2024-07-31T15:30:45","guid":{"rendered":"https:\/\/transamerica93.com.br\/home\/?p=3384"},"modified":"2024-07-28T19:39:31","modified_gmt":"2024-07-28T22:39:31","slug":"brasil-disputara-7-finais-da-ginastica-artistica-feminina-em-paris","status":"publish","type":"post","link":"https:\/\/transamerica93.com.br\/home\/brasil-disputara-7-finais-da-ginastica-artistica-feminina-em-paris\/","title":{"rendered":"Brasil disputar\u00e1 7 finais da gin\u00e1stica art\u00edstica feminina em Paris"},"content":{"rendered":"<div class=\"post-item-wrap\">\n<p>A noite de classificat\u00f3rias na gin\u00e1stica art\u00edstica em Paris, neste domingo (28), foi extremamente positiva para o Brasil. Somando a disputa por equipes, o individual geral e os quatro aparelhos (salto sobre o cavalo, barras assim\u00e9tricas, trave de equil\u00edbrio e solo), o pa\u00eds ter\u00e1 sete representantes na fase que vale medalhas. Os destaques foram a equipe, que somou a quarta melhor nota e a multimedalhista Rebeca Andrade, que se classificou a quatro finais individuais, em todos os casos entre as tr\u00eas melhores notas. A final por equipes ser\u00e1 na\u00a0na ter\u00e7a-feira (30), a partir de 13h15 (hor\u00e1rio de Bras\u00edlia). J\u00e1 as\u00a0finais individuais come\u00e7am na quinta (1\u00ba de agosto), tamb\u00e9m \u00e0s 13h15.<img decoding=\"async\" data-src=\"https:\/\/agenciabrasil.ebc.com.br\/ebc.png?id=1605745&amp;o=node\" src=\"data:image\/svg+xml;base64,PHN2ZyB3aWR0aD0iMSIgaGVpZ2h0PSIxIiB4bWxucz0iaHR0cDovL3d3dy53My5vcmcvMjAwMC9zdmciPjwvc3ZnPg==\" class=\"lazyload\" \/><img decoding=\"async\" data-src=\"https:\/\/agenciabrasil.ebc.com.br\/ebc.gif?id=1605745&amp;o=node\" src=\"data:image\/svg+xml;base64,PHN2ZyB3aWR0aD0iMSIgaGVpZ2h0PSIxIiB4bWxucz0iaHR0cDovL3d3dy53My5vcmcvMjAwMC9zdmciPjwvc3ZnPg==\" class=\"lazyload\" \/><\/p>\n<p>O Brasil ficou agrupado na quinta e \u00faltima subdivis\u00e3o, ou seja, em muitos casos j\u00e1 tinha uma ideia quase completa das notas que seriam necess\u00e1rias para avan\u00e7ar \u00e0 final.<\/p>\n<p>Por equipes, a sele\u00e7\u00e3o treinada por Chico Porath somou 166.499 pontos, ficando atr\u00e1s de Estados Unidos, It\u00e1lia e China. Para efeito de compara\u00e7\u00e3o, os dois \u00faltimos ficaram a menos de 0.4 pontos de dist\u00e2ncia do Brasil.<\/p>\n<p>No individual geral, Rebeca Andrade teve a segunda maior soma, ficando atr\u00e1s apenas de Simone Biles, dos Estados Unidos. Flavia Saraiva teve a 11\u00aa melhor soma, a 10\u00aa entre as finalistas, j\u00e1 que cada pa\u00eds s\u00f3 classifica duas atletas a cada final e tr\u00eas atletas americanas ficaram \u00e0 frente dela. Pelo mesmo motivo, Jade Barbosa, que teve a 20\u00aa melhor soma, n\u00e3o disputa a final, que re\u00fane 24 ginastas.<\/p>\n<p>Na trave de equil\u00edbrio, existia a expectativa de que Flavinha chegasse \u00e0 final. No entanto, a boa apresenta\u00e7\u00e3o que a atleta fazia foi prejudicada por um escorreg\u00e3o, caindo para o 33\u00ba lugar. No entanto, o saldo neste aparelho foi extremamente positivo para o Brasil. Al\u00e9m de Rebeca Andrade, que teve a terceira melhor nota, a jovem Julia Soares, de 18 anos, garantiu a oitava e \u00faltima vaga na final, logo em sua estreia ol\u00edmpica.<\/p>\n<p>No solo, Rebeca novamente teve a segunda melhor nota, atr\u00e1s somente de Simone Biles, classificando-se a outra decis\u00e3o.<\/p>\n<p>As barras assim\u00e9tricas trouxeram uma quebra de expectativa: nem Biles (nona\u00a0colocada com 14.433) nem Rebeca (10\u00aa com 14.400) conseguiram um lugar na disputa de medalhas. As duas, no entanto, s\u00e3o as primeiras reservas em caso de desist\u00eancia de alguma outra atleta.<\/p>\n<\/div>\n<p class=\"alt-font font-italic my-2 small text-info\">Edi\u00e7\u00e3o: Cl\u00e1udia Soares Rodrigues<\/p>\n","protected":false},"excerpt":{"rendered":"<p>A noite de classificat\u00f3rias na gin\u00e1stica art\u00edstica em Paris, neste domingo (28), foi extremamente positiva para o Brasil. Somando a disputa por equipes, o individual geral e os quatro aparelhos (salto sobre o cavalo, barras assim\u00e9tricas, trave de equil\u00edbrio e solo), o pa\u00eds ter\u00e1 sete representantes na fase que vale medalhas. Os destaques foram a &hellip;<\/p>\n","protected":false},"author":1,"featured_media":3378,"comment_status":"closed","ping_status":"closed","sticky":false,"template":"","format":"standard","meta":{"footnotes":""},"categories":[31],"tags":[],"class_list":["post-3384","post","type-post","status-publish","format-standard","has-post-thumbnail","hentry","category-esportes"],"yoast_head":"<!-- This site is optimized with the Yoast SEO plugin v27.4 - https:\/\/yoast.com\/product\/yoast-seo-wordpress\/ -->\n<title>Brasil disputar\u00e1 7 finais da gin\u00e1stica art\u00edstica feminina em Paris - Transam\u00e9rica Mococa 93,3<\/title>\n<meta name=\"robots\" content=\"index, follow, max-snippet:-1, max-image-preview:large, max-video-preview:-1\" \/>\n<link rel=\"canonical\" href=\"https:\/\/transamerica93.com.br\/home\/brasil-disputara-7-finais-da-ginastica-artistica-feminina-em-paris\/\" \/>\n<meta property=\"og:locale\" content=\"pt_BR\" \/>\n<meta property=\"og:type\" content=\"article\" \/>\n<meta property=\"og:title\" content=\"Brasil disputar\u00e1 7 finais da gin\u00e1stica art\u00edstica feminina em Paris - Transam\u00e9rica Mococa 93,3\" \/>\n<meta property=\"og:description\" content=\"A noite de classificat\u00f3rias na gin\u00e1stica art\u00edstica em Paris, neste domingo (28), foi extremamente positiva para o Brasil. Somando a disputa por equipes, o individual geral e os quatro aparelhos (salto sobre o cavalo, barras assim\u00e9tricas, trave de equil\u00edbrio e solo), o pa\u00eds ter\u00e1 sete representantes na fase que vale medalhas. Os destaques foram a &hellip;\" \/>\n<meta property=\"og:url\" content=\"https:\/\/transamerica93.com.br\/home\/brasil-disputara-7-finais-da-ginastica-artistica-feminina-em-paris\/\" \/>\n<meta property=\"og:site_name\" content=\"Transam\u00e9rica Mococa 93,3\" \/>\n<meta property=\"article:publisher\" content=\"https:\/\/www.facebook.com\/transamericamococa\" \/>\n<meta property=\"article:published_time\" content=\"2024-07-31T15:30:45+00:00\" \/>\n<meta property=\"og:image\" content=\"https:\/\/transamerica93.com.br\/home\/wp-content\/uploads\/2024\/07\/3.jpg\" \/>\n\t<meta property=\"og:image:width\" content=\"1170\" \/>\n\t<meta property=\"og:image:height\" content=\"700\" \/>\n\t<meta property=\"og:image:type\" content=\"image\/jpeg\" \/>\n<meta name=\"author\" content=\"Reda\u00e7\u00e3o\" \/>\n<meta name=\"twitter:card\" content=\"summary_large_image\" \/>\n<meta name=\"twitter:creator\" content=\"@transamerica933\" \/>\n<meta name=\"twitter:site\" content=\"@transamerica933\" \/>\n<meta name=\"twitter:label1\" content=\"Escrito por\" \/>\n\t<meta name=\"twitter:data1\" content=\"Reda\u00e7\u00e3o\" \/>\n\t<meta name=\"twitter:label2\" content=\"Est. tempo de leitura\" \/>\n\t<meta name=\"twitter:data2\" content=\"3 minutos\" \/>\n<script type=\"application\/ld+json\" class=\"yoast-schema-graph\">{\"@context\":\"https:\\\/\\\/schema.org\",\"@graph\":[{\"@type\":\"Article\",\"@id\":\"https:\\\/\\\/transamerica93.com.br\\\/home\\\/brasil-disputara-7-finais-da-ginastica-artistica-feminina-em-paris\\\/#article\",\"isPartOf\":{\"@id\":\"https:\\\/\\\/transamerica93.com.br\\\/home\\\/brasil-disputara-7-finais-da-ginastica-artistica-feminina-em-paris\\\/\"},\"author\":{\"name\":\"Reda\u00e7\u00e3o\",\"@id\":\"https:\\\/\\\/transamerica93.com.br\\\/home\\\/#\\\/schema\\\/person\\\/7fed7c99c0d4562efa8561bc0f543172\"},\"headline\":\"Brasil disputar\u00e1 7 finais da gin\u00e1stica art\u00edstica feminina em Paris\",\"datePublished\":\"2024-07-31T15:30:45+00:00\",\"mainEntityOfPage\":{\"@id\":\"https:\\\/\\\/transamerica93.com.br\\\/home\\\/brasil-disputara-7-finais-da-ginastica-artistica-feminina-em-paris\\\/\"},\"wordCount\":415,\"publisher\":{\"@id\":\"https:\\\/\\\/transamerica93.com.br\\\/home\\\/#organization\"},\"image\":{\"@id\":\"https:\\\/\\\/transamerica93.com.br\\\/home\\\/brasil-disputara-7-finais-da-ginastica-artistica-feminina-em-paris\\\/#primaryimage\"},\"thumbnailUrl\":\"https:\\\/\\\/transamerica93.com.br\\\/home\\\/wp-content\\\/uploads\\\/2024\\\/07\\\/3.jpg\",\"articleSection\":[\"Esportes\"],\"inLanguage\":\"pt-BR\"},{\"@type\":\"WebPage\",\"@id\":\"https:\\\/\\\/transamerica93.com.br\\\/home\\\/brasil-disputara-7-finais-da-ginastica-artistica-feminina-em-paris\\\/\",\"url\":\"https:\\\/\\\/transamerica93.com.br\\\/home\\\/brasil-disputara-7-finais-da-ginastica-artistica-feminina-em-paris\\\/\",\"name\":\"Brasil disputar\u00e1 7 finais da gin\u00e1stica art\u00edstica feminina em Paris - Transam\u00e9rica Mococa 93,3\",\"isPartOf\":{\"@id\":\"https:\\\/\\\/transamerica93.com.br\\\/home\\\/#website\"},\"primaryImageOfPage\":{\"@id\":\"https:\\\/\\\/transamerica93.com.br\\\/home\\\/brasil-disputara-7-finais-da-ginastica-artistica-feminina-em-paris\\\/#primaryimage\"},\"image\":{\"@id\":\"https:\\\/\\\/transamerica93.com.br\\\/home\\\/brasil-disputara-7-finais-da-ginastica-artistica-feminina-em-paris\\\/#primaryimage\"},\"thumbnailUrl\":\"https:\\\/\\\/transamerica93.com.br\\\/home\\\/wp-content\\\/uploads\\\/2024\\\/07\\\/3.jpg\",\"datePublished\":\"2024-07-31T15:30:45+00:00\",\"breadcrumb\":{\"@id\":\"https:\\\/\\\/transamerica93.com.br\\\/home\\\/brasil-disputara-7-finais-da-ginastica-artistica-feminina-em-paris\\\/#breadcrumb\"},\"inLanguage\":\"pt-BR\",\"potentialAction\":[{\"@type\":\"ReadAction\",\"target\":[\"https:\\\/\\\/transamerica93.com.br\\\/home\\\/brasil-disputara-7-finais-da-ginastica-artistica-feminina-em-paris\\\/\"]}]},{\"@type\":\"ImageObject\",\"inLanguage\":\"pt-BR\",\"@id\":\"https:\\\/\\\/transamerica93.com.br\\\/home\\\/brasil-disputara-7-finais-da-ginastica-artistica-feminina-em-paris\\\/#primaryimage\",\"url\":\"https:\\\/\\\/transamerica93.com.br\\\/home\\\/wp-content\\\/uploads\\\/2024\\\/07\\\/3.jpg\",\"contentUrl\":\"https:\\\/\\\/transamerica93.com.br\\\/home\\\/wp-content\\\/uploads\\\/2024\\\/07\\\/3.jpg\",\"width\":1170,\"height\":700,\"caption\":\"\u00a9 REUTERS\\\/Amanda Perobelli\\\/Direitos Reservados\"},{\"@type\":\"BreadcrumbList\",\"@id\":\"https:\\\/\\\/transamerica93.com.br\\\/home\\\/brasil-disputara-7-finais-da-ginastica-artistica-feminina-em-paris\\\/#breadcrumb\",\"itemListElement\":[{\"@type\":\"ListItem\",\"position\":1,\"name\":\"In\u00edcio\",\"item\":\"https:\\\/\\\/transamerica93.com.br\\\/home\\\/\"},{\"@type\":\"ListItem\",\"position\":2,\"name\":\"Brasil disputar\u00e1 7 finais da gin\u00e1stica art\u00edstica feminina em Paris\"}]},{\"@type\":\"WebSite\",\"@id\":\"https:\\\/\\\/transamerica93.com.br\\\/home\\\/#website\",\"url\":\"https:\\\/\\\/transamerica93.com.br\\\/home\\\/\",\"name\":\"Transam\u00e9rica Mococa 93,3\",\"description\":\"\",\"publisher\":{\"@id\":\"https:\\\/\\\/transamerica93.com.br\\\/home\\\/#organization\"},\"potentialAction\":[{\"@type\":\"SearchAction\",\"target\":{\"@type\":\"EntryPoint\",\"urlTemplate\":\"https:\\\/\\\/transamerica93.com.br\\\/home\\\/?s={search_term_string}\"},\"query-input\":{\"@type\":\"PropertyValueSpecification\",\"valueRequired\":true,\"valueName\":\"search_term_string\"}}],\"inLanguage\":\"pt-BR\"},{\"@type\":\"Organization\",\"@id\":\"https:\\\/\\\/transamerica93.com.br\\\/home\\\/#organization\",\"name\":\"Transam\u00e9rica Mococa 93,3\",\"url\":\"https:\\\/\\\/transamerica93.com.br\\\/home\\\/\",\"logo\":{\"@type\":\"ImageObject\",\"inLanguage\":\"pt-BR\",\"@id\":\"https:\\\/\\\/transamerica93.com.br\\\/home\\\/#\\\/schema\\\/logo\\\/image\\\/\",\"url\":\"https:\\\/\\\/transamerica93.com.br\\\/home\\\/wp-content\\\/uploads\\\/2023\\\/10\\\/logo2.png\",\"contentUrl\":\"https:\\\/\\\/transamerica93.com.br\\\/home\\\/wp-content\\\/uploads\\\/2023\\\/10\\\/logo2.png\",\"width\":800,\"height\":500,\"caption\":\"Transam\u00e9rica Mococa 93,3\"},\"image\":{\"@id\":\"https:\\\/\\\/transamerica93.com.br\\\/home\\\/#\\\/schema\\\/logo\\\/image\\\/\"},\"sameAs\":[\"https:\\\/\\\/www.facebook.com\\\/transamericamococa\",\"https:\\\/\\\/x.com\\\/transamerica933\",\"https:\\\/\\\/www.instagram.com\\\/transamericamococa\"]},{\"@type\":\"Person\",\"@id\":\"https:\\\/\\\/transamerica93.com.br\\\/home\\\/#\\\/schema\\\/person\\\/7fed7c99c0d4562efa8561bc0f543172\",\"name\":\"Reda\u00e7\u00e3o\",\"image\":{\"@type\":\"ImageObject\",\"inLanguage\":\"pt-BR\",\"@id\":\"https:\\\/\\\/secure.gravatar.com\\\/avatar\\\/1072c6b775fb02ef8506ce967551d95926669a6b7d2c2147b42eea4d7c68395e?s=96&d=mm&r=g\",\"url\":\"https:\\\/\\\/secure.gravatar.com\\\/avatar\\\/1072c6b775fb02ef8506ce967551d95926669a6b7d2c2147b42eea4d7c68395e?s=96&d=mm&r=g\",\"contentUrl\":\"https:\\\/\\\/secure.gravatar.com\\\/avatar\\\/1072c6b775fb02ef8506ce967551d95926669a6b7d2c2147b42eea4d7c68395e?s=96&d=mm&r=g\",\"caption\":\"Reda\u00e7\u00e3o\"},\"sameAs\":[\"https:\\\/\\\/transamerica93.com.br\\\/home\"],\"url\":\"https:\\\/\\\/transamerica93.com.br\\\/home\\\/author\\\/william\\\/\"}]}<\/script>\n<!-- \/ Yoast SEO plugin. -->","yoast_head_json":{"title":"Brasil disputar\u00e1 7 finais da gin\u00e1stica art\u00edstica feminina em Paris - Transam\u00e9rica Mococa 93,3","robots":{"index":"index","follow":"follow","max-snippet":"max-snippet:-1","max-image-preview":"max-image-preview:large","max-video-preview":"max-video-preview:-1"},"canonical":"https:\/\/transamerica93.com.br\/home\/brasil-disputara-7-finais-da-ginastica-artistica-feminina-em-paris\/","og_locale":"pt_BR","og_type":"article","og_title":"Brasil disputar\u00e1 7 finais da gin\u00e1stica art\u00edstica feminina em Paris - Transam\u00e9rica Mococa 93,3","og_description":"A noite de classificat\u00f3rias na gin\u00e1stica art\u00edstica em Paris, neste domingo (28), foi extremamente positiva para o Brasil. Somando a disputa por equipes, o individual geral e os quatro aparelhos (salto sobre o cavalo, barras assim\u00e9tricas, trave de equil\u00edbrio e solo), o pa\u00eds ter\u00e1 sete representantes na fase que vale medalhas. Os destaques foram a &hellip;","og_url":"https:\/\/transamerica93.com.br\/home\/brasil-disputara-7-finais-da-ginastica-artistica-feminina-em-paris\/","og_site_name":"Transam\u00e9rica Mococa 93,3","article_publisher":"https:\/\/www.facebook.com\/transamericamococa","article_published_time":"2024-07-31T15:30:45+00:00","og_image":[{"width":1170,"height":700,"url":"https:\/\/transamerica93.com.br\/home\/wp-content\/uploads\/2024\/07\/3.jpg","type":"image\/jpeg"}],"author":"Reda\u00e7\u00e3o","twitter_card":"summary_large_image","twitter_creator":"@transamerica933","twitter_site":"@transamerica933","twitter_misc":{"Escrito por":"Reda\u00e7\u00e3o","Est. tempo de leitura":"3 minutos"},"schema":{"@context":"https:\/\/schema.org","@graph":[{"@type":"Article","@id":"https:\/\/transamerica93.com.br\/home\/brasil-disputara-7-finais-da-ginastica-artistica-feminina-em-paris\/#article","isPartOf":{"@id":"https:\/\/transamerica93.com.br\/home\/brasil-disputara-7-finais-da-ginastica-artistica-feminina-em-paris\/"},"author":{"name":"Reda\u00e7\u00e3o","@id":"https:\/\/transamerica93.com.br\/home\/#\/schema\/person\/7fed7c99c0d4562efa8561bc0f543172"},"headline":"Brasil disputar\u00e1 7 finais da gin\u00e1stica art\u00edstica feminina em Paris","datePublished":"2024-07-31T15:30:45+00:00","mainEntityOfPage":{"@id":"https:\/\/transamerica93.com.br\/home\/brasil-disputara-7-finais-da-ginastica-artistica-feminina-em-paris\/"},"wordCount":415,"publisher":{"@id":"https:\/\/transamerica93.com.br\/home\/#organization"},"image":{"@id":"https:\/\/transamerica93.com.br\/home\/brasil-disputara-7-finais-da-ginastica-artistica-feminina-em-paris\/#primaryimage"},"thumbnailUrl":"https:\/\/transamerica93.com.br\/home\/wp-content\/uploads\/2024\/07\/3.jpg","articleSection":["Esportes"],"inLanguage":"pt-BR"},{"@type":"WebPage","@id":"https:\/\/transamerica93.com.br\/home\/brasil-disputara-7-finais-da-ginastica-artistica-feminina-em-paris\/","url":"https:\/\/transamerica93.com.br\/home\/brasil-disputara-7-finais-da-ginastica-artistica-feminina-em-paris\/","name":"Brasil disputar\u00e1 7 finais da gin\u00e1stica art\u00edstica feminina em Paris - Transam\u00e9rica Mococa 93,3","isPartOf":{"@id":"https:\/\/transamerica93.com.br\/home\/#website"},"primaryImageOfPage":{"@id":"https:\/\/transamerica93.com.br\/home\/brasil-disputara-7-finais-da-ginastica-artistica-feminina-em-paris\/#primaryimage"},"image":{"@id":"https:\/\/transamerica93.com.br\/home\/brasil-disputara-7-finais-da-ginastica-artistica-feminina-em-paris\/#primaryimage"},"thumbnailUrl":"https:\/\/transamerica93.com.br\/home\/wp-content\/uploads\/2024\/07\/3.jpg","datePublished":"2024-07-31T15:30:45+00:00","breadcrumb":{"@id":"https:\/\/transamerica93.com.br\/home\/brasil-disputara-7-finais-da-ginastica-artistica-feminina-em-paris\/#breadcrumb"},"inLanguage":"pt-BR","potentialAction":[{"@type":"ReadAction","target":["https:\/\/transamerica93.com.br\/home\/brasil-disputara-7-finais-da-ginastica-artistica-feminina-em-paris\/"]}]},{"@type":"ImageObject","inLanguage":"pt-BR","@id":"https:\/\/transamerica93.com.br\/home\/brasil-disputara-7-finais-da-ginastica-artistica-feminina-em-paris\/#primaryimage","url":"https:\/\/transamerica93.com.br\/home\/wp-content\/uploads\/2024\/07\/3.jpg","contentUrl":"https:\/\/transamerica93.com.br\/home\/wp-content\/uploads\/2024\/07\/3.jpg","width":1170,"height":700,"caption":"\u00a9 REUTERS\/Amanda Perobelli\/Direitos Reservados"},{"@type":"BreadcrumbList","@id":"https:\/\/transamerica93.com.br\/home\/brasil-disputara-7-finais-da-ginastica-artistica-feminina-em-paris\/#breadcrumb","itemListElement":[{"@type":"ListItem","position":1,"name":"In\u00edcio","item":"https:\/\/transamerica93.com.br\/home\/"},{"@type":"ListItem","position":2,"name":"Brasil disputar\u00e1 7 finais da gin\u00e1stica art\u00edstica feminina em Paris"}]},{"@type":"WebSite","@id":"https:\/\/transamerica93.com.br\/home\/#website","url":"https:\/\/transamerica93.com.br\/home\/","name":"Transam\u00e9rica Mococa 93,3","description":"","publisher":{"@id":"https:\/\/transamerica93.com.br\/home\/#organization"},"potentialAction":[{"@type":"SearchAction","target":{"@type":"EntryPoint","urlTemplate":"https:\/\/transamerica93.com.br\/home\/?s={search_term_string}"},"query-input":{"@type":"PropertyValueSpecification","valueRequired":true,"valueName":"search_term_string"}}],"inLanguage":"pt-BR"},{"@type":"Organization","@id":"https:\/\/transamerica93.com.br\/home\/#organization","name":"Transam\u00e9rica Mococa 93,3","url":"https:\/\/transamerica93.com.br\/home\/","logo":{"@type":"ImageObject","inLanguage":"pt-BR","@id":"https:\/\/transamerica93.com.br\/home\/#\/schema\/logo\/image\/","url":"https:\/\/transamerica93.com.br\/home\/wp-content\/uploads\/2023\/10\/logo2.png","contentUrl":"https:\/\/transamerica93.com.br\/home\/wp-content\/uploads\/2023\/10\/logo2.png","width":800,"height":500,"caption":"Transam\u00e9rica Mococa 93,3"},"image":{"@id":"https:\/\/transamerica93.com.br\/home\/#\/schema\/logo\/image\/"},"sameAs":["https:\/\/www.facebook.com\/transamericamococa","https:\/\/x.com\/transamerica933","https:\/\/www.instagram.com\/transamericamococa"]},{"@type":"Person","@id":"https:\/\/transamerica93.com.br\/home\/#\/schema\/person\/7fed7c99c0d4562efa8561bc0f543172","name":"Reda\u00e7\u00e3o","image":{"@type":"ImageObject","inLanguage":"pt-BR","@id":"https:\/\/secure.gravatar.com\/avatar\/1072c6b775fb02ef8506ce967551d95926669a6b7d2c2147b42eea4d7c68395e?s=96&d=mm&r=g","url":"https:\/\/secure.gravatar.com\/avatar\/1072c6b775fb02ef8506ce967551d95926669a6b7d2c2147b42eea4d7c68395e?s=96&d=mm&r=g","contentUrl":"https:\/\/secure.gravatar.com\/avatar\/1072c6b775fb02ef8506ce967551d95926669a6b7d2c2147b42eea4d7c68395e?s=96&d=mm&r=g","caption":"Reda\u00e7\u00e3o"},"sameAs":["https:\/\/transamerica93.com.br\/home"],"url":"https:\/\/transamerica93.com.br\/home\/author\/william\/"}]}},"_links":{"self":[{"href":"https:\/\/transamerica93.com.br\/home\/wp-json\/wp\/v2\/posts\/3384","targetHints":{"allow":["GET"]}}],"collection":[{"href":"https:\/\/transamerica93.com.br\/home\/wp-json\/wp\/v2\/posts"}],"about":[{"href":"https:\/\/transamerica93.com.br\/home\/wp-json\/wp\/v2\/types\/post"}],"author":[{"embeddable":true,"href":"https:\/\/transamerica93.com.br\/home\/wp-json\/wp\/v2\/users\/1"}],"replies":[{"embeddable":true,"href":"https:\/\/transamerica93.com.br\/home\/wp-json\/wp\/v2\/comments?post=3384"}],"version-history":[{"count":1,"href":"https:\/\/transamerica93.com.br\/home\/wp-json\/wp\/v2\/posts\/3384\/revisions"}],"predecessor-version":[{"id":3385,"href":"https:\/\/transamerica93.com.br\/home\/wp-json\/wp\/v2\/posts\/3384\/revisions\/3385"}],"wp:featuredmedia":[{"embeddable":true,"href":"https:\/\/transamerica93.com.br\/home\/wp-json\/wp\/v2\/media\/3378"}],"wp:attachment":[{"href":"https:\/\/transamerica93.com.br\/home\/wp-json\/wp\/v2\/media?parent=3384"}],"wp:term":[{"taxonomy":"category","embeddable":true,"href":"https:\/\/transamerica93.com.br\/home\/wp-json\/wp\/v2\/categories?post=3384"},{"taxonomy":"post_tag","embeddable":true,"href":"https:\/\/transamerica93.com.br\/home\/wp-json\/wp\/v2\/tags?post=3384"}],"curies":[{"name":"wp","href":"https:\/\/api.w.org\/{rel}","templated":true}]}}