{"id":3386,"date":"2024-08-01T12:30:40","date_gmt":"2024-08-01T15:30:40","guid":{"rendered":"https:\/\/transamerica93.com.br\/home\/?p=3386"},"modified":"2024-07-28T19:40:20","modified_gmt":"2024-07-28T22:40:20","slug":"nadadora-brasileira-e-expulsa-da-delegacao-em-paris-apos-indisciplina","status":"publish","type":"post","link":"https:\/\/transamerica93.com.br\/home\/nadadora-brasileira-e-expulsa-da-delegacao-em-paris-apos-indisciplina\/","title":{"rendered":"Nadadora brasileira \u00e9 expulsa da delega\u00e7\u00e3o em Paris ap\u00f3s indisciplina"},"content":{"rendered":"<div class=\"post-item-wrap\">\n<p>O\u00a0<a href=\"https:\/\/www.cob.org.br\/comunicacao\/noticias\/nota-natacao\"><strong>Comit\u00ea Ol\u00edmpico do Brasil (COB)\u00a0<\/strong><\/a>decidiu desligar a nadadora Ana Carolina Vieira da delega\u00e7\u00e3o brasileira na Olimp\u00edada de\u00a0Paris ap\u00f3s dois epis\u00f3dios de indisciplina comunicados pela comiss\u00e3o t\u00e9cnica da modalidade. Ela j\u00e1 retorna ao pa\u00eds neste domingo (28).<img decoding=\"async\" data-src=\"https:\/\/agenciabrasil.ebc.com.br\/ebc.png?id=1605702&amp;o=node\" src=\"data:image\/svg+xml;base64,PHN2ZyB3aWR0aD0iMSIgaGVpZ2h0PSIxIiB4bWxucz0iaHR0cDovL3d3dy53My5vcmcvMjAwMC9zdmciPjwvc3ZnPg==\" class=\"lazyload\" \/><img decoding=\"async\" data-src=\"https:\/\/agenciabrasil.ebc.com.br\/ebc.gif?id=1605702&amp;o=node\" src=\"data:image\/svg+xml;base64,PHN2ZyB3aWR0aD0iMSIgaGVpZ2h0PSIxIiB4bWxucz0iaHR0cDovL3d3dy53My5vcmcvMjAwMC9zdmciPjwvc3ZnPg==\" class=\"lazyload\" \/><\/p>\n<p>O chefe de equipe da nata\u00e7\u00e3o, Gustavo Otsuka, relatou que, primeiramente, Ana Carolina Vieira e o namorado Gabriel Santos, que tamb\u00e9m \u00e9 atleta da nata\u00e7\u00e3o, sa\u00edram da Vila Ol\u00edmpica sem autoriza\u00e7\u00e3o na sexta-feira (26). Os dois publicaram fotos nas redes sociais na capital francesa fora da vila. Segundo Otsuka, toda sa\u00edda da vila dos atletas deve ser previamente comunicada, por motivos de seguran\u00e7a.<\/p>\n<p>No entanto, o que causou a exclus\u00e3o de Ana Vieira da delega\u00e7\u00e3o n\u00e3o foi este epis\u00f3dio. No s\u00e1bado (27), a atleta fez parte do revezamento 4x100m livre feminino, que acabou eliminado antes da final. Vieira teria contestado de forma veemente a mudan\u00e7a na escala\u00e7\u00e3o do revezamento, que nadou sem Maf\u00ea Costa, poupada. O\u00a0<a href=\"https:\/\/www.cbda.org.br\/noticia\/20835\/comunicado-atos-de-indisciplina-na-selecao-olimpica-de-natacao\"><strong>comunicado da CBDA (<\/strong><\/a>Confedera\u00e7\u00e3o Brasileira de Desportos Aqu\u00e1ticos) diz que a decis\u00e3o t\u00e9cnica foi contestada &#8220;de forma desrespeitosa e agressiva&#8221;.<\/p>\n<p>Ainda segundo o comunicado publicado em conjunto por COB e CBDA, a defini\u00e7\u00e3o pela exclus\u00e3o de Ana Vieira foi em comum acordo entre membros da comiss\u00e3o t\u00e9cnica, o chefe Otsuka e a dire\u00e7\u00e3o da confedera\u00e7\u00e3o da modalidade. Ana Vieira ainda poderia atuar no revezamento 4&#215;100 medley misto.<\/p>\n<p>Gabriel Santos, que participou do revezamento 4&#215;100 livre masculino e n\u00e3o tinha mais provas a nadar, foi punido apenas com uma advert\u00eancia.<\/p>\n<p>O clube Pinheiros, onde ambos os atletas atuam, publicou nota oficial sobre o caso.<\/p>\n<blockquote><p>&#8220;O Esporte Clube Pinheiros tomou conhecimento da puni\u00e7\u00e3o aos atletas Ana Carolina Vieira e Gabriel Santos, da Nata\u00e7\u00e3o, e do desligamento da atleta da delega\u00e7\u00e3o brasileira nos Jogos Ol\u00edmpicos de Paris. O Clube vai aguardar o retorno de Ana ao Brasil para conversar com ela e apurar os fatos com os envolvidos. O Pinheiros segue confiante na participa\u00e7\u00e3o de seus atletas nos Jogos Ol\u00edmpicos e em sua contribui\u00e7\u00e3o para o esporte \u00a0brasileiro.&#8221;.<\/p><\/blockquote>\n<p>At\u00e9 o momento, nenhum dos dois nadadores se manifestou sobre as puni\u00e7\u00f5es.<\/p>\n<\/div>\n<p class=\"alt-font font-italic my-2 small text-info\">Edi\u00e7\u00e3o: Cl\u00e1udia Soares Rodrigues<\/p>\n","protected":false},"excerpt":{"rendered":"<p>O\u00a0Comit\u00ea Ol\u00edmpico do Brasil (COB)\u00a0decidiu desligar a nadadora Ana Carolina Vieira da delega\u00e7\u00e3o brasileira na Olimp\u00edada de\u00a0Paris ap\u00f3s dois epis\u00f3dios de indisciplina comunicados pela comiss\u00e3o t\u00e9cnica da modalidade. Ela j\u00e1 retorna ao pa\u00eds neste domingo (28). O chefe de equipe da nata\u00e7\u00e3o, Gustavo Otsuka, relatou que, primeiramente, Ana Carolina Vieira e o namorado Gabriel Santos, &hellip;<\/p>\n","protected":false},"author":1,"featured_media":3379,"comment_status":"closed","ping_status":"closed","sticky":false,"template":"","format":"standard","meta":{"footnotes":""},"categories":[31],"tags":[],"class_list":["post-3386","post","type-post","status-publish","format-standard","has-post-thumbnail","hentry","category-esportes"],"yoast_head":"<!-- This site is optimized with the Yoast SEO plugin v27.4 - https:\/\/yoast.com\/product\/yoast-seo-wordpress\/ -->\n<title>Nadadora brasileira \u00e9 expulsa da delega\u00e7\u00e3o em Paris ap\u00f3s indisciplina - Transam\u00e9rica Mococa 93,3<\/title>\n<meta name=\"robots\" content=\"index, follow, max-snippet:-1, max-image-preview:large, max-video-preview:-1\" \/>\n<link rel=\"canonical\" href=\"https:\/\/transamerica93.com.br\/home\/nadadora-brasileira-e-expulsa-da-delegacao-em-paris-apos-indisciplina\/\" \/>\n<meta property=\"og:locale\" content=\"pt_BR\" \/>\n<meta property=\"og:type\" content=\"article\" \/>\n<meta property=\"og:title\" content=\"Nadadora brasileira \u00e9 expulsa da delega\u00e7\u00e3o em Paris ap\u00f3s indisciplina - Transam\u00e9rica Mococa 93,3\" \/>\n<meta property=\"og:description\" content=\"O\u00a0Comit\u00ea Ol\u00edmpico do Brasil (COB)\u00a0decidiu desligar a nadadora Ana Carolina Vieira da delega\u00e7\u00e3o brasileira na Olimp\u00edada de\u00a0Paris ap\u00f3s dois epis\u00f3dios de indisciplina comunicados pela comiss\u00e3o t\u00e9cnica da modalidade. Ela j\u00e1 retorna ao pa\u00eds neste domingo (28). O chefe de equipe da nata\u00e7\u00e3o, Gustavo Otsuka, relatou que, primeiramente, Ana Carolina Vieira e o namorado Gabriel Santos, &hellip;\" \/>\n<meta property=\"og:url\" content=\"https:\/\/transamerica93.com.br\/home\/nadadora-brasileira-e-expulsa-da-delegacao-em-paris-apos-indisciplina\/\" \/>\n<meta property=\"og:site_name\" content=\"Transam\u00e9rica Mococa 93,3\" \/>\n<meta property=\"article:publisher\" content=\"https:\/\/www.facebook.com\/transamericamococa\" \/>\n<meta property=\"article:published_time\" content=\"2024-08-01T15:30:40+00:00\" \/>\n<meta property=\"og:image\" content=\"https:\/\/transamerica93.com.br\/home\/wp-content\/uploads\/2024\/07\/4.jpg\" \/>\n\t<meta property=\"og:image:width\" content=\"1170\" \/>\n\t<meta property=\"og:image:height\" content=\"700\" \/>\n\t<meta property=\"og:image:type\" content=\"image\/jpeg\" \/>\n<meta name=\"author\" content=\"Reda\u00e7\u00e3o\" \/>\n<meta name=\"twitter:card\" content=\"summary_large_image\" \/>\n<meta name=\"twitter:creator\" content=\"@transamerica933\" \/>\n<meta name=\"twitter:site\" content=\"@transamerica933\" \/>\n<meta name=\"twitter:label1\" content=\"Escrito por\" \/>\n\t<meta name=\"twitter:data1\" content=\"Reda\u00e7\u00e3o\" \/>\n\t<meta name=\"twitter:label2\" content=\"Est. tempo de leitura\" \/>\n\t<meta name=\"twitter:data2\" content=\"3 minutos\" \/>\n<script type=\"application\/ld+json\" class=\"yoast-schema-graph\">{\"@context\":\"https:\\\/\\\/schema.org\",\"@graph\":[{\"@type\":\"Article\",\"@id\":\"https:\\\/\\\/transamerica93.com.br\\\/home\\\/nadadora-brasileira-e-expulsa-da-delegacao-em-paris-apos-indisciplina\\\/#article\",\"isPartOf\":{\"@id\":\"https:\\\/\\\/transamerica93.com.br\\\/home\\\/nadadora-brasileira-e-expulsa-da-delegacao-em-paris-apos-indisciplina\\\/\"},\"author\":{\"name\":\"Reda\u00e7\u00e3o\",\"@id\":\"https:\\\/\\\/transamerica93.com.br\\\/home\\\/#\\\/schema\\\/person\\\/7fed7c99c0d4562efa8561bc0f543172\"},\"headline\":\"Nadadora brasileira \u00e9 expulsa da delega\u00e7\u00e3o em Paris ap\u00f3s indisciplina\",\"datePublished\":\"2024-08-01T15:30:40+00:00\",\"mainEntityOfPage\":{\"@id\":\"https:\\\/\\\/transamerica93.com.br\\\/home\\\/nadadora-brasileira-e-expulsa-da-delegacao-em-paris-apos-indisciplina\\\/\"},\"wordCount\":399,\"publisher\":{\"@id\":\"https:\\\/\\\/transamerica93.com.br\\\/home\\\/#organization\"},\"image\":{\"@id\":\"https:\\\/\\\/transamerica93.com.br\\\/home\\\/nadadora-brasileira-e-expulsa-da-delegacao-em-paris-apos-indisciplina\\\/#primaryimage\"},\"thumbnailUrl\":\"https:\\\/\\\/transamerica93.com.br\\\/home\\\/wp-content\\\/uploads\\\/2024\\\/07\\\/4.jpg\",\"articleSection\":[\"Esportes\"],\"inLanguage\":\"pt-BR\"},{\"@type\":\"WebPage\",\"@id\":\"https:\\\/\\\/transamerica93.com.br\\\/home\\\/nadadora-brasileira-e-expulsa-da-delegacao-em-paris-apos-indisciplina\\\/\",\"url\":\"https:\\\/\\\/transamerica93.com.br\\\/home\\\/nadadora-brasileira-e-expulsa-da-delegacao-em-paris-apos-indisciplina\\\/\",\"name\":\"Nadadora brasileira \u00e9 expulsa da delega\u00e7\u00e3o em Paris ap\u00f3s indisciplina - Transam\u00e9rica Mococa 93,3\",\"isPartOf\":{\"@id\":\"https:\\\/\\\/transamerica93.com.br\\\/home\\\/#website\"},\"primaryImageOfPage\":{\"@id\":\"https:\\\/\\\/transamerica93.com.br\\\/home\\\/nadadora-brasileira-e-expulsa-da-delegacao-em-paris-apos-indisciplina\\\/#primaryimage\"},\"image\":{\"@id\":\"https:\\\/\\\/transamerica93.com.br\\\/home\\\/nadadora-brasileira-e-expulsa-da-delegacao-em-paris-apos-indisciplina\\\/#primaryimage\"},\"thumbnailUrl\":\"https:\\\/\\\/transamerica93.com.br\\\/home\\\/wp-content\\\/uploads\\\/2024\\\/07\\\/4.jpg\",\"datePublished\":\"2024-08-01T15:30:40+00:00\",\"breadcrumb\":{\"@id\":\"https:\\\/\\\/transamerica93.com.br\\\/home\\\/nadadora-brasileira-e-expulsa-da-delegacao-em-paris-apos-indisciplina\\\/#breadcrumb\"},\"inLanguage\":\"pt-BR\",\"potentialAction\":[{\"@type\":\"ReadAction\",\"target\":[\"https:\\\/\\\/transamerica93.com.br\\\/home\\\/nadadora-brasileira-e-expulsa-da-delegacao-em-paris-apos-indisciplina\\\/\"]}]},{\"@type\":\"ImageObject\",\"inLanguage\":\"pt-BR\",\"@id\":\"https:\\\/\\\/transamerica93.com.br\\\/home\\\/nadadora-brasileira-e-expulsa-da-delegacao-em-paris-apos-indisciplina\\\/#primaryimage\",\"url\":\"https:\\\/\\\/transamerica93.com.br\\\/home\\\/wp-content\\\/uploads\\\/2024\\\/07\\\/4.jpg\",\"contentUrl\":\"https:\\\/\\\/transamerica93.com.br\\\/home\\\/wp-content\\\/uploads\\\/2024\\\/07\\\/4.jpg\",\"width\":1170,\"height\":700,\"caption\":\"\u00a9 Reprodu\u00e7\u00e3o Instagram\\\/Ana Vieira\"},{\"@type\":\"BreadcrumbList\",\"@id\":\"https:\\\/\\\/transamerica93.com.br\\\/home\\\/nadadora-brasileira-e-expulsa-da-delegacao-em-paris-apos-indisciplina\\\/#breadcrumb\",\"itemListElement\":[{\"@type\":\"ListItem\",\"position\":1,\"name\":\"In\u00edcio\",\"item\":\"https:\\\/\\\/transamerica93.com.br\\\/home\\\/\"},{\"@type\":\"ListItem\",\"position\":2,\"name\":\"Nadadora brasileira \u00e9 expulsa da delega\u00e7\u00e3o em Paris ap\u00f3s indisciplina\"}]},{\"@type\":\"WebSite\",\"@id\":\"https:\\\/\\\/transamerica93.com.br\\\/home\\\/#website\",\"url\":\"https:\\\/\\\/transamerica93.com.br\\\/home\\\/\",\"name\":\"Transam\u00e9rica Mococa 93,3\",\"description\":\"\",\"publisher\":{\"@id\":\"https:\\\/\\\/transamerica93.com.br\\\/home\\\/#organization\"},\"potentialAction\":[{\"@type\":\"SearchAction\",\"target\":{\"@type\":\"EntryPoint\",\"urlTemplate\":\"https:\\\/\\\/transamerica93.com.br\\\/home\\\/?s={search_term_string}\"},\"query-input\":{\"@type\":\"PropertyValueSpecification\",\"valueRequired\":true,\"valueName\":\"search_term_string\"}}],\"inLanguage\":\"pt-BR\"},{\"@type\":\"Organization\",\"@id\":\"https:\\\/\\\/transamerica93.com.br\\\/home\\\/#organization\",\"name\":\"Transam\u00e9rica Mococa 93,3\",\"url\":\"https:\\\/\\\/transamerica93.com.br\\\/home\\\/\",\"logo\":{\"@type\":\"ImageObject\",\"inLanguage\":\"pt-BR\",\"@id\":\"https:\\\/\\\/transamerica93.com.br\\\/home\\\/#\\\/schema\\\/logo\\\/image\\\/\",\"url\":\"https:\\\/\\\/transamerica93.com.br\\\/home\\\/wp-content\\\/uploads\\\/2023\\\/10\\\/logo2.png\",\"contentUrl\":\"https:\\\/\\\/transamerica93.com.br\\\/home\\\/wp-content\\\/uploads\\\/2023\\\/10\\\/logo2.png\",\"width\":800,\"height\":500,\"caption\":\"Transam\u00e9rica Mococa 93,3\"},\"image\":{\"@id\":\"https:\\\/\\\/transamerica93.com.br\\\/home\\\/#\\\/schema\\\/logo\\\/image\\\/\"},\"sameAs\":[\"https:\\\/\\\/www.facebook.com\\\/transamericamococa\",\"https:\\\/\\\/x.com\\\/transamerica933\",\"https:\\\/\\\/www.instagram.com\\\/transamericamococa\"]},{\"@type\":\"Person\",\"@id\":\"https:\\\/\\\/transamerica93.com.br\\\/home\\\/#\\\/schema\\\/person\\\/7fed7c99c0d4562efa8561bc0f543172\",\"name\":\"Reda\u00e7\u00e3o\",\"image\":{\"@type\":\"ImageObject\",\"inLanguage\":\"pt-BR\",\"@id\":\"https:\\\/\\\/secure.gravatar.com\\\/avatar\\\/1072c6b775fb02ef8506ce967551d95926669a6b7d2c2147b42eea4d7c68395e?s=96&d=mm&r=g\",\"url\":\"https:\\\/\\\/secure.gravatar.com\\\/avatar\\\/1072c6b775fb02ef8506ce967551d95926669a6b7d2c2147b42eea4d7c68395e?s=96&d=mm&r=g\",\"contentUrl\":\"https:\\\/\\\/secure.gravatar.com\\\/avatar\\\/1072c6b775fb02ef8506ce967551d95926669a6b7d2c2147b42eea4d7c68395e?s=96&d=mm&r=g\",\"caption\":\"Reda\u00e7\u00e3o\"},\"sameAs\":[\"https:\\\/\\\/transamerica93.com.br\\\/home\"],\"url\":\"https:\\\/\\\/transamerica93.com.br\\\/home\\\/author\\\/william\\\/\"}]}<\/script>\n<!-- \/ Yoast SEO plugin. -->","yoast_head_json":{"title":"Nadadora brasileira \u00e9 expulsa da delega\u00e7\u00e3o em Paris ap\u00f3s indisciplina - Transam\u00e9rica Mococa 93,3","robots":{"index":"index","follow":"follow","max-snippet":"max-snippet:-1","max-image-preview":"max-image-preview:large","max-video-preview":"max-video-preview:-1"},"canonical":"https:\/\/transamerica93.com.br\/home\/nadadora-brasileira-e-expulsa-da-delegacao-em-paris-apos-indisciplina\/","og_locale":"pt_BR","og_type":"article","og_title":"Nadadora brasileira \u00e9 expulsa da delega\u00e7\u00e3o em Paris ap\u00f3s indisciplina - Transam\u00e9rica Mococa 93,3","og_description":"O\u00a0Comit\u00ea Ol\u00edmpico do Brasil (COB)\u00a0decidiu desligar a nadadora Ana Carolina Vieira da delega\u00e7\u00e3o brasileira na Olimp\u00edada de\u00a0Paris ap\u00f3s dois epis\u00f3dios de indisciplina comunicados pela comiss\u00e3o t\u00e9cnica da modalidade. Ela j\u00e1 retorna ao pa\u00eds neste domingo (28). O chefe de equipe da nata\u00e7\u00e3o, Gustavo Otsuka, relatou que, primeiramente, Ana Carolina Vieira e o namorado Gabriel Santos, &hellip;","og_url":"https:\/\/transamerica93.com.br\/home\/nadadora-brasileira-e-expulsa-da-delegacao-em-paris-apos-indisciplina\/","og_site_name":"Transam\u00e9rica Mococa 93,3","article_publisher":"https:\/\/www.facebook.com\/transamericamococa","article_published_time":"2024-08-01T15:30:40+00:00","og_image":[{"width":1170,"height":700,"url":"https:\/\/transamerica93.com.br\/home\/wp-content\/uploads\/2024\/07\/4.jpg","type":"image\/jpeg"}],"author":"Reda\u00e7\u00e3o","twitter_card":"summary_large_image","twitter_creator":"@transamerica933","twitter_site":"@transamerica933","twitter_misc":{"Escrito por":"Reda\u00e7\u00e3o","Est. tempo de leitura":"3 minutos"},"schema":{"@context":"https:\/\/schema.org","@graph":[{"@type":"Article","@id":"https:\/\/transamerica93.com.br\/home\/nadadora-brasileira-e-expulsa-da-delegacao-em-paris-apos-indisciplina\/#article","isPartOf":{"@id":"https:\/\/transamerica93.com.br\/home\/nadadora-brasileira-e-expulsa-da-delegacao-em-paris-apos-indisciplina\/"},"author":{"name":"Reda\u00e7\u00e3o","@id":"https:\/\/transamerica93.com.br\/home\/#\/schema\/person\/7fed7c99c0d4562efa8561bc0f543172"},"headline":"Nadadora brasileira \u00e9 expulsa da delega\u00e7\u00e3o em Paris ap\u00f3s indisciplina","datePublished":"2024-08-01T15:30:40+00:00","mainEntityOfPage":{"@id":"https:\/\/transamerica93.com.br\/home\/nadadora-brasileira-e-expulsa-da-delegacao-em-paris-apos-indisciplina\/"},"wordCount":399,"publisher":{"@id":"https:\/\/transamerica93.com.br\/home\/#organization"},"image":{"@id":"https:\/\/transamerica93.com.br\/home\/nadadora-brasileira-e-expulsa-da-delegacao-em-paris-apos-indisciplina\/#primaryimage"},"thumbnailUrl":"https:\/\/transamerica93.com.br\/home\/wp-content\/uploads\/2024\/07\/4.jpg","articleSection":["Esportes"],"inLanguage":"pt-BR"},{"@type":"WebPage","@id":"https:\/\/transamerica93.com.br\/home\/nadadora-brasileira-e-expulsa-da-delegacao-em-paris-apos-indisciplina\/","url":"https:\/\/transamerica93.com.br\/home\/nadadora-brasileira-e-expulsa-da-delegacao-em-paris-apos-indisciplina\/","name":"Nadadora brasileira \u00e9 expulsa da delega\u00e7\u00e3o em Paris ap\u00f3s indisciplina - Transam\u00e9rica Mococa 93,3","isPartOf":{"@id":"https:\/\/transamerica93.com.br\/home\/#website"},"primaryImageOfPage":{"@id":"https:\/\/transamerica93.com.br\/home\/nadadora-brasileira-e-expulsa-da-delegacao-em-paris-apos-indisciplina\/#primaryimage"},"image":{"@id":"https:\/\/transamerica93.com.br\/home\/nadadora-brasileira-e-expulsa-da-delegacao-em-paris-apos-indisciplina\/#primaryimage"},"thumbnailUrl":"https:\/\/transamerica93.com.br\/home\/wp-content\/uploads\/2024\/07\/4.jpg","datePublished":"2024-08-01T15:30:40+00:00","breadcrumb":{"@id":"https:\/\/transamerica93.com.br\/home\/nadadora-brasileira-e-expulsa-da-delegacao-em-paris-apos-indisciplina\/#breadcrumb"},"inLanguage":"pt-BR","potentialAction":[{"@type":"ReadAction","target":["https:\/\/transamerica93.com.br\/home\/nadadora-brasileira-e-expulsa-da-delegacao-em-paris-apos-indisciplina\/"]}]},{"@type":"ImageObject","inLanguage":"pt-BR","@id":"https:\/\/transamerica93.com.br\/home\/nadadora-brasileira-e-expulsa-da-delegacao-em-paris-apos-indisciplina\/#primaryimage","url":"https:\/\/transamerica93.com.br\/home\/wp-content\/uploads\/2024\/07\/4.jpg","contentUrl":"https:\/\/transamerica93.com.br\/home\/wp-content\/uploads\/2024\/07\/4.jpg","width":1170,"height":700,"caption":"\u00a9 Reprodu\u00e7\u00e3o Instagram\/Ana Vieira"},{"@type":"BreadcrumbList","@id":"https:\/\/transamerica93.com.br\/home\/nadadora-brasileira-e-expulsa-da-delegacao-em-paris-apos-indisciplina\/#breadcrumb","itemListElement":[{"@type":"ListItem","position":1,"name":"In\u00edcio","item":"https:\/\/transamerica93.com.br\/home\/"},{"@type":"ListItem","position":2,"name":"Nadadora brasileira \u00e9 expulsa da delega\u00e7\u00e3o em Paris ap\u00f3s indisciplina"}]},{"@type":"WebSite","@id":"https:\/\/transamerica93.com.br\/home\/#website","url":"https:\/\/transamerica93.com.br\/home\/","name":"Transam\u00e9rica Mococa 93,3","description":"","publisher":{"@id":"https:\/\/transamerica93.com.br\/home\/#organization"},"potentialAction":[{"@type":"SearchAction","target":{"@type":"EntryPoint","urlTemplate":"https:\/\/transamerica93.com.br\/home\/?s={search_term_string}"},"query-input":{"@type":"PropertyValueSpecification","valueRequired":true,"valueName":"search_term_string"}}],"inLanguage":"pt-BR"},{"@type":"Organization","@id":"https:\/\/transamerica93.com.br\/home\/#organization","name":"Transam\u00e9rica Mococa 93,3","url":"https:\/\/transamerica93.com.br\/home\/","logo":{"@type":"ImageObject","inLanguage":"pt-BR","@id":"https:\/\/transamerica93.com.br\/home\/#\/schema\/logo\/image\/","url":"https:\/\/transamerica93.com.br\/home\/wp-content\/uploads\/2023\/10\/logo2.png","contentUrl":"https:\/\/transamerica93.com.br\/home\/wp-content\/uploads\/2023\/10\/logo2.png","width":800,"height":500,"caption":"Transam\u00e9rica Mococa 93,3"},"image":{"@id":"https:\/\/transamerica93.com.br\/home\/#\/schema\/logo\/image\/"},"sameAs":["https:\/\/www.facebook.com\/transamericamococa","https:\/\/x.com\/transamerica933","https:\/\/www.instagram.com\/transamericamococa"]},{"@type":"Person","@id":"https:\/\/transamerica93.com.br\/home\/#\/schema\/person\/7fed7c99c0d4562efa8561bc0f543172","name":"Reda\u00e7\u00e3o","image":{"@type":"ImageObject","inLanguage":"pt-BR","@id":"https:\/\/secure.gravatar.com\/avatar\/1072c6b775fb02ef8506ce967551d95926669a6b7d2c2147b42eea4d7c68395e?s=96&d=mm&r=g","url":"https:\/\/secure.gravatar.com\/avatar\/1072c6b775fb02ef8506ce967551d95926669a6b7d2c2147b42eea4d7c68395e?s=96&d=mm&r=g","contentUrl":"https:\/\/secure.gravatar.com\/avatar\/1072c6b775fb02ef8506ce967551d95926669a6b7d2c2147b42eea4d7c68395e?s=96&d=mm&r=g","caption":"Reda\u00e7\u00e3o"},"sameAs":["https:\/\/transamerica93.com.br\/home"],"url":"https:\/\/transamerica93.com.br\/home\/author\/william\/"}]}},"_links":{"self":[{"href":"https:\/\/transamerica93.com.br\/home\/wp-json\/wp\/v2\/posts\/3386","targetHints":{"allow":["GET"]}}],"collection":[{"href":"https:\/\/transamerica93.com.br\/home\/wp-json\/wp\/v2\/posts"}],"about":[{"href":"https:\/\/transamerica93.com.br\/home\/wp-json\/wp\/v2\/types\/post"}],"author":[{"embeddable":true,"href":"https:\/\/transamerica93.com.br\/home\/wp-json\/wp\/v2\/users\/1"}],"replies":[{"embeddable":true,"href":"https:\/\/transamerica93.com.br\/home\/wp-json\/wp\/v2\/comments?post=3386"}],"version-history":[{"count":1,"href":"https:\/\/transamerica93.com.br\/home\/wp-json\/wp\/v2\/posts\/3386\/revisions"}],"predecessor-version":[{"id":3387,"href":"https:\/\/transamerica93.com.br\/home\/wp-json\/wp\/v2\/posts\/3386\/revisions\/3387"}],"wp:featuredmedia":[{"embeddable":true,"href":"https:\/\/transamerica93.com.br\/home\/wp-json\/wp\/v2\/media\/3379"}],"wp:attachment":[{"href":"https:\/\/transamerica93.com.br\/home\/wp-json\/wp\/v2\/media?parent=3386"}],"wp:term":[{"taxonomy":"category","embeddable":true,"href":"https:\/\/transamerica93.com.br\/home\/wp-json\/wp\/v2\/categories?post=3386"},{"taxonomy":"post_tag","embeddable":true,"href":"https:\/\/transamerica93.com.br\/home\/wp-json\/wp\/v2\/tags?post=3386"}],"curies":[{"name":"wp","href":"https:\/\/api.w.org\/{rel}","templated":true}]}}