{"id":3388,"date":"2024-08-02T12:30:31","date_gmt":"2024-08-02T15:30:31","guid":{"rendered":"https:\/\/transamerica93.com.br\/home\/?p=3388"},"modified":"2024-07-28T19:41:45","modified_gmt":"2024-07-28T22:41:45","slug":"basquete-masculino-na-olimpiada-tem-brasil-de-volta-e-show-de-craques","status":"publish","type":"post","link":"https:\/\/transamerica93.com.br\/home\/basquete-masculino-na-olimpiada-tem-brasil-de-volta-e-show-de-craques\/","title":{"rendered":"Basquete masculino na Olimp\u00edada tem Brasil de volta e show de craques"},"content":{"rendered":"<div class=\"post-item-wrap\">\n<p>Dada a partida em um dos torneios mais badalados entre as muitas atra\u00e7\u00f5es no card\u00e1pio esportivo dos Jogos Ol\u00edmpicos de Paris. A programa\u00e7\u00e3o do basquete masculino tem quatro jogos hoje, come\u00e7ando com o duelo entre Austr\u00e1lia e Espanha, \u00e0s 6h (hor\u00e1rio de Bras\u00edlia). O cronograma tamb\u00e9m reserva a estreia do Brasil, \u00e0s 12h15, diante da sele\u00e7\u00e3o da casa, a Fran\u00e7a. A primeira fase, composta por 12 equipes divididas em tr\u00eas chaves com quatro sele\u00e7\u00f5es cada, ser\u00e1 toda disputada na cidade de Lille. J\u00e1 os mata-matas (jogos eliminat\u00f3rios) ser\u00e3o em Paris. Em 2024, o torneio chega com diversas atra\u00e7\u00f5es, principalmente para os f\u00e3s brasileiros.<img decoding=\"async\" data-src=\"https:\/\/agenciabrasil.ebc.com.br\/ebc.png?id=1605546&amp;o=node\" src=\"data:image\/svg+xml;base64,PHN2ZyB3aWR0aD0iMSIgaGVpZ2h0PSIxIiB4bWxucz0iaHR0cDovL3d3dy53My5vcmcvMjAwMC9zdmciPjwvc3ZnPg==\" class=\"lazyload\" \/><img decoding=\"async\" data-src=\"https:\/\/agenciabrasil.ebc.com.br\/ebc.gif?id=1605546&amp;o=node\" src=\"data:image\/svg+xml;base64,PHN2ZyB3aWR0aD0iMSIgaGVpZ2h0PSIxIiB4bWxucz0iaHR0cDovL3d3dy53My5vcmcvMjAwMC9zdmciPjwvc3ZnPg==\" class=\"lazyload\" \/><\/p>\n<p>Um bom term\u00f4metro do naipe\u00a0dos atletas que estar\u00e3o no torneio \u00e9 que tr\u00eas foram porta-bandeira de seus pa\u00edses na cerim\u00f4nia de abertura dos Jogos: LeBron James (Estados Unidos), Giannis Antetokounmpo (Gr\u00e9cia) e Dennis Schr\u00f6der (Alemanha). Outra forma de se perceber o talento \u00e0 disposi\u00e7\u00e3o \u00e9 que 12\u00a0dos \u00faltimos 15\u00a0pr\u00eamios de MVP (sigla em ingl\u00eas para Jogador Mais Valioso) da NBA, a liga norte-americana de basquete, a\u00a0mais forte do mundo, foram conquistados por jogadores que estar\u00e3o presentes em Lille: LeBron venceu tr\u00eas destes; Antetokounmpo outros dois. Nikola Jokic, da S\u00e9rvia, com mais tr\u00eas e os americanos Stephen Curry (dois), Kevin Durant e Joel Embiid (ambos com um) s\u00e3o os outros vencedores neste recorte.<\/p>\n<p>As duas \u00faltimas campe\u00e3s do mundo, Alemanha e Espanha, est\u00e3o presentes. O Canad\u00e1, medalhista de bronze no \u00faltimo Mundial e repleto de atletas da NBA no plantel, tamb\u00e9m. Assim como a Austr\u00e1lia, bronze em T\u00f3quio.<\/p>\n<div class=\"dnd-widget-wrapper context-cheio_8colunas type-image\">\n<div class=\"dnd-caption-wrapper\">\n<div class=\"meta\"><\/div>\n<\/div>\n<\/div>\n<p>Mas n\u00e3o h\u00e1 como negar que todos os olhos estar\u00e3o na sele\u00e7\u00e3o dos Estados Unidos, que volta a levar \u00e0s quadras o que tem de melhor. S\u00e3o quatro ouros nas \u00faltimas quatro Olimp\u00edadas, mas as duas \u00faltimas campanhas encontraram percal\u00e7os, com elencos desfalcados. Desta vez, a federa\u00e7\u00e3o do pa\u00eds fez um trabalho para convencer os atletas de mais renome a defenderem a sele\u00e7\u00e3o norte-americana.\u00a0LeBron James, hoje aos 39 anos, volta a uma Olimp\u00edada depois de 12\u00a0anos. Stephen Curry, aos 36 anos, jogar\u00e1 a competi\u00e7\u00e3o pela primeira vez na carreira. O veterano Kevin Durant chega para tentar o quarto ouro consecutivo de sua carreira. O resto do elenco \u00e9 composto por jogadores estabelecidos como estrelas mais jovens na NBA, como Anthony Edwards, Jayson Tatum e Devin Booker.<\/p>\n<p>Junto a tantos pesos-pesados, aparece o Brasil. Depois de ficar de fora de T\u00f3quio e disputar os Jogos do Rio como pa\u00eds-sede, a sele\u00e7\u00e3o voltou a conquistar na quadra uma vaga ol\u00edmpica depois de doze anos. O gostinho da vit\u00f3ria na final do Pr\u00e9-Ol\u00edmpico contra a anfitri\u00e3 Let\u00f4nia, h\u00e1 pouco menos de tr\u00eas semanas, permanece na boca dos jogadores brasileiros, que chegam \u00e0 Fran\u00e7a sem press\u00e3o por resultados. O ala-armador Vitor Benite, um dos tr\u00eas atletas (junto com Marcelinho Huertas e Raulzinho) que t\u00eam participa\u00e7\u00e3o ol\u00edmpica no curr\u00edculo, oferece uma perspectiva diferente da simples presen\u00e7a do Brasil entre as 12\u00a0sele\u00e7\u00f5es.<\/p>\n<blockquote><p>&#8220;O torcedor brasileiro est\u00e1 muito acostumado a ganhar, mas pouco acostumado a curtir o esporte. No basquete, estar nas Olimp\u00edadas por si s\u00f3 j\u00e1 \u00e9 algo muito grande para o pa\u00eds. Basta olhar para a Europa: a It\u00e1lia, a Cro\u00e1cia e a Eslov\u00eania do Luka Doncic [astro do Dallas Mavericks, da NBA] ficaram de fora. \u00c9 l\u00f3gico que temos muita ambi\u00e7\u00e3o de ir bem, uma medalha seria um sonho mas ter chegado l\u00e1 mostra que o que vem sendo feito est\u00e1 funcionando. Quem apoia e quer ajudar no crescimento do basquete do Brasil tem que utilizar isso, independente do que acontecer daqui para frente&#8221;, diz o atleta de 34 anos.<\/p><\/blockquote>\n<h2>Sele\u00e7\u00e3o brasileira chega com energia renovada<\/h2>\n<p>Se apenas tr\u00eas atletas brasileiros t\u00eam experi\u00eancia em Olimp\u00edadas, nove v\u00e3o estrear. E pegaram um grande desafio logo na primeira vez. O Brasil est\u00e1 no grupo B. A Fran\u00e7a, dona da casa que tem a jovem estrela Victor Wembanyama no elenco, \u00e9 a advers\u00e1ria na estreia. Depois, a Alemanha. Por \u00faltimo, o Jap\u00e3o. Os dois mais bem colocados de cada chave avan\u00e7am \u00e0s quartas, assim como os dois melhores terceiros colocados no geral.<\/p>\n<blockquote><p>&#8220;Como vai ser a primeira para muitos aqui, todo mundo est\u00e1 ansioso. At\u00e9 por termos no nosso grupo o atual campe\u00e3o do mundo e a sele\u00e7\u00e3o da casa, toda aquela aten\u00e7\u00e3o com o Wembanyama. Mas jogar essas competi\u00e7\u00f5es super importantes \u00e9 realizar sonhos para mim e me faz crescer como jogador&#8221;, revela o armador Georginho.<\/p><\/blockquote>\n<p>No Pr\u00e9-Ol\u00edmpico da Let\u00f4nia, o t\u00e9cnico do Brasil, o croata Aleksandar Petrovic, que comandou a sele\u00e7\u00e3o de 2017 a 2021 e retornou em abril deste ano, encontrou algumas respostas sobre como montar a equipe. Ele est\u00e1 otimista.<\/p>\n<blockquote><p>&#8220;Esta sele\u00e7\u00e3o tem uma defesa ferrenha. Foi ela que nos salvou no Pr\u00e9-Ol\u00edmpico. Agora estamos encontrando um ritmo mais fluido no ataque. Penso que vamos praticar um \u00f3timo basquete na Olimp\u00edada. Temos no m\u00ednimo duas ou tr\u00eas op\u00e7\u00f5es de como jogar contra a Fran\u00e7a. Chegamos preparados e temos chances de ir \u00e0s quartas&#8221;, acredita o treinador.<\/p><\/blockquote>\n<p>Uma das respostas encontradas em Riga foi Bruno Caboclo. O atleta de 28 anos, que tem 2,06m de altura e 2,31m de envergadura, se encontrou como piv\u00f4 de uma forma\u00e7\u00e3o mais baixa e flex\u00edvel. Ele foi eleito o melhor jogador do torneio.<\/p>\n<blockquote><p>&#8220;Acho que posso dizer que estou na minha melhor fase. Uma vers\u00e3o diferente. Mais protagonista. Isso aconteceu porque antes exploravam mais o meu lado defensivo mas come\u00e7aram a ver tamb\u00e9m o meu potencial ofensivo e usar mais isso. Estou vindo de tr\u00eas anos muito bons e pretendo continuar neste ritmo&#8221;, exp\u00f5e Caboclo.<\/p><\/blockquote>\n<div class=\"dnd-widget-wrapper context-cheio_8colunas type-image\">\n<div class=\"dnd-atom-rendered\">\n<div class=\"shadow overflow-hidden rounded-lg d-block w-100\"><img decoding=\"async\" class=\"flex-fill img-cover lazyload\" title=\"Wander Roberto\/COB\/Direitos Reservados\" data-src=\"https:\/\/imagens.ebc.com.br\/_XAApfPbN3Rmh6R5rWHllqWSi5c=\/754x0\/smart\/https:\/\/agenciabrasil.ebc.com.br\/sites\/default\/files\/thumbnails\/image\/2024\/07\/26\/gui_santos_petrovic_didi_basquete_brasil_paris_2024.jpeg?itok=Wk-jFbhK\" alt=\"Gui Santos, Petrovic, Didi, sele\u00e7\u00e3o brasleira de basquete masculino - Paris 2024 - Brasil\" src=\"data:image\/svg+xml;base64,PHN2ZyB3aWR0aD0iMSIgaGVpZ2h0PSIxIiB4bWxucz0iaHR0cDovL3d3dy53My5vcmcvMjAwMC9zdmciPjwvc3ZnPg==\" \/><\/div>\n<\/div>\n<div class=\"dnd-caption-wrapper\">\n<div class=\"meta\">O t\u00e9cnico Petrovic conversa com o jogador\u00a0Gui Santos (esquerda) e Didi durante treino da sele\u00e7\u00e3o brasileira em Paris\u00a0<strong>Wander Roberto\/COB\/Direitos Reservados<\/strong><\/div>\n<\/div>\n<\/div>\n<p>No caminho at\u00e9 a vaga, tamb\u00e9m chamou a aten\u00e7\u00e3o como Petrovic rodou o elenco. Jogadores que come\u00e7aram com poucos minutos ou vindo do banco tiveram mais chances nos \u00faltimos jogos e vice-versa. A sensa\u00e7\u00e3o no grupo \u00e9 de que todos podem ser \u00fateis.<\/p>\n<blockquote><p>&#8220;Na sele\u00e7\u00e3o n\u00e3o \u00e9 s\u00f3 um jogador que vai dar show sempre. Se um estiver mal, outro vai compensar. Essa \u00e9 a nossa identidade, todos est\u00e3o aqui por todos. No Pr\u00e9-Ol\u00edmpico, eu estava sendo titular mas na final n\u00e3o comecei. Mas acabou sendo um dos jogos em que eu mais tive minutos. Independente de quem come\u00e7a ou termina a partida, o importante \u00e9 l\u00e1 em cima no placar estar o Brasil sempre na frente&#8221;, pontua\u00a0o ala Gui Santos.<\/p><\/blockquote>\n<p><em>*\u00a0Igor Santos \u00e9 comentarista de basquete no programa Stadium, da TV Brasil<\/em><\/p>\n<\/div>\n<p class=\"alt-font font-italic my-2 small text-info\">Edi\u00e7\u00e3o: Cl\u00e1udia Soares Rodrigues<\/p>\n","protected":false},"excerpt":{"rendered":"<p>Dada a partida em um dos torneios mais badalados entre as muitas atra\u00e7\u00f5es no card\u00e1pio esportivo dos Jogos Ol\u00edmpicos de Paris. A programa\u00e7\u00e3o do basquete masculino tem quatro jogos hoje, come\u00e7ando com o duelo entre Austr\u00e1lia e Espanha, \u00e0s 6h (hor\u00e1rio de Bras\u00edlia). O cronograma tamb\u00e9m reserva a estreia do Brasil, \u00e0s 12h15, diante da &hellip;<\/p>\n","protected":false},"author":1,"featured_media":3380,"comment_status":"closed","ping_status":"closed","sticky":false,"template":"","format":"standard","meta":{"footnotes":""},"categories":[31],"tags":[],"class_list":["post-3388","post","type-post","status-publish","format-standard","has-post-thumbnail","hentry","category-esportes"],"yoast_head":"<!-- This site is optimized with the Yoast SEO plugin v27.4 - https:\/\/yoast.com\/product\/yoast-seo-wordpress\/ -->\n<title>Basquete masculino na Olimp\u00edada tem Brasil de volta e show de craques - Transam\u00e9rica Mococa 93,3<\/title>\n<meta name=\"robots\" content=\"index, follow, max-snippet:-1, max-image-preview:large, max-video-preview:-1\" \/>\n<link rel=\"canonical\" href=\"https:\/\/transamerica93.com.br\/home\/basquete-masculino-na-olimpiada-tem-brasil-de-volta-e-show-de-craques\/\" \/>\n<meta property=\"og:locale\" content=\"pt_BR\" \/>\n<meta property=\"og:type\" content=\"article\" \/>\n<meta property=\"og:title\" content=\"Basquete masculino na Olimp\u00edada tem Brasil de volta e show de craques - Transam\u00e9rica Mococa 93,3\" \/>\n<meta property=\"og:description\" content=\"Dada a partida em um dos torneios mais badalados entre as muitas atra\u00e7\u00f5es no card\u00e1pio esportivo dos Jogos Ol\u00edmpicos de Paris. A programa\u00e7\u00e3o do basquete masculino tem quatro jogos hoje, come\u00e7ando com o duelo entre Austr\u00e1lia e Espanha, \u00e0s 6h (hor\u00e1rio de Bras\u00edlia). O cronograma tamb\u00e9m reserva a estreia do Brasil, \u00e0s 12h15, diante da &hellip;\" \/>\n<meta property=\"og:url\" content=\"https:\/\/transamerica93.com.br\/home\/basquete-masculino-na-olimpiada-tem-brasil-de-volta-e-show-de-craques\/\" \/>\n<meta property=\"og:site_name\" content=\"Transam\u00e9rica Mococa 93,3\" \/>\n<meta property=\"article:publisher\" content=\"https:\/\/www.facebook.com\/transamericamococa\" \/>\n<meta property=\"article:published_time\" content=\"2024-08-02T15:30:31+00:00\" \/>\n<meta property=\"og:image\" content=\"https:\/\/transamerica93.com.br\/home\/wp-content\/uploads\/2024\/07\/5.jpg\" \/>\n\t<meta property=\"og:image:width\" content=\"1170\" \/>\n\t<meta property=\"og:image:height\" content=\"700\" \/>\n\t<meta property=\"og:image:type\" content=\"image\/jpeg\" \/>\n<meta name=\"author\" content=\"Reda\u00e7\u00e3o\" \/>\n<meta name=\"twitter:card\" content=\"summary_large_image\" \/>\n<meta name=\"twitter:creator\" content=\"@transamerica933\" \/>\n<meta name=\"twitter:site\" content=\"@transamerica933\" \/>\n<meta name=\"twitter:label1\" content=\"Escrito por\" \/>\n\t<meta name=\"twitter:data1\" content=\"Reda\u00e7\u00e3o\" \/>\n\t<meta name=\"twitter:label2\" content=\"Est. tempo de leitura\" \/>\n\t<meta name=\"twitter:data2\" content=\"5 minutos\" \/>\n<script type=\"application\/ld+json\" class=\"yoast-schema-graph\">{\"@context\":\"https:\\\/\\\/schema.org\",\"@graph\":[{\"@type\":\"Article\",\"@id\":\"https:\\\/\\\/transamerica93.com.br\\\/home\\\/basquete-masculino-na-olimpiada-tem-brasil-de-volta-e-show-de-craques\\\/#article\",\"isPartOf\":{\"@id\":\"https:\\\/\\\/transamerica93.com.br\\\/home\\\/basquete-masculino-na-olimpiada-tem-brasil-de-volta-e-show-de-craques\\\/\"},\"author\":{\"name\":\"Reda\u00e7\u00e3o\",\"@id\":\"https:\\\/\\\/transamerica93.com.br\\\/home\\\/#\\\/schema\\\/person\\\/7fed7c99c0d4562efa8561bc0f543172\"},\"headline\":\"Basquete masculino na Olimp\u00edada tem Brasil de volta e show de craques\",\"datePublished\":\"2024-08-02T15:30:31+00:00\",\"mainEntityOfPage\":{\"@id\":\"https:\\\/\\\/transamerica93.com.br\\\/home\\\/basquete-masculino-na-olimpiada-tem-brasil-de-volta-e-show-de-craques\\\/\"},\"wordCount\":1185,\"publisher\":{\"@id\":\"https:\\\/\\\/transamerica93.com.br\\\/home\\\/#organization\"},\"image\":{\"@id\":\"https:\\\/\\\/transamerica93.com.br\\\/home\\\/basquete-masculino-na-olimpiada-tem-brasil-de-volta-e-show-de-craques\\\/#primaryimage\"},\"thumbnailUrl\":\"https:\\\/\\\/transamerica93.com.br\\\/home\\\/wp-content\\\/uploads\\\/2024\\\/07\\\/5.jpg\",\"articleSection\":[\"Esportes\"],\"inLanguage\":\"pt-BR\"},{\"@type\":\"WebPage\",\"@id\":\"https:\\\/\\\/transamerica93.com.br\\\/home\\\/basquete-masculino-na-olimpiada-tem-brasil-de-volta-e-show-de-craques\\\/\",\"url\":\"https:\\\/\\\/transamerica93.com.br\\\/home\\\/basquete-masculino-na-olimpiada-tem-brasil-de-volta-e-show-de-craques\\\/\",\"name\":\"Basquete masculino na Olimp\u00edada tem Brasil de volta e show de craques - Transam\u00e9rica Mococa 93,3\",\"isPartOf\":{\"@id\":\"https:\\\/\\\/transamerica93.com.br\\\/home\\\/#website\"},\"primaryImageOfPage\":{\"@id\":\"https:\\\/\\\/transamerica93.com.br\\\/home\\\/basquete-masculino-na-olimpiada-tem-brasil-de-volta-e-show-de-craques\\\/#primaryimage\"},\"image\":{\"@id\":\"https:\\\/\\\/transamerica93.com.br\\\/home\\\/basquete-masculino-na-olimpiada-tem-brasil-de-volta-e-show-de-craques\\\/#primaryimage\"},\"thumbnailUrl\":\"https:\\\/\\\/transamerica93.com.br\\\/home\\\/wp-content\\\/uploads\\\/2024\\\/07\\\/5.jpg\",\"datePublished\":\"2024-08-02T15:30:31+00:00\",\"breadcrumb\":{\"@id\":\"https:\\\/\\\/transamerica93.com.br\\\/home\\\/basquete-masculino-na-olimpiada-tem-brasil-de-volta-e-show-de-craques\\\/#breadcrumb\"},\"inLanguage\":\"pt-BR\",\"potentialAction\":[{\"@type\":\"ReadAction\",\"target\":[\"https:\\\/\\\/transamerica93.com.br\\\/home\\\/basquete-masculino-na-olimpiada-tem-brasil-de-volta-e-show-de-craques\\\/\"]}]},{\"@type\":\"ImageObject\",\"inLanguage\":\"pt-BR\",\"@id\":\"https:\\\/\\\/transamerica93.com.br\\\/home\\\/basquete-masculino-na-olimpiada-tem-brasil-de-volta-e-show-de-craques\\\/#primaryimage\",\"url\":\"https:\\\/\\\/transamerica93.com.br\\\/home\\\/wp-content\\\/uploads\\\/2024\\\/07\\\/5.jpg\",\"contentUrl\":\"https:\\\/\\\/transamerica93.com.br\\\/home\\\/wp-content\\\/uploads\\\/2024\\\/07\\\/5.jpg\",\"width\":1170,\"height\":700,\"caption\":\"\u00a9 Wander Roberto\\\/COB\\\/Direitos Reservados\"},{\"@type\":\"BreadcrumbList\",\"@id\":\"https:\\\/\\\/transamerica93.com.br\\\/home\\\/basquete-masculino-na-olimpiada-tem-brasil-de-volta-e-show-de-craques\\\/#breadcrumb\",\"itemListElement\":[{\"@type\":\"ListItem\",\"position\":1,\"name\":\"In\u00edcio\",\"item\":\"https:\\\/\\\/transamerica93.com.br\\\/home\\\/\"},{\"@type\":\"ListItem\",\"position\":2,\"name\":\"Basquete masculino na Olimp\u00edada tem Brasil de volta e show de craques\"}]},{\"@type\":\"WebSite\",\"@id\":\"https:\\\/\\\/transamerica93.com.br\\\/home\\\/#website\",\"url\":\"https:\\\/\\\/transamerica93.com.br\\\/home\\\/\",\"name\":\"Transam\u00e9rica Mococa 93,3\",\"description\":\"\",\"publisher\":{\"@id\":\"https:\\\/\\\/transamerica93.com.br\\\/home\\\/#organization\"},\"potentialAction\":[{\"@type\":\"SearchAction\",\"target\":{\"@type\":\"EntryPoint\",\"urlTemplate\":\"https:\\\/\\\/transamerica93.com.br\\\/home\\\/?s={search_term_string}\"},\"query-input\":{\"@type\":\"PropertyValueSpecification\",\"valueRequired\":true,\"valueName\":\"search_term_string\"}}],\"inLanguage\":\"pt-BR\"},{\"@type\":\"Organization\",\"@id\":\"https:\\\/\\\/transamerica93.com.br\\\/home\\\/#organization\",\"name\":\"Transam\u00e9rica Mococa 93,3\",\"url\":\"https:\\\/\\\/transamerica93.com.br\\\/home\\\/\",\"logo\":{\"@type\":\"ImageObject\",\"inLanguage\":\"pt-BR\",\"@id\":\"https:\\\/\\\/transamerica93.com.br\\\/home\\\/#\\\/schema\\\/logo\\\/image\\\/\",\"url\":\"https:\\\/\\\/transamerica93.com.br\\\/home\\\/wp-content\\\/uploads\\\/2023\\\/10\\\/logo2.png\",\"contentUrl\":\"https:\\\/\\\/transamerica93.com.br\\\/home\\\/wp-content\\\/uploads\\\/2023\\\/10\\\/logo2.png\",\"width\":800,\"height\":500,\"caption\":\"Transam\u00e9rica Mococa 93,3\"},\"image\":{\"@id\":\"https:\\\/\\\/transamerica93.com.br\\\/home\\\/#\\\/schema\\\/logo\\\/image\\\/\"},\"sameAs\":[\"https:\\\/\\\/www.facebook.com\\\/transamericamococa\",\"https:\\\/\\\/x.com\\\/transamerica933\",\"https:\\\/\\\/www.instagram.com\\\/transamericamococa\"]},{\"@type\":\"Person\",\"@id\":\"https:\\\/\\\/transamerica93.com.br\\\/home\\\/#\\\/schema\\\/person\\\/7fed7c99c0d4562efa8561bc0f543172\",\"name\":\"Reda\u00e7\u00e3o\",\"image\":{\"@type\":\"ImageObject\",\"inLanguage\":\"pt-BR\",\"@id\":\"https:\\\/\\\/secure.gravatar.com\\\/avatar\\\/1072c6b775fb02ef8506ce967551d95926669a6b7d2c2147b42eea4d7c68395e?s=96&d=mm&r=g\",\"url\":\"https:\\\/\\\/secure.gravatar.com\\\/avatar\\\/1072c6b775fb02ef8506ce967551d95926669a6b7d2c2147b42eea4d7c68395e?s=96&d=mm&r=g\",\"contentUrl\":\"https:\\\/\\\/secure.gravatar.com\\\/avatar\\\/1072c6b775fb02ef8506ce967551d95926669a6b7d2c2147b42eea4d7c68395e?s=96&d=mm&r=g\",\"caption\":\"Reda\u00e7\u00e3o\"},\"sameAs\":[\"https:\\\/\\\/transamerica93.com.br\\\/home\"],\"url\":\"https:\\\/\\\/transamerica93.com.br\\\/home\\\/author\\\/william\\\/\"}]}<\/script>\n<!-- \/ Yoast SEO plugin. -->","yoast_head_json":{"title":"Basquete masculino na Olimp\u00edada tem Brasil de volta e show de craques - Transam\u00e9rica Mococa 93,3","robots":{"index":"index","follow":"follow","max-snippet":"max-snippet:-1","max-image-preview":"max-image-preview:large","max-video-preview":"max-video-preview:-1"},"canonical":"https:\/\/transamerica93.com.br\/home\/basquete-masculino-na-olimpiada-tem-brasil-de-volta-e-show-de-craques\/","og_locale":"pt_BR","og_type":"article","og_title":"Basquete masculino na Olimp\u00edada tem Brasil de volta e show de craques - Transam\u00e9rica Mococa 93,3","og_description":"Dada a partida em um dos torneios mais badalados entre as muitas atra\u00e7\u00f5es no card\u00e1pio esportivo dos Jogos Ol\u00edmpicos de Paris. A programa\u00e7\u00e3o do basquete masculino tem quatro jogos hoje, come\u00e7ando com o duelo entre Austr\u00e1lia e Espanha, \u00e0s 6h (hor\u00e1rio de Bras\u00edlia). O cronograma tamb\u00e9m reserva a estreia do Brasil, \u00e0s 12h15, diante da &hellip;","og_url":"https:\/\/transamerica93.com.br\/home\/basquete-masculino-na-olimpiada-tem-brasil-de-volta-e-show-de-craques\/","og_site_name":"Transam\u00e9rica Mococa 93,3","article_publisher":"https:\/\/www.facebook.com\/transamericamococa","article_published_time":"2024-08-02T15:30:31+00:00","og_image":[{"width":1170,"height":700,"url":"https:\/\/transamerica93.com.br\/home\/wp-content\/uploads\/2024\/07\/5.jpg","type":"image\/jpeg"}],"author":"Reda\u00e7\u00e3o","twitter_card":"summary_large_image","twitter_creator":"@transamerica933","twitter_site":"@transamerica933","twitter_misc":{"Escrito por":"Reda\u00e7\u00e3o","Est. tempo de leitura":"5 minutos"},"schema":{"@context":"https:\/\/schema.org","@graph":[{"@type":"Article","@id":"https:\/\/transamerica93.com.br\/home\/basquete-masculino-na-olimpiada-tem-brasil-de-volta-e-show-de-craques\/#article","isPartOf":{"@id":"https:\/\/transamerica93.com.br\/home\/basquete-masculino-na-olimpiada-tem-brasil-de-volta-e-show-de-craques\/"},"author":{"name":"Reda\u00e7\u00e3o","@id":"https:\/\/transamerica93.com.br\/home\/#\/schema\/person\/7fed7c99c0d4562efa8561bc0f543172"},"headline":"Basquete masculino na Olimp\u00edada tem Brasil de volta e show de craques","datePublished":"2024-08-02T15:30:31+00:00","mainEntityOfPage":{"@id":"https:\/\/transamerica93.com.br\/home\/basquete-masculino-na-olimpiada-tem-brasil-de-volta-e-show-de-craques\/"},"wordCount":1185,"publisher":{"@id":"https:\/\/transamerica93.com.br\/home\/#organization"},"image":{"@id":"https:\/\/transamerica93.com.br\/home\/basquete-masculino-na-olimpiada-tem-brasil-de-volta-e-show-de-craques\/#primaryimage"},"thumbnailUrl":"https:\/\/transamerica93.com.br\/home\/wp-content\/uploads\/2024\/07\/5.jpg","articleSection":["Esportes"],"inLanguage":"pt-BR"},{"@type":"WebPage","@id":"https:\/\/transamerica93.com.br\/home\/basquete-masculino-na-olimpiada-tem-brasil-de-volta-e-show-de-craques\/","url":"https:\/\/transamerica93.com.br\/home\/basquete-masculino-na-olimpiada-tem-brasil-de-volta-e-show-de-craques\/","name":"Basquete masculino na Olimp\u00edada tem Brasil de volta e show de craques - Transam\u00e9rica Mococa 93,3","isPartOf":{"@id":"https:\/\/transamerica93.com.br\/home\/#website"},"primaryImageOfPage":{"@id":"https:\/\/transamerica93.com.br\/home\/basquete-masculino-na-olimpiada-tem-brasil-de-volta-e-show-de-craques\/#primaryimage"},"image":{"@id":"https:\/\/transamerica93.com.br\/home\/basquete-masculino-na-olimpiada-tem-brasil-de-volta-e-show-de-craques\/#primaryimage"},"thumbnailUrl":"https:\/\/transamerica93.com.br\/home\/wp-content\/uploads\/2024\/07\/5.jpg","datePublished":"2024-08-02T15:30:31+00:00","breadcrumb":{"@id":"https:\/\/transamerica93.com.br\/home\/basquete-masculino-na-olimpiada-tem-brasil-de-volta-e-show-de-craques\/#breadcrumb"},"inLanguage":"pt-BR","potentialAction":[{"@type":"ReadAction","target":["https:\/\/transamerica93.com.br\/home\/basquete-masculino-na-olimpiada-tem-brasil-de-volta-e-show-de-craques\/"]}]},{"@type":"ImageObject","inLanguage":"pt-BR","@id":"https:\/\/transamerica93.com.br\/home\/basquete-masculino-na-olimpiada-tem-brasil-de-volta-e-show-de-craques\/#primaryimage","url":"https:\/\/transamerica93.com.br\/home\/wp-content\/uploads\/2024\/07\/5.jpg","contentUrl":"https:\/\/transamerica93.com.br\/home\/wp-content\/uploads\/2024\/07\/5.jpg","width":1170,"height":700,"caption":"\u00a9 Wander Roberto\/COB\/Direitos Reservados"},{"@type":"BreadcrumbList","@id":"https:\/\/transamerica93.com.br\/home\/basquete-masculino-na-olimpiada-tem-brasil-de-volta-e-show-de-craques\/#breadcrumb","itemListElement":[{"@type":"ListItem","position":1,"name":"In\u00edcio","item":"https:\/\/transamerica93.com.br\/home\/"},{"@type":"ListItem","position":2,"name":"Basquete masculino na Olimp\u00edada tem Brasil de volta e show de craques"}]},{"@type":"WebSite","@id":"https:\/\/transamerica93.com.br\/home\/#website","url":"https:\/\/transamerica93.com.br\/home\/","name":"Transam\u00e9rica Mococa 93,3","description":"","publisher":{"@id":"https:\/\/transamerica93.com.br\/home\/#organization"},"potentialAction":[{"@type":"SearchAction","target":{"@type":"EntryPoint","urlTemplate":"https:\/\/transamerica93.com.br\/home\/?s={search_term_string}"},"query-input":{"@type":"PropertyValueSpecification","valueRequired":true,"valueName":"search_term_string"}}],"inLanguage":"pt-BR"},{"@type":"Organization","@id":"https:\/\/transamerica93.com.br\/home\/#organization","name":"Transam\u00e9rica Mococa 93,3","url":"https:\/\/transamerica93.com.br\/home\/","logo":{"@type":"ImageObject","inLanguage":"pt-BR","@id":"https:\/\/transamerica93.com.br\/home\/#\/schema\/logo\/image\/","url":"https:\/\/transamerica93.com.br\/home\/wp-content\/uploads\/2023\/10\/logo2.png","contentUrl":"https:\/\/transamerica93.com.br\/home\/wp-content\/uploads\/2023\/10\/logo2.png","width":800,"height":500,"caption":"Transam\u00e9rica Mococa 93,3"},"image":{"@id":"https:\/\/transamerica93.com.br\/home\/#\/schema\/logo\/image\/"},"sameAs":["https:\/\/www.facebook.com\/transamericamococa","https:\/\/x.com\/transamerica933","https:\/\/www.instagram.com\/transamericamococa"]},{"@type":"Person","@id":"https:\/\/transamerica93.com.br\/home\/#\/schema\/person\/7fed7c99c0d4562efa8561bc0f543172","name":"Reda\u00e7\u00e3o","image":{"@type":"ImageObject","inLanguage":"pt-BR","@id":"https:\/\/secure.gravatar.com\/avatar\/1072c6b775fb02ef8506ce967551d95926669a6b7d2c2147b42eea4d7c68395e?s=96&d=mm&r=g","url":"https:\/\/secure.gravatar.com\/avatar\/1072c6b775fb02ef8506ce967551d95926669a6b7d2c2147b42eea4d7c68395e?s=96&d=mm&r=g","contentUrl":"https:\/\/secure.gravatar.com\/avatar\/1072c6b775fb02ef8506ce967551d95926669a6b7d2c2147b42eea4d7c68395e?s=96&d=mm&r=g","caption":"Reda\u00e7\u00e3o"},"sameAs":["https:\/\/transamerica93.com.br\/home"],"url":"https:\/\/transamerica93.com.br\/home\/author\/william\/"}]}},"_links":{"self":[{"href":"https:\/\/transamerica93.com.br\/home\/wp-json\/wp\/v2\/posts\/3388","targetHints":{"allow":["GET"]}}],"collection":[{"href":"https:\/\/transamerica93.com.br\/home\/wp-json\/wp\/v2\/posts"}],"about":[{"href":"https:\/\/transamerica93.com.br\/home\/wp-json\/wp\/v2\/types\/post"}],"author":[{"embeddable":true,"href":"https:\/\/transamerica93.com.br\/home\/wp-json\/wp\/v2\/users\/1"}],"replies":[{"embeddable":true,"href":"https:\/\/transamerica93.com.br\/home\/wp-json\/wp\/v2\/comments?post=3388"}],"version-history":[{"count":1,"href":"https:\/\/transamerica93.com.br\/home\/wp-json\/wp\/v2\/posts\/3388\/revisions"}],"predecessor-version":[{"id":3389,"href":"https:\/\/transamerica93.com.br\/home\/wp-json\/wp\/v2\/posts\/3388\/revisions\/3389"}],"wp:featuredmedia":[{"embeddable":true,"href":"https:\/\/transamerica93.com.br\/home\/wp-json\/wp\/v2\/media\/3380"}],"wp:attachment":[{"href":"https:\/\/transamerica93.com.br\/home\/wp-json\/wp\/v2\/media?parent=3388"}],"wp:term":[{"taxonomy":"category","embeddable":true,"href":"https:\/\/transamerica93.com.br\/home\/wp-json\/wp\/v2\/categories?post=3388"},{"taxonomy":"post_tag","embeddable":true,"href":"https:\/\/transamerica93.com.br\/home\/wp-json\/wp\/v2\/tags?post=3388"}],"curies":[{"name":"wp","href":"https:\/\/api.w.org\/{rel}","templated":true}]}}