{"id":3397,"date":"2024-07-30T09:00:58","date_gmt":"2024-07-30T12:00:58","guid":{"rendered":"https:\/\/transamerica93.com.br\/home\/?p=3397"},"modified":"2024-07-28T19:46:46","modified_gmt":"2024-07-28T22:46:46","slug":"geral-lei-que-preserva-producao-intelectual-brasileira-faz-20-anos","status":"publish","type":"post","link":"https:\/\/transamerica93.com.br\/home\/geral-lei-que-preserva-producao-intelectual-brasileira-faz-20-anos\/","title":{"rendered":"Geral Lei que preserva produ\u00e7\u00e3o intelectual brasileira faz 20 anos"},"content":{"rendered":"<div class=\"post-item-wrap\">\n<p>H\u00e1 20 anos, toda obra publicada no Brasil precisa ter pelo menos uma c\u00f3pia enviada para a Funda\u00e7\u00e3o Biblioteca Nacional (FBN), a mais antiga institui\u00e7\u00e3o cultural do pa\u00eds. Promulgada em 2004, durante a gest\u00e3o do cantor e compositor Gilberto Gil como ministro da Cultura, a\u00a0<a href=\"https:\/\/www.planalto.gov.br\/ccivil_03\/_ato2004-2006\/2004\/lei\/l10994.htm\" target=\"_blank\" rel=\"noopener\">Lei 10.994<\/a>\u00a0\u201cregulamenta o dep\u00f3sito legal de publica\u00e7\u00f5es, na Biblioteca Nacional, objetivando assegurar o registro e a guarda da produ\u00e7\u00e3o intelectual nacional, al\u00e9m de possibilitar o controle, a elabora\u00e7\u00e3o e a divulga\u00e7\u00e3o da bibliografia brasileira corrente, bem como a defesa e a preserva\u00e7\u00e3o da l\u00edngua e cultura nacionais\u201d.<img decoding=\"async\" data-src=\"https:\/\/agenciabrasil.ebc.com.br\/ebc.png?id=1605549&amp;o=node\" src=\"data:image\/svg+xml;base64,PHN2ZyB3aWR0aD0iMSIgaGVpZ2h0PSIxIiB4bWxucz0iaHR0cDovL3d3dy53My5vcmcvMjAwMC9zdmciPjwvc3ZnPg==\" class=\"lazyload\" \/><img decoding=\"async\" data-src=\"https:\/\/agenciabrasil.ebc.com.br\/ebc.gif?id=1605549&amp;o=node\" src=\"data:image\/svg+xml;base64,PHN2ZyB3aWR0aD0iMSIgaGVpZ2h0PSIxIiB4bWxucz0iaHR0cDovL3d3dy53My5vcmcvMjAwMC9zdmciPjwvc3ZnPg==\" class=\"lazyload\" \/><\/p>\n<p>\u201cUm pa\u00eds sem mem\u00f3ria n\u00e3o \u00e9 um pa\u00eds\u201d, destaca a coordenadora-geral do Centro de Processamento e Preserva\u00e7\u00e3o da FBN, respons\u00e1vel pela capta\u00e7\u00e3o das obras enviadas por meio do Dep\u00f3sito Legal, Gabriela Ayres. \u201cA Biblioteca Nacional n\u00e3o resguarda apenas a hist\u00f3ria do Brasil, mas a hist\u00f3ria da constru\u00e7\u00e3o do Brasil\u201d.<\/p>\n<p>Com o Dep\u00f3sito Legal, o espa\u00e7o recebe, em m\u00e9dia, 80 mil publica\u00e7\u00f5es por ano. Algumas \u00e1reas de conhecimento captam mais obras do que outras, assim como tamb\u00e9m h\u00e1 uma diferen\u00e7a na quantidade de livros enviados pelas regi\u00f5es, sobretudo Norte e Nordeste. \u201cH\u00e1 uma car\u00eancia por conta da log\u00edstica e do custo do envio, mas tentamos sempre abarcar as grandes \u00e1reas e interagir com os editores e autores, promovendo educa\u00e7\u00e3o patrimonial sobre a import\u00e2ncia de enviar essas publica\u00e7\u00f5es para a Biblioteca Nacional\u201d, explica Ayres.<\/p>\n<p>Segundo os\u00a0<a href=\"https:\/\/www.gov.br\/bn\/pt-br\/acesso-a-informacao-2\/auditorias\/relatorios-de-gestao\" target=\"_blank\" rel=\"noopener\">Relat\u00f3rios de Gest\u00e3o<\/a>\u00a0dispon\u00edveis no site da institui\u00e7\u00e3o, em 2023 a funda\u00e7\u00e3o recebeu 59.054 obras por meio do Dep\u00f3sito Legal. Nos \u00faltimos dez anos, as menores capta\u00e7\u00f5es foram em 2020 (35.772) e 2021 (17.671), em raz\u00e3o da pandemia da covid-19.<\/p>\n<p>Quanto aos tipos de livros, o professor do Departamento de Ci\u00eancia da Informa\u00e7\u00e3o da Universidade Federal Fluminense (UFF) e autor do livro\u00a0<em>A Biblioteca e a Na\u00e7\u00e3o: Entre cat\u00e1logos, exposi\u00e7\u00f5es, documentos e mem\u00f3ria<\/em>\u00a0(2024), Carlos Henrique Juv\u00eancio, esclarece que s\u00e3o todos aqueles editados no pa\u00eds, incluindo tradu\u00e7\u00f5es de produ\u00e7\u00f5es estrangeiras e documentos oficiais, se reunidos em livros.<\/p>\n<div class=\"dnd-widget-wrapper context-cheio_8colunas type-image\">\n<div class=\"dnd-atom-rendered\">\n<div class=\"shadow overflow-hidden rounded-lg d-block w-100\"><img decoding=\"async\" class=\"flex-fill img-cover lazyload\" title=\"Arte\/Ag\u00eancia Brasil\" data-src=\"https:\/\/imagens.ebc.com.br\/xJ7QCw6Xs43dZiTj-rGxYLNTljM=\/754x0\/smart\/https:\/\/agenciabrasil.ebc.com.br\/sites\/default\/files\/thumbnails\/image\/2024\/07\/26\/captacao_livros_grafico.jpg?itok=VJc08RKI\" alt=\"Bras\u00edlia (DF), 26.07.2024 - Arte de gr\u00e1fico para a mat\u00e9ria sobre de capta\u00e7\u00e3o de livros. Arte\/Ag\u00eancia Brasil\" src=\"data:image\/svg+xml;base64,PHN2ZyB3aWR0aD0iMSIgaGVpZ2h0PSIxIiB4bWxucz0iaHR0cDovL3d3dy53My5vcmcvMjAwMC9zdmciPjwvc3ZnPg==\" \/><\/div>\n<\/div>\n<div class=\"dnd-caption-wrapper\">\n<h6 class=\"meta\"><strong>Arte\/Ag\u00eancia Brasil<\/strong><\/h6>\n<p>&nbsp;<\/p>\n<\/div>\n<\/div>\n<p>\u201cMesmo se o autor for estrangeiro, teve um tradutor que, no m\u00ednimo, fala nossa l\u00edngua\u201d, pontua. \u201cNesses casos, pode n\u00e3o haver uma produ\u00e7\u00e3o intelectual no sentido de ser uma obra brasileira, mas a produ\u00e7\u00e3o editorial \u00e9, assim como o cuidado do tradutor e a l\u00edngua. O Dep\u00f3sito Legal mostra as transforma\u00e7\u00f5es na nossa l\u00edngua a partir da produ\u00e7\u00e3o escrita, ent\u00e3o as tradu\u00e7\u00f5es tamb\u00e9m s\u00e3o alvo da legisla\u00e7\u00e3o\u201d, acrescenta.<\/p>\n<p>Entretanto, o pesquisador ressalta que a Lei 10.994 ainda \u00e9 omissa em rela\u00e7\u00e3o \u00e0s publica\u00e7\u00f5es feitas no ambiente virtual. \u201cTem uma brecha que diz \u2018toda obra impressa ou em outros meios\u2019, mas ainda n\u00e3o est\u00e1 regulamentado muito bem como deve ser feito o envio de obras digitais e como v\u00e3o ser disponibilizadas ao p\u00fablico\u201d.<\/p>\n<p>Segundo a coordenadora-geral, as publica\u00e7\u00f5es digitais, como os e-books (livros eletr\u00f4nicos), s\u00e3o geralmente enviados \u00e0 FBN armazenados em CD, mas essa quest\u00e3o continua a ser um dos principais desafios enfrentados pelo Centro de Processamento e Preserva\u00e7\u00e3o.<\/p>\n<p>\u201cAs publica\u00e7\u00f5es de peri\u00f3dicos cient\u00edficos, por exemplo, sa\u00edram totalmente do modelo impresso, de uma revista, para um modelo de website\u201d, observa. Nesse sentido, em 2020, foi publicada a\u00a0<a href=\"https:\/\/bndigital.bn.gov.br\/wp-content\/uploads\/2021\/01\/politica_de_preservacao_digital_FBN_web.pdf\" target=\"_blank\" rel=\"noopener\">Pol\u00edtica de Preserva\u00e7\u00e3o Digital da Biblioteca Nacional (PPDBN)<\/a>, com princ\u00edpios para a conserva\u00e7\u00e3o, gerenciamento e difus\u00e3o do acervo digital que integra a\u00a0<a href=\"https:\/\/bndigital.bn.gov.br\/\" target=\"_blank\" rel=\"noopener\">BNDigital<\/a>, criada em 2006.<\/p>\n<p>Al\u00e9m de zelar pelo patrim\u00f4nio cultural, liter\u00e1rio e musical do pa\u00eds, o Dep\u00f3sito Legal tamb\u00e9m tem rela\u00e7\u00e3o com outra norma brasileira, a\u00a0<a href=\"https:\/\/www.planalto.gov.br\/ccivil_03\/leis\/l9610.htm\" target=\"_blank\" rel=\"noopener\">Lei 9.610<\/a>, que regulamenta os direitos autorais no territ\u00f3rio nacional. A Lei do Direito Autoral estabelece que quando uma obra entra em Dom\u00ednio P\u00fablico, ou seja, pode ser usada independentemente de autoriza\u00e7\u00e3o da fam\u00edlia ou de herdeiros, ap\u00f3s 70 anos da morte do autor, o Estado passa a ser respons\u00e1vel por zelar pela integridade dela.<\/p>\n<p>\u201cAnalisando esse trecho da lei, que diz que o Estado se torna respons\u00e1vel pela integridade da obra, isso j\u00e1 remete ao Dep\u00f3sito Legal\u201d, diz Juv\u00eancio.<\/p>\n<p>Na avalia\u00e7\u00e3o do professor, com as duas d\u00e9cadas do Dep\u00f3sito Legal, um assunto que necessita ser debatido \u00e9 o cumprimento da legisla\u00e7\u00e3o. \u201cTemos editoras muito s\u00e9rias, que cumprem efetivamente com a norma, mas boa parte delas n\u00e3o\u201d, alerta. Como exemplo, cita o envio de jornais, com os quais trabalhou at\u00e9 2010 na Biblioteca Nacional. Segundo ele, a FBN recebia de todo o Brasil em torno de 124 t\u00edtulos, uma produ\u00e7\u00e3o escassa para a extens\u00e3o territorial do pa\u00eds.<\/p>\n<p>\u201cExistem v\u00e1rias raz\u00f5es. O tamanho do nosso pa\u00eds e a dificuldade de envio explicam em parte, mas a lei de fato n\u00e3o \u00e9 cumprida. Se ela fosse, a Biblioteca Nacional, que j\u00e1 sofre com falta de espa\u00e7o, n\u00e3o teria lugar para mais nada\u201d, afirma.<\/p>\n<h2>Lei imperial<\/h2>\n<p>Juv\u00eancio explica que a Lei do Dep\u00f3sito Legal tem origem em uma outra legisla\u00e7\u00e3o, do in\u00edcio do s\u00e9culo 19. Em 1824, uma ordem do ent\u00e3o imperador Pedro I exigia que todos os impressores da Corte, na cidade do Rio de Janeiro, deveriam submeter \u00e0 Biblioteca Imperial e P\u00fablica da Corte, hoje a Biblioteca Nacional, um exemplar de todas as obras produzidas. A legisla\u00e7\u00e3o s\u00f3 seria revista 83 anos depois, quando o\u00a0<a href=\"https:\/\/www2.camara.leg.br\/legin\/fed\/decret\/1900-1909\/decreto-1825-20-dezembro-1907-582573-publicacaooriginal-105367-pl.html\" target=\"_blank\" rel=\"noopener\">Decreto 1.825, de 20 de dezembro de 1907<\/a>\u00a0determinou que \u201cos administradores de officinas de typographia, lithographia, photographia ou gravura, situadas no Districto Federal e nos Estados, s\u00e3o obrigados a remeter \u00e0 Bibliotheca Nacional do Rio de Janeiro um exemplar de cada obra que executarem\u201d.<\/p>\n<p>Passados quase 100 anos, o decreto de 1907 foi substitu\u00eddo pela Lei do Dep\u00f3sito Legal e pela\u00a0<a href=\"http:\/\/www.planalto.gov.br\/ccivil_03\/_ato2007-2010\/2010\/lei\/l12192.htm\" target=\"_blank\" rel=\"noopener\">Lei 12.192\/2010<\/a>, que \u201cregulamenta o dep\u00f3sito legal de obras musicais na Biblioteca Nacional, com o intuito de assegurar o registro, a guarda e a divulga\u00e7\u00e3o da produ\u00e7\u00e3o musical brasileira, bem como a preserva\u00e7\u00e3o da mem\u00f3ria fonogr\u00e1fica nacional\u201d.<\/p>\n<p>\u201cA ideia \u00e9 que a Biblioteca Nacional tenha todas as obras editadas e divulgadas no pa\u00eds desde a institui\u00e7\u00e3o do Dep\u00f3sito Legal no s\u00e9culo 19 para que ela seja uma fonte de mem\u00f3ria e complete o que se chama de Cole\u00e7\u00e3o Mem\u00f3ria Nacional, formada por um conjunto de institui\u00e7\u00f5es, como o Arquivo Nacional e o Museu Nacional\u201d, define o professor.<\/p>\n<p><em>* Estagi\u00e1ria sob supervis\u00e3o de Vin\u00edcius Lisboa<\/em><\/p>\n<\/div>\n<p class=\"alt-font font-italic my-2 small text-info\">Edi\u00e7\u00e3o: Fernando Fraga<\/p>\n","protected":false},"excerpt":{"rendered":"<p>H\u00e1 20 anos, toda obra publicada no Brasil precisa ter pelo menos uma c\u00f3pia enviada para a Funda\u00e7\u00e3o Biblioteca Nacional (FBN), a mais antiga institui\u00e7\u00e3o cultural do pa\u00eds. Promulgada em 2004, durante a gest\u00e3o do cantor e compositor Gilberto Gil como ministro da Cultura, a\u00a0Lei 10.994\u00a0\u201cregulamenta o dep\u00f3sito legal de publica\u00e7\u00f5es, na Biblioteca Nacional, objetivando &hellip;<\/p>\n","protected":false},"author":1,"featured_media":3391,"comment_status":"closed","ping_status":"closed","sticky":false,"template":"","format":"standard","meta":{"footnotes":""},"categories":[30],"tags":[],"class_list":["post-3397","post","type-post","status-publish","format-standard","has-post-thumbnail","hentry","category-geral"],"yoast_head":"<!-- This site is optimized with the Yoast SEO plugin v27.4 - https:\/\/yoast.com\/product\/yoast-seo-wordpress\/ -->\n<title>Geral Lei que preserva produ\u00e7\u00e3o intelectual brasileira faz 20 anos - Transam\u00e9rica Mococa 93,3<\/title>\n<meta name=\"robots\" content=\"index, follow, max-snippet:-1, max-image-preview:large, max-video-preview:-1\" \/>\n<link rel=\"canonical\" href=\"https:\/\/transamerica93.com.br\/home\/geral-lei-que-preserva-producao-intelectual-brasileira-faz-20-anos\/\" \/>\n<meta property=\"og:locale\" content=\"pt_BR\" \/>\n<meta property=\"og:type\" content=\"article\" \/>\n<meta property=\"og:title\" content=\"Geral Lei que preserva produ\u00e7\u00e3o intelectual brasileira faz 20 anos - Transam\u00e9rica Mococa 93,3\" \/>\n<meta property=\"og:description\" content=\"H\u00e1 20 anos, toda obra publicada no Brasil precisa ter pelo menos uma c\u00f3pia enviada para a Funda\u00e7\u00e3o Biblioteca Nacional (FBN), a mais antiga institui\u00e7\u00e3o cultural do pa\u00eds. Promulgada em 2004, durante a gest\u00e3o do cantor e compositor Gilberto Gil como ministro da Cultura, a\u00a0Lei 10.994\u00a0\u201cregulamenta o dep\u00f3sito legal de publica\u00e7\u00f5es, na Biblioteca Nacional, objetivando &hellip;\" \/>\n<meta property=\"og:url\" content=\"https:\/\/transamerica93.com.br\/home\/geral-lei-que-preserva-producao-intelectual-brasileira-faz-20-anos\/\" \/>\n<meta property=\"og:site_name\" content=\"Transam\u00e9rica Mococa 93,3\" \/>\n<meta property=\"article:publisher\" content=\"https:\/\/www.facebook.com\/transamericamococa\" \/>\n<meta property=\"article:published_time\" content=\"2024-07-30T12:00:58+00:00\" \/>\n<meta property=\"og:image\" content=\"https:\/\/transamerica93.com.br\/home\/wp-content\/uploads\/2024\/07\/1-1.jpg\" \/>\n\t<meta property=\"og:image:width\" content=\"1170\" \/>\n\t<meta property=\"og:image:height\" content=\"700\" \/>\n\t<meta property=\"og:image:type\" content=\"image\/jpeg\" \/>\n<meta name=\"author\" content=\"Reda\u00e7\u00e3o\" \/>\n<meta name=\"twitter:card\" content=\"summary_large_image\" \/>\n<meta name=\"twitter:creator\" content=\"@transamerica933\" \/>\n<meta name=\"twitter:site\" content=\"@transamerica933\" \/>\n<meta name=\"twitter:label1\" content=\"Escrito por\" \/>\n\t<meta name=\"twitter:data1\" content=\"Reda\u00e7\u00e3o\" \/>\n\t<meta name=\"twitter:label2\" content=\"Est. tempo de leitura\" \/>\n\t<meta name=\"twitter:data2\" content=\"7 minutos\" \/>\n<script type=\"application\/ld+json\" class=\"yoast-schema-graph\">{\"@context\":\"https:\\\/\\\/schema.org\",\"@graph\":[{\"@type\":\"Article\",\"@id\":\"https:\\\/\\\/transamerica93.com.br\\\/home\\\/geral-lei-que-preserva-producao-intelectual-brasileira-faz-20-anos\\\/#article\",\"isPartOf\":{\"@id\":\"https:\\\/\\\/transamerica93.com.br\\\/home\\\/geral-lei-que-preserva-producao-intelectual-brasileira-faz-20-anos\\\/\"},\"author\":{\"name\":\"Reda\u00e7\u00e3o\",\"@id\":\"https:\\\/\\\/transamerica93.com.br\\\/home\\\/#\\\/schema\\\/person\\\/7fed7c99c0d4562efa8561bc0f543172\"},\"headline\":\"Geral Lei que preserva produ\u00e7\u00e3o intelectual brasileira faz 20 anos\",\"datePublished\":\"2024-07-30T12:00:58+00:00\",\"mainEntityOfPage\":{\"@id\":\"https:\\\/\\\/transamerica93.com.br\\\/home\\\/geral-lei-que-preserva-producao-intelectual-brasileira-faz-20-anos\\\/\"},\"wordCount\":1130,\"publisher\":{\"@id\":\"https:\\\/\\\/transamerica93.com.br\\\/home\\\/#organization\"},\"image\":{\"@id\":\"https:\\\/\\\/transamerica93.com.br\\\/home\\\/geral-lei-que-preserva-producao-intelectual-brasileira-faz-20-anos\\\/#primaryimage\"},\"thumbnailUrl\":\"https:\\\/\\\/transamerica93.com.br\\\/home\\\/wp-content\\\/uploads\\\/2024\\\/07\\\/1-1.jpg\",\"articleSection\":[\"Geral\"],\"inLanguage\":\"pt-BR\"},{\"@type\":\"WebPage\",\"@id\":\"https:\\\/\\\/transamerica93.com.br\\\/home\\\/geral-lei-que-preserva-producao-intelectual-brasileira-faz-20-anos\\\/\",\"url\":\"https:\\\/\\\/transamerica93.com.br\\\/home\\\/geral-lei-que-preserva-producao-intelectual-brasileira-faz-20-anos\\\/\",\"name\":\"Geral Lei que preserva produ\u00e7\u00e3o intelectual brasileira faz 20 anos - Transam\u00e9rica Mococa 93,3\",\"isPartOf\":{\"@id\":\"https:\\\/\\\/transamerica93.com.br\\\/home\\\/#website\"},\"primaryImageOfPage\":{\"@id\":\"https:\\\/\\\/transamerica93.com.br\\\/home\\\/geral-lei-que-preserva-producao-intelectual-brasileira-faz-20-anos\\\/#primaryimage\"},\"image\":{\"@id\":\"https:\\\/\\\/transamerica93.com.br\\\/home\\\/geral-lei-que-preserva-producao-intelectual-brasileira-faz-20-anos\\\/#primaryimage\"},\"thumbnailUrl\":\"https:\\\/\\\/transamerica93.com.br\\\/home\\\/wp-content\\\/uploads\\\/2024\\\/07\\\/1-1.jpg\",\"datePublished\":\"2024-07-30T12:00:58+00:00\",\"breadcrumb\":{\"@id\":\"https:\\\/\\\/transamerica93.com.br\\\/home\\\/geral-lei-que-preserva-producao-intelectual-brasileira-faz-20-anos\\\/#breadcrumb\"},\"inLanguage\":\"pt-BR\",\"potentialAction\":[{\"@type\":\"ReadAction\",\"target\":[\"https:\\\/\\\/transamerica93.com.br\\\/home\\\/geral-lei-que-preserva-producao-intelectual-brasileira-faz-20-anos\\\/\"]}]},{\"@type\":\"ImageObject\",\"inLanguage\":\"pt-BR\",\"@id\":\"https:\\\/\\\/transamerica93.com.br\\\/home\\\/geral-lei-que-preserva-producao-intelectual-brasileira-faz-20-anos\\\/#primaryimage\",\"url\":\"https:\\\/\\\/transamerica93.com.br\\\/home\\\/wp-content\\\/uploads\\\/2024\\\/07\\\/1-1.jpg\",\"contentUrl\":\"https:\\\/\\\/transamerica93.com.br\\\/home\\\/wp-content\\\/uploads\\\/2024\\\/07\\\/1-1.jpg\",\"width\":1170,\"height\":700,\"caption\":\"\u00a9 Fernando Fraz\u00e3o\\\/Ag\u00eancia Brasil\"},{\"@type\":\"BreadcrumbList\",\"@id\":\"https:\\\/\\\/transamerica93.com.br\\\/home\\\/geral-lei-que-preserva-producao-intelectual-brasileira-faz-20-anos\\\/#breadcrumb\",\"itemListElement\":[{\"@type\":\"ListItem\",\"position\":1,\"name\":\"In\u00edcio\",\"item\":\"https:\\\/\\\/transamerica93.com.br\\\/home\\\/\"},{\"@type\":\"ListItem\",\"position\":2,\"name\":\"Geral Lei que preserva produ\u00e7\u00e3o intelectual brasileira faz 20 anos\"}]},{\"@type\":\"WebSite\",\"@id\":\"https:\\\/\\\/transamerica93.com.br\\\/home\\\/#website\",\"url\":\"https:\\\/\\\/transamerica93.com.br\\\/home\\\/\",\"name\":\"Transam\u00e9rica Mococa 93,3\",\"description\":\"\",\"publisher\":{\"@id\":\"https:\\\/\\\/transamerica93.com.br\\\/home\\\/#organization\"},\"potentialAction\":[{\"@type\":\"SearchAction\",\"target\":{\"@type\":\"EntryPoint\",\"urlTemplate\":\"https:\\\/\\\/transamerica93.com.br\\\/home\\\/?s={search_term_string}\"},\"query-input\":{\"@type\":\"PropertyValueSpecification\",\"valueRequired\":true,\"valueName\":\"search_term_string\"}}],\"inLanguage\":\"pt-BR\"},{\"@type\":\"Organization\",\"@id\":\"https:\\\/\\\/transamerica93.com.br\\\/home\\\/#organization\",\"name\":\"Transam\u00e9rica Mococa 93,3\",\"url\":\"https:\\\/\\\/transamerica93.com.br\\\/home\\\/\",\"logo\":{\"@type\":\"ImageObject\",\"inLanguage\":\"pt-BR\",\"@id\":\"https:\\\/\\\/transamerica93.com.br\\\/home\\\/#\\\/schema\\\/logo\\\/image\\\/\",\"url\":\"https:\\\/\\\/transamerica93.com.br\\\/home\\\/wp-content\\\/uploads\\\/2023\\\/10\\\/logo2.png\",\"contentUrl\":\"https:\\\/\\\/transamerica93.com.br\\\/home\\\/wp-content\\\/uploads\\\/2023\\\/10\\\/logo2.png\",\"width\":800,\"height\":500,\"caption\":\"Transam\u00e9rica Mococa 93,3\"},\"image\":{\"@id\":\"https:\\\/\\\/transamerica93.com.br\\\/home\\\/#\\\/schema\\\/logo\\\/image\\\/\"},\"sameAs\":[\"https:\\\/\\\/www.facebook.com\\\/transamericamococa\",\"https:\\\/\\\/x.com\\\/transamerica933\",\"https:\\\/\\\/www.instagram.com\\\/transamericamococa\"]},{\"@type\":\"Person\",\"@id\":\"https:\\\/\\\/transamerica93.com.br\\\/home\\\/#\\\/schema\\\/person\\\/7fed7c99c0d4562efa8561bc0f543172\",\"name\":\"Reda\u00e7\u00e3o\",\"image\":{\"@type\":\"ImageObject\",\"inLanguage\":\"pt-BR\",\"@id\":\"https:\\\/\\\/secure.gravatar.com\\\/avatar\\\/1072c6b775fb02ef8506ce967551d95926669a6b7d2c2147b42eea4d7c68395e?s=96&d=mm&r=g\",\"url\":\"https:\\\/\\\/secure.gravatar.com\\\/avatar\\\/1072c6b775fb02ef8506ce967551d95926669a6b7d2c2147b42eea4d7c68395e?s=96&d=mm&r=g\",\"contentUrl\":\"https:\\\/\\\/secure.gravatar.com\\\/avatar\\\/1072c6b775fb02ef8506ce967551d95926669a6b7d2c2147b42eea4d7c68395e?s=96&d=mm&r=g\",\"caption\":\"Reda\u00e7\u00e3o\"},\"sameAs\":[\"https:\\\/\\\/transamerica93.com.br\\\/home\"],\"url\":\"https:\\\/\\\/transamerica93.com.br\\\/home\\\/author\\\/william\\\/\"}]}<\/script>\n<!-- \/ Yoast SEO plugin. -->","yoast_head_json":{"title":"Geral Lei que preserva produ\u00e7\u00e3o intelectual brasileira faz 20 anos - Transam\u00e9rica Mococa 93,3","robots":{"index":"index","follow":"follow","max-snippet":"max-snippet:-1","max-image-preview":"max-image-preview:large","max-video-preview":"max-video-preview:-1"},"canonical":"https:\/\/transamerica93.com.br\/home\/geral-lei-que-preserva-producao-intelectual-brasileira-faz-20-anos\/","og_locale":"pt_BR","og_type":"article","og_title":"Geral Lei que preserva produ\u00e7\u00e3o intelectual brasileira faz 20 anos - Transam\u00e9rica Mococa 93,3","og_description":"H\u00e1 20 anos, toda obra publicada no Brasil precisa ter pelo menos uma c\u00f3pia enviada para a Funda\u00e7\u00e3o Biblioteca Nacional (FBN), a mais antiga institui\u00e7\u00e3o cultural do pa\u00eds. Promulgada em 2004, durante a gest\u00e3o do cantor e compositor Gilberto Gil como ministro da Cultura, a\u00a0Lei 10.994\u00a0\u201cregulamenta o dep\u00f3sito legal de publica\u00e7\u00f5es, na Biblioteca Nacional, objetivando &hellip;","og_url":"https:\/\/transamerica93.com.br\/home\/geral-lei-que-preserva-producao-intelectual-brasileira-faz-20-anos\/","og_site_name":"Transam\u00e9rica Mococa 93,3","article_publisher":"https:\/\/www.facebook.com\/transamericamococa","article_published_time":"2024-07-30T12:00:58+00:00","og_image":[{"width":1170,"height":700,"url":"https:\/\/transamerica93.com.br\/home\/wp-content\/uploads\/2024\/07\/1-1.jpg","type":"image\/jpeg"}],"author":"Reda\u00e7\u00e3o","twitter_card":"summary_large_image","twitter_creator":"@transamerica933","twitter_site":"@transamerica933","twitter_misc":{"Escrito por":"Reda\u00e7\u00e3o","Est. tempo de leitura":"7 minutos"},"schema":{"@context":"https:\/\/schema.org","@graph":[{"@type":"Article","@id":"https:\/\/transamerica93.com.br\/home\/geral-lei-que-preserva-producao-intelectual-brasileira-faz-20-anos\/#article","isPartOf":{"@id":"https:\/\/transamerica93.com.br\/home\/geral-lei-que-preserva-producao-intelectual-brasileira-faz-20-anos\/"},"author":{"name":"Reda\u00e7\u00e3o","@id":"https:\/\/transamerica93.com.br\/home\/#\/schema\/person\/7fed7c99c0d4562efa8561bc0f543172"},"headline":"Geral Lei que preserva produ\u00e7\u00e3o intelectual brasileira faz 20 anos","datePublished":"2024-07-30T12:00:58+00:00","mainEntityOfPage":{"@id":"https:\/\/transamerica93.com.br\/home\/geral-lei-que-preserva-producao-intelectual-brasileira-faz-20-anos\/"},"wordCount":1130,"publisher":{"@id":"https:\/\/transamerica93.com.br\/home\/#organization"},"image":{"@id":"https:\/\/transamerica93.com.br\/home\/geral-lei-que-preserva-producao-intelectual-brasileira-faz-20-anos\/#primaryimage"},"thumbnailUrl":"https:\/\/transamerica93.com.br\/home\/wp-content\/uploads\/2024\/07\/1-1.jpg","articleSection":["Geral"],"inLanguage":"pt-BR"},{"@type":"WebPage","@id":"https:\/\/transamerica93.com.br\/home\/geral-lei-que-preserva-producao-intelectual-brasileira-faz-20-anos\/","url":"https:\/\/transamerica93.com.br\/home\/geral-lei-que-preserva-producao-intelectual-brasileira-faz-20-anos\/","name":"Geral Lei que preserva produ\u00e7\u00e3o intelectual brasileira faz 20 anos - Transam\u00e9rica Mococa 93,3","isPartOf":{"@id":"https:\/\/transamerica93.com.br\/home\/#website"},"primaryImageOfPage":{"@id":"https:\/\/transamerica93.com.br\/home\/geral-lei-que-preserva-producao-intelectual-brasileira-faz-20-anos\/#primaryimage"},"image":{"@id":"https:\/\/transamerica93.com.br\/home\/geral-lei-que-preserva-producao-intelectual-brasileira-faz-20-anos\/#primaryimage"},"thumbnailUrl":"https:\/\/transamerica93.com.br\/home\/wp-content\/uploads\/2024\/07\/1-1.jpg","datePublished":"2024-07-30T12:00:58+00:00","breadcrumb":{"@id":"https:\/\/transamerica93.com.br\/home\/geral-lei-que-preserva-producao-intelectual-brasileira-faz-20-anos\/#breadcrumb"},"inLanguage":"pt-BR","potentialAction":[{"@type":"ReadAction","target":["https:\/\/transamerica93.com.br\/home\/geral-lei-que-preserva-producao-intelectual-brasileira-faz-20-anos\/"]}]},{"@type":"ImageObject","inLanguage":"pt-BR","@id":"https:\/\/transamerica93.com.br\/home\/geral-lei-que-preserva-producao-intelectual-brasileira-faz-20-anos\/#primaryimage","url":"https:\/\/transamerica93.com.br\/home\/wp-content\/uploads\/2024\/07\/1-1.jpg","contentUrl":"https:\/\/transamerica93.com.br\/home\/wp-content\/uploads\/2024\/07\/1-1.jpg","width":1170,"height":700,"caption":"\u00a9 Fernando Fraz\u00e3o\/Ag\u00eancia Brasil"},{"@type":"BreadcrumbList","@id":"https:\/\/transamerica93.com.br\/home\/geral-lei-que-preserva-producao-intelectual-brasileira-faz-20-anos\/#breadcrumb","itemListElement":[{"@type":"ListItem","position":1,"name":"In\u00edcio","item":"https:\/\/transamerica93.com.br\/home\/"},{"@type":"ListItem","position":2,"name":"Geral Lei que preserva produ\u00e7\u00e3o intelectual brasileira faz 20 anos"}]},{"@type":"WebSite","@id":"https:\/\/transamerica93.com.br\/home\/#website","url":"https:\/\/transamerica93.com.br\/home\/","name":"Transam\u00e9rica Mococa 93,3","description":"","publisher":{"@id":"https:\/\/transamerica93.com.br\/home\/#organization"},"potentialAction":[{"@type":"SearchAction","target":{"@type":"EntryPoint","urlTemplate":"https:\/\/transamerica93.com.br\/home\/?s={search_term_string}"},"query-input":{"@type":"PropertyValueSpecification","valueRequired":true,"valueName":"search_term_string"}}],"inLanguage":"pt-BR"},{"@type":"Organization","@id":"https:\/\/transamerica93.com.br\/home\/#organization","name":"Transam\u00e9rica Mococa 93,3","url":"https:\/\/transamerica93.com.br\/home\/","logo":{"@type":"ImageObject","inLanguage":"pt-BR","@id":"https:\/\/transamerica93.com.br\/home\/#\/schema\/logo\/image\/","url":"https:\/\/transamerica93.com.br\/home\/wp-content\/uploads\/2023\/10\/logo2.png","contentUrl":"https:\/\/transamerica93.com.br\/home\/wp-content\/uploads\/2023\/10\/logo2.png","width":800,"height":500,"caption":"Transam\u00e9rica Mococa 93,3"},"image":{"@id":"https:\/\/transamerica93.com.br\/home\/#\/schema\/logo\/image\/"},"sameAs":["https:\/\/www.facebook.com\/transamericamococa","https:\/\/x.com\/transamerica933","https:\/\/www.instagram.com\/transamericamococa"]},{"@type":"Person","@id":"https:\/\/transamerica93.com.br\/home\/#\/schema\/person\/7fed7c99c0d4562efa8561bc0f543172","name":"Reda\u00e7\u00e3o","image":{"@type":"ImageObject","inLanguage":"pt-BR","@id":"https:\/\/secure.gravatar.com\/avatar\/1072c6b775fb02ef8506ce967551d95926669a6b7d2c2147b42eea4d7c68395e?s=96&d=mm&r=g","url":"https:\/\/secure.gravatar.com\/avatar\/1072c6b775fb02ef8506ce967551d95926669a6b7d2c2147b42eea4d7c68395e?s=96&d=mm&r=g","contentUrl":"https:\/\/secure.gravatar.com\/avatar\/1072c6b775fb02ef8506ce967551d95926669a6b7d2c2147b42eea4d7c68395e?s=96&d=mm&r=g","caption":"Reda\u00e7\u00e3o"},"sameAs":["https:\/\/transamerica93.com.br\/home"],"url":"https:\/\/transamerica93.com.br\/home\/author\/william\/"}]}},"_links":{"self":[{"href":"https:\/\/transamerica93.com.br\/home\/wp-json\/wp\/v2\/posts\/3397","targetHints":{"allow":["GET"]}}],"collection":[{"href":"https:\/\/transamerica93.com.br\/home\/wp-json\/wp\/v2\/posts"}],"about":[{"href":"https:\/\/transamerica93.com.br\/home\/wp-json\/wp\/v2\/types\/post"}],"author":[{"embeddable":true,"href":"https:\/\/transamerica93.com.br\/home\/wp-json\/wp\/v2\/users\/1"}],"replies":[{"embeddable":true,"href":"https:\/\/transamerica93.com.br\/home\/wp-json\/wp\/v2\/comments?post=3397"}],"version-history":[{"count":1,"href":"https:\/\/transamerica93.com.br\/home\/wp-json\/wp\/v2\/posts\/3397\/revisions"}],"predecessor-version":[{"id":3398,"href":"https:\/\/transamerica93.com.br\/home\/wp-json\/wp\/v2\/posts\/3397\/revisions\/3398"}],"wp:featuredmedia":[{"embeddable":true,"href":"https:\/\/transamerica93.com.br\/home\/wp-json\/wp\/v2\/media\/3391"}],"wp:attachment":[{"href":"https:\/\/transamerica93.com.br\/home\/wp-json\/wp\/v2\/media?parent=3397"}],"wp:term":[{"taxonomy":"category","embeddable":true,"href":"https:\/\/transamerica93.com.br\/home\/wp-json\/wp\/v2\/categories?post=3397"},{"taxonomy":"post_tag","embeddable":true,"href":"https:\/\/transamerica93.com.br\/home\/wp-json\/wp\/v2\/tags?post=3397"}],"curies":[{"name":"wp","href":"https:\/\/api.w.org\/{rel}","templated":true}]}}