{"id":3403,"date":"2024-08-02T09:00:10","date_gmt":"2024-08-02T12:00:10","guid":{"rendered":"https:\/\/transamerica93.com.br\/home\/?p=3403"},"modified":"2024-07-28T19:48:48","modified_gmt":"2024-07-28T22:48:48","slug":"complicacoes-causadas-por-virus-sincicial-respiratorio-crescem-em-2024","status":"publish","type":"post","link":"https:\/\/transamerica93.com.br\/home\/complicacoes-causadas-por-virus-sincicial-respiratorio-crescem-em-2024\/","title":{"rendered":"Complica\u00e7\u00f5es causadas por v\u00edrus sincicial respirat\u00f3rio crescem em 2024"},"content":{"rendered":"<div class=\"post-item-wrap\">\n<p>Bronquiolite \u00e9 uma palavra que d\u00e1 arrepios em muitas m\u00e3es e pais. Um dia, o beb\u00ea come\u00e7a a apresentar coriza, tosse, e tudo parece n\u00e3o passar de um resfriado. Mas, de repente, a respira\u00e7\u00e3o fica dif\u00edcil, com um chiado no peito.\u00a0Esses s\u00e3o os principais indicativos de que os bronqu\u00edolos, as vias mais estreitas dos pulm\u00f5es, est\u00e3o inflamados, uma condi\u00e7\u00e3o que pode se agravar rapidamente.<img decoding=\"async\" data-src=\"https:\/\/agenciabrasil.ebc.com.br\/ebc.png?id=1605665&amp;o=node\" src=\"data:image\/svg+xml;base64,PHN2ZyB3aWR0aD0iMSIgaGVpZ2h0PSIxIiB4bWxucz0iaHR0cDovL3d3dy53My5vcmcvMjAwMC9zdmciPjwvc3ZnPg==\" class=\"lazyload\" \/><img decoding=\"async\" data-src=\"https:\/\/agenciabrasil.ebc.com.br\/ebc.gif?id=1605665&amp;o=node\" src=\"data:image\/svg+xml;base64,PHN2ZyB3aWR0aD0iMSIgaGVpZ2h0PSIxIiB4bWxucz0iaHR0cDovL3d3dy53My5vcmcvMjAwMC9zdmciPjwvc3ZnPg==\" class=\"lazyload\" \/><\/p>\n<p>Apesar de ser mais frequente no inverno, a bronquiolite n\u00e3o \u00e9 causada pelo frio, como muita gente pensa, mas por agentes infecciosos, que circulam mais nesse per\u00edodo. E um deles, de nome dif\u00edcil, se destaca: o v\u00edrus sincicial respirat\u00f3rio, ou VSR. Atualmente, o VSR \u00e9 a principal causa de interna\u00e7\u00e3o e morte de crian\u00e7as pequenas por complica\u00e7\u00f5es ap\u00f3s sintomas gripais no Brasil, a chamada S\u00edndrome Respirat\u00f3ria Aguda Grave.<\/p>\n<p>De acordo com dados da plataforma Infogripe, da Fiocruz, at\u00e9 o dia 20 de julho, foram mais de 22 mil casos em pequenos de at\u00e9 2 anos de idade. E, infelizmente, quase 200 deles morreram. A pesquisadora do Infogripe, Tatiana Portella, destaca que houve aumento este ano. No mesmo per\u00edodo de 2023, foram registrados cerca de 1500 casos a menos nessa faixa et\u00e1ria. Mas Tatiana pontua, que apesar da bronquiolite ser uma velha conhecida das fam\u00edlias e dos pediatras, s\u00f3 a partir da pandemia de covid-19, \u00e9 que a testagem viral mais ampla em pacientes com s\u00edndrome respirat\u00f3ria, passou a ser frequente. A\u00ed o VSR come\u00e7ou a aparecer com n\u00fameros mais expressivos.<\/p>\n<p>&#8220;Se voc\u00ea olha a s\u00e9rie hist\u00f3rica nos casos hospitalizados do VSR, parece que tinha poucos casos. Mas a verdade \u00e9 que n\u00e3o importava e ningu\u00e9m sabe dizer quantos casos tinha naquela \u00e9poca. E tamb\u00e9m durante a pandemia, de v\u00e1rias doen\u00e7as, equivale a\u00a0um\u00a0conhecimento era muito baixo e como tudo mundo ficou anulado isso acabou quebrando o ciclo de outras doen\u00e7as, inclusive do VSR.&#8221;<\/p>\n<p>Por enquanto, n\u00e3o existe vacina infantil para o v\u00edrus VSR. Mas a Anvisa j\u00e1 autorizou o uso no Brasil de uma vacina destinada a gestantes, justamente para\u00a0proteger os beb\u00eas, j\u00e1 que os anticorpos s\u00e3o repassados ao feto. E no come\u00e7o de julho, a farmac\u00eautica Pfizer pediu que a Comiss\u00e3o Nacional de Incorpora\u00e7\u00e3o de Tecnologias no SUS avalie a inclus\u00e3o da vacina no Programa Nacional de Imuniza\u00e7\u00f5es. O Minist\u00e9rio da Sa\u00fade n\u00e3o informou quando esse pedido ser\u00e1 analisado. A Pfizer tamb\u00e9m informou que a vacina deve chegar \u00e0s cl\u00ednicas particulares neste semestre.<\/p>\n<p>A diretora m\u00e9dica da Pfizer no Brasil, Adriana Ribeiro, explica que a vacina apresentou efic\u00e1cia de 82% de preven\u00e7\u00e3o contra formas graves de adoecimento em beb\u00eas de at\u00e9 3 meses.<\/p>\n<p>&#8220;A vacina continua protegendo at\u00e9 os seis meses de idade em 69%. Ela\u00a0tem uma sustentabilidade\u00a0ao longo do tempo. Foram mais de 7 mil gestantes de 18 centros de pesquisa ao redor do mundo e quatro deles foram aqui no Brasil. N\u00e3o teve\u00a0efeitos adversos colaterais inesperados e os eventos adversos mais comuns, de\u00a0super f\u00e1cil manejo, foram\u00a0dor no local da infe\u00e7\u00e3o, dor de cabe\u00e7a e dor muscular<\/p>\n<p>A vacina da Pfizer tamb\u00e9m foi autorizada para aplica\u00e7\u00e3o em idosos. E os dados do Infogripe mostram que o VSR \u00e9 uma infec\u00e7\u00e3o importante tamb\u00e9m nesta faixa et\u00e1ria: somente este ano, foram quase 800 casos de s\u00edndrome respirat\u00f3ria aguda grave com diagn\u00f3stico positivo para VSR entre pessoas acima de 65 anos. A quantia j\u00e1 supera os casos de todo o ano passado. E at\u00e9 20 de julho, 202 idosos n\u00e3o resistiram \u00e0s complica\u00e7\u00f5es. Para esse p\u00fablico, j\u00e1 h\u00e1 outra vacina dispon\u00edvel no Brasil, mas, por enquanto, apenas no sistema particular. Lessandra Michelin, l\u00edder-m\u00e9dica da farmac\u00eautica GSK, diz que a preven\u00e7\u00e3o neste p\u00fablico pode evitar tamb\u00e9m outros problemas, al\u00e9m da s\u00edndrome respirat\u00f3ria.<\/p>\n<p>&#8220;78% da popula\u00e7\u00e3o acima de 60 anos t\u00eam uma comorbidade. Ent\u00e3o, geralmente,\u00a0quando pegamos infec\u00e7\u00e3o por VSR, descompensa essa comorbinade. Se\u00a0a pessoa que \u00e9 diab\u00e9tica, discompensa o diabetes.\u00a0Quem tem insufici\u00eancia\u00a0card\u00edaca,\u00a0descompensa. Ent\u00e3o, o\u00a0virus n\u00e3o afeta somente o pulm\u00e3o, hoje ele acaba descompensando o\u00a0organismo como um todo e afeta outros org\u00e3os por tabela.&#8221;<\/p>\n<p>A presidente da Sociedade Brasileira de Imuniza\u00e7\u00f5es, M\u00f4nica Levy, explica que a an\u00e1lise para inclus\u00e3o de vacinas no Calend\u00e1rio do SUS coloca na balan\u00e7a n\u00e3o s\u00f3 o risco da doen\u00e7a, mas tamb\u00e9m o custo-benef\u00edcio do imunizante e o impacto da sua aplica\u00e7\u00e3o na sa\u00fade p\u00fablica. Por isso, ela acredita que a preven\u00e7\u00e3o dos beb\u00eas ser\u00e1 discutida com mais prioridade. Mas outros grupos tamb\u00e9m devem ser considerados.<\/p>\n<p>&#8220;Dentro dos idosos existem aqueles que t\u00eam um risco muito maior. que s\u00e3o os cardiopneumopatas cr\u00f4nicos. Isso sim, aumenta em muito o risco do VSR levar ao \u00f3bito.&#8221;<\/p>\n<p>M\u00f4nica tamb\u00e9m complementa que o SUS oferece outra op\u00e7\u00e3o de preven\u00e7\u00e3o para casos de grande vulnerabilidade: os chamados anticorpos monoclonais, que ajudam o corpo a combater o v\u00edrus, em caso de infec\u00e7\u00e3o. No entanto, no SUS, eles s\u00f3 s\u00e3o aplicados em prematuros extremos e beb\u00eas com algumas doen\u00e7as espec\u00edficas. O rem\u00e9dio tamb\u00e9m pode ser solicitado aos planos de sa\u00fade, ou comprado com prescri\u00e7\u00e3o m\u00e9dica especial.<\/p>\n<div class=\"dnd-widget-wrapper context-cheio_8colunas type-audio\">\n<div class=\"dnd-caption-wrapper\">\n<div class=\"meta\"><\/div>\n<\/div>\n<\/div>\n<p>Edi\u00e7\u00e3o: Sayonara Moreno \/ Pedro Lacerda<\/p>\n<\/div>\n<p class=\"alt-font font-italic my-2 small text-info\">Edi\u00e7\u00e3o: Maria Claudia<\/p>\n","protected":false},"excerpt":{"rendered":"<p>Bronquiolite \u00e9 uma palavra que d\u00e1 arrepios em muitas m\u00e3es e pais. Um dia, o beb\u00ea come\u00e7a a apresentar coriza, tosse, e tudo parece n\u00e3o passar de um resfriado. Mas, de repente, a respira\u00e7\u00e3o fica dif\u00edcil, com um chiado no peito.\u00a0Esses s\u00e3o os principais indicativos de que os bronqu\u00edolos, as vias mais estreitas dos pulm\u00f5es, &hellip;<\/p>\n","protected":false},"author":1,"featured_media":3395,"comment_status":"closed","ping_status":"closed","sticky":false,"template":"","format":"standard","meta":{"footnotes":""},"categories":[30],"tags":[],"class_list":["post-3403","post","type-post","status-publish","format-standard","has-post-thumbnail","hentry","category-geral"],"yoast_head":"<!-- This site is optimized with the Yoast SEO plugin v27.4 - https:\/\/yoast.com\/product\/yoast-seo-wordpress\/ -->\n<title>Complica\u00e7\u00f5es causadas por v\u00edrus sincicial respirat\u00f3rio crescem em 2024 - Transam\u00e9rica Mococa 93,3<\/title>\n<meta name=\"robots\" content=\"index, follow, max-snippet:-1, max-image-preview:large, max-video-preview:-1\" \/>\n<link rel=\"canonical\" href=\"https:\/\/transamerica93.com.br\/home\/complicacoes-causadas-por-virus-sincicial-respiratorio-crescem-em-2024\/\" \/>\n<meta property=\"og:locale\" content=\"pt_BR\" \/>\n<meta property=\"og:type\" content=\"article\" \/>\n<meta property=\"og:title\" content=\"Complica\u00e7\u00f5es causadas por v\u00edrus sincicial respirat\u00f3rio crescem em 2024 - Transam\u00e9rica Mococa 93,3\" \/>\n<meta property=\"og:description\" content=\"Bronquiolite \u00e9 uma palavra que d\u00e1 arrepios em muitas m\u00e3es e pais. Um dia, o beb\u00ea come\u00e7a a apresentar coriza, tosse, e tudo parece n\u00e3o passar de um resfriado. Mas, de repente, a respira\u00e7\u00e3o fica dif\u00edcil, com um chiado no peito.\u00a0Esses s\u00e3o os principais indicativos de que os bronqu\u00edolos, as vias mais estreitas dos pulm\u00f5es, &hellip;\" \/>\n<meta property=\"og:url\" content=\"https:\/\/transamerica93.com.br\/home\/complicacoes-causadas-por-virus-sincicial-respiratorio-crescem-em-2024\/\" \/>\n<meta property=\"og:site_name\" content=\"Transam\u00e9rica Mococa 93,3\" \/>\n<meta property=\"article:publisher\" content=\"https:\/\/www.facebook.com\/transamericamococa\" \/>\n<meta property=\"article:published_time\" content=\"2024-08-02T12:00:10+00:00\" \/>\n<meta property=\"og:image\" content=\"https:\/\/transamerica93.com.br\/home\/wp-content\/uploads\/2024\/07\/5-1.jpg\" \/>\n\t<meta property=\"og:image:width\" content=\"1170\" \/>\n\t<meta property=\"og:image:height\" content=\"700\" \/>\n\t<meta property=\"og:image:type\" content=\"image\/jpeg\" \/>\n<meta name=\"author\" content=\"Reda\u00e7\u00e3o\" \/>\n<meta name=\"twitter:card\" content=\"summary_large_image\" \/>\n<meta name=\"twitter:creator\" content=\"@transamerica933\" \/>\n<meta name=\"twitter:site\" content=\"@transamerica933\" \/>\n<meta name=\"twitter:label1\" content=\"Escrito por\" \/>\n\t<meta name=\"twitter:data1\" content=\"Reda\u00e7\u00e3o\" \/>\n\t<meta name=\"twitter:label2\" content=\"Est. tempo de leitura\" \/>\n\t<meta name=\"twitter:data2\" content=\"6 minutos\" \/>\n<script type=\"application\/ld+json\" class=\"yoast-schema-graph\">{\"@context\":\"https:\\\/\\\/schema.org\",\"@graph\":[{\"@type\":\"Article\",\"@id\":\"https:\\\/\\\/transamerica93.com.br\\\/home\\\/complicacoes-causadas-por-virus-sincicial-respiratorio-crescem-em-2024\\\/#article\",\"isPartOf\":{\"@id\":\"https:\\\/\\\/transamerica93.com.br\\\/home\\\/complicacoes-causadas-por-virus-sincicial-respiratorio-crescem-em-2024\\\/\"},\"author\":{\"name\":\"Reda\u00e7\u00e3o\",\"@id\":\"https:\\\/\\\/transamerica93.com.br\\\/home\\\/#\\\/schema\\\/person\\\/7fed7c99c0d4562efa8561bc0f543172\"},\"headline\":\"Complica\u00e7\u00f5es causadas por v\u00edrus sincicial respirat\u00f3rio crescem em 2024\",\"datePublished\":\"2024-08-02T12:00:10+00:00\",\"mainEntityOfPage\":{\"@id\":\"https:\\\/\\\/transamerica93.com.br\\\/home\\\/complicacoes-causadas-por-virus-sincicial-respiratorio-crescem-em-2024\\\/\"},\"wordCount\":950,\"publisher\":{\"@id\":\"https:\\\/\\\/transamerica93.com.br\\\/home\\\/#organization\"},\"image\":{\"@id\":\"https:\\\/\\\/transamerica93.com.br\\\/home\\\/complicacoes-causadas-por-virus-sincicial-respiratorio-crescem-em-2024\\\/#primaryimage\"},\"thumbnailUrl\":\"https:\\\/\\\/transamerica93.com.br\\\/home\\\/wp-content\\\/uploads\\\/2024\\\/07\\\/5-1.jpg\",\"articleSection\":[\"Geral\"],\"inLanguage\":\"pt-BR\"},{\"@type\":\"WebPage\",\"@id\":\"https:\\\/\\\/transamerica93.com.br\\\/home\\\/complicacoes-causadas-por-virus-sincicial-respiratorio-crescem-em-2024\\\/\",\"url\":\"https:\\\/\\\/transamerica93.com.br\\\/home\\\/complicacoes-causadas-por-virus-sincicial-respiratorio-crescem-em-2024\\\/\",\"name\":\"Complica\u00e7\u00f5es causadas por v\u00edrus sincicial respirat\u00f3rio crescem em 2024 - Transam\u00e9rica Mococa 93,3\",\"isPartOf\":{\"@id\":\"https:\\\/\\\/transamerica93.com.br\\\/home\\\/#website\"},\"primaryImageOfPage\":{\"@id\":\"https:\\\/\\\/transamerica93.com.br\\\/home\\\/complicacoes-causadas-por-virus-sincicial-respiratorio-crescem-em-2024\\\/#primaryimage\"},\"image\":{\"@id\":\"https:\\\/\\\/transamerica93.com.br\\\/home\\\/complicacoes-causadas-por-virus-sincicial-respiratorio-crescem-em-2024\\\/#primaryimage\"},\"thumbnailUrl\":\"https:\\\/\\\/transamerica93.com.br\\\/home\\\/wp-content\\\/uploads\\\/2024\\\/07\\\/5-1.jpg\",\"datePublished\":\"2024-08-02T12:00:10+00:00\",\"breadcrumb\":{\"@id\":\"https:\\\/\\\/transamerica93.com.br\\\/home\\\/complicacoes-causadas-por-virus-sincicial-respiratorio-crescem-em-2024\\\/#breadcrumb\"},\"inLanguage\":\"pt-BR\",\"potentialAction\":[{\"@type\":\"ReadAction\",\"target\":[\"https:\\\/\\\/transamerica93.com.br\\\/home\\\/complicacoes-causadas-por-virus-sincicial-respiratorio-crescem-em-2024\\\/\"]}]},{\"@type\":\"ImageObject\",\"inLanguage\":\"pt-BR\",\"@id\":\"https:\\\/\\\/transamerica93.com.br\\\/home\\\/complicacoes-causadas-por-virus-sincicial-respiratorio-crescem-em-2024\\\/#primaryimage\",\"url\":\"https:\\\/\\\/transamerica93.com.br\\\/home\\\/wp-content\\\/uploads\\\/2024\\\/07\\\/5-1.jpg\",\"contentUrl\":\"https:\\\/\\\/transamerica93.com.br\\\/home\\\/wp-content\\\/uploads\\\/2024\\\/07\\\/5-1.jpg\",\"width\":1170,\"height\":700,\"caption\":\"\u00a9 REUTERS\\\/Jorge Silva\\\/direitos reservados\"},{\"@type\":\"BreadcrumbList\",\"@id\":\"https:\\\/\\\/transamerica93.com.br\\\/home\\\/complicacoes-causadas-por-virus-sincicial-respiratorio-crescem-em-2024\\\/#breadcrumb\",\"itemListElement\":[{\"@type\":\"ListItem\",\"position\":1,\"name\":\"In\u00edcio\",\"item\":\"https:\\\/\\\/transamerica93.com.br\\\/home\\\/\"},{\"@type\":\"ListItem\",\"position\":2,\"name\":\"Complica\u00e7\u00f5es causadas por v\u00edrus sincicial respirat\u00f3rio crescem em 2024\"}]},{\"@type\":\"WebSite\",\"@id\":\"https:\\\/\\\/transamerica93.com.br\\\/home\\\/#website\",\"url\":\"https:\\\/\\\/transamerica93.com.br\\\/home\\\/\",\"name\":\"Transam\u00e9rica Mococa 93,3\",\"description\":\"\",\"publisher\":{\"@id\":\"https:\\\/\\\/transamerica93.com.br\\\/home\\\/#organization\"},\"potentialAction\":[{\"@type\":\"SearchAction\",\"target\":{\"@type\":\"EntryPoint\",\"urlTemplate\":\"https:\\\/\\\/transamerica93.com.br\\\/home\\\/?s={search_term_string}\"},\"query-input\":{\"@type\":\"PropertyValueSpecification\",\"valueRequired\":true,\"valueName\":\"search_term_string\"}}],\"inLanguage\":\"pt-BR\"},{\"@type\":\"Organization\",\"@id\":\"https:\\\/\\\/transamerica93.com.br\\\/home\\\/#organization\",\"name\":\"Transam\u00e9rica Mococa 93,3\",\"url\":\"https:\\\/\\\/transamerica93.com.br\\\/home\\\/\",\"logo\":{\"@type\":\"ImageObject\",\"inLanguage\":\"pt-BR\",\"@id\":\"https:\\\/\\\/transamerica93.com.br\\\/home\\\/#\\\/schema\\\/logo\\\/image\\\/\",\"url\":\"https:\\\/\\\/transamerica93.com.br\\\/home\\\/wp-content\\\/uploads\\\/2023\\\/10\\\/logo2.png\",\"contentUrl\":\"https:\\\/\\\/transamerica93.com.br\\\/home\\\/wp-content\\\/uploads\\\/2023\\\/10\\\/logo2.png\",\"width\":800,\"height\":500,\"caption\":\"Transam\u00e9rica Mococa 93,3\"},\"image\":{\"@id\":\"https:\\\/\\\/transamerica93.com.br\\\/home\\\/#\\\/schema\\\/logo\\\/image\\\/\"},\"sameAs\":[\"https:\\\/\\\/www.facebook.com\\\/transamericamococa\",\"https:\\\/\\\/x.com\\\/transamerica933\",\"https:\\\/\\\/www.instagram.com\\\/transamericamococa\"]},{\"@type\":\"Person\",\"@id\":\"https:\\\/\\\/transamerica93.com.br\\\/home\\\/#\\\/schema\\\/person\\\/7fed7c99c0d4562efa8561bc0f543172\",\"name\":\"Reda\u00e7\u00e3o\",\"image\":{\"@type\":\"ImageObject\",\"inLanguage\":\"pt-BR\",\"@id\":\"https:\\\/\\\/secure.gravatar.com\\\/avatar\\\/1072c6b775fb02ef8506ce967551d95926669a6b7d2c2147b42eea4d7c68395e?s=96&d=mm&r=g\",\"url\":\"https:\\\/\\\/secure.gravatar.com\\\/avatar\\\/1072c6b775fb02ef8506ce967551d95926669a6b7d2c2147b42eea4d7c68395e?s=96&d=mm&r=g\",\"contentUrl\":\"https:\\\/\\\/secure.gravatar.com\\\/avatar\\\/1072c6b775fb02ef8506ce967551d95926669a6b7d2c2147b42eea4d7c68395e?s=96&d=mm&r=g\",\"caption\":\"Reda\u00e7\u00e3o\"},\"sameAs\":[\"https:\\\/\\\/transamerica93.com.br\\\/home\"],\"url\":\"https:\\\/\\\/transamerica93.com.br\\\/home\\\/author\\\/william\\\/\"}]}<\/script>\n<!-- \/ Yoast SEO plugin. -->","yoast_head_json":{"title":"Complica\u00e7\u00f5es causadas por v\u00edrus sincicial respirat\u00f3rio crescem em 2024 - Transam\u00e9rica Mococa 93,3","robots":{"index":"index","follow":"follow","max-snippet":"max-snippet:-1","max-image-preview":"max-image-preview:large","max-video-preview":"max-video-preview:-1"},"canonical":"https:\/\/transamerica93.com.br\/home\/complicacoes-causadas-por-virus-sincicial-respiratorio-crescem-em-2024\/","og_locale":"pt_BR","og_type":"article","og_title":"Complica\u00e7\u00f5es causadas por v\u00edrus sincicial respirat\u00f3rio crescem em 2024 - Transam\u00e9rica Mococa 93,3","og_description":"Bronquiolite \u00e9 uma palavra que d\u00e1 arrepios em muitas m\u00e3es e pais. Um dia, o beb\u00ea come\u00e7a a apresentar coriza, tosse, e tudo parece n\u00e3o passar de um resfriado. Mas, de repente, a respira\u00e7\u00e3o fica dif\u00edcil, com um chiado no peito.\u00a0Esses s\u00e3o os principais indicativos de que os bronqu\u00edolos, as vias mais estreitas dos pulm\u00f5es, &hellip;","og_url":"https:\/\/transamerica93.com.br\/home\/complicacoes-causadas-por-virus-sincicial-respiratorio-crescem-em-2024\/","og_site_name":"Transam\u00e9rica Mococa 93,3","article_publisher":"https:\/\/www.facebook.com\/transamericamococa","article_published_time":"2024-08-02T12:00:10+00:00","og_image":[{"width":1170,"height":700,"url":"https:\/\/transamerica93.com.br\/home\/wp-content\/uploads\/2024\/07\/5-1.jpg","type":"image\/jpeg"}],"author":"Reda\u00e7\u00e3o","twitter_card":"summary_large_image","twitter_creator":"@transamerica933","twitter_site":"@transamerica933","twitter_misc":{"Escrito por":"Reda\u00e7\u00e3o","Est. tempo de leitura":"6 minutos"},"schema":{"@context":"https:\/\/schema.org","@graph":[{"@type":"Article","@id":"https:\/\/transamerica93.com.br\/home\/complicacoes-causadas-por-virus-sincicial-respiratorio-crescem-em-2024\/#article","isPartOf":{"@id":"https:\/\/transamerica93.com.br\/home\/complicacoes-causadas-por-virus-sincicial-respiratorio-crescem-em-2024\/"},"author":{"name":"Reda\u00e7\u00e3o","@id":"https:\/\/transamerica93.com.br\/home\/#\/schema\/person\/7fed7c99c0d4562efa8561bc0f543172"},"headline":"Complica\u00e7\u00f5es causadas por v\u00edrus sincicial respirat\u00f3rio crescem em 2024","datePublished":"2024-08-02T12:00:10+00:00","mainEntityOfPage":{"@id":"https:\/\/transamerica93.com.br\/home\/complicacoes-causadas-por-virus-sincicial-respiratorio-crescem-em-2024\/"},"wordCount":950,"publisher":{"@id":"https:\/\/transamerica93.com.br\/home\/#organization"},"image":{"@id":"https:\/\/transamerica93.com.br\/home\/complicacoes-causadas-por-virus-sincicial-respiratorio-crescem-em-2024\/#primaryimage"},"thumbnailUrl":"https:\/\/transamerica93.com.br\/home\/wp-content\/uploads\/2024\/07\/5-1.jpg","articleSection":["Geral"],"inLanguage":"pt-BR"},{"@type":"WebPage","@id":"https:\/\/transamerica93.com.br\/home\/complicacoes-causadas-por-virus-sincicial-respiratorio-crescem-em-2024\/","url":"https:\/\/transamerica93.com.br\/home\/complicacoes-causadas-por-virus-sincicial-respiratorio-crescem-em-2024\/","name":"Complica\u00e7\u00f5es causadas por v\u00edrus sincicial respirat\u00f3rio crescem em 2024 - Transam\u00e9rica Mococa 93,3","isPartOf":{"@id":"https:\/\/transamerica93.com.br\/home\/#website"},"primaryImageOfPage":{"@id":"https:\/\/transamerica93.com.br\/home\/complicacoes-causadas-por-virus-sincicial-respiratorio-crescem-em-2024\/#primaryimage"},"image":{"@id":"https:\/\/transamerica93.com.br\/home\/complicacoes-causadas-por-virus-sincicial-respiratorio-crescem-em-2024\/#primaryimage"},"thumbnailUrl":"https:\/\/transamerica93.com.br\/home\/wp-content\/uploads\/2024\/07\/5-1.jpg","datePublished":"2024-08-02T12:00:10+00:00","breadcrumb":{"@id":"https:\/\/transamerica93.com.br\/home\/complicacoes-causadas-por-virus-sincicial-respiratorio-crescem-em-2024\/#breadcrumb"},"inLanguage":"pt-BR","potentialAction":[{"@type":"ReadAction","target":["https:\/\/transamerica93.com.br\/home\/complicacoes-causadas-por-virus-sincicial-respiratorio-crescem-em-2024\/"]}]},{"@type":"ImageObject","inLanguage":"pt-BR","@id":"https:\/\/transamerica93.com.br\/home\/complicacoes-causadas-por-virus-sincicial-respiratorio-crescem-em-2024\/#primaryimage","url":"https:\/\/transamerica93.com.br\/home\/wp-content\/uploads\/2024\/07\/5-1.jpg","contentUrl":"https:\/\/transamerica93.com.br\/home\/wp-content\/uploads\/2024\/07\/5-1.jpg","width":1170,"height":700,"caption":"\u00a9 REUTERS\/Jorge Silva\/direitos reservados"},{"@type":"BreadcrumbList","@id":"https:\/\/transamerica93.com.br\/home\/complicacoes-causadas-por-virus-sincicial-respiratorio-crescem-em-2024\/#breadcrumb","itemListElement":[{"@type":"ListItem","position":1,"name":"In\u00edcio","item":"https:\/\/transamerica93.com.br\/home\/"},{"@type":"ListItem","position":2,"name":"Complica\u00e7\u00f5es causadas por v\u00edrus sincicial respirat\u00f3rio crescem em 2024"}]},{"@type":"WebSite","@id":"https:\/\/transamerica93.com.br\/home\/#website","url":"https:\/\/transamerica93.com.br\/home\/","name":"Transam\u00e9rica Mococa 93,3","description":"","publisher":{"@id":"https:\/\/transamerica93.com.br\/home\/#organization"},"potentialAction":[{"@type":"SearchAction","target":{"@type":"EntryPoint","urlTemplate":"https:\/\/transamerica93.com.br\/home\/?s={search_term_string}"},"query-input":{"@type":"PropertyValueSpecification","valueRequired":true,"valueName":"search_term_string"}}],"inLanguage":"pt-BR"},{"@type":"Organization","@id":"https:\/\/transamerica93.com.br\/home\/#organization","name":"Transam\u00e9rica Mococa 93,3","url":"https:\/\/transamerica93.com.br\/home\/","logo":{"@type":"ImageObject","inLanguage":"pt-BR","@id":"https:\/\/transamerica93.com.br\/home\/#\/schema\/logo\/image\/","url":"https:\/\/transamerica93.com.br\/home\/wp-content\/uploads\/2023\/10\/logo2.png","contentUrl":"https:\/\/transamerica93.com.br\/home\/wp-content\/uploads\/2023\/10\/logo2.png","width":800,"height":500,"caption":"Transam\u00e9rica Mococa 93,3"},"image":{"@id":"https:\/\/transamerica93.com.br\/home\/#\/schema\/logo\/image\/"},"sameAs":["https:\/\/www.facebook.com\/transamericamococa","https:\/\/x.com\/transamerica933","https:\/\/www.instagram.com\/transamericamococa"]},{"@type":"Person","@id":"https:\/\/transamerica93.com.br\/home\/#\/schema\/person\/7fed7c99c0d4562efa8561bc0f543172","name":"Reda\u00e7\u00e3o","image":{"@type":"ImageObject","inLanguage":"pt-BR","@id":"https:\/\/secure.gravatar.com\/avatar\/1072c6b775fb02ef8506ce967551d95926669a6b7d2c2147b42eea4d7c68395e?s=96&d=mm&r=g","url":"https:\/\/secure.gravatar.com\/avatar\/1072c6b775fb02ef8506ce967551d95926669a6b7d2c2147b42eea4d7c68395e?s=96&d=mm&r=g","contentUrl":"https:\/\/secure.gravatar.com\/avatar\/1072c6b775fb02ef8506ce967551d95926669a6b7d2c2147b42eea4d7c68395e?s=96&d=mm&r=g","caption":"Reda\u00e7\u00e3o"},"sameAs":["https:\/\/transamerica93.com.br\/home"],"url":"https:\/\/transamerica93.com.br\/home\/author\/william\/"}]}},"_links":{"self":[{"href":"https:\/\/transamerica93.com.br\/home\/wp-json\/wp\/v2\/posts\/3403","targetHints":{"allow":["GET"]}}],"collection":[{"href":"https:\/\/transamerica93.com.br\/home\/wp-json\/wp\/v2\/posts"}],"about":[{"href":"https:\/\/transamerica93.com.br\/home\/wp-json\/wp\/v2\/types\/post"}],"author":[{"embeddable":true,"href":"https:\/\/transamerica93.com.br\/home\/wp-json\/wp\/v2\/users\/1"}],"replies":[{"embeddable":true,"href":"https:\/\/transamerica93.com.br\/home\/wp-json\/wp\/v2\/comments?post=3403"}],"version-history":[{"count":1,"href":"https:\/\/transamerica93.com.br\/home\/wp-json\/wp\/v2\/posts\/3403\/revisions"}],"predecessor-version":[{"id":3404,"href":"https:\/\/transamerica93.com.br\/home\/wp-json\/wp\/v2\/posts\/3403\/revisions\/3404"}],"wp:featuredmedia":[{"embeddable":true,"href":"https:\/\/transamerica93.com.br\/home\/wp-json\/wp\/v2\/media\/3395"}],"wp:attachment":[{"href":"https:\/\/transamerica93.com.br\/home\/wp-json\/wp\/v2\/media?parent=3403"}],"wp:term":[{"taxonomy":"category","embeddable":true,"href":"https:\/\/transamerica93.com.br\/home\/wp-json\/wp\/v2\/categories?post=3403"},{"taxonomy":"post_tag","embeddable":true,"href":"https:\/\/transamerica93.com.br\/home\/wp-json\/wp\/v2\/tags?post=3403"}],"curies":[{"name":"wp","href":"https:\/\/api.w.org\/{rel}","templated":true}]}}