{"id":3405,"date":"2024-07-29T17:30:33","date_gmt":"2024-07-29T20:30:33","guid":{"rendered":"https:\/\/transamerica93.com.br\/home\/?p=3405"},"modified":"2024-07-28T19:51:29","modified_gmt":"2024-07-28T22:51:29","slug":"filha-de-bruce-willis-publica-nova-foto-de-ator-que-sofre-de-demencia-luz-do-sol","status":"publish","type":"post","link":"https:\/\/transamerica93.com.br\/home\/filha-de-bruce-willis-publica-nova-foto-de-ator-que-sofre-de-demencia-luz-do-sol\/","title":{"rendered":"Filha de Bruce Willis publica nova foto de ator, que sofre de dem\u00eancia: &#8216;Luz do sol&#8217;"},"content":{"rendered":"<div id=\"Corpo\">Por Reda\u00e7\u00e3o E+<\/p>\n<p>Tallulah Willis, filha de Bruce Willis com Demi Moore, publicou uma foto do pai neste s\u00e1bado, 27. A imagem foi celebrada por f\u00e3s, j\u00e1 que o ator de Hollywood est\u00e1 afastado dos holofotes desde seu diagn\u00f3stico de dem\u00eancia frontotemporal, em 2022. &#8220;Obrigado por compartilhar uma imagem de seu pai conosco. Adoro ele&#8221;, escreveu um seguidor.<\/p>\n<p>Junto ao ator, aparece o genro e namorado de Talluah, Justin Acee. Tallulah escreveu na legenda: &#8220;Essa foto \u00e9 a luz do sol em um dia chuvoso para mim.&#8221;<\/p>\n<p>Em outra foto, publicada nesta semana, o m\u00fasico Justin Acee aparece tamb\u00e9m com a atriz Demi Moore.<\/p>\n<p>Bruce e Demi Morre foram casados entre 1987 e 2000 e, ap\u00f3s o div\u00f3rcio, mantiveram rela\u00e7\u00e3o amig\u00e1vel. Os dois tiveram tr\u00eas filhas, Tallulah, Rumer e Scout. Ap\u00f3s o diagn\u00f3stico, Demi ficou mais pr\u00f3xima do ex-marido. Em 2023, ela se mudou para a casa de Bruce Willis e da atual esposa do ator, Emma Heming, para ajudar a fam\u00edlia.<\/p><\/div>\n","protected":false},"excerpt":{"rendered":"<p>Por Reda\u00e7\u00e3o E+ Tallulah Willis, filha de Bruce Willis com Demi Moore, publicou uma foto do pai neste s\u00e1bado, 27. A imagem foi celebrada por f\u00e3s, j\u00e1 que o ator de Hollywood est\u00e1 afastado dos holofotes desde seu diagn\u00f3stico de dem\u00eancia frontotemporal, em 2022. &#8220;Obrigado por compartilhar uma imagem de seu pai conosco. Adoro ele&#8221;, &hellip;<\/p>\n","protected":false},"author":1,"featured_media":3406,"comment_status":"closed","ping_status":"closed","sticky":false,"template":"","format":"standard","meta":{"footnotes":""},"categories":[24],"tags":[],"class_list":["post-3405","post","type-post","status-publish","format-standard","has-post-thumbnail","hentry","category-entretenimento"],"yoast_head":"<!-- This site is optimized with the Yoast SEO plugin v27.4 - https:\/\/yoast.com\/product\/yoast-seo-wordpress\/ -->\n<title>Filha de Bruce Willis publica nova foto de ator, que sofre de dem\u00eancia: &#039;Luz do sol&#039; - Transam\u00e9rica Mococa 93,3<\/title>\n<meta name=\"robots\" content=\"index, follow, max-snippet:-1, max-image-preview:large, max-video-preview:-1\" \/>\n<link rel=\"canonical\" href=\"https:\/\/transamerica93.com.br\/home\/filha-de-bruce-willis-publica-nova-foto-de-ator-que-sofre-de-demencia-luz-do-sol\/\" \/>\n<meta property=\"og:locale\" content=\"pt_BR\" \/>\n<meta property=\"og:type\" content=\"article\" \/>\n<meta property=\"og:title\" content=\"Filha de Bruce Willis publica nova foto de ator, que sofre de dem\u00eancia: &#039;Luz do sol&#039; - Transam\u00e9rica Mococa 93,3\" \/>\n<meta property=\"og:description\" content=\"Por Reda\u00e7\u00e3o E+ Tallulah Willis, filha de Bruce Willis com Demi Moore, publicou uma foto do pai neste s\u00e1bado, 27. A imagem foi celebrada por f\u00e3s, j\u00e1 que o ator de Hollywood est\u00e1 afastado dos holofotes desde seu diagn\u00f3stico de dem\u00eancia frontotemporal, em 2022. &#8220;Obrigado por compartilhar uma imagem de seu pai conosco. Adoro ele&#8221;, &hellip;\" \/>\n<meta property=\"og:url\" content=\"https:\/\/transamerica93.com.br\/home\/filha-de-bruce-willis-publica-nova-foto-de-ator-que-sofre-de-demencia-luz-do-sol\/\" \/>\n<meta property=\"og:site_name\" content=\"Transam\u00e9rica Mococa 93,3\" \/>\n<meta property=\"article:publisher\" content=\"https:\/\/www.facebook.com\/transamericamococa\" \/>\n<meta property=\"article:published_time\" content=\"2024-07-29T20:30:33+00:00\" \/>\n<meta property=\"og:image\" content=\"https:\/\/transamerica93.com.br\/home\/wp-content\/uploads\/2024\/07\/1-2.jpg\" \/>\n\t<meta property=\"og:image:width\" content=\"1200\" \/>\n\t<meta property=\"og:image:height\" content=\"627\" \/>\n\t<meta property=\"og:image:type\" content=\"image\/jpeg\" \/>\n<meta name=\"author\" content=\"Reda\u00e7\u00e3o\" \/>\n<meta name=\"twitter:card\" content=\"summary_large_image\" \/>\n<meta name=\"twitter:creator\" content=\"@transamerica933\" \/>\n<meta name=\"twitter:site\" content=\"@transamerica933\" \/>\n<meta name=\"twitter:label1\" content=\"Escrito por\" \/>\n\t<meta name=\"twitter:data1\" content=\"Reda\u00e7\u00e3o\" \/>\n\t<meta name=\"twitter:label2\" content=\"Est. tempo de leitura\" \/>\n\t<meta name=\"twitter:data2\" content=\"2 minutos\" \/>\n<script type=\"application\/ld+json\" class=\"yoast-schema-graph\">{\"@context\":\"https:\\\/\\\/schema.org\",\"@graph\":[{\"@type\":\"Article\",\"@id\":\"https:\\\/\\\/transamerica93.com.br\\\/home\\\/filha-de-bruce-willis-publica-nova-foto-de-ator-que-sofre-de-demencia-luz-do-sol\\\/#article\",\"isPartOf\":{\"@id\":\"https:\\\/\\\/transamerica93.com.br\\\/home\\\/filha-de-bruce-willis-publica-nova-foto-de-ator-que-sofre-de-demencia-luz-do-sol\\\/\"},\"author\":{\"name\":\"Reda\u00e7\u00e3o\",\"@id\":\"https:\\\/\\\/transamerica93.com.br\\\/home\\\/#\\\/schema\\\/person\\\/7fed7c99c0d4562efa8561bc0f543172\"},\"headline\":\"Filha de Bruce Willis publica nova foto de ator, que sofre de dem\u00eancia: &#8216;Luz do sol&#8217;\",\"datePublished\":\"2024-07-29T20:30:33+00:00\",\"mainEntityOfPage\":{\"@id\":\"https:\\\/\\\/transamerica93.com.br\\\/home\\\/filha-de-bruce-willis-publica-nova-foto-de-ator-que-sofre-de-demencia-luz-do-sol\\\/\"},\"wordCount\":189,\"publisher\":{\"@id\":\"https:\\\/\\\/transamerica93.com.br\\\/home\\\/#organization\"},\"image\":{\"@id\":\"https:\\\/\\\/transamerica93.com.br\\\/home\\\/filha-de-bruce-willis-publica-nova-foto-de-ator-que-sofre-de-demencia-luz-do-sol\\\/#primaryimage\"},\"thumbnailUrl\":\"https:\\\/\\\/transamerica93.com.br\\\/home\\\/wp-content\\\/uploads\\\/2024\\\/07\\\/1-2.jpg\",\"articleSection\":[\"Entretenimento\"],\"inLanguage\":\"pt-BR\"},{\"@type\":\"WebPage\",\"@id\":\"https:\\\/\\\/transamerica93.com.br\\\/home\\\/filha-de-bruce-willis-publica-nova-foto-de-ator-que-sofre-de-demencia-luz-do-sol\\\/\",\"url\":\"https:\\\/\\\/transamerica93.com.br\\\/home\\\/filha-de-bruce-willis-publica-nova-foto-de-ator-que-sofre-de-demencia-luz-do-sol\\\/\",\"name\":\"Filha de Bruce Willis publica nova foto de ator, que sofre de dem\u00eancia: 'Luz do sol' - Transam\u00e9rica Mococa 93,3\",\"isPartOf\":{\"@id\":\"https:\\\/\\\/transamerica93.com.br\\\/home\\\/#website\"},\"primaryImageOfPage\":{\"@id\":\"https:\\\/\\\/transamerica93.com.br\\\/home\\\/filha-de-bruce-willis-publica-nova-foto-de-ator-que-sofre-de-demencia-luz-do-sol\\\/#primaryimage\"},\"image\":{\"@id\":\"https:\\\/\\\/transamerica93.com.br\\\/home\\\/filha-de-bruce-willis-publica-nova-foto-de-ator-que-sofre-de-demencia-luz-do-sol\\\/#primaryimage\"},\"thumbnailUrl\":\"https:\\\/\\\/transamerica93.com.br\\\/home\\\/wp-content\\\/uploads\\\/2024\\\/07\\\/1-2.jpg\",\"datePublished\":\"2024-07-29T20:30:33+00:00\",\"breadcrumb\":{\"@id\":\"https:\\\/\\\/transamerica93.com.br\\\/home\\\/filha-de-bruce-willis-publica-nova-foto-de-ator-que-sofre-de-demencia-luz-do-sol\\\/#breadcrumb\"},\"inLanguage\":\"pt-BR\",\"potentialAction\":[{\"@type\":\"ReadAction\",\"target\":[\"https:\\\/\\\/transamerica93.com.br\\\/home\\\/filha-de-bruce-willis-publica-nova-foto-de-ator-que-sofre-de-demencia-luz-do-sol\\\/\"]}]},{\"@type\":\"ImageObject\",\"inLanguage\":\"pt-BR\",\"@id\":\"https:\\\/\\\/transamerica93.com.br\\\/home\\\/filha-de-bruce-willis-publica-nova-foto-de-ator-que-sofre-de-demencia-luz-do-sol\\\/#primaryimage\",\"url\":\"https:\\\/\\\/transamerica93.com.br\\\/home\\\/wp-content\\\/uploads\\\/2024\\\/07\\\/1-2.jpg\",\"contentUrl\":\"https:\\\/\\\/transamerica93.com.br\\\/home\\\/wp-content\\\/uploads\\\/2024\\\/07\\\/1-2.jpg\",\"width\":1200,\"height\":627,\"caption\":\"Foto: Reprodu\u00e7\u00e3o Instagram \\\/ @busski \\\/ Estad\u00e3o\"},{\"@type\":\"BreadcrumbList\",\"@id\":\"https:\\\/\\\/transamerica93.com.br\\\/home\\\/filha-de-bruce-willis-publica-nova-foto-de-ator-que-sofre-de-demencia-luz-do-sol\\\/#breadcrumb\",\"itemListElement\":[{\"@type\":\"ListItem\",\"position\":1,\"name\":\"In\u00edcio\",\"item\":\"https:\\\/\\\/transamerica93.com.br\\\/home\\\/\"},{\"@type\":\"ListItem\",\"position\":2,\"name\":\"Filha de Bruce Willis publica nova foto de ator, que sofre de dem\u00eancia: &#8216;Luz do sol&#8217;\"}]},{\"@type\":\"WebSite\",\"@id\":\"https:\\\/\\\/transamerica93.com.br\\\/home\\\/#website\",\"url\":\"https:\\\/\\\/transamerica93.com.br\\\/home\\\/\",\"name\":\"Transam\u00e9rica Mococa 93,3\",\"description\":\"\",\"publisher\":{\"@id\":\"https:\\\/\\\/transamerica93.com.br\\\/home\\\/#organization\"},\"potentialAction\":[{\"@type\":\"SearchAction\",\"target\":{\"@type\":\"EntryPoint\",\"urlTemplate\":\"https:\\\/\\\/transamerica93.com.br\\\/home\\\/?s={search_term_string}\"},\"query-input\":{\"@type\":\"PropertyValueSpecification\",\"valueRequired\":true,\"valueName\":\"search_term_string\"}}],\"inLanguage\":\"pt-BR\"},{\"@type\":\"Organization\",\"@id\":\"https:\\\/\\\/transamerica93.com.br\\\/home\\\/#organization\",\"name\":\"Transam\u00e9rica Mococa 93,3\",\"url\":\"https:\\\/\\\/transamerica93.com.br\\\/home\\\/\",\"logo\":{\"@type\":\"ImageObject\",\"inLanguage\":\"pt-BR\",\"@id\":\"https:\\\/\\\/transamerica93.com.br\\\/home\\\/#\\\/schema\\\/logo\\\/image\\\/\",\"url\":\"https:\\\/\\\/transamerica93.com.br\\\/home\\\/wp-content\\\/uploads\\\/2023\\\/10\\\/logo2.png\",\"contentUrl\":\"https:\\\/\\\/transamerica93.com.br\\\/home\\\/wp-content\\\/uploads\\\/2023\\\/10\\\/logo2.png\",\"width\":800,\"height\":500,\"caption\":\"Transam\u00e9rica Mococa 93,3\"},\"image\":{\"@id\":\"https:\\\/\\\/transamerica93.com.br\\\/home\\\/#\\\/schema\\\/logo\\\/image\\\/\"},\"sameAs\":[\"https:\\\/\\\/www.facebook.com\\\/transamericamococa\",\"https:\\\/\\\/x.com\\\/transamerica933\",\"https:\\\/\\\/www.instagram.com\\\/transamericamococa\"]},{\"@type\":\"Person\",\"@id\":\"https:\\\/\\\/transamerica93.com.br\\\/home\\\/#\\\/schema\\\/person\\\/7fed7c99c0d4562efa8561bc0f543172\",\"name\":\"Reda\u00e7\u00e3o\",\"image\":{\"@type\":\"ImageObject\",\"inLanguage\":\"pt-BR\",\"@id\":\"https:\\\/\\\/secure.gravatar.com\\\/avatar\\\/1072c6b775fb02ef8506ce967551d95926669a6b7d2c2147b42eea4d7c68395e?s=96&d=mm&r=g\",\"url\":\"https:\\\/\\\/secure.gravatar.com\\\/avatar\\\/1072c6b775fb02ef8506ce967551d95926669a6b7d2c2147b42eea4d7c68395e?s=96&d=mm&r=g\",\"contentUrl\":\"https:\\\/\\\/secure.gravatar.com\\\/avatar\\\/1072c6b775fb02ef8506ce967551d95926669a6b7d2c2147b42eea4d7c68395e?s=96&d=mm&r=g\",\"caption\":\"Reda\u00e7\u00e3o\"},\"sameAs\":[\"https:\\\/\\\/transamerica93.com.br\\\/home\"],\"url\":\"https:\\\/\\\/transamerica93.com.br\\\/home\\\/author\\\/william\\\/\"}]}<\/script>\n<!-- \/ Yoast SEO plugin. -->","yoast_head_json":{"title":"Filha de Bruce Willis publica nova foto de ator, que sofre de dem\u00eancia: 'Luz do sol' - Transam\u00e9rica Mococa 93,3","robots":{"index":"index","follow":"follow","max-snippet":"max-snippet:-1","max-image-preview":"max-image-preview:large","max-video-preview":"max-video-preview:-1"},"canonical":"https:\/\/transamerica93.com.br\/home\/filha-de-bruce-willis-publica-nova-foto-de-ator-que-sofre-de-demencia-luz-do-sol\/","og_locale":"pt_BR","og_type":"article","og_title":"Filha de Bruce Willis publica nova foto de ator, que sofre de dem\u00eancia: 'Luz do sol' - Transam\u00e9rica Mococa 93,3","og_description":"Por Reda\u00e7\u00e3o E+ Tallulah Willis, filha de Bruce Willis com Demi Moore, publicou uma foto do pai neste s\u00e1bado, 27. A imagem foi celebrada por f\u00e3s, j\u00e1 que o ator de Hollywood est\u00e1 afastado dos holofotes desde seu diagn\u00f3stico de dem\u00eancia frontotemporal, em 2022. &#8220;Obrigado por compartilhar uma imagem de seu pai conosco. Adoro ele&#8221;, &hellip;","og_url":"https:\/\/transamerica93.com.br\/home\/filha-de-bruce-willis-publica-nova-foto-de-ator-que-sofre-de-demencia-luz-do-sol\/","og_site_name":"Transam\u00e9rica Mococa 93,3","article_publisher":"https:\/\/www.facebook.com\/transamericamococa","article_published_time":"2024-07-29T20:30:33+00:00","og_image":[{"width":1200,"height":627,"url":"https:\/\/transamerica93.com.br\/home\/wp-content\/uploads\/2024\/07\/1-2.jpg","type":"image\/jpeg"}],"author":"Reda\u00e7\u00e3o","twitter_card":"summary_large_image","twitter_creator":"@transamerica933","twitter_site":"@transamerica933","twitter_misc":{"Escrito por":"Reda\u00e7\u00e3o","Est. tempo de leitura":"2 minutos"},"schema":{"@context":"https:\/\/schema.org","@graph":[{"@type":"Article","@id":"https:\/\/transamerica93.com.br\/home\/filha-de-bruce-willis-publica-nova-foto-de-ator-que-sofre-de-demencia-luz-do-sol\/#article","isPartOf":{"@id":"https:\/\/transamerica93.com.br\/home\/filha-de-bruce-willis-publica-nova-foto-de-ator-que-sofre-de-demencia-luz-do-sol\/"},"author":{"name":"Reda\u00e7\u00e3o","@id":"https:\/\/transamerica93.com.br\/home\/#\/schema\/person\/7fed7c99c0d4562efa8561bc0f543172"},"headline":"Filha de Bruce Willis publica nova foto de ator, que sofre de dem\u00eancia: &#8216;Luz do sol&#8217;","datePublished":"2024-07-29T20:30:33+00:00","mainEntityOfPage":{"@id":"https:\/\/transamerica93.com.br\/home\/filha-de-bruce-willis-publica-nova-foto-de-ator-que-sofre-de-demencia-luz-do-sol\/"},"wordCount":189,"publisher":{"@id":"https:\/\/transamerica93.com.br\/home\/#organization"},"image":{"@id":"https:\/\/transamerica93.com.br\/home\/filha-de-bruce-willis-publica-nova-foto-de-ator-que-sofre-de-demencia-luz-do-sol\/#primaryimage"},"thumbnailUrl":"https:\/\/transamerica93.com.br\/home\/wp-content\/uploads\/2024\/07\/1-2.jpg","articleSection":["Entretenimento"],"inLanguage":"pt-BR"},{"@type":"WebPage","@id":"https:\/\/transamerica93.com.br\/home\/filha-de-bruce-willis-publica-nova-foto-de-ator-que-sofre-de-demencia-luz-do-sol\/","url":"https:\/\/transamerica93.com.br\/home\/filha-de-bruce-willis-publica-nova-foto-de-ator-que-sofre-de-demencia-luz-do-sol\/","name":"Filha de Bruce Willis publica nova foto de ator, que sofre de dem\u00eancia: 'Luz do sol' - Transam\u00e9rica Mococa 93,3","isPartOf":{"@id":"https:\/\/transamerica93.com.br\/home\/#website"},"primaryImageOfPage":{"@id":"https:\/\/transamerica93.com.br\/home\/filha-de-bruce-willis-publica-nova-foto-de-ator-que-sofre-de-demencia-luz-do-sol\/#primaryimage"},"image":{"@id":"https:\/\/transamerica93.com.br\/home\/filha-de-bruce-willis-publica-nova-foto-de-ator-que-sofre-de-demencia-luz-do-sol\/#primaryimage"},"thumbnailUrl":"https:\/\/transamerica93.com.br\/home\/wp-content\/uploads\/2024\/07\/1-2.jpg","datePublished":"2024-07-29T20:30:33+00:00","breadcrumb":{"@id":"https:\/\/transamerica93.com.br\/home\/filha-de-bruce-willis-publica-nova-foto-de-ator-que-sofre-de-demencia-luz-do-sol\/#breadcrumb"},"inLanguage":"pt-BR","potentialAction":[{"@type":"ReadAction","target":["https:\/\/transamerica93.com.br\/home\/filha-de-bruce-willis-publica-nova-foto-de-ator-que-sofre-de-demencia-luz-do-sol\/"]}]},{"@type":"ImageObject","inLanguage":"pt-BR","@id":"https:\/\/transamerica93.com.br\/home\/filha-de-bruce-willis-publica-nova-foto-de-ator-que-sofre-de-demencia-luz-do-sol\/#primaryimage","url":"https:\/\/transamerica93.com.br\/home\/wp-content\/uploads\/2024\/07\/1-2.jpg","contentUrl":"https:\/\/transamerica93.com.br\/home\/wp-content\/uploads\/2024\/07\/1-2.jpg","width":1200,"height":627,"caption":"Foto: Reprodu\u00e7\u00e3o Instagram \/ @busski \/ Estad\u00e3o"},{"@type":"BreadcrumbList","@id":"https:\/\/transamerica93.com.br\/home\/filha-de-bruce-willis-publica-nova-foto-de-ator-que-sofre-de-demencia-luz-do-sol\/#breadcrumb","itemListElement":[{"@type":"ListItem","position":1,"name":"In\u00edcio","item":"https:\/\/transamerica93.com.br\/home\/"},{"@type":"ListItem","position":2,"name":"Filha de Bruce Willis publica nova foto de ator, que sofre de dem\u00eancia: &#8216;Luz do sol&#8217;"}]},{"@type":"WebSite","@id":"https:\/\/transamerica93.com.br\/home\/#website","url":"https:\/\/transamerica93.com.br\/home\/","name":"Transam\u00e9rica Mococa 93,3","description":"","publisher":{"@id":"https:\/\/transamerica93.com.br\/home\/#organization"},"potentialAction":[{"@type":"SearchAction","target":{"@type":"EntryPoint","urlTemplate":"https:\/\/transamerica93.com.br\/home\/?s={search_term_string}"},"query-input":{"@type":"PropertyValueSpecification","valueRequired":true,"valueName":"search_term_string"}}],"inLanguage":"pt-BR"},{"@type":"Organization","@id":"https:\/\/transamerica93.com.br\/home\/#organization","name":"Transam\u00e9rica Mococa 93,3","url":"https:\/\/transamerica93.com.br\/home\/","logo":{"@type":"ImageObject","inLanguage":"pt-BR","@id":"https:\/\/transamerica93.com.br\/home\/#\/schema\/logo\/image\/","url":"https:\/\/transamerica93.com.br\/home\/wp-content\/uploads\/2023\/10\/logo2.png","contentUrl":"https:\/\/transamerica93.com.br\/home\/wp-content\/uploads\/2023\/10\/logo2.png","width":800,"height":500,"caption":"Transam\u00e9rica Mococa 93,3"},"image":{"@id":"https:\/\/transamerica93.com.br\/home\/#\/schema\/logo\/image\/"},"sameAs":["https:\/\/www.facebook.com\/transamericamococa","https:\/\/x.com\/transamerica933","https:\/\/www.instagram.com\/transamericamococa"]},{"@type":"Person","@id":"https:\/\/transamerica93.com.br\/home\/#\/schema\/person\/7fed7c99c0d4562efa8561bc0f543172","name":"Reda\u00e7\u00e3o","image":{"@type":"ImageObject","inLanguage":"pt-BR","@id":"https:\/\/secure.gravatar.com\/avatar\/1072c6b775fb02ef8506ce967551d95926669a6b7d2c2147b42eea4d7c68395e?s=96&d=mm&r=g","url":"https:\/\/secure.gravatar.com\/avatar\/1072c6b775fb02ef8506ce967551d95926669a6b7d2c2147b42eea4d7c68395e?s=96&d=mm&r=g","contentUrl":"https:\/\/secure.gravatar.com\/avatar\/1072c6b775fb02ef8506ce967551d95926669a6b7d2c2147b42eea4d7c68395e?s=96&d=mm&r=g","caption":"Reda\u00e7\u00e3o"},"sameAs":["https:\/\/transamerica93.com.br\/home"],"url":"https:\/\/transamerica93.com.br\/home\/author\/william\/"}]}},"_links":{"self":[{"href":"https:\/\/transamerica93.com.br\/home\/wp-json\/wp\/v2\/posts\/3405","targetHints":{"allow":["GET"]}}],"collection":[{"href":"https:\/\/transamerica93.com.br\/home\/wp-json\/wp\/v2\/posts"}],"about":[{"href":"https:\/\/transamerica93.com.br\/home\/wp-json\/wp\/v2\/types\/post"}],"author":[{"embeddable":true,"href":"https:\/\/transamerica93.com.br\/home\/wp-json\/wp\/v2\/users\/1"}],"replies":[{"embeddable":true,"href":"https:\/\/transamerica93.com.br\/home\/wp-json\/wp\/v2\/comments?post=3405"}],"version-history":[{"count":1,"href":"https:\/\/transamerica93.com.br\/home\/wp-json\/wp\/v2\/posts\/3405\/revisions"}],"predecessor-version":[{"id":3407,"href":"https:\/\/transamerica93.com.br\/home\/wp-json\/wp\/v2\/posts\/3405\/revisions\/3407"}],"wp:featuredmedia":[{"embeddable":true,"href":"https:\/\/transamerica93.com.br\/home\/wp-json\/wp\/v2\/media\/3406"}],"wp:attachment":[{"href":"https:\/\/transamerica93.com.br\/home\/wp-json\/wp\/v2\/media?parent=3405"}],"wp:term":[{"taxonomy":"category","embeddable":true,"href":"https:\/\/transamerica93.com.br\/home\/wp-json\/wp\/v2\/categories?post=3405"},{"taxonomy":"post_tag","embeddable":true,"href":"https:\/\/transamerica93.com.br\/home\/wp-json\/wp\/v2\/tags?post=3405"}],"curies":[{"name":"wp","href":"https:\/\/api.w.org\/{rel}","templated":true}]}}