{"id":3411,"date":"2024-07-31T17:30:56","date_gmt":"2024-07-31T20:30:56","guid":{"rendered":"https:\/\/transamerica93.com.br\/home\/?p=3411"},"modified":"2024-07-28T19:54:51","modified_gmt":"2024-07-28T22:54:51","slug":"tratando-cancer-mae-de-isis-valverde-mostra-cabelo-raspado-saldo-de-dor-de-dois-meses","status":"publish","type":"post","link":"https:\/\/transamerica93.com.br\/home\/tratando-cancer-mae-de-isis-valverde-mostra-cabelo-raspado-saldo-de-dor-de-dois-meses\/","title":{"rendered":"Tratando c\u00e2ncer, m\u00e3e de Isis Valverde mostra cabelo raspado: &#8216;Saldo de dor de dois meses&#8217;"},"content":{"rendered":"<p>Por Reda\u00e7\u00e3o E+<\/p>\n<p>Rosalba Nable, m\u00e3e da atriz Isis Valverde, usou seu perfil no Instagram para publicar uma foto em que aparece careca, com o cabelo raspado em decorr\u00eancia do tratamento de um c\u00e2ncer. &#8220;Ap\u00f3s 20 dias da primeira quimioterapia, os cabelos come\u00e7aram a cair&#8221;, escreveu neste s\u00e1bado, 27.<\/p>\n<p>&#8220;Fiquei uma semana brincando de esconde-esconde comigo mesma. Prometia, mas n\u00e3o ia resolver. Mas da\u00ed o destemor veio e me disse: Vamos terminar com isso! E, surpreendentemente, foi um acontecimento calmo, regado com as poucas l\u00e1grimas que ainda me restam.&#8221;<\/p>\n<p>&#8220;Os cabelos crescem. Sim, esses lindos cabelos que eu tanto amava crescem. E a gente confia, at\u00e9 mesmo por n\u00e3o ter escolha, que vai acabar crescendo tamb\u00e9m&#8221;, refletiu.<\/p>\n<p>Rosalba desabafou: &#8220;A dor f\u00edsica sempre me foi insuport\u00e1vel. A emocional, nem tanto, por j\u00e1 ter lidado com muitas decep\u00e7\u00f5es e lutas ingloriosas. A gente vai calejando com o passar dos anos. Mesmo assim n\u00e3o est\u00e1 sendo f\u00e1cil. N\u00e3o mesmo&#8221;.<\/p>\n<p>&#8220;Que nesse momento eu tenha o necess\u00e1rio acolhimento com tantas emo\u00e7\u00f5es, tudo ao mesmo tempo. Que eu possa continuar sendo a casa que me abriga e aquece e tenha outras \u2018casas\u2019 pra descansar em paz.&#8221;<\/p>\n<p>&#8220;Que eu compreenda que tenho limita\u00e7\u00f5es e que este fato implica desabar, chorar, desesperar e que os que me amam possam entender isso e ter a necess\u00e1ria sabedoria que a situa\u00e7\u00e3o merece para me suportarem quando eu menos mere\u00e7o&#8221;, prosseguiu a m\u00e3e de Isis Valverde.<\/p>\n<p>Rosalba Nable ainda prop\u00f4s uma mensagem de otimismo em meio \u00e0 doen\u00e7a: &#8220;Porque n\u00e3o importa quem somos, quando esse momento chega, somos obrigados a admitir sermos nada e a ouvir nossa voz interior dizendo, insistentemente, que as coisas v\u00e3o melhorar &#8211; mesmo que isso pare\u00e7a imposs\u00edvel agora&#8221;.<\/p>\n","protected":false},"excerpt":{"rendered":"<p>Por Reda\u00e7\u00e3o E+ Rosalba Nable, m\u00e3e da atriz Isis Valverde, usou seu perfil no Instagram para publicar uma foto em que aparece careca, com o cabelo raspado em decorr\u00eancia do tratamento de um c\u00e2ncer. &#8220;Ap\u00f3s 20 dias da primeira quimioterapia, os cabelos come\u00e7aram a cair&#8221;, escreveu neste s\u00e1bado, 27. &#8220;Fiquei uma semana brincando de esconde-esconde &hellip;<\/p>\n","protected":false},"author":1,"featured_media":3412,"comment_status":"closed","ping_status":"closed","sticky":false,"template":"","format":"standard","meta":{"footnotes":""},"categories":[24],"tags":[],"class_list":["post-3411","post","type-post","status-publish","format-standard","has-post-thumbnail","hentry","category-entretenimento"],"yoast_head":"<!-- This site is optimized with the Yoast SEO plugin v27.4 - https:\/\/yoast.com\/product\/yoast-seo-wordpress\/ -->\n<title>Tratando c\u00e2ncer, m\u00e3e de Isis Valverde mostra cabelo raspado: &#039;Saldo de dor de dois meses&#039; - Transam\u00e9rica Mococa 93,3<\/title>\n<meta name=\"robots\" content=\"index, follow, max-snippet:-1, max-image-preview:large, max-video-preview:-1\" \/>\n<link rel=\"canonical\" href=\"https:\/\/transamerica93.com.br\/home\/tratando-cancer-mae-de-isis-valverde-mostra-cabelo-raspado-saldo-de-dor-de-dois-meses\/\" \/>\n<meta property=\"og:locale\" content=\"pt_BR\" \/>\n<meta property=\"og:type\" content=\"article\" \/>\n<meta property=\"og:title\" content=\"Tratando c\u00e2ncer, m\u00e3e de Isis Valverde mostra cabelo raspado: &#039;Saldo de dor de dois meses&#039; - Transam\u00e9rica Mococa 93,3\" \/>\n<meta property=\"og:description\" content=\"Por Reda\u00e7\u00e3o E+ Rosalba Nable, m\u00e3e da atriz Isis Valverde, usou seu perfil no Instagram para publicar uma foto em que aparece careca, com o cabelo raspado em decorr\u00eancia do tratamento de um c\u00e2ncer. &#8220;Ap\u00f3s 20 dias da primeira quimioterapia, os cabelos come\u00e7aram a cair&#8221;, escreveu neste s\u00e1bado, 27. &#8220;Fiquei uma semana brincando de esconde-esconde &hellip;\" \/>\n<meta property=\"og:url\" content=\"https:\/\/transamerica93.com.br\/home\/tratando-cancer-mae-de-isis-valverde-mostra-cabelo-raspado-saldo-de-dor-de-dois-meses\/\" \/>\n<meta property=\"og:site_name\" content=\"Transam\u00e9rica Mococa 93,3\" \/>\n<meta property=\"article:publisher\" content=\"https:\/\/www.facebook.com\/transamericamococa\" \/>\n<meta property=\"article:published_time\" content=\"2024-07-31T20:30:56+00:00\" \/>\n<meta property=\"og:image\" content=\"https:\/\/transamerica93.com.br\/home\/wp-content\/uploads\/2024\/07\/1-4.jpg\" \/>\n\t<meta property=\"og:image:width\" content=\"883\" \/>\n\t<meta property=\"og:image:height\" content=\"588\" \/>\n\t<meta property=\"og:image:type\" content=\"image\/jpeg\" \/>\n<meta name=\"author\" content=\"Reda\u00e7\u00e3o\" \/>\n<meta name=\"twitter:card\" content=\"summary_large_image\" \/>\n<meta name=\"twitter:creator\" content=\"@transamerica933\" \/>\n<meta name=\"twitter:site\" content=\"@transamerica933\" \/>\n<meta name=\"twitter:label1\" content=\"Escrito por\" \/>\n\t<meta name=\"twitter:data1\" content=\"Reda\u00e7\u00e3o\" \/>\n\t<meta name=\"twitter:label2\" content=\"Est. tempo de leitura\" \/>\n\t<meta name=\"twitter:data2\" content=\"2 minutos\" \/>\n<script type=\"application\/ld+json\" class=\"yoast-schema-graph\">{\"@context\":\"https:\\\/\\\/schema.org\",\"@graph\":[{\"@type\":\"Article\",\"@id\":\"https:\\\/\\\/transamerica93.com.br\\\/home\\\/tratando-cancer-mae-de-isis-valverde-mostra-cabelo-raspado-saldo-de-dor-de-dois-meses\\\/#article\",\"isPartOf\":{\"@id\":\"https:\\\/\\\/transamerica93.com.br\\\/home\\\/tratando-cancer-mae-de-isis-valverde-mostra-cabelo-raspado-saldo-de-dor-de-dois-meses\\\/\"},\"author\":{\"name\":\"Reda\u00e7\u00e3o\",\"@id\":\"https:\\\/\\\/transamerica93.com.br\\\/home\\\/#\\\/schema\\\/person\\\/7fed7c99c0d4562efa8561bc0f543172\"},\"headline\":\"Tratando c\u00e2ncer, m\u00e3e de Isis Valverde mostra cabelo raspado: &#8216;Saldo de dor de dois meses&#8217;\",\"datePublished\":\"2024-07-31T20:30:56+00:00\",\"mainEntityOfPage\":{\"@id\":\"https:\\\/\\\/transamerica93.com.br\\\/home\\\/tratando-cancer-mae-de-isis-valverde-mostra-cabelo-raspado-saldo-de-dor-de-dois-meses\\\/\"},\"wordCount\":328,\"publisher\":{\"@id\":\"https:\\\/\\\/transamerica93.com.br\\\/home\\\/#organization\"},\"image\":{\"@id\":\"https:\\\/\\\/transamerica93.com.br\\\/home\\\/tratando-cancer-mae-de-isis-valverde-mostra-cabelo-raspado-saldo-de-dor-de-dois-meses\\\/#primaryimage\"},\"thumbnailUrl\":\"https:\\\/\\\/transamerica93.com.br\\\/home\\\/wp-content\\\/uploads\\\/2024\\\/07\\\/1-4.jpg\",\"articleSection\":[\"Entretenimento\"],\"inLanguage\":\"pt-BR\"},{\"@type\":\"WebPage\",\"@id\":\"https:\\\/\\\/transamerica93.com.br\\\/home\\\/tratando-cancer-mae-de-isis-valverde-mostra-cabelo-raspado-saldo-de-dor-de-dois-meses\\\/\",\"url\":\"https:\\\/\\\/transamerica93.com.br\\\/home\\\/tratando-cancer-mae-de-isis-valverde-mostra-cabelo-raspado-saldo-de-dor-de-dois-meses\\\/\",\"name\":\"Tratando c\u00e2ncer, m\u00e3e de Isis Valverde mostra cabelo raspado: 'Saldo de dor de dois meses' - Transam\u00e9rica Mococa 93,3\",\"isPartOf\":{\"@id\":\"https:\\\/\\\/transamerica93.com.br\\\/home\\\/#website\"},\"primaryImageOfPage\":{\"@id\":\"https:\\\/\\\/transamerica93.com.br\\\/home\\\/tratando-cancer-mae-de-isis-valverde-mostra-cabelo-raspado-saldo-de-dor-de-dois-meses\\\/#primaryimage\"},\"image\":{\"@id\":\"https:\\\/\\\/transamerica93.com.br\\\/home\\\/tratando-cancer-mae-de-isis-valverde-mostra-cabelo-raspado-saldo-de-dor-de-dois-meses\\\/#primaryimage\"},\"thumbnailUrl\":\"https:\\\/\\\/transamerica93.com.br\\\/home\\\/wp-content\\\/uploads\\\/2024\\\/07\\\/1-4.jpg\",\"datePublished\":\"2024-07-31T20:30:56+00:00\",\"breadcrumb\":{\"@id\":\"https:\\\/\\\/transamerica93.com.br\\\/home\\\/tratando-cancer-mae-de-isis-valverde-mostra-cabelo-raspado-saldo-de-dor-de-dois-meses\\\/#breadcrumb\"},\"inLanguage\":\"pt-BR\",\"potentialAction\":[{\"@type\":\"ReadAction\",\"target\":[\"https:\\\/\\\/transamerica93.com.br\\\/home\\\/tratando-cancer-mae-de-isis-valverde-mostra-cabelo-raspado-saldo-de-dor-de-dois-meses\\\/\"]}]},{\"@type\":\"ImageObject\",\"inLanguage\":\"pt-BR\",\"@id\":\"https:\\\/\\\/transamerica93.com.br\\\/home\\\/tratando-cancer-mae-de-isis-valverde-mostra-cabelo-raspado-saldo-de-dor-de-dois-meses\\\/#primaryimage\",\"url\":\"https:\\\/\\\/transamerica93.com.br\\\/home\\\/wp-content\\\/uploads\\\/2024\\\/07\\\/1-4.jpg\",\"contentUrl\":\"https:\\\/\\\/transamerica93.com.br\\\/home\\\/wp-content\\\/uploads\\\/2024\\\/07\\\/1-4.jpg\",\"width\":883,\"height\":588,\"caption\":\"Foto: Instagram\"},{\"@type\":\"BreadcrumbList\",\"@id\":\"https:\\\/\\\/transamerica93.com.br\\\/home\\\/tratando-cancer-mae-de-isis-valverde-mostra-cabelo-raspado-saldo-de-dor-de-dois-meses\\\/#breadcrumb\",\"itemListElement\":[{\"@type\":\"ListItem\",\"position\":1,\"name\":\"In\u00edcio\",\"item\":\"https:\\\/\\\/transamerica93.com.br\\\/home\\\/\"},{\"@type\":\"ListItem\",\"position\":2,\"name\":\"Tratando c\u00e2ncer, m\u00e3e de Isis Valverde mostra cabelo raspado: &#8216;Saldo de dor de dois meses&#8217;\"}]},{\"@type\":\"WebSite\",\"@id\":\"https:\\\/\\\/transamerica93.com.br\\\/home\\\/#website\",\"url\":\"https:\\\/\\\/transamerica93.com.br\\\/home\\\/\",\"name\":\"Transam\u00e9rica Mococa 93,3\",\"description\":\"\",\"publisher\":{\"@id\":\"https:\\\/\\\/transamerica93.com.br\\\/home\\\/#organization\"},\"potentialAction\":[{\"@type\":\"SearchAction\",\"target\":{\"@type\":\"EntryPoint\",\"urlTemplate\":\"https:\\\/\\\/transamerica93.com.br\\\/home\\\/?s={search_term_string}\"},\"query-input\":{\"@type\":\"PropertyValueSpecification\",\"valueRequired\":true,\"valueName\":\"search_term_string\"}}],\"inLanguage\":\"pt-BR\"},{\"@type\":\"Organization\",\"@id\":\"https:\\\/\\\/transamerica93.com.br\\\/home\\\/#organization\",\"name\":\"Transam\u00e9rica Mococa 93,3\",\"url\":\"https:\\\/\\\/transamerica93.com.br\\\/home\\\/\",\"logo\":{\"@type\":\"ImageObject\",\"inLanguage\":\"pt-BR\",\"@id\":\"https:\\\/\\\/transamerica93.com.br\\\/home\\\/#\\\/schema\\\/logo\\\/image\\\/\",\"url\":\"https:\\\/\\\/transamerica93.com.br\\\/home\\\/wp-content\\\/uploads\\\/2023\\\/10\\\/logo2.png\",\"contentUrl\":\"https:\\\/\\\/transamerica93.com.br\\\/home\\\/wp-content\\\/uploads\\\/2023\\\/10\\\/logo2.png\",\"width\":800,\"height\":500,\"caption\":\"Transam\u00e9rica Mococa 93,3\"},\"image\":{\"@id\":\"https:\\\/\\\/transamerica93.com.br\\\/home\\\/#\\\/schema\\\/logo\\\/image\\\/\"},\"sameAs\":[\"https:\\\/\\\/www.facebook.com\\\/transamericamococa\",\"https:\\\/\\\/x.com\\\/transamerica933\",\"https:\\\/\\\/www.instagram.com\\\/transamericamococa\"]},{\"@type\":\"Person\",\"@id\":\"https:\\\/\\\/transamerica93.com.br\\\/home\\\/#\\\/schema\\\/person\\\/7fed7c99c0d4562efa8561bc0f543172\",\"name\":\"Reda\u00e7\u00e3o\",\"image\":{\"@type\":\"ImageObject\",\"inLanguage\":\"pt-BR\",\"@id\":\"https:\\\/\\\/secure.gravatar.com\\\/avatar\\\/1072c6b775fb02ef8506ce967551d95926669a6b7d2c2147b42eea4d7c68395e?s=96&d=mm&r=g\",\"url\":\"https:\\\/\\\/secure.gravatar.com\\\/avatar\\\/1072c6b775fb02ef8506ce967551d95926669a6b7d2c2147b42eea4d7c68395e?s=96&d=mm&r=g\",\"contentUrl\":\"https:\\\/\\\/secure.gravatar.com\\\/avatar\\\/1072c6b775fb02ef8506ce967551d95926669a6b7d2c2147b42eea4d7c68395e?s=96&d=mm&r=g\",\"caption\":\"Reda\u00e7\u00e3o\"},\"sameAs\":[\"https:\\\/\\\/transamerica93.com.br\\\/home\"],\"url\":\"https:\\\/\\\/transamerica93.com.br\\\/home\\\/author\\\/william\\\/\"}]}<\/script>\n<!-- \/ Yoast SEO plugin. -->","yoast_head_json":{"title":"Tratando c\u00e2ncer, m\u00e3e de Isis Valverde mostra cabelo raspado: 'Saldo de dor de dois meses' - Transam\u00e9rica Mococa 93,3","robots":{"index":"index","follow":"follow","max-snippet":"max-snippet:-1","max-image-preview":"max-image-preview:large","max-video-preview":"max-video-preview:-1"},"canonical":"https:\/\/transamerica93.com.br\/home\/tratando-cancer-mae-de-isis-valverde-mostra-cabelo-raspado-saldo-de-dor-de-dois-meses\/","og_locale":"pt_BR","og_type":"article","og_title":"Tratando c\u00e2ncer, m\u00e3e de Isis Valverde mostra cabelo raspado: 'Saldo de dor de dois meses' - Transam\u00e9rica Mococa 93,3","og_description":"Por Reda\u00e7\u00e3o E+ Rosalba Nable, m\u00e3e da atriz Isis Valverde, usou seu perfil no Instagram para publicar uma foto em que aparece careca, com o cabelo raspado em decorr\u00eancia do tratamento de um c\u00e2ncer. &#8220;Ap\u00f3s 20 dias da primeira quimioterapia, os cabelos come\u00e7aram a cair&#8221;, escreveu neste s\u00e1bado, 27. &#8220;Fiquei uma semana brincando de esconde-esconde &hellip;","og_url":"https:\/\/transamerica93.com.br\/home\/tratando-cancer-mae-de-isis-valverde-mostra-cabelo-raspado-saldo-de-dor-de-dois-meses\/","og_site_name":"Transam\u00e9rica Mococa 93,3","article_publisher":"https:\/\/www.facebook.com\/transamericamococa","article_published_time":"2024-07-31T20:30:56+00:00","og_image":[{"width":883,"height":588,"url":"https:\/\/transamerica93.com.br\/home\/wp-content\/uploads\/2024\/07\/1-4.jpg","type":"image\/jpeg"}],"author":"Reda\u00e7\u00e3o","twitter_card":"summary_large_image","twitter_creator":"@transamerica933","twitter_site":"@transamerica933","twitter_misc":{"Escrito por":"Reda\u00e7\u00e3o","Est. tempo de leitura":"2 minutos"},"schema":{"@context":"https:\/\/schema.org","@graph":[{"@type":"Article","@id":"https:\/\/transamerica93.com.br\/home\/tratando-cancer-mae-de-isis-valverde-mostra-cabelo-raspado-saldo-de-dor-de-dois-meses\/#article","isPartOf":{"@id":"https:\/\/transamerica93.com.br\/home\/tratando-cancer-mae-de-isis-valverde-mostra-cabelo-raspado-saldo-de-dor-de-dois-meses\/"},"author":{"name":"Reda\u00e7\u00e3o","@id":"https:\/\/transamerica93.com.br\/home\/#\/schema\/person\/7fed7c99c0d4562efa8561bc0f543172"},"headline":"Tratando c\u00e2ncer, m\u00e3e de Isis Valverde mostra cabelo raspado: &#8216;Saldo de dor de dois meses&#8217;","datePublished":"2024-07-31T20:30:56+00:00","mainEntityOfPage":{"@id":"https:\/\/transamerica93.com.br\/home\/tratando-cancer-mae-de-isis-valverde-mostra-cabelo-raspado-saldo-de-dor-de-dois-meses\/"},"wordCount":328,"publisher":{"@id":"https:\/\/transamerica93.com.br\/home\/#organization"},"image":{"@id":"https:\/\/transamerica93.com.br\/home\/tratando-cancer-mae-de-isis-valverde-mostra-cabelo-raspado-saldo-de-dor-de-dois-meses\/#primaryimage"},"thumbnailUrl":"https:\/\/transamerica93.com.br\/home\/wp-content\/uploads\/2024\/07\/1-4.jpg","articleSection":["Entretenimento"],"inLanguage":"pt-BR"},{"@type":"WebPage","@id":"https:\/\/transamerica93.com.br\/home\/tratando-cancer-mae-de-isis-valverde-mostra-cabelo-raspado-saldo-de-dor-de-dois-meses\/","url":"https:\/\/transamerica93.com.br\/home\/tratando-cancer-mae-de-isis-valverde-mostra-cabelo-raspado-saldo-de-dor-de-dois-meses\/","name":"Tratando c\u00e2ncer, m\u00e3e de Isis Valverde mostra cabelo raspado: 'Saldo de dor de dois meses' - Transam\u00e9rica Mococa 93,3","isPartOf":{"@id":"https:\/\/transamerica93.com.br\/home\/#website"},"primaryImageOfPage":{"@id":"https:\/\/transamerica93.com.br\/home\/tratando-cancer-mae-de-isis-valverde-mostra-cabelo-raspado-saldo-de-dor-de-dois-meses\/#primaryimage"},"image":{"@id":"https:\/\/transamerica93.com.br\/home\/tratando-cancer-mae-de-isis-valverde-mostra-cabelo-raspado-saldo-de-dor-de-dois-meses\/#primaryimage"},"thumbnailUrl":"https:\/\/transamerica93.com.br\/home\/wp-content\/uploads\/2024\/07\/1-4.jpg","datePublished":"2024-07-31T20:30:56+00:00","breadcrumb":{"@id":"https:\/\/transamerica93.com.br\/home\/tratando-cancer-mae-de-isis-valverde-mostra-cabelo-raspado-saldo-de-dor-de-dois-meses\/#breadcrumb"},"inLanguage":"pt-BR","potentialAction":[{"@type":"ReadAction","target":["https:\/\/transamerica93.com.br\/home\/tratando-cancer-mae-de-isis-valverde-mostra-cabelo-raspado-saldo-de-dor-de-dois-meses\/"]}]},{"@type":"ImageObject","inLanguage":"pt-BR","@id":"https:\/\/transamerica93.com.br\/home\/tratando-cancer-mae-de-isis-valverde-mostra-cabelo-raspado-saldo-de-dor-de-dois-meses\/#primaryimage","url":"https:\/\/transamerica93.com.br\/home\/wp-content\/uploads\/2024\/07\/1-4.jpg","contentUrl":"https:\/\/transamerica93.com.br\/home\/wp-content\/uploads\/2024\/07\/1-4.jpg","width":883,"height":588,"caption":"Foto: Instagram"},{"@type":"BreadcrumbList","@id":"https:\/\/transamerica93.com.br\/home\/tratando-cancer-mae-de-isis-valverde-mostra-cabelo-raspado-saldo-de-dor-de-dois-meses\/#breadcrumb","itemListElement":[{"@type":"ListItem","position":1,"name":"In\u00edcio","item":"https:\/\/transamerica93.com.br\/home\/"},{"@type":"ListItem","position":2,"name":"Tratando c\u00e2ncer, m\u00e3e de Isis Valverde mostra cabelo raspado: &#8216;Saldo de dor de dois meses&#8217;"}]},{"@type":"WebSite","@id":"https:\/\/transamerica93.com.br\/home\/#website","url":"https:\/\/transamerica93.com.br\/home\/","name":"Transam\u00e9rica Mococa 93,3","description":"","publisher":{"@id":"https:\/\/transamerica93.com.br\/home\/#organization"},"potentialAction":[{"@type":"SearchAction","target":{"@type":"EntryPoint","urlTemplate":"https:\/\/transamerica93.com.br\/home\/?s={search_term_string}"},"query-input":{"@type":"PropertyValueSpecification","valueRequired":true,"valueName":"search_term_string"}}],"inLanguage":"pt-BR"},{"@type":"Organization","@id":"https:\/\/transamerica93.com.br\/home\/#organization","name":"Transam\u00e9rica Mococa 93,3","url":"https:\/\/transamerica93.com.br\/home\/","logo":{"@type":"ImageObject","inLanguage":"pt-BR","@id":"https:\/\/transamerica93.com.br\/home\/#\/schema\/logo\/image\/","url":"https:\/\/transamerica93.com.br\/home\/wp-content\/uploads\/2023\/10\/logo2.png","contentUrl":"https:\/\/transamerica93.com.br\/home\/wp-content\/uploads\/2023\/10\/logo2.png","width":800,"height":500,"caption":"Transam\u00e9rica Mococa 93,3"},"image":{"@id":"https:\/\/transamerica93.com.br\/home\/#\/schema\/logo\/image\/"},"sameAs":["https:\/\/www.facebook.com\/transamericamococa","https:\/\/x.com\/transamerica933","https:\/\/www.instagram.com\/transamericamococa"]},{"@type":"Person","@id":"https:\/\/transamerica93.com.br\/home\/#\/schema\/person\/7fed7c99c0d4562efa8561bc0f543172","name":"Reda\u00e7\u00e3o","image":{"@type":"ImageObject","inLanguage":"pt-BR","@id":"https:\/\/secure.gravatar.com\/avatar\/1072c6b775fb02ef8506ce967551d95926669a6b7d2c2147b42eea4d7c68395e?s=96&d=mm&r=g","url":"https:\/\/secure.gravatar.com\/avatar\/1072c6b775fb02ef8506ce967551d95926669a6b7d2c2147b42eea4d7c68395e?s=96&d=mm&r=g","contentUrl":"https:\/\/secure.gravatar.com\/avatar\/1072c6b775fb02ef8506ce967551d95926669a6b7d2c2147b42eea4d7c68395e?s=96&d=mm&r=g","caption":"Reda\u00e7\u00e3o"},"sameAs":["https:\/\/transamerica93.com.br\/home"],"url":"https:\/\/transamerica93.com.br\/home\/author\/william\/"}]}},"_links":{"self":[{"href":"https:\/\/transamerica93.com.br\/home\/wp-json\/wp\/v2\/posts\/3411","targetHints":{"allow":["GET"]}}],"collection":[{"href":"https:\/\/transamerica93.com.br\/home\/wp-json\/wp\/v2\/posts"}],"about":[{"href":"https:\/\/transamerica93.com.br\/home\/wp-json\/wp\/v2\/types\/post"}],"author":[{"embeddable":true,"href":"https:\/\/transamerica93.com.br\/home\/wp-json\/wp\/v2\/users\/1"}],"replies":[{"embeddable":true,"href":"https:\/\/transamerica93.com.br\/home\/wp-json\/wp\/v2\/comments?post=3411"}],"version-history":[{"count":1,"href":"https:\/\/transamerica93.com.br\/home\/wp-json\/wp\/v2\/posts\/3411\/revisions"}],"predecessor-version":[{"id":3413,"href":"https:\/\/transamerica93.com.br\/home\/wp-json\/wp\/v2\/posts\/3411\/revisions\/3413"}],"wp:featuredmedia":[{"embeddable":true,"href":"https:\/\/transamerica93.com.br\/home\/wp-json\/wp\/v2\/media\/3412"}],"wp:attachment":[{"href":"https:\/\/transamerica93.com.br\/home\/wp-json\/wp\/v2\/media?parent=3411"}],"wp:term":[{"taxonomy":"category","embeddable":true,"href":"https:\/\/transamerica93.com.br\/home\/wp-json\/wp\/v2\/categories?post=3411"},{"taxonomy":"post_tag","embeddable":true,"href":"https:\/\/transamerica93.com.br\/home\/wp-json\/wp\/v2\/tags?post=3411"}],"curies":[{"name":"wp","href":"https:\/\/api.w.org\/{rel}","templated":true}]}}