{"id":3422,"date":"2024-07-29T15:30:15","date_gmt":"2024-07-29T18:30:15","guid":{"rendered":"https:\/\/transamerica93.com.br\/home\/?p=3422"},"modified":"2024-07-28T20:00:39","modified_gmt":"2024-07-28T23:00:39","slug":"zeze-di-camargo-conta-reacao-dos-filhos-ao-anunciar-herdeiro-tem-de-aumentar-o-patrimonio","status":"publish","type":"post","link":"https:\/\/transamerica93.com.br\/home\/zeze-di-camargo-conta-reacao-dos-filhos-ao-anunciar-herdeiro-tem-de-aumentar-o-patrimonio\/","title":{"rendered":"Zez\u00e9 Di Camargo conta rea\u00e7\u00e3o dos filhos ao anunciar herdeiro: &#8216;Tem de aumentar o patrim\u00f4nio&#8217;"},"content":{"rendered":"<div id=\"Corpo\">Por Reda\u00e7\u00e3o E+<\/p>\n<p>O cantor Zez\u00e9 Di Camargo revelou a rea\u00e7\u00e3o dos filhos ao descobrirem que ele seria pai novamente. Aos 61 anos, o cantor e a influenciadora Graciele Lacerda, de 43, esperam o primeiro beb\u00ea do casal, concebido por meio de fertiliza\u00e7\u00e3o in vitro (FIV)<\/p>\n<p>&#8220;Os outros tr\u00eas filhos j\u00e1 falaram: &#8216;Pai, j\u00e1 que voc\u00ea fez mais um filho para dividir a heran\u00e7a, d\u00e1 um jeito de aumentar o patrim\u00f4nio, porque na hora que voc\u00ea for a briga n\u00e3o vai ser t\u00e3o grande&#8217; [risos]&#8221;, disse o sertanejo em entrevista \u00e0 r\u00e1dio Verdinha, do Cear\u00e1, nesta sexta, 26.<\/p>\n<p>O artista que est\u00e1 no Nordeste para apresentar a turn\u00ea R\u00fastico, relembrou que fez vasectomia no in\u00edcio da rela\u00e7\u00e3o com Graciele a pedido dela, que n\u00e3o queria ter filhos naquele momento. Zez\u00e9 disse ao Balan\u00e7o Geral que ele acabou a convencendo do contr\u00e1rio &#8220;Eu disse, pensa bem, eu j\u00e1 tenho 3 filhos mas voc\u00ea tem uma fam\u00edlia pequena&#8230;&#8221;.<\/p>\n<p>O an\u00fancio da gravidez foi feito neste m\u00eas. A fam\u00edlia celebrou a not\u00edcia na fazenda \u00c9 o Amor no \u00faltimo dia 14.<\/p>\n<p>Entre os filhos de Zez\u00e9, est\u00e1 tamb\u00e9m a cantora Wanessa Camargo, que participou da \u00faltima edi\u00e7\u00e3o do Big Brother Brasil.<\/p>\n<p><b>Pol\u00eamicas<\/b><\/p>\n<p>Recentemente, o casal processou a influenciadora Vanessa de Oliveira em R$ 200 mil por danos morais, por ter utilizado o nome do casal como exemplo na aula &#8220;Segredo das Amantes&#8221;, que afirma que ambos estariam &#8220;envolvidos em &#8216;um dos maiores esc\u00e2ndalos de trai\u00e7\u00e3o'&#8221;.<\/p>\n<p>A defesa de Graciele afirma ao Estad\u00e3o que &#8220;a Sra. Vanessa, al\u00e9m de mentir descaradamente, utiliza de maneira il\u00edcita a imagem dos autores.&#8221; J\u00e1 Vanessa de Oliveira rebateu, dizendo que Zez\u00e9 e Graciele s\u00e3o &#8216;pessoas p\u00fablicas&#8217;, e que &#8216;a trai\u00e7\u00e3o j\u00e1 \u00e9 de conhecimento de todos&#8217;<\/p><\/div>\n","protected":false},"excerpt":{"rendered":"<p>Por Reda\u00e7\u00e3o E+ O cantor Zez\u00e9 Di Camargo revelou a rea\u00e7\u00e3o dos filhos ao descobrirem que ele seria pai novamente. Aos 61 anos, o cantor e a influenciadora Graciele Lacerda, de 43, esperam o primeiro beb\u00ea do casal, concebido por meio de fertiliza\u00e7\u00e3o in vitro (FIV) &#8220;Os outros tr\u00eas filhos j\u00e1 falaram: &#8216;Pai, j\u00e1 que &hellip;<\/p>\n","protected":false},"author":1,"featured_media":3423,"comment_status":"closed","ping_status":"closed","sticky":false,"template":"","format":"standard","meta":{"footnotes":""},"categories":[25],"tags":[],"class_list":["post-3422","post","type-post","status-publish","format-standard","has-post-thumbnail","hentry","category-musica"],"yoast_head":"<!-- This site is optimized with the Yoast SEO plugin v27.4 - https:\/\/yoast.com\/product\/yoast-seo-wordpress\/ -->\n<title>Zez\u00e9 Di Camargo conta rea\u00e7\u00e3o dos filhos ao anunciar herdeiro: &#039;Tem de aumentar o patrim\u00f4nio&#039; - Transam\u00e9rica Mococa 93,3<\/title>\n<meta name=\"robots\" content=\"index, follow, max-snippet:-1, max-image-preview:large, max-video-preview:-1\" \/>\n<link rel=\"canonical\" href=\"https:\/\/transamerica93.com.br\/home\/zeze-di-camargo-conta-reacao-dos-filhos-ao-anunciar-herdeiro-tem-de-aumentar-o-patrimonio\/\" \/>\n<meta property=\"og:locale\" content=\"pt_BR\" \/>\n<meta property=\"og:type\" content=\"article\" \/>\n<meta property=\"og:title\" content=\"Zez\u00e9 Di Camargo conta rea\u00e7\u00e3o dos filhos ao anunciar herdeiro: &#039;Tem de aumentar o patrim\u00f4nio&#039; - Transam\u00e9rica Mococa 93,3\" \/>\n<meta property=\"og:description\" content=\"Por Reda\u00e7\u00e3o E+ O cantor Zez\u00e9 Di Camargo revelou a rea\u00e7\u00e3o dos filhos ao descobrirem que ele seria pai novamente. Aos 61 anos, o cantor e a influenciadora Graciele Lacerda, de 43, esperam o primeiro beb\u00ea do casal, concebido por meio de fertiliza\u00e7\u00e3o in vitro (FIV) &#8220;Os outros tr\u00eas filhos j\u00e1 falaram: &#8216;Pai, j\u00e1 que &hellip;\" \/>\n<meta property=\"og:url\" content=\"https:\/\/transamerica93.com.br\/home\/zeze-di-camargo-conta-reacao-dos-filhos-ao-anunciar-herdeiro-tem-de-aumentar-o-patrimonio\/\" \/>\n<meta property=\"og:site_name\" content=\"Transam\u00e9rica Mococa 93,3\" \/>\n<meta property=\"article:publisher\" content=\"https:\/\/www.facebook.com\/transamericamococa\" \/>\n<meta property=\"article:published_time\" content=\"2024-07-29T18:30:15+00:00\" \/>\n<meta property=\"og:image\" content=\"https:\/\/transamerica93.com.br\/home\/wp-content\/uploads\/2024\/07\/1.jpeg\" \/>\n\t<meta property=\"og:image:width\" content=\"800\" \/>\n\t<meta property=\"og:image:height\" content=\"500\" \/>\n\t<meta property=\"og:image:type\" content=\"image\/jpeg\" \/>\n<meta name=\"author\" content=\"Reda\u00e7\u00e3o\" \/>\n<meta name=\"twitter:card\" content=\"summary_large_image\" \/>\n<meta name=\"twitter:creator\" content=\"@transamerica933\" \/>\n<meta name=\"twitter:site\" content=\"@transamerica933\" \/>\n<meta name=\"twitter:label1\" content=\"Escrito por\" \/>\n\t<meta name=\"twitter:data1\" content=\"Reda\u00e7\u00e3o\" \/>\n\t<meta name=\"twitter:label2\" content=\"Est. tempo de leitura\" \/>\n\t<meta name=\"twitter:data2\" content=\"1 minuto\" \/>\n<script type=\"application\/ld+json\" class=\"yoast-schema-graph\">{\"@context\":\"https:\\\/\\\/schema.org\",\"@graph\":[{\"@type\":\"Article\",\"@id\":\"https:\\\/\\\/transamerica93.com.br\\\/home\\\/zeze-di-camargo-conta-reacao-dos-filhos-ao-anunciar-herdeiro-tem-de-aumentar-o-patrimonio\\\/#article\",\"isPartOf\":{\"@id\":\"https:\\\/\\\/transamerica93.com.br\\\/home\\\/zeze-di-camargo-conta-reacao-dos-filhos-ao-anunciar-herdeiro-tem-de-aumentar-o-patrimonio\\\/\"},\"author\":{\"name\":\"Reda\u00e7\u00e3o\",\"@id\":\"https:\\\/\\\/transamerica93.com.br\\\/home\\\/#\\\/schema\\\/person\\\/7fed7c99c0d4562efa8561bc0f543172\"},\"headline\":\"Zez\u00e9 Di Camargo conta rea\u00e7\u00e3o dos filhos ao anunciar herdeiro: &#8216;Tem de aumentar o patrim\u00f4nio&#8217;\",\"datePublished\":\"2024-07-29T18:30:15+00:00\",\"mainEntityOfPage\":{\"@id\":\"https:\\\/\\\/transamerica93.com.br\\\/home\\\/zeze-di-camargo-conta-reacao-dos-filhos-ao-anunciar-herdeiro-tem-de-aumentar-o-patrimonio\\\/\"},\"wordCount\":327,\"publisher\":{\"@id\":\"https:\\\/\\\/transamerica93.com.br\\\/home\\\/#organization\"},\"image\":{\"@id\":\"https:\\\/\\\/transamerica93.com.br\\\/home\\\/zeze-di-camargo-conta-reacao-dos-filhos-ao-anunciar-herdeiro-tem-de-aumentar-o-patrimonio\\\/#primaryimage\"},\"thumbnailUrl\":\"https:\\\/\\\/transamerica93.com.br\\\/home\\\/wp-content\\\/uploads\\\/2024\\\/07\\\/1.jpeg\",\"articleSection\":[\"M\u00fasica\"],\"inLanguage\":\"pt-BR\"},{\"@type\":\"WebPage\",\"@id\":\"https:\\\/\\\/transamerica93.com.br\\\/home\\\/zeze-di-camargo-conta-reacao-dos-filhos-ao-anunciar-herdeiro-tem-de-aumentar-o-patrimonio\\\/\",\"url\":\"https:\\\/\\\/transamerica93.com.br\\\/home\\\/zeze-di-camargo-conta-reacao-dos-filhos-ao-anunciar-herdeiro-tem-de-aumentar-o-patrimonio\\\/\",\"name\":\"Zez\u00e9 Di Camargo conta rea\u00e7\u00e3o dos filhos ao anunciar herdeiro: 'Tem de aumentar o patrim\u00f4nio' - Transam\u00e9rica Mococa 93,3\",\"isPartOf\":{\"@id\":\"https:\\\/\\\/transamerica93.com.br\\\/home\\\/#website\"},\"primaryImageOfPage\":{\"@id\":\"https:\\\/\\\/transamerica93.com.br\\\/home\\\/zeze-di-camargo-conta-reacao-dos-filhos-ao-anunciar-herdeiro-tem-de-aumentar-o-patrimonio\\\/#primaryimage\"},\"image\":{\"@id\":\"https:\\\/\\\/transamerica93.com.br\\\/home\\\/zeze-di-camargo-conta-reacao-dos-filhos-ao-anunciar-herdeiro-tem-de-aumentar-o-patrimonio\\\/#primaryimage\"},\"thumbnailUrl\":\"https:\\\/\\\/transamerica93.com.br\\\/home\\\/wp-content\\\/uploads\\\/2024\\\/07\\\/1.jpeg\",\"datePublished\":\"2024-07-29T18:30:15+00:00\",\"breadcrumb\":{\"@id\":\"https:\\\/\\\/transamerica93.com.br\\\/home\\\/zeze-di-camargo-conta-reacao-dos-filhos-ao-anunciar-herdeiro-tem-de-aumentar-o-patrimonio\\\/#breadcrumb\"},\"inLanguage\":\"pt-BR\",\"potentialAction\":[{\"@type\":\"ReadAction\",\"target\":[\"https:\\\/\\\/transamerica93.com.br\\\/home\\\/zeze-di-camargo-conta-reacao-dos-filhos-ao-anunciar-herdeiro-tem-de-aumentar-o-patrimonio\\\/\"]}]},{\"@type\":\"ImageObject\",\"inLanguage\":\"pt-BR\",\"@id\":\"https:\\\/\\\/transamerica93.com.br\\\/home\\\/zeze-di-camargo-conta-reacao-dos-filhos-ao-anunciar-herdeiro-tem-de-aumentar-o-patrimonio\\\/#primaryimage\",\"url\":\"https:\\\/\\\/transamerica93.com.br\\\/home\\\/wp-content\\\/uploads\\\/2024\\\/07\\\/1.jpeg\",\"contentUrl\":\"https:\\\/\\\/transamerica93.com.br\\\/home\\\/wp-content\\\/uploads\\\/2024\\\/07\\\/1.jpeg\",\"width\":800,\"height\":500,\"caption\":\"Reprodu\u00e7\u00e3o Instagram\"},{\"@type\":\"BreadcrumbList\",\"@id\":\"https:\\\/\\\/transamerica93.com.br\\\/home\\\/zeze-di-camargo-conta-reacao-dos-filhos-ao-anunciar-herdeiro-tem-de-aumentar-o-patrimonio\\\/#breadcrumb\",\"itemListElement\":[{\"@type\":\"ListItem\",\"position\":1,\"name\":\"In\u00edcio\",\"item\":\"https:\\\/\\\/transamerica93.com.br\\\/home\\\/\"},{\"@type\":\"ListItem\",\"position\":2,\"name\":\"Zez\u00e9 Di Camargo conta rea\u00e7\u00e3o dos filhos ao anunciar herdeiro: &#8216;Tem de aumentar o patrim\u00f4nio&#8217;\"}]},{\"@type\":\"WebSite\",\"@id\":\"https:\\\/\\\/transamerica93.com.br\\\/home\\\/#website\",\"url\":\"https:\\\/\\\/transamerica93.com.br\\\/home\\\/\",\"name\":\"Transam\u00e9rica Mococa 93,3\",\"description\":\"\",\"publisher\":{\"@id\":\"https:\\\/\\\/transamerica93.com.br\\\/home\\\/#organization\"},\"potentialAction\":[{\"@type\":\"SearchAction\",\"target\":{\"@type\":\"EntryPoint\",\"urlTemplate\":\"https:\\\/\\\/transamerica93.com.br\\\/home\\\/?s={search_term_string}\"},\"query-input\":{\"@type\":\"PropertyValueSpecification\",\"valueRequired\":true,\"valueName\":\"search_term_string\"}}],\"inLanguage\":\"pt-BR\"},{\"@type\":\"Organization\",\"@id\":\"https:\\\/\\\/transamerica93.com.br\\\/home\\\/#organization\",\"name\":\"Transam\u00e9rica Mococa 93,3\",\"url\":\"https:\\\/\\\/transamerica93.com.br\\\/home\\\/\",\"logo\":{\"@type\":\"ImageObject\",\"inLanguage\":\"pt-BR\",\"@id\":\"https:\\\/\\\/transamerica93.com.br\\\/home\\\/#\\\/schema\\\/logo\\\/image\\\/\",\"url\":\"https:\\\/\\\/transamerica93.com.br\\\/home\\\/wp-content\\\/uploads\\\/2023\\\/10\\\/logo2.png\",\"contentUrl\":\"https:\\\/\\\/transamerica93.com.br\\\/home\\\/wp-content\\\/uploads\\\/2023\\\/10\\\/logo2.png\",\"width\":800,\"height\":500,\"caption\":\"Transam\u00e9rica Mococa 93,3\"},\"image\":{\"@id\":\"https:\\\/\\\/transamerica93.com.br\\\/home\\\/#\\\/schema\\\/logo\\\/image\\\/\"},\"sameAs\":[\"https:\\\/\\\/www.facebook.com\\\/transamericamococa\",\"https:\\\/\\\/x.com\\\/transamerica933\",\"https:\\\/\\\/www.instagram.com\\\/transamericamococa\"]},{\"@type\":\"Person\",\"@id\":\"https:\\\/\\\/transamerica93.com.br\\\/home\\\/#\\\/schema\\\/person\\\/7fed7c99c0d4562efa8561bc0f543172\",\"name\":\"Reda\u00e7\u00e3o\",\"image\":{\"@type\":\"ImageObject\",\"inLanguage\":\"pt-BR\",\"@id\":\"https:\\\/\\\/secure.gravatar.com\\\/avatar\\\/1072c6b775fb02ef8506ce967551d95926669a6b7d2c2147b42eea4d7c68395e?s=96&d=mm&r=g\",\"url\":\"https:\\\/\\\/secure.gravatar.com\\\/avatar\\\/1072c6b775fb02ef8506ce967551d95926669a6b7d2c2147b42eea4d7c68395e?s=96&d=mm&r=g\",\"contentUrl\":\"https:\\\/\\\/secure.gravatar.com\\\/avatar\\\/1072c6b775fb02ef8506ce967551d95926669a6b7d2c2147b42eea4d7c68395e?s=96&d=mm&r=g\",\"caption\":\"Reda\u00e7\u00e3o\"},\"sameAs\":[\"https:\\\/\\\/transamerica93.com.br\\\/home\"],\"url\":\"https:\\\/\\\/transamerica93.com.br\\\/home\\\/author\\\/william\\\/\"}]}<\/script>\n<!-- \/ Yoast SEO plugin. -->","yoast_head_json":{"title":"Zez\u00e9 Di Camargo conta rea\u00e7\u00e3o dos filhos ao anunciar herdeiro: 'Tem de aumentar o patrim\u00f4nio' - Transam\u00e9rica Mococa 93,3","robots":{"index":"index","follow":"follow","max-snippet":"max-snippet:-1","max-image-preview":"max-image-preview:large","max-video-preview":"max-video-preview:-1"},"canonical":"https:\/\/transamerica93.com.br\/home\/zeze-di-camargo-conta-reacao-dos-filhos-ao-anunciar-herdeiro-tem-de-aumentar-o-patrimonio\/","og_locale":"pt_BR","og_type":"article","og_title":"Zez\u00e9 Di Camargo conta rea\u00e7\u00e3o dos filhos ao anunciar herdeiro: 'Tem de aumentar o patrim\u00f4nio' - Transam\u00e9rica Mococa 93,3","og_description":"Por Reda\u00e7\u00e3o E+ O cantor Zez\u00e9 Di Camargo revelou a rea\u00e7\u00e3o dos filhos ao descobrirem que ele seria pai novamente. Aos 61 anos, o cantor e a influenciadora Graciele Lacerda, de 43, esperam o primeiro beb\u00ea do casal, concebido por meio de fertiliza\u00e7\u00e3o in vitro (FIV) &#8220;Os outros tr\u00eas filhos j\u00e1 falaram: &#8216;Pai, j\u00e1 que &hellip;","og_url":"https:\/\/transamerica93.com.br\/home\/zeze-di-camargo-conta-reacao-dos-filhos-ao-anunciar-herdeiro-tem-de-aumentar-o-patrimonio\/","og_site_name":"Transam\u00e9rica Mococa 93,3","article_publisher":"https:\/\/www.facebook.com\/transamericamococa","article_published_time":"2024-07-29T18:30:15+00:00","og_image":[{"width":800,"height":500,"url":"https:\/\/transamerica93.com.br\/home\/wp-content\/uploads\/2024\/07\/1.jpeg","type":"image\/jpeg"}],"author":"Reda\u00e7\u00e3o","twitter_card":"summary_large_image","twitter_creator":"@transamerica933","twitter_site":"@transamerica933","twitter_misc":{"Escrito por":"Reda\u00e7\u00e3o","Est. tempo de leitura":"1 minuto"},"schema":{"@context":"https:\/\/schema.org","@graph":[{"@type":"Article","@id":"https:\/\/transamerica93.com.br\/home\/zeze-di-camargo-conta-reacao-dos-filhos-ao-anunciar-herdeiro-tem-de-aumentar-o-patrimonio\/#article","isPartOf":{"@id":"https:\/\/transamerica93.com.br\/home\/zeze-di-camargo-conta-reacao-dos-filhos-ao-anunciar-herdeiro-tem-de-aumentar-o-patrimonio\/"},"author":{"name":"Reda\u00e7\u00e3o","@id":"https:\/\/transamerica93.com.br\/home\/#\/schema\/person\/7fed7c99c0d4562efa8561bc0f543172"},"headline":"Zez\u00e9 Di Camargo conta rea\u00e7\u00e3o dos filhos ao anunciar herdeiro: &#8216;Tem de aumentar o patrim\u00f4nio&#8217;","datePublished":"2024-07-29T18:30:15+00:00","mainEntityOfPage":{"@id":"https:\/\/transamerica93.com.br\/home\/zeze-di-camargo-conta-reacao-dos-filhos-ao-anunciar-herdeiro-tem-de-aumentar-o-patrimonio\/"},"wordCount":327,"publisher":{"@id":"https:\/\/transamerica93.com.br\/home\/#organization"},"image":{"@id":"https:\/\/transamerica93.com.br\/home\/zeze-di-camargo-conta-reacao-dos-filhos-ao-anunciar-herdeiro-tem-de-aumentar-o-patrimonio\/#primaryimage"},"thumbnailUrl":"https:\/\/transamerica93.com.br\/home\/wp-content\/uploads\/2024\/07\/1.jpeg","articleSection":["M\u00fasica"],"inLanguage":"pt-BR"},{"@type":"WebPage","@id":"https:\/\/transamerica93.com.br\/home\/zeze-di-camargo-conta-reacao-dos-filhos-ao-anunciar-herdeiro-tem-de-aumentar-o-patrimonio\/","url":"https:\/\/transamerica93.com.br\/home\/zeze-di-camargo-conta-reacao-dos-filhos-ao-anunciar-herdeiro-tem-de-aumentar-o-patrimonio\/","name":"Zez\u00e9 Di Camargo conta rea\u00e7\u00e3o dos filhos ao anunciar herdeiro: 'Tem de aumentar o patrim\u00f4nio' - Transam\u00e9rica Mococa 93,3","isPartOf":{"@id":"https:\/\/transamerica93.com.br\/home\/#website"},"primaryImageOfPage":{"@id":"https:\/\/transamerica93.com.br\/home\/zeze-di-camargo-conta-reacao-dos-filhos-ao-anunciar-herdeiro-tem-de-aumentar-o-patrimonio\/#primaryimage"},"image":{"@id":"https:\/\/transamerica93.com.br\/home\/zeze-di-camargo-conta-reacao-dos-filhos-ao-anunciar-herdeiro-tem-de-aumentar-o-patrimonio\/#primaryimage"},"thumbnailUrl":"https:\/\/transamerica93.com.br\/home\/wp-content\/uploads\/2024\/07\/1.jpeg","datePublished":"2024-07-29T18:30:15+00:00","breadcrumb":{"@id":"https:\/\/transamerica93.com.br\/home\/zeze-di-camargo-conta-reacao-dos-filhos-ao-anunciar-herdeiro-tem-de-aumentar-o-patrimonio\/#breadcrumb"},"inLanguage":"pt-BR","potentialAction":[{"@type":"ReadAction","target":["https:\/\/transamerica93.com.br\/home\/zeze-di-camargo-conta-reacao-dos-filhos-ao-anunciar-herdeiro-tem-de-aumentar-o-patrimonio\/"]}]},{"@type":"ImageObject","inLanguage":"pt-BR","@id":"https:\/\/transamerica93.com.br\/home\/zeze-di-camargo-conta-reacao-dos-filhos-ao-anunciar-herdeiro-tem-de-aumentar-o-patrimonio\/#primaryimage","url":"https:\/\/transamerica93.com.br\/home\/wp-content\/uploads\/2024\/07\/1.jpeg","contentUrl":"https:\/\/transamerica93.com.br\/home\/wp-content\/uploads\/2024\/07\/1.jpeg","width":800,"height":500,"caption":"Reprodu\u00e7\u00e3o Instagram"},{"@type":"BreadcrumbList","@id":"https:\/\/transamerica93.com.br\/home\/zeze-di-camargo-conta-reacao-dos-filhos-ao-anunciar-herdeiro-tem-de-aumentar-o-patrimonio\/#breadcrumb","itemListElement":[{"@type":"ListItem","position":1,"name":"In\u00edcio","item":"https:\/\/transamerica93.com.br\/home\/"},{"@type":"ListItem","position":2,"name":"Zez\u00e9 Di Camargo conta rea\u00e7\u00e3o dos filhos ao anunciar herdeiro: &#8216;Tem de aumentar o patrim\u00f4nio&#8217;"}]},{"@type":"WebSite","@id":"https:\/\/transamerica93.com.br\/home\/#website","url":"https:\/\/transamerica93.com.br\/home\/","name":"Transam\u00e9rica Mococa 93,3","description":"","publisher":{"@id":"https:\/\/transamerica93.com.br\/home\/#organization"},"potentialAction":[{"@type":"SearchAction","target":{"@type":"EntryPoint","urlTemplate":"https:\/\/transamerica93.com.br\/home\/?s={search_term_string}"},"query-input":{"@type":"PropertyValueSpecification","valueRequired":true,"valueName":"search_term_string"}}],"inLanguage":"pt-BR"},{"@type":"Organization","@id":"https:\/\/transamerica93.com.br\/home\/#organization","name":"Transam\u00e9rica Mococa 93,3","url":"https:\/\/transamerica93.com.br\/home\/","logo":{"@type":"ImageObject","inLanguage":"pt-BR","@id":"https:\/\/transamerica93.com.br\/home\/#\/schema\/logo\/image\/","url":"https:\/\/transamerica93.com.br\/home\/wp-content\/uploads\/2023\/10\/logo2.png","contentUrl":"https:\/\/transamerica93.com.br\/home\/wp-content\/uploads\/2023\/10\/logo2.png","width":800,"height":500,"caption":"Transam\u00e9rica Mococa 93,3"},"image":{"@id":"https:\/\/transamerica93.com.br\/home\/#\/schema\/logo\/image\/"},"sameAs":["https:\/\/www.facebook.com\/transamericamococa","https:\/\/x.com\/transamerica933","https:\/\/www.instagram.com\/transamericamococa"]},{"@type":"Person","@id":"https:\/\/transamerica93.com.br\/home\/#\/schema\/person\/7fed7c99c0d4562efa8561bc0f543172","name":"Reda\u00e7\u00e3o","image":{"@type":"ImageObject","inLanguage":"pt-BR","@id":"https:\/\/secure.gravatar.com\/avatar\/1072c6b775fb02ef8506ce967551d95926669a6b7d2c2147b42eea4d7c68395e?s=96&d=mm&r=g","url":"https:\/\/secure.gravatar.com\/avatar\/1072c6b775fb02ef8506ce967551d95926669a6b7d2c2147b42eea4d7c68395e?s=96&d=mm&r=g","contentUrl":"https:\/\/secure.gravatar.com\/avatar\/1072c6b775fb02ef8506ce967551d95926669a6b7d2c2147b42eea4d7c68395e?s=96&d=mm&r=g","caption":"Reda\u00e7\u00e3o"},"sameAs":["https:\/\/transamerica93.com.br\/home"],"url":"https:\/\/transamerica93.com.br\/home\/author\/william\/"}]}},"_links":{"self":[{"href":"https:\/\/transamerica93.com.br\/home\/wp-json\/wp\/v2\/posts\/3422","targetHints":{"allow":["GET"]}}],"collection":[{"href":"https:\/\/transamerica93.com.br\/home\/wp-json\/wp\/v2\/posts"}],"about":[{"href":"https:\/\/transamerica93.com.br\/home\/wp-json\/wp\/v2\/types\/post"}],"author":[{"embeddable":true,"href":"https:\/\/transamerica93.com.br\/home\/wp-json\/wp\/v2\/users\/1"}],"replies":[{"embeddable":true,"href":"https:\/\/transamerica93.com.br\/home\/wp-json\/wp\/v2\/comments?post=3422"}],"version-history":[{"count":1,"href":"https:\/\/transamerica93.com.br\/home\/wp-json\/wp\/v2\/posts\/3422\/revisions"}],"predecessor-version":[{"id":3424,"href":"https:\/\/transamerica93.com.br\/home\/wp-json\/wp\/v2\/posts\/3422\/revisions\/3424"}],"wp:featuredmedia":[{"embeddable":true,"href":"https:\/\/transamerica93.com.br\/home\/wp-json\/wp\/v2\/media\/3423"}],"wp:attachment":[{"href":"https:\/\/transamerica93.com.br\/home\/wp-json\/wp\/v2\/media?parent=3422"}],"wp:term":[{"taxonomy":"category","embeddable":true,"href":"https:\/\/transamerica93.com.br\/home\/wp-json\/wp\/v2\/categories?post=3422"},{"taxonomy":"post_tag","embeddable":true,"href":"https:\/\/transamerica93.com.br\/home\/wp-json\/wp\/v2\/tags?post=3422"}],"curies":[{"name":"wp","href":"https:\/\/api.w.org\/{rel}","templated":true}]}}