{"id":3433,"date":"2024-08-01T15:30:32","date_gmt":"2024-08-01T18:30:32","guid":{"rendered":"https:\/\/transamerica93.com.br\/home\/?p=3433"},"modified":"2024-07-28T20:05:56","modified_gmt":"2024-07-28T23:05:56","slug":"iza-volta-as-redes-sociais-apos-traicao-e-reflete-sobre-gravidez-novo-significado","status":"publish","type":"post","link":"https:\/\/transamerica93.com.br\/home\/iza-volta-as-redes-sociais-apos-traicao-e-reflete-sobre-gravidez-novo-significado\/","title":{"rendered":"Iza volta \u00e0s redes sociais ap\u00f3s trai\u00e7\u00e3o e reflete sobre gravidez: &#8216;novo significado&#8217;"},"content":{"rendered":"<div id=\"Corpo\">Por Reda\u00e7\u00e3o O Estado de S. Paulo<\/p>\n<p>A cantora Iza comemorou o Dia Internacional da Mulher Negra Latino-Americana e Caribenha. Em sua volta para as redes sociais ap\u00f3s ter terminado o relacionamento com o jogador de futebol Yuri Lima por ter sido tra\u00edda, a artista refletiu sobre a gravidez.<\/p>\n<p>No Instagram, ela compartilhou: &#8220;Nesse Dia Internacional da Mulher Negra Latino-Americana e Caribenha, parei para refletir mais uma vez que sou muito aben\u00e7oada por ter mulheres negras incr\u00edveis como refer\u00eancia na minha vida. Sou muito aben\u00e7oada, tamb\u00e9m, por voc\u00eas que me escutam e me assistem terem me acolhido como uma mulher preta&#8221;.<\/p>\n<p>Iza explicou tamb\u00e9m sobre entender seu lugar de representa\u00e7\u00e3o na comunidade negra, sendo algu\u00e9m que se sente inspirada por outras mulheres. &#8220;Meu m\u00e1ximo respeito a elas e aos exemplos maravilhosos que tive dentro de casa, que sempre me disseram que eu poderia ocupar qualquer espa\u00e7o que eu quisesse&#8221;.<\/p>\n<p>&#8220;E agora tudo ganha um novo significado, porque falta pouco pra eu colocar mais uma pretinha no mundo. S\u00f3 espero ser pra ela pelo menos um pouco do que essas mulheres foram pra mim&#8221;, finalizou a artista.<\/p>\n<p><b>Entenda o caso<\/b><\/p>\n<p>No \u00faltimo dia 10, Iza anunciou pelas redes sociais o fim de seu relacionamento com o volante do Mirassol, Yuri Lima. A cantora revelou que foi tra\u00edda pelo ex-namorado e garantiu o fim do namoro, mesmo estando gr\u00e1vida de seis meses.<\/p>\n<p>No v\u00eddeo postado em seu Instagram, a cantora explica que descobriu que Yuri tinha um caso. Isso aconteceu ap\u00f3s a amante tentar vender os prints das conversas com o jogador para o jornalista Leo Dias, que, em vez de publicar a not\u00edcia, repassou as informa\u00e7\u00f5es para a cantora.<\/p><\/div>\n","protected":false},"excerpt":{"rendered":"<p>Por Reda\u00e7\u00e3o O Estado de S. Paulo A cantora Iza comemorou o Dia Internacional da Mulher Negra Latino-Americana e Caribenha. Em sua volta para as redes sociais ap\u00f3s ter terminado o relacionamento com o jogador de futebol Yuri Lima por ter sido tra\u00edda, a artista refletiu sobre a gravidez. No Instagram, ela compartilhou: &#8220;Nesse Dia &hellip;<\/p>\n","protected":false},"author":1,"featured_media":3434,"comment_status":"closed","ping_status":"closed","sticky":false,"template":"","format":"standard","meta":{"footnotes":""},"categories":[25],"tags":[],"class_list":["post-3433","post","type-post","status-publish","format-standard","has-post-thumbnail","hentry","category-musica"],"yoast_head":"<!-- This site is optimized with the Yoast SEO plugin v27.4 - https:\/\/yoast.com\/product\/yoast-seo-wordpress\/ -->\n<title>Iza volta \u00e0s redes sociais ap\u00f3s trai\u00e7\u00e3o e reflete sobre gravidez: &#039;novo significado&#039; - Transam\u00e9rica Mococa 93,3<\/title>\n<meta name=\"robots\" content=\"index, follow, max-snippet:-1, max-image-preview:large, max-video-preview:-1\" \/>\n<link rel=\"canonical\" href=\"https:\/\/transamerica93.com.br\/home\/iza-volta-as-redes-sociais-apos-traicao-e-reflete-sobre-gravidez-novo-significado\/\" \/>\n<meta property=\"og:locale\" content=\"pt_BR\" \/>\n<meta property=\"og:type\" content=\"article\" \/>\n<meta property=\"og:title\" content=\"Iza volta \u00e0s redes sociais ap\u00f3s trai\u00e7\u00e3o e reflete sobre gravidez: &#039;novo significado&#039; - Transam\u00e9rica Mococa 93,3\" \/>\n<meta property=\"og:description\" content=\"Por Reda\u00e7\u00e3o O Estado de S. Paulo A cantora Iza comemorou o Dia Internacional da Mulher Negra Latino-Americana e Caribenha. Em sua volta para as redes sociais ap\u00f3s ter terminado o relacionamento com o jogador de futebol Yuri Lima por ter sido tra\u00edda, a artista refletiu sobre a gravidez. No Instagram, ela compartilhou: &#8220;Nesse Dia &hellip;\" \/>\n<meta property=\"og:url\" content=\"https:\/\/transamerica93.com.br\/home\/iza-volta-as-redes-sociais-apos-traicao-e-reflete-sobre-gravidez-novo-significado\/\" \/>\n<meta property=\"og:site_name\" content=\"Transam\u00e9rica Mococa 93,3\" \/>\n<meta property=\"article:publisher\" content=\"https:\/\/www.facebook.com\/transamericamococa\" \/>\n<meta property=\"article:published_time\" content=\"2024-08-01T18:30:32+00:00\" \/>\n<meta property=\"og:image\" content=\"https:\/\/transamerica93.com.br\/home\/wp-content\/uploads\/2024\/07\/1-9.jpg\" \/>\n\t<meta property=\"og:image:width\" content=\"1200\" \/>\n\t<meta property=\"og:image:height\" content=\"600\" \/>\n\t<meta property=\"og:image:type\" content=\"image\/jpeg\" \/>\n<meta name=\"author\" content=\"Reda\u00e7\u00e3o\" \/>\n<meta name=\"twitter:card\" content=\"summary_large_image\" \/>\n<meta name=\"twitter:creator\" content=\"@transamerica933\" \/>\n<meta name=\"twitter:site\" content=\"@transamerica933\" \/>\n<meta name=\"twitter:label1\" content=\"Escrito por\" \/>\n\t<meta name=\"twitter:data1\" content=\"Reda\u00e7\u00e3o\" \/>\n\t<meta name=\"twitter:label2\" content=\"Est. tempo de leitura\" \/>\n\t<meta name=\"twitter:data2\" content=\"2 minutos\" \/>\n<script type=\"application\/ld+json\" class=\"yoast-schema-graph\">{\"@context\":\"https:\\\/\\\/schema.org\",\"@graph\":[{\"@type\":\"Article\",\"@id\":\"https:\\\/\\\/transamerica93.com.br\\\/home\\\/iza-volta-as-redes-sociais-apos-traicao-e-reflete-sobre-gravidez-novo-significado\\\/#article\",\"isPartOf\":{\"@id\":\"https:\\\/\\\/transamerica93.com.br\\\/home\\\/iza-volta-as-redes-sociais-apos-traicao-e-reflete-sobre-gravidez-novo-significado\\\/\"},\"author\":{\"name\":\"Reda\u00e7\u00e3o\",\"@id\":\"https:\\\/\\\/transamerica93.com.br\\\/home\\\/#\\\/schema\\\/person\\\/7fed7c99c0d4562efa8561bc0f543172\"},\"headline\":\"Iza volta \u00e0s redes sociais ap\u00f3s trai\u00e7\u00e3o e reflete sobre gravidez: &#8216;novo significado&#8217;\",\"datePublished\":\"2024-08-01T18:30:32+00:00\",\"mainEntityOfPage\":{\"@id\":\"https:\\\/\\\/transamerica93.com.br\\\/home\\\/iza-volta-as-redes-sociais-apos-traicao-e-reflete-sobre-gravidez-novo-significado\\\/\"},\"wordCount\":312,\"publisher\":{\"@id\":\"https:\\\/\\\/transamerica93.com.br\\\/home\\\/#organization\"},\"image\":{\"@id\":\"https:\\\/\\\/transamerica93.com.br\\\/home\\\/iza-volta-as-redes-sociais-apos-traicao-e-reflete-sobre-gravidez-novo-significado\\\/#primaryimage\"},\"thumbnailUrl\":\"https:\\\/\\\/transamerica93.com.br\\\/home\\\/wp-content\\\/uploads\\\/2024\\\/07\\\/1-9.jpg\",\"articleSection\":[\"M\u00fasica\"],\"inLanguage\":\"pt-BR\"},{\"@type\":\"WebPage\",\"@id\":\"https:\\\/\\\/transamerica93.com.br\\\/home\\\/iza-volta-as-redes-sociais-apos-traicao-e-reflete-sobre-gravidez-novo-significado\\\/\",\"url\":\"https:\\\/\\\/transamerica93.com.br\\\/home\\\/iza-volta-as-redes-sociais-apos-traicao-e-reflete-sobre-gravidez-novo-significado\\\/\",\"name\":\"Iza volta \u00e0s redes sociais ap\u00f3s trai\u00e7\u00e3o e reflete sobre gravidez: 'novo significado' - Transam\u00e9rica Mococa 93,3\",\"isPartOf\":{\"@id\":\"https:\\\/\\\/transamerica93.com.br\\\/home\\\/#website\"},\"primaryImageOfPage\":{\"@id\":\"https:\\\/\\\/transamerica93.com.br\\\/home\\\/iza-volta-as-redes-sociais-apos-traicao-e-reflete-sobre-gravidez-novo-significado\\\/#primaryimage\"},\"image\":{\"@id\":\"https:\\\/\\\/transamerica93.com.br\\\/home\\\/iza-volta-as-redes-sociais-apos-traicao-e-reflete-sobre-gravidez-novo-significado\\\/#primaryimage\"},\"thumbnailUrl\":\"https:\\\/\\\/transamerica93.com.br\\\/home\\\/wp-content\\\/uploads\\\/2024\\\/07\\\/1-9.jpg\",\"datePublished\":\"2024-08-01T18:30:32+00:00\",\"breadcrumb\":{\"@id\":\"https:\\\/\\\/transamerica93.com.br\\\/home\\\/iza-volta-as-redes-sociais-apos-traicao-e-reflete-sobre-gravidez-novo-significado\\\/#breadcrumb\"},\"inLanguage\":\"pt-BR\",\"potentialAction\":[{\"@type\":\"ReadAction\",\"target\":[\"https:\\\/\\\/transamerica93.com.br\\\/home\\\/iza-volta-as-redes-sociais-apos-traicao-e-reflete-sobre-gravidez-novo-significado\\\/\"]}]},{\"@type\":\"ImageObject\",\"inLanguage\":\"pt-BR\",\"@id\":\"https:\\\/\\\/transamerica93.com.br\\\/home\\\/iza-volta-as-redes-sociais-apos-traicao-e-reflete-sobre-gravidez-novo-significado\\\/#primaryimage\",\"url\":\"https:\\\/\\\/transamerica93.com.br\\\/home\\\/wp-content\\\/uploads\\\/2024\\\/07\\\/1-9.jpg\",\"contentUrl\":\"https:\\\/\\\/transamerica93.com.br\\\/home\\\/wp-content\\\/uploads\\\/2024\\\/07\\\/1-9.jpg\",\"width\":1200,\"height\":600,\"caption\":\"Reprocu\u00e7\u00e3o\\\/Instagram\\\/@iza\"},{\"@type\":\"BreadcrumbList\",\"@id\":\"https:\\\/\\\/transamerica93.com.br\\\/home\\\/iza-volta-as-redes-sociais-apos-traicao-e-reflete-sobre-gravidez-novo-significado\\\/#breadcrumb\",\"itemListElement\":[{\"@type\":\"ListItem\",\"position\":1,\"name\":\"In\u00edcio\",\"item\":\"https:\\\/\\\/transamerica93.com.br\\\/home\\\/\"},{\"@type\":\"ListItem\",\"position\":2,\"name\":\"Iza volta \u00e0s redes sociais ap\u00f3s trai\u00e7\u00e3o e reflete sobre gravidez: &#8216;novo significado&#8217;\"}]},{\"@type\":\"WebSite\",\"@id\":\"https:\\\/\\\/transamerica93.com.br\\\/home\\\/#website\",\"url\":\"https:\\\/\\\/transamerica93.com.br\\\/home\\\/\",\"name\":\"Transam\u00e9rica Mococa 93,3\",\"description\":\"\",\"publisher\":{\"@id\":\"https:\\\/\\\/transamerica93.com.br\\\/home\\\/#organization\"},\"potentialAction\":[{\"@type\":\"SearchAction\",\"target\":{\"@type\":\"EntryPoint\",\"urlTemplate\":\"https:\\\/\\\/transamerica93.com.br\\\/home\\\/?s={search_term_string}\"},\"query-input\":{\"@type\":\"PropertyValueSpecification\",\"valueRequired\":true,\"valueName\":\"search_term_string\"}}],\"inLanguage\":\"pt-BR\"},{\"@type\":\"Organization\",\"@id\":\"https:\\\/\\\/transamerica93.com.br\\\/home\\\/#organization\",\"name\":\"Transam\u00e9rica Mococa 93,3\",\"url\":\"https:\\\/\\\/transamerica93.com.br\\\/home\\\/\",\"logo\":{\"@type\":\"ImageObject\",\"inLanguage\":\"pt-BR\",\"@id\":\"https:\\\/\\\/transamerica93.com.br\\\/home\\\/#\\\/schema\\\/logo\\\/image\\\/\",\"url\":\"https:\\\/\\\/transamerica93.com.br\\\/home\\\/wp-content\\\/uploads\\\/2023\\\/10\\\/logo2.png\",\"contentUrl\":\"https:\\\/\\\/transamerica93.com.br\\\/home\\\/wp-content\\\/uploads\\\/2023\\\/10\\\/logo2.png\",\"width\":800,\"height\":500,\"caption\":\"Transam\u00e9rica Mococa 93,3\"},\"image\":{\"@id\":\"https:\\\/\\\/transamerica93.com.br\\\/home\\\/#\\\/schema\\\/logo\\\/image\\\/\"},\"sameAs\":[\"https:\\\/\\\/www.facebook.com\\\/transamericamococa\",\"https:\\\/\\\/x.com\\\/transamerica933\",\"https:\\\/\\\/www.instagram.com\\\/transamericamococa\"]},{\"@type\":\"Person\",\"@id\":\"https:\\\/\\\/transamerica93.com.br\\\/home\\\/#\\\/schema\\\/person\\\/7fed7c99c0d4562efa8561bc0f543172\",\"name\":\"Reda\u00e7\u00e3o\",\"image\":{\"@type\":\"ImageObject\",\"inLanguage\":\"pt-BR\",\"@id\":\"https:\\\/\\\/secure.gravatar.com\\\/avatar\\\/1072c6b775fb02ef8506ce967551d95926669a6b7d2c2147b42eea4d7c68395e?s=96&d=mm&r=g\",\"url\":\"https:\\\/\\\/secure.gravatar.com\\\/avatar\\\/1072c6b775fb02ef8506ce967551d95926669a6b7d2c2147b42eea4d7c68395e?s=96&d=mm&r=g\",\"contentUrl\":\"https:\\\/\\\/secure.gravatar.com\\\/avatar\\\/1072c6b775fb02ef8506ce967551d95926669a6b7d2c2147b42eea4d7c68395e?s=96&d=mm&r=g\",\"caption\":\"Reda\u00e7\u00e3o\"},\"sameAs\":[\"https:\\\/\\\/transamerica93.com.br\\\/home\"],\"url\":\"https:\\\/\\\/transamerica93.com.br\\\/home\\\/author\\\/william\\\/\"}]}<\/script>\n<!-- \/ Yoast SEO plugin. -->","yoast_head_json":{"title":"Iza volta \u00e0s redes sociais ap\u00f3s trai\u00e7\u00e3o e reflete sobre gravidez: 'novo significado' - Transam\u00e9rica Mococa 93,3","robots":{"index":"index","follow":"follow","max-snippet":"max-snippet:-1","max-image-preview":"max-image-preview:large","max-video-preview":"max-video-preview:-1"},"canonical":"https:\/\/transamerica93.com.br\/home\/iza-volta-as-redes-sociais-apos-traicao-e-reflete-sobre-gravidez-novo-significado\/","og_locale":"pt_BR","og_type":"article","og_title":"Iza volta \u00e0s redes sociais ap\u00f3s trai\u00e7\u00e3o e reflete sobre gravidez: 'novo significado' - Transam\u00e9rica Mococa 93,3","og_description":"Por Reda\u00e7\u00e3o O Estado de S. Paulo A cantora Iza comemorou o Dia Internacional da Mulher Negra Latino-Americana e Caribenha. Em sua volta para as redes sociais ap\u00f3s ter terminado o relacionamento com o jogador de futebol Yuri Lima por ter sido tra\u00edda, a artista refletiu sobre a gravidez. No Instagram, ela compartilhou: &#8220;Nesse Dia &hellip;","og_url":"https:\/\/transamerica93.com.br\/home\/iza-volta-as-redes-sociais-apos-traicao-e-reflete-sobre-gravidez-novo-significado\/","og_site_name":"Transam\u00e9rica Mococa 93,3","article_publisher":"https:\/\/www.facebook.com\/transamericamococa","article_published_time":"2024-08-01T18:30:32+00:00","og_image":[{"width":1200,"height":600,"url":"https:\/\/transamerica93.com.br\/home\/wp-content\/uploads\/2024\/07\/1-9.jpg","type":"image\/jpeg"}],"author":"Reda\u00e7\u00e3o","twitter_card":"summary_large_image","twitter_creator":"@transamerica933","twitter_site":"@transamerica933","twitter_misc":{"Escrito por":"Reda\u00e7\u00e3o","Est. tempo de leitura":"2 minutos"},"schema":{"@context":"https:\/\/schema.org","@graph":[{"@type":"Article","@id":"https:\/\/transamerica93.com.br\/home\/iza-volta-as-redes-sociais-apos-traicao-e-reflete-sobre-gravidez-novo-significado\/#article","isPartOf":{"@id":"https:\/\/transamerica93.com.br\/home\/iza-volta-as-redes-sociais-apos-traicao-e-reflete-sobre-gravidez-novo-significado\/"},"author":{"name":"Reda\u00e7\u00e3o","@id":"https:\/\/transamerica93.com.br\/home\/#\/schema\/person\/7fed7c99c0d4562efa8561bc0f543172"},"headline":"Iza volta \u00e0s redes sociais ap\u00f3s trai\u00e7\u00e3o e reflete sobre gravidez: &#8216;novo significado&#8217;","datePublished":"2024-08-01T18:30:32+00:00","mainEntityOfPage":{"@id":"https:\/\/transamerica93.com.br\/home\/iza-volta-as-redes-sociais-apos-traicao-e-reflete-sobre-gravidez-novo-significado\/"},"wordCount":312,"publisher":{"@id":"https:\/\/transamerica93.com.br\/home\/#organization"},"image":{"@id":"https:\/\/transamerica93.com.br\/home\/iza-volta-as-redes-sociais-apos-traicao-e-reflete-sobre-gravidez-novo-significado\/#primaryimage"},"thumbnailUrl":"https:\/\/transamerica93.com.br\/home\/wp-content\/uploads\/2024\/07\/1-9.jpg","articleSection":["M\u00fasica"],"inLanguage":"pt-BR"},{"@type":"WebPage","@id":"https:\/\/transamerica93.com.br\/home\/iza-volta-as-redes-sociais-apos-traicao-e-reflete-sobre-gravidez-novo-significado\/","url":"https:\/\/transamerica93.com.br\/home\/iza-volta-as-redes-sociais-apos-traicao-e-reflete-sobre-gravidez-novo-significado\/","name":"Iza volta \u00e0s redes sociais ap\u00f3s trai\u00e7\u00e3o e reflete sobre gravidez: 'novo significado' - Transam\u00e9rica Mococa 93,3","isPartOf":{"@id":"https:\/\/transamerica93.com.br\/home\/#website"},"primaryImageOfPage":{"@id":"https:\/\/transamerica93.com.br\/home\/iza-volta-as-redes-sociais-apos-traicao-e-reflete-sobre-gravidez-novo-significado\/#primaryimage"},"image":{"@id":"https:\/\/transamerica93.com.br\/home\/iza-volta-as-redes-sociais-apos-traicao-e-reflete-sobre-gravidez-novo-significado\/#primaryimage"},"thumbnailUrl":"https:\/\/transamerica93.com.br\/home\/wp-content\/uploads\/2024\/07\/1-9.jpg","datePublished":"2024-08-01T18:30:32+00:00","breadcrumb":{"@id":"https:\/\/transamerica93.com.br\/home\/iza-volta-as-redes-sociais-apos-traicao-e-reflete-sobre-gravidez-novo-significado\/#breadcrumb"},"inLanguage":"pt-BR","potentialAction":[{"@type":"ReadAction","target":["https:\/\/transamerica93.com.br\/home\/iza-volta-as-redes-sociais-apos-traicao-e-reflete-sobre-gravidez-novo-significado\/"]}]},{"@type":"ImageObject","inLanguage":"pt-BR","@id":"https:\/\/transamerica93.com.br\/home\/iza-volta-as-redes-sociais-apos-traicao-e-reflete-sobre-gravidez-novo-significado\/#primaryimage","url":"https:\/\/transamerica93.com.br\/home\/wp-content\/uploads\/2024\/07\/1-9.jpg","contentUrl":"https:\/\/transamerica93.com.br\/home\/wp-content\/uploads\/2024\/07\/1-9.jpg","width":1200,"height":600,"caption":"Reprocu\u00e7\u00e3o\/Instagram\/@iza"},{"@type":"BreadcrumbList","@id":"https:\/\/transamerica93.com.br\/home\/iza-volta-as-redes-sociais-apos-traicao-e-reflete-sobre-gravidez-novo-significado\/#breadcrumb","itemListElement":[{"@type":"ListItem","position":1,"name":"In\u00edcio","item":"https:\/\/transamerica93.com.br\/home\/"},{"@type":"ListItem","position":2,"name":"Iza volta \u00e0s redes sociais ap\u00f3s trai\u00e7\u00e3o e reflete sobre gravidez: &#8216;novo significado&#8217;"}]},{"@type":"WebSite","@id":"https:\/\/transamerica93.com.br\/home\/#website","url":"https:\/\/transamerica93.com.br\/home\/","name":"Transam\u00e9rica Mococa 93,3","description":"","publisher":{"@id":"https:\/\/transamerica93.com.br\/home\/#organization"},"potentialAction":[{"@type":"SearchAction","target":{"@type":"EntryPoint","urlTemplate":"https:\/\/transamerica93.com.br\/home\/?s={search_term_string}"},"query-input":{"@type":"PropertyValueSpecification","valueRequired":true,"valueName":"search_term_string"}}],"inLanguage":"pt-BR"},{"@type":"Organization","@id":"https:\/\/transamerica93.com.br\/home\/#organization","name":"Transam\u00e9rica Mococa 93,3","url":"https:\/\/transamerica93.com.br\/home\/","logo":{"@type":"ImageObject","inLanguage":"pt-BR","@id":"https:\/\/transamerica93.com.br\/home\/#\/schema\/logo\/image\/","url":"https:\/\/transamerica93.com.br\/home\/wp-content\/uploads\/2023\/10\/logo2.png","contentUrl":"https:\/\/transamerica93.com.br\/home\/wp-content\/uploads\/2023\/10\/logo2.png","width":800,"height":500,"caption":"Transam\u00e9rica Mococa 93,3"},"image":{"@id":"https:\/\/transamerica93.com.br\/home\/#\/schema\/logo\/image\/"},"sameAs":["https:\/\/www.facebook.com\/transamericamococa","https:\/\/x.com\/transamerica933","https:\/\/www.instagram.com\/transamericamococa"]},{"@type":"Person","@id":"https:\/\/transamerica93.com.br\/home\/#\/schema\/person\/7fed7c99c0d4562efa8561bc0f543172","name":"Reda\u00e7\u00e3o","image":{"@type":"ImageObject","inLanguage":"pt-BR","@id":"https:\/\/secure.gravatar.com\/avatar\/1072c6b775fb02ef8506ce967551d95926669a6b7d2c2147b42eea4d7c68395e?s=96&d=mm&r=g","url":"https:\/\/secure.gravatar.com\/avatar\/1072c6b775fb02ef8506ce967551d95926669a6b7d2c2147b42eea4d7c68395e?s=96&d=mm&r=g","contentUrl":"https:\/\/secure.gravatar.com\/avatar\/1072c6b775fb02ef8506ce967551d95926669a6b7d2c2147b42eea4d7c68395e?s=96&d=mm&r=g","caption":"Reda\u00e7\u00e3o"},"sameAs":["https:\/\/transamerica93.com.br\/home"],"url":"https:\/\/transamerica93.com.br\/home\/author\/william\/"}]}},"_links":{"self":[{"href":"https:\/\/transamerica93.com.br\/home\/wp-json\/wp\/v2\/posts\/3433","targetHints":{"allow":["GET"]}}],"collection":[{"href":"https:\/\/transamerica93.com.br\/home\/wp-json\/wp\/v2\/posts"}],"about":[{"href":"https:\/\/transamerica93.com.br\/home\/wp-json\/wp\/v2\/types\/post"}],"author":[{"embeddable":true,"href":"https:\/\/transamerica93.com.br\/home\/wp-json\/wp\/v2\/users\/1"}],"replies":[{"embeddable":true,"href":"https:\/\/transamerica93.com.br\/home\/wp-json\/wp\/v2\/comments?post=3433"}],"version-history":[{"count":1,"href":"https:\/\/transamerica93.com.br\/home\/wp-json\/wp\/v2\/posts\/3433\/revisions"}],"predecessor-version":[{"id":3435,"href":"https:\/\/transamerica93.com.br\/home\/wp-json\/wp\/v2\/posts\/3433\/revisions\/3435"}],"wp:featuredmedia":[{"embeddable":true,"href":"https:\/\/transamerica93.com.br\/home\/wp-json\/wp\/v2\/media\/3434"}],"wp:attachment":[{"href":"https:\/\/transamerica93.com.br\/home\/wp-json\/wp\/v2\/media?parent=3433"}],"wp:term":[{"taxonomy":"category","embeddable":true,"href":"https:\/\/transamerica93.com.br\/home\/wp-json\/wp\/v2\/categories?post=3433"},{"taxonomy":"post_tag","embeddable":true,"href":"https:\/\/transamerica93.com.br\/home\/wp-json\/wp\/v2\/tags?post=3433"}],"curies":[{"name":"wp","href":"https:\/\/api.w.org\/{rel}","templated":true}]}}