{"id":3448,"date":"2024-08-07T09:00:36","date_gmt":"2024-08-07T12:00:36","guid":{"rendered":"https:\/\/transamerica93.com.br\/home\/?p=3448"},"modified":"2024-08-03T16:21:12","modified_gmt":"2024-08-03T19:21:12","slug":"geral-projeto-da-uff-cria-absorventes-sustentaveis-para-populacao-trans","status":"publish","type":"post","link":"https:\/\/transamerica93.com.br\/home\/geral-projeto-da-uff-cria-absorventes-sustentaveis-para-populacao-trans\/","title":{"rendered":"Geral Projeto da UFF cria absorventes sustent\u00e1veis para popula\u00e7\u00e3o trans"},"content":{"rendered":"<div class=\"post-item-wrap\">\n<p>Enfrentar a pobreza menstrual de forma inclusiva e com materiais sustent\u00e1veis est\u00e1 entre os objetivos do projeto Neutron, em que universit\u00e1rios da Universidade Federal Fluminense (UFF) trabalham no desenvolvimento de um short absorvente capaz de atender tanto a mulheres cisg\u00eaneras quanto a pessoas transexuais que menstruam.<img decoding=\"async\" data-src=\"https:\/\/agenciabrasil.ebc.com.br\/ebc.png?id=1606394&amp;o=node\" src=\"data:image\/svg+xml;base64,PHN2ZyB3aWR0aD0iMSIgaGVpZ2h0PSIxIiB4bWxucz0iaHR0cDovL3d3dy53My5vcmcvMjAwMC9zdmciPjwvc3ZnPg==\" class=\"lazyload\" \/><img decoding=\"async\" data-src=\"https:\/\/agenciabrasil.ebc.com.br\/ebc.gif?id=1606394&amp;o=node\" src=\"data:image\/svg+xml;base64,PHN2ZyB3aWR0aD0iMSIgaGVpZ2h0PSIxIiB4bWxucz0iaHR0cDovL3d3dy53My5vcmcvMjAwMC9zdmciPjwvc3ZnPg==\" class=\"lazyload\" \/><\/p>\n<p>Fundado por um grupo de alunas, a iniciativa \u00e9 um projeto do Time Enactus da Universidade Federal Fluminense (UFF) de Volta Redonda, composto por alunos do campus que desenvolvem projetos em parceria com a organiza\u00e7\u00e3o internacional dedicada ao empreendedorismo social.<\/p>\n<p>\u00c0\u00a0<strong>Ag\u00eancia Brasil<\/strong>, a l\u00edder do Neutron e aluna de Direito na UFF, Ana Mattos, explica que \u201ca proposta \u00e9 melhorar a sa\u00fade e bem-estar de pessoas trans que menstruam, amenizando a disforia de g\u00eanero (sentimento de ang\u00fastia em rela\u00e7\u00e3o ao pr\u00f3prio corpo ou \u00e0 forma que algu\u00e9m \u00e9 interpretado socialmente) a partir da acessibilidade a produtos inclusivos, confort\u00e1veis e que proporcionam um ciclo digno e sem constrangimento\u201d.<\/p>\n<p>Pobreza menstrual \u00e9 um conceito que se refere \u00e0 falta de acesso a produtos de higiene adequados, a informa\u00e7\u00f5es sobre sa\u00fade menstrual e a condi\u00e7\u00f5es dignas para gerenciar esse ciclo de forma saud\u00e1vel e segura. Para pessoas transg\u00eaneros, a associa\u00e7\u00e3o desse processo exclusivamente \u00e0 identidade de g\u00eanero feminina e a aus\u00eancia de itens neutros agravam esse fen\u00f4meno entre homens trans, pessoas n\u00e3o-bin\u00e1rias e intersexo que menstruam.<\/p>\n<p>Para Ana Mattos, o problema \u00e9 uma \u201crealidade negligenciada no Brasil, afetando pessoas que passam por esse processo natural do corpo todos os meses\u201d. Segundo a l\u00edder do projeto, \u201ca falta de acesso \u00e0 higiene b\u00e1sica durante esses per\u00edodos pode ter consequ\u00eancias devastadoras para a sa\u00fade f\u00edsica, emocional e social, visto que a falta de dignidade nesse processo e a inexist\u00eancia de amparo p\u00fablico ocasiona uma marginaliza\u00e7\u00e3o de quem enfrenta essa situa\u00e7\u00e3o\u201d.<\/p>\n<p>\u201c\u00c9 importante reconhecer que a pobreza menstrual n\u00e3o afeta apenas mulheres cisg\u00eaneras, mas qualquer pessoa que menstrue, sendo uma realidade ainda mais grave para pessoas trans em situa\u00e7\u00e3o de vulnerabilidade socioecon\u00f4mica\u201d, observa a participante do Time Enactus UFF Volta Redonda.<\/p>\n<p>\u201cO sofrimento causado pela associa\u00e7\u00e3o da menstrua\u00e7\u00e3o ao feminino pode levar a uma intensa disforia de g\u00eanero. Al\u00e9m disso, o alto custo de terapia hormonal e a dificuldade no acesso a informa\u00e7\u00f5es agravam a pobreza menstrual para pessoas trans. No Brasil, pa\u00eds que mais mata pessoas trans no mundo, esta \u00e9 uma problem\u00e1tica urgente\u201d.<\/p>\n<h2>Absorventes inclusivos e reutiliz\u00e1veis<\/h2>\n<p>A polui\u00e7\u00e3o ambiental devido ao descarte de absorventes \u00e9 mais uma quest\u00e3o considerada ao elaborar os shorts absorventes, compostos de tecidos hipoalerg\u00eanicos, com camadas absorventes para fluxos leve, moderado e intenso. \u201cNossa proposta \u00e9 n\u00e3o s\u00f3 promover a menstrua\u00e7\u00e3o inclusiva e neutra, mas tamb\u00e9m o ciclo menstrual sustent\u00e1vel, evitando o descarte de toneladas de absorventes de pl\u00e1stico no meio ambiente. O uso de produtos menstruais reutiliz\u00e1veis tamb\u00e9m tem se mostrado uma op\u00e7\u00e3o mais econ\u00f4mica, visto que os mesmos shorts absorventes poder\u00e3o ser utilizados por bastante tempo\u201d, afirma.<\/p>\n<p>Segundo dados levantados pelo Instituto Akatu, uma \u00fanica pessoa pode gerar cerca de 200 quilos de lixo apenas em absorventes descart\u00e1veis. O pl\u00e1stico, que leva em m\u00e9dia 450 anos para se decompor no ambiente, corresponde a boa parte desse material.<\/p>\n<p>\u201cO destino do nosso lixo n\u00e3o recicl\u00e1vel \u00e9 ir para aterro sanit\u00e1rio ou lix\u00e3o. Absorventes menstruais s\u00e3o feitos basicamente de 90% de pl\u00e1stico, demorando at\u00e9 500 anos para serem degradados, isso se considerar aterros sanit\u00e1rios e condi\u00e7\u00f5es ideais\u201d, explica o professor de Direito da UFF de Volta Redonda e conselheiro do Time Enactus UFF, Leonardo Costa de Paula.<\/p>\n<p>\u201cUm item de higiene pessoal que possa ser reutilizado e composto basicamente de tecido biodegrad\u00e1vel permite que esse impacto seja revertido em benef\u00edcio direto, sem a produ\u00e7\u00e3o de res\u00edduos como os que temos hoje\u201d, continua.<\/p>\n<p>\u00c0\u00a0<strong>Ag\u00eancia Brasil<\/strong>, Mattos conta que os shorts absorventes est\u00e3o atualmente em fase de cria\u00e7\u00e3o e teste. Dois modelos j\u00e1 foram experimentados e a equipe trabalha na confec\u00e7\u00e3o da pe\u00e7a final, que poder\u00e1 ser comercializada e utilizada para doa\u00e7\u00f5es.<\/p>\n<p>O processo de cria\u00e7\u00e3o foi feito em parceria com uma pesquisadora de moda inclusiva e professora de modelagem do Servi\u00e7o Nacional de Aprendizagem Comercial (Senac), Ana Luiza Garritano,\u00a0com a\u00a0designer de moda e estilista, Mayara Peixoto. O projeto busca apoio do Programa Estadual Rio Sem LGBTfobia no contato com a comunidade trans e na prepara\u00e7\u00e3o das pe\u00e7as.<\/p>\n<p>\u201cEm parceria com o Programa Rio Sem LGBTfobia, iremos doar uma quantidade de shorts absorventes para o p\u00fablico transg\u00eanero apoiado pelo Centro de Cidadania LGBTI+ M\u00e9dio Para\u00edba, inicialmente em quatro cidades do estado do Rio de Janeiro. Futuramente, planejamos expandir esse impacto para outras cidades e regi\u00f5es do Brasil. Al\u00e9m disso, em breve o projeto ter\u00e1 uma plataforma virtual para venda dos produtos, possibilitando que qualquer pessoa do pa\u00eds garanta a sua pe\u00e7a\u201d.<\/p>\n<p>O professor Costa de Paula destaca\u00a0o Programa Dignidade Menstrual, criado pelo Governo Federal que garante\u00a0o acesso a produtos de higiene para pessoas beneficiadas cadastradas no Cadastro \u00fanico para Programas Sociais (Cad\u00danico) e valia que o Estado pode criar isen\u00e7\u00f5es e incentivos para produtos inovadores, reutiliz\u00e1veis e biodegrad\u00e1veis para a menstrua\u00e7\u00e3o.<\/p>\n<p>\u201cInvestir em ideias que possam abarcar diferentes tipos de corpos e diferentes tipos de identidade de g\u00eanero permitir\u00e1 que todos, todas e todes se sintam abra\u00e7ados e convivam melhor com suas singularidades. Com isso, n\u00e3o s\u00f3 teremos a preocupa\u00e7\u00e3o com o meio ambiente como tamb\u00e9m se permitir\u00e1 que pessoas que menstruam se sintam contempladas independente da identidade de g\u00eanero.\u201d<\/p>\n<p>&nbsp;<\/p>\n<p><em>*Estagi\u00e1ria sob supervis\u00e3o de Vin\u00edcius Lisboa<\/em><\/p>\n<\/div>\n<p class=\"alt-font font-italic my-2 small text-info\">Edi\u00e7\u00e3o: Maria Claudia<\/p>\n","protected":false},"excerpt":{"rendered":"<p>Enfrentar a pobreza menstrual de forma inclusiva e com materiais sustent\u00e1veis est\u00e1 entre os objetivos do projeto Neutron, em que universit\u00e1rios da Universidade Federal Fluminense (UFF) trabalham no desenvolvimento de um short absorvente capaz de atender tanto a mulheres cisg\u00eaneras quanto a pessoas transexuais que menstruam. Fundado por um grupo de alunas, a iniciativa \u00e9 &hellip;<\/p>\n","protected":false},"author":1,"featured_media":3442,"comment_status":"closed","ping_status":"closed","sticky":false,"template":"","format":"standard","meta":{"footnotes":""},"categories":[30],"tags":[],"class_list":["post-3448","post","type-post","status-publish","format-standard","has-post-thumbnail","hentry","category-geral"],"yoast_head":"<!-- This site is optimized with the Yoast SEO plugin v27.4 - https:\/\/yoast.com\/product\/yoast-seo-wordpress\/ -->\n<title>Geral Projeto da UFF cria absorventes sustent\u00e1veis para popula\u00e7\u00e3o trans - Transam\u00e9rica Mococa 93,3<\/title>\n<meta name=\"robots\" content=\"index, follow, max-snippet:-1, max-image-preview:large, max-video-preview:-1\" \/>\n<link rel=\"canonical\" href=\"https:\/\/transamerica93.com.br\/home\/geral-projeto-da-uff-cria-absorventes-sustentaveis-para-populacao-trans\/\" \/>\n<meta property=\"og:locale\" content=\"pt_BR\" \/>\n<meta property=\"og:type\" content=\"article\" \/>\n<meta property=\"og:title\" content=\"Geral Projeto da UFF cria absorventes sustent\u00e1veis para popula\u00e7\u00e3o trans - Transam\u00e9rica Mococa 93,3\" \/>\n<meta property=\"og:description\" content=\"Enfrentar a pobreza menstrual de forma inclusiva e com materiais sustent\u00e1veis est\u00e1 entre os objetivos do projeto Neutron, em que universit\u00e1rios da Universidade Federal Fluminense (UFF) trabalham no desenvolvimento de um short absorvente capaz de atender tanto a mulheres cisg\u00eaneras quanto a pessoas transexuais que menstruam. Fundado por um grupo de alunas, a iniciativa \u00e9 &hellip;\" \/>\n<meta property=\"og:url\" content=\"https:\/\/transamerica93.com.br\/home\/geral-projeto-da-uff-cria-absorventes-sustentaveis-para-populacao-trans\/\" \/>\n<meta property=\"og:site_name\" content=\"Transam\u00e9rica Mococa 93,3\" \/>\n<meta property=\"article:publisher\" content=\"https:\/\/www.facebook.com\/transamericamococa\" \/>\n<meta property=\"article:published_time\" content=\"2024-08-07T12:00:36+00:00\" \/>\n<meta property=\"og:image\" content=\"https:\/\/transamerica93.com.br\/home\/wp-content\/uploads\/2024\/08\/3.jpg\" \/>\n\t<meta property=\"og:image:width\" content=\"1170\" \/>\n\t<meta property=\"og:image:height\" content=\"700\" \/>\n\t<meta property=\"og:image:type\" content=\"image\/jpeg\" \/>\n<meta name=\"author\" content=\"Reda\u00e7\u00e3o\" \/>\n<meta name=\"twitter:card\" content=\"summary_large_image\" \/>\n<meta name=\"twitter:creator\" content=\"@transamerica933\" \/>\n<meta name=\"twitter:site\" content=\"@transamerica933\" \/>\n<meta name=\"twitter:label1\" content=\"Escrito por\" \/>\n\t<meta name=\"twitter:data1\" content=\"Reda\u00e7\u00e3o\" \/>\n\t<meta name=\"twitter:label2\" content=\"Est. tempo de leitura\" \/>\n\t<meta name=\"twitter:data2\" content=\"1 minuto\" \/>\n<script type=\"application\/ld+json\" class=\"yoast-schema-graph\">{\"@context\":\"https:\\\/\\\/schema.org\",\"@graph\":[{\"@type\":\"Article\",\"@id\":\"https:\\\/\\\/transamerica93.com.br\\\/home\\\/geral-projeto-da-uff-cria-absorventes-sustentaveis-para-populacao-trans\\\/#article\",\"isPartOf\":{\"@id\":\"https:\\\/\\\/transamerica93.com.br\\\/home\\\/geral-projeto-da-uff-cria-absorventes-sustentaveis-para-populacao-trans\\\/\"},\"author\":{\"name\":\"Reda\u00e7\u00e3o\",\"@id\":\"https:\\\/\\\/transamerica93.com.br\\\/home\\\/#\\\/schema\\\/person\\\/7fed7c99c0d4562efa8561bc0f543172\"},\"headline\":\"Geral Projeto da UFF cria absorventes sustent\u00e1veis para popula\u00e7\u00e3o trans\",\"datePublished\":\"2024-08-07T12:00:36+00:00\",\"mainEntityOfPage\":{\"@id\":\"https:\\\/\\\/transamerica93.com.br\\\/home\\\/geral-projeto-da-uff-cria-absorventes-sustentaveis-para-populacao-trans\\\/\"},\"wordCount\":1000,\"publisher\":{\"@id\":\"https:\\\/\\\/transamerica93.com.br\\\/home\\\/#organization\"},\"image\":{\"@id\":\"https:\\\/\\\/transamerica93.com.br\\\/home\\\/geral-projeto-da-uff-cria-absorventes-sustentaveis-para-populacao-trans\\\/#primaryimage\"},\"thumbnailUrl\":\"https:\\\/\\\/transamerica93.com.br\\\/home\\\/wp-content\\\/uploads\\\/2024\\\/08\\\/3.jpg\",\"articleSection\":[\"Geral\"],\"inLanguage\":\"pt-BR\"},{\"@type\":\"WebPage\",\"@id\":\"https:\\\/\\\/transamerica93.com.br\\\/home\\\/geral-projeto-da-uff-cria-absorventes-sustentaveis-para-populacao-trans\\\/\",\"url\":\"https:\\\/\\\/transamerica93.com.br\\\/home\\\/geral-projeto-da-uff-cria-absorventes-sustentaveis-para-populacao-trans\\\/\",\"name\":\"Geral Projeto da UFF cria absorventes sustent\u00e1veis para popula\u00e7\u00e3o trans - Transam\u00e9rica Mococa 93,3\",\"isPartOf\":{\"@id\":\"https:\\\/\\\/transamerica93.com.br\\\/home\\\/#website\"},\"primaryImageOfPage\":{\"@id\":\"https:\\\/\\\/transamerica93.com.br\\\/home\\\/geral-projeto-da-uff-cria-absorventes-sustentaveis-para-populacao-trans\\\/#primaryimage\"},\"image\":{\"@id\":\"https:\\\/\\\/transamerica93.com.br\\\/home\\\/geral-projeto-da-uff-cria-absorventes-sustentaveis-para-populacao-trans\\\/#primaryimage\"},\"thumbnailUrl\":\"https:\\\/\\\/transamerica93.com.br\\\/home\\\/wp-content\\\/uploads\\\/2024\\\/08\\\/3.jpg\",\"datePublished\":\"2024-08-07T12:00:36+00:00\",\"breadcrumb\":{\"@id\":\"https:\\\/\\\/transamerica93.com.br\\\/home\\\/geral-projeto-da-uff-cria-absorventes-sustentaveis-para-populacao-trans\\\/#breadcrumb\"},\"inLanguage\":\"pt-BR\",\"potentialAction\":[{\"@type\":\"ReadAction\",\"target\":[\"https:\\\/\\\/transamerica93.com.br\\\/home\\\/geral-projeto-da-uff-cria-absorventes-sustentaveis-para-populacao-trans\\\/\"]}]},{\"@type\":\"ImageObject\",\"inLanguage\":\"pt-BR\",\"@id\":\"https:\\\/\\\/transamerica93.com.br\\\/home\\\/geral-projeto-da-uff-cria-absorventes-sustentaveis-para-populacao-trans\\\/#primaryimage\",\"url\":\"https:\\\/\\\/transamerica93.com.br\\\/home\\\/wp-content\\\/uploads\\\/2024\\\/08\\\/3.jpg\",\"contentUrl\":\"https:\\\/\\\/transamerica93.com.br\\\/home\\\/wp-content\\\/uploads\\\/2024\\\/08\\\/3.jpg\",\"width\":1170,\"height\":700,\"caption\":\"\u00a9 Ana Mattos\\\/Divulga\u00e7\u00e3o\"},{\"@type\":\"BreadcrumbList\",\"@id\":\"https:\\\/\\\/transamerica93.com.br\\\/home\\\/geral-projeto-da-uff-cria-absorventes-sustentaveis-para-populacao-trans\\\/#breadcrumb\",\"itemListElement\":[{\"@type\":\"ListItem\",\"position\":1,\"name\":\"In\u00edcio\",\"item\":\"https:\\\/\\\/transamerica93.com.br\\\/home\\\/\"},{\"@type\":\"ListItem\",\"position\":2,\"name\":\"Geral Projeto da UFF cria absorventes sustent\u00e1veis para popula\u00e7\u00e3o trans\"}]},{\"@type\":\"WebSite\",\"@id\":\"https:\\\/\\\/transamerica93.com.br\\\/home\\\/#website\",\"url\":\"https:\\\/\\\/transamerica93.com.br\\\/home\\\/\",\"name\":\"Transam\u00e9rica Mococa 93,3\",\"description\":\"\",\"publisher\":{\"@id\":\"https:\\\/\\\/transamerica93.com.br\\\/home\\\/#organization\"},\"potentialAction\":[{\"@type\":\"SearchAction\",\"target\":{\"@type\":\"EntryPoint\",\"urlTemplate\":\"https:\\\/\\\/transamerica93.com.br\\\/home\\\/?s={search_term_string}\"},\"query-input\":{\"@type\":\"PropertyValueSpecification\",\"valueRequired\":true,\"valueName\":\"search_term_string\"}}],\"inLanguage\":\"pt-BR\"},{\"@type\":\"Organization\",\"@id\":\"https:\\\/\\\/transamerica93.com.br\\\/home\\\/#organization\",\"name\":\"Transam\u00e9rica Mococa 93,3\",\"url\":\"https:\\\/\\\/transamerica93.com.br\\\/home\\\/\",\"logo\":{\"@type\":\"ImageObject\",\"inLanguage\":\"pt-BR\",\"@id\":\"https:\\\/\\\/transamerica93.com.br\\\/home\\\/#\\\/schema\\\/logo\\\/image\\\/\",\"url\":\"https:\\\/\\\/transamerica93.com.br\\\/home\\\/wp-content\\\/uploads\\\/2023\\\/10\\\/logo2.png\",\"contentUrl\":\"https:\\\/\\\/transamerica93.com.br\\\/home\\\/wp-content\\\/uploads\\\/2023\\\/10\\\/logo2.png\",\"width\":800,\"height\":500,\"caption\":\"Transam\u00e9rica Mococa 93,3\"},\"image\":{\"@id\":\"https:\\\/\\\/transamerica93.com.br\\\/home\\\/#\\\/schema\\\/logo\\\/image\\\/\"},\"sameAs\":[\"https:\\\/\\\/www.facebook.com\\\/transamericamococa\",\"https:\\\/\\\/x.com\\\/transamerica933\",\"https:\\\/\\\/www.instagram.com\\\/transamericamococa\"]},{\"@type\":\"Person\",\"@id\":\"https:\\\/\\\/transamerica93.com.br\\\/home\\\/#\\\/schema\\\/person\\\/7fed7c99c0d4562efa8561bc0f543172\",\"name\":\"Reda\u00e7\u00e3o\",\"image\":{\"@type\":\"ImageObject\",\"inLanguage\":\"pt-BR\",\"@id\":\"https:\\\/\\\/secure.gravatar.com\\\/avatar\\\/1072c6b775fb02ef8506ce967551d95926669a6b7d2c2147b42eea4d7c68395e?s=96&d=mm&r=g\",\"url\":\"https:\\\/\\\/secure.gravatar.com\\\/avatar\\\/1072c6b775fb02ef8506ce967551d95926669a6b7d2c2147b42eea4d7c68395e?s=96&d=mm&r=g\",\"contentUrl\":\"https:\\\/\\\/secure.gravatar.com\\\/avatar\\\/1072c6b775fb02ef8506ce967551d95926669a6b7d2c2147b42eea4d7c68395e?s=96&d=mm&r=g\",\"caption\":\"Reda\u00e7\u00e3o\"},\"sameAs\":[\"https:\\\/\\\/transamerica93.com.br\\\/home\"],\"url\":\"https:\\\/\\\/transamerica93.com.br\\\/home\\\/author\\\/william\\\/\"}]}<\/script>\n<!-- \/ Yoast SEO plugin. -->","yoast_head_json":{"title":"Geral Projeto da UFF cria absorventes sustent\u00e1veis para popula\u00e7\u00e3o trans - Transam\u00e9rica Mococa 93,3","robots":{"index":"index","follow":"follow","max-snippet":"max-snippet:-1","max-image-preview":"max-image-preview:large","max-video-preview":"max-video-preview:-1"},"canonical":"https:\/\/transamerica93.com.br\/home\/geral-projeto-da-uff-cria-absorventes-sustentaveis-para-populacao-trans\/","og_locale":"pt_BR","og_type":"article","og_title":"Geral Projeto da UFF cria absorventes sustent\u00e1veis para popula\u00e7\u00e3o trans - Transam\u00e9rica Mococa 93,3","og_description":"Enfrentar a pobreza menstrual de forma inclusiva e com materiais sustent\u00e1veis est\u00e1 entre os objetivos do projeto Neutron, em que universit\u00e1rios da Universidade Federal Fluminense (UFF) trabalham no desenvolvimento de um short absorvente capaz de atender tanto a mulheres cisg\u00eaneras quanto a pessoas transexuais que menstruam. Fundado por um grupo de alunas, a iniciativa \u00e9 &hellip;","og_url":"https:\/\/transamerica93.com.br\/home\/geral-projeto-da-uff-cria-absorventes-sustentaveis-para-populacao-trans\/","og_site_name":"Transam\u00e9rica Mococa 93,3","article_publisher":"https:\/\/www.facebook.com\/transamericamococa","article_published_time":"2024-08-07T12:00:36+00:00","og_image":[{"width":1170,"height":700,"url":"https:\/\/transamerica93.com.br\/home\/wp-content\/uploads\/2024\/08\/3.jpg","type":"image\/jpeg"}],"author":"Reda\u00e7\u00e3o","twitter_card":"summary_large_image","twitter_creator":"@transamerica933","twitter_site":"@transamerica933","twitter_misc":{"Escrito por":"Reda\u00e7\u00e3o","Est. tempo de leitura":"1 minuto"},"schema":{"@context":"https:\/\/schema.org","@graph":[{"@type":"Article","@id":"https:\/\/transamerica93.com.br\/home\/geral-projeto-da-uff-cria-absorventes-sustentaveis-para-populacao-trans\/#article","isPartOf":{"@id":"https:\/\/transamerica93.com.br\/home\/geral-projeto-da-uff-cria-absorventes-sustentaveis-para-populacao-trans\/"},"author":{"name":"Reda\u00e7\u00e3o","@id":"https:\/\/transamerica93.com.br\/home\/#\/schema\/person\/7fed7c99c0d4562efa8561bc0f543172"},"headline":"Geral Projeto da UFF cria absorventes sustent\u00e1veis para popula\u00e7\u00e3o trans","datePublished":"2024-08-07T12:00:36+00:00","mainEntityOfPage":{"@id":"https:\/\/transamerica93.com.br\/home\/geral-projeto-da-uff-cria-absorventes-sustentaveis-para-populacao-trans\/"},"wordCount":1000,"publisher":{"@id":"https:\/\/transamerica93.com.br\/home\/#organization"},"image":{"@id":"https:\/\/transamerica93.com.br\/home\/geral-projeto-da-uff-cria-absorventes-sustentaveis-para-populacao-trans\/#primaryimage"},"thumbnailUrl":"https:\/\/transamerica93.com.br\/home\/wp-content\/uploads\/2024\/08\/3.jpg","articleSection":["Geral"],"inLanguage":"pt-BR"},{"@type":"WebPage","@id":"https:\/\/transamerica93.com.br\/home\/geral-projeto-da-uff-cria-absorventes-sustentaveis-para-populacao-trans\/","url":"https:\/\/transamerica93.com.br\/home\/geral-projeto-da-uff-cria-absorventes-sustentaveis-para-populacao-trans\/","name":"Geral Projeto da UFF cria absorventes sustent\u00e1veis para popula\u00e7\u00e3o trans - Transam\u00e9rica Mococa 93,3","isPartOf":{"@id":"https:\/\/transamerica93.com.br\/home\/#website"},"primaryImageOfPage":{"@id":"https:\/\/transamerica93.com.br\/home\/geral-projeto-da-uff-cria-absorventes-sustentaveis-para-populacao-trans\/#primaryimage"},"image":{"@id":"https:\/\/transamerica93.com.br\/home\/geral-projeto-da-uff-cria-absorventes-sustentaveis-para-populacao-trans\/#primaryimage"},"thumbnailUrl":"https:\/\/transamerica93.com.br\/home\/wp-content\/uploads\/2024\/08\/3.jpg","datePublished":"2024-08-07T12:00:36+00:00","breadcrumb":{"@id":"https:\/\/transamerica93.com.br\/home\/geral-projeto-da-uff-cria-absorventes-sustentaveis-para-populacao-trans\/#breadcrumb"},"inLanguage":"pt-BR","potentialAction":[{"@type":"ReadAction","target":["https:\/\/transamerica93.com.br\/home\/geral-projeto-da-uff-cria-absorventes-sustentaveis-para-populacao-trans\/"]}]},{"@type":"ImageObject","inLanguage":"pt-BR","@id":"https:\/\/transamerica93.com.br\/home\/geral-projeto-da-uff-cria-absorventes-sustentaveis-para-populacao-trans\/#primaryimage","url":"https:\/\/transamerica93.com.br\/home\/wp-content\/uploads\/2024\/08\/3.jpg","contentUrl":"https:\/\/transamerica93.com.br\/home\/wp-content\/uploads\/2024\/08\/3.jpg","width":1170,"height":700,"caption":"\u00a9 Ana Mattos\/Divulga\u00e7\u00e3o"},{"@type":"BreadcrumbList","@id":"https:\/\/transamerica93.com.br\/home\/geral-projeto-da-uff-cria-absorventes-sustentaveis-para-populacao-trans\/#breadcrumb","itemListElement":[{"@type":"ListItem","position":1,"name":"In\u00edcio","item":"https:\/\/transamerica93.com.br\/home\/"},{"@type":"ListItem","position":2,"name":"Geral Projeto da UFF cria absorventes sustent\u00e1veis para popula\u00e7\u00e3o trans"}]},{"@type":"WebSite","@id":"https:\/\/transamerica93.com.br\/home\/#website","url":"https:\/\/transamerica93.com.br\/home\/","name":"Transam\u00e9rica Mococa 93,3","description":"","publisher":{"@id":"https:\/\/transamerica93.com.br\/home\/#organization"},"potentialAction":[{"@type":"SearchAction","target":{"@type":"EntryPoint","urlTemplate":"https:\/\/transamerica93.com.br\/home\/?s={search_term_string}"},"query-input":{"@type":"PropertyValueSpecification","valueRequired":true,"valueName":"search_term_string"}}],"inLanguage":"pt-BR"},{"@type":"Organization","@id":"https:\/\/transamerica93.com.br\/home\/#organization","name":"Transam\u00e9rica Mococa 93,3","url":"https:\/\/transamerica93.com.br\/home\/","logo":{"@type":"ImageObject","inLanguage":"pt-BR","@id":"https:\/\/transamerica93.com.br\/home\/#\/schema\/logo\/image\/","url":"https:\/\/transamerica93.com.br\/home\/wp-content\/uploads\/2023\/10\/logo2.png","contentUrl":"https:\/\/transamerica93.com.br\/home\/wp-content\/uploads\/2023\/10\/logo2.png","width":800,"height":500,"caption":"Transam\u00e9rica Mococa 93,3"},"image":{"@id":"https:\/\/transamerica93.com.br\/home\/#\/schema\/logo\/image\/"},"sameAs":["https:\/\/www.facebook.com\/transamericamococa","https:\/\/x.com\/transamerica933","https:\/\/www.instagram.com\/transamericamococa"]},{"@type":"Person","@id":"https:\/\/transamerica93.com.br\/home\/#\/schema\/person\/7fed7c99c0d4562efa8561bc0f543172","name":"Reda\u00e7\u00e3o","image":{"@type":"ImageObject","inLanguage":"pt-BR","@id":"https:\/\/secure.gravatar.com\/avatar\/1072c6b775fb02ef8506ce967551d95926669a6b7d2c2147b42eea4d7c68395e?s=96&d=mm&r=g","url":"https:\/\/secure.gravatar.com\/avatar\/1072c6b775fb02ef8506ce967551d95926669a6b7d2c2147b42eea4d7c68395e?s=96&d=mm&r=g","contentUrl":"https:\/\/secure.gravatar.com\/avatar\/1072c6b775fb02ef8506ce967551d95926669a6b7d2c2147b42eea4d7c68395e?s=96&d=mm&r=g","caption":"Reda\u00e7\u00e3o"},"sameAs":["https:\/\/transamerica93.com.br\/home"],"url":"https:\/\/transamerica93.com.br\/home\/author\/william\/"}]}},"_links":{"self":[{"href":"https:\/\/transamerica93.com.br\/home\/wp-json\/wp\/v2\/posts\/3448","targetHints":{"allow":["GET"]}}],"collection":[{"href":"https:\/\/transamerica93.com.br\/home\/wp-json\/wp\/v2\/posts"}],"about":[{"href":"https:\/\/transamerica93.com.br\/home\/wp-json\/wp\/v2\/types\/post"}],"author":[{"embeddable":true,"href":"https:\/\/transamerica93.com.br\/home\/wp-json\/wp\/v2\/users\/1"}],"replies":[{"embeddable":true,"href":"https:\/\/transamerica93.com.br\/home\/wp-json\/wp\/v2\/comments?post=3448"}],"version-history":[{"count":1,"href":"https:\/\/transamerica93.com.br\/home\/wp-json\/wp\/v2\/posts\/3448\/revisions"}],"predecessor-version":[{"id":3449,"href":"https:\/\/transamerica93.com.br\/home\/wp-json\/wp\/v2\/posts\/3448\/revisions\/3449"}],"wp:featuredmedia":[{"embeddable":true,"href":"https:\/\/transamerica93.com.br\/home\/wp-json\/wp\/v2\/media\/3442"}],"wp:attachment":[{"href":"https:\/\/transamerica93.com.br\/home\/wp-json\/wp\/v2\/media?parent=3448"}],"wp:term":[{"taxonomy":"category","embeddable":true,"href":"https:\/\/transamerica93.com.br\/home\/wp-json\/wp\/v2\/categories?post=3448"},{"taxonomy":"post_tag","embeddable":true,"href":"https:\/\/transamerica93.com.br\/home\/wp-json\/wp\/v2\/tags?post=3448"}],"curies":[{"name":"wp","href":"https:\/\/api.w.org\/{rel}","templated":true}]}}