{"id":3454,"date":"2024-08-05T12:00:50","date_gmt":"2024-08-05T15:00:50","guid":{"rendered":"https:\/\/transamerica93.com.br\/home\/?p=3454"},"modified":"2024-08-03T17:19:08","modified_gmt":"2024-08-03T20:19:08","slug":"rebeca-andrade-afirma-que-prata-em-paris-e-fruto-de-muito-trabalho","status":"publish","type":"post","link":"https:\/\/transamerica93.com.br\/home\/rebeca-andrade-afirma-que-prata-em-paris-e-fruto-de-muito-trabalho\/","title":{"rendered":"Rebeca Andrade afirma que prata em Paris \u00e9 fruto de muito trabalho"},"content":{"rendered":"<div class=\"post-item-wrap\">\n<p>A brasileira Rebeca Andrade afirmou que a\u00a0<a href=\"https:\/\/agenciabrasil.ebc.com.br\/internacional\/noticia\/2024-08\/rebeca-andrade-e-prata-no-individual-geral-na-ginastica-em-paris\" target=\"_blank\" rel=\"noopener\">conquista da medalha de prata\u00a0<\/a>na final do individual geral da gin\u00e1stica art\u00edstica dos Jogos Ol\u00edmpicos de Paris (Fran\u00e7a), \u00e9 fruto de muito trabalho, n\u00e3o apenas dela, mas de toda a equipe que a acompanha em Paris.<img decoding=\"async\" data-src=\"https:\/\/agenciabrasil.ebc.com.br\/ebc.png?id=1606329&amp;o=node\" src=\"data:image\/svg+xml;base64,PHN2ZyB3aWR0aD0iMSIgaGVpZ2h0PSIxIiB4bWxucz0iaHR0cDovL3d3dy53My5vcmcvMjAwMC9zdmciPjwvc3ZnPg==\" class=\"lazyload\" \/><img decoding=\"async\" data-src=\"https:\/\/agenciabrasil.ebc.com.br\/ebc.gif?id=1606329&amp;o=node\" src=\"data:image\/svg+xml;base64,PHN2ZyB3aWR0aD0iMSIgaGVpZ2h0PSIxIiB4bWxucz0iaHR0cDovL3d3dy53My5vcmcvMjAwMC9zdmciPjwvc3ZnPg==\" class=\"lazyload\" \/><\/p>\n<p>\u201cAcho que isso \u00e9 trabalho, n\u00e9 gente? A gente trabalha muito ali dentro do gin\u00e1sio. Eu estou muito orgulhosa do Chico [Porath, t\u00e9cnico da equipe de gin\u00e1stica do Brasil], porque se voc\u00eas vissem o quanto ele faz pela gente, nossa, \u00e9 incr\u00edvel. Toda nossa equipe multidisciplinar, eu acho que para eu estar aqui hoje, eles foram essenciais. Porque meu corpo est\u00e1 cansado, minha mente est\u00e1 cansada, ent\u00e3o eu preciso da minha psic\u00f3loga, eu preciso do preparador f\u00edsico, eu preciso do masso, do f\u00edsico, do meu treinador, das meninas, da minha fam\u00edlia. Ent\u00e3o eu acho que \u00e9 a jun\u00e7\u00e3o do trabalho de tantas pessoas para que hoje voc\u00eas pudessem me ver aqui\u201d, afirmou Rebeca, que, com a conquista desta quinta, se tornou a brasileira com o maior n\u00famero de medalhas ol\u00edmpicas na hist\u00f3ria (ouro no salto em T\u00f3quio 2020, prata no individual geral em T\u00f3quio 2020, bronze por equipe em Paris 2024 e prata no individual geral em Paris 2024).<\/p>\n<p>Ao falar da sua performance na final, a brasileira afirmou que o controle mental foi fundamental para alcan\u00e7ar um bom resultado: \u201cFoi uma competi\u00e7\u00e3o na qual estava bem tranquila mesmo. Eu consegui fazer cada movimento, eu conseguia pensar em cada movimento que estava fazendo. Isso \u00e9 essencial pra que possamos controlar nosso corpo. E acho que por isso que veio esse resultado, um resultado excelente, estou muito feliz\u201d.<\/p>\n<p>Ao ser questionada sobre o futuro, Rebeca deixou no ar a possibilidade de n\u00e3o disputar mais o individual geral. Segundo a atleta de 25 anos, a exig\u00eancia \u00e9 muito alta no aparelho, em especial para atletas que j\u00e1 sofreram com les\u00f5es: \u201cPara mim \u00e9 muito dif\u00edcil fazer a individual geral. Foram tr\u00eas dias de competi\u00e7\u00e3o fazendo os quatro aparelhos, j\u00e1 \u00e9 muito complicado. Depois das minhas les\u00f5es, acabou ficando um pouco mais dif\u00edcil, mas acho que para qualquer atleta, independente de les\u00e3o ou n\u00e3o, \u00e9 muito dif\u00edcil. \u00c9 muito dif\u00edcil fazer o individual geral. E gente tamb\u00e9m j\u00e1 deu, n\u00e9? Bom, eu fiz o melhor aqui. Eu terminei bem, gra\u00e7as a Deus. N\u00e3o vou ficar com o peso na consci\u00eancia e falar: \u2018ser\u00e1 que eu vou ter que fazer o ano que vem de novo?\u2019 N\u00e3o, deu tudo certo. Eu estou tranquila com isso tamb\u00e9m, faz parte do esporte\u201d.<\/p>\n<\/div>\n<p class=\"alt-font font-italic my-2 small text-info\">Edi\u00e7\u00e3o: F\u00e1bio Lisboa<\/p>\n","protected":false},"excerpt":{"rendered":"<p>A brasileira Rebeca Andrade afirmou que a\u00a0conquista da medalha de prata\u00a0na final do individual geral da gin\u00e1stica art\u00edstica dos Jogos Ol\u00edmpicos de Paris (Fran\u00e7a), \u00e9 fruto de muito trabalho, n\u00e3o apenas dela, mas de toda a equipe que a acompanha em Paris. \u201cAcho que isso \u00e9 trabalho, n\u00e9 gente? A gente trabalha muito ali dentro &hellip;<\/p>\n","protected":false},"author":1,"featured_media":3458,"comment_status":"closed","ping_status":"closed","sticky":false,"template":"","format":"standard","meta":{"footnotes":""},"categories":[31],"tags":[],"class_list":["post-3454","post","type-post","status-publish","format-standard","has-post-thumbnail","hentry","category-esportes"],"yoast_head":"<!-- This site is optimized with the Yoast SEO plugin v27.4 - https:\/\/yoast.com\/product\/yoast-seo-wordpress\/ -->\n<title>Rebeca Andrade afirma que prata em Paris \u00e9 fruto de muito trabalho - Transam\u00e9rica Mococa 93,3<\/title>\n<meta name=\"robots\" content=\"index, follow, max-snippet:-1, max-image-preview:large, max-video-preview:-1\" \/>\n<link rel=\"canonical\" href=\"https:\/\/transamerica93.com.br\/home\/rebeca-andrade-afirma-que-prata-em-paris-e-fruto-de-muito-trabalho\/\" \/>\n<meta property=\"og:locale\" content=\"pt_BR\" \/>\n<meta property=\"og:type\" content=\"article\" \/>\n<meta property=\"og:title\" content=\"Rebeca Andrade afirma que prata em Paris \u00e9 fruto de muito trabalho - Transam\u00e9rica Mococa 93,3\" \/>\n<meta property=\"og:description\" content=\"A brasileira Rebeca Andrade afirmou que a\u00a0conquista da medalha de prata\u00a0na final do individual geral da gin\u00e1stica art\u00edstica dos Jogos Ol\u00edmpicos de Paris (Fran\u00e7a), \u00e9 fruto de muito trabalho, n\u00e3o apenas dela, mas de toda a equipe que a acompanha em Paris. \u201cAcho que isso \u00e9 trabalho, n\u00e9 gente? A gente trabalha muito ali dentro &hellip;\" \/>\n<meta property=\"og:url\" content=\"https:\/\/transamerica93.com.br\/home\/rebeca-andrade-afirma-que-prata-em-paris-e-fruto-de-muito-trabalho\/\" \/>\n<meta property=\"og:site_name\" content=\"Transam\u00e9rica Mococa 93,3\" \/>\n<meta property=\"article:publisher\" content=\"https:\/\/www.facebook.com\/transamericamococa\" \/>\n<meta property=\"article:published_time\" content=\"2024-08-05T15:00:50+00:00\" \/>\n<meta property=\"og:image\" content=\"https:\/\/transamerica93.com.br\/home\/wp-content\/uploads\/2024\/08\/4-1.jpg\" \/>\n\t<meta property=\"og:image:width\" content=\"1170\" \/>\n\t<meta property=\"og:image:height\" content=\"700\" \/>\n\t<meta property=\"og:image:type\" content=\"image\/jpeg\" \/>\n<meta name=\"author\" content=\"Reda\u00e7\u00e3o\" \/>\n<meta name=\"twitter:card\" content=\"summary_large_image\" \/>\n<meta name=\"twitter:creator\" content=\"@transamerica933\" \/>\n<meta name=\"twitter:site\" content=\"@transamerica933\" \/>\n<meta name=\"twitter:label1\" content=\"Escrito por\" \/>\n\t<meta name=\"twitter:data1\" content=\"Reda\u00e7\u00e3o\" \/>\n\t<meta name=\"twitter:label2\" content=\"Est. tempo de leitura\" \/>\n\t<meta name=\"twitter:data2\" content=\"3 minutos\" \/>\n<script type=\"application\/ld+json\" class=\"yoast-schema-graph\">{\"@context\":\"https:\\\/\\\/schema.org\",\"@graph\":[{\"@type\":\"Article\",\"@id\":\"https:\\\/\\\/transamerica93.com.br\\\/home\\\/rebeca-andrade-afirma-que-prata-em-paris-e-fruto-de-muito-trabalho\\\/#article\",\"isPartOf\":{\"@id\":\"https:\\\/\\\/transamerica93.com.br\\\/home\\\/rebeca-andrade-afirma-que-prata-em-paris-e-fruto-de-muito-trabalho\\\/\"},\"author\":{\"name\":\"Reda\u00e7\u00e3o\",\"@id\":\"https:\\\/\\\/transamerica93.com.br\\\/home\\\/#\\\/schema\\\/person\\\/7fed7c99c0d4562efa8561bc0f543172\"},\"headline\":\"Rebeca Andrade afirma que prata em Paris \u00e9 fruto de muito trabalho\",\"datePublished\":\"2024-08-05T15:00:50+00:00\",\"mainEntityOfPage\":{\"@id\":\"https:\\\/\\\/transamerica93.com.br\\\/home\\\/rebeca-andrade-afirma-que-prata-em-paris-e-fruto-de-muito-trabalho\\\/\"},\"wordCount\":464,\"publisher\":{\"@id\":\"https:\\\/\\\/transamerica93.com.br\\\/home\\\/#organization\"},\"image\":{\"@id\":\"https:\\\/\\\/transamerica93.com.br\\\/home\\\/rebeca-andrade-afirma-que-prata-em-paris-e-fruto-de-muito-trabalho\\\/#primaryimage\"},\"thumbnailUrl\":\"https:\\\/\\\/transamerica93.com.br\\\/home\\\/wp-content\\\/uploads\\\/2024\\\/08\\\/4-1.jpg\",\"articleSection\":[\"Esportes\"],\"inLanguage\":\"pt-BR\"},{\"@type\":\"WebPage\",\"@id\":\"https:\\\/\\\/transamerica93.com.br\\\/home\\\/rebeca-andrade-afirma-que-prata-em-paris-e-fruto-de-muito-trabalho\\\/\",\"url\":\"https:\\\/\\\/transamerica93.com.br\\\/home\\\/rebeca-andrade-afirma-que-prata-em-paris-e-fruto-de-muito-trabalho\\\/\",\"name\":\"Rebeca Andrade afirma que prata em Paris \u00e9 fruto de muito trabalho - Transam\u00e9rica Mococa 93,3\",\"isPartOf\":{\"@id\":\"https:\\\/\\\/transamerica93.com.br\\\/home\\\/#website\"},\"primaryImageOfPage\":{\"@id\":\"https:\\\/\\\/transamerica93.com.br\\\/home\\\/rebeca-andrade-afirma-que-prata-em-paris-e-fruto-de-muito-trabalho\\\/#primaryimage\"},\"image\":{\"@id\":\"https:\\\/\\\/transamerica93.com.br\\\/home\\\/rebeca-andrade-afirma-que-prata-em-paris-e-fruto-de-muito-trabalho\\\/#primaryimage\"},\"thumbnailUrl\":\"https:\\\/\\\/transamerica93.com.br\\\/home\\\/wp-content\\\/uploads\\\/2024\\\/08\\\/4-1.jpg\",\"datePublished\":\"2024-08-05T15:00:50+00:00\",\"breadcrumb\":{\"@id\":\"https:\\\/\\\/transamerica93.com.br\\\/home\\\/rebeca-andrade-afirma-que-prata-em-paris-e-fruto-de-muito-trabalho\\\/#breadcrumb\"},\"inLanguage\":\"pt-BR\",\"potentialAction\":[{\"@type\":\"ReadAction\",\"target\":[\"https:\\\/\\\/transamerica93.com.br\\\/home\\\/rebeca-andrade-afirma-que-prata-em-paris-e-fruto-de-muito-trabalho\\\/\"]}]},{\"@type\":\"ImageObject\",\"inLanguage\":\"pt-BR\",\"@id\":\"https:\\\/\\\/transamerica93.com.br\\\/home\\\/rebeca-andrade-afirma-que-prata-em-paris-e-fruto-de-muito-trabalho\\\/#primaryimage\",\"url\":\"https:\\\/\\\/transamerica93.com.br\\\/home\\\/wp-content\\\/uploads\\\/2024\\\/08\\\/4-1.jpg\",\"contentUrl\":\"https:\\\/\\\/transamerica93.com.br\\\/home\\\/wp-content\\\/uploads\\\/2024\\\/08\\\/4-1.jpg\",\"width\":1170,\"height\":700,\"caption\":\"\u00a9 Luiza Moraes\\\/COB\\\/Direitos Reservados\"},{\"@type\":\"BreadcrumbList\",\"@id\":\"https:\\\/\\\/transamerica93.com.br\\\/home\\\/rebeca-andrade-afirma-que-prata-em-paris-e-fruto-de-muito-trabalho\\\/#breadcrumb\",\"itemListElement\":[{\"@type\":\"ListItem\",\"position\":1,\"name\":\"In\u00edcio\",\"item\":\"https:\\\/\\\/transamerica93.com.br\\\/home\\\/\"},{\"@type\":\"ListItem\",\"position\":2,\"name\":\"Rebeca Andrade afirma que prata em Paris \u00e9 fruto de muito trabalho\"}]},{\"@type\":\"WebSite\",\"@id\":\"https:\\\/\\\/transamerica93.com.br\\\/home\\\/#website\",\"url\":\"https:\\\/\\\/transamerica93.com.br\\\/home\\\/\",\"name\":\"Transam\u00e9rica Mococa 93,3\",\"description\":\"\",\"publisher\":{\"@id\":\"https:\\\/\\\/transamerica93.com.br\\\/home\\\/#organization\"},\"potentialAction\":[{\"@type\":\"SearchAction\",\"target\":{\"@type\":\"EntryPoint\",\"urlTemplate\":\"https:\\\/\\\/transamerica93.com.br\\\/home\\\/?s={search_term_string}\"},\"query-input\":{\"@type\":\"PropertyValueSpecification\",\"valueRequired\":true,\"valueName\":\"search_term_string\"}}],\"inLanguage\":\"pt-BR\"},{\"@type\":\"Organization\",\"@id\":\"https:\\\/\\\/transamerica93.com.br\\\/home\\\/#organization\",\"name\":\"Transam\u00e9rica Mococa 93,3\",\"url\":\"https:\\\/\\\/transamerica93.com.br\\\/home\\\/\",\"logo\":{\"@type\":\"ImageObject\",\"inLanguage\":\"pt-BR\",\"@id\":\"https:\\\/\\\/transamerica93.com.br\\\/home\\\/#\\\/schema\\\/logo\\\/image\\\/\",\"url\":\"https:\\\/\\\/transamerica93.com.br\\\/home\\\/wp-content\\\/uploads\\\/2023\\\/10\\\/logo2.png\",\"contentUrl\":\"https:\\\/\\\/transamerica93.com.br\\\/home\\\/wp-content\\\/uploads\\\/2023\\\/10\\\/logo2.png\",\"width\":800,\"height\":500,\"caption\":\"Transam\u00e9rica Mococa 93,3\"},\"image\":{\"@id\":\"https:\\\/\\\/transamerica93.com.br\\\/home\\\/#\\\/schema\\\/logo\\\/image\\\/\"},\"sameAs\":[\"https:\\\/\\\/www.facebook.com\\\/transamericamococa\",\"https:\\\/\\\/x.com\\\/transamerica933\",\"https:\\\/\\\/www.instagram.com\\\/transamericamococa\"]},{\"@type\":\"Person\",\"@id\":\"https:\\\/\\\/transamerica93.com.br\\\/home\\\/#\\\/schema\\\/person\\\/7fed7c99c0d4562efa8561bc0f543172\",\"name\":\"Reda\u00e7\u00e3o\",\"image\":{\"@type\":\"ImageObject\",\"inLanguage\":\"pt-BR\",\"@id\":\"https:\\\/\\\/secure.gravatar.com\\\/avatar\\\/1072c6b775fb02ef8506ce967551d95926669a6b7d2c2147b42eea4d7c68395e?s=96&d=mm&r=g\",\"url\":\"https:\\\/\\\/secure.gravatar.com\\\/avatar\\\/1072c6b775fb02ef8506ce967551d95926669a6b7d2c2147b42eea4d7c68395e?s=96&d=mm&r=g\",\"contentUrl\":\"https:\\\/\\\/secure.gravatar.com\\\/avatar\\\/1072c6b775fb02ef8506ce967551d95926669a6b7d2c2147b42eea4d7c68395e?s=96&d=mm&r=g\",\"caption\":\"Reda\u00e7\u00e3o\"},\"sameAs\":[\"https:\\\/\\\/transamerica93.com.br\\\/home\"],\"url\":\"https:\\\/\\\/transamerica93.com.br\\\/home\\\/author\\\/william\\\/\"}]}<\/script>\n<!-- \/ Yoast SEO plugin. -->","yoast_head_json":{"title":"Rebeca Andrade afirma que prata em Paris \u00e9 fruto de muito trabalho - Transam\u00e9rica Mococa 93,3","robots":{"index":"index","follow":"follow","max-snippet":"max-snippet:-1","max-image-preview":"max-image-preview:large","max-video-preview":"max-video-preview:-1"},"canonical":"https:\/\/transamerica93.com.br\/home\/rebeca-andrade-afirma-que-prata-em-paris-e-fruto-de-muito-trabalho\/","og_locale":"pt_BR","og_type":"article","og_title":"Rebeca Andrade afirma que prata em Paris \u00e9 fruto de muito trabalho - Transam\u00e9rica Mococa 93,3","og_description":"A brasileira Rebeca Andrade afirmou que a\u00a0conquista da medalha de prata\u00a0na final do individual geral da gin\u00e1stica art\u00edstica dos Jogos Ol\u00edmpicos de Paris (Fran\u00e7a), \u00e9 fruto de muito trabalho, n\u00e3o apenas dela, mas de toda a equipe que a acompanha em Paris. \u201cAcho que isso \u00e9 trabalho, n\u00e9 gente? A gente trabalha muito ali dentro &hellip;","og_url":"https:\/\/transamerica93.com.br\/home\/rebeca-andrade-afirma-que-prata-em-paris-e-fruto-de-muito-trabalho\/","og_site_name":"Transam\u00e9rica Mococa 93,3","article_publisher":"https:\/\/www.facebook.com\/transamericamococa","article_published_time":"2024-08-05T15:00:50+00:00","og_image":[{"width":1170,"height":700,"url":"https:\/\/transamerica93.com.br\/home\/wp-content\/uploads\/2024\/08\/4-1.jpg","type":"image\/jpeg"}],"author":"Reda\u00e7\u00e3o","twitter_card":"summary_large_image","twitter_creator":"@transamerica933","twitter_site":"@transamerica933","twitter_misc":{"Escrito por":"Reda\u00e7\u00e3o","Est. tempo de leitura":"3 minutos"},"schema":{"@context":"https:\/\/schema.org","@graph":[{"@type":"Article","@id":"https:\/\/transamerica93.com.br\/home\/rebeca-andrade-afirma-que-prata-em-paris-e-fruto-de-muito-trabalho\/#article","isPartOf":{"@id":"https:\/\/transamerica93.com.br\/home\/rebeca-andrade-afirma-que-prata-em-paris-e-fruto-de-muito-trabalho\/"},"author":{"name":"Reda\u00e7\u00e3o","@id":"https:\/\/transamerica93.com.br\/home\/#\/schema\/person\/7fed7c99c0d4562efa8561bc0f543172"},"headline":"Rebeca Andrade afirma que prata em Paris \u00e9 fruto de muito trabalho","datePublished":"2024-08-05T15:00:50+00:00","mainEntityOfPage":{"@id":"https:\/\/transamerica93.com.br\/home\/rebeca-andrade-afirma-que-prata-em-paris-e-fruto-de-muito-trabalho\/"},"wordCount":464,"publisher":{"@id":"https:\/\/transamerica93.com.br\/home\/#organization"},"image":{"@id":"https:\/\/transamerica93.com.br\/home\/rebeca-andrade-afirma-que-prata-em-paris-e-fruto-de-muito-trabalho\/#primaryimage"},"thumbnailUrl":"https:\/\/transamerica93.com.br\/home\/wp-content\/uploads\/2024\/08\/4-1.jpg","articleSection":["Esportes"],"inLanguage":"pt-BR"},{"@type":"WebPage","@id":"https:\/\/transamerica93.com.br\/home\/rebeca-andrade-afirma-que-prata-em-paris-e-fruto-de-muito-trabalho\/","url":"https:\/\/transamerica93.com.br\/home\/rebeca-andrade-afirma-que-prata-em-paris-e-fruto-de-muito-trabalho\/","name":"Rebeca Andrade afirma que prata em Paris \u00e9 fruto de muito trabalho - Transam\u00e9rica Mococa 93,3","isPartOf":{"@id":"https:\/\/transamerica93.com.br\/home\/#website"},"primaryImageOfPage":{"@id":"https:\/\/transamerica93.com.br\/home\/rebeca-andrade-afirma-que-prata-em-paris-e-fruto-de-muito-trabalho\/#primaryimage"},"image":{"@id":"https:\/\/transamerica93.com.br\/home\/rebeca-andrade-afirma-que-prata-em-paris-e-fruto-de-muito-trabalho\/#primaryimage"},"thumbnailUrl":"https:\/\/transamerica93.com.br\/home\/wp-content\/uploads\/2024\/08\/4-1.jpg","datePublished":"2024-08-05T15:00:50+00:00","breadcrumb":{"@id":"https:\/\/transamerica93.com.br\/home\/rebeca-andrade-afirma-que-prata-em-paris-e-fruto-de-muito-trabalho\/#breadcrumb"},"inLanguage":"pt-BR","potentialAction":[{"@type":"ReadAction","target":["https:\/\/transamerica93.com.br\/home\/rebeca-andrade-afirma-que-prata-em-paris-e-fruto-de-muito-trabalho\/"]}]},{"@type":"ImageObject","inLanguage":"pt-BR","@id":"https:\/\/transamerica93.com.br\/home\/rebeca-andrade-afirma-que-prata-em-paris-e-fruto-de-muito-trabalho\/#primaryimage","url":"https:\/\/transamerica93.com.br\/home\/wp-content\/uploads\/2024\/08\/4-1.jpg","contentUrl":"https:\/\/transamerica93.com.br\/home\/wp-content\/uploads\/2024\/08\/4-1.jpg","width":1170,"height":700,"caption":"\u00a9 Luiza Moraes\/COB\/Direitos Reservados"},{"@type":"BreadcrumbList","@id":"https:\/\/transamerica93.com.br\/home\/rebeca-andrade-afirma-que-prata-em-paris-e-fruto-de-muito-trabalho\/#breadcrumb","itemListElement":[{"@type":"ListItem","position":1,"name":"In\u00edcio","item":"https:\/\/transamerica93.com.br\/home\/"},{"@type":"ListItem","position":2,"name":"Rebeca Andrade afirma que prata em Paris \u00e9 fruto de muito trabalho"}]},{"@type":"WebSite","@id":"https:\/\/transamerica93.com.br\/home\/#website","url":"https:\/\/transamerica93.com.br\/home\/","name":"Transam\u00e9rica Mococa 93,3","description":"","publisher":{"@id":"https:\/\/transamerica93.com.br\/home\/#organization"},"potentialAction":[{"@type":"SearchAction","target":{"@type":"EntryPoint","urlTemplate":"https:\/\/transamerica93.com.br\/home\/?s={search_term_string}"},"query-input":{"@type":"PropertyValueSpecification","valueRequired":true,"valueName":"search_term_string"}}],"inLanguage":"pt-BR"},{"@type":"Organization","@id":"https:\/\/transamerica93.com.br\/home\/#organization","name":"Transam\u00e9rica Mococa 93,3","url":"https:\/\/transamerica93.com.br\/home\/","logo":{"@type":"ImageObject","inLanguage":"pt-BR","@id":"https:\/\/transamerica93.com.br\/home\/#\/schema\/logo\/image\/","url":"https:\/\/transamerica93.com.br\/home\/wp-content\/uploads\/2023\/10\/logo2.png","contentUrl":"https:\/\/transamerica93.com.br\/home\/wp-content\/uploads\/2023\/10\/logo2.png","width":800,"height":500,"caption":"Transam\u00e9rica Mococa 93,3"},"image":{"@id":"https:\/\/transamerica93.com.br\/home\/#\/schema\/logo\/image\/"},"sameAs":["https:\/\/www.facebook.com\/transamericamococa","https:\/\/x.com\/transamerica933","https:\/\/www.instagram.com\/transamericamococa"]},{"@type":"Person","@id":"https:\/\/transamerica93.com.br\/home\/#\/schema\/person\/7fed7c99c0d4562efa8561bc0f543172","name":"Reda\u00e7\u00e3o","image":{"@type":"ImageObject","inLanguage":"pt-BR","@id":"https:\/\/secure.gravatar.com\/avatar\/1072c6b775fb02ef8506ce967551d95926669a6b7d2c2147b42eea4d7c68395e?s=96&d=mm&r=g","url":"https:\/\/secure.gravatar.com\/avatar\/1072c6b775fb02ef8506ce967551d95926669a6b7d2c2147b42eea4d7c68395e?s=96&d=mm&r=g","contentUrl":"https:\/\/secure.gravatar.com\/avatar\/1072c6b775fb02ef8506ce967551d95926669a6b7d2c2147b42eea4d7c68395e?s=96&d=mm&r=g","caption":"Reda\u00e7\u00e3o"},"sameAs":["https:\/\/transamerica93.com.br\/home"],"url":"https:\/\/transamerica93.com.br\/home\/author\/william\/"}]}},"_links":{"self":[{"href":"https:\/\/transamerica93.com.br\/home\/wp-json\/wp\/v2\/posts\/3454","targetHints":{"allow":["GET"]}}],"collection":[{"href":"https:\/\/transamerica93.com.br\/home\/wp-json\/wp\/v2\/posts"}],"about":[{"href":"https:\/\/transamerica93.com.br\/home\/wp-json\/wp\/v2\/types\/post"}],"author":[{"embeddable":true,"href":"https:\/\/transamerica93.com.br\/home\/wp-json\/wp\/v2\/users\/1"}],"replies":[{"embeddable":true,"href":"https:\/\/transamerica93.com.br\/home\/wp-json\/wp\/v2\/comments?post=3454"}],"version-history":[{"count":1,"href":"https:\/\/transamerica93.com.br\/home\/wp-json\/wp\/v2\/posts\/3454\/revisions"}],"predecessor-version":[{"id":3460,"href":"https:\/\/transamerica93.com.br\/home\/wp-json\/wp\/v2\/posts\/3454\/revisions\/3460"}],"wp:featuredmedia":[{"embeddable":true,"href":"https:\/\/transamerica93.com.br\/home\/wp-json\/wp\/v2\/media\/3458"}],"wp:attachment":[{"href":"https:\/\/transamerica93.com.br\/home\/wp-json\/wp\/v2\/media?parent=3454"}],"wp:term":[{"taxonomy":"category","embeddable":true,"href":"https:\/\/transamerica93.com.br\/home\/wp-json\/wp\/v2\/categories?post=3454"},{"taxonomy":"post_tag","embeddable":true,"href":"https:\/\/transamerica93.com.br\/home\/wp-json\/wp\/v2\/tags?post=3454"}],"curies":[{"name":"wp","href":"https:\/\/api.w.org\/{rel}","templated":true}]}}