{"id":3461,"date":"2024-08-06T12:00:19","date_gmt":"2024-08-06T15:00:19","guid":{"rendered":"https:\/\/transamerica93.com.br\/home\/?p=3461"},"modified":"2024-08-03T17:21:40","modified_gmt":"2024-08-03T20:21:40","slug":"em-paris-rai-atua-para-fortalecer-relacao-entre-brasil-e-franca","status":"publish","type":"post","link":"https:\/\/transamerica93.com.br\/home\/em-paris-rai-atua-para-fortalecer-relacao-entre-brasil-e-franca\/","title":{"rendered":"Em Paris, Ra\u00ed atua para fortalecer rela\u00e7\u00e3o entre Brasil e Fran\u00e7a"},"content":{"rendered":"<div class=\"post-item-wrap\">\n<p>O Brasil tem v\u00e1rios personagens de destaque nos Jogos Ol\u00edmpicos de Paris. Alguns est\u00e3o brilhando nas arenas esportivas, mas tamb\u00e9m h\u00e1 aqueles que se destacam em outros espa\u00e7os. Um deles \u00e9 o ex-jogador de futebol Ra\u00ed. Com passagens marcantes por clubes como S\u00e3o Paulo e PSG (Fran\u00e7a), o campe\u00e3o mundial de futebol com a sele\u00e7\u00e3o brasileira na Copa do Mundo de 1994 agora se considera uma esp\u00e9cie de embaixador informal que atua para fortalecer as rela\u00e7\u00f5es entre Brasil e Fran\u00e7a.<\/p>\n<p>Em entrevista \u00e0\u00a0<strong>Ag\u00eancia Brasil<\/strong>\u00a0concedida em evento realizado na Casa Brasil (ponto de encontro em Paris de torcedores, autoridades e atletas durante os 17 dias de Jogos Ol\u00edmpicos) no \u00faltimo s\u00e1bado (27), Ra\u00ed tamb\u00e9m falou da expectativa para Copa do Mundo de futebol feminino que ser\u00e1 disputada em 2027 no Brasil e comentou o legado da Gol de Letra, projeto social criado por ele h\u00e1 25 anos.<img decoding=\"async\" data-src=\"https:\/\/agenciabrasil.ebc.com.br\/ebc.png?id=1606156&amp;o=node\" src=\"data:image\/svg+xml;base64,PHN2ZyB3aWR0aD0iMSIgaGVpZ2h0PSIxIiB4bWxucz0iaHR0cDovL3d3dy53My5vcmcvMjAwMC9zdmciPjwvc3ZnPg==\" class=\"lazyload\" \/><img decoding=\"async\" data-src=\"https:\/\/agenciabrasil.ebc.com.br\/ebc.gif?id=1606156&amp;o=node\" src=\"data:image\/svg+xml;base64,PHN2ZyB3aWR0aD0iMSIgaGVpZ2h0PSIxIiB4bWxucz0iaHR0cDovL3d3dy53My5vcmcvMjAwMC9zdmciPjwvc3ZnPg==\" class=\"lazyload\" \/><\/p>\n<p><strong>Ag\u00eancia Brasil:<\/strong>\u00a0Qual a import\u00e2ncia de um espa\u00e7o como esse, da Casa Brasil, falando do Brasil e de esporte na capital francesa durante os Jogos Ol\u00edmpicos?<br \/>\n<strong>Ra\u00ed:<\/strong>\u00a0Acho que \u00e9 o poder de mobiliza\u00e7\u00e3o do esporte. Quando vemos o mundo inteiro aqui \u00e9 super importante um espa\u00e7o como esse para o Brasil marcar presen\u00e7a. E o Brasil, junto de outros tr\u00eas ou quatro pa\u00edses, \u00e9 um dos mais aplaudidos aqui, como visto na Cerim\u00f4nia de Abertura. O Brasil tem que saber aproveitar isso, esses momentos, para mostrar suas belezas, suas riquezas, tudo que temos de riqueza cultural e que mostra o que somos. Estamos dando um passo a mais para que as pessoas conhe\u00e7am tudo que temos de bom, que n\u00e3o fique apenas no imagin\u00e1rio. As Olimp\u00edadas, a Fran\u00e7a, que est\u00e3o se aproximando do Brasil, s\u00e3o parcerias estrat\u00e9gicas que ser\u00e3o importantes para o mundo e para o nosso desenvolvimento.<\/p>\n<p><strong>Agencia Brasil:<\/strong>\u00a0Voc\u00ea \u00e9 um \u00eddolo no Brasil e na Fran\u00e7a. Aqui, nos Jogos, podemos falar que voc\u00ea tem atuado como uma esp\u00e9cie de embaixador entre os dois pa\u00edses, em especial no esporte?<br \/>\n<strong>Ra\u00ed:<\/strong>\u00a0Eu me considero um embaixador informal. Tenho muito orgulho disso, de ser esse s\u00edmbolo entre os dois pa\u00edses. \u00c9 algo que pode fazer bem para o mundo. A Fran\u00e7a \u00e9 o pa\u00eds dos Direitos Humanos, da liberdade, da igualdade e da fraternidade. J\u00e1 o Brasil tem um jeito humano, o nosso jeito espont\u00e2neo, que todos adoram, al\u00e9m de todas as nossas belezas. Entendo que o franc\u00eas, ao conhecer o Brasil, volta com a mesma impress\u00e3o ao conhecer o Brasil: que o pa\u00eds \u00e9 maravilhoso, \u00e9 lindo, mas o que tem de mais rico s\u00e3o as pessoas, as rela\u00e7\u00f5es humanas. Creio que o Brasil tem muito a espalhar pelo mundo, tem muito tamb\u00e9m a aprender com os outros pa\u00edses.<\/p>\n<p><strong>Ag\u00eancia Brasil:<\/strong>\u00a0Em tr\u00eas anos o Brasil sediar\u00e1 uma Copa do Mundo de futebol feminino. Agora temos a sele\u00e7\u00e3o brasileira disputando os Jogos Ol\u00edmpicos com a Marta. Ser\u00e1 que a nossa Rainha chega ao Mundial em solo brasileiro dentro das quatro linhas?<br \/>\n<strong>Ra\u00ed:<\/strong>\u00a0Acredito muito nas meninas [da sele\u00e7\u00e3o], n\u00e3o apenas como potencial t\u00e9cnico, de fazer um bom papel aqui, mas tamb\u00e9m representando uma causa. Uma causa que vai muito al\u00e9m do esporte. Mas estamos torcendo muito para o Brasil ter uma grande performance aqui. Sobre a Marta, ela \u00e9 um dos maiores s\u00edmbolos do Brasil, n\u00e3o apenas pelo futebol, mas pela postura, for\u00e7a, como mulher, como nordestina. Uma mistura de tudo isso. \u00c9 muita pot\u00eancia, como diz a pr\u00f3pria Marta, e temos que celebr\u00e1-la enquanto pudermos, tanto dentro como fora de campo.<\/p>\n<p><strong>Ag\u00eancia Brasil:<\/strong>\u00a0No Brasil, voc\u00ea tem um projeto social chamado Gol de Letra. Qual o legado desta iniciativa?<br \/>\n<strong>Ra\u00ed:<\/strong>\u00a0A Gol de Letra festeja 25 anos de trabalho. Mais de 30 mil crian\u00e7as j\u00e1 passaram pelos nossos centros. Faz diferen\u00e7a na vida das pessoas atendidas, das suas fam\u00edlias e tamb\u00e9m dos bairros nos quais atua. Hoje temos resultados muito bons. Come\u00e7amos a disseminar a nossa metodologia h\u00e1 mais de 10 anos. Em outras quinze regi\u00f5es do Brasil, e at\u00e9 em Guin\u00e9-Bissau, formamos pessoas para fazer o mesmo que fazemos nas periferias de S\u00e3o Paulo e do Rio, nas periferias. Quando lancei a Gol de Letra, h\u00e1 mais de 25 anos, o objetivo era criar um movimento para promover um pa\u00eds mais justo. Meu grande sonho \u00e9 transformar a Gol de Letra em sin\u00f4nimo de cidadania, sin\u00f4nimo de justi\u00e7a social, sin\u00f4nimo de Educa\u00e7\u00e3o de qualidade para que as novas gera\u00e7\u00f5es possam se desenvolver o m\u00e1ximo poss\u00edvel para sejam os grandes transformadores da nossa realidade, transformadores sociais.<\/p>\n<\/div>\n<p class=\"alt-font font-italic my-2 small text-info\">Edi\u00e7\u00e3o: F\u00e1bio Lisboa<\/p>\n","protected":false},"excerpt":{"rendered":"<p>O Brasil tem v\u00e1rios personagens de destaque nos Jogos Ol\u00edmpicos de Paris. Alguns est\u00e3o brilhando nas arenas esportivas, mas tamb\u00e9m h\u00e1 aqueles que se destacam em outros espa\u00e7os. Um deles \u00e9 o ex-jogador de futebol Ra\u00ed. Com passagens marcantes por clubes como S\u00e3o Paulo e PSG (Fran\u00e7a), o campe\u00e3o mundial de futebol com a sele\u00e7\u00e3o &hellip;<\/p>\n","protected":false},"author":1,"featured_media":3462,"comment_status":"closed","ping_status":"closed","sticky":false,"template":"","format":"standard","meta":{"footnotes":""},"categories":[31],"tags":[],"class_list":["post-3461","post","type-post","status-publish","format-standard","has-post-thumbnail","hentry","category-esportes"],"yoast_head":"<!-- This site is optimized with the Yoast SEO plugin v27.4 - https:\/\/yoast.com\/product\/yoast-seo-wordpress\/ -->\n<title>Em Paris, Ra\u00ed atua para fortalecer rela\u00e7\u00e3o entre Brasil e Fran\u00e7a - Transam\u00e9rica Mococa 93,3<\/title>\n<meta name=\"robots\" content=\"index, follow, max-snippet:-1, max-image-preview:large, max-video-preview:-1\" \/>\n<link rel=\"canonical\" href=\"https:\/\/transamerica93.com.br\/home\/em-paris-rai-atua-para-fortalecer-relacao-entre-brasil-e-franca\/\" \/>\n<meta property=\"og:locale\" content=\"pt_BR\" \/>\n<meta property=\"og:type\" content=\"article\" \/>\n<meta property=\"og:title\" content=\"Em Paris, Ra\u00ed atua para fortalecer rela\u00e7\u00e3o entre Brasil e Fran\u00e7a - Transam\u00e9rica Mococa 93,3\" \/>\n<meta property=\"og:description\" content=\"O Brasil tem v\u00e1rios personagens de destaque nos Jogos Ol\u00edmpicos de Paris. Alguns est\u00e3o brilhando nas arenas esportivas, mas tamb\u00e9m h\u00e1 aqueles que se destacam em outros espa\u00e7os. Um deles \u00e9 o ex-jogador de futebol Ra\u00ed. Com passagens marcantes por clubes como S\u00e3o Paulo e PSG (Fran\u00e7a), o campe\u00e3o mundial de futebol com a sele\u00e7\u00e3o &hellip;\" \/>\n<meta property=\"og:url\" content=\"https:\/\/transamerica93.com.br\/home\/em-paris-rai-atua-para-fortalecer-relacao-entre-brasil-e-franca\/\" \/>\n<meta property=\"og:site_name\" content=\"Transam\u00e9rica Mococa 93,3\" \/>\n<meta property=\"article:publisher\" content=\"https:\/\/www.facebook.com\/transamericamococa\" \/>\n<meta property=\"article:published_time\" content=\"2024-08-06T15:00:19+00:00\" \/>\n<meta property=\"og:image\" content=\"https:\/\/transamerica93.com.br\/home\/wp-content\/uploads\/2024\/08\/2-2.jpg\" \/>\n\t<meta property=\"og:image:width\" content=\"1170\" \/>\n\t<meta property=\"og:image:height\" content=\"700\" \/>\n\t<meta property=\"og:image:type\" content=\"image\/jpeg\" \/>\n<meta name=\"author\" content=\"Reda\u00e7\u00e3o\" \/>\n<meta name=\"twitter:card\" content=\"summary_large_image\" \/>\n<meta name=\"twitter:creator\" content=\"@transamerica933\" \/>\n<meta name=\"twitter:site\" content=\"@transamerica933\" \/>\n<meta name=\"twitter:label1\" content=\"Escrito por\" \/>\n\t<meta name=\"twitter:data1\" content=\"Reda\u00e7\u00e3o\" \/>\n\t<meta name=\"twitter:label2\" content=\"Est. tempo de leitura\" \/>\n\t<meta name=\"twitter:data2\" content=\"5 minutos\" \/>\n<script type=\"application\/ld+json\" class=\"yoast-schema-graph\">{\"@context\":\"https:\\\/\\\/schema.org\",\"@graph\":[{\"@type\":\"Article\",\"@id\":\"https:\\\/\\\/transamerica93.com.br\\\/home\\\/em-paris-rai-atua-para-fortalecer-relacao-entre-brasil-e-franca\\\/#article\",\"isPartOf\":{\"@id\":\"https:\\\/\\\/transamerica93.com.br\\\/home\\\/em-paris-rai-atua-para-fortalecer-relacao-entre-brasil-e-franca\\\/\"},\"author\":{\"name\":\"Reda\u00e7\u00e3o\",\"@id\":\"https:\\\/\\\/transamerica93.com.br\\\/home\\\/#\\\/schema\\\/person\\\/7fed7c99c0d4562efa8561bc0f543172\"},\"headline\":\"Em Paris, Ra\u00ed atua para fortalecer rela\u00e7\u00e3o entre Brasil e Fran\u00e7a\",\"datePublished\":\"2024-08-06T15:00:19+00:00\",\"mainEntityOfPage\":{\"@id\":\"https:\\\/\\\/transamerica93.com.br\\\/home\\\/em-paris-rai-atua-para-fortalecer-relacao-entre-brasil-e-franca\\\/\"},\"wordCount\":827,\"publisher\":{\"@id\":\"https:\\\/\\\/transamerica93.com.br\\\/home\\\/#organization\"},\"image\":{\"@id\":\"https:\\\/\\\/transamerica93.com.br\\\/home\\\/em-paris-rai-atua-para-fortalecer-relacao-entre-brasil-e-franca\\\/#primaryimage\"},\"thumbnailUrl\":\"https:\\\/\\\/transamerica93.com.br\\\/home\\\/wp-content\\\/uploads\\\/2024\\\/08\\\/2-2.jpg\",\"articleSection\":[\"Esportes\"],\"inLanguage\":\"pt-BR\"},{\"@type\":\"WebPage\",\"@id\":\"https:\\\/\\\/transamerica93.com.br\\\/home\\\/em-paris-rai-atua-para-fortalecer-relacao-entre-brasil-e-franca\\\/\",\"url\":\"https:\\\/\\\/transamerica93.com.br\\\/home\\\/em-paris-rai-atua-para-fortalecer-relacao-entre-brasil-e-franca\\\/\",\"name\":\"Em Paris, Ra\u00ed atua para fortalecer rela\u00e7\u00e3o entre Brasil e Fran\u00e7a - Transam\u00e9rica Mococa 93,3\",\"isPartOf\":{\"@id\":\"https:\\\/\\\/transamerica93.com.br\\\/home\\\/#website\"},\"primaryImageOfPage\":{\"@id\":\"https:\\\/\\\/transamerica93.com.br\\\/home\\\/em-paris-rai-atua-para-fortalecer-relacao-entre-brasil-e-franca\\\/#primaryimage\"},\"image\":{\"@id\":\"https:\\\/\\\/transamerica93.com.br\\\/home\\\/em-paris-rai-atua-para-fortalecer-relacao-entre-brasil-e-franca\\\/#primaryimage\"},\"thumbnailUrl\":\"https:\\\/\\\/transamerica93.com.br\\\/home\\\/wp-content\\\/uploads\\\/2024\\\/08\\\/2-2.jpg\",\"datePublished\":\"2024-08-06T15:00:19+00:00\",\"breadcrumb\":{\"@id\":\"https:\\\/\\\/transamerica93.com.br\\\/home\\\/em-paris-rai-atua-para-fortalecer-relacao-entre-brasil-e-franca\\\/#breadcrumb\"},\"inLanguage\":\"pt-BR\",\"potentialAction\":[{\"@type\":\"ReadAction\",\"target\":[\"https:\\\/\\\/transamerica93.com.br\\\/home\\\/em-paris-rai-atua-para-fortalecer-relacao-entre-brasil-e-franca\\\/\"]}]},{\"@type\":\"ImageObject\",\"inLanguage\":\"pt-BR\",\"@id\":\"https:\\\/\\\/transamerica93.com.br\\\/home\\\/em-paris-rai-atua-para-fortalecer-relacao-entre-brasil-e-franca\\\/#primaryimage\",\"url\":\"https:\\\/\\\/transamerica93.com.br\\\/home\\\/wp-content\\\/uploads\\\/2024\\\/08\\\/2-2.jpg\",\"contentUrl\":\"https:\\\/\\\/transamerica93.com.br\\\/home\\\/wp-content\\\/uploads\\\/2024\\\/08\\\/2-2.jpg\",\"width\":1170,\"height\":700,\"caption\":\"\u00a9 Rafael Ribeiro\\\/CBF\\\/Direitos Reservados\"},{\"@type\":\"BreadcrumbList\",\"@id\":\"https:\\\/\\\/transamerica93.com.br\\\/home\\\/em-paris-rai-atua-para-fortalecer-relacao-entre-brasil-e-franca\\\/#breadcrumb\",\"itemListElement\":[{\"@type\":\"ListItem\",\"position\":1,\"name\":\"In\u00edcio\",\"item\":\"https:\\\/\\\/transamerica93.com.br\\\/home\\\/\"},{\"@type\":\"ListItem\",\"position\":2,\"name\":\"Em Paris, Ra\u00ed atua para fortalecer rela\u00e7\u00e3o entre Brasil e Fran\u00e7a\"}]},{\"@type\":\"WebSite\",\"@id\":\"https:\\\/\\\/transamerica93.com.br\\\/home\\\/#website\",\"url\":\"https:\\\/\\\/transamerica93.com.br\\\/home\\\/\",\"name\":\"Transam\u00e9rica Mococa 93,3\",\"description\":\"\",\"publisher\":{\"@id\":\"https:\\\/\\\/transamerica93.com.br\\\/home\\\/#organization\"},\"potentialAction\":[{\"@type\":\"SearchAction\",\"target\":{\"@type\":\"EntryPoint\",\"urlTemplate\":\"https:\\\/\\\/transamerica93.com.br\\\/home\\\/?s={search_term_string}\"},\"query-input\":{\"@type\":\"PropertyValueSpecification\",\"valueRequired\":true,\"valueName\":\"search_term_string\"}}],\"inLanguage\":\"pt-BR\"},{\"@type\":\"Organization\",\"@id\":\"https:\\\/\\\/transamerica93.com.br\\\/home\\\/#organization\",\"name\":\"Transam\u00e9rica Mococa 93,3\",\"url\":\"https:\\\/\\\/transamerica93.com.br\\\/home\\\/\",\"logo\":{\"@type\":\"ImageObject\",\"inLanguage\":\"pt-BR\",\"@id\":\"https:\\\/\\\/transamerica93.com.br\\\/home\\\/#\\\/schema\\\/logo\\\/image\\\/\",\"url\":\"https:\\\/\\\/transamerica93.com.br\\\/home\\\/wp-content\\\/uploads\\\/2023\\\/10\\\/logo2.png\",\"contentUrl\":\"https:\\\/\\\/transamerica93.com.br\\\/home\\\/wp-content\\\/uploads\\\/2023\\\/10\\\/logo2.png\",\"width\":800,\"height\":500,\"caption\":\"Transam\u00e9rica Mococa 93,3\"},\"image\":{\"@id\":\"https:\\\/\\\/transamerica93.com.br\\\/home\\\/#\\\/schema\\\/logo\\\/image\\\/\"},\"sameAs\":[\"https:\\\/\\\/www.facebook.com\\\/transamericamococa\",\"https:\\\/\\\/x.com\\\/transamerica933\",\"https:\\\/\\\/www.instagram.com\\\/transamericamococa\"]},{\"@type\":\"Person\",\"@id\":\"https:\\\/\\\/transamerica93.com.br\\\/home\\\/#\\\/schema\\\/person\\\/7fed7c99c0d4562efa8561bc0f543172\",\"name\":\"Reda\u00e7\u00e3o\",\"image\":{\"@type\":\"ImageObject\",\"inLanguage\":\"pt-BR\",\"@id\":\"https:\\\/\\\/secure.gravatar.com\\\/avatar\\\/1072c6b775fb02ef8506ce967551d95926669a6b7d2c2147b42eea4d7c68395e?s=96&d=mm&r=g\",\"url\":\"https:\\\/\\\/secure.gravatar.com\\\/avatar\\\/1072c6b775fb02ef8506ce967551d95926669a6b7d2c2147b42eea4d7c68395e?s=96&d=mm&r=g\",\"contentUrl\":\"https:\\\/\\\/secure.gravatar.com\\\/avatar\\\/1072c6b775fb02ef8506ce967551d95926669a6b7d2c2147b42eea4d7c68395e?s=96&d=mm&r=g\",\"caption\":\"Reda\u00e7\u00e3o\"},\"sameAs\":[\"https:\\\/\\\/transamerica93.com.br\\\/home\"],\"url\":\"https:\\\/\\\/transamerica93.com.br\\\/home\\\/author\\\/william\\\/\"}]}<\/script>\n<!-- \/ Yoast SEO plugin. -->","yoast_head_json":{"title":"Em Paris, Ra\u00ed atua para fortalecer rela\u00e7\u00e3o entre Brasil e Fran\u00e7a - Transam\u00e9rica Mococa 93,3","robots":{"index":"index","follow":"follow","max-snippet":"max-snippet:-1","max-image-preview":"max-image-preview:large","max-video-preview":"max-video-preview:-1"},"canonical":"https:\/\/transamerica93.com.br\/home\/em-paris-rai-atua-para-fortalecer-relacao-entre-brasil-e-franca\/","og_locale":"pt_BR","og_type":"article","og_title":"Em Paris, Ra\u00ed atua para fortalecer rela\u00e7\u00e3o entre Brasil e Fran\u00e7a - Transam\u00e9rica Mococa 93,3","og_description":"O Brasil tem v\u00e1rios personagens de destaque nos Jogos Ol\u00edmpicos de Paris. Alguns est\u00e3o brilhando nas arenas esportivas, mas tamb\u00e9m h\u00e1 aqueles que se destacam em outros espa\u00e7os. Um deles \u00e9 o ex-jogador de futebol Ra\u00ed. Com passagens marcantes por clubes como S\u00e3o Paulo e PSG (Fran\u00e7a), o campe\u00e3o mundial de futebol com a sele\u00e7\u00e3o &hellip;","og_url":"https:\/\/transamerica93.com.br\/home\/em-paris-rai-atua-para-fortalecer-relacao-entre-brasil-e-franca\/","og_site_name":"Transam\u00e9rica Mococa 93,3","article_publisher":"https:\/\/www.facebook.com\/transamericamococa","article_published_time":"2024-08-06T15:00:19+00:00","og_image":[{"width":1170,"height":700,"url":"https:\/\/transamerica93.com.br\/home\/wp-content\/uploads\/2024\/08\/2-2.jpg","type":"image\/jpeg"}],"author":"Reda\u00e7\u00e3o","twitter_card":"summary_large_image","twitter_creator":"@transamerica933","twitter_site":"@transamerica933","twitter_misc":{"Escrito por":"Reda\u00e7\u00e3o","Est. tempo de leitura":"5 minutos"},"schema":{"@context":"https:\/\/schema.org","@graph":[{"@type":"Article","@id":"https:\/\/transamerica93.com.br\/home\/em-paris-rai-atua-para-fortalecer-relacao-entre-brasil-e-franca\/#article","isPartOf":{"@id":"https:\/\/transamerica93.com.br\/home\/em-paris-rai-atua-para-fortalecer-relacao-entre-brasil-e-franca\/"},"author":{"name":"Reda\u00e7\u00e3o","@id":"https:\/\/transamerica93.com.br\/home\/#\/schema\/person\/7fed7c99c0d4562efa8561bc0f543172"},"headline":"Em Paris, Ra\u00ed atua para fortalecer rela\u00e7\u00e3o entre Brasil e Fran\u00e7a","datePublished":"2024-08-06T15:00:19+00:00","mainEntityOfPage":{"@id":"https:\/\/transamerica93.com.br\/home\/em-paris-rai-atua-para-fortalecer-relacao-entre-brasil-e-franca\/"},"wordCount":827,"publisher":{"@id":"https:\/\/transamerica93.com.br\/home\/#organization"},"image":{"@id":"https:\/\/transamerica93.com.br\/home\/em-paris-rai-atua-para-fortalecer-relacao-entre-brasil-e-franca\/#primaryimage"},"thumbnailUrl":"https:\/\/transamerica93.com.br\/home\/wp-content\/uploads\/2024\/08\/2-2.jpg","articleSection":["Esportes"],"inLanguage":"pt-BR"},{"@type":"WebPage","@id":"https:\/\/transamerica93.com.br\/home\/em-paris-rai-atua-para-fortalecer-relacao-entre-brasil-e-franca\/","url":"https:\/\/transamerica93.com.br\/home\/em-paris-rai-atua-para-fortalecer-relacao-entre-brasil-e-franca\/","name":"Em Paris, Ra\u00ed atua para fortalecer rela\u00e7\u00e3o entre Brasil e Fran\u00e7a - Transam\u00e9rica Mococa 93,3","isPartOf":{"@id":"https:\/\/transamerica93.com.br\/home\/#website"},"primaryImageOfPage":{"@id":"https:\/\/transamerica93.com.br\/home\/em-paris-rai-atua-para-fortalecer-relacao-entre-brasil-e-franca\/#primaryimage"},"image":{"@id":"https:\/\/transamerica93.com.br\/home\/em-paris-rai-atua-para-fortalecer-relacao-entre-brasil-e-franca\/#primaryimage"},"thumbnailUrl":"https:\/\/transamerica93.com.br\/home\/wp-content\/uploads\/2024\/08\/2-2.jpg","datePublished":"2024-08-06T15:00:19+00:00","breadcrumb":{"@id":"https:\/\/transamerica93.com.br\/home\/em-paris-rai-atua-para-fortalecer-relacao-entre-brasil-e-franca\/#breadcrumb"},"inLanguage":"pt-BR","potentialAction":[{"@type":"ReadAction","target":["https:\/\/transamerica93.com.br\/home\/em-paris-rai-atua-para-fortalecer-relacao-entre-brasil-e-franca\/"]}]},{"@type":"ImageObject","inLanguage":"pt-BR","@id":"https:\/\/transamerica93.com.br\/home\/em-paris-rai-atua-para-fortalecer-relacao-entre-brasil-e-franca\/#primaryimage","url":"https:\/\/transamerica93.com.br\/home\/wp-content\/uploads\/2024\/08\/2-2.jpg","contentUrl":"https:\/\/transamerica93.com.br\/home\/wp-content\/uploads\/2024\/08\/2-2.jpg","width":1170,"height":700,"caption":"\u00a9 Rafael Ribeiro\/CBF\/Direitos Reservados"},{"@type":"BreadcrumbList","@id":"https:\/\/transamerica93.com.br\/home\/em-paris-rai-atua-para-fortalecer-relacao-entre-brasil-e-franca\/#breadcrumb","itemListElement":[{"@type":"ListItem","position":1,"name":"In\u00edcio","item":"https:\/\/transamerica93.com.br\/home\/"},{"@type":"ListItem","position":2,"name":"Em Paris, Ra\u00ed atua para fortalecer rela\u00e7\u00e3o entre Brasil e Fran\u00e7a"}]},{"@type":"WebSite","@id":"https:\/\/transamerica93.com.br\/home\/#website","url":"https:\/\/transamerica93.com.br\/home\/","name":"Transam\u00e9rica Mococa 93,3","description":"","publisher":{"@id":"https:\/\/transamerica93.com.br\/home\/#organization"},"potentialAction":[{"@type":"SearchAction","target":{"@type":"EntryPoint","urlTemplate":"https:\/\/transamerica93.com.br\/home\/?s={search_term_string}"},"query-input":{"@type":"PropertyValueSpecification","valueRequired":true,"valueName":"search_term_string"}}],"inLanguage":"pt-BR"},{"@type":"Organization","@id":"https:\/\/transamerica93.com.br\/home\/#organization","name":"Transam\u00e9rica Mococa 93,3","url":"https:\/\/transamerica93.com.br\/home\/","logo":{"@type":"ImageObject","inLanguage":"pt-BR","@id":"https:\/\/transamerica93.com.br\/home\/#\/schema\/logo\/image\/","url":"https:\/\/transamerica93.com.br\/home\/wp-content\/uploads\/2023\/10\/logo2.png","contentUrl":"https:\/\/transamerica93.com.br\/home\/wp-content\/uploads\/2023\/10\/logo2.png","width":800,"height":500,"caption":"Transam\u00e9rica Mococa 93,3"},"image":{"@id":"https:\/\/transamerica93.com.br\/home\/#\/schema\/logo\/image\/"},"sameAs":["https:\/\/www.facebook.com\/transamericamococa","https:\/\/x.com\/transamerica933","https:\/\/www.instagram.com\/transamericamococa"]},{"@type":"Person","@id":"https:\/\/transamerica93.com.br\/home\/#\/schema\/person\/7fed7c99c0d4562efa8561bc0f543172","name":"Reda\u00e7\u00e3o","image":{"@type":"ImageObject","inLanguage":"pt-BR","@id":"https:\/\/secure.gravatar.com\/avatar\/1072c6b775fb02ef8506ce967551d95926669a6b7d2c2147b42eea4d7c68395e?s=96&d=mm&r=g","url":"https:\/\/secure.gravatar.com\/avatar\/1072c6b775fb02ef8506ce967551d95926669a6b7d2c2147b42eea4d7c68395e?s=96&d=mm&r=g","contentUrl":"https:\/\/secure.gravatar.com\/avatar\/1072c6b775fb02ef8506ce967551d95926669a6b7d2c2147b42eea4d7c68395e?s=96&d=mm&r=g","caption":"Reda\u00e7\u00e3o"},"sameAs":["https:\/\/transamerica93.com.br\/home"],"url":"https:\/\/transamerica93.com.br\/home\/author\/william\/"}]}},"_links":{"self":[{"href":"https:\/\/transamerica93.com.br\/home\/wp-json\/wp\/v2\/posts\/3461","targetHints":{"allow":["GET"]}}],"collection":[{"href":"https:\/\/transamerica93.com.br\/home\/wp-json\/wp\/v2\/posts"}],"about":[{"href":"https:\/\/transamerica93.com.br\/home\/wp-json\/wp\/v2\/types\/post"}],"author":[{"embeddable":true,"href":"https:\/\/transamerica93.com.br\/home\/wp-json\/wp\/v2\/users\/1"}],"replies":[{"embeddable":true,"href":"https:\/\/transamerica93.com.br\/home\/wp-json\/wp\/v2\/comments?post=3461"}],"version-history":[{"count":1,"href":"https:\/\/transamerica93.com.br\/home\/wp-json\/wp\/v2\/posts\/3461\/revisions"}],"predecessor-version":[{"id":3463,"href":"https:\/\/transamerica93.com.br\/home\/wp-json\/wp\/v2\/posts\/3461\/revisions\/3463"}],"wp:featuredmedia":[{"embeddable":true,"href":"https:\/\/transamerica93.com.br\/home\/wp-json\/wp\/v2\/media\/3462"}],"wp:attachment":[{"href":"https:\/\/transamerica93.com.br\/home\/wp-json\/wp\/v2\/media?parent=3461"}],"wp:term":[{"taxonomy":"category","embeddable":true,"href":"https:\/\/transamerica93.com.br\/home\/wp-json\/wp\/v2\/categories?post=3461"},{"taxonomy":"post_tag","embeddable":true,"href":"https:\/\/transamerica93.com.br\/home\/wp-json\/wp\/v2\/tags?post=3461"}],"curies":[{"name":"wp","href":"https:\/\/api.w.org\/{rel}","templated":true}]}}