{"id":3473,"date":"2024-08-05T15:00:34","date_gmt":"2024-08-05T18:00:34","guid":{"rendered":"https:\/\/transamerica93.com.br\/home\/?p=3473"},"modified":"2024-08-03T17:32:02","modified_gmt":"2024-08-03T20:32:02","slug":"morre-antonio-meneses-grande-violoncelista-da-atualidade-aos-66-anos","status":"publish","type":"post","link":"https:\/\/transamerica93.com.br\/home\/morre-antonio-meneses-grande-violoncelista-da-atualidade-aos-66-anos\/","title":{"rendered":"Morre Antonio Meneses, grande violoncelista da atualidade, aos 66 anos"},"content":{"rendered":"<div id=\"Corpo\">\n<h6 class=\"Assina\">Por Reda\u00e7\u00e3o O Estado de S\u00e3o Paulo<\/h6>\n<p>O violoncelista brasileiro Antonio Meneses, um dos mais importantes artistas de sua gera\u00e7\u00e3o, com carreira que o levou aos principais palcos do mundo, morreu neste s\u00e1bado, 3, em Basel, na Su\u00ed\u00e7a, aos 66 anos. Ele estava afastado dos palcos desde junho, ap\u00f3s ser diagnosticado com gliobastoma multiforme, um tipo agressivo de tumor cerebral, e recebia cuidados paliativos.<\/p>\n<p>Nascido no Recife e criado no Rio, Meneses mudou-se ainda cedo para a Europa, onde estudou com Antonio Janigro e venceu as duas competi\u00e7\u00f5es mais importantes da cena cl\u00e1ssica, o Concurso de Munique e o Concurso Tchaikovsky. Em seguida, gravou com Herbert von Karajan e a Filarm\u00f4nica de Nova York, dando in\u00edcio a uma carreira que fez dele refer\u00eancia em seu instrumento.<\/p>\n<p>O m\u00fasico deixa uma s\u00e9rie de grava\u00e7\u00f5es, que refletem a multiplicidade de seu talento &#8211; al\u00e9m de atuar como solista \u00e0 frente de grandes orquestras, fez da m\u00fasica de c\u00e2mara sua especialidade, tocando e gravando com artistas como Maria Jo\u00e3o Pires e Menahem Pressler. Foi tamb\u00e9m grande defensor da m\u00fasica brasileira, inclusive encomendando obras que ampliaram o repert\u00f3rio do instrumento.<\/p>\n<p>Meneses nasceu no Recife, em 1957, mas ainda na inf\u00e2ncia mudou-se para o Rio de Janeiro com a fam\u00edlia. O pai, Jo\u00e3o Ger\u00f4nimo, era trompetista e, no Rio, passou a integrar a Orquestra Sinf\u00f4nica do Theatro Municipal e encaminhou os filhos para a m\u00fasica: acreditando que faltavam instrumentistas de cordas nas orquestras do Pa\u00eds, deu a Jo\u00e3o o violino e a Antonio, o violoncelo.<\/p>\n<p>Meneses estudou com Nydia Otero e aos 12 anos come\u00e7ou a tocar na orquestra jovem do Municipal e na Orquestra Sinf\u00f4nica Brasileira Quando o grupo recebeu como convidado o violoncelista Antonio Janigro, Meneses se apresentou para ele e recebeu do experiente m\u00fasico a promessa de receb\u00ea-lo como aluno na Europa quando ele se formasse na escola. Mas a fam\u00edlia resolveu n\u00e3o esperar e, aos 16 anos, ele partiu para a Europa, estabelecendo-se na Alemanha<\/p>\n<p>Em 1977, Meneses ganhou o Concurso de Munique. E, em 1982, foi o primeiro colocado no Concurso Tchaikovsky de Moscou. Mais tarde, ele saberia de um dos jurados que a decis\u00e3o de dar a um pr\u00eamio a um brasileiro foi antes levada ao governo sovi\u00e9tico &#8211; e s\u00f3 anunciada ap\u00f3s a confirma\u00e7\u00e3o de que n\u00e3o havia disputas diplom\u00e1ticas entre o Brasil e a Uni\u00e3o Sovi\u00e9tica.<\/p>\n<p>As vit\u00f3rias deram a ele enorme visibilidade. Com Herbert von Karajan e a Filarm\u00f4nica de Berlim, gravou dois discos, um com Don Quixote, de Strauss, e outro com o Concerto duplo de Brahms, tendo ao seu lado outro nome que ent\u00e3o despontava no cen\u00e1rio internacional, a violinista Anne-Sophie Mutter. Em seguida, partiu em turn\u00ea pelos Estados Unidos com a Orquestra Sinf\u00f4nica de Londres e Claudio Abbado.<\/p>\n<p>Ele se lembrava com bom humor da audi\u00e7\u00e3o feita para o maestro italiano. &#8220;Eu estava sozinho no palco e ele, sentado na plateia escura, l\u00e1 no fundo. Eu conseguia perceber que ele tinha algu\u00e9m do seu lado, com quem conversava. Depois fiquei sabendo que era o Carlos Kleiber. Ainda bem que n\u00e3o soube antes, imagina o nervosismo que seria saber que estava tocando para ele tamb\u00e9m!&#8221;<\/p>\n<p>Enquanto seguiu atuando como solista com grandes orquestras e maestros &#8211; em 2022, fez turn\u00ea com a Orquestra do Maggio Musicale de Floren\u00e7a e o maestro Zubin Mehta -, Meneses foi direcionando sua carreira para a m\u00fasica de c\u00e2mara. Ele integrou o Trio Beaux-Arts, uma das mais importantes forma\u00e7\u00f5es da segunda metade do s\u00e9culo 20 e come\u00e7o do s\u00e9culo 21, ao lado do pianista Menahem Pressler e do violinista Daniel Hope. Ao mesmo tempo, formou duos com artistas como as pianistas Cristina Ortiz, Maria Jo\u00e3o Pires, Celina Szrvinsk, com o pr\u00f3prio Pressler e, mais recentemente, com o pianista Cristian Budu. Com o violoncelista Claudio Cruz e o pianista Ricardo Castro, gravou os trios de Villa-Lobos; com o pianista e compositor Andr\u00e9 Mehmari, gravou o disco AM&amp;AM, em que celebrava seus 60.<\/p>\n<p>Claudio Cruz foi um dos principais parceiros e amigos de Meneses Os dois gravaram juntos, com a Orquestra Jovem do Estado e a Northern Sinfonia, da Inglaterra, concertos de Shostakovich, Dvor\u00e1k, Elgar e Schumann, entre outros autores. Importante parceiro foi tamb\u00e9m o maestro Isaac Karabtchevsky, com quem Meneses registrou recentemente a obra para violoncelo e orquestra de Villa-Lobos, com a Osesp. O violoncelista tamb\u00e9m desenvolveu parceria e amizade com a cravista Rosana Lanzelotte e o flautista Ricardo Kanji, com quem deixou registros preciosos de m\u00fasica dos per\u00edodos barroco e cl\u00e1ssico.<\/p>\n<p>A m\u00fasica brasileira teve enorme import\u00e2ncia em sua trajet\u00f3ria. Ele n\u00e3o apenas se dedicou ao registro das principais obras do repert\u00f3rio nacional, como encomendou pe\u00e7as que ampliaram o n\u00famero de obras dispon\u00edveis para o instrumento. Em 2007, quando apresentou as seis su\u00edtes de Bach no antigo Teatro Cultura Art\u00edstica, ele convidou os compositores Ronaldo Miranda, Cl\u00f3vis Pereira, Marlos Nobre, Edino Krieger, Marisa Rezende e Marcos Padilha para escrever pe\u00e7as solo inspiradas nas de Bach (as obras seriam gravadas em 2009, no disco Su\u00edtes Brasileiras). Tamb\u00e9m encomendou concertos para violoncelo a Marlos Nobre (estreado pela Osesp) e Mehmari (estreado pela Filarm\u00f4nica de Minas Gerais).<\/p>\n<p>Meneses gravou tr\u00eas vezes as su\u00edtes de Bach: o primeiro registro, do in\u00edcio dos anos 1990, foi lan\u00e7ado apenas no Jap\u00e3o e logo se tornou \u00edtem de colecionador; no in\u00edcio dos anos 2000, lan\u00e7ou as pe\u00e7as novamente, agora pelo selo Avie Records, com lan\u00e7amento no Brasil pelo selo Cl\u00e1ssicos, da Revista CONCERTO; e, no ano passado, o terceiro registro, para o selo Azul Music.<\/p>\n<p>&#8220;A quest\u00e3o para o m\u00fasico \u00e9 sempre encontrar a t\u00e9cnica com a qual vai se transmitir a express\u00e3o. E isso leva muito tempo. \u00c9 comum ver m\u00fasicos com grandes ideias mas incapazes de realiza-las por completo. \u00c9 preciso passar por um processo mental e musical at\u00e9 chegar ao ponto em que se consegue traduzir as ideias, usar a ferramenta certa para express\u00e1-las. Isso leva muito tempo, muito E s\u00f3 o estudo, o trabalho que traz isso&#8221;, disse no livro Arquitetura da Emo\u00e7\u00e3o, biografia publicada em 2011.<\/p><\/div>\n","protected":false},"excerpt":{"rendered":"<p>Por Reda\u00e7\u00e3o O Estado de S\u00e3o Paulo O violoncelista brasileiro Antonio Meneses, um dos mais importantes artistas de sua gera\u00e7\u00e3o, com carreira que o levou aos principais palcos do mundo, morreu neste s\u00e1bado, 3, em Basel, na Su\u00ed\u00e7a, aos 66 anos. Ele estava afastado dos palcos desde junho, ap\u00f3s ser diagnosticado com gliobastoma multiforme, um &hellip;<\/p>\n","protected":false},"author":1,"featured_media":3474,"comment_status":"closed","ping_status":"closed","sticky":false,"template":"","format":"standard","meta":{"footnotes":""},"categories":[25],"tags":[],"class_list":["post-3473","post","type-post","status-publish","format-standard","has-post-thumbnail","hentry","category-musica"],"yoast_head":"<!-- This site is optimized with the Yoast SEO plugin v27.4 - https:\/\/yoast.com\/product\/yoast-seo-wordpress\/ -->\n<title>Morre Antonio Meneses, grande violoncelista da atualidade, aos 66 anos - Transam\u00e9rica Mococa 93,3<\/title>\n<meta name=\"robots\" content=\"index, follow, max-snippet:-1, max-image-preview:large, max-video-preview:-1\" \/>\n<link rel=\"canonical\" href=\"https:\/\/transamerica93.com.br\/home\/morre-antonio-meneses-grande-violoncelista-da-atualidade-aos-66-anos\/\" \/>\n<meta property=\"og:locale\" content=\"pt_BR\" \/>\n<meta property=\"og:type\" content=\"article\" \/>\n<meta property=\"og:title\" content=\"Morre Antonio Meneses, grande violoncelista da atualidade, aos 66 anos - Transam\u00e9rica Mococa 93,3\" \/>\n<meta property=\"og:description\" content=\"Por Reda\u00e7\u00e3o O Estado de S\u00e3o Paulo O violoncelista brasileiro Antonio Meneses, um dos mais importantes artistas de sua gera\u00e7\u00e3o, com carreira que o levou aos principais palcos do mundo, morreu neste s\u00e1bado, 3, em Basel, na Su\u00ed\u00e7a, aos 66 anos. Ele estava afastado dos palcos desde junho, ap\u00f3s ser diagnosticado com gliobastoma multiforme, um &hellip;\" \/>\n<meta property=\"og:url\" content=\"https:\/\/transamerica93.com.br\/home\/morre-antonio-meneses-grande-violoncelista-da-atualidade-aos-66-anos\/\" \/>\n<meta property=\"og:site_name\" content=\"Transam\u00e9rica Mococa 93,3\" \/>\n<meta property=\"article:publisher\" content=\"https:\/\/www.facebook.com\/transamericamococa\" \/>\n<meta property=\"article:published_time\" content=\"2024-08-05T18:00:34+00:00\" \/>\n<meta property=\"og:image\" content=\"https:\/\/transamerica93.com.br\/home\/wp-content\/uploads\/2024\/08\/1-3.jpg\" \/>\n\t<meta property=\"og:image:width\" content=\"1024\" \/>\n\t<meta property=\"og:image:height\" content=\"683\" \/>\n\t<meta property=\"og:image:type\" content=\"image\/jpeg\" \/>\n<meta name=\"author\" content=\"Reda\u00e7\u00e3o\" \/>\n<meta name=\"twitter:card\" content=\"summary_large_image\" \/>\n<meta name=\"twitter:creator\" content=\"@transamerica933\" \/>\n<meta name=\"twitter:site\" content=\"@transamerica933\" \/>\n<meta name=\"twitter:label1\" content=\"Escrito por\" \/>\n\t<meta name=\"twitter:data1\" content=\"Reda\u00e7\u00e3o\" \/>\n\t<meta name=\"twitter:label2\" content=\"Est. tempo de leitura\" \/>\n\t<meta name=\"twitter:data2\" content=\"6 minutos\" \/>\n<script type=\"application\/ld+json\" class=\"yoast-schema-graph\">{\"@context\":\"https:\\\/\\\/schema.org\",\"@graph\":[{\"@type\":\"Article\",\"@id\":\"https:\\\/\\\/transamerica93.com.br\\\/home\\\/morre-antonio-meneses-grande-violoncelista-da-atualidade-aos-66-anos\\\/#article\",\"isPartOf\":{\"@id\":\"https:\\\/\\\/transamerica93.com.br\\\/home\\\/morre-antonio-meneses-grande-violoncelista-da-atualidade-aos-66-anos\\\/\"},\"author\":{\"name\":\"Reda\u00e7\u00e3o\",\"@id\":\"https:\\\/\\\/transamerica93.com.br\\\/home\\\/#\\\/schema\\\/person\\\/7fed7c99c0d4562efa8561bc0f543172\"},\"headline\":\"Morre Antonio Meneses, grande violoncelista da atualidade, aos 66 anos\",\"datePublished\":\"2024-08-05T18:00:34+00:00\",\"mainEntityOfPage\":{\"@id\":\"https:\\\/\\\/transamerica93.com.br\\\/home\\\/morre-antonio-meneses-grande-violoncelista-da-atualidade-aos-66-anos\\\/\"},\"wordCount\":1086,\"publisher\":{\"@id\":\"https:\\\/\\\/transamerica93.com.br\\\/home\\\/#organization\"},\"image\":{\"@id\":\"https:\\\/\\\/transamerica93.com.br\\\/home\\\/morre-antonio-meneses-grande-violoncelista-da-atualidade-aos-66-anos\\\/#primaryimage\"},\"thumbnailUrl\":\"https:\\\/\\\/transamerica93.com.br\\\/home\\\/wp-content\\\/uploads\\\/2024\\\/08\\\/1-3.jpg\",\"articleSection\":[\"M\u00fasica\"],\"inLanguage\":\"pt-BR\"},{\"@type\":\"WebPage\",\"@id\":\"https:\\\/\\\/transamerica93.com.br\\\/home\\\/morre-antonio-meneses-grande-violoncelista-da-atualidade-aos-66-anos\\\/\",\"url\":\"https:\\\/\\\/transamerica93.com.br\\\/home\\\/morre-antonio-meneses-grande-violoncelista-da-atualidade-aos-66-anos\\\/\",\"name\":\"Morre Antonio Meneses, grande violoncelista da atualidade, aos 66 anos - Transam\u00e9rica Mococa 93,3\",\"isPartOf\":{\"@id\":\"https:\\\/\\\/transamerica93.com.br\\\/home\\\/#website\"},\"primaryImageOfPage\":{\"@id\":\"https:\\\/\\\/transamerica93.com.br\\\/home\\\/morre-antonio-meneses-grande-violoncelista-da-atualidade-aos-66-anos\\\/#primaryimage\"},\"image\":{\"@id\":\"https:\\\/\\\/transamerica93.com.br\\\/home\\\/morre-antonio-meneses-grande-violoncelista-da-atualidade-aos-66-anos\\\/#primaryimage\"},\"thumbnailUrl\":\"https:\\\/\\\/transamerica93.com.br\\\/home\\\/wp-content\\\/uploads\\\/2024\\\/08\\\/1-3.jpg\",\"datePublished\":\"2024-08-05T18:00:34+00:00\",\"breadcrumb\":{\"@id\":\"https:\\\/\\\/transamerica93.com.br\\\/home\\\/morre-antonio-meneses-grande-violoncelista-da-atualidade-aos-66-anos\\\/#breadcrumb\"},\"inLanguage\":\"pt-BR\",\"potentialAction\":[{\"@type\":\"ReadAction\",\"target\":[\"https:\\\/\\\/transamerica93.com.br\\\/home\\\/morre-antonio-meneses-grande-violoncelista-da-atualidade-aos-66-anos\\\/\"]}]},{\"@type\":\"ImageObject\",\"inLanguage\":\"pt-BR\",\"@id\":\"https:\\\/\\\/transamerica93.com.br\\\/home\\\/morre-antonio-meneses-grande-violoncelista-da-atualidade-aos-66-anos\\\/#primaryimage\",\"url\":\"https:\\\/\\\/transamerica93.com.br\\\/home\\\/wp-content\\\/uploads\\\/2024\\\/08\\\/1-3.jpg\",\"contentUrl\":\"https:\\\/\\\/transamerica93.com.br\\\/home\\\/wp-content\\\/uploads\\\/2024\\\/08\\\/1-3.jpg\",\"width\":1024,\"height\":683,\"caption\":\"Foto: Divulga\u00e7\u00e3o\"},{\"@type\":\"BreadcrumbList\",\"@id\":\"https:\\\/\\\/transamerica93.com.br\\\/home\\\/morre-antonio-meneses-grande-violoncelista-da-atualidade-aos-66-anos\\\/#breadcrumb\",\"itemListElement\":[{\"@type\":\"ListItem\",\"position\":1,\"name\":\"In\u00edcio\",\"item\":\"https:\\\/\\\/transamerica93.com.br\\\/home\\\/\"},{\"@type\":\"ListItem\",\"position\":2,\"name\":\"Morre Antonio Meneses, grande violoncelista da atualidade, aos 66 anos\"}]},{\"@type\":\"WebSite\",\"@id\":\"https:\\\/\\\/transamerica93.com.br\\\/home\\\/#website\",\"url\":\"https:\\\/\\\/transamerica93.com.br\\\/home\\\/\",\"name\":\"Transam\u00e9rica Mococa 93,3\",\"description\":\"\",\"publisher\":{\"@id\":\"https:\\\/\\\/transamerica93.com.br\\\/home\\\/#organization\"},\"potentialAction\":[{\"@type\":\"SearchAction\",\"target\":{\"@type\":\"EntryPoint\",\"urlTemplate\":\"https:\\\/\\\/transamerica93.com.br\\\/home\\\/?s={search_term_string}\"},\"query-input\":{\"@type\":\"PropertyValueSpecification\",\"valueRequired\":true,\"valueName\":\"search_term_string\"}}],\"inLanguage\":\"pt-BR\"},{\"@type\":\"Organization\",\"@id\":\"https:\\\/\\\/transamerica93.com.br\\\/home\\\/#organization\",\"name\":\"Transam\u00e9rica Mococa 93,3\",\"url\":\"https:\\\/\\\/transamerica93.com.br\\\/home\\\/\",\"logo\":{\"@type\":\"ImageObject\",\"inLanguage\":\"pt-BR\",\"@id\":\"https:\\\/\\\/transamerica93.com.br\\\/home\\\/#\\\/schema\\\/logo\\\/image\\\/\",\"url\":\"https:\\\/\\\/transamerica93.com.br\\\/home\\\/wp-content\\\/uploads\\\/2023\\\/10\\\/logo2.png\",\"contentUrl\":\"https:\\\/\\\/transamerica93.com.br\\\/home\\\/wp-content\\\/uploads\\\/2023\\\/10\\\/logo2.png\",\"width\":800,\"height\":500,\"caption\":\"Transam\u00e9rica Mococa 93,3\"},\"image\":{\"@id\":\"https:\\\/\\\/transamerica93.com.br\\\/home\\\/#\\\/schema\\\/logo\\\/image\\\/\"},\"sameAs\":[\"https:\\\/\\\/www.facebook.com\\\/transamericamococa\",\"https:\\\/\\\/x.com\\\/transamerica933\",\"https:\\\/\\\/www.instagram.com\\\/transamericamococa\"]},{\"@type\":\"Person\",\"@id\":\"https:\\\/\\\/transamerica93.com.br\\\/home\\\/#\\\/schema\\\/person\\\/7fed7c99c0d4562efa8561bc0f543172\",\"name\":\"Reda\u00e7\u00e3o\",\"image\":{\"@type\":\"ImageObject\",\"inLanguage\":\"pt-BR\",\"@id\":\"https:\\\/\\\/secure.gravatar.com\\\/avatar\\\/1072c6b775fb02ef8506ce967551d95926669a6b7d2c2147b42eea4d7c68395e?s=96&d=mm&r=g\",\"url\":\"https:\\\/\\\/secure.gravatar.com\\\/avatar\\\/1072c6b775fb02ef8506ce967551d95926669a6b7d2c2147b42eea4d7c68395e?s=96&d=mm&r=g\",\"contentUrl\":\"https:\\\/\\\/secure.gravatar.com\\\/avatar\\\/1072c6b775fb02ef8506ce967551d95926669a6b7d2c2147b42eea4d7c68395e?s=96&d=mm&r=g\",\"caption\":\"Reda\u00e7\u00e3o\"},\"sameAs\":[\"https:\\\/\\\/transamerica93.com.br\\\/home\"],\"url\":\"https:\\\/\\\/transamerica93.com.br\\\/home\\\/author\\\/william\\\/\"}]}<\/script>\n<!-- \/ Yoast SEO plugin. -->","yoast_head_json":{"title":"Morre Antonio Meneses, grande violoncelista da atualidade, aos 66 anos - Transam\u00e9rica Mococa 93,3","robots":{"index":"index","follow":"follow","max-snippet":"max-snippet:-1","max-image-preview":"max-image-preview:large","max-video-preview":"max-video-preview:-1"},"canonical":"https:\/\/transamerica93.com.br\/home\/morre-antonio-meneses-grande-violoncelista-da-atualidade-aos-66-anos\/","og_locale":"pt_BR","og_type":"article","og_title":"Morre Antonio Meneses, grande violoncelista da atualidade, aos 66 anos - Transam\u00e9rica Mococa 93,3","og_description":"Por Reda\u00e7\u00e3o O Estado de S\u00e3o Paulo O violoncelista brasileiro Antonio Meneses, um dos mais importantes artistas de sua gera\u00e7\u00e3o, com carreira que o levou aos principais palcos do mundo, morreu neste s\u00e1bado, 3, em Basel, na Su\u00ed\u00e7a, aos 66 anos. Ele estava afastado dos palcos desde junho, ap\u00f3s ser diagnosticado com gliobastoma multiforme, um &hellip;","og_url":"https:\/\/transamerica93.com.br\/home\/morre-antonio-meneses-grande-violoncelista-da-atualidade-aos-66-anos\/","og_site_name":"Transam\u00e9rica Mococa 93,3","article_publisher":"https:\/\/www.facebook.com\/transamericamococa","article_published_time":"2024-08-05T18:00:34+00:00","og_image":[{"width":1024,"height":683,"url":"https:\/\/transamerica93.com.br\/home\/wp-content\/uploads\/2024\/08\/1-3.jpg","type":"image\/jpeg"}],"author":"Reda\u00e7\u00e3o","twitter_card":"summary_large_image","twitter_creator":"@transamerica933","twitter_site":"@transamerica933","twitter_misc":{"Escrito por":"Reda\u00e7\u00e3o","Est. tempo de leitura":"6 minutos"},"schema":{"@context":"https:\/\/schema.org","@graph":[{"@type":"Article","@id":"https:\/\/transamerica93.com.br\/home\/morre-antonio-meneses-grande-violoncelista-da-atualidade-aos-66-anos\/#article","isPartOf":{"@id":"https:\/\/transamerica93.com.br\/home\/morre-antonio-meneses-grande-violoncelista-da-atualidade-aos-66-anos\/"},"author":{"name":"Reda\u00e7\u00e3o","@id":"https:\/\/transamerica93.com.br\/home\/#\/schema\/person\/7fed7c99c0d4562efa8561bc0f543172"},"headline":"Morre Antonio Meneses, grande violoncelista da atualidade, aos 66 anos","datePublished":"2024-08-05T18:00:34+00:00","mainEntityOfPage":{"@id":"https:\/\/transamerica93.com.br\/home\/morre-antonio-meneses-grande-violoncelista-da-atualidade-aos-66-anos\/"},"wordCount":1086,"publisher":{"@id":"https:\/\/transamerica93.com.br\/home\/#organization"},"image":{"@id":"https:\/\/transamerica93.com.br\/home\/morre-antonio-meneses-grande-violoncelista-da-atualidade-aos-66-anos\/#primaryimage"},"thumbnailUrl":"https:\/\/transamerica93.com.br\/home\/wp-content\/uploads\/2024\/08\/1-3.jpg","articleSection":["M\u00fasica"],"inLanguage":"pt-BR"},{"@type":"WebPage","@id":"https:\/\/transamerica93.com.br\/home\/morre-antonio-meneses-grande-violoncelista-da-atualidade-aos-66-anos\/","url":"https:\/\/transamerica93.com.br\/home\/morre-antonio-meneses-grande-violoncelista-da-atualidade-aos-66-anos\/","name":"Morre Antonio Meneses, grande violoncelista da atualidade, aos 66 anos - Transam\u00e9rica Mococa 93,3","isPartOf":{"@id":"https:\/\/transamerica93.com.br\/home\/#website"},"primaryImageOfPage":{"@id":"https:\/\/transamerica93.com.br\/home\/morre-antonio-meneses-grande-violoncelista-da-atualidade-aos-66-anos\/#primaryimage"},"image":{"@id":"https:\/\/transamerica93.com.br\/home\/morre-antonio-meneses-grande-violoncelista-da-atualidade-aos-66-anos\/#primaryimage"},"thumbnailUrl":"https:\/\/transamerica93.com.br\/home\/wp-content\/uploads\/2024\/08\/1-3.jpg","datePublished":"2024-08-05T18:00:34+00:00","breadcrumb":{"@id":"https:\/\/transamerica93.com.br\/home\/morre-antonio-meneses-grande-violoncelista-da-atualidade-aos-66-anos\/#breadcrumb"},"inLanguage":"pt-BR","potentialAction":[{"@type":"ReadAction","target":["https:\/\/transamerica93.com.br\/home\/morre-antonio-meneses-grande-violoncelista-da-atualidade-aos-66-anos\/"]}]},{"@type":"ImageObject","inLanguage":"pt-BR","@id":"https:\/\/transamerica93.com.br\/home\/morre-antonio-meneses-grande-violoncelista-da-atualidade-aos-66-anos\/#primaryimage","url":"https:\/\/transamerica93.com.br\/home\/wp-content\/uploads\/2024\/08\/1-3.jpg","contentUrl":"https:\/\/transamerica93.com.br\/home\/wp-content\/uploads\/2024\/08\/1-3.jpg","width":1024,"height":683,"caption":"Foto: Divulga\u00e7\u00e3o"},{"@type":"BreadcrumbList","@id":"https:\/\/transamerica93.com.br\/home\/morre-antonio-meneses-grande-violoncelista-da-atualidade-aos-66-anos\/#breadcrumb","itemListElement":[{"@type":"ListItem","position":1,"name":"In\u00edcio","item":"https:\/\/transamerica93.com.br\/home\/"},{"@type":"ListItem","position":2,"name":"Morre Antonio Meneses, grande violoncelista da atualidade, aos 66 anos"}]},{"@type":"WebSite","@id":"https:\/\/transamerica93.com.br\/home\/#website","url":"https:\/\/transamerica93.com.br\/home\/","name":"Transam\u00e9rica Mococa 93,3","description":"","publisher":{"@id":"https:\/\/transamerica93.com.br\/home\/#organization"},"potentialAction":[{"@type":"SearchAction","target":{"@type":"EntryPoint","urlTemplate":"https:\/\/transamerica93.com.br\/home\/?s={search_term_string}"},"query-input":{"@type":"PropertyValueSpecification","valueRequired":true,"valueName":"search_term_string"}}],"inLanguage":"pt-BR"},{"@type":"Organization","@id":"https:\/\/transamerica93.com.br\/home\/#organization","name":"Transam\u00e9rica Mococa 93,3","url":"https:\/\/transamerica93.com.br\/home\/","logo":{"@type":"ImageObject","inLanguage":"pt-BR","@id":"https:\/\/transamerica93.com.br\/home\/#\/schema\/logo\/image\/","url":"https:\/\/transamerica93.com.br\/home\/wp-content\/uploads\/2023\/10\/logo2.png","contentUrl":"https:\/\/transamerica93.com.br\/home\/wp-content\/uploads\/2023\/10\/logo2.png","width":800,"height":500,"caption":"Transam\u00e9rica Mococa 93,3"},"image":{"@id":"https:\/\/transamerica93.com.br\/home\/#\/schema\/logo\/image\/"},"sameAs":["https:\/\/www.facebook.com\/transamericamococa","https:\/\/x.com\/transamerica933","https:\/\/www.instagram.com\/transamericamococa"]},{"@type":"Person","@id":"https:\/\/transamerica93.com.br\/home\/#\/schema\/person\/7fed7c99c0d4562efa8561bc0f543172","name":"Reda\u00e7\u00e3o","image":{"@type":"ImageObject","inLanguage":"pt-BR","@id":"https:\/\/secure.gravatar.com\/avatar\/1072c6b775fb02ef8506ce967551d95926669a6b7d2c2147b42eea4d7c68395e?s=96&d=mm&r=g","url":"https:\/\/secure.gravatar.com\/avatar\/1072c6b775fb02ef8506ce967551d95926669a6b7d2c2147b42eea4d7c68395e?s=96&d=mm&r=g","contentUrl":"https:\/\/secure.gravatar.com\/avatar\/1072c6b775fb02ef8506ce967551d95926669a6b7d2c2147b42eea4d7c68395e?s=96&d=mm&r=g","caption":"Reda\u00e7\u00e3o"},"sameAs":["https:\/\/transamerica93.com.br\/home"],"url":"https:\/\/transamerica93.com.br\/home\/author\/william\/"}]}},"_links":{"self":[{"href":"https:\/\/transamerica93.com.br\/home\/wp-json\/wp\/v2\/posts\/3473","targetHints":{"allow":["GET"]}}],"collection":[{"href":"https:\/\/transamerica93.com.br\/home\/wp-json\/wp\/v2\/posts"}],"about":[{"href":"https:\/\/transamerica93.com.br\/home\/wp-json\/wp\/v2\/types\/post"}],"author":[{"embeddable":true,"href":"https:\/\/transamerica93.com.br\/home\/wp-json\/wp\/v2\/users\/1"}],"replies":[{"embeddable":true,"href":"https:\/\/transamerica93.com.br\/home\/wp-json\/wp\/v2\/comments?post=3473"}],"version-history":[{"count":1,"href":"https:\/\/transamerica93.com.br\/home\/wp-json\/wp\/v2\/posts\/3473\/revisions"}],"predecessor-version":[{"id":3475,"href":"https:\/\/transamerica93.com.br\/home\/wp-json\/wp\/v2\/posts\/3473\/revisions\/3475"}],"wp:featuredmedia":[{"embeddable":true,"href":"https:\/\/transamerica93.com.br\/home\/wp-json\/wp\/v2\/media\/3474"}],"wp:attachment":[{"href":"https:\/\/transamerica93.com.br\/home\/wp-json\/wp\/v2\/media?parent=3473"}],"wp:term":[{"taxonomy":"category","embeddable":true,"href":"https:\/\/transamerica93.com.br\/home\/wp-json\/wp\/v2\/categories?post=3473"},{"taxonomy":"post_tag","embeddable":true,"href":"https:\/\/transamerica93.com.br\/home\/wp-json\/wp\/v2\/tags?post=3473"}],"curies":[{"name":"wp","href":"https:\/\/api.w.org\/{rel}","templated":true}]}}