{"id":3500,"date":"2024-08-09T18:00:46","date_gmt":"2024-08-09T21:00:46","guid":{"rendered":"https:\/\/transamerica93.com.br\/home\/?p=3500"},"modified":"2024-08-03T18:19:18","modified_gmt":"2024-08-03T21:19:18","slug":"mara-maravilha-fala-sobre-tentativas-de-engravidar-e-mostra-o-rosto-de-filho-pela-primeira-vez","status":"publish","type":"post","link":"https:\/\/transamerica93.com.br\/home\/mara-maravilha-fala-sobre-tentativas-de-engravidar-e-mostra-o-rosto-de-filho-pela-primeira-vez\/","title":{"rendered":"Mara Maravilha fala sobre tentativas de engravidar e mostra o rosto de filho pela primeira vez"},"content":{"rendered":"<p>Por Reda\u00e7\u00e3o O Estado de S. Paulo<\/p>\n<p>Mara Maravilha detalhou mais sobre o seu processo de ter tentado engravidar por meio de insemina\u00e7\u00e3o artificial, procedimento que realizou antes de ser m\u00e3e de Miguel, por meio da ado\u00e7\u00e3o, durante sua entrevista ao programa\u00a0<i>Sensacional<\/i>, na RedeTV. Ela explicou que, na \u00e9poca, era casada com Augusto Vicente, com quem manteve relacionamento at\u00e9 2015, e que tentou realizar a insemina\u00e7\u00e3o com o ent\u00e3o marido: &#8220;Fiz duas tentativas [de insemina\u00e7\u00e3o artificial]. E fiquei muito frustrada por n\u00e3o conseguir.&#8221;<\/p>\n<p>Em 2016, Mara iniciou um relacionamento com Gabriel Torres, e explicou que a ado\u00e7\u00e3o de Miguel &#8220;veio no momento certo&#8221;: &#8220;Quando entrei na fila junto com o Gabriel, estava demorando muito. A\u00ed falamos de fazer a insemina\u00e7\u00e3o com o doador de \u00f3vulo. Na outra semana, far\u00edamos o procedimento. Foi quando recebemos a liga\u00e7\u00e3o [sobre ser m\u00e3e de Miguel].&#8221;<\/p>\n<p>Durante o programa, ela recebeu uma homenagem de amigos e da fam\u00edlia, revelando tamb\u00e9m o rosto de Miguel, junto do marido, Gabriel. Os dois enviaram boas mensagens para a matriarca.<\/p>\n<p>&#8220;Primeiro [o nome dele] ia ser Gabriel. Mas eu ouvia Miguel [no meu cora\u00e7\u00e3o], s\u00f3 que o Gabriel (marido) disse &#8216;n\u00e3o&#8217;. Quando a gente chegou na assistente social, ela falou que era &#8216;Miguel'&#8221;, completou a cantora, explicando que enxerga o filho como um &#8220;sinal de Deus&#8221;.<\/p>\n<p>Mara tamb\u00e9m revelou pela primeira vez, durante o programa, o rosto de Miguel, de cinco anos. Quando perguntada por Daniela Albuquerque, entrevistadora do programa, se \u00e9 um desejo seu aumentar a fam\u00edlia, Mara afirmou que sim.<\/p>\n","protected":false},"excerpt":{"rendered":"<p>Por Reda\u00e7\u00e3o O Estado de S. Paulo Mara Maravilha detalhou mais sobre o seu processo de ter tentado engravidar por meio de insemina\u00e7\u00e3o artificial, procedimento que realizou antes de ser m\u00e3e de Miguel, por meio da ado\u00e7\u00e3o, durante sua entrevista ao programa\u00a0Sensacional, na RedeTV. Ela explicou que, na \u00e9poca, era casada com Augusto Vicente, com &hellip;<\/p>\n","protected":false},"author":1,"featured_media":3501,"comment_status":"closed","ping_status":"closed","sticky":false,"template":"","format":"standard","meta":{"footnotes":""},"categories":[24],"tags":[],"class_list":["post-3500","post","type-post","status-publish","format-standard","has-post-thumbnail","hentry","category-entretenimento"],"yoast_head":"<!-- This site is optimized with the Yoast SEO plugin v27.4 - https:\/\/yoast.com\/product\/yoast-seo-wordpress\/ -->\n<title>Mara Maravilha fala sobre tentativas de engravidar e mostra o rosto de filho pela primeira vez - Transam\u00e9rica Mococa 93,3<\/title>\n<meta name=\"robots\" content=\"index, follow, max-snippet:-1, max-image-preview:large, max-video-preview:-1\" \/>\n<link rel=\"canonical\" href=\"https:\/\/transamerica93.com.br\/home\/mara-maravilha-fala-sobre-tentativas-de-engravidar-e-mostra-o-rosto-de-filho-pela-primeira-vez\/\" \/>\n<meta property=\"og:locale\" content=\"pt_BR\" \/>\n<meta property=\"og:type\" content=\"article\" \/>\n<meta property=\"og:title\" content=\"Mara Maravilha fala sobre tentativas de engravidar e mostra o rosto de filho pela primeira vez - Transam\u00e9rica Mococa 93,3\" \/>\n<meta property=\"og:description\" content=\"Por Reda\u00e7\u00e3o O Estado de S. Paulo Mara Maravilha detalhou mais sobre o seu processo de ter tentado engravidar por meio de insemina\u00e7\u00e3o artificial, procedimento que realizou antes de ser m\u00e3e de Miguel, por meio da ado\u00e7\u00e3o, durante sua entrevista ao programa\u00a0Sensacional, na RedeTV. Ela explicou que, na \u00e9poca, era casada com Augusto Vicente, com &hellip;\" \/>\n<meta property=\"og:url\" content=\"https:\/\/transamerica93.com.br\/home\/mara-maravilha-fala-sobre-tentativas-de-engravidar-e-mostra-o-rosto-de-filho-pela-primeira-vez\/\" \/>\n<meta property=\"og:site_name\" content=\"Transam\u00e9rica Mococa 93,3\" \/>\n<meta property=\"article:publisher\" content=\"https:\/\/www.facebook.com\/transamericamococa\" \/>\n<meta property=\"article:published_time\" content=\"2024-08-09T21:00:46+00:00\" \/>\n<meta property=\"og:image\" content=\"https:\/\/transamerica93.com.br\/home\/wp-content\/uploads\/2024\/08\/5-4.jpg\" \/>\n\t<meta property=\"og:image:width\" content=\"840\" \/>\n\t<meta property=\"og:image:height\" content=\"452\" \/>\n\t<meta property=\"og:image:type\" content=\"image\/jpeg\" \/>\n<meta name=\"author\" content=\"Reda\u00e7\u00e3o\" \/>\n<meta name=\"twitter:card\" content=\"summary_large_image\" \/>\n<meta name=\"twitter:creator\" content=\"@transamerica933\" \/>\n<meta name=\"twitter:site\" content=\"@transamerica933\" \/>\n<meta name=\"twitter:label1\" content=\"Escrito por\" \/>\n\t<meta name=\"twitter:data1\" content=\"Reda\u00e7\u00e3o\" \/>\n\t<meta name=\"twitter:label2\" content=\"Est. tempo de leitura\" \/>\n\t<meta name=\"twitter:data2\" content=\"2 minutos\" \/>\n<script type=\"application\/ld+json\" class=\"yoast-schema-graph\">{\"@context\":\"https:\\\/\\\/schema.org\",\"@graph\":[{\"@type\":\"Article\",\"@id\":\"https:\\\/\\\/transamerica93.com.br\\\/home\\\/mara-maravilha-fala-sobre-tentativas-de-engravidar-e-mostra-o-rosto-de-filho-pela-primeira-vez\\\/#article\",\"isPartOf\":{\"@id\":\"https:\\\/\\\/transamerica93.com.br\\\/home\\\/mara-maravilha-fala-sobre-tentativas-de-engravidar-e-mostra-o-rosto-de-filho-pela-primeira-vez\\\/\"},\"author\":{\"name\":\"Reda\u00e7\u00e3o\",\"@id\":\"https:\\\/\\\/transamerica93.com.br\\\/home\\\/#\\\/schema\\\/person\\\/7fed7c99c0d4562efa8561bc0f543172\"},\"headline\":\"Mara Maravilha fala sobre tentativas de engravidar e mostra o rosto de filho pela primeira vez\",\"datePublished\":\"2024-08-09T21:00:46+00:00\",\"mainEntityOfPage\":{\"@id\":\"https:\\\/\\\/transamerica93.com.br\\\/home\\\/mara-maravilha-fala-sobre-tentativas-de-engravidar-e-mostra-o-rosto-de-filho-pela-primeira-vez\\\/\"},\"wordCount\":286,\"publisher\":{\"@id\":\"https:\\\/\\\/transamerica93.com.br\\\/home\\\/#organization\"},\"image\":{\"@id\":\"https:\\\/\\\/transamerica93.com.br\\\/home\\\/mara-maravilha-fala-sobre-tentativas-de-engravidar-e-mostra-o-rosto-de-filho-pela-primeira-vez\\\/#primaryimage\"},\"thumbnailUrl\":\"https:\\\/\\\/transamerica93.com.br\\\/home\\\/wp-content\\\/uploads\\\/2024\\\/08\\\/5-4.jpg\",\"articleSection\":[\"Entretenimento\"],\"inLanguage\":\"pt-BR\"},{\"@type\":\"WebPage\",\"@id\":\"https:\\\/\\\/transamerica93.com.br\\\/home\\\/mara-maravilha-fala-sobre-tentativas-de-engravidar-e-mostra-o-rosto-de-filho-pela-primeira-vez\\\/\",\"url\":\"https:\\\/\\\/transamerica93.com.br\\\/home\\\/mara-maravilha-fala-sobre-tentativas-de-engravidar-e-mostra-o-rosto-de-filho-pela-primeira-vez\\\/\",\"name\":\"Mara Maravilha fala sobre tentativas de engravidar e mostra o rosto de filho pela primeira vez - Transam\u00e9rica Mococa 93,3\",\"isPartOf\":{\"@id\":\"https:\\\/\\\/transamerica93.com.br\\\/home\\\/#website\"},\"primaryImageOfPage\":{\"@id\":\"https:\\\/\\\/transamerica93.com.br\\\/home\\\/mara-maravilha-fala-sobre-tentativas-de-engravidar-e-mostra-o-rosto-de-filho-pela-primeira-vez\\\/#primaryimage\"},\"image\":{\"@id\":\"https:\\\/\\\/transamerica93.com.br\\\/home\\\/mara-maravilha-fala-sobre-tentativas-de-engravidar-e-mostra-o-rosto-de-filho-pela-primeira-vez\\\/#primaryimage\"},\"thumbnailUrl\":\"https:\\\/\\\/transamerica93.com.br\\\/home\\\/wp-content\\\/uploads\\\/2024\\\/08\\\/5-4.jpg\",\"datePublished\":\"2024-08-09T21:00:46+00:00\",\"breadcrumb\":{\"@id\":\"https:\\\/\\\/transamerica93.com.br\\\/home\\\/mara-maravilha-fala-sobre-tentativas-de-engravidar-e-mostra-o-rosto-de-filho-pela-primeira-vez\\\/#breadcrumb\"},\"inLanguage\":\"pt-BR\",\"potentialAction\":[{\"@type\":\"ReadAction\",\"target\":[\"https:\\\/\\\/transamerica93.com.br\\\/home\\\/mara-maravilha-fala-sobre-tentativas-de-engravidar-e-mostra-o-rosto-de-filho-pela-primeira-vez\\\/\"]}]},{\"@type\":\"ImageObject\",\"inLanguage\":\"pt-BR\",\"@id\":\"https:\\\/\\\/transamerica93.com.br\\\/home\\\/mara-maravilha-fala-sobre-tentativas-de-engravidar-e-mostra-o-rosto-de-filho-pela-primeira-vez\\\/#primaryimage\",\"url\":\"https:\\\/\\\/transamerica93.com.br\\\/home\\\/wp-content\\\/uploads\\\/2024\\\/08\\\/5-4.jpg\",\"contentUrl\":\"https:\\\/\\\/transamerica93.com.br\\\/home\\\/wp-content\\\/uploads\\\/2024\\\/08\\\/5-4.jpg\",\"width\":840,\"height\":452,\"caption\":\"Foto: YouTube \\\/ Reprodu\u00e7\u00e3o \\\/ CP\"},{\"@type\":\"BreadcrumbList\",\"@id\":\"https:\\\/\\\/transamerica93.com.br\\\/home\\\/mara-maravilha-fala-sobre-tentativas-de-engravidar-e-mostra-o-rosto-de-filho-pela-primeira-vez\\\/#breadcrumb\",\"itemListElement\":[{\"@type\":\"ListItem\",\"position\":1,\"name\":\"In\u00edcio\",\"item\":\"https:\\\/\\\/transamerica93.com.br\\\/home\\\/\"},{\"@type\":\"ListItem\",\"position\":2,\"name\":\"Mara Maravilha fala sobre tentativas de engravidar e mostra o rosto de filho pela primeira vez\"}]},{\"@type\":\"WebSite\",\"@id\":\"https:\\\/\\\/transamerica93.com.br\\\/home\\\/#website\",\"url\":\"https:\\\/\\\/transamerica93.com.br\\\/home\\\/\",\"name\":\"Transam\u00e9rica Mococa 93,3\",\"description\":\"\",\"publisher\":{\"@id\":\"https:\\\/\\\/transamerica93.com.br\\\/home\\\/#organization\"},\"potentialAction\":[{\"@type\":\"SearchAction\",\"target\":{\"@type\":\"EntryPoint\",\"urlTemplate\":\"https:\\\/\\\/transamerica93.com.br\\\/home\\\/?s={search_term_string}\"},\"query-input\":{\"@type\":\"PropertyValueSpecification\",\"valueRequired\":true,\"valueName\":\"search_term_string\"}}],\"inLanguage\":\"pt-BR\"},{\"@type\":\"Organization\",\"@id\":\"https:\\\/\\\/transamerica93.com.br\\\/home\\\/#organization\",\"name\":\"Transam\u00e9rica Mococa 93,3\",\"url\":\"https:\\\/\\\/transamerica93.com.br\\\/home\\\/\",\"logo\":{\"@type\":\"ImageObject\",\"inLanguage\":\"pt-BR\",\"@id\":\"https:\\\/\\\/transamerica93.com.br\\\/home\\\/#\\\/schema\\\/logo\\\/image\\\/\",\"url\":\"https:\\\/\\\/transamerica93.com.br\\\/home\\\/wp-content\\\/uploads\\\/2023\\\/10\\\/logo2.png\",\"contentUrl\":\"https:\\\/\\\/transamerica93.com.br\\\/home\\\/wp-content\\\/uploads\\\/2023\\\/10\\\/logo2.png\",\"width\":800,\"height\":500,\"caption\":\"Transam\u00e9rica Mococa 93,3\"},\"image\":{\"@id\":\"https:\\\/\\\/transamerica93.com.br\\\/home\\\/#\\\/schema\\\/logo\\\/image\\\/\"},\"sameAs\":[\"https:\\\/\\\/www.facebook.com\\\/transamericamococa\",\"https:\\\/\\\/x.com\\\/transamerica933\",\"https:\\\/\\\/www.instagram.com\\\/transamericamococa\"]},{\"@type\":\"Person\",\"@id\":\"https:\\\/\\\/transamerica93.com.br\\\/home\\\/#\\\/schema\\\/person\\\/7fed7c99c0d4562efa8561bc0f543172\",\"name\":\"Reda\u00e7\u00e3o\",\"image\":{\"@type\":\"ImageObject\",\"inLanguage\":\"pt-BR\",\"@id\":\"https:\\\/\\\/secure.gravatar.com\\\/avatar\\\/1072c6b775fb02ef8506ce967551d95926669a6b7d2c2147b42eea4d7c68395e?s=96&d=mm&r=g\",\"url\":\"https:\\\/\\\/secure.gravatar.com\\\/avatar\\\/1072c6b775fb02ef8506ce967551d95926669a6b7d2c2147b42eea4d7c68395e?s=96&d=mm&r=g\",\"contentUrl\":\"https:\\\/\\\/secure.gravatar.com\\\/avatar\\\/1072c6b775fb02ef8506ce967551d95926669a6b7d2c2147b42eea4d7c68395e?s=96&d=mm&r=g\",\"caption\":\"Reda\u00e7\u00e3o\"},\"sameAs\":[\"https:\\\/\\\/transamerica93.com.br\\\/home\"],\"url\":\"https:\\\/\\\/transamerica93.com.br\\\/home\\\/author\\\/william\\\/\"}]}<\/script>\n<!-- \/ Yoast SEO plugin. -->","yoast_head_json":{"title":"Mara Maravilha fala sobre tentativas de engravidar e mostra o rosto de filho pela primeira vez - Transam\u00e9rica Mococa 93,3","robots":{"index":"index","follow":"follow","max-snippet":"max-snippet:-1","max-image-preview":"max-image-preview:large","max-video-preview":"max-video-preview:-1"},"canonical":"https:\/\/transamerica93.com.br\/home\/mara-maravilha-fala-sobre-tentativas-de-engravidar-e-mostra-o-rosto-de-filho-pela-primeira-vez\/","og_locale":"pt_BR","og_type":"article","og_title":"Mara Maravilha fala sobre tentativas de engravidar e mostra o rosto de filho pela primeira vez - Transam\u00e9rica Mococa 93,3","og_description":"Por Reda\u00e7\u00e3o O Estado de S. Paulo Mara Maravilha detalhou mais sobre o seu processo de ter tentado engravidar por meio de insemina\u00e7\u00e3o artificial, procedimento que realizou antes de ser m\u00e3e de Miguel, por meio da ado\u00e7\u00e3o, durante sua entrevista ao programa\u00a0Sensacional, na RedeTV. Ela explicou que, na \u00e9poca, era casada com Augusto Vicente, com &hellip;","og_url":"https:\/\/transamerica93.com.br\/home\/mara-maravilha-fala-sobre-tentativas-de-engravidar-e-mostra-o-rosto-de-filho-pela-primeira-vez\/","og_site_name":"Transam\u00e9rica Mococa 93,3","article_publisher":"https:\/\/www.facebook.com\/transamericamococa","article_published_time":"2024-08-09T21:00:46+00:00","og_image":[{"width":840,"height":452,"url":"https:\/\/transamerica93.com.br\/home\/wp-content\/uploads\/2024\/08\/5-4.jpg","type":"image\/jpeg"}],"author":"Reda\u00e7\u00e3o","twitter_card":"summary_large_image","twitter_creator":"@transamerica933","twitter_site":"@transamerica933","twitter_misc":{"Escrito por":"Reda\u00e7\u00e3o","Est. tempo de leitura":"2 minutos"},"schema":{"@context":"https:\/\/schema.org","@graph":[{"@type":"Article","@id":"https:\/\/transamerica93.com.br\/home\/mara-maravilha-fala-sobre-tentativas-de-engravidar-e-mostra-o-rosto-de-filho-pela-primeira-vez\/#article","isPartOf":{"@id":"https:\/\/transamerica93.com.br\/home\/mara-maravilha-fala-sobre-tentativas-de-engravidar-e-mostra-o-rosto-de-filho-pela-primeira-vez\/"},"author":{"name":"Reda\u00e7\u00e3o","@id":"https:\/\/transamerica93.com.br\/home\/#\/schema\/person\/7fed7c99c0d4562efa8561bc0f543172"},"headline":"Mara Maravilha fala sobre tentativas de engravidar e mostra o rosto de filho pela primeira vez","datePublished":"2024-08-09T21:00:46+00:00","mainEntityOfPage":{"@id":"https:\/\/transamerica93.com.br\/home\/mara-maravilha-fala-sobre-tentativas-de-engravidar-e-mostra-o-rosto-de-filho-pela-primeira-vez\/"},"wordCount":286,"publisher":{"@id":"https:\/\/transamerica93.com.br\/home\/#organization"},"image":{"@id":"https:\/\/transamerica93.com.br\/home\/mara-maravilha-fala-sobre-tentativas-de-engravidar-e-mostra-o-rosto-de-filho-pela-primeira-vez\/#primaryimage"},"thumbnailUrl":"https:\/\/transamerica93.com.br\/home\/wp-content\/uploads\/2024\/08\/5-4.jpg","articleSection":["Entretenimento"],"inLanguage":"pt-BR"},{"@type":"WebPage","@id":"https:\/\/transamerica93.com.br\/home\/mara-maravilha-fala-sobre-tentativas-de-engravidar-e-mostra-o-rosto-de-filho-pela-primeira-vez\/","url":"https:\/\/transamerica93.com.br\/home\/mara-maravilha-fala-sobre-tentativas-de-engravidar-e-mostra-o-rosto-de-filho-pela-primeira-vez\/","name":"Mara Maravilha fala sobre tentativas de engravidar e mostra o rosto de filho pela primeira vez - Transam\u00e9rica Mococa 93,3","isPartOf":{"@id":"https:\/\/transamerica93.com.br\/home\/#website"},"primaryImageOfPage":{"@id":"https:\/\/transamerica93.com.br\/home\/mara-maravilha-fala-sobre-tentativas-de-engravidar-e-mostra-o-rosto-de-filho-pela-primeira-vez\/#primaryimage"},"image":{"@id":"https:\/\/transamerica93.com.br\/home\/mara-maravilha-fala-sobre-tentativas-de-engravidar-e-mostra-o-rosto-de-filho-pela-primeira-vez\/#primaryimage"},"thumbnailUrl":"https:\/\/transamerica93.com.br\/home\/wp-content\/uploads\/2024\/08\/5-4.jpg","datePublished":"2024-08-09T21:00:46+00:00","breadcrumb":{"@id":"https:\/\/transamerica93.com.br\/home\/mara-maravilha-fala-sobre-tentativas-de-engravidar-e-mostra-o-rosto-de-filho-pela-primeira-vez\/#breadcrumb"},"inLanguage":"pt-BR","potentialAction":[{"@type":"ReadAction","target":["https:\/\/transamerica93.com.br\/home\/mara-maravilha-fala-sobre-tentativas-de-engravidar-e-mostra-o-rosto-de-filho-pela-primeira-vez\/"]}]},{"@type":"ImageObject","inLanguage":"pt-BR","@id":"https:\/\/transamerica93.com.br\/home\/mara-maravilha-fala-sobre-tentativas-de-engravidar-e-mostra-o-rosto-de-filho-pela-primeira-vez\/#primaryimage","url":"https:\/\/transamerica93.com.br\/home\/wp-content\/uploads\/2024\/08\/5-4.jpg","contentUrl":"https:\/\/transamerica93.com.br\/home\/wp-content\/uploads\/2024\/08\/5-4.jpg","width":840,"height":452,"caption":"Foto: YouTube \/ Reprodu\u00e7\u00e3o \/ CP"},{"@type":"BreadcrumbList","@id":"https:\/\/transamerica93.com.br\/home\/mara-maravilha-fala-sobre-tentativas-de-engravidar-e-mostra-o-rosto-de-filho-pela-primeira-vez\/#breadcrumb","itemListElement":[{"@type":"ListItem","position":1,"name":"In\u00edcio","item":"https:\/\/transamerica93.com.br\/home\/"},{"@type":"ListItem","position":2,"name":"Mara Maravilha fala sobre tentativas de engravidar e mostra o rosto de filho pela primeira vez"}]},{"@type":"WebSite","@id":"https:\/\/transamerica93.com.br\/home\/#website","url":"https:\/\/transamerica93.com.br\/home\/","name":"Transam\u00e9rica Mococa 93,3","description":"","publisher":{"@id":"https:\/\/transamerica93.com.br\/home\/#organization"},"potentialAction":[{"@type":"SearchAction","target":{"@type":"EntryPoint","urlTemplate":"https:\/\/transamerica93.com.br\/home\/?s={search_term_string}"},"query-input":{"@type":"PropertyValueSpecification","valueRequired":true,"valueName":"search_term_string"}}],"inLanguage":"pt-BR"},{"@type":"Organization","@id":"https:\/\/transamerica93.com.br\/home\/#organization","name":"Transam\u00e9rica Mococa 93,3","url":"https:\/\/transamerica93.com.br\/home\/","logo":{"@type":"ImageObject","inLanguage":"pt-BR","@id":"https:\/\/transamerica93.com.br\/home\/#\/schema\/logo\/image\/","url":"https:\/\/transamerica93.com.br\/home\/wp-content\/uploads\/2023\/10\/logo2.png","contentUrl":"https:\/\/transamerica93.com.br\/home\/wp-content\/uploads\/2023\/10\/logo2.png","width":800,"height":500,"caption":"Transam\u00e9rica Mococa 93,3"},"image":{"@id":"https:\/\/transamerica93.com.br\/home\/#\/schema\/logo\/image\/"},"sameAs":["https:\/\/www.facebook.com\/transamericamococa","https:\/\/x.com\/transamerica933","https:\/\/www.instagram.com\/transamericamococa"]},{"@type":"Person","@id":"https:\/\/transamerica93.com.br\/home\/#\/schema\/person\/7fed7c99c0d4562efa8561bc0f543172","name":"Reda\u00e7\u00e3o","image":{"@type":"ImageObject","inLanguage":"pt-BR","@id":"https:\/\/secure.gravatar.com\/avatar\/1072c6b775fb02ef8506ce967551d95926669a6b7d2c2147b42eea4d7c68395e?s=96&d=mm&r=g","url":"https:\/\/secure.gravatar.com\/avatar\/1072c6b775fb02ef8506ce967551d95926669a6b7d2c2147b42eea4d7c68395e?s=96&d=mm&r=g","contentUrl":"https:\/\/secure.gravatar.com\/avatar\/1072c6b775fb02ef8506ce967551d95926669a6b7d2c2147b42eea4d7c68395e?s=96&d=mm&r=g","caption":"Reda\u00e7\u00e3o"},"sameAs":["https:\/\/transamerica93.com.br\/home"],"url":"https:\/\/transamerica93.com.br\/home\/author\/william\/"}]}},"_links":{"self":[{"href":"https:\/\/transamerica93.com.br\/home\/wp-json\/wp\/v2\/posts\/3500","targetHints":{"allow":["GET"]}}],"collection":[{"href":"https:\/\/transamerica93.com.br\/home\/wp-json\/wp\/v2\/posts"}],"about":[{"href":"https:\/\/transamerica93.com.br\/home\/wp-json\/wp\/v2\/types\/post"}],"author":[{"embeddable":true,"href":"https:\/\/transamerica93.com.br\/home\/wp-json\/wp\/v2\/users\/1"}],"replies":[{"embeddable":true,"href":"https:\/\/transamerica93.com.br\/home\/wp-json\/wp\/v2\/comments?post=3500"}],"version-history":[{"count":1,"href":"https:\/\/transamerica93.com.br\/home\/wp-json\/wp\/v2\/posts\/3500\/revisions"}],"predecessor-version":[{"id":3502,"href":"https:\/\/transamerica93.com.br\/home\/wp-json\/wp\/v2\/posts\/3500\/revisions\/3502"}],"wp:featuredmedia":[{"embeddable":true,"href":"https:\/\/transamerica93.com.br\/home\/wp-json\/wp\/v2\/media\/3501"}],"wp:attachment":[{"href":"https:\/\/transamerica93.com.br\/home\/wp-json\/wp\/v2\/media?parent=3500"}],"wp:term":[{"taxonomy":"category","embeddable":true,"href":"https:\/\/transamerica93.com.br\/home\/wp-json\/wp\/v2\/categories?post=3500"},{"taxonomy":"post_tag","embeddable":true,"href":"https:\/\/transamerica93.com.br\/home\/wp-json\/wp\/v2\/tags?post=3500"}],"curies":[{"name":"wp","href":"https:\/\/api.w.org\/{rel}","templated":true}]}}