{"id":3503,"date":"2024-08-12T09:00:21","date_gmt":"2024-08-12T12:00:21","guid":{"rendered":"https:\/\/transamerica93.com.br\/home\/?p=3503"},"modified":"2024-08-10T18:16:15","modified_gmt":"2024-08-10T21:16:15","slug":"entre-os-mortos-em-vinhedo-ao-menos-quatro-tinham-dupla-cidadania","status":"publish","type":"post","link":"https:\/\/transamerica93.com.br\/home\/entre-os-mortos-em-vinhedo-ao-menos-quatro-tinham-dupla-cidadania\/","title":{"rendered":"Entre os mortos em Vinhedo, ao menos quatro tinham dupla cidadania"},"content":{"rendered":"<div class=\"post-item-wrap\">\n<p>Pelo menos quatro das 62 v\u00edtimas do acidente com o voo 2283 da Voepass Linhas A\u00e9reas (antiga Passaredo), na tarde de sexta-feira (9), em Vinhedo, no interior paulista, tinham dupla nacionalidade. S\u00e3o tr\u00eas venezuelanas e uma portuguesa.<img decoding=\"async\" data-src=\"https:\/\/agenciabrasil.ebc.com.br\/ebc.png?id=1607452&amp;o=node\" src=\"data:image\/svg+xml;base64,PHN2ZyB3aWR0aD0iMSIgaGVpZ2h0PSIxIiB4bWxucz0iaHR0cDovL3d3dy53My5vcmcvMjAwMC9zdmciPjwvc3ZnPg==\" class=\"lazyload\" \/><img decoding=\"async\" data-src=\"https:\/\/agenciabrasil.ebc.com.br\/ebc.gif?id=1607452&amp;o=node\" src=\"data:image\/svg+xml;base64,PHN2ZyB3aWR0aD0iMSIgaGVpZ2h0PSIxIiB4bWxucz0iaHR0cDovL3d3dy53My5vcmcvMjAwMC9zdmciPjwvc3ZnPg==\" class=\"lazyload\" \/><\/p>\n<p>A confirma\u00e7\u00e3o foi feita neste s\u00e1bado (10) pela Voepass. As v\u00edtimas venezuelanas s\u00e3o Josgleidys Gonzalez, Joslan Perez e Maria Parra; e a portuguesa \u00e9 Gracinda Marina.<\/p>\n<p>\u201cTodos os passageiros a bordo do voo 2283 apresentaram-se para embarque portando documenta\u00e7\u00e3o de emiss\u00e3o no Brasil\u201d, detalhou a Voepass.<\/p>\n<p>De acordo com o porta-voz da Defesa Civil de S\u00e3o Paulo, capit\u00e3o Roberto Farina, um c\u00e3o que estaria com os venezuelanos foi encontrado entre os destro\u00e7os.<\/p>\n<p>Farina informou que &#8211; at\u00e9 o come\u00e7o desta tarde &#8211; 31 corpos tinham sido removidos da fuselagem, e 24 j\u00e1 foram transportados para o Instituto M\u00e9dico Legal (IML) de S\u00e3o Paulo.<\/p>\n<p>O reconhecimento das v\u00edtimas est\u00e1 sendo realizado por tr\u00eas t\u00e9cnicas, segundo o diretor do Instituto Nacional de Criminal\u00edstica, Carlos Palhares: impress\u00e3o digital, odontologia (arcada dent\u00e1ria) e exames gen\u00e9ticos.<\/p>\n<p>Os parentes podem colaborar com o trabalho de identifica\u00e7\u00e3o fornecendo documenta\u00e7\u00f5es m\u00e9dicas, como exames, al\u00e9m da coleta de materiais biol\u00f3gicos para a realiza\u00e7\u00e3o de exames gen\u00e9ticos, quando necess\u00e1rio. Informa\u00e7\u00f5es sobre tatuagens e fraturas tamb\u00e9m podem ajudar no reconhecimento.<\/p>\n<p>O governo de S\u00e3o Paulo realiza o atendimento dos familiares no audit\u00f3rio do Instituto Oscar Freire, a poucos metros da unidade central do Instituto M\u00e9dico Legal (IML).<\/p>\n<h2>Como foi o acidente<\/h2>\n<p>O avi\u00e3o turbo\u00e9lice ATR-72 da Voepass fazia o voo 2283, que ia de Cascavel, no Paran\u00e1, ao Aeroporto Internacional de Guarulhos, em S\u00e3o Paulo. A aeronave decolou com 62 pessoas, sendo quatro tripulantes, e caiu pouco depois das 13h20 de sexta-feira (9), em Vinhedos, no interior paulista, a 70 quil\u00f4metros do destino do voo. N\u00e3o houve sobreviventes.<\/p>\n<p>As caixas-pretas do avi\u00e3o foram localizadas e enviadas a Bras\u00edlia, onde est\u00e3o sendo analisadas por t\u00e9cnicos do Centro de Investiga\u00e7\u00e3o e Preven\u00e7\u00e3o de Acidentes Aeron\u00e1uticos (Cenipa), \u00f3rg\u00e3o da Aeron\u00e1utica.<\/p>\n<p>De acordo com as informa\u00e7\u00f5es iniciais da Ag\u00eancia Nacional de Avia\u00e7\u00e3o Civil (Anac), o avi\u00e3o estava em situa\u00e7\u00e3o regular.<\/p>\n<p>A companhia a\u00e9rea manifestou &#8220;profunda dor&#8221; pelo acidente. \u201cA equipe da Voepass Linhas A\u00e9reas segue direcionando seus esfor\u00e7os para apoiar de forma irrestrita as fam\u00edlias das v\u00edtimas, a fim de prover n\u00e3o s\u00f3 estrutura operacional, mas tamb\u00e9m conforto e solidariedade, al\u00e9m de contribuir com as investiga\u00e7\u00f5es junto \u00e0s autoridades competentes\u201d, publicou, em nota.<\/p>\n<\/div>\n<p class=\"alt-font font-italic my-2 small text-info\">Edi\u00e7\u00e3o: Kleber Sampaio<\/p>\n","protected":false},"excerpt":{"rendered":"<p>Pelo menos quatro das 62 v\u00edtimas do acidente com o voo 2283 da Voepass Linhas A\u00e9reas (antiga Passaredo), na tarde de sexta-feira (9), em Vinhedo, no interior paulista, tinham dupla nacionalidade. S\u00e3o tr\u00eas venezuelanas e uma portuguesa. A confirma\u00e7\u00e3o foi feita neste s\u00e1bado (10) pela Voepass. As v\u00edtimas venezuelanas s\u00e3o Josgleidys Gonzalez, Joslan Perez e &hellip;<\/p>\n","protected":false},"author":1,"featured_media":3505,"comment_status":"closed","ping_status":"closed","sticky":false,"template":"","format":"standard","meta":{"footnotes":""},"categories":[30],"tags":[],"class_list":["post-3503","post","type-post","status-publish","format-standard","has-post-thumbnail","hentry","category-geral"],"yoast_head":"<!-- This site is optimized with the Yoast SEO plugin v27.4 - https:\/\/yoast.com\/product\/yoast-seo-wordpress\/ -->\n<title>Entre os mortos em Vinhedo, ao menos quatro tinham dupla cidadania - Transam\u00e9rica Mococa 93,3<\/title>\n<meta name=\"robots\" content=\"index, follow, max-snippet:-1, max-image-preview:large, max-video-preview:-1\" \/>\n<link rel=\"canonical\" href=\"https:\/\/transamerica93.com.br\/home\/entre-os-mortos-em-vinhedo-ao-menos-quatro-tinham-dupla-cidadania\/\" \/>\n<meta property=\"og:locale\" content=\"pt_BR\" \/>\n<meta property=\"og:type\" content=\"article\" \/>\n<meta property=\"og:title\" content=\"Entre os mortos em Vinhedo, ao menos quatro tinham dupla cidadania - Transam\u00e9rica Mococa 93,3\" \/>\n<meta property=\"og:description\" content=\"Pelo menos quatro das 62 v\u00edtimas do acidente com o voo 2283 da Voepass Linhas A\u00e9reas (antiga Passaredo), na tarde de sexta-feira (9), em Vinhedo, no interior paulista, tinham dupla nacionalidade. S\u00e3o tr\u00eas venezuelanas e uma portuguesa. A confirma\u00e7\u00e3o foi feita neste s\u00e1bado (10) pela Voepass. As v\u00edtimas venezuelanas s\u00e3o Josgleidys Gonzalez, Joslan Perez e &hellip;\" \/>\n<meta property=\"og:url\" content=\"https:\/\/transamerica93.com.br\/home\/entre-os-mortos-em-vinhedo-ao-menos-quatro-tinham-dupla-cidadania\/\" \/>\n<meta property=\"og:site_name\" content=\"Transam\u00e9rica Mococa 93,3\" \/>\n<meta property=\"article:publisher\" content=\"https:\/\/www.facebook.com\/transamericamococa\" \/>\n<meta property=\"article:published_time\" content=\"2024-08-12T12:00:21+00:00\" \/>\n<meta property=\"og:image\" content=\"https:\/\/transamerica93.com.br\/home\/wp-content\/uploads\/2024\/08\/2-5.jpg\" \/>\n\t<meta property=\"og:image:width\" content=\"1170\" \/>\n\t<meta property=\"og:image:height\" content=\"700\" \/>\n\t<meta property=\"og:image:type\" content=\"image\/jpeg\" \/>\n<meta name=\"author\" content=\"Reda\u00e7\u00e3o\" \/>\n<meta name=\"twitter:card\" content=\"summary_large_image\" \/>\n<meta name=\"twitter:creator\" content=\"@transamerica933\" \/>\n<meta name=\"twitter:site\" content=\"@transamerica933\" \/>\n<meta name=\"twitter:label1\" content=\"Escrito por\" \/>\n\t<meta name=\"twitter:data1\" content=\"Reda\u00e7\u00e3o\" \/>\n\t<meta name=\"twitter:label2\" content=\"Est. tempo de leitura\" \/>\n\t<meta name=\"twitter:data2\" content=\"3 minutos\" \/>\n<script type=\"application\/ld+json\" class=\"yoast-schema-graph\">{\"@context\":\"https:\\\/\\\/schema.org\",\"@graph\":[{\"@type\":\"Article\",\"@id\":\"https:\\\/\\\/transamerica93.com.br\\\/home\\\/entre-os-mortos-em-vinhedo-ao-menos-quatro-tinham-dupla-cidadania\\\/#article\",\"isPartOf\":{\"@id\":\"https:\\\/\\\/transamerica93.com.br\\\/home\\\/entre-os-mortos-em-vinhedo-ao-menos-quatro-tinham-dupla-cidadania\\\/\"},\"author\":{\"name\":\"Reda\u00e7\u00e3o\",\"@id\":\"https:\\\/\\\/transamerica93.com.br\\\/home\\\/#\\\/schema\\\/person\\\/7fed7c99c0d4562efa8561bc0f543172\"},\"headline\":\"Entre os mortos em Vinhedo, ao menos quatro tinham dupla cidadania\",\"datePublished\":\"2024-08-12T12:00:21+00:00\",\"mainEntityOfPage\":{\"@id\":\"https:\\\/\\\/transamerica93.com.br\\\/home\\\/entre-os-mortos-em-vinhedo-ao-menos-quatro-tinham-dupla-cidadania\\\/\"},\"wordCount\":463,\"publisher\":{\"@id\":\"https:\\\/\\\/transamerica93.com.br\\\/home\\\/#organization\"},\"image\":{\"@id\":\"https:\\\/\\\/transamerica93.com.br\\\/home\\\/entre-os-mortos-em-vinhedo-ao-menos-quatro-tinham-dupla-cidadania\\\/#primaryimage\"},\"thumbnailUrl\":\"https:\\\/\\\/transamerica93.com.br\\\/home\\\/wp-content\\\/uploads\\\/2024\\\/08\\\/2-5.jpg\",\"articleSection\":[\"Geral\"],\"inLanguage\":\"pt-BR\"},{\"@type\":\"WebPage\",\"@id\":\"https:\\\/\\\/transamerica93.com.br\\\/home\\\/entre-os-mortos-em-vinhedo-ao-menos-quatro-tinham-dupla-cidadania\\\/\",\"url\":\"https:\\\/\\\/transamerica93.com.br\\\/home\\\/entre-os-mortos-em-vinhedo-ao-menos-quatro-tinham-dupla-cidadania\\\/\",\"name\":\"Entre os mortos em Vinhedo, ao menos quatro tinham dupla cidadania - Transam\u00e9rica Mococa 93,3\",\"isPartOf\":{\"@id\":\"https:\\\/\\\/transamerica93.com.br\\\/home\\\/#website\"},\"primaryImageOfPage\":{\"@id\":\"https:\\\/\\\/transamerica93.com.br\\\/home\\\/entre-os-mortos-em-vinhedo-ao-menos-quatro-tinham-dupla-cidadania\\\/#primaryimage\"},\"image\":{\"@id\":\"https:\\\/\\\/transamerica93.com.br\\\/home\\\/entre-os-mortos-em-vinhedo-ao-menos-quatro-tinham-dupla-cidadania\\\/#primaryimage\"},\"thumbnailUrl\":\"https:\\\/\\\/transamerica93.com.br\\\/home\\\/wp-content\\\/uploads\\\/2024\\\/08\\\/2-5.jpg\",\"datePublished\":\"2024-08-12T12:00:21+00:00\",\"breadcrumb\":{\"@id\":\"https:\\\/\\\/transamerica93.com.br\\\/home\\\/entre-os-mortos-em-vinhedo-ao-menos-quatro-tinham-dupla-cidadania\\\/#breadcrumb\"},\"inLanguage\":\"pt-BR\",\"potentialAction\":[{\"@type\":\"ReadAction\",\"target\":[\"https:\\\/\\\/transamerica93.com.br\\\/home\\\/entre-os-mortos-em-vinhedo-ao-menos-quatro-tinham-dupla-cidadania\\\/\"]}]},{\"@type\":\"ImageObject\",\"inLanguage\":\"pt-BR\",\"@id\":\"https:\\\/\\\/transamerica93.com.br\\\/home\\\/entre-os-mortos-em-vinhedo-ao-menos-quatro-tinham-dupla-cidadania\\\/#primaryimage\",\"url\":\"https:\\\/\\\/transamerica93.com.br\\\/home\\\/wp-content\\\/uploads\\\/2024\\\/08\\\/2-5.jpg\",\"contentUrl\":\"https:\\\/\\\/transamerica93.com.br\\\/home\\\/wp-content\\\/uploads\\\/2024\\\/08\\\/2-5.jpg\",\"width\":1170,\"height\":700,\"caption\":\"\u00a9 Paulo Pinto\\\/Ag\u00eancia Brasil\"},{\"@type\":\"BreadcrumbList\",\"@id\":\"https:\\\/\\\/transamerica93.com.br\\\/home\\\/entre-os-mortos-em-vinhedo-ao-menos-quatro-tinham-dupla-cidadania\\\/#breadcrumb\",\"itemListElement\":[{\"@type\":\"ListItem\",\"position\":1,\"name\":\"In\u00edcio\",\"item\":\"https:\\\/\\\/transamerica93.com.br\\\/home\\\/\"},{\"@type\":\"ListItem\",\"position\":2,\"name\":\"Entre os mortos em Vinhedo, ao menos quatro tinham dupla cidadania\"}]},{\"@type\":\"WebSite\",\"@id\":\"https:\\\/\\\/transamerica93.com.br\\\/home\\\/#website\",\"url\":\"https:\\\/\\\/transamerica93.com.br\\\/home\\\/\",\"name\":\"Transam\u00e9rica Mococa 93,3\",\"description\":\"\",\"publisher\":{\"@id\":\"https:\\\/\\\/transamerica93.com.br\\\/home\\\/#organization\"},\"potentialAction\":[{\"@type\":\"SearchAction\",\"target\":{\"@type\":\"EntryPoint\",\"urlTemplate\":\"https:\\\/\\\/transamerica93.com.br\\\/home\\\/?s={search_term_string}\"},\"query-input\":{\"@type\":\"PropertyValueSpecification\",\"valueRequired\":true,\"valueName\":\"search_term_string\"}}],\"inLanguage\":\"pt-BR\"},{\"@type\":\"Organization\",\"@id\":\"https:\\\/\\\/transamerica93.com.br\\\/home\\\/#organization\",\"name\":\"Transam\u00e9rica Mococa 93,3\",\"url\":\"https:\\\/\\\/transamerica93.com.br\\\/home\\\/\",\"logo\":{\"@type\":\"ImageObject\",\"inLanguage\":\"pt-BR\",\"@id\":\"https:\\\/\\\/transamerica93.com.br\\\/home\\\/#\\\/schema\\\/logo\\\/image\\\/\",\"url\":\"https:\\\/\\\/transamerica93.com.br\\\/home\\\/wp-content\\\/uploads\\\/2023\\\/10\\\/logo2.png\",\"contentUrl\":\"https:\\\/\\\/transamerica93.com.br\\\/home\\\/wp-content\\\/uploads\\\/2023\\\/10\\\/logo2.png\",\"width\":800,\"height\":500,\"caption\":\"Transam\u00e9rica Mococa 93,3\"},\"image\":{\"@id\":\"https:\\\/\\\/transamerica93.com.br\\\/home\\\/#\\\/schema\\\/logo\\\/image\\\/\"},\"sameAs\":[\"https:\\\/\\\/www.facebook.com\\\/transamericamococa\",\"https:\\\/\\\/x.com\\\/transamerica933\",\"https:\\\/\\\/www.instagram.com\\\/transamericamococa\"]},{\"@type\":\"Person\",\"@id\":\"https:\\\/\\\/transamerica93.com.br\\\/home\\\/#\\\/schema\\\/person\\\/7fed7c99c0d4562efa8561bc0f543172\",\"name\":\"Reda\u00e7\u00e3o\",\"image\":{\"@type\":\"ImageObject\",\"inLanguage\":\"pt-BR\",\"@id\":\"https:\\\/\\\/secure.gravatar.com\\\/avatar\\\/1072c6b775fb02ef8506ce967551d95926669a6b7d2c2147b42eea4d7c68395e?s=96&d=mm&r=g\",\"url\":\"https:\\\/\\\/secure.gravatar.com\\\/avatar\\\/1072c6b775fb02ef8506ce967551d95926669a6b7d2c2147b42eea4d7c68395e?s=96&d=mm&r=g\",\"contentUrl\":\"https:\\\/\\\/secure.gravatar.com\\\/avatar\\\/1072c6b775fb02ef8506ce967551d95926669a6b7d2c2147b42eea4d7c68395e?s=96&d=mm&r=g\",\"caption\":\"Reda\u00e7\u00e3o\"},\"sameAs\":[\"https:\\\/\\\/transamerica93.com.br\\\/home\"],\"url\":\"https:\\\/\\\/transamerica93.com.br\\\/home\\\/author\\\/william\\\/\"}]}<\/script>\n<!-- \/ Yoast SEO plugin. -->","yoast_head_json":{"title":"Entre os mortos em Vinhedo, ao menos quatro tinham dupla cidadania - Transam\u00e9rica Mococa 93,3","robots":{"index":"index","follow":"follow","max-snippet":"max-snippet:-1","max-image-preview":"max-image-preview:large","max-video-preview":"max-video-preview:-1"},"canonical":"https:\/\/transamerica93.com.br\/home\/entre-os-mortos-em-vinhedo-ao-menos-quatro-tinham-dupla-cidadania\/","og_locale":"pt_BR","og_type":"article","og_title":"Entre os mortos em Vinhedo, ao menos quatro tinham dupla cidadania - Transam\u00e9rica Mococa 93,3","og_description":"Pelo menos quatro das 62 v\u00edtimas do acidente com o voo 2283 da Voepass Linhas A\u00e9reas (antiga Passaredo), na tarde de sexta-feira (9), em Vinhedo, no interior paulista, tinham dupla nacionalidade. S\u00e3o tr\u00eas venezuelanas e uma portuguesa. A confirma\u00e7\u00e3o foi feita neste s\u00e1bado (10) pela Voepass. As v\u00edtimas venezuelanas s\u00e3o Josgleidys Gonzalez, Joslan Perez e &hellip;","og_url":"https:\/\/transamerica93.com.br\/home\/entre-os-mortos-em-vinhedo-ao-menos-quatro-tinham-dupla-cidadania\/","og_site_name":"Transam\u00e9rica Mococa 93,3","article_publisher":"https:\/\/www.facebook.com\/transamericamococa","article_published_time":"2024-08-12T12:00:21+00:00","og_image":[{"width":1170,"height":700,"url":"https:\/\/transamerica93.com.br\/home\/wp-content\/uploads\/2024\/08\/2-5.jpg","type":"image\/jpeg"}],"author":"Reda\u00e7\u00e3o","twitter_card":"summary_large_image","twitter_creator":"@transamerica933","twitter_site":"@transamerica933","twitter_misc":{"Escrito por":"Reda\u00e7\u00e3o","Est. tempo de leitura":"3 minutos"},"schema":{"@context":"https:\/\/schema.org","@graph":[{"@type":"Article","@id":"https:\/\/transamerica93.com.br\/home\/entre-os-mortos-em-vinhedo-ao-menos-quatro-tinham-dupla-cidadania\/#article","isPartOf":{"@id":"https:\/\/transamerica93.com.br\/home\/entre-os-mortos-em-vinhedo-ao-menos-quatro-tinham-dupla-cidadania\/"},"author":{"name":"Reda\u00e7\u00e3o","@id":"https:\/\/transamerica93.com.br\/home\/#\/schema\/person\/7fed7c99c0d4562efa8561bc0f543172"},"headline":"Entre os mortos em Vinhedo, ao menos quatro tinham dupla cidadania","datePublished":"2024-08-12T12:00:21+00:00","mainEntityOfPage":{"@id":"https:\/\/transamerica93.com.br\/home\/entre-os-mortos-em-vinhedo-ao-menos-quatro-tinham-dupla-cidadania\/"},"wordCount":463,"publisher":{"@id":"https:\/\/transamerica93.com.br\/home\/#organization"},"image":{"@id":"https:\/\/transamerica93.com.br\/home\/entre-os-mortos-em-vinhedo-ao-menos-quatro-tinham-dupla-cidadania\/#primaryimage"},"thumbnailUrl":"https:\/\/transamerica93.com.br\/home\/wp-content\/uploads\/2024\/08\/2-5.jpg","articleSection":["Geral"],"inLanguage":"pt-BR"},{"@type":"WebPage","@id":"https:\/\/transamerica93.com.br\/home\/entre-os-mortos-em-vinhedo-ao-menos-quatro-tinham-dupla-cidadania\/","url":"https:\/\/transamerica93.com.br\/home\/entre-os-mortos-em-vinhedo-ao-menos-quatro-tinham-dupla-cidadania\/","name":"Entre os mortos em Vinhedo, ao menos quatro tinham dupla cidadania - Transam\u00e9rica Mococa 93,3","isPartOf":{"@id":"https:\/\/transamerica93.com.br\/home\/#website"},"primaryImageOfPage":{"@id":"https:\/\/transamerica93.com.br\/home\/entre-os-mortos-em-vinhedo-ao-menos-quatro-tinham-dupla-cidadania\/#primaryimage"},"image":{"@id":"https:\/\/transamerica93.com.br\/home\/entre-os-mortos-em-vinhedo-ao-menos-quatro-tinham-dupla-cidadania\/#primaryimage"},"thumbnailUrl":"https:\/\/transamerica93.com.br\/home\/wp-content\/uploads\/2024\/08\/2-5.jpg","datePublished":"2024-08-12T12:00:21+00:00","breadcrumb":{"@id":"https:\/\/transamerica93.com.br\/home\/entre-os-mortos-em-vinhedo-ao-menos-quatro-tinham-dupla-cidadania\/#breadcrumb"},"inLanguage":"pt-BR","potentialAction":[{"@type":"ReadAction","target":["https:\/\/transamerica93.com.br\/home\/entre-os-mortos-em-vinhedo-ao-menos-quatro-tinham-dupla-cidadania\/"]}]},{"@type":"ImageObject","inLanguage":"pt-BR","@id":"https:\/\/transamerica93.com.br\/home\/entre-os-mortos-em-vinhedo-ao-menos-quatro-tinham-dupla-cidadania\/#primaryimage","url":"https:\/\/transamerica93.com.br\/home\/wp-content\/uploads\/2024\/08\/2-5.jpg","contentUrl":"https:\/\/transamerica93.com.br\/home\/wp-content\/uploads\/2024\/08\/2-5.jpg","width":1170,"height":700,"caption":"\u00a9 Paulo Pinto\/Ag\u00eancia Brasil"},{"@type":"BreadcrumbList","@id":"https:\/\/transamerica93.com.br\/home\/entre-os-mortos-em-vinhedo-ao-menos-quatro-tinham-dupla-cidadania\/#breadcrumb","itemListElement":[{"@type":"ListItem","position":1,"name":"In\u00edcio","item":"https:\/\/transamerica93.com.br\/home\/"},{"@type":"ListItem","position":2,"name":"Entre os mortos em Vinhedo, ao menos quatro tinham dupla cidadania"}]},{"@type":"WebSite","@id":"https:\/\/transamerica93.com.br\/home\/#website","url":"https:\/\/transamerica93.com.br\/home\/","name":"Transam\u00e9rica Mococa 93,3","description":"","publisher":{"@id":"https:\/\/transamerica93.com.br\/home\/#organization"},"potentialAction":[{"@type":"SearchAction","target":{"@type":"EntryPoint","urlTemplate":"https:\/\/transamerica93.com.br\/home\/?s={search_term_string}"},"query-input":{"@type":"PropertyValueSpecification","valueRequired":true,"valueName":"search_term_string"}}],"inLanguage":"pt-BR"},{"@type":"Organization","@id":"https:\/\/transamerica93.com.br\/home\/#organization","name":"Transam\u00e9rica Mococa 93,3","url":"https:\/\/transamerica93.com.br\/home\/","logo":{"@type":"ImageObject","inLanguage":"pt-BR","@id":"https:\/\/transamerica93.com.br\/home\/#\/schema\/logo\/image\/","url":"https:\/\/transamerica93.com.br\/home\/wp-content\/uploads\/2023\/10\/logo2.png","contentUrl":"https:\/\/transamerica93.com.br\/home\/wp-content\/uploads\/2023\/10\/logo2.png","width":800,"height":500,"caption":"Transam\u00e9rica Mococa 93,3"},"image":{"@id":"https:\/\/transamerica93.com.br\/home\/#\/schema\/logo\/image\/"},"sameAs":["https:\/\/www.facebook.com\/transamericamococa","https:\/\/x.com\/transamerica933","https:\/\/www.instagram.com\/transamericamococa"]},{"@type":"Person","@id":"https:\/\/transamerica93.com.br\/home\/#\/schema\/person\/7fed7c99c0d4562efa8561bc0f543172","name":"Reda\u00e7\u00e3o","image":{"@type":"ImageObject","inLanguage":"pt-BR","@id":"https:\/\/secure.gravatar.com\/avatar\/1072c6b775fb02ef8506ce967551d95926669a6b7d2c2147b42eea4d7c68395e?s=96&d=mm&r=g","url":"https:\/\/secure.gravatar.com\/avatar\/1072c6b775fb02ef8506ce967551d95926669a6b7d2c2147b42eea4d7c68395e?s=96&d=mm&r=g","contentUrl":"https:\/\/secure.gravatar.com\/avatar\/1072c6b775fb02ef8506ce967551d95926669a6b7d2c2147b42eea4d7c68395e?s=96&d=mm&r=g","caption":"Reda\u00e7\u00e3o"},"sameAs":["https:\/\/transamerica93.com.br\/home"],"url":"https:\/\/transamerica93.com.br\/home\/author\/william\/"}]}},"_links":{"self":[{"href":"https:\/\/transamerica93.com.br\/home\/wp-json\/wp\/v2\/posts\/3503","targetHints":{"allow":["GET"]}}],"collection":[{"href":"https:\/\/transamerica93.com.br\/home\/wp-json\/wp\/v2\/posts"}],"about":[{"href":"https:\/\/transamerica93.com.br\/home\/wp-json\/wp\/v2\/types\/post"}],"author":[{"embeddable":true,"href":"https:\/\/transamerica93.com.br\/home\/wp-json\/wp\/v2\/users\/1"}],"replies":[{"embeddable":true,"href":"https:\/\/transamerica93.com.br\/home\/wp-json\/wp\/v2\/comments?post=3503"}],"version-history":[{"count":1,"href":"https:\/\/transamerica93.com.br\/home\/wp-json\/wp\/v2\/posts\/3503\/revisions"}],"predecessor-version":[{"id":3509,"href":"https:\/\/transamerica93.com.br\/home\/wp-json\/wp\/v2\/posts\/3503\/revisions\/3509"}],"wp:featuredmedia":[{"embeddable":true,"href":"https:\/\/transamerica93.com.br\/home\/wp-json\/wp\/v2\/media\/3505"}],"wp:attachment":[{"href":"https:\/\/transamerica93.com.br\/home\/wp-json\/wp\/v2\/media?parent=3503"}],"wp:term":[{"taxonomy":"category","embeddable":true,"href":"https:\/\/transamerica93.com.br\/home\/wp-json\/wp\/v2\/categories?post=3503"},{"taxonomy":"post_tag","embeddable":true,"href":"https:\/\/transamerica93.com.br\/home\/wp-json\/wp\/v2\/tags?post=3503"}],"curies":[{"name":"wp","href":"https:\/\/api.w.org\/{rel}","templated":true}]}}