{"id":3512,"date":"2024-08-14T09:00:14","date_gmt":"2024-08-14T12:00:14","guid":{"rendered":"https:\/\/transamerica93.com.br\/home\/?p=3512"},"modified":"2024-08-10T18:17:53","modified_gmt":"2024-08-10T21:17:53","slug":"governo-quer-atrair-81-milhoes-de-turistas-internacionais-ate-2027","status":"publish","type":"post","link":"https:\/\/transamerica93.com.br\/home\/governo-quer-atrair-81-milhoes-de-turistas-internacionais-ate-2027\/","title":{"rendered":"Governo quer atrair 8,1 milh\u00f5es de turistas internacionais at\u00e9 2027"},"content":{"rendered":"<div class=\"post-item-wrap\">\n<p>O Plano Nacional de Turismo (PNT) 2024-2027 foi lan\u00e7ado na 8\u00aa edi\u00e7\u00e3o do &#8220;Sal\u00e3o do Turismo: Conhe\u00e7a o Brasil&#8221;, que ocorre no Rio de Janeiro. O documento tra\u00e7a metas para o setor, como o aumento de 93 milh\u00f5es para 150 milh\u00f5es de viagens nacionais, a marca de 8,1 milh\u00f5es de turistas internacionais visitando o Brasil e a expectativa de US$ 8,1 bilh\u00f5es em receitas geradas por estrangeiros. Tamb\u00e9m h\u00e1 proje\u00e7\u00e3o de aumentar para 3 milh\u00f5es o n\u00famero de postos de trabalho formais no turismo nacional.<img decoding=\"async\" data-src=\"https:\/\/agenciabrasil.ebc.com.br\/ebc.png?id=1607397&amp;o=node\" src=\"data:image\/svg+xml;base64,PHN2ZyB3aWR0aD0iMSIgaGVpZ2h0PSIxIiB4bWxucz0iaHR0cDovL3d3dy53My5vcmcvMjAwMC9zdmciPjwvc3ZnPg==\" class=\"lazyload\" \/><img decoding=\"async\" data-src=\"https:\/\/agenciabrasil.ebc.com.br\/ebc.gif?id=1607397&amp;o=node\" src=\"data:image\/svg+xml;base64,PHN2ZyB3aWR0aD0iMSIgaGVpZ2h0PSIxIiB4bWxucz0iaHR0cDovL3d3dy53My5vcmcvMjAwMC9zdmciPjwvc3ZnPg==\" class=\"lazyload\" \/><\/p>\n<p>O ministro do Turismo, Celso Sabino, disse que o otimismo \u00e9 refor\u00e7ado pelos n\u00fameros mais recentes, que contribuem com o desenvolvimento de outros setores do pa\u00eds.<\/p>\n<p>&#8220;Estamos muito animados com os resultados do turismo brasileiro. J\u00e1 passamos de 50 mil novos empregos gerados desde 1\u00ba de janeiro de 2023&#8221;, disse o ministro. &#8220;E\u00a0com mais hot\u00e9is, mais voos, e mais renda no bolso, o brasileiro est\u00e1 viajando mais e se interessando mais em conhecer o pa\u00eds&#8221;.<\/p>\n<p>O PNT estabelece como princ\u00edpios: coopera\u00e7\u00e3o e regionaliza\u00e7\u00e3o, desenvolvimento e inser\u00e7\u00e3o produtiva de pessoas, sustentabilidade, inova\u00e7\u00e3o e transforma\u00e7\u00e3o digital, al\u00e9m da democratiza\u00e7\u00e3o do acesso ao turismo.<\/p>\n<p>Alinhado ao Plano Plurianual 2024-2027, institui 20 programas e planos setoriais. As estrat\u00e9gias de opera\u00e7\u00e3o ser\u00e3o constru\u00eddas de forma participativa, no \u00e2mbito das C\u00e2maras Tem\u00e1ticas do CNT, que poder\u00e3o contar com convidados da sociedade civil e especialistas. Uma das a\u00e7\u00f5es destacadas pela pasta \u00e9 o Plano de Adapta\u00e7\u00e3o Clim\u00e1tica para o Turismo, que dialoga com a Agenda 2030 da Organiza\u00e7\u00e3o das Na\u00e7\u00f5es Unidas (ONU).<\/p>\n<h2>Sal\u00e3o do Turismo<\/h2>\n<p>A abertura do Sal\u00e3o do Turismo contou com a presen\u00e7a do vice-presidente Geraldo Alckmin. Ele refor\u00e7ou a import\u00e2ncia do setor para o pa\u00eds e destacou uma das medidas que considera importante: a legaliza\u00e7\u00e3o dos cassinos. O projeto de lei (PL) 2.234\/2022, que trata da explora\u00e7\u00e3o de jogos e apostas no pa\u00eds, como cassino, bingo e jogo do bicho, foi debatido esta semana no Senado Federal.<\/p>\n<p>&#8220;Existe essa discuss\u00e3o no Senado Federal sobre cassinos. Quero deixar a minha opini\u00e3o pessoal, que j\u00e1 dei l\u00e1 atr\u00e1s, quando fui candidato a presidente. Sou totalmente favor\u00e1vel. Las Vegas, nos Estados Unidos, come\u00e7ou com cassino. E hoje as pessoas v\u00e3o l\u00e1 e tem entretenimento, show, m\u00fasica, economia criativa. Eu dou todo apoio ao setor que distribui renda e emprega muita gente&#8221;, disse o vice-presidente.<\/p>\n<p>Tamb\u00e9m no evento, a ministra das Mulheres, Cida Gon\u00e7alves, destacou a import\u00e2ncia de combater todas as formas de viol\u00eancia contra as mulheres e tornar o pa\u00eds cada vez mais seguro para aquelas que s\u00e3o parte central no desenvolvimento do turismo no pa\u00eds.<\/p>\n<p>&#8220;N\u00f3s precisamos construir um pa\u00eds que as mulheres tenham liberdade de ir e vir. Que sejam felizes fazendo turismo e ajudem esse pa\u00eds de ponta a ponta. Para isso, n\u00f3s precisamos estar vivas e n\u00e3o termos medo de sair na rua. Precisamos estar seguras e tranquilas&#8221;, disse a ministra.<\/p>\n<p>O ministro Silvio Almeida, dos Direitos Humanos e da Cidadania, afirmou que, paralelamente ao desenvolvimento do turismo, \u00e9 preciso garantir direitos b\u00e1sicos e prote\u00e7\u00e3o social para os setores mais vulner\u00e1veis da popula\u00e7\u00e3o brasileira.<\/p>\n<p>&#8220;Sem dignidade, respeito, equidade, o povo n\u00e3o tem cultura. E sem cultura, n\u00e3o tem turismo. Ou seja, sem direitos humanos, n\u00f3s n\u00e3o vamos conseguir fazer o turismo que precisamos desenvolver como estrat\u00e9gia nacional&#8221;, disse o ministro.<\/p>\n<\/div>\n<p class=\"alt-font font-italic my-2 small text-info\">Edi\u00e7\u00e3o: Carolina Pimentel<\/p>\n","protected":false},"excerpt":{"rendered":"<p>O Plano Nacional de Turismo (PNT) 2024-2027 foi lan\u00e7ado na 8\u00aa edi\u00e7\u00e3o do &#8220;Sal\u00e3o do Turismo: Conhe\u00e7a o Brasil&#8221;, que ocorre no Rio de Janeiro. O documento tra\u00e7a metas para o setor, como o aumento de 93 milh\u00f5es para 150 milh\u00f5es de viagens nacionais, a marca de 8,1 milh\u00f5es de turistas internacionais visitando o Brasil &hellip;<\/p>\n","protected":false},"author":1,"featured_media":3506,"comment_status":"closed","ping_status":"closed","sticky":false,"template":"","format":"standard","meta":{"footnotes":""},"categories":[30],"tags":[],"class_list":["post-3512","post","type-post","status-publish","format-standard","has-post-thumbnail","hentry","category-geral"],"yoast_head":"<!-- This site is optimized with the Yoast SEO plugin v27.4 - https:\/\/yoast.com\/product\/yoast-seo-wordpress\/ -->\n<title>Governo quer atrair 8,1 milh\u00f5es de turistas internacionais at\u00e9 2027 - Transam\u00e9rica Mococa 93,3<\/title>\n<meta name=\"robots\" content=\"index, follow, max-snippet:-1, max-image-preview:large, max-video-preview:-1\" \/>\n<link rel=\"canonical\" href=\"https:\/\/transamerica93.com.br\/home\/governo-quer-atrair-81-milhoes-de-turistas-internacionais-ate-2027\/\" \/>\n<meta property=\"og:locale\" content=\"pt_BR\" \/>\n<meta property=\"og:type\" content=\"article\" \/>\n<meta property=\"og:title\" content=\"Governo quer atrair 8,1 milh\u00f5es de turistas internacionais at\u00e9 2027 - Transam\u00e9rica Mococa 93,3\" \/>\n<meta property=\"og:description\" content=\"O Plano Nacional de Turismo (PNT) 2024-2027 foi lan\u00e7ado na 8\u00aa edi\u00e7\u00e3o do &#8220;Sal\u00e3o do Turismo: Conhe\u00e7a o Brasil&#8221;, que ocorre no Rio de Janeiro. O documento tra\u00e7a metas para o setor, como o aumento de 93 milh\u00f5es para 150 milh\u00f5es de viagens nacionais, a marca de 8,1 milh\u00f5es de turistas internacionais visitando o Brasil &hellip;\" \/>\n<meta property=\"og:url\" content=\"https:\/\/transamerica93.com.br\/home\/governo-quer-atrair-81-milhoes-de-turistas-internacionais-ate-2027\/\" \/>\n<meta property=\"og:site_name\" content=\"Transam\u00e9rica Mococa 93,3\" \/>\n<meta property=\"article:publisher\" content=\"https:\/\/www.facebook.com\/transamericamococa\" \/>\n<meta property=\"article:published_time\" content=\"2024-08-14T12:00:14+00:00\" \/>\n<meta property=\"og:image\" content=\"https:\/\/transamerica93.com.br\/home\/wp-content\/uploads\/2024\/08\/3-5.jpg\" \/>\n\t<meta property=\"og:image:width\" content=\"1170\" \/>\n\t<meta property=\"og:image:height\" content=\"700\" \/>\n\t<meta property=\"og:image:type\" content=\"image\/jpeg\" \/>\n<meta name=\"author\" content=\"Reda\u00e7\u00e3o\" \/>\n<meta name=\"twitter:card\" content=\"summary_large_image\" \/>\n<meta name=\"twitter:creator\" content=\"@transamerica933\" \/>\n<meta name=\"twitter:site\" content=\"@transamerica933\" \/>\n<meta name=\"twitter:label1\" content=\"Escrito por\" \/>\n\t<meta name=\"twitter:data1\" content=\"Reda\u00e7\u00e3o\" \/>\n\t<meta name=\"twitter:label2\" content=\"Est. tempo de leitura\" \/>\n\t<meta name=\"twitter:data2\" content=\"4 minutos\" \/>\n<script type=\"application\/ld+json\" class=\"yoast-schema-graph\">{\"@context\":\"https:\\\/\\\/schema.org\",\"@graph\":[{\"@type\":\"Article\",\"@id\":\"https:\\\/\\\/transamerica93.com.br\\\/home\\\/governo-quer-atrair-81-milhoes-de-turistas-internacionais-ate-2027\\\/#article\",\"isPartOf\":{\"@id\":\"https:\\\/\\\/transamerica93.com.br\\\/home\\\/governo-quer-atrair-81-milhoes-de-turistas-internacionais-ate-2027\\\/\"},\"author\":{\"name\":\"Reda\u00e7\u00e3o\",\"@id\":\"https:\\\/\\\/transamerica93.com.br\\\/home\\\/#\\\/schema\\\/person\\\/7fed7c99c0d4562efa8561bc0f543172\"},\"headline\":\"Governo quer atrair 8,1 milh\u00f5es de turistas internacionais at\u00e9 2027\",\"datePublished\":\"2024-08-14T12:00:14+00:00\",\"mainEntityOfPage\":{\"@id\":\"https:\\\/\\\/transamerica93.com.br\\\/home\\\/governo-quer-atrair-81-milhoes-de-turistas-internacionais-ate-2027\\\/\"},\"wordCount\":616,\"publisher\":{\"@id\":\"https:\\\/\\\/transamerica93.com.br\\\/home\\\/#organization\"},\"image\":{\"@id\":\"https:\\\/\\\/transamerica93.com.br\\\/home\\\/governo-quer-atrair-81-milhoes-de-turistas-internacionais-ate-2027\\\/#primaryimage\"},\"thumbnailUrl\":\"https:\\\/\\\/transamerica93.com.br\\\/home\\\/wp-content\\\/uploads\\\/2024\\\/08\\\/3-5.jpg\",\"articleSection\":[\"Geral\"],\"inLanguage\":\"pt-BR\"},{\"@type\":\"WebPage\",\"@id\":\"https:\\\/\\\/transamerica93.com.br\\\/home\\\/governo-quer-atrair-81-milhoes-de-turistas-internacionais-ate-2027\\\/\",\"url\":\"https:\\\/\\\/transamerica93.com.br\\\/home\\\/governo-quer-atrair-81-milhoes-de-turistas-internacionais-ate-2027\\\/\",\"name\":\"Governo quer atrair 8,1 milh\u00f5es de turistas internacionais at\u00e9 2027 - Transam\u00e9rica Mococa 93,3\",\"isPartOf\":{\"@id\":\"https:\\\/\\\/transamerica93.com.br\\\/home\\\/#website\"},\"primaryImageOfPage\":{\"@id\":\"https:\\\/\\\/transamerica93.com.br\\\/home\\\/governo-quer-atrair-81-milhoes-de-turistas-internacionais-ate-2027\\\/#primaryimage\"},\"image\":{\"@id\":\"https:\\\/\\\/transamerica93.com.br\\\/home\\\/governo-quer-atrair-81-milhoes-de-turistas-internacionais-ate-2027\\\/#primaryimage\"},\"thumbnailUrl\":\"https:\\\/\\\/transamerica93.com.br\\\/home\\\/wp-content\\\/uploads\\\/2024\\\/08\\\/3-5.jpg\",\"datePublished\":\"2024-08-14T12:00:14+00:00\",\"breadcrumb\":{\"@id\":\"https:\\\/\\\/transamerica93.com.br\\\/home\\\/governo-quer-atrair-81-milhoes-de-turistas-internacionais-ate-2027\\\/#breadcrumb\"},\"inLanguage\":\"pt-BR\",\"potentialAction\":[{\"@type\":\"ReadAction\",\"target\":[\"https:\\\/\\\/transamerica93.com.br\\\/home\\\/governo-quer-atrair-81-milhoes-de-turistas-internacionais-ate-2027\\\/\"]}]},{\"@type\":\"ImageObject\",\"inLanguage\":\"pt-BR\",\"@id\":\"https:\\\/\\\/transamerica93.com.br\\\/home\\\/governo-quer-atrair-81-milhoes-de-turistas-internacionais-ate-2027\\\/#primaryimage\",\"url\":\"https:\\\/\\\/transamerica93.com.br\\\/home\\\/wp-content\\\/uploads\\\/2024\\\/08\\\/3-5.jpg\",\"contentUrl\":\"https:\\\/\\\/transamerica93.com.br\\\/home\\\/wp-content\\\/uploads\\\/2024\\\/08\\\/3-5.jpg\",\"width\":1170,\"height\":700,\"caption\":\"\u00a9 Fernando Fraz\u00e3o\\\/Ag\u00eancia Brasil\"},{\"@type\":\"BreadcrumbList\",\"@id\":\"https:\\\/\\\/transamerica93.com.br\\\/home\\\/governo-quer-atrair-81-milhoes-de-turistas-internacionais-ate-2027\\\/#breadcrumb\",\"itemListElement\":[{\"@type\":\"ListItem\",\"position\":1,\"name\":\"In\u00edcio\",\"item\":\"https:\\\/\\\/transamerica93.com.br\\\/home\\\/\"},{\"@type\":\"ListItem\",\"position\":2,\"name\":\"Governo quer atrair 8,1 milh\u00f5es de turistas internacionais at\u00e9 2027\"}]},{\"@type\":\"WebSite\",\"@id\":\"https:\\\/\\\/transamerica93.com.br\\\/home\\\/#website\",\"url\":\"https:\\\/\\\/transamerica93.com.br\\\/home\\\/\",\"name\":\"Transam\u00e9rica Mococa 93,3\",\"description\":\"\",\"publisher\":{\"@id\":\"https:\\\/\\\/transamerica93.com.br\\\/home\\\/#organization\"},\"potentialAction\":[{\"@type\":\"SearchAction\",\"target\":{\"@type\":\"EntryPoint\",\"urlTemplate\":\"https:\\\/\\\/transamerica93.com.br\\\/home\\\/?s={search_term_string}\"},\"query-input\":{\"@type\":\"PropertyValueSpecification\",\"valueRequired\":true,\"valueName\":\"search_term_string\"}}],\"inLanguage\":\"pt-BR\"},{\"@type\":\"Organization\",\"@id\":\"https:\\\/\\\/transamerica93.com.br\\\/home\\\/#organization\",\"name\":\"Transam\u00e9rica Mococa 93,3\",\"url\":\"https:\\\/\\\/transamerica93.com.br\\\/home\\\/\",\"logo\":{\"@type\":\"ImageObject\",\"inLanguage\":\"pt-BR\",\"@id\":\"https:\\\/\\\/transamerica93.com.br\\\/home\\\/#\\\/schema\\\/logo\\\/image\\\/\",\"url\":\"https:\\\/\\\/transamerica93.com.br\\\/home\\\/wp-content\\\/uploads\\\/2023\\\/10\\\/logo2.png\",\"contentUrl\":\"https:\\\/\\\/transamerica93.com.br\\\/home\\\/wp-content\\\/uploads\\\/2023\\\/10\\\/logo2.png\",\"width\":800,\"height\":500,\"caption\":\"Transam\u00e9rica Mococa 93,3\"},\"image\":{\"@id\":\"https:\\\/\\\/transamerica93.com.br\\\/home\\\/#\\\/schema\\\/logo\\\/image\\\/\"},\"sameAs\":[\"https:\\\/\\\/www.facebook.com\\\/transamericamococa\",\"https:\\\/\\\/x.com\\\/transamerica933\",\"https:\\\/\\\/www.instagram.com\\\/transamericamococa\"]},{\"@type\":\"Person\",\"@id\":\"https:\\\/\\\/transamerica93.com.br\\\/home\\\/#\\\/schema\\\/person\\\/7fed7c99c0d4562efa8561bc0f543172\",\"name\":\"Reda\u00e7\u00e3o\",\"image\":{\"@type\":\"ImageObject\",\"inLanguage\":\"pt-BR\",\"@id\":\"https:\\\/\\\/secure.gravatar.com\\\/avatar\\\/1072c6b775fb02ef8506ce967551d95926669a6b7d2c2147b42eea4d7c68395e?s=96&d=mm&r=g\",\"url\":\"https:\\\/\\\/secure.gravatar.com\\\/avatar\\\/1072c6b775fb02ef8506ce967551d95926669a6b7d2c2147b42eea4d7c68395e?s=96&d=mm&r=g\",\"contentUrl\":\"https:\\\/\\\/secure.gravatar.com\\\/avatar\\\/1072c6b775fb02ef8506ce967551d95926669a6b7d2c2147b42eea4d7c68395e?s=96&d=mm&r=g\",\"caption\":\"Reda\u00e7\u00e3o\"},\"sameAs\":[\"https:\\\/\\\/transamerica93.com.br\\\/home\"],\"url\":\"https:\\\/\\\/transamerica93.com.br\\\/home\\\/author\\\/william\\\/\"}]}<\/script>\n<!-- \/ Yoast SEO plugin. -->","yoast_head_json":{"title":"Governo quer atrair 8,1 milh\u00f5es de turistas internacionais at\u00e9 2027 - Transam\u00e9rica Mococa 93,3","robots":{"index":"index","follow":"follow","max-snippet":"max-snippet:-1","max-image-preview":"max-image-preview:large","max-video-preview":"max-video-preview:-1"},"canonical":"https:\/\/transamerica93.com.br\/home\/governo-quer-atrair-81-milhoes-de-turistas-internacionais-ate-2027\/","og_locale":"pt_BR","og_type":"article","og_title":"Governo quer atrair 8,1 milh\u00f5es de turistas internacionais at\u00e9 2027 - Transam\u00e9rica Mococa 93,3","og_description":"O Plano Nacional de Turismo (PNT) 2024-2027 foi lan\u00e7ado na 8\u00aa edi\u00e7\u00e3o do &#8220;Sal\u00e3o do Turismo: Conhe\u00e7a o Brasil&#8221;, que ocorre no Rio de Janeiro. O documento tra\u00e7a metas para o setor, como o aumento de 93 milh\u00f5es para 150 milh\u00f5es de viagens nacionais, a marca de 8,1 milh\u00f5es de turistas internacionais visitando o Brasil &hellip;","og_url":"https:\/\/transamerica93.com.br\/home\/governo-quer-atrair-81-milhoes-de-turistas-internacionais-ate-2027\/","og_site_name":"Transam\u00e9rica Mococa 93,3","article_publisher":"https:\/\/www.facebook.com\/transamericamococa","article_published_time":"2024-08-14T12:00:14+00:00","og_image":[{"width":1170,"height":700,"url":"https:\/\/transamerica93.com.br\/home\/wp-content\/uploads\/2024\/08\/3-5.jpg","type":"image\/jpeg"}],"author":"Reda\u00e7\u00e3o","twitter_card":"summary_large_image","twitter_creator":"@transamerica933","twitter_site":"@transamerica933","twitter_misc":{"Escrito por":"Reda\u00e7\u00e3o","Est. tempo de leitura":"4 minutos"},"schema":{"@context":"https:\/\/schema.org","@graph":[{"@type":"Article","@id":"https:\/\/transamerica93.com.br\/home\/governo-quer-atrair-81-milhoes-de-turistas-internacionais-ate-2027\/#article","isPartOf":{"@id":"https:\/\/transamerica93.com.br\/home\/governo-quer-atrair-81-milhoes-de-turistas-internacionais-ate-2027\/"},"author":{"name":"Reda\u00e7\u00e3o","@id":"https:\/\/transamerica93.com.br\/home\/#\/schema\/person\/7fed7c99c0d4562efa8561bc0f543172"},"headline":"Governo quer atrair 8,1 milh\u00f5es de turistas internacionais at\u00e9 2027","datePublished":"2024-08-14T12:00:14+00:00","mainEntityOfPage":{"@id":"https:\/\/transamerica93.com.br\/home\/governo-quer-atrair-81-milhoes-de-turistas-internacionais-ate-2027\/"},"wordCount":616,"publisher":{"@id":"https:\/\/transamerica93.com.br\/home\/#organization"},"image":{"@id":"https:\/\/transamerica93.com.br\/home\/governo-quer-atrair-81-milhoes-de-turistas-internacionais-ate-2027\/#primaryimage"},"thumbnailUrl":"https:\/\/transamerica93.com.br\/home\/wp-content\/uploads\/2024\/08\/3-5.jpg","articleSection":["Geral"],"inLanguage":"pt-BR"},{"@type":"WebPage","@id":"https:\/\/transamerica93.com.br\/home\/governo-quer-atrair-81-milhoes-de-turistas-internacionais-ate-2027\/","url":"https:\/\/transamerica93.com.br\/home\/governo-quer-atrair-81-milhoes-de-turistas-internacionais-ate-2027\/","name":"Governo quer atrair 8,1 milh\u00f5es de turistas internacionais at\u00e9 2027 - Transam\u00e9rica Mococa 93,3","isPartOf":{"@id":"https:\/\/transamerica93.com.br\/home\/#website"},"primaryImageOfPage":{"@id":"https:\/\/transamerica93.com.br\/home\/governo-quer-atrair-81-milhoes-de-turistas-internacionais-ate-2027\/#primaryimage"},"image":{"@id":"https:\/\/transamerica93.com.br\/home\/governo-quer-atrair-81-milhoes-de-turistas-internacionais-ate-2027\/#primaryimage"},"thumbnailUrl":"https:\/\/transamerica93.com.br\/home\/wp-content\/uploads\/2024\/08\/3-5.jpg","datePublished":"2024-08-14T12:00:14+00:00","breadcrumb":{"@id":"https:\/\/transamerica93.com.br\/home\/governo-quer-atrair-81-milhoes-de-turistas-internacionais-ate-2027\/#breadcrumb"},"inLanguage":"pt-BR","potentialAction":[{"@type":"ReadAction","target":["https:\/\/transamerica93.com.br\/home\/governo-quer-atrair-81-milhoes-de-turistas-internacionais-ate-2027\/"]}]},{"@type":"ImageObject","inLanguage":"pt-BR","@id":"https:\/\/transamerica93.com.br\/home\/governo-quer-atrair-81-milhoes-de-turistas-internacionais-ate-2027\/#primaryimage","url":"https:\/\/transamerica93.com.br\/home\/wp-content\/uploads\/2024\/08\/3-5.jpg","contentUrl":"https:\/\/transamerica93.com.br\/home\/wp-content\/uploads\/2024\/08\/3-5.jpg","width":1170,"height":700,"caption":"\u00a9 Fernando Fraz\u00e3o\/Ag\u00eancia Brasil"},{"@type":"BreadcrumbList","@id":"https:\/\/transamerica93.com.br\/home\/governo-quer-atrair-81-milhoes-de-turistas-internacionais-ate-2027\/#breadcrumb","itemListElement":[{"@type":"ListItem","position":1,"name":"In\u00edcio","item":"https:\/\/transamerica93.com.br\/home\/"},{"@type":"ListItem","position":2,"name":"Governo quer atrair 8,1 milh\u00f5es de turistas internacionais at\u00e9 2027"}]},{"@type":"WebSite","@id":"https:\/\/transamerica93.com.br\/home\/#website","url":"https:\/\/transamerica93.com.br\/home\/","name":"Transam\u00e9rica Mococa 93,3","description":"","publisher":{"@id":"https:\/\/transamerica93.com.br\/home\/#organization"},"potentialAction":[{"@type":"SearchAction","target":{"@type":"EntryPoint","urlTemplate":"https:\/\/transamerica93.com.br\/home\/?s={search_term_string}"},"query-input":{"@type":"PropertyValueSpecification","valueRequired":true,"valueName":"search_term_string"}}],"inLanguage":"pt-BR"},{"@type":"Organization","@id":"https:\/\/transamerica93.com.br\/home\/#organization","name":"Transam\u00e9rica Mococa 93,3","url":"https:\/\/transamerica93.com.br\/home\/","logo":{"@type":"ImageObject","inLanguage":"pt-BR","@id":"https:\/\/transamerica93.com.br\/home\/#\/schema\/logo\/image\/","url":"https:\/\/transamerica93.com.br\/home\/wp-content\/uploads\/2023\/10\/logo2.png","contentUrl":"https:\/\/transamerica93.com.br\/home\/wp-content\/uploads\/2023\/10\/logo2.png","width":800,"height":500,"caption":"Transam\u00e9rica Mococa 93,3"},"image":{"@id":"https:\/\/transamerica93.com.br\/home\/#\/schema\/logo\/image\/"},"sameAs":["https:\/\/www.facebook.com\/transamericamococa","https:\/\/x.com\/transamerica933","https:\/\/www.instagram.com\/transamericamococa"]},{"@type":"Person","@id":"https:\/\/transamerica93.com.br\/home\/#\/schema\/person\/7fed7c99c0d4562efa8561bc0f543172","name":"Reda\u00e7\u00e3o","image":{"@type":"ImageObject","inLanguage":"pt-BR","@id":"https:\/\/secure.gravatar.com\/avatar\/1072c6b775fb02ef8506ce967551d95926669a6b7d2c2147b42eea4d7c68395e?s=96&d=mm&r=g","url":"https:\/\/secure.gravatar.com\/avatar\/1072c6b775fb02ef8506ce967551d95926669a6b7d2c2147b42eea4d7c68395e?s=96&d=mm&r=g","contentUrl":"https:\/\/secure.gravatar.com\/avatar\/1072c6b775fb02ef8506ce967551d95926669a6b7d2c2147b42eea4d7c68395e?s=96&d=mm&r=g","caption":"Reda\u00e7\u00e3o"},"sameAs":["https:\/\/transamerica93.com.br\/home"],"url":"https:\/\/transamerica93.com.br\/home\/author\/william\/"}]}},"_links":{"self":[{"href":"https:\/\/transamerica93.com.br\/home\/wp-json\/wp\/v2\/posts\/3512","targetHints":{"allow":["GET"]}}],"collection":[{"href":"https:\/\/transamerica93.com.br\/home\/wp-json\/wp\/v2\/posts"}],"about":[{"href":"https:\/\/transamerica93.com.br\/home\/wp-json\/wp\/v2\/types\/post"}],"author":[{"embeddable":true,"href":"https:\/\/transamerica93.com.br\/home\/wp-json\/wp\/v2\/users\/1"}],"replies":[{"embeddable":true,"href":"https:\/\/transamerica93.com.br\/home\/wp-json\/wp\/v2\/comments?post=3512"}],"version-history":[{"count":1,"href":"https:\/\/transamerica93.com.br\/home\/wp-json\/wp\/v2\/posts\/3512\/revisions"}],"predecessor-version":[{"id":3513,"href":"https:\/\/transamerica93.com.br\/home\/wp-json\/wp\/v2\/posts\/3512\/revisions\/3513"}],"wp:featuredmedia":[{"embeddable":true,"href":"https:\/\/transamerica93.com.br\/home\/wp-json\/wp\/v2\/media\/3506"}],"wp:attachment":[{"href":"https:\/\/transamerica93.com.br\/home\/wp-json\/wp\/v2\/media?parent=3512"}],"wp:term":[{"taxonomy":"category","embeddable":true,"href":"https:\/\/transamerica93.com.br\/home\/wp-json\/wp\/v2\/categories?post=3512"},{"taxonomy":"post_tag","embeddable":true,"href":"https:\/\/transamerica93.com.br\/home\/wp-json\/wp\/v2\/tags?post=3512"}],"curies":[{"name":"wp","href":"https:\/\/api.w.org\/{rel}","templated":true}]}}