{"id":3533,"date":"2024-08-12T15:00:29","date_gmt":"2024-08-12T18:00:29","guid":{"rendered":"https:\/\/transamerica93.com.br\/home\/?p=3533"},"modified":"2024-08-10T18:31:06","modified_gmt":"2024-08-10T21:31:06","slug":"fabio-jr-e-cleo-pires-cantam-juntos-pai-hit-do-cantor-relacao-maravilhosa-hoje-em-dia","status":"publish","type":"post","link":"https:\/\/transamerica93.com.br\/home\/fabio-jr-e-cleo-pires-cantam-juntos-pai-hit-do-cantor-relacao-maravilhosa-hoje-em-dia\/","title":{"rendered":"F\u00e1bio Jr. e Cleo Pires cantam juntos &#8216;Pai&#8217;, hit do cantor: &#8216;Rela\u00e7\u00e3o maravilhosa hoje em dia&#8217;"},"content":{"rendered":"<p>Por Reda\u00e7\u00e3o E+<\/p>\n<p>O cantor F\u00e1bio Jr. se uniu \u00e0 filha, Cleo, para cantar\u00a0<i>Pai<\/i>, hit do cantor lan\u00e7ado em 1979. A faixa, lan\u00e7ada nesta sexta, 9 junto a um clipe, \u00e9 uma homenagem ao Dia dos Pais.<\/p>\n<p>Cleo \u00e9 a primog\u00eanita de F\u00e1bio, fruto do relacionamento com Gloria Pires. Ap\u00f3s altos e baixos familiares expostos ao p\u00fablico por conta da fama, o momento, para eles, sela uma rela\u00e7\u00e3o tranquila entre pai e filha. &#8220;Meu pai \u00e9 um cara que eu amo muito J\u00e1 tivemos momentos dif\u00edceis, assim como acontece em todas as fam\u00edlias, mas a nossa rela\u00e7\u00e3o \u00e9 maravilhosa hoje em dia&#8221;, diz Cleo.<\/p>\n<p>O cantor concorda: &#8220;Como qualquer rela\u00e7\u00e3o familiar, j\u00e1 tivemos momentos n\u00e3o t\u00e3o bons. At\u00e9 mesmo pela nossa profiss\u00e3o e correria de trabalho, nos v\u00edamos bem menos. Mas o importante \u00e9 que,nhoje, est\u00e1 \u00f3timo. Amo n\u00f3s dois juntos&#8221;, diz.<\/p>\n<p>Para F\u00e1bio Jr, a nova vers\u00e3o de\u00a0<i>Pai<\/i>\u00a0\u00e9 um presente. Ele relembra que a m\u00fasica foi dedicada \u00e0 rela\u00e7\u00e3o com o pai, que morreu quando Gloria estava gr\u00e1vida de Cleo. &#8220;Ter ela cantando comigo nesse momento da minha vida \u00e9 muito especial&#8221;, diz o cantor. &#8220;Meu pai estava muito feliz com a chegada dela e acabou n\u00e3o a conhecendo. Mas penso que eles se encontraram no meio do caminho &#8211; e a Cleo foi o presente que veio pra amenizar a dor da saudade&#8221;, reflete.<\/p>\n<p>F\u00e1bio Jr disse que a mudan\u00e7a de Cleo para S\u00e3o Paulo aproximou mais os dois. Ele tamb\u00e9m conta como quer passar o pr\u00f3ximo domingo. &#8220;Todo ano tento juntar todo mundo l\u00e1 em casa (risos), \u00e0s vezes ,d\u00e1 certo! O papai aqui fica todo bob\u00e3o, \u00e9 sempre muito gostoso!&#8221;, finaliza.<\/p>\n<p>O clipe conta com cenas de arquivo de F\u00e1bio Jr. falando sobre as saudades do pai, antes de mostrar os dois cantores juntos no palco. Assista\u00a0<a href=\"https:\/\/www.youtube.com\/watch?\" target=\"_blank\" rel=\"noopener\"><u>aqui<\/u><\/a>.<\/p>\n<p><i>Pai<\/i>\u00a0faz parte do projeto audiovisual\u00a0<i>Bem Mais Que Os Meus 20 e Poucos Anos<\/i>, gravado por F\u00e1bio Jr. em S\u00e3o Paulo, para celebrar os 70 anos do cantor.<\/p>\n","protected":false},"excerpt":{"rendered":"<p>Por Reda\u00e7\u00e3o E+ O cantor F\u00e1bio Jr. se uniu \u00e0 filha, Cleo, para cantar\u00a0Pai, hit do cantor lan\u00e7ado em 1979. A faixa, lan\u00e7ada nesta sexta, 9 junto a um clipe, \u00e9 uma homenagem ao Dia dos Pais. Cleo \u00e9 a primog\u00eanita de F\u00e1bio, fruto do relacionamento com Gloria Pires. Ap\u00f3s altos e baixos familiares expostos &hellip;<\/p>\n","protected":false},"author":1,"featured_media":3534,"comment_status":"closed","ping_status":"closed","sticky":false,"template":"","format":"standard","meta":{"footnotes":""},"categories":[25],"tags":[],"class_list":["post-3533","post","type-post","status-publish","format-standard","has-post-thumbnail","hentry","category-musica"],"yoast_head":"<!-- This site is optimized with the Yoast SEO plugin v27.4 - https:\/\/yoast.com\/product\/yoast-seo-wordpress\/ -->\n<title>F\u00e1bio Jr. e Cleo Pires cantam juntos &#039;Pai&#039;, hit do cantor: &#039;Rela\u00e7\u00e3o maravilhosa hoje em dia&#039; - Transam\u00e9rica Mococa 93,3<\/title>\n<meta name=\"robots\" content=\"index, follow, max-snippet:-1, max-image-preview:large, max-video-preview:-1\" \/>\n<link rel=\"canonical\" href=\"https:\/\/transamerica93.com.br\/home\/fabio-jr-e-cleo-pires-cantam-juntos-pai-hit-do-cantor-relacao-maravilhosa-hoje-em-dia\/\" \/>\n<meta property=\"og:locale\" content=\"pt_BR\" \/>\n<meta property=\"og:type\" content=\"article\" \/>\n<meta property=\"og:title\" content=\"F\u00e1bio Jr. e Cleo Pires cantam juntos &#039;Pai&#039;, hit do cantor: &#039;Rela\u00e7\u00e3o maravilhosa hoje em dia&#039; - Transam\u00e9rica Mococa 93,3\" \/>\n<meta property=\"og:description\" content=\"Por Reda\u00e7\u00e3o E+ O cantor F\u00e1bio Jr. se uniu \u00e0 filha, Cleo, para cantar\u00a0Pai, hit do cantor lan\u00e7ado em 1979. A faixa, lan\u00e7ada nesta sexta, 9 junto a um clipe, \u00e9 uma homenagem ao Dia dos Pais. Cleo \u00e9 a primog\u00eanita de F\u00e1bio, fruto do relacionamento com Gloria Pires. Ap\u00f3s altos e baixos familiares expostos &hellip;\" \/>\n<meta property=\"og:url\" content=\"https:\/\/transamerica93.com.br\/home\/fabio-jr-e-cleo-pires-cantam-juntos-pai-hit-do-cantor-relacao-maravilhosa-hoje-em-dia\/\" \/>\n<meta property=\"og:site_name\" content=\"Transam\u00e9rica Mococa 93,3\" \/>\n<meta property=\"article:publisher\" content=\"https:\/\/www.facebook.com\/transamericamococa\" \/>\n<meta property=\"article:published_time\" content=\"2024-08-12T18:00:29+00:00\" \/>\n<meta property=\"og:image\" content=\"https:\/\/transamerica93.com.br\/home\/wp-content\/uploads\/2024\/08\/dddd.jpeg\" \/>\n\t<meta property=\"og:image:width\" content=\"1100\" \/>\n\t<meta property=\"og:image:height\" content=\"621\" \/>\n\t<meta property=\"og:image:type\" content=\"image\/jpeg\" \/>\n<meta name=\"author\" content=\"Reda\u00e7\u00e3o\" \/>\n<meta name=\"twitter:card\" content=\"summary_large_image\" \/>\n<meta name=\"twitter:creator\" content=\"@transamerica933\" \/>\n<meta name=\"twitter:site\" content=\"@transamerica933\" \/>\n<meta name=\"twitter:label1\" content=\"Escrito por\" \/>\n\t<meta name=\"twitter:data1\" content=\"Reda\u00e7\u00e3o\" \/>\n\t<meta name=\"twitter:label2\" content=\"Est. tempo de leitura\" \/>\n\t<meta name=\"twitter:data2\" content=\"3 minutos\" \/>\n<script type=\"application\/ld+json\" class=\"yoast-schema-graph\">{\"@context\":\"https:\\\/\\\/schema.org\",\"@graph\":[{\"@type\":\"Article\",\"@id\":\"https:\\\/\\\/transamerica93.com.br\\\/home\\\/fabio-jr-e-cleo-pires-cantam-juntos-pai-hit-do-cantor-relacao-maravilhosa-hoje-em-dia\\\/#article\",\"isPartOf\":{\"@id\":\"https:\\\/\\\/transamerica93.com.br\\\/home\\\/fabio-jr-e-cleo-pires-cantam-juntos-pai-hit-do-cantor-relacao-maravilhosa-hoje-em-dia\\\/\"},\"author\":{\"name\":\"Reda\u00e7\u00e3o\",\"@id\":\"https:\\\/\\\/transamerica93.com.br\\\/home\\\/#\\\/schema\\\/person\\\/7fed7c99c0d4562efa8561bc0f543172\"},\"headline\":\"F\u00e1bio Jr. e Cleo Pires cantam juntos &#8216;Pai&#8217;, hit do cantor: &#8216;Rela\u00e7\u00e3o maravilhosa hoje em dia&#8217;\",\"datePublished\":\"2024-08-12T18:00:29+00:00\",\"mainEntityOfPage\":{\"@id\":\"https:\\\/\\\/transamerica93.com.br\\\/home\\\/fabio-jr-e-cleo-pires-cantam-juntos-pai-hit-do-cantor-relacao-maravilhosa-hoje-em-dia\\\/\"},\"wordCount\":372,\"publisher\":{\"@id\":\"https:\\\/\\\/transamerica93.com.br\\\/home\\\/#organization\"},\"image\":{\"@id\":\"https:\\\/\\\/transamerica93.com.br\\\/home\\\/fabio-jr-e-cleo-pires-cantam-juntos-pai-hit-do-cantor-relacao-maravilhosa-hoje-em-dia\\\/#primaryimage\"},\"thumbnailUrl\":\"https:\\\/\\\/transamerica93.com.br\\\/home\\\/wp-content\\\/uploads\\\/2024\\\/08\\\/dddd.jpeg\",\"articleSection\":[\"M\u00fasica\"],\"inLanguage\":\"pt-BR\"},{\"@type\":\"WebPage\",\"@id\":\"https:\\\/\\\/transamerica93.com.br\\\/home\\\/fabio-jr-e-cleo-pires-cantam-juntos-pai-hit-do-cantor-relacao-maravilhosa-hoje-em-dia\\\/\",\"url\":\"https:\\\/\\\/transamerica93.com.br\\\/home\\\/fabio-jr-e-cleo-pires-cantam-juntos-pai-hit-do-cantor-relacao-maravilhosa-hoje-em-dia\\\/\",\"name\":\"F\u00e1bio Jr. e Cleo Pires cantam juntos 'Pai', hit do cantor: 'Rela\u00e7\u00e3o maravilhosa hoje em dia' - Transam\u00e9rica Mococa 93,3\",\"isPartOf\":{\"@id\":\"https:\\\/\\\/transamerica93.com.br\\\/home\\\/#website\"},\"primaryImageOfPage\":{\"@id\":\"https:\\\/\\\/transamerica93.com.br\\\/home\\\/fabio-jr-e-cleo-pires-cantam-juntos-pai-hit-do-cantor-relacao-maravilhosa-hoje-em-dia\\\/#primaryimage\"},\"image\":{\"@id\":\"https:\\\/\\\/transamerica93.com.br\\\/home\\\/fabio-jr-e-cleo-pires-cantam-juntos-pai-hit-do-cantor-relacao-maravilhosa-hoje-em-dia\\\/#primaryimage\"},\"thumbnailUrl\":\"https:\\\/\\\/transamerica93.com.br\\\/home\\\/wp-content\\\/uploads\\\/2024\\\/08\\\/dddd.jpeg\",\"datePublished\":\"2024-08-12T18:00:29+00:00\",\"breadcrumb\":{\"@id\":\"https:\\\/\\\/transamerica93.com.br\\\/home\\\/fabio-jr-e-cleo-pires-cantam-juntos-pai-hit-do-cantor-relacao-maravilhosa-hoje-em-dia\\\/#breadcrumb\"},\"inLanguage\":\"pt-BR\",\"potentialAction\":[{\"@type\":\"ReadAction\",\"target\":[\"https:\\\/\\\/transamerica93.com.br\\\/home\\\/fabio-jr-e-cleo-pires-cantam-juntos-pai-hit-do-cantor-relacao-maravilhosa-hoje-em-dia\\\/\"]}]},{\"@type\":\"ImageObject\",\"inLanguage\":\"pt-BR\",\"@id\":\"https:\\\/\\\/transamerica93.com.br\\\/home\\\/fabio-jr-e-cleo-pires-cantam-juntos-pai-hit-do-cantor-relacao-maravilhosa-hoje-em-dia\\\/#primaryimage\",\"url\":\"https:\\\/\\\/transamerica93.com.br\\\/home\\\/wp-content\\\/uploads\\\/2024\\\/08\\\/dddd.jpeg\",\"contentUrl\":\"https:\\\/\\\/transamerica93.com.br\\\/home\\\/wp-content\\\/uploads\\\/2024\\\/08\\\/dddd.jpeg\",\"width\":1100,\"height\":621,\"caption\":\"Foto: Reprodu\u00e7\u00e3o\\\/Youtube @fabiojroficial\"},{\"@type\":\"BreadcrumbList\",\"@id\":\"https:\\\/\\\/transamerica93.com.br\\\/home\\\/fabio-jr-e-cleo-pires-cantam-juntos-pai-hit-do-cantor-relacao-maravilhosa-hoje-em-dia\\\/#breadcrumb\",\"itemListElement\":[{\"@type\":\"ListItem\",\"position\":1,\"name\":\"In\u00edcio\",\"item\":\"https:\\\/\\\/transamerica93.com.br\\\/home\\\/\"},{\"@type\":\"ListItem\",\"position\":2,\"name\":\"F\u00e1bio Jr. e Cleo Pires cantam juntos &#8216;Pai&#8217;, hit do cantor: &#8216;Rela\u00e7\u00e3o maravilhosa hoje em dia&#8217;\"}]},{\"@type\":\"WebSite\",\"@id\":\"https:\\\/\\\/transamerica93.com.br\\\/home\\\/#website\",\"url\":\"https:\\\/\\\/transamerica93.com.br\\\/home\\\/\",\"name\":\"Transam\u00e9rica Mococa 93,3\",\"description\":\"\",\"publisher\":{\"@id\":\"https:\\\/\\\/transamerica93.com.br\\\/home\\\/#organization\"},\"potentialAction\":[{\"@type\":\"SearchAction\",\"target\":{\"@type\":\"EntryPoint\",\"urlTemplate\":\"https:\\\/\\\/transamerica93.com.br\\\/home\\\/?s={search_term_string}\"},\"query-input\":{\"@type\":\"PropertyValueSpecification\",\"valueRequired\":true,\"valueName\":\"search_term_string\"}}],\"inLanguage\":\"pt-BR\"},{\"@type\":\"Organization\",\"@id\":\"https:\\\/\\\/transamerica93.com.br\\\/home\\\/#organization\",\"name\":\"Transam\u00e9rica Mococa 93,3\",\"url\":\"https:\\\/\\\/transamerica93.com.br\\\/home\\\/\",\"logo\":{\"@type\":\"ImageObject\",\"inLanguage\":\"pt-BR\",\"@id\":\"https:\\\/\\\/transamerica93.com.br\\\/home\\\/#\\\/schema\\\/logo\\\/image\\\/\",\"url\":\"https:\\\/\\\/transamerica93.com.br\\\/home\\\/wp-content\\\/uploads\\\/2023\\\/10\\\/logo2.png\",\"contentUrl\":\"https:\\\/\\\/transamerica93.com.br\\\/home\\\/wp-content\\\/uploads\\\/2023\\\/10\\\/logo2.png\",\"width\":800,\"height\":500,\"caption\":\"Transam\u00e9rica Mococa 93,3\"},\"image\":{\"@id\":\"https:\\\/\\\/transamerica93.com.br\\\/home\\\/#\\\/schema\\\/logo\\\/image\\\/\"},\"sameAs\":[\"https:\\\/\\\/www.facebook.com\\\/transamericamococa\",\"https:\\\/\\\/x.com\\\/transamerica933\",\"https:\\\/\\\/www.instagram.com\\\/transamericamococa\"]},{\"@type\":\"Person\",\"@id\":\"https:\\\/\\\/transamerica93.com.br\\\/home\\\/#\\\/schema\\\/person\\\/7fed7c99c0d4562efa8561bc0f543172\",\"name\":\"Reda\u00e7\u00e3o\",\"image\":{\"@type\":\"ImageObject\",\"inLanguage\":\"pt-BR\",\"@id\":\"https:\\\/\\\/secure.gravatar.com\\\/avatar\\\/1072c6b775fb02ef8506ce967551d95926669a6b7d2c2147b42eea4d7c68395e?s=96&d=mm&r=g\",\"url\":\"https:\\\/\\\/secure.gravatar.com\\\/avatar\\\/1072c6b775fb02ef8506ce967551d95926669a6b7d2c2147b42eea4d7c68395e?s=96&d=mm&r=g\",\"contentUrl\":\"https:\\\/\\\/secure.gravatar.com\\\/avatar\\\/1072c6b775fb02ef8506ce967551d95926669a6b7d2c2147b42eea4d7c68395e?s=96&d=mm&r=g\",\"caption\":\"Reda\u00e7\u00e3o\"},\"sameAs\":[\"https:\\\/\\\/transamerica93.com.br\\\/home\"],\"url\":\"https:\\\/\\\/transamerica93.com.br\\\/home\\\/author\\\/william\\\/\"}]}<\/script>\n<!-- \/ Yoast SEO plugin. -->","yoast_head_json":{"title":"F\u00e1bio Jr. e Cleo Pires cantam juntos 'Pai', hit do cantor: 'Rela\u00e7\u00e3o maravilhosa hoje em dia' - Transam\u00e9rica Mococa 93,3","robots":{"index":"index","follow":"follow","max-snippet":"max-snippet:-1","max-image-preview":"max-image-preview:large","max-video-preview":"max-video-preview:-1"},"canonical":"https:\/\/transamerica93.com.br\/home\/fabio-jr-e-cleo-pires-cantam-juntos-pai-hit-do-cantor-relacao-maravilhosa-hoje-em-dia\/","og_locale":"pt_BR","og_type":"article","og_title":"F\u00e1bio Jr. e Cleo Pires cantam juntos 'Pai', hit do cantor: 'Rela\u00e7\u00e3o maravilhosa hoje em dia' - Transam\u00e9rica Mococa 93,3","og_description":"Por Reda\u00e7\u00e3o E+ O cantor F\u00e1bio Jr. se uniu \u00e0 filha, Cleo, para cantar\u00a0Pai, hit do cantor lan\u00e7ado em 1979. A faixa, lan\u00e7ada nesta sexta, 9 junto a um clipe, \u00e9 uma homenagem ao Dia dos Pais. Cleo \u00e9 a primog\u00eanita de F\u00e1bio, fruto do relacionamento com Gloria Pires. Ap\u00f3s altos e baixos familiares expostos &hellip;","og_url":"https:\/\/transamerica93.com.br\/home\/fabio-jr-e-cleo-pires-cantam-juntos-pai-hit-do-cantor-relacao-maravilhosa-hoje-em-dia\/","og_site_name":"Transam\u00e9rica Mococa 93,3","article_publisher":"https:\/\/www.facebook.com\/transamericamococa","article_published_time":"2024-08-12T18:00:29+00:00","og_image":[{"width":1100,"height":621,"url":"https:\/\/transamerica93.com.br\/home\/wp-content\/uploads\/2024\/08\/dddd.jpeg","type":"image\/jpeg"}],"author":"Reda\u00e7\u00e3o","twitter_card":"summary_large_image","twitter_creator":"@transamerica933","twitter_site":"@transamerica933","twitter_misc":{"Escrito por":"Reda\u00e7\u00e3o","Est. tempo de leitura":"3 minutos"},"schema":{"@context":"https:\/\/schema.org","@graph":[{"@type":"Article","@id":"https:\/\/transamerica93.com.br\/home\/fabio-jr-e-cleo-pires-cantam-juntos-pai-hit-do-cantor-relacao-maravilhosa-hoje-em-dia\/#article","isPartOf":{"@id":"https:\/\/transamerica93.com.br\/home\/fabio-jr-e-cleo-pires-cantam-juntos-pai-hit-do-cantor-relacao-maravilhosa-hoje-em-dia\/"},"author":{"name":"Reda\u00e7\u00e3o","@id":"https:\/\/transamerica93.com.br\/home\/#\/schema\/person\/7fed7c99c0d4562efa8561bc0f543172"},"headline":"F\u00e1bio Jr. e Cleo Pires cantam juntos &#8216;Pai&#8217;, hit do cantor: &#8216;Rela\u00e7\u00e3o maravilhosa hoje em dia&#8217;","datePublished":"2024-08-12T18:00:29+00:00","mainEntityOfPage":{"@id":"https:\/\/transamerica93.com.br\/home\/fabio-jr-e-cleo-pires-cantam-juntos-pai-hit-do-cantor-relacao-maravilhosa-hoje-em-dia\/"},"wordCount":372,"publisher":{"@id":"https:\/\/transamerica93.com.br\/home\/#organization"},"image":{"@id":"https:\/\/transamerica93.com.br\/home\/fabio-jr-e-cleo-pires-cantam-juntos-pai-hit-do-cantor-relacao-maravilhosa-hoje-em-dia\/#primaryimage"},"thumbnailUrl":"https:\/\/transamerica93.com.br\/home\/wp-content\/uploads\/2024\/08\/dddd.jpeg","articleSection":["M\u00fasica"],"inLanguage":"pt-BR"},{"@type":"WebPage","@id":"https:\/\/transamerica93.com.br\/home\/fabio-jr-e-cleo-pires-cantam-juntos-pai-hit-do-cantor-relacao-maravilhosa-hoje-em-dia\/","url":"https:\/\/transamerica93.com.br\/home\/fabio-jr-e-cleo-pires-cantam-juntos-pai-hit-do-cantor-relacao-maravilhosa-hoje-em-dia\/","name":"F\u00e1bio Jr. e Cleo Pires cantam juntos 'Pai', hit do cantor: 'Rela\u00e7\u00e3o maravilhosa hoje em dia' - Transam\u00e9rica Mococa 93,3","isPartOf":{"@id":"https:\/\/transamerica93.com.br\/home\/#website"},"primaryImageOfPage":{"@id":"https:\/\/transamerica93.com.br\/home\/fabio-jr-e-cleo-pires-cantam-juntos-pai-hit-do-cantor-relacao-maravilhosa-hoje-em-dia\/#primaryimage"},"image":{"@id":"https:\/\/transamerica93.com.br\/home\/fabio-jr-e-cleo-pires-cantam-juntos-pai-hit-do-cantor-relacao-maravilhosa-hoje-em-dia\/#primaryimage"},"thumbnailUrl":"https:\/\/transamerica93.com.br\/home\/wp-content\/uploads\/2024\/08\/dddd.jpeg","datePublished":"2024-08-12T18:00:29+00:00","breadcrumb":{"@id":"https:\/\/transamerica93.com.br\/home\/fabio-jr-e-cleo-pires-cantam-juntos-pai-hit-do-cantor-relacao-maravilhosa-hoje-em-dia\/#breadcrumb"},"inLanguage":"pt-BR","potentialAction":[{"@type":"ReadAction","target":["https:\/\/transamerica93.com.br\/home\/fabio-jr-e-cleo-pires-cantam-juntos-pai-hit-do-cantor-relacao-maravilhosa-hoje-em-dia\/"]}]},{"@type":"ImageObject","inLanguage":"pt-BR","@id":"https:\/\/transamerica93.com.br\/home\/fabio-jr-e-cleo-pires-cantam-juntos-pai-hit-do-cantor-relacao-maravilhosa-hoje-em-dia\/#primaryimage","url":"https:\/\/transamerica93.com.br\/home\/wp-content\/uploads\/2024\/08\/dddd.jpeg","contentUrl":"https:\/\/transamerica93.com.br\/home\/wp-content\/uploads\/2024\/08\/dddd.jpeg","width":1100,"height":621,"caption":"Foto: Reprodu\u00e7\u00e3o\/Youtube @fabiojroficial"},{"@type":"BreadcrumbList","@id":"https:\/\/transamerica93.com.br\/home\/fabio-jr-e-cleo-pires-cantam-juntos-pai-hit-do-cantor-relacao-maravilhosa-hoje-em-dia\/#breadcrumb","itemListElement":[{"@type":"ListItem","position":1,"name":"In\u00edcio","item":"https:\/\/transamerica93.com.br\/home\/"},{"@type":"ListItem","position":2,"name":"F\u00e1bio Jr. e Cleo Pires cantam juntos &#8216;Pai&#8217;, hit do cantor: &#8216;Rela\u00e7\u00e3o maravilhosa hoje em dia&#8217;"}]},{"@type":"WebSite","@id":"https:\/\/transamerica93.com.br\/home\/#website","url":"https:\/\/transamerica93.com.br\/home\/","name":"Transam\u00e9rica Mococa 93,3","description":"","publisher":{"@id":"https:\/\/transamerica93.com.br\/home\/#organization"},"potentialAction":[{"@type":"SearchAction","target":{"@type":"EntryPoint","urlTemplate":"https:\/\/transamerica93.com.br\/home\/?s={search_term_string}"},"query-input":{"@type":"PropertyValueSpecification","valueRequired":true,"valueName":"search_term_string"}}],"inLanguage":"pt-BR"},{"@type":"Organization","@id":"https:\/\/transamerica93.com.br\/home\/#organization","name":"Transam\u00e9rica Mococa 93,3","url":"https:\/\/transamerica93.com.br\/home\/","logo":{"@type":"ImageObject","inLanguage":"pt-BR","@id":"https:\/\/transamerica93.com.br\/home\/#\/schema\/logo\/image\/","url":"https:\/\/transamerica93.com.br\/home\/wp-content\/uploads\/2023\/10\/logo2.png","contentUrl":"https:\/\/transamerica93.com.br\/home\/wp-content\/uploads\/2023\/10\/logo2.png","width":800,"height":500,"caption":"Transam\u00e9rica Mococa 93,3"},"image":{"@id":"https:\/\/transamerica93.com.br\/home\/#\/schema\/logo\/image\/"},"sameAs":["https:\/\/www.facebook.com\/transamericamococa","https:\/\/x.com\/transamerica933","https:\/\/www.instagram.com\/transamericamococa"]},{"@type":"Person","@id":"https:\/\/transamerica93.com.br\/home\/#\/schema\/person\/7fed7c99c0d4562efa8561bc0f543172","name":"Reda\u00e7\u00e3o","image":{"@type":"ImageObject","inLanguage":"pt-BR","@id":"https:\/\/secure.gravatar.com\/avatar\/1072c6b775fb02ef8506ce967551d95926669a6b7d2c2147b42eea4d7c68395e?s=96&d=mm&r=g","url":"https:\/\/secure.gravatar.com\/avatar\/1072c6b775fb02ef8506ce967551d95926669a6b7d2c2147b42eea4d7c68395e?s=96&d=mm&r=g","contentUrl":"https:\/\/secure.gravatar.com\/avatar\/1072c6b775fb02ef8506ce967551d95926669a6b7d2c2147b42eea4d7c68395e?s=96&d=mm&r=g","caption":"Reda\u00e7\u00e3o"},"sameAs":["https:\/\/transamerica93.com.br\/home"],"url":"https:\/\/transamerica93.com.br\/home\/author\/william\/"}]}},"_links":{"self":[{"href":"https:\/\/transamerica93.com.br\/home\/wp-json\/wp\/v2\/posts\/3533","targetHints":{"allow":["GET"]}}],"collection":[{"href":"https:\/\/transamerica93.com.br\/home\/wp-json\/wp\/v2\/posts"}],"about":[{"href":"https:\/\/transamerica93.com.br\/home\/wp-json\/wp\/v2\/types\/post"}],"author":[{"embeddable":true,"href":"https:\/\/transamerica93.com.br\/home\/wp-json\/wp\/v2\/users\/1"}],"replies":[{"embeddable":true,"href":"https:\/\/transamerica93.com.br\/home\/wp-json\/wp\/v2\/comments?post=3533"}],"version-history":[{"count":1,"href":"https:\/\/transamerica93.com.br\/home\/wp-json\/wp\/v2\/posts\/3533\/revisions"}],"predecessor-version":[{"id":3535,"href":"https:\/\/transamerica93.com.br\/home\/wp-json\/wp\/v2\/posts\/3533\/revisions\/3535"}],"wp:featuredmedia":[{"embeddable":true,"href":"https:\/\/transamerica93.com.br\/home\/wp-json\/wp\/v2\/media\/3534"}],"wp:attachment":[{"href":"https:\/\/transamerica93.com.br\/home\/wp-json\/wp\/v2\/media?parent=3533"}],"wp:term":[{"taxonomy":"category","embeddable":true,"href":"https:\/\/transamerica93.com.br\/home\/wp-json\/wp\/v2\/categories?post=3533"},{"taxonomy":"post_tag","embeddable":true,"href":"https:\/\/transamerica93.com.br\/home\/wp-json\/wp\/v2\/tags?post=3533"}],"curies":[{"name":"wp","href":"https:\/\/api.w.org\/{rel}","templated":true}]}}