{"id":3536,"date":"2024-08-13T15:00:18","date_gmt":"2024-08-13T18:00:18","guid":{"rendered":"https:\/\/transamerica93.com.br\/home\/?p=3536"},"modified":"2024-08-10T18:31:55","modified_gmt":"2024-08-10T21:31:55","slug":"lulu-santos-fala-sobre-sua-saude-apos-internacao-mais-um-sustinho-para-a-conta","status":"publish","type":"post","link":"https:\/\/transamerica93.com.br\/home\/lulu-santos-fala-sobre-sua-saude-apos-internacao-mais-um-sustinho-para-a-conta\/","title":{"rendered":"Lulu Santos fala sobre sua sa\u00fade ap\u00f3s interna\u00e7\u00e3o: &#8216;Mais um sustinho para a conta&#8217;"},"content":{"rendered":"<div id=\"Corpo\">\n<h6 class=\"Assina\">Por Reda\u00e7\u00e3o E+<\/h6>\n<p>Lulu Santos, de 71 anos, recebeu alta de sua interna\u00e7\u00e3o hospitalar ap\u00f3s apresentar sintomas de um quadro de dengue. Ele deixou o hospital S\u00e3o Vicente, no Rio de Janeiro, na quarta-feira, 6, depois de quatro dias internados. Sob ordens m\u00e9dicas de repouso, o cantor cancelou os shows desta sexta-feira, 9, em Campina Grande, e de s\u00e1bado, 10, em Jo\u00e3o Pessoa, na Para\u00edba. Ele se apresentaria com a turn\u00ea\u00a0<i>Bar\u00edtono<\/i>.<\/p>\n<p>Em conversa com o jornal\u00a0<i>O Globo<\/i>, Lulu afirmou estar seguindo as orienta\u00e7\u00f5es m\u00e9dicas e brincou dizendo que foi &#8220;mais um sustinho para a conta&#8221;.<\/p>\n<p>Um comunicado publicado nas redes sociais do artista diz que Lulu &#8220;passa bem e est\u00e1 em sua casa, em repouso, aguardando os resultados dos exames complementares&#8221;.<\/p>\n<p>Com rela\u00e7\u00e3o \u00e0s apresenta\u00e7\u00f5es canceladas, a nota diz que &#8220;ser\u00e3o reagendadas&#8221;. &#8220;Contamos com a compreens\u00e3o de voc\u00eas e agradecemos o carinho dos f\u00e3s&#8221;.<\/p>\n<p>Ainda de acordo com o comunicado, Lulu manter\u00e1 o show do dia 17, em Salvador, na Bahia. A turn\u00ea\u00a0<i>Bar\u00edtono<\/i>\u00a0se estender\u00e1 at\u00e9 o fim de novembro.<\/p>\n<p><b>O que ocorreu<\/b><\/p>\n<p>O artista foi internado no Rio de Janeiro, no dia 2. Por conta disso, Lulu cancelou a apresenta\u00e7\u00e3o que faria no Festival de Inverno de Chapada, na Chapada dos Guimar\u00e3es (MT), no dia seguinte.<\/p><\/div>\n","protected":false},"excerpt":{"rendered":"<p>Por Reda\u00e7\u00e3o E+ Lulu Santos, de 71 anos, recebeu alta de sua interna\u00e7\u00e3o hospitalar ap\u00f3s apresentar sintomas de um quadro de dengue. Ele deixou o hospital S\u00e3o Vicente, no Rio de Janeiro, na quarta-feira, 6, depois de quatro dias internados. Sob ordens m\u00e9dicas de repouso, o cantor cancelou os shows desta sexta-feira, 9, em Campina &hellip;<\/p>\n","protected":false},"author":1,"featured_media":3477,"comment_status":"closed","ping_status":"closed","sticky":false,"template":"","format":"standard","meta":{"footnotes":""},"categories":[25],"tags":[],"class_list":["post-3536","post","type-post","status-publish","format-standard","has-post-thumbnail","hentry","category-musica"],"yoast_head":"<!-- This site is optimized with the Yoast SEO plugin v27.4 - https:\/\/yoast.com\/product\/yoast-seo-wordpress\/ -->\n<title>Lulu Santos fala sobre sua sa\u00fade ap\u00f3s interna\u00e7\u00e3o: &#039;Mais um sustinho para a conta&#039; - Transam\u00e9rica Mococa 93,3<\/title>\n<meta name=\"robots\" content=\"index, follow, max-snippet:-1, max-image-preview:large, max-video-preview:-1\" \/>\n<link rel=\"canonical\" href=\"https:\/\/transamerica93.com.br\/home\/lulu-santos-fala-sobre-sua-saude-apos-internacao-mais-um-sustinho-para-a-conta\/\" \/>\n<meta property=\"og:locale\" content=\"pt_BR\" \/>\n<meta property=\"og:type\" content=\"article\" \/>\n<meta property=\"og:title\" content=\"Lulu Santos fala sobre sua sa\u00fade ap\u00f3s interna\u00e7\u00e3o: &#039;Mais um sustinho para a conta&#039; - Transam\u00e9rica Mococa 93,3\" \/>\n<meta property=\"og:description\" content=\"Por Reda\u00e7\u00e3o E+ Lulu Santos, de 71 anos, recebeu alta de sua interna\u00e7\u00e3o hospitalar ap\u00f3s apresentar sintomas de um quadro de dengue. Ele deixou o hospital S\u00e3o Vicente, no Rio de Janeiro, na quarta-feira, 6, depois de quatro dias internados. Sob ordens m\u00e9dicas de repouso, o cantor cancelou os shows desta sexta-feira, 9, em Campina &hellip;\" \/>\n<meta property=\"og:url\" content=\"https:\/\/transamerica93.com.br\/home\/lulu-santos-fala-sobre-sua-saude-apos-internacao-mais-um-sustinho-para-a-conta\/\" \/>\n<meta property=\"og:site_name\" content=\"Transam\u00e9rica Mococa 93,3\" \/>\n<meta property=\"article:publisher\" content=\"https:\/\/www.facebook.com\/transamericamococa\" \/>\n<meta property=\"article:published_time\" content=\"2024-08-13T18:00:18+00:00\" \/>\n<meta property=\"og:image\" content=\"https:\/\/transamerica93.com.br\/home\/wp-content\/uploads\/2024\/08\/2-3.jpg\" \/>\n\t<meta property=\"og:image:width\" content=\"960\" \/>\n\t<meta property=\"og:image:height\" content=\"640\" \/>\n\t<meta property=\"og:image:type\" content=\"image\/jpeg\" \/>\n<meta name=\"author\" content=\"Reda\u00e7\u00e3o\" \/>\n<meta name=\"twitter:card\" content=\"summary_large_image\" \/>\n<meta name=\"twitter:creator\" content=\"@transamerica933\" \/>\n<meta name=\"twitter:site\" content=\"@transamerica933\" \/>\n<meta name=\"twitter:label1\" content=\"Escrito por\" \/>\n\t<meta name=\"twitter:data1\" content=\"Reda\u00e7\u00e3o\" \/>\n\t<meta name=\"twitter:label2\" content=\"Est. tempo de leitura\" \/>\n\t<meta name=\"twitter:data2\" content=\"2 minutos\" \/>\n<script type=\"application\/ld+json\" class=\"yoast-schema-graph\">{\"@context\":\"https:\\\/\\\/schema.org\",\"@graph\":[{\"@type\":\"Article\",\"@id\":\"https:\\\/\\\/transamerica93.com.br\\\/home\\\/lulu-santos-fala-sobre-sua-saude-apos-internacao-mais-um-sustinho-para-a-conta\\\/#article\",\"isPartOf\":{\"@id\":\"https:\\\/\\\/transamerica93.com.br\\\/home\\\/lulu-santos-fala-sobre-sua-saude-apos-internacao-mais-um-sustinho-para-a-conta\\\/\"},\"author\":{\"name\":\"Reda\u00e7\u00e3o\",\"@id\":\"https:\\\/\\\/transamerica93.com.br\\\/home\\\/#\\\/schema\\\/person\\\/7fed7c99c0d4562efa8561bc0f543172\"},\"headline\":\"Lulu Santos fala sobre sua sa\u00fade ap\u00f3s interna\u00e7\u00e3o: &#8216;Mais um sustinho para a conta&#8217;\",\"datePublished\":\"2024-08-13T18:00:18+00:00\",\"mainEntityOfPage\":{\"@id\":\"https:\\\/\\\/transamerica93.com.br\\\/home\\\/lulu-santos-fala-sobre-sua-saude-apos-internacao-mais-um-sustinho-para-a-conta\\\/\"},\"wordCount\":241,\"publisher\":{\"@id\":\"https:\\\/\\\/transamerica93.com.br\\\/home\\\/#organization\"},\"image\":{\"@id\":\"https:\\\/\\\/transamerica93.com.br\\\/home\\\/lulu-santos-fala-sobre-sua-saude-apos-internacao-mais-um-sustinho-para-a-conta\\\/#primaryimage\"},\"thumbnailUrl\":\"https:\\\/\\\/transamerica93.com.br\\\/home\\\/wp-content\\\/uploads\\\/2024\\\/08\\\/2-3.jpg\",\"articleSection\":[\"M\u00fasica\"],\"inLanguage\":\"pt-BR\"},{\"@type\":\"WebPage\",\"@id\":\"https:\\\/\\\/transamerica93.com.br\\\/home\\\/lulu-santos-fala-sobre-sua-saude-apos-internacao-mais-um-sustinho-para-a-conta\\\/\",\"url\":\"https:\\\/\\\/transamerica93.com.br\\\/home\\\/lulu-santos-fala-sobre-sua-saude-apos-internacao-mais-um-sustinho-para-a-conta\\\/\",\"name\":\"Lulu Santos fala sobre sua sa\u00fade ap\u00f3s interna\u00e7\u00e3o: 'Mais um sustinho para a conta' - Transam\u00e9rica Mococa 93,3\",\"isPartOf\":{\"@id\":\"https:\\\/\\\/transamerica93.com.br\\\/home\\\/#website\"},\"primaryImageOfPage\":{\"@id\":\"https:\\\/\\\/transamerica93.com.br\\\/home\\\/lulu-santos-fala-sobre-sua-saude-apos-internacao-mais-um-sustinho-para-a-conta\\\/#primaryimage\"},\"image\":{\"@id\":\"https:\\\/\\\/transamerica93.com.br\\\/home\\\/lulu-santos-fala-sobre-sua-saude-apos-internacao-mais-um-sustinho-para-a-conta\\\/#primaryimage\"},\"thumbnailUrl\":\"https:\\\/\\\/transamerica93.com.br\\\/home\\\/wp-content\\\/uploads\\\/2024\\\/08\\\/2-3.jpg\",\"datePublished\":\"2024-08-13T18:00:18+00:00\",\"breadcrumb\":{\"@id\":\"https:\\\/\\\/transamerica93.com.br\\\/home\\\/lulu-santos-fala-sobre-sua-saude-apos-internacao-mais-um-sustinho-para-a-conta\\\/#breadcrumb\"},\"inLanguage\":\"pt-BR\",\"potentialAction\":[{\"@type\":\"ReadAction\",\"target\":[\"https:\\\/\\\/transamerica93.com.br\\\/home\\\/lulu-santos-fala-sobre-sua-saude-apos-internacao-mais-um-sustinho-para-a-conta\\\/\"]}]},{\"@type\":\"ImageObject\",\"inLanguage\":\"pt-BR\",\"@id\":\"https:\\\/\\\/transamerica93.com.br\\\/home\\\/lulu-santos-fala-sobre-sua-saude-apos-internacao-mais-um-sustinho-para-a-conta\\\/#primaryimage\",\"url\":\"https:\\\/\\\/transamerica93.com.br\\\/home\\\/wp-content\\\/uploads\\\/2024\\\/08\\\/2-3.jpg\",\"contentUrl\":\"https:\\\/\\\/transamerica93.com.br\\\/home\\\/wp-content\\\/uploads\\\/2024\\\/08\\\/2-3.jpg\",\"width\":960,\"height\":640,\"caption\":\"Foto: Divulga\u00e7\u00e3o\"},{\"@type\":\"BreadcrumbList\",\"@id\":\"https:\\\/\\\/transamerica93.com.br\\\/home\\\/lulu-santos-fala-sobre-sua-saude-apos-internacao-mais-um-sustinho-para-a-conta\\\/#breadcrumb\",\"itemListElement\":[{\"@type\":\"ListItem\",\"position\":1,\"name\":\"In\u00edcio\",\"item\":\"https:\\\/\\\/transamerica93.com.br\\\/home\\\/\"},{\"@type\":\"ListItem\",\"position\":2,\"name\":\"Lulu Santos fala sobre sua sa\u00fade ap\u00f3s interna\u00e7\u00e3o: &#8216;Mais um sustinho para a conta&#8217;\"}]},{\"@type\":\"WebSite\",\"@id\":\"https:\\\/\\\/transamerica93.com.br\\\/home\\\/#website\",\"url\":\"https:\\\/\\\/transamerica93.com.br\\\/home\\\/\",\"name\":\"Transam\u00e9rica Mococa 93,3\",\"description\":\"\",\"publisher\":{\"@id\":\"https:\\\/\\\/transamerica93.com.br\\\/home\\\/#organization\"},\"potentialAction\":[{\"@type\":\"SearchAction\",\"target\":{\"@type\":\"EntryPoint\",\"urlTemplate\":\"https:\\\/\\\/transamerica93.com.br\\\/home\\\/?s={search_term_string}\"},\"query-input\":{\"@type\":\"PropertyValueSpecification\",\"valueRequired\":true,\"valueName\":\"search_term_string\"}}],\"inLanguage\":\"pt-BR\"},{\"@type\":\"Organization\",\"@id\":\"https:\\\/\\\/transamerica93.com.br\\\/home\\\/#organization\",\"name\":\"Transam\u00e9rica Mococa 93,3\",\"url\":\"https:\\\/\\\/transamerica93.com.br\\\/home\\\/\",\"logo\":{\"@type\":\"ImageObject\",\"inLanguage\":\"pt-BR\",\"@id\":\"https:\\\/\\\/transamerica93.com.br\\\/home\\\/#\\\/schema\\\/logo\\\/image\\\/\",\"url\":\"https:\\\/\\\/transamerica93.com.br\\\/home\\\/wp-content\\\/uploads\\\/2023\\\/10\\\/logo2.png\",\"contentUrl\":\"https:\\\/\\\/transamerica93.com.br\\\/home\\\/wp-content\\\/uploads\\\/2023\\\/10\\\/logo2.png\",\"width\":800,\"height\":500,\"caption\":\"Transam\u00e9rica Mococa 93,3\"},\"image\":{\"@id\":\"https:\\\/\\\/transamerica93.com.br\\\/home\\\/#\\\/schema\\\/logo\\\/image\\\/\"},\"sameAs\":[\"https:\\\/\\\/www.facebook.com\\\/transamericamococa\",\"https:\\\/\\\/x.com\\\/transamerica933\",\"https:\\\/\\\/www.instagram.com\\\/transamericamococa\"]},{\"@type\":\"Person\",\"@id\":\"https:\\\/\\\/transamerica93.com.br\\\/home\\\/#\\\/schema\\\/person\\\/7fed7c99c0d4562efa8561bc0f543172\",\"name\":\"Reda\u00e7\u00e3o\",\"image\":{\"@type\":\"ImageObject\",\"inLanguage\":\"pt-BR\",\"@id\":\"https:\\\/\\\/secure.gravatar.com\\\/avatar\\\/1072c6b775fb02ef8506ce967551d95926669a6b7d2c2147b42eea4d7c68395e?s=96&d=mm&r=g\",\"url\":\"https:\\\/\\\/secure.gravatar.com\\\/avatar\\\/1072c6b775fb02ef8506ce967551d95926669a6b7d2c2147b42eea4d7c68395e?s=96&d=mm&r=g\",\"contentUrl\":\"https:\\\/\\\/secure.gravatar.com\\\/avatar\\\/1072c6b775fb02ef8506ce967551d95926669a6b7d2c2147b42eea4d7c68395e?s=96&d=mm&r=g\",\"caption\":\"Reda\u00e7\u00e3o\"},\"sameAs\":[\"https:\\\/\\\/transamerica93.com.br\\\/home\"],\"url\":\"https:\\\/\\\/transamerica93.com.br\\\/home\\\/author\\\/william\\\/\"}]}<\/script>\n<!-- \/ Yoast SEO plugin. -->","yoast_head_json":{"title":"Lulu Santos fala sobre sua sa\u00fade ap\u00f3s interna\u00e7\u00e3o: 'Mais um sustinho para a conta' - Transam\u00e9rica Mococa 93,3","robots":{"index":"index","follow":"follow","max-snippet":"max-snippet:-1","max-image-preview":"max-image-preview:large","max-video-preview":"max-video-preview:-1"},"canonical":"https:\/\/transamerica93.com.br\/home\/lulu-santos-fala-sobre-sua-saude-apos-internacao-mais-um-sustinho-para-a-conta\/","og_locale":"pt_BR","og_type":"article","og_title":"Lulu Santos fala sobre sua sa\u00fade ap\u00f3s interna\u00e7\u00e3o: 'Mais um sustinho para a conta' - Transam\u00e9rica Mococa 93,3","og_description":"Por Reda\u00e7\u00e3o E+ Lulu Santos, de 71 anos, recebeu alta de sua interna\u00e7\u00e3o hospitalar ap\u00f3s apresentar sintomas de um quadro de dengue. Ele deixou o hospital S\u00e3o Vicente, no Rio de Janeiro, na quarta-feira, 6, depois de quatro dias internados. Sob ordens m\u00e9dicas de repouso, o cantor cancelou os shows desta sexta-feira, 9, em Campina &hellip;","og_url":"https:\/\/transamerica93.com.br\/home\/lulu-santos-fala-sobre-sua-saude-apos-internacao-mais-um-sustinho-para-a-conta\/","og_site_name":"Transam\u00e9rica Mococa 93,3","article_publisher":"https:\/\/www.facebook.com\/transamericamococa","article_published_time":"2024-08-13T18:00:18+00:00","og_image":[{"width":960,"height":640,"url":"https:\/\/transamerica93.com.br\/home\/wp-content\/uploads\/2024\/08\/2-3.jpg","type":"image\/jpeg"}],"author":"Reda\u00e7\u00e3o","twitter_card":"summary_large_image","twitter_creator":"@transamerica933","twitter_site":"@transamerica933","twitter_misc":{"Escrito por":"Reda\u00e7\u00e3o","Est. tempo de leitura":"2 minutos"},"schema":{"@context":"https:\/\/schema.org","@graph":[{"@type":"Article","@id":"https:\/\/transamerica93.com.br\/home\/lulu-santos-fala-sobre-sua-saude-apos-internacao-mais-um-sustinho-para-a-conta\/#article","isPartOf":{"@id":"https:\/\/transamerica93.com.br\/home\/lulu-santos-fala-sobre-sua-saude-apos-internacao-mais-um-sustinho-para-a-conta\/"},"author":{"name":"Reda\u00e7\u00e3o","@id":"https:\/\/transamerica93.com.br\/home\/#\/schema\/person\/7fed7c99c0d4562efa8561bc0f543172"},"headline":"Lulu Santos fala sobre sua sa\u00fade ap\u00f3s interna\u00e7\u00e3o: &#8216;Mais um sustinho para a conta&#8217;","datePublished":"2024-08-13T18:00:18+00:00","mainEntityOfPage":{"@id":"https:\/\/transamerica93.com.br\/home\/lulu-santos-fala-sobre-sua-saude-apos-internacao-mais-um-sustinho-para-a-conta\/"},"wordCount":241,"publisher":{"@id":"https:\/\/transamerica93.com.br\/home\/#organization"},"image":{"@id":"https:\/\/transamerica93.com.br\/home\/lulu-santos-fala-sobre-sua-saude-apos-internacao-mais-um-sustinho-para-a-conta\/#primaryimage"},"thumbnailUrl":"https:\/\/transamerica93.com.br\/home\/wp-content\/uploads\/2024\/08\/2-3.jpg","articleSection":["M\u00fasica"],"inLanguage":"pt-BR"},{"@type":"WebPage","@id":"https:\/\/transamerica93.com.br\/home\/lulu-santos-fala-sobre-sua-saude-apos-internacao-mais-um-sustinho-para-a-conta\/","url":"https:\/\/transamerica93.com.br\/home\/lulu-santos-fala-sobre-sua-saude-apos-internacao-mais-um-sustinho-para-a-conta\/","name":"Lulu Santos fala sobre sua sa\u00fade ap\u00f3s interna\u00e7\u00e3o: 'Mais um sustinho para a conta' - Transam\u00e9rica Mococa 93,3","isPartOf":{"@id":"https:\/\/transamerica93.com.br\/home\/#website"},"primaryImageOfPage":{"@id":"https:\/\/transamerica93.com.br\/home\/lulu-santos-fala-sobre-sua-saude-apos-internacao-mais-um-sustinho-para-a-conta\/#primaryimage"},"image":{"@id":"https:\/\/transamerica93.com.br\/home\/lulu-santos-fala-sobre-sua-saude-apos-internacao-mais-um-sustinho-para-a-conta\/#primaryimage"},"thumbnailUrl":"https:\/\/transamerica93.com.br\/home\/wp-content\/uploads\/2024\/08\/2-3.jpg","datePublished":"2024-08-13T18:00:18+00:00","breadcrumb":{"@id":"https:\/\/transamerica93.com.br\/home\/lulu-santos-fala-sobre-sua-saude-apos-internacao-mais-um-sustinho-para-a-conta\/#breadcrumb"},"inLanguage":"pt-BR","potentialAction":[{"@type":"ReadAction","target":["https:\/\/transamerica93.com.br\/home\/lulu-santos-fala-sobre-sua-saude-apos-internacao-mais-um-sustinho-para-a-conta\/"]}]},{"@type":"ImageObject","inLanguage":"pt-BR","@id":"https:\/\/transamerica93.com.br\/home\/lulu-santos-fala-sobre-sua-saude-apos-internacao-mais-um-sustinho-para-a-conta\/#primaryimage","url":"https:\/\/transamerica93.com.br\/home\/wp-content\/uploads\/2024\/08\/2-3.jpg","contentUrl":"https:\/\/transamerica93.com.br\/home\/wp-content\/uploads\/2024\/08\/2-3.jpg","width":960,"height":640,"caption":"Foto: Divulga\u00e7\u00e3o"},{"@type":"BreadcrumbList","@id":"https:\/\/transamerica93.com.br\/home\/lulu-santos-fala-sobre-sua-saude-apos-internacao-mais-um-sustinho-para-a-conta\/#breadcrumb","itemListElement":[{"@type":"ListItem","position":1,"name":"In\u00edcio","item":"https:\/\/transamerica93.com.br\/home\/"},{"@type":"ListItem","position":2,"name":"Lulu Santos fala sobre sua sa\u00fade ap\u00f3s interna\u00e7\u00e3o: &#8216;Mais um sustinho para a conta&#8217;"}]},{"@type":"WebSite","@id":"https:\/\/transamerica93.com.br\/home\/#website","url":"https:\/\/transamerica93.com.br\/home\/","name":"Transam\u00e9rica Mococa 93,3","description":"","publisher":{"@id":"https:\/\/transamerica93.com.br\/home\/#organization"},"potentialAction":[{"@type":"SearchAction","target":{"@type":"EntryPoint","urlTemplate":"https:\/\/transamerica93.com.br\/home\/?s={search_term_string}"},"query-input":{"@type":"PropertyValueSpecification","valueRequired":true,"valueName":"search_term_string"}}],"inLanguage":"pt-BR"},{"@type":"Organization","@id":"https:\/\/transamerica93.com.br\/home\/#organization","name":"Transam\u00e9rica Mococa 93,3","url":"https:\/\/transamerica93.com.br\/home\/","logo":{"@type":"ImageObject","inLanguage":"pt-BR","@id":"https:\/\/transamerica93.com.br\/home\/#\/schema\/logo\/image\/","url":"https:\/\/transamerica93.com.br\/home\/wp-content\/uploads\/2023\/10\/logo2.png","contentUrl":"https:\/\/transamerica93.com.br\/home\/wp-content\/uploads\/2023\/10\/logo2.png","width":800,"height":500,"caption":"Transam\u00e9rica Mococa 93,3"},"image":{"@id":"https:\/\/transamerica93.com.br\/home\/#\/schema\/logo\/image\/"},"sameAs":["https:\/\/www.facebook.com\/transamericamococa","https:\/\/x.com\/transamerica933","https:\/\/www.instagram.com\/transamericamococa"]},{"@type":"Person","@id":"https:\/\/transamerica93.com.br\/home\/#\/schema\/person\/7fed7c99c0d4562efa8561bc0f543172","name":"Reda\u00e7\u00e3o","image":{"@type":"ImageObject","inLanguage":"pt-BR","@id":"https:\/\/secure.gravatar.com\/avatar\/1072c6b775fb02ef8506ce967551d95926669a6b7d2c2147b42eea4d7c68395e?s=96&d=mm&r=g","url":"https:\/\/secure.gravatar.com\/avatar\/1072c6b775fb02ef8506ce967551d95926669a6b7d2c2147b42eea4d7c68395e?s=96&d=mm&r=g","contentUrl":"https:\/\/secure.gravatar.com\/avatar\/1072c6b775fb02ef8506ce967551d95926669a6b7d2c2147b42eea4d7c68395e?s=96&d=mm&r=g","caption":"Reda\u00e7\u00e3o"},"sameAs":["https:\/\/transamerica93.com.br\/home"],"url":"https:\/\/transamerica93.com.br\/home\/author\/william\/"}]}},"_links":{"self":[{"href":"https:\/\/transamerica93.com.br\/home\/wp-json\/wp\/v2\/posts\/3536","targetHints":{"allow":["GET"]}}],"collection":[{"href":"https:\/\/transamerica93.com.br\/home\/wp-json\/wp\/v2\/posts"}],"about":[{"href":"https:\/\/transamerica93.com.br\/home\/wp-json\/wp\/v2\/types\/post"}],"author":[{"embeddable":true,"href":"https:\/\/transamerica93.com.br\/home\/wp-json\/wp\/v2\/users\/1"}],"replies":[{"embeddable":true,"href":"https:\/\/transamerica93.com.br\/home\/wp-json\/wp\/v2\/comments?post=3536"}],"version-history":[{"count":1,"href":"https:\/\/transamerica93.com.br\/home\/wp-json\/wp\/v2\/posts\/3536\/revisions"}],"predecessor-version":[{"id":3537,"href":"https:\/\/transamerica93.com.br\/home\/wp-json\/wp\/v2\/posts\/3536\/revisions\/3537"}],"wp:featuredmedia":[{"embeddable":true,"href":"https:\/\/transamerica93.com.br\/home\/wp-json\/wp\/v2\/media\/3477"}],"wp:attachment":[{"href":"https:\/\/transamerica93.com.br\/home\/wp-json\/wp\/v2\/media?parent=3536"}],"wp:term":[{"taxonomy":"category","embeddable":true,"href":"https:\/\/transamerica93.com.br\/home\/wp-json\/wp\/v2\/categories?post=3536"},{"taxonomy":"post_tag","embeddable":true,"href":"https:\/\/transamerica93.com.br\/home\/wp-json\/wp\/v2\/tags?post=3536"}],"curies":[{"name":"wp","href":"https:\/\/api.w.org\/{rel}","templated":true}]}}