{"id":3538,"date":"2024-08-14T15:00:19","date_gmt":"2024-08-14T18:00:19","guid":{"rendered":"https:\/\/transamerica93.com.br\/home\/?p=3538"},"modified":"2024-08-10T18:32:55","modified_gmt":"2024-08-10T21:32:55","slug":"policia-da-austria-prende-terceiro-suspeito-de-atentado-contra-show-de-taylor-swift","status":"publish","type":"post","link":"https:\/\/transamerica93.com.br\/home\/policia-da-austria-prende-terceiro-suspeito-de-atentado-contra-show-de-taylor-swift\/","title":{"rendered":"Pol\u00edcia da \u00c1ustria prende terceiro suspeito de atentado contra show de Taylor Swift"},"content":{"rendered":"<p>Por Reda\u00e7\u00e3o O Estado de S. Paulo<\/p>\n<p>A pol\u00edcia da \u00c1ustria deteve uma terceira pessoa por conex\u00e3o com um compl\u00f4 frustrado para atacar tr\u00eas shows, que j\u00e1 foram cancelados, de Taylor Swift em Viena. Gerhard Karner, ministro austr\u00edaco do Interior, informou nesta sexta-feira, 9, que um jovem de 18 anos foi detido na noite de quinta em Viena, ap\u00f3s ter supostamente mantido contato com o principal suspeito.<\/p>\n<p>Os investigadores est\u00e3o analisando as &#8220;redes&#8221; dos suspeitos, disse o Minist\u00e9rio do Interior \u00e0\u00a0<i>Associated Press<\/i>\u00a0na sexta-feira, acrescentando em comunicado que as provas f\u00edsicas e eletr\u00f4nicas est\u00e3o sendo avaliadas.<\/p>\n<p>O principal suspeito, de 19 anos, e outro de 17 foram detidos na ter\u00e7a-feira, enquanto um jovem de 15 anos tamb\u00e9m foi interrogado, mas n\u00e3o foi preso.<\/p>\n<p>As autoridades disseram na tarde de quinta-feira que n\u00e3o estavam procurando por mais nenhum suspeito. Na sexta-feira, n\u00e3o havia mais detalhes dispon\u00edveis.<\/p>\n<p>Segundo as autoridades, o compl\u00f4 parecia estar inspirado pelo grupo extremista Estado Isl\u00e2mico e pela Al Qaeda. Os investigadores encontraram material para fabrica\u00e7\u00e3o de bombas na casa de um dos suspeitos.<\/p>\n<p>Um dos suspeitos confessou que planejava &#8220;matar o m\u00e1ximo de pessoas poss\u00edvel fora do recinto do show&#8221;, apontaram.<\/p>\n<p>As autoridades afirmam que tanto o principal suspeito quanto o jovem de 18 anos, detido na sexta-feira, juraram &#8220;lealdade&#8221; ao grupo Estado Isl\u00e2mico.<\/p>\n<p>&#8220;Ele estava em contato com o principal respons\u00e1vel, mas n\u00e3o est\u00e1 diretamente relacionado com os planos do atentado&#8221;, disse Karner &#8220;Mas, como soubemos h\u00e1 alguns dias, ele jurou lealdade especificamente ao EI no dia 6 de agosto.&#8221;<\/p>\n<p>O jovem de 18 anos &#8220;\u00e9 proveniente do ambiente social&#8221; do principal suspeito, acrescentou Karner. Tr\u00eas shows com ingressos esgotados foram cancelados na quarta-feira, 7, devido ao compl\u00f4, causando consterna\u00e7\u00e3o entre os f\u00e3s de Taylor Swift em todo o mundo.<\/p>\n<p>Muitos tinham gastado milhares de euros em viagens e hospedagem na cara capital austr\u00edaca para assistir aos shows da turn\u00ea Eras no est\u00e1dio Ernst Happel, que estava vazio na manh\u00e3 de quinta.<\/p>\n<p><b>Paix\u00e3o europeia<\/b><\/p>\n<p>A Europa est\u00e1 apaixonada pela superestrela norte-americana. A cidade alem\u00e3 de Gelsenkirchen foi renomeada &#8220;Swiftkirchen&#8221; antes dos shows de meados de julho.<\/p>\n<p>Os organizadores do show na \u00c1ustria esperavam at\u00e9 65 mil f\u00e3s dentro do est\u00e1dio em cada show e at\u00e9 30 mil espectadores fora, onde, segundo as autoridades, os suspeitos planejavam atacar.<\/p>\n<p>O atentado frustrado estava previsto para quinta ou sexta-feira, segundo o ministro austr\u00edaco do Interior.<\/p>\n<p>O chanceler Karl Nehammer defendeu a decis\u00e3o de cancelar os shows, alegando que as pris\u00f5es dos suspeitos ocorreram muito perto das datas dos eventos, previstos para quinta-feira, sexta-feira e s\u00e1bado.\/<i>AP<\/i><\/p>\n","protected":false},"excerpt":{"rendered":"<p>Por Reda\u00e7\u00e3o O Estado de S. Paulo A pol\u00edcia da \u00c1ustria deteve uma terceira pessoa por conex\u00e3o com um compl\u00f4 frustrado para atacar tr\u00eas shows, que j\u00e1 foram cancelados, de Taylor Swift em Viena. Gerhard Karner, ministro austr\u00edaco do Interior, informou nesta sexta-feira, 9, que um jovem de 18 anos foi detido na noite de &hellip;<\/p>\n","protected":false},"author":1,"featured_media":2057,"comment_status":"closed","ping_status":"closed","sticky":false,"template":"","format":"standard","meta":{"footnotes":""},"categories":[25],"tags":[],"class_list":["post-3538","post","type-post","status-publish","format-standard","has-post-thumbnail","hentry","category-musica"],"yoast_head":"<!-- This site is optimized with the Yoast SEO plugin v27.4 - https:\/\/yoast.com\/product\/yoast-seo-wordpress\/ -->\n<title>Pol\u00edcia da \u00c1ustria prende terceiro suspeito de atentado contra show de Taylor Swift - Transam\u00e9rica Mococa 93,3<\/title>\n<meta name=\"robots\" content=\"index, follow, max-snippet:-1, max-image-preview:large, max-video-preview:-1\" \/>\n<link rel=\"canonical\" href=\"https:\/\/transamerica93.com.br\/home\/policia-da-austria-prende-terceiro-suspeito-de-atentado-contra-show-de-taylor-swift\/\" \/>\n<meta property=\"og:locale\" content=\"pt_BR\" \/>\n<meta property=\"og:type\" content=\"article\" \/>\n<meta property=\"og:title\" content=\"Pol\u00edcia da \u00c1ustria prende terceiro suspeito de atentado contra show de Taylor Swift - Transam\u00e9rica Mococa 93,3\" \/>\n<meta property=\"og:description\" content=\"Por Reda\u00e7\u00e3o O Estado de S. Paulo A pol\u00edcia da \u00c1ustria deteve uma terceira pessoa por conex\u00e3o com um compl\u00f4 frustrado para atacar tr\u00eas shows, que j\u00e1 foram cancelados, de Taylor Swift em Viena. Gerhard Karner, ministro austr\u00edaco do Interior, informou nesta sexta-feira, 9, que um jovem de 18 anos foi detido na noite de &hellip;\" \/>\n<meta property=\"og:url\" content=\"https:\/\/transamerica93.com.br\/home\/policia-da-austria-prende-terceiro-suspeito-de-atentado-contra-show-de-taylor-swift\/\" \/>\n<meta property=\"og:site_name\" content=\"Transam\u00e9rica Mococa 93,3\" \/>\n<meta property=\"article:publisher\" content=\"https:\/\/www.facebook.com\/transamericamococa\" \/>\n<meta property=\"article:published_time\" content=\"2024-08-14T18:00:19+00:00\" \/>\n<meta property=\"og:image\" content=\"https:\/\/transamerica93.com.br\/home\/wp-content\/uploads\/2023\/11\/imagem-13.jpg\" \/>\n\t<meta property=\"og:image:width\" content=\"953\" \/>\n\t<meta property=\"og:image:height\" content=\"627\" \/>\n\t<meta property=\"og:image:type\" content=\"image\/jpeg\" \/>\n<meta name=\"author\" content=\"Reda\u00e7\u00e3o\" \/>\n<meta name=\"twitter:card\" content=\"summary_large_image\" \/>\n<meta name=\"twitter:creator\" content=\"@transamerica933\" \/>\n<meta name=\"twitter:site\" content=\"@transamerica933\" \/>\n<meta name=\"twitter:label1\" content=\"Escrito por\" \/>\n\t<meta name=\"twitter:data1\" content=\"Reda\u00e7\u00e3o\" \/>\n\t<meta name=\"twitter:label2\" content=\"Est. tempo de leitura\" \/>\n\t<meta name=\"twitter:data2\" content=\"3 minutos\" \/>\n<script type=\"application\/ld+json\" class=\"yoast-schema-graph\">{\"@context\":\"https:\\\/\\\/schema.org\",\"@graph\":[{\"@type\":\"Article\",\"@id\":\"https:\\\/\\\/transamerica93.com.br\\\/home\\\/policia-da-austria-prende-terceiro-suspeito-de-atentado-contra-show-de-taylor-swift\\\/#article\",\"isPartOf\":{\"@id\":\"https:\\\/\\\/transamerica93.com.br\\\/home\\\/policia-da-austria-prende-terceiro-suspeito-de-atentado-contra-show-de-taylor-swift\\\/\"},\"author\":{\"name\":\"Reda\u00e7\u00e3o\",\"@id\":\"https:\\\/\\\/transamerica93.com.br\\\/home\\\/#\\\/schema\\\/person\\\/7fed7c99c0d4562efa8561bc0f543172\"},\"headline\":\"Pol\u00edcia da \u00c1ustria prende terceiro suspeito de atentado contra show de Taylor Swift\",\"datePublished\":\"2024-08-14T18:00:19+00:00\",\"mainEntityOfPage\":{\"@id\":\"https:\\\/\\\/transamerica93.com.br\\\/home\\\/policia-da-austria-prende-terceiro-suspeito-de-atentado-contra-show-de-taylor-swift\\\/\"},\"wordCount\":465,\"publisher\":{\"@id\":\"https:\\\/\\\/transamerica93.com.br\\\/home\\\/#organization\"},\"image\":{\"@id\":\"https:\\\/\\\/transamerica93.com.br\\\/home\\\/policia-da-austria-prende-terceiro-suspeito-de-atentado-contra-show-de-taylor-swift\\\/#primaryimage\"},\"thumbnailUrl\":\"https:\\\/\\\/transamerica93.com.br\\\/home\\\/wp-content\\\/uploads\\\/2023\\\/11\\\/imagem-13.jpg\",\"articleSection\":[\"M\u00fasica\"],\"inLanguage\":\"pt-BR\"},{\"@type\":\"WebPage\",\"@id\":\"https:\\\/\\\/transamerica93.com.br\\\/home\\\/policia-da-austria-prende-terceiro-suspeito-de-atentado-contra-show-de-taylor-swift\\\/\",\"url\":\"https:\\\/\\\/transamerica93.com.br\\\/home\\\/policia-da-austria-prende-terceiro-suspeito-de-atentado-contra-show-de-taylor-swift\\\/\",\"name\":\"Pol\u00edcia da \u00c1ustria prende terceiro suspeito de atentado contra show de Taylor Swift - Transam\u00e9rica Mococa 93,3\",\"isPartOf\":{\"@id\":\"https:\\\/\\\/transamerica93.com.br\\\/home\\\/#website\"},\"primaryImageOfPage\":{\"@id\":\"https:\\\/\\\/transamerica93.com.br\\\/home\\\/policia-da-austria-prende-terceiro-suspeito-de-atentado-contra-show-de-taylor-swift\\\/#primaryimage\"},\"image\":{\"@id\":\"https:\\\/\\\/transamerica93.com.br\\\/home\\\/policia-da-austria-prende-terceiro-suspeito-de-atentado-contra-show-de-taylor-swift\\\/#primaryimage\"},\"thumbnailUrl\":\"https:\\\/\\\/transamerica93.com.br\\\/home\\\/wp-content\\\/uploads\\\/2023\\\/11\\\/imagem-13.jpg\",\"datePublished\":\"2024-08-14T18:00:19+00:00\",\"breadcrumb\":{\"@id\":\"https:\\\/\\\/transamerica93.com.br\\\/home\\\/policia-da-austria-prende-terceiro-suspeito-de-atentado-contra-show-de-taylor-swift\\\/#breadcrumb\"},\"inLanguage\":\"pt-BR\",\"potentialAction\":[{\"@type\":\"ReadAction\",\"target\":[\"https:\\\/\\\/transamerica93.com.br\\\/home\\\/policia-da-austria-prende-terceiro-suspeito-de-atentado-contra-show-de-taylor-swift\\\/\"]}]},{\"@type\":\"ImageObject\",\"inLanguage\":\"pt-BR\",\"@id\":\"https:\\\/\\\/transamerica93.com.br\\\/home\\\/policia-da-austria-prende-terceiro-suspeito-de-atentado-contra-show-de-taylor-swift\\\/#primaryimage\",\"url\":\"https:\\\/\\\/transamerica93.com.br\\\/home\\\/wp-content\\\/uploads\\\/2023\\\/11\\\/imagem-13.jpg\",\"contentUrl\":\"https:\\\/\\\/transamerica93.com.br\\\/home\\\/wp-content\\\/uploads\\\/2023\\\/11\\\/imagem-13.jpg\",\"width\":953,\"height\":627,\"caption\":\"Foto: Instagram @taylorswift\"},{\"@type\":\"BreadcrumbList\",\"@id\":\"https:\\\/\\\/transamerica93.com.br\\\/home\\\/policia-da-austria-prende-terceiro-suspeito-de-atentado-contra-show-de-taylor-swift\\\/#breadcrumb\",\"itemListElement\":[{\"@type\":\"ListItem\",\"position\":1,\"name\":\"In\u00edcio\",\"item\":\"https:\\\/\\\/transamerica93.com.br\\\/home\\\/\"},{\"@type\":\"ListItem\",\"position\":2,\"name\":\"Pol\u00edcia da \u00c1ustria prende terceiro suspeito de atentado contra show de Taylor Swift\"}]},{\"@type\":\"WebSite\",\"@id\":\"https:\\\/\\\/transamerica93.com.br\\\/home\\\/#website\",\"url\":\"https:\\\/\\\/transamerica93.com.br\\\/home\\\/\",\"name\":\"Transam\u00e9rica Mococa 93,3\",\"description\":\"\",\"publisher\":{\"@id\":\"https:\\\/\\\/transamerica93.com.br\\\/home\\\/#organization\"},\"potentialAction\":[{\"@type\":\"SearchAction\",\"target\":{\"@type\":\"EntryPoint\",\"urlTemplate\":\"https:\\\/\\\/transamerica93.com.br\\\/home\\\/?s={search_term_string}\"},\"query-input\":{\"@type\":\"PropertyValueSpecification\",\"valueRequired\":true,\"valueName\":\"search_term_string\"}}],\"inLanguage\":\"pt-BR\"},{\"@type\":\"Organization\",\"@id\":\"https:\\\/\\\/transamerica93.com.br\\\/home\\\/#organization\",\"name\":\"Transam\u00e9rica Mococa 93,3\",\"url\":\"https:\\\/\\\/transamerica93.com.br\\\/home\\\/\",\"logo\":{\"@type\":\"ImageObject\",\"inLanguage\":\"pt-BR\",\"@id\":\"https:\\\/\\\/transamerica93.com.br\\\/home\\\/#\\\/schema\\\/logo\\\/image\\\/\",\"url\":\"https:\\\/\\\/transamerica93.com.br\\\/home\\\/wp-content\\\/uploads\\\/2023\\\/10\\\/logo2.png\",\"contentUrl\":\"https:\\\/\\\/transamerica93.com.br\\\/home\\\/wp-content\\\/uploads\\\/2023\\\/10\\\/logo2.png\",\"width\":800,\"height\":500,\"caption\":\"Transam\u00e9rica Mococa 93,3\"},\"image\":{\"@id\":\"https:\\\/\\\/transamerica93.com.br\\\/home\\\/#\\\/schema\\\/logo\\\/image\\\/\"},\"sameAs\":[\"https:\\\/\\\/www.facebook.com\\\/transamericamococa\",\"https:\\\/\\\/x.com\\\/transamerica933\",\"https:\\\/\\\/www.instagram.com\\\/transamericamococa\"]},{\"@type\":\"Person\",\"@id\":\"https:\\\/\\\/transamerica93.com.br\\\/home\\\/#\\\/schema\\\/person\\\/7fed7c99c0d4562efa8561bc0f543172\",\"name\":\"Reda\u00e7\u00e3o\",\"image\":{\"@type\":\"ImageObject\",\"inLanguage\":\"pt-BR\",\"@id\":\"https:\\\/\\\/secure.gravatar.com\\\/avatar\\\/1072c6b775fb02ef8506ce967551d95926669a6b7d2c2147b42eea4d7c68395e?s=96&d=mm&r=g\",\"url\":\"https:\\\/\\\/secure.gravatar.com\\\/avatar\\\/1072c6b775fb02ef8506ce967551d95926669a6b7d2c2147b42eea4d7c68395e?s=96&d=mm&r=g\",\"contentUrl\":\"https:\\\/\\\/secure.gravatar.com\\\/avatar\\\/1072c6b775fb02ef8506ce967551d95926669a6b7d2c2147b42eea4d7c68395e?s=96&d=mm&r=g\",\"caption\":\"Reda\u00e7\u00e3o\"},\"sameAs\":[\"https:\\\/\\\/transamerica93.com.br\\\/home\"],\"url\":\"https:\\\/\\\/transamerica93.com.br\\\/home\\\/author\\\/william\\\/\"}]}<\/script>\n<!-- \/ Yoast SEO plugin. -->","yoast_head_json":{"title":"Pol\u00edcia da \u00c1ustria prende terceiro suspeito de atentado contra show de Taylor Swift - Transam\u00e9rica Mococa 93,3","robots":{"index":"index","follow":"follow","max-snippet":"max-snippet:-1","max-image-preview":"max-image-preview:large","max-video-preview":"max-video-preview:-1"},"canonical":"https:\/\/transamerica93.com.br\/home\/policia-da-austria-prende-terceiro-suspeito-de-atentado-contra-show-de-taylor-swift\/","og_locale":"pt_BR","og_type":"article","og_title":"Pol\u00edcia da \u00c1ustria prende terceiro suspeito de atentado contra show de Taylor Swift - Transam\u00e9rica Mococa 93,3","og_description":"Por Reda\u00e7\u00e3o O Estado de S. Paulo A pol\u00edcia da \u00c1ustria deteve uma terceira pessoa por conex\u00e3o com um compl\u00f4 frustrado para atacar tr\u00eas shows, que j\u00e1 foram cancelados, de Taylor Swift em Viena. Gerhard Karner, ministro austr\u00edaco do Interior, informou nesta sexta-feira, 9, que um jovem de 18 anos foi detido na noite de &hellip;","og_url":"https:\/\/transamerica93.com.br\/home\/policia-da-austria-prende-terceiro-suspeito-de-atentado-contra-show-de-taylor-swift\/","og_site_name":"Transam\u00e9rica Mococa 93,3","article_publisher":"https:\/\/www.facebook.com\/transamericamococa","article_published_time":"2024-08-14T18:00:19+00:00","og_image":[{"width":953,"height":627,"url":"https:\/\/transamerica93.com.br\/home\/wp-content\/uploads\/2023\/11\/imagem-13.jpg","type":"image\/jpeg"}],"author":"Reda\u00e7\u00e3o","twitter_card":"summary_large_image","twitter_creator":"@transamerica933","twitter_site":"@transamerica933","twitter_misc":{"Escrito por":"Reda\u00e7\u00e3o","Est. tempo de leitura":"3 minutos"},"schema":{"@context":"https:\/\/schema.org","@graph":[{"@type":"Article","@id":"https:\/\/transamerica93.com.br\/home\/policia-da-austria-prende-terceiro-suspeito-de-atentado-contra-show-de-taylor-swift\/#article","isPartOf":{"@id":"https:\/\/transamerica93.com.br\/home\/policia-da-austria-prende-terceiro-suspeito-de-atentado-contra-show-de-taylor-swift\/"},"author":{"name":"Reda\u00e7\u00e3o","@id":"https:\/\/transamerica93.com.br\/home\/#\/schema\/person\/7fed7c99c0d4562efa8561bc0f543172"},"headline":"Pol\u00edcia da \u00c1ustria prende terceiro suspeito de atentado contra show de Taylor Swift","datePublished":"2024-08-14T18:00:19+00:00","mainEntityOfPage":{"@id":"https:\/\/transamerica93.com.br\/home\/policia-da-austria-prende-terceiro-suspeito-de-atentado-contra-show-de-taylor-swift\/"},"wordCount":465,"publisher":{"@id":"https:\/\/transamerica93.com.br\/home\/#organization"},"image":{"@id":"https:\/\/transamerica93.com.br\/home\/policia-da-austria-prende-terceiro-suspeito-de-atentado-contra-show-de-taylor-swift\/#primaryimage"},"thumbnailUrl":"https:\/\/transamerica93.com.br\/home\/wp-content\/uploads\/2023\/11\/imagem-13.jpg","articleSection":["M\u00fasica"],"inLanguage":"pt-BR"},{"@type":"WebPage","@id":"https:\/\/transamerica93.com.br\/home\/policia-da-austria-prende-terceiro-suspeito-de-atentado-contra-show-de-taylor-swift\/","url":"https:\/\/transamerica93.com.br\/home\/policia-da-austria-prende-terceiro-suspeito-de-atentado-contra-show-de-taylor-swift\/","name":"Pol\u00edcia da \u00c1ustria prende terceiro suspeito de atentado contra show de Taylor Swift - Transam\u00e9rica Mococa 93,3","isPartOf":{"@id":"https:\/\/transamerica93.com.br\/home\/#website"},"primaryImageOfPage":{"@id":"https:\/\/transamerica93.com.br\/home\/policia-da-austria-prende-terceiro-suspeito-de-atentado-contra-show-de-taylor-swift\/#primaryimage"},"image":{"@id":"https:\/\/transamerica93.com.br\/home\/policia-da-austria-prende-terceiro-suspeito-de-atentado-contra-show-de-taylor-swift\/#primaryimage"},"thumbnailUrl":"https:\/\/transamerica93.com.br\/home\/wp-content\/uploads\/2023\/11\/imagem-13.jpg","datePublished":"2024-08-14T18:00:19+00:00","breadcrumb":{"@id":"https:\/\/transamerica93.com.br\/home\/policia-da-austria-prende-terceiro-suspeito-de-atentado-contra-show-de-taylor-swift\/#breadcrumb"},"inLanguage":"pt-BR","potentialAction":[{"@type":"ReadAction","target":["https:\/\/transamerica93.com.br\/home\/policia-da-austria-prende-terceiro-suspeito-de-atentado-contra-show-de-taylor-swift\/"]}]},{"@type":"ImageObject","inLanguage":"pt-BR","@id":"https:\/\/transamerica93.com.br\/home\/policia-da-austria-prende-terceiro-suspeito-de-atentado-contra-show-de-taylor-swift\/#primaryimage","url":"https:\/\/transamerica93.com.br\/home\/wp-content\/uploads\/2023\/11\/imagem-13.jpg","contentUrl":"https:\/\/transamerica93.com.br\/home\/wp-content\/uploads\/2023\/11\/imagem-13.jpg","width":953,"height":627,"caption":"Foto: Instagram @taylorswift"},{"@type":"BreadcrumbList","@id":"https:\/\/transamerica93.com.br\/home\/policia-da-austria-prende-terceiro-suspeito-de-atentado-contra-show-de-taylor-swift\/#breadcrumb","itemListElement":[{"@type":"ListItem","position":1,"name":"In\u00edcio","item":"https:\/\/transamerica93.com.br\/home\/"},{"@type":"ListItem","position":2,"name":"Pol\u00edcia da \u00c1ustria prende terceiro suspeito de atentado contra show de Taylor Swift"}]},{"@type":"WebSite","@id":"https:\/\/transamerica93.com.br\/home\/#website","url":"https:\/\/transamerica93.com.br\/home\/","name":"Transam\u00e9rica Mococa 93,3","description":"","publisher":{"@id":"https:\/\/transamerica93.com.br\/home\/#organization"},"potentialAction":[{"@type":"SearchAction","target":{"@type":"EntryPoint","urlTemplate":"https:\/\/transamerica93.com.br\/home\/?s={search_term_string}"},"query-input":{"@type":"PropertyValueSpecification","valueRequired":true,"valueName":"search_term_string"}}],"inLanguage":"pt-BR"},{"@type":"Organization","@id":"https:\/\/transamerica93.com.br\/home\/#organization","name":"Transam\u00e9rica Mococa 93,3","url":"https:\/\/transamerica93.com.br\/home\/","logo":{"@type":"ImageObject","inLanguage":"pt-BR","@id":"https:\/\/transamerica93.com.br\/home\/#\/schema\/logo\/image\/","url":"https:\/\/transamerica93.com.br\/home\/wp-content\/uploads\/2023\/10\/logo2.png","contentUrl":"https:\/\/transamerica93.com.br\/home\/wp-content\/uploads\/2023\/10\/logo2.png","width":800,"height":500,"caption":"Transam\u00e9rica Mococa 93,3"},"image":{"@id":"https:\/\/transamerica93.com.br\/home\/#\/schema\/logo\/image\/"},"sameAs":["https:\/\/www.facebook.com\/transamericamococa","https:\/\/x.com\/transamerica933","https:\/\/www.instagram.com\/transamericamococa"]},{"@type":"Person","@id":"https:\/\/transamerica93.com.br\/home\/#\/schema\/person\/7fed7c99c0d4562efa8561bc0f543172","name":"Reda\u00e7\u00e3o","image":{"@type":"ImageObject","inLanguage":"pt-BR","@id":"https:\/\/secure.gravatar.com\/avatar\/1072c6b775fb02ef8506ce967551d95926669a6b7d2c2147b42eea4d7c68395e?s=96&d=mm&r=g","url":"https:\/\/secure.gravatar.com\/avatar\/1072c6b775fb02ef8506ce967551d95926669a6b7d2c2147b42eea4d7c68395e?s=96&d=mm&r=g","contentUrl":"https:\/\/secure.gravatar.com\/avatar\/1072c6b775fb02ef8506ce967551d95926669a6b7d2c2147b42eea4d7c68395e?s=96&d=mm&r=g","caption":"Reda\u00e7\u00e3o"},"sameAs":["https:\/\/transamerica93.com.br\/home"],"url":"https:\/\/transamerica93.com.br\/home\/author\/william\/"}]}},"_links":{"self":[{"href":"https:\/\/transamerica93.com.br\/home\/wp-json\/wp\/v2\/posts\/3538","targetHints":{"allow":["GET"]}}],"collection":[{"href":"https:\/\/transamerica93.com.br\/home\/wp-json\/wp\/v2\/posts"}],"about":[{"href":"https:\/\/transamerica93.com.br\/home\/wp-json\/wp\/v2\/types\/post"}],"author":[{"embeddable":true,"href":"https:\/\/transamerica93.com.br\/home\/wp-json\/wp\/v2\/users\/1"}],"replies":[{"embeddable":true,"href":"https:\/\/transamerica93.com.br\/home\/wp-json\/wp\/v2\/comments?post=3538"}],"version-history":[{"count":1,"href":"https:\/\/transamerica93.com.br\/home\/wp-json\/wp\/v2\/posts\/3538\/revisions"}],"predecessor-version":[{"id":3539,"href":"https:\/\/transamerica93.com.br\/home\/wp-json\/wp\/v2\/posts\/3538\/revisions\/3539"}],"wp:featuredmedia":[{"embeddable":true,"href":"https:\/\/transamerica93.com.br\/home\/wp-json\/wp\/v2\/media\/2057"}],"wp:attachment":[{"href":"https:\/\/transamerica93.com.br\/home\/wp-json\/wp\/v2\/media?parent=3538"}],"wp:term":[{"taxonomy":"category","embeddable":true,"href":"https:\/\/transamerica93.com.br\/home\/wp-json\/wp\/v2\/categories?post=3538"},{"taxonomy":"post_tag","embeddable":true,"href":"https:\/\/transamerica93.com.br\/home\/wp-json\/wp\/v2\/tags?post=3538"}],"curies":[{"name":"wp","href":"https:\/\/api.w.org\/{rel}","templated":true}]}}