{"id":3562,"date":"2024-08-16T12:00:32","date_gmt":"2024-08-16T15:00:32","guid":{"rendered":"https:\/\/transamerica93.com.br\/home\/?p=3562"},"modified":"2024-08-10T18:53:51","modified_gmt":"2024-08-10T21:53:51","slug":"lucas-revela-falta-de-sintonia-de-james-rodriguez-com-sapo-paulo-problemas-com-a-diretoria","status":"publish","type":"post","link":"https:\/\/transamerica93.com.br\/home\/lucas-revela-falta-de-sintonia-de-james-rodriguez-com-sapo-paulo-problemas-com-a-diretoria\/","title":{"rendered":"Lucas revela &#8216;falta de sintonia&#8217; de James Rodr\u00edguez com S\u00e3po Paulo: &#8216;Problemas com a diretoria&#8217;"},"content":{"rendered":"<p>Eleito o melhor jogador da \u00faltima Copa Am\u00e9rica, o colombiano James Rodr\u00edguez em momento algum justificou a sua vinda para o S\u00e3o Paulo. Uma das lideran\u00e7as do elenco atual, o atacante Lucas comentou sobre a passagem do jogador, que teve o contrato com o clube rescindido recentemente.<\/p>\n<p>Problemas de relacionamento e falta de sintonia com a diretoria podem ser alguns dos motivos para explicar esse curto per\u00edodo sem brilho do atleta com a camisa s\u00e3o-paulina.<\/p>\n<p>&#8220;Ele teve problemas com a diretoria. Quest\u00f5es de contrato. Conversamos com ele algumas vezes. Destacamos a sua import\u00e2ncia, a qualidade, e o quanto poderia nos ajudar&#8221; afirmou o atacante em entrevista \u00e0 ESPN.<\/p>\n<p>Lucas destacou um momento de maior desgaste com o grupo, quando o comando t\u00e9cnico ainda era do t\u00e9cnico Thiago Carpini, no in\u00edcio deste ano. Pouco utilizado pela necessidade de fazer refor\u00e7o muscular, James foi relacionado para a decis\u00e3o da Supercopa Rei diante do Palmeiras. O colombiano, no entanto, se negou a integrar o grupo.<\/p>\n<p>&#8220;Ele pisou na bola. Deveria ter viajado com a gente. Ap\u00f3s o epis\u00f3dio, ele pediu desculpas para o grupo, mas sabe que pisou na bola. Era uma decis\u00e3o, todos estavam, menos ele&#8221;, disse Lucas<\/p>\n<p>O confronto foi realizado em Belo Horizonte e, ap\u00f3s um 0 a 0 no tempo regulamentar, o S\u00e3o Paulo derrotou o Palmeiras na decis\u00e3o por p\u00eanaltis por 4 a 2, em disputa que teve como protagonista o goleiro Rafael.<\/p>\n<p>Contratado em julho do ano passado para ser um dos l\u00edderes do elenco na temporada, James Rodr\u00edguez entrou em campo pelo clube do MorumBis em 22 oportunidades e balan\u00e7ou a rede apenas duas vezes.<\/p>\n<p>NOVO PATROCINADOR<\/p>\n<p>O S\u00e3o Paulo anunciou, nesta sexta-feira, um novo patrocinador para a sua camisa na temporada. A empresa de t\u00edtulos de capitaliza\u00e7\u00e3o Viva Sorte vai estampar os ombros do uniforme. O acordo vai at\u00e9 o final de 2026.<\/p>\n<p>O Viva Sorte vai lan\u00e7ar t\u00edtulos de capitaliza\u00e7\u00e3o para os torcedores. Por meio da compra, o f\u00e3 s\u00e3o-paulino ter\u00e1 direito a participar de sorteios. Segundo o diretor de marketing Eduardo Toni, os valores desse v\u00ednculo ser\u00e3o destinados totalmente ao departamento de futebol.<\/p>\n<p>&#8220;Por decis\u00e3o estrat\u00e9gica, o S\u00e3o Paulo vai destinar os 100% da arrecada\u00e7\u00e3o ao futebol. Quanto mais t\u00edtulos a torcida comprar, mas vai ajudar o clube&#8221;, afirmou o dirigente no evento de lan\u00e7amento.<\/p>\n","protected":false},"excerpt":{"rendered":"<p>Eleito o melhor jogador da \u00faltima Copa Am\u00e9rica, o colombiano James Rodr\u00edguez em momento algum justificou a sua vinda para o S\u00e3o Paulo. Uma das lideran\u00e7as do elenco atual, o atacante Lucas comentou sobre a passagem do jogador, que teve o contrato com o clube rescindido recentemente. Problemas de relacionamento e falta de sintonia com &hellip;<\/p>\n","protected":false},"author":1,"featured_media":3563,"comment_status":"closed","ping_status":"closed","sticky":false,"template":"","format":"standard","meta":{"footnotes":""},"categories":[31],"tags":[],"class_list":["post-3562","post","type-post","status-publish","format-standard","has-post-thumbnail","hentry","category-esportes"],"yoast_head":"<!-- This site is optimized with the Yoast SEO plugin v27.4 - https:\/\/yoast.com\/product\/yoast-seo-wordpress\/ -->\n<title>Lucas revela &#039;falta de sintonia&#039; de James Rodr\u00edguez com S\u00e3po Paulo: &#039;Problemas com a diretoria&#039; - Transam\u00e9rica Mococa 93,3<\/title>\n<meta name=\"robots\" content=\"index, follow, max-snippet:-1, max-image-preview:large, max-video-preview:-1\" \/>\n<link rel=\"canonical\" href=\"https:\/\/transamerica93.com.br\/home\/lucas-revela-falta-de-sintonia-de-james-rodriguez-com-sapo-paulo-problemas-com-a-diretoria\/\" \/>\n<meta property=\"og:locale\" content=\"pt_BR\" \/>\n<meta property=\"og:type\" content=\"article\" \/>\n<meta property=\"og:title\" content=\"Lucas revela &#039;falta de sintonia&#039; de James Rodr\u00edguez com S\u00e3po Paulo: &#039;Problemas com a diretoria&#039; - Transam\u00e9rica Mococa 93,3\" \/>\n<meta property=\"og:description\" content=\"Eleito o melhor jogador da \u00faltima Copa Am\u00e9rica, o colombiano James Rodr\u00edguez em momento algum justificou a sua vinda para o S\u00e3o Paulo. Uma das lideran\u00e7as do elenco atual, o atacante Lucas comentou sobre a passagem do jogador, que teve o contrato com o clube rescindido recentemente. Problemas de relacionamento e falta de sintonia com &hellip;\" \/>\n<meta property=\"og:url\" content=\"https:\/\/transamerica93.com.br\/home\/lucas-revela-falta-de-sintonia-de-james-rodriguez-com-sapo-paulo-problemas-com-a-diretoria\/\" \/>\n<meta property=\"og:site_name\" content=\"Transam\u00e9rica Mococa 93,3\" \/>\n<meta property=\"article:publisher\" content=\"https:\/\/www.facebook.com\/transamericamococa\" \/>\n<meta property=\"article:published_time\" content=\"2024-08-16T15:00:32+00:00\" \/>\n<meta property=\"og:image\" content=\"https:\/\/transamerica93.com.br\/home\/wp-content\/uploads\/2024\/08\/james-rodriguez-e-lucas-moura-durante-treino-do-sao-paulo-1708528048641_v2_4x3.jpg\" \/>\n\t<meta property=\"og:image:width\" content=\"834\" \/>\n\t<meta property=\"og:image:height\" content=\"625\" \/>\n\t<meta property=\"og:image:type\" content=\"image\/jpeg\" \/>\n<meta name=\"author\" content=\"Reda\u00e7\u00e3o\" \/>\n<meta name=\"twitter:card\" content=\"summary_large_image\" \/>\n<meta name=\"twitter:creator\" content=\"@transamerica933\" \/>\n<meta name=\"twitter:site\" content=\"@transamerica933\" \/>\n<meta name=\"twitter:label1\" content=\"Escrito por\" \/>\n\t<meta name=\"twitter:data1\" content=\"Reda\u00e7\u00e3o\" \/>\n\t<meta name=\"twitter:label2\" content=\"Est. tempo de leitura\" \/>\n\t<meta name=\"twitter:data2\" content=\"3 minutos\" \/>\n<script type=\"application\/ld+json\" class=\"yoast-schema-graph\">{\"@context\":\"https:\\\/\\\/schema.org\",\"@graph\":[{\"@type\":\"Article\",\"@id\":\"https:\\\/\\\/transamerica93.com.br\\\/home\\\/lucas-revela-falta-de-sintonia-de-james-rodriguez-com-sapo-paulo-problemas-com-a-diretoria\\\/#article\",\"isPartOf\":{\"@id\":\"https:\\\/\\\/transamerica93.com.br\\\/home\\\/lucas-revela-falta-de-sintonia-de-james-rodriguez-com-sapo-paulo-problemas-com-a-diretoria\\\/\"},\"author\":{\"name\":\"Reda\u00e7\u00e3o\",\"@id\":\"https:\\\/\\\/transamerica93.com.br\\\/home\\\/#\\\/schema\\\/person\\\/7fed7c99c0d4562efa8561bc0f543172\"},\"headline\":\"Lucas revela &#8216;falta de sintonia&#8217; de James Rodr\u00edguez com S\u00e3po Paulo: &#8216;Problemas com a diretoria&#8217;\",\"datePublished\":\"2024-08-16T15:00:32+00:00\",\"mainEntityOfPage\":{\"@id\":\"https:\\\/\\\/transamerica93.com.br\\\/home\\\/lucas-revela-falta-de-sintonia-de-james-rodriguez-com-sapo-paulo-problemas-com-a-diretoria\\\/\"},\"wordCount\":429,\"publisher\":{\"@id\":\"https:\\\/\\\/transamerica93.com.br\\\/home\\\/#organization\"},\"image\":{\"@id\":\"https:\\\/\\\/transamerica93.com.br\\\/home\\\/lucas-revela-falta-de-sintonia-de-james-rodriguez-com-sapo-paulo-problemas-com-a-diretoria\\\/#primaryimage\"},\"thumbnailUrl\":\"https:\\\/\\\/transamerica93.com.br\\\/home\\\/wp-content\\\/uploads\\\/2024\\\/08\\\/james-rodriguez-e-lucas-moura-durante-treino-do-sao-paulo-1708528048641_v2_4x3.jpg\",\"articleSection\":[\"Esportes\"],\"inLanguage\":\"pt-BR\"},{\"@type\":\"WebPage\",\"@id\":\"https:\\\/\\\/transamerica93.com.br\\\/home\\\/lucas-revela-falta-de-sintonia-de-james-rodriguez-com-sapo-paulo-problemas-com-a-diretoria\\\/\",\"url\":\"https:\\\/\\\/transamerica93.com.br\\\/home\\\/lucas-revela-falta-de-sintonia-de-james-rodriguez-com-sapo-paulo-problemas-com-a-diretoria\\\/\",\"name\":\"Lucas revela 'falta de sintonia' de James Rodr\u00edguez com S\u00e3po Paulo: 'Problemas com a diretoria' - Transam\u00e9rica Mococa 93,3\",\"isPartOf\":{\"@id\":\"https:\\\/\\\/transamerica93.com.br\\\/home\\\/#website\"},\"primaryImageOfPage\":{\"@id\":\"https:\\\/\\\/transamerica93.com.br\\\/home\\\/lucas-revela-falta-de-sintonia-de-james-rodriguez-com-sapo-paulo-problemas-com-a-diretoria\\\/#primaryimage\"},\"image\":{\"@id\":\"https:\\\/\\\/transamerica93.com.br\\\/home\\\/lucas-revela-falta-de-sintonia-de-james-rodriguez-com-sapo-paulo-problemas-com-a-diretoria\\\/#primaryimage\"},\"thumbnailUrl\":\"https:\\\/\\\/transamerica93.com.br\\\/home\\\/wp-content\\\/uploads\\\/2024\\\/08\\\/james-rodriguez-e-lucas-moura-durante-treino-do-sao-paulo-1708528048641_v2_4x3.jpg\",\"datePublished\":\"2024-08-16T15:00:32+00:00\",\"breadcrumb\":{\"@id\":\"https:\\\/\\\/transamerica93.com.br\\\/home\\\/lucas-revela-falta-de-sintonia-de-james-rodriguez-com-sapo-paulo-problemas-com-a-diretoria\\\/#breadcrumb\"},\"inLanguage\":\"pt-BR\",\"potentialAction\":[{\"@type\":\"ReadAction\",\"target\":[\"https:\\\/\\\/transamerica93.com.br\\\/home\\\/lucas-revela-falta-de-sintonia-de-james-rodriguez-com-sapo-paulo-problemas-com-a-diretoria\\\/\"]}]},{\"@type\":\"ImageObject\",\"inLanguage\":\"pt-BR\",\"@id\":\"https:\\\/\\\/transamerica93.com.br\\\/home\\\/lucas-revela-falta-de-sintonia-de-james-rodriguez-com-sapo-paulo-problemas-com-a-diretoria\\\/#primaryimage\",\"url\":\"https:\\\/\\\/transamerica93.com.br\\\/home\\\/wp-content\\\/uploads\\\/2024\\\/08\\\/james-rodriguez-e-lucas-moura-durante-treino-do-sao-paulo-1708528048641_v2_4x3.jpg\",\"contentUrl\":\"https:\\\/\\\/transamerica93.com.br\\\/home\\\/wp-content\\\/uploads\\\/2024\\\/08\\\/james-rodriguez-e-lucas-moura-durante-treino-do-sao-paulo-1708528048641_v2_4x3.jpg\",\"width\":834,\"height\":625,\"caption\":\"Imagem: Reprodu\u00e7\u00e3o\\\/Instagram\\\/Lucas Moura\"},{\"@type\":\"BreadcrumbList\",\"@id\":\"https:\\\/\\\/transamerica93.com.br\\\/home\\\/lucas-revela-falta-de-sintonia-de-james-rodriguez-com-sapo-paulo-problemas-com-a-diretoria\\\/#breadcrumb\",\"itemListElement\":[{\"@type\":\"ListItem\",\"position\":1,\"name\":\"In\u00edcio\",\"item\":\"https:\\\/\\\/transamerica93.com.br\\\/home\\\/\"},{\"@type\":\"ListItem\",\"position\":2,\"name\":\"Lucas revela &#8216;falta de sintonia&#8217; de James Rodr\u00edguez com S\u00e3po Paulo: &#8216;Problemas com a diretoria&#8217;\"}]},{\"@type\":\"WebSite\",\"@id\":\"https:\\\/\\\/transamerica93.com.br\\\/home\\\/#website\",\"url\":\"https:\\\/\\\/transamerica93.com.br\\\/home\\\/\",\"name\":\"Transam\u00e9rica Mococa 93,3\",\"description\":\"\",\"publisher\":{\"@id\":\"https:\\\/\\\/transamerica93.com.br\\\/home\\\/#organization\"},\"potentialAction\":[{\"@type\":\"SearchAction\",\"target\":{\"@type\":\"EntryPoint\",\"urlTemplate\":\"https:\\\/\\\/transamerica93.com.br\\\/home\\\/?s={search_term_string}\"},\"query-input\":{\"@type\":\"PropertyValueSpecification\",\"valueRequired\":true,\"valueName\":\"search_term_string\"}}],\"inLanguage\":\"pt-BR\"},{\"@type\":\"Organization\",\"@id\":\"https:\\\/\\\/transamerica93.com.br\\\/home\\\/#organization\",\"name\":\"Transam\u00e9rica Mococa 93,3\",\"url\":\"https:\\\/\\\/transamerica93.com.br\\\/home\\\/\",\"logo\":{\"@type\":\"ImageObject\",\"inLanguage\":\"pt-BR\",\"@id\":\"https:\\\/\\\/transamerica93.com.br\\\/home\\\/#\\\/schema\\\/logo\\\/image\\\/\",\"url\":\"https:\\\/\\\/transamerica93.com.br\\\/home\\\/wp-content\\\/uploads\\\/2023\\\/10\\\/logo2.png\",\"contentUrl\":\"https:\\\/\\\/transamerica93.com.br\\\/home\\\/wp-content\\\/uploads\\\/2023\\\/10\\\/logo2.png\",\"width\":800,\"height\":500,\"caption\":\"Transam\u00e9rica Mococa 93,3\"},\"image\":{\"@id\":\"https:\\\/\\\/transamerica93.com.br\\\/home\\\/#\\\/schema\\\/logo\\\/image\\\/\"},\"sameAs\":[\"https:\\\/\\\/www.facebook.com\\\/transamericamococa\",\"https:\\\/\\\/x.com\\\/transamerica933\",\"https:\\\/\\\/www.instagram.com\\\/transamericamococa\"]},{\"@type\":\"Person\",\"@id\":\"https:\\\/\\\/transamerica93.com.br\\\/home\\\/#\\\/schema\\\/person\\\/7fed7c99c0d4562efa8561bc0f543172\",\"name\":\"Reda\u00e7\u00e3o\",\"image\":{\"@type\":\"ImageObject\",\"inLanguage\":\"pt-BR\",\"@id\":\"https:\\\/\\\/secure.gravatar.com\\\/avatar\\\/1072c6b775fb02ef8506ce967551d95926669a6b7d2c2147b42eea4d7c68395e?s=96&d=mm&r=g\",\"url\":\"https:\\\/\\\/secure.gravatar.com\\\/avatar\\\/1072c6b775fb02ef8506ce967551d95926669a6b7d2c2147b42eea4d7c68395e?s=96&d=mm&r=g\",\"contentUrl\":\"https:\\\/\\\/secure.gravatar.com\\\/avatar\\\/1072c6b775fb02ef8506ce967551d95926669a6b7d2c2147b42eea4d7c68395e?s=96&d=mm&r=g\",\"caption\":\"Reda\u00e7\u00e3o\"},\"sameAs\":[\"https:\\\/\\\/transamerica93.com.br\\\/home\"],\"url\":\"https:\\\/\\\/transamerica93.com.br\\\/home\\\/author\\\/william\\\/\"}]}<\/script>\n<!-- \/ Yoast SEO plugin. -->","yoast_head_json":{"title":"Lucas revela 'falta de sintonia' de James Rodr\u00edguez com S\u00e3po Paulo: 'Problemas com a diretoria' - Transam\u00e9rica Mococa 93,3","robots":{"index":"index","follow":"follow","max-snippet":"max-snippet:-1","max-image-preview":"max-image-preview:large","max-video-preview":"max-video-preview:-1"},"canonical":"https:\/\/transamerica93.com.br\/home\/lucas-revela-falta-de-sintonia-de-james-rodriguez-com-sapo-paulo-problemas-com-a-diretoria\/","og_locale":"pt_BR","og_type":"article","og_title":"Lucas revela 'falta de sintonia' de James Rodr\u00edguez com S\u00e3po Paulo: 'Problemas com a diretoria' - Transam\u00e9rica Mococa 93,3","og_description":"Eleito o melhor jogador da \u00faltima Copa Am\u00e9rica, o colombiano James Rodr\u00edguez em momento algum justificou a sua vinda para o S\u00e3o Paulo. Uma das lideran\u00e7as do elenco atual, o atacante Lucas comentou sobre a passagem do jogador, que teve o contrato com o clube rescindido recentemente. Problemas de relacionamento e falta de sintonia com &hellip;","og_url":"https:\/\/transamerica93.com.br\/home\/lucas-revela-falta-de-sintonia-de-james-rodriguez-com-sapo-paulo-problemas-com-a-diretoria\/","og_site_name":"Transam\u00e9rica Mococa 93,3","article_publisher":"https:\/\/www.facebook.com\/transamericamococa","article_published_time":"2024-08-16T15:00:32+00:00","og_image":[{"width":834,"height":625,"url":"https:\/\/transamerica93.com.br\/home\/wp-content\/uploads\/2024\/08\/james-rodriguez-e-lucas-moura-durante-treino-do-sao-paulo-1708528048641_v2_4x3.jpg","type":"image\/jpeg"}],"author":"Reda\u00e7\u00e3o","twitter_card":"summary_large_image","twitter_creator":"@transamerica933","twitter_site":"@transamerica933","twitter_misc":{"Escrito por":"Reda\u00e7\u00e3o","Est. tempo de leitura":"3 minutos"},"schema":{"@context":"https:\/\/schema.org","@graph":[{"@type":"Article","@id":"https:\/\/transamerica93.com.br\/home\/lucas-revela-falta-de-sintonia-de-james-rodriguez-com-sapo-paulo-problemas-com-a-diretoria\/#article","isPartOf":{"@id":"https:\/\/transamerica93.com.br\/home\/lucas-revela-falta-de-sintonia-de-james-rodriguez-com-sapo-paulo-problemas-com-a-diretoria\/"},"author":{"name":"Reda\u00e7\u00e3o","@id":"https:\/\/transamerica93.com.br\/home\/#\/schema\/person\/7fed7c99c0d4562efa8561bc0f543172"},"headline":"Lucas revela &#8216;falta de sintonia&#8217; de James Rodr\u00edguez com S\u00e3po Paulo: &#8216;Problemas com a diretoria&#8217;","datePublished":"2024-08-16T15:00:32+00:00","mainEntityOfPage":{"@id":"https:\/\/transamerica93.com.br\/home\/lucas-revela-falta-de-sintonia-de-james-rodriguez-com-sapo-paulo-problemas-com-a-diretoria\/"},"wordCount":429,"publisher":{"@id":"https:\/\/transamerica93.com.br\/home\/#organization"},"image":{"@id":"https:\/\/transamerica93.com.br\/home\/lucas-revela-falta-de-sintonia-de-james-rodriguez-com-sapo-paulo-problemas-com-a-diretoria\/#primaryimage"},"thumbnailUrl":"https:\/\/transamerica93.com.br\/home\/wp-content\/uploads\/2024\/08\/james-rodriguez-e-lucas-moura-durante-treino-do-sao-paulo-1708528048641_v2_4x3.jpg","articleSection":["Esportes"],"inLanguage":"pt-BR"},{"@type":"WebPage","@id":"https:\/\/transamerica93.com.br\/home\/lucas-revela-falta-de-sintonia-de-james-rodriguez-com-sapo-paulo-problemas-com-a-diretoria\/","url":"https:\/\/transamerica93.com.br\/home\/lucas-revela-falta-de-sintonia-de-james-rodriguez-com-sapo-paulo-problemas-com-a-diretoria\/","name":"Lucas revela 'falta de sintonia' de James Rodr\u00edguez com S\u00e3po Paulo: 'Problemas com a diretoria' - Transam\u00e9rica Mococa 93,3","isPartOf":{"@id":"https:\/\/transamerica93.com.br\/home\/#website"},"primaryImageOfPage":{"@id":"https:\/\/transamerica93.com.br\/home\/lucas-revela-falta-de-sintonia-de-james-rodriguez-com-sapo-paulo-problemas-com-a-diretoria\/#primaryimage"},"image":{"@id":"https:\/\/transamerica93.com.br\/home\/lucas-revela-falta-de-sintonia-de-james-rodriguez-com-sapo-paulo-problemas-com-a-diretoria\/#primaryimage"},"thumbnailUrl":"https:\/\/transamerica93.com.br\/home\/wp-content\/uploads\/2024\/08\/james-rodriguez-e-lucas-moura-durante-treino-do-sao-paulo-1708528048641_v2_4x3.jpg","datePublished":"2024-08-16T15:00:32+00:00","breadcrumb":{"@id":"https:\/\/transamerica93.com.br\/home\/lucas-revela-falta-de-sintonia-de-james-rodriguez-com-sapo-paulo-problemas-com-a-diretoria\/#breadcrumb"},"inLanguage":"pt-BR","potentialAction":[{"@type":"ReadAction","target":["https:\/\/transamerica93.com.br\/home\/lucas-revela-falta-de-sintonia-de-james-rodriguez-com-sapo-paulo-problemas-com-a-diretoria\/"]}]},{"@type":"ImageObject","inLanguage":"pt-BR","@id":"https:\/\/transamerica93.com.br\/home\/lucas-revela-falta-de-sintonia-de-james-rodriguez-com-sapo-paulo-problemas-com-a-diretoria\/#primaryimage","url":"https:\/\/transamerica93.com.br\/home\/wp-content\/uploads\/2024\/08\/james-rodriguez-e-lucas-moura-durante-treino-do-sao-paulo-1708528048641_v2_4x3.jpg","contentUrl":"https:\/\/transamerica93.com.br\/home\/wp-content\/uploads\/2024\/08\/james-rodriguez-e-lucas-moura-durante-treino-do-sao-paulo-1708528048641_v2_4x3.jpg","width":834,"height":625,"caption":"Imagem: Reprodu\u00e7\u00e3o\/Instagram\/Lucas Moura"},{"@type":"BreadcrumbList","@id":"https:\/\/transamerica93.com.br\/home\/lucas-revela-falta-de-sintonia-de-james-rodriguez-com-sapo-paulo-problemas-com-a-diretoria\/#breadcrumb","itemListElement":[{"@type":"ListItem","position":1,"name":"In\u00edcio","item":"https:\/\/transamerica93.com.br\/home\/"},{"@type":"ListItem","position":2,"name":"Lucas revela &#8216;falta de sintonia&#8217; de James Rodr\u00edguez com S\u00e3po Paulo: &#8216;Problemas com a diretoria&#8217;"}]},{"@type":"WebSite","@id":"https:\/\/transamerica93.com.br\/home\/#website","url":"https:\/\/transamerica93.com.br\/home\/","name":"Transam\u00e9rica Mococa 93,3","description":"","publisher":{"@id":"https:\/\/transamerica93.com.br\/home\/#organization"},"potentialAction":[{"@type":"SearchAction","target":{"@type":"EntryPoint","urlTemplate":"https:\/\/transamerica93.com.br\/home\/?s={search_term_string}"},"query-input":{"@type":"PropertyValueSpecification","valueRequired":true,"valueName":"search_term_string"}}],"inLanguage":"pt-BR"},{"@type":"Organization","@id":"https:\/\/transamerica93.com.br\/home\/#organization","name":"Transam\u00e9rica Mococa 93,3","url":"https:\/\/transamerica93.com.br\/home\/","logo":{"@type":"ImageObject","inLanguage":"pt-BR","@id":"https:\/\/transamerica93.com.br\/home\/#\/schema\/logo\/image\/","url":"https:\/\/transamerica93.com.br\/home\/wp-content\/uploads\/2023\/10\/logo2.png","contentUrl":"https:\/\/transamerica93.com.br\/home\/wp-content\/uploads\/2023\/10\/logo2.png","width":800,"height":500,"caption":"Transam\u00e9rica Mococa 93,3"},"image":{"@id":"https:\/\/transamerica93.com.br\/home\/#\/schema\/logo\/image\/"},"sameAs":["https:\/\/www.facebook.com\/transamericamococa","https:\/\/x.com\/transamerica933","https:\/\/www.instagram.com\/transamericamococa"]},{"@type":"Person","@id":"https:\/\/transamerica93.com.br\/home\/#\/schema\/person\/7fed7c99c0d4562efa8561bc0f543172","name":"Reda\u00e7\u00e3o","image":{"@type":"ImageObject","inLanguage":"pt-BR","@id":"https:\/\/secure.gravatar.com\/avatar\/1072c6b775fb02ef8506ce967551d95926669a6b7d2c2147b42eea4d7c68395e?s=96&d=mm&r=g","url":"https:\/\/secure.gravatar.com\/avatar\/1072c6b775fb02ef8506ce967551d95926669a6b7d2c2147b42eea4d7c68395e?s=96&d=mm&r=g","contentUrl":"https:\/\/secure.gravatar.com\/avatar\/1072c6b775fb02ef8506ce967551d95926669a6b7d2c2147b42eea4d7c68395e?s=96&d=mm&r=g","caption":"Reda\u00e7\u00e3o"},"sameAs":["https:\/\/transamerica93.com.br\/home"],"url":"https:\/\/transamerica93.com.br\/home\/author\/william\/"}]}},"_links":{"self":[{"href":"https:\/\/transamerica93.com.br\/home\/wp-json\/wp\/v2\/posts\/3562","targetHints":{"allow":["GET"]}}],"collection":[{"href":"https:\/\/transamerica93.com.br\/home\/wp-json\/wp\/v2\/posts"}],"about":[{"href":"https:\/\/transamerica93.com.br\/home\/wp-json\/wp\/v2\/types\/post"}],"author":[{"embeddable":true,"href":"https:\/\/transamerica93.com.br\/home\/wp-json\/wp\/v2\/users\/1"}],"replies":[{"embeddable":true,"href":"https:\/\/transamerica93.com.br\/home\/wp-json\/wp\/v2\/comments?post=3562"}],"version-history":[{"count":1,"href":"https:\/\/transamerica93.com.br\/home\/wp-json\/wp\/v2\/posts\/3562\/revisions"}],"predecessor-version":[{"id":3564,"href":"https:\/\/transamerica93.com.br\/home\/wp-json\/wp\/v2\/posts\/3562\/revisions\/3564"}],"wp:featuredmedia":[{"embeddable":true,"href":"https:\/\/transamerica93.com.br\/home\/wp-json\/wp\/v2\/media\/3563"}],"wp:attachment":[{"href":"https:\/\/transamerica93.com.br\/home\/wp-json\/wp\/v2\/media?parent=3562"}],"wp:term":[{"taxonomy":"category","embeddable":true,"href":"https:\/\/transamerica93.com.br\/home\/wp-json\/wp\/v2\/categories?post=3562"},{"taxonomy":"post_tag","embeddable":true,"href":"https:\/\/transamerica93.com.br\/home\/wp-json\/wp\/v2\/tags?post=3562"}],"curies":[{"name":"wp","href":"https:\/\/api.w.org\/{rel}","templated":true}]}}