{"id":3567,"date":"2024-08-19T09:00:38","date_gmt":"2024-08-19T12:00:38","guid":{"rendered":"https:\/\/transamerica93.com.br\/home\/?p=3567"},"modified":"2024-08-16T20:50:08","modified_gmt":"2024-08-16T23:50:08","slug":"inmet-alerta-sobre-onda-de-calor-que-chega-ao-pais-nos-proximos-dias","status":"publish","type":"post","link":"https:\/\/transamerica93.com.br\/home\/inmet-alerta-sobre-onda-de-calor-que-chega-ao-pais-nos-proximos-dias\/","title":{"rendered":"Inmet alerta sobre onda de calor que chega ao pa\u00eds nos pr\u00f3ximos dias"},"content":{"rendered":"<div class=\"post-item-wrap\">\n<p>O Instituto Nacional de Meteorologia (Inmet) divulgou alerta sobre uma onda de calor que vai durar at\u00e9 a pr\u00f3xima segunda-feira (19) em v\u00e1rias regi\u00f5es do pa\u00eds. A temperatura poder\u00e1 subir at\u00e9 5\u00ba C no per\u00edodo de 2 a 3 dias, podendo provocar leve risco \u00e0 sa\u00fade da popula\u00e7\u00e3o.<img decoding=\"async\" data-src=\"https:\/\/agenciabrasil.ebc.com.br\/ebc.png?id=1608264&amp;o=node\" src=\"data:image\/svg+xml;base64,PHN2ZyB3aWR0aD0iMSIgaGVpZ2h0PSIxIiB4bWxucz0iaHR0cDovL3d3dy53My5vcmcvMjAwMC9zdmciPjwvc3ZnPg==\" class=\"lazyload\" \/><img decoding=\"async\" data-src=\"https:\/\/agenciabrasil.ebc.com.br\/ebc.gif?id=1608264&amp;o=node\" src=\"data:image\/svg+xml;base64,PHN2ZyB3aWR0aD0iMSIgaGVpZ2h0PSIxIiB4bWxucz0iaHR0cDovL3d3dy53My5vcmcvMjAwMC9zdmciPjwvc3ZnPg==\" class=\"lazyload\" \/><\/p>\n<p>O Inmet enumerou as regi\u00f5es que podem ser mais atingidas pela onda de calor nos p\u00e7r\u00f3ximos dias: Norte Pioneiro Paranaense, Serrana, Oeste Catarinense, Centro-Sul Mato-grossense, Presidente Prudente, S\u00e3o Jos\u00e9 do Rio Preto, Metropolitana de Curitiba, Vale do Itaja\u00ed, Leste de Mato Grosso do Sul, Campinas, Noroeste Rio-grandense, Bauru, Piracicaba, Grande Florian\u00f3polis.<\/p>\n<p>As cidades do Sul\/Sudoeste de Minas, Itapetininga, Centro Norte de Mato Grosso do Sul, Zona da Mata, Leste Rondoniense, Centro Ocidental Paranaense, Ribeir\u00e3o Preto, Ara\u00e7atuba, Sudeste Mato-grossense, Noroeste Paranaense, Macro Metropolitana Paulista, Mar\u00edlia, Norte Central Paranaense, Sudoeste de Mato Grosso do Sul, Araraquara, Sudoeste Paranaense, Oeste Paranaense, Pantanais Sul Mato-grossense t\u00e1 mb\u00e9m fazer parte da lista.<\/p>\n<p>Tamb\u00e9m pode ser atingido pela onda de calor, o Nordeste Rio-grandense, Sul Fluminense, Campo das Vertentes, Sudeste Paranaense, Vale do Para\u00edba Paulista, Sul Goiano, Centro Oriental Paranaense, Sudoeste Mato-grossense, Sul Catarinense, Metropolitana de S\u00e3o Paulo, Assis, Litoral Sul Paulista, Norte Catarinense, Centro-Sul Paranaense, Tri\u00e2ngulo Mineiro\/Alto Parana\u00edba, Norte Mato-grossense, Centro Ocidental Rio-grandense, Centro Fluminense, Sudoeste Rio-grandense, Metropolitana do Rio de Janeiro, Centro Oriental Rio-grandense.<\/p>\n<h2>Alerta<\/h2>\n<p>De acordo com o Sistema Alerta Rio, na noite desta sexta-feira (16), a previs\u00e3o \u00e9 de predom\u00ednio de c\u00e9u claro, sem chuva, na cidade\u00a0do Rio de Janeiro. Os ventos estar\u00e3o fracos.\u00a0Um sistema de alta press\u00e3o deixou o tempo firme nesta sexta-feira (16). O dia foi de c\u00e9u claro e n\u00e3o houve registro de chuva. Os ventos ficaram\u00a0fracos e as temperaturas apresentaram eleva\u00e7\u00e3o, com m\u00ednima registrada de 14\u00b0C \u00e0s 4h da madrugada e m\u00e1xima registrada de 35,3\u00b0C \u00e0s 15h30.<\/p>\n<p>O sistema\u00a0 prev\u00ea, entre s\u00e1bado (17) e\u00a0ter\u00e7a-feira (20), tempo est\u00e1vel no munic\u00edpio. A previs\u00e3o \u00e9 de c\u00e9u claro e sem chuva ao longo do per\u00edodo. Os ventos variam de fracos a moderados.<\/p>\n<p>O alerta vai para s\u00e1bado (17) \u00e0 tarde, segunda-feira (19) e ter\u00e7a-feira (20), quando a umidade relativa do ar pode cair de\u00a021% e 30% em alguns pontos da cidade. A popula\u00e7\u00e3o deve ficar atenta e se hidratar bem durante o per\u00edodo.<\/p>\n<h2>Dicas<\/h2>\n<p>Algumas dicas, passadas por m\u00e9dicos, quando a umidade relativa do ar est\u00e1 baixa s\u00e3o: lave as m\u00e3os com frequ\u00eancia e evite coloc\u00e1-las na boca e no nariz. Procure manter o corpo sempre bem hidratado. Beba bastante \u00e1gua, mesmo sem sentir sede. Na hora do lanche ou da sobremesa, d\u00ea prefer\u00eancia a frutas ricas em l\u00edquidos, como melancia, mel\u00e3o e laranja, por exemplo.<\/p>\n<p>Em especial, fique atento \u00e0 hidrata\u00e7\u00e3o das crian\u00e7as, idosos e doentes. Aplique soro fisiol\u00f3gico no nariz e nos olhos para evitar o ressecamento. Evite a pr\u00e1tica de exerc\u00edcios f\u00edsicos entre 10h e 16 h e coloque chap\u00e9us e \u00f3culos escuros para proteger-se do sol.<\/p>\n<\/div>\n<p class=\"alt-font font-italic my-2 small text-info\">Edi\u00e7\u00e3o: Maria Claudia<\/p>\n","protected":false},"excerpt":{"rendered":"<p>O Instituto Nacional de Meteorologia (Inmet) divulgou alerta sobre uma onda de calor que vai durar at\u00e9 a pr\u00f3xima segunda-feira (19) em v\u00e1rias regi\u00f5es do pa\u00eds. A temperatura poder\u00e1 subir at\u00e9 5\u00ba C no per\u00edodo de 2 a 3 dias, podendo provocar leve risco \u00e0 sa\u00fade da popula\u00e7\u00e3o. O Inmet enumerou as regi\u00f5es que podem &hellip;<\/p>\n","protected":false},"author":1,"featured_media":3568,"comment_status":"closed","ping_status":"closed","sticky":false,"template":"","format":"standard","meta":{"footnotes":""},"categories":[30],"tags":[],"class_list":["post-3567","post","type-post","status-publish","format-standard","has-post-thumbnail","hentry","category-geral"],"yoast_head":"<!-- This site is optimized with the Yoast SEO plugin v27.4 - https:\/\/yoast.com\/product\/yoast-seo-wordpress\/ -->\n<title>Inmet alerta sobre onda de calor que chega ao pa\u00eds nos pr\u00f3ximos dias - Transam\u00e9rica Mococa 93,3<\/title>\n<meta name=\"robots\" content=\"index, follow, max-snippet:-1, max-image-preview:large, max-video-preview:-1\" \/>\n<link rel=\"canonical\" href=\"https:\/\/transamerica93.com.br\/home\/inmet-alerta-sobre-onda-de-calor-que-chega-ao-pais-nos-proximos-dias\/\" \/>\n<meta property=\"og:locale\" content=\"pt_BR\" \/>\n<meta property=\"og:type\" content=\"article\" \/>\n<meta property=\"og:title\" content=\"Inmet alerta sobre onda de calor que chega ao pa\u00eds nos pr\u00f3ximos dias - Transam\u00e9rica Mococa 93,3\" \/>\n<meta property=\"og:description\" content=\"O Instituto Nacional de Meteorologia (Inmet) divulgou alerta sobre uma onda de calor que vai durar at\u00e9 a pr\u00f3xima segunda-feira (19) em v\u00e1rias regi\u00f5es do pa\u00eds. A temperatura poder\u00e1 subir at\u00e9 5\u00ba C no per\u00edodo de 2 a 3 dias, podendo provocar leve risco \u00e0 sa\u00fade da popula\u00e7\u00e3o. O Inmet enumerou as regi\u00f5es que podem &hellip;\" \/>\n<meta property=\"og:url\" content=\"https:\/\/transamerica93.com.br\/home\/inmet-alerta-sobre-onda-de-calor-que-chega-ao-pais-nos-proximos-dias\/\" \/>\n<meta property=\"og:site_name\" content=\"Transam\u00e9rica Mococa 93,3\" \/>\n<meta property=\"article:publisher\" content=\"https:\/\/www.facebook.com\/transamericamococa\" \/>\n<meta property=\"article:published_time\" content=\"2024-08-19T12:00:38+00:00\" \/>\n<meta property=\"og:image\" content=\"https:\/\/transamerica93.com.br\/home\/wp-content\/uploads\/2024\/08\/1-7.jpg\" \/>\n\t<meta property=\"og:image:width\" content=\"1170\" \/>\n\t<meta property=\"og:image:height\" content=\"700\" \/>\n\t<meta property=\"og:image:type\" content=\"image\/jpeg\" \/>\n<meta name=\"author\" content=\"Reda\u00e7\u00e3o\" \/>\n<meta name=\"twitter:card\" content=\"summary_large_image\" \/>\n<meta name=\"twitter:creator\" content=\"@transamerica933\" \/>\n<meta name=\"twitter:site\" content=\"@transamerica933\" \/>\n<meta name=\"twitter:label1\" content=\"Escrito por\" \/>\n\t<meta name=\"twitter:data1\" content=\"Reda\u00e7\u00e3o\" \/>\n\t<meta name=\"twitter:label2\" content=\"Est. tempo de leitura\" \/>\n\t<meta name=\"twitter:data2\" content=\"4 minutos\" \/>\n<script type=\"application\/ld+json\" class=\"yoast-schema-graph\">{\"@context\":\"https:\\\/\\\/schema.org\",\"@graph\":[{\"@type\":\"Article\",\"@id\":\"https:\\\/\\\/transamerica93.com.br\\\/home\\\/inmet-alerta-sobre-onda-de-calor-que-chega-ao-pais-nos-proximos-dias\\\/#article\",\"isPartOf\":{\"@id\":\"https:\\\/\\\/transamerica93.com.br\\\/home\\\/inmet-alerta-sobre-onda-de-calor-que-chega-ao-pais-nos-proximos-dias\\\/\"},\"author\":{\"name\":\"Reda\u00e7\u00e3o\",\"@id\":\"https:\\\/\\\/transamerica93.com.br\\\/home\\\/#\\\/schema\\\/person\\\/7fed7c99c0d4562efa8561bc0f543172\"},\"headline\":\"Inmet alerta sobre onda de calor que chega ao pa\u00eds nos pr\u00f3ximos dias\",\"datePublished\":\"2024-08-19T12:00:38+00:00\",\"mainEntityOfPage\":{\"@id\":\"https:\\\/\\\/transamerica93.com.br\\\/home\\\/inmet-alerta-sobre-onda-de-calor-que-chega-ao-pais-nos-proximos-dias\\\/\"},\"wordCount\":541,\"publisher\":{\"@id\":\"https:\\\/\\\/transamerica93.com.br\\\/home\\\/#organization\"},\"image\":{\"@id\":\"https:\\\/\\\/transamerica93.com.br\\\/home\\\/inmet-alerta-sobre-onda-de-calor-que-chega-ao-pais-nos-proximos-dias\\\/#primaryimage\"},\"thumbnailUrl\":\"https:\\\/\\\/transamerica93.com.br\\\/home\\\/wp-content\\\/uploads\\\/2024\\\/08\\\/1-7.jpg\",\"articleSection\":[\"Geral\"],\"inLanguage\":\"pt-BR\"},{\"@type\":\"WebPage\",\"@id\":\"https:\\\/\\\/transamerica93.com.br\\\/home\\\/inmet-alerta-sobre-onda-de-calor-que-chega-ao-pais-nos-proximos-dias\\\/\",\"url\":\"https:\\\/\\\/transamerica93.com.br\\\/home\\\/inmet-alerta-sobre-onda-de-calor-que-chega-ao-pais-nos-proximos-dias\\\/\",\"name\":\"Inmet alerta sobre onda de calor que chega ao pa\u00eds nos pr\u00f3ximos dias - Transam\u00e9rica Mococa 93,3\",\"isPartOf\":{\"@id\":\"https:\\\/\\\/transamerica93.com.br\\\/home\\\/#website\"},\"primaryImageOfPage\":{\"@id\":\"https:\\\/\\\/transamerica93.com.br\\\/home\\\/inmet-alerta-sobre-onda-de-calor-que-chega-ao-pais-nos-proximos-dias\\\/#primaryimage\"},\"image\":{\"@id\":\"https:\\\/\\\/transamerica93.com.br\\\/home\\\/inmet-alerta-sobre-onda-de-calor-que-chega-ao-pais-nos-proximos-dias\\\/#primaryimage\"},\"thumbnailUrl\":\"https:\\\/\\\/transamerica93.com.br\\\/home\\\/wp-content\\\/uploads\\\/2024\\\/08\\\/1-7.jpg\",\"datePublished\":\"2024-08-19T12:00:38+00:00\",\"breadcrumb\":{\"@id\":\"https:\\\/\\\/transamerica93.com.br\\\/home\\\/inmet-alerta-sobre-onda-de-calor-que-chega-ao-pais-nos-proximos-dias\\\/#breadcrumb\"},\"inLanguage\":\"pt-BR\",\"potentialAction\":[{\"@type\":\"ReadAction\",\"target\":[\"https:\\\/\\\/transamerica93.com.br\\\/home\\\/inmet-alerta-sobre-onda-de-calor-que-chega-ao-pais-nos-proximos-dias\\\/\"]}]},{\"@type\":\"ImageObject\",\"inLanguage\":\"pt-BR\",\"@id\":\"https:\\\/\\\/transamerica93.com.br\\\/home\\\/inmet-alerta-sobre-onda-de-calor-que-chega-ao-pais-nos-proximos-dias\\\/#primaryimage\",\"url\":\"https:\\\/\\\/transamerica93.com.br\\\/home\\\/wp-content\\\/uploads\\\/2024\\\/08\\\/1-7.jpg\",\"contentUrl\":\"https:\\\/\\\/transamerica93.com.br\\\/home\\\/wp-content\\\/uploads\\\/2024\\\/08\\\/1-7.jpg\",\"width\":1170,\"height\":700,\"caption\":\"\u00a9 Paulo Pinto\\\/Ag\u00eancia Brasil\"},{\"@type\":\"BreadcrumbList\",\"@id\":\"https:\\\/\\\/transamerica93.com.br\\\/home\\\/inmet-alerta-sobre-onda-de-calor-que-chega-ao-pais-nos-proximos-dias\\\/#breadcrumb\",\"itemListElement\":[{\"@type\":\"ListItem\",\"position\":1,\"name\":\"In\u00edcio\",\"item\":\"https:\\\/\\\/transamerica93.com.br\\\/home\\\/\"},{\"@type\":\"ListItem\",\"position\":2,\"name\":\"Inmet alerta sobre onda de calor que chega ao pa\u00eds nos pr\u00f3ximos dias\"}]},{\"@type\":\"WebSite\",\"@id\":\"https:\\\/\\\/transamerica93.com.br\\\/home\\\/#website\",\"url\":\"https:\\\/\\\/transamerica93.com.br\\\/home\\\/\",\"name\":\"Transam\u00e9rica Mococa 93,3\",\"description\":\"\",\"publisher\":{\"@id\":\"https:\\\/\\\/transamerica93.com.br\\\/home\\\/#organization\"},\"potentialAction\":[{\"@type\":\"SearchAction\",\"target\":{\"@type\":\"EntryPoint\",\"urlTemplate\":\"https:\\\/\\\/transamerica93.com.br\\\/home\\\/?s={search_term_string}\"},\"query-input\":{\"@type\":\"PropertyValueSpecification\",\"valueRequired\":true,\"valueName\":\"search_term_string\"}}],\"inLanguage\":\"pt-BR\"},{\"@type\":\"Organization\",\"@id\":\"https:\\\/\\\/transamerica93.com.br\\\/home\\\/#organization\",\"name\":\"Transam\u00e9rica Mococa 93,3\",\"url\":\"https:\\\/\\\/transamerica93.com.br\\\/home\\\/\",\"logo\":{\"@type\":\"ImageObject\",\"inLanguage\":\"pt-BR\",\"@id\":\"https:\\\/\\\/transamerica93.com.br\\\/home\\\/#\\\/schema\\\/logo\\\/image\\\/\",\"url\":\"https:\\\/\\\/transamerica93.com.br\\\/home\\\/wp-content\\\/uploads\\\/2023\\\/10\\\/logo2.png\",\"contentUrl\":\"https:\\\/\\\/transamerica93.com.br\\\/home\\\/wp-content\\\/uploads\\\/2023\\\/10\\\/logo2.png\",\"width\":800,\"height\":500,\"caption\":\"Transam\u00e9rica Mococa 93,3\"},\"image\":{\"@id\":\"https:\\\/\\\/transamerica93.com.br\\\/home\\\/#\\\/schema\\\/logo\\\/image\\\/\"},\"sameAs\":[\"https:\\\/\\\/www.facebook.com\\\/transamericamococa\",\"https:\\\/\\\/x.com\\\/transamerica933\",\"https:\\\/\\\/www.instagram.com\\\/transamericamococa\"]},{\"@type\":\"Person\",\"@id\":\"https:\\\/\\\/transamerica93.com.br\\\/home\\\/#\\\/schema\\\/person\\\/7fed7c99c0d4562efa8561bc0f543172\",\"name\":\"Reda\u00e7\u00e3o\",\"image\":{\"@type\":\"ImageObject\",\"inLanguage\":\"pt-BR\",\"@id\":\"https:\\\/\\\/secure.gravatar.com\\\/avatar\\\/1072c6b775fb02ef8506ce967551d95926669a6b7d2c2147b42eea4d7c68395e?s=96&d=mm&r=g\",\"url\":\"https:\\\/\\\/secure.gravatar.com\\\/avatar\\\/1072c6b775fb02ef8506ce967551d95926669a6b7d2c2147b42eea4d7c68395e?s=96&d=mm&r=g\",\"contentUrl\":\"https:\\\/\\\/secure.gravatar.com\\\/avatar\\\/1072c6b775fb02ef8506ce967551d95926669a6b7d2c2147b42eea4d7c68395e?s=96&d=mm&r=g\",\"caption\":\"Reda\u00e7\u00e3o\"},\"sameAs\":[\"https:\\\/\\\/transamerica93.com.br\\\/home\"],\"url\":\"https:\\\/\\\/transamerica93.com.br\\\/home\\\/author\\\/william\\\/\"}]}<\/script>\n<!-- \/ Yoast SEO plugin. -->","yoast_head_json":{"title":"Inmet alerta sobre onda de calor que chega ao pa\u00eds nos pr\u00f3ximos dias - Transam\u00e9rica Mococa 93,3","robots":{"index":"index","follow":"follow","max-snippet":"max-snippet:-1","max-image-preview":"max-image-preview:large","max-video-preview":"max-video-preview:-1"},"canonical":"https:\/\/transamerica93.com.br\/home\/inmet-alerta-sobre-onda-de-calor-que-chega-ao-pais-nos-proximos-dias\/","og_locale":"pt_BR","og_type":"article","og_title":"Inmet alerta sobre onda de calor que chega ao pa\u00eds nos pr\u00f3ximos dias - Transam\u00e9rica Mococa 93,3","og_description":"O Instituto Nacional de Meteorologia (Inmet) divulgou alerta sobre uma onda de calor que vai durar at\u00e9 a pr\u00f3xima segunda-feira (19) em v\u00e1rias regi\u00f5es do pa\u00eds. A temperatura poder\u00e1 subir at\u00e9 5\u00ba C no per\u00edodo de 2 a 3 dias, podendo provocar leve risco \u00e0 sa\u00fade da popula\u00e7\u00e3o. O Inmet enumerou as regi\u00f5es que podem &hellip;","og_url":"https:\/\/transamerica93.com.br\/home\/inmet-alerta-sobre-onda-de-calor-que-chega-ao-pais-nos-proximos-dias\/","og_site_name":"Transam\u00e9rica Mococa 93,3","article_publisher":"https:\/\/www.facebook.com\/transamericamococa","article_published_time":"2024-08-19T12:00:38+00:00","og_image":[{"width":1170,"height":700,"url":"https:\/\/transamerica93.com.br\/home\/wp-content\/uploads\/2024\/08\/1-7.jpg","type":"image\/jpeg"}],"author":"Reda\u00e7\u00e3o","twitter_card":"summary_large_image","twitter_creator":"@transamerica933","twitter_site":"@transamerica933","twitter_misc":{"Escrito por":"Reda\u00e7\u00e3o","Est. tempo de leitura":"4 minutos"},"schema":{"@context":"https:\/\/schema.org","@graph":[{"@type":"Article","@id":"https:\/\/transamerica93.com.br\/home\/inmet-alerta-sobre-onda-de-calor-que-chega-ao-pais-nos-proximos-dias\/#article","isPartOf":{"@id":"https:\/\/transamerica93.com.br\/home\/inmet-alerta-sobre-onda-de-calor-que-chega-ao-pais-nos-proximos-dias\/"},"author":{"name":"Reda\u00e7\u00e3o","@id":"https:\/\/transamerica93.com.br\/home\/#\/schema\/person\/7fed7c99c0d4562efa8561bc0f543172"},"headline":"Inmet alerta sobre onda de calor que chega ao pa\u00eds nos pr\u00f3ximos dias","datePublished":"2024-08-19T12:00:38+00:00","mainEntityOfPage":{"@id":"https:\/\/transamerica93.com.br\/home\/inmet-alerta-sobre-onda-de-calor-que-chega-ao-pais-nos-proximos-dias\/"},"wordCount":541,"publisher":{"@id":"https:\/\/transamerica93.com.br\/home\/#organization"},"image":{"@id":"https:\/\/transamerica93.com.br\/home\/inmet-alerta-sobre-onda-de-calor-que-chega-ao-pais-nos-proximos-dias\/#primaryimage"},"thumbnailUrl":"https:\/\/transamerica93.com.br\/home\/wp-content\/uploads\/2024\/08\/1-7.jpg","articleSection":["Geral"],"inLanguage":"pt-BR"},{"@type":"WebPage","@id":"https:\/\/transamerica93.com.br\/home\/inmet-alerta-sobre-onda-de-calor-que-chega-ao-pais-nos-proximos-dias\/","url":"https:\/\/transamerica93.com.br\/home\/inmet-alerta-sobre-onda-de-calor-que-chega-ao-pais-nos-proximos-dias\/","name":"Inmet alerta sobre onda de calor que chega ao pa\u00eds nos pr\u00f3ximos dias - Transam\u00e9rica Mococa 93,3","isPartOf":{"@id":"https:\/\/transamerica93.com.br\/home\/#website"},"primaryImageOfPage":{"@id":"https:\/\/transamerica93.com.br\/home\/inmet-alerta-sobre-onda-de-calor-que-chega-ao-pais-nos-proximos-dias\/#primaryimage"},"image":{"@id":"https:\/\/transamerica93.com.br\/home\/inmet-alerta-sobre-onda-de-calor-que-chega-ao-pais-nos-proximos-dias\/#primaryimage"},"thumbnailUrl":"https:\/\/transamerica93.com.br\/home\/wp-content\/uploads\/2024\/08\/1-7.jpg","datePublished":"2024-08-19T12:00:38+00:00","breadcrumb":{"@id":"https:\/\/transamerica93.com.br\/home\/inmet-alerta-sobre-onda-de-calor-que-chega-ao-pais-nos-proximos-dias\/#breadcrumb"},"inLanguage":"pt-BR","potentialAction":[{"@type":"ReadAction","target":["https:\/\/transamerica93.com.br\/home\/inmet-alerta-sobre-onda-de-calor-que-chega-ao-pais-nos-proximos-dias\/"]}]},{"@type":"ImageObject","inLanguage":"pt-BR","@id":"https:\/\/transamerica93.com.br\/home\/inmet-alerta-sobre-onda-de-calor-que-chega-ao-pais-nos-proximos-dias\/#primaryimage","url":"https:\/\/transamerica93.com.br\/home\/wp-content\/uploads\/2024\/08\/1-7.jpg","contentUrl":"https:\/\/transamerica93.com.br\/home\/wp-content\/uploads\/2024\/08\/1-7.jpg","width":1170,"height":700,"caption":"\u00a9 Paulo Pinto\/Ag\u00eancia Brasil"},{"@type":"BreadcrumbList","@id":"https:\/\/transamerica93.com.br\/home\/inmet-alerta-sobre-onda-de-calor-que-chega-ao-pais-nos-proximos-dias\/#breadcrumb","itemListElement":[{"@type":"ListItem","position":1,"name":"In\u00edcio","item":"https:\/\/transamerica93.com.br\/home\/"},{"@type":"ListItem","position":2,"name":"Inmet alerta sobre onda de calor que chega ao pa\u00eds nos pr\u00f3ximos dias"}]},{"@type":"WebSite","@id":"https:\/\/transamerica93.com.br\/home\/#website","url":"https:\/\/transamerica93.com.br\/home\/","name":"Transam\u00e9rica Mococa 93,3","description":"","publisher":{"@id":"https:\/\/transamerica93.com.br\/home\/#organization"},"potentialAction":[{"@type":"SearchAction","target":{"@type":"EntryPoint","urlTemplate":"https:\/\/transamerica93.com.br\/home\/?s={search_term_string}"},"query-input":{"@type":"PropertyValueSpecification","valueRequired":true,"valueName":"search_term_string"}}],"inLanguage":"pt-BR"},{"@type":"Organization","@id":"https:\/\/transamerica93.com.br\/home\/#organization","name":"Transam\u00e9rica Mococa 93,3","url":"https:\/\/transamerica93.com.br\/home\/","logo":{"@type":"ImageObject","inLanguage":"pt-BR","@id":"https:\/\/transamerica93.com.br\/home\/#\/schema\/logo\/image\/","url":"https:\/\/transamerica93.com.br\/home\/wp-content\/uploads\/2023\/10\/logo2.png","contentUrl":"https:\/\/transamerica93.com.br\/home\/wp-content\/uploads\/2023\/10\/logo2.png","width":800,"height":500,"caption":"Transam\u00e9rica Mococa 93,3"},"image":{"@id":"https:\/\/transamerica93.com.br\/home\/#\/schema\/logo\/image\/"},"sameAs":["https:\/\/www.facebook.com\/transamericamococa","https:\/\/x.com\/transamerica933","https:\/\/www.instagram.com\/transamericamococa"]},{"@type":"Person","@id":"https:\/\/transamerica93.com.br\/home\/#\/schema\/person\/7fed7c99c0d4562efa8561bc0f543172","name":"Reda\u00e7\u00e3o","image":{"@type":"ImageObject","inLanguage":"pt-BR","@id":"https:\/\/secure.gravatar.com\/avatar\/1072c6b775fb02ef8506ce967551d95926669a6b7d2c2147b42eea4d7c68395e?s=96&d=mm&r=g","url":"https:\/\/secure.gravatar.com\/avatar\/1072c6b775fb02ef8506ce967551d95926669a6b7d2c2147b42eea4d7c68395e?s=96&d=mm&r=g","contentUrl":"https:\/\/secure.gravatar.com\/avatar\/1072c6b775fb02ef8506ce967551d95926669a6b7d2c2147b42eea4d7c68395e?s=96&d=mm&r=g","caption":"Reda\u00e7\u00e3o"},"sameAs":["https:\/\/transamerica93.com.br\/home"],"url":"https:\/\/transamerica93.com.br\/home\/author\/william\/"}]}},"_links":{"self":[{"href":"https:\/\/transamerica93.com.br\/home\/wp-json\/wp\/v2\/posts\/3567","targetHints":{"allow":["GET"]}}],"collection":[{"href":"https:\/\/transamerica93.com.br\/home\/wp-json\/wp\/v2\/posts"}],"about":[{"href":"https:\/\/transamerica93.com.br\/home\/wp-json\/wp\/v2\/types\/post"}],"author":[{"embeddable":true,"href":"https:\/\/transamerica93.com.br\/home\/wp-json\/wp\/v2\/users\/1"}],"replies":[{"embeddable":true,"href":"https:\/\/transamerica93.com.br\/home\/wp-json\/wp\/v2\/comments?post=3567"}],"version-history":[{"count":2,"href":"https:\/\/transamerica93.com.br\/home\/wp-json\/wp\/v2\/posts\/3567\/revisions"}],"predecessor-version":[{"id":3574,"href":"https:\/\/transamerica93.com.br\/home\/wp-json\/wp\/v2\/posts\/3567\/revisions\/3574"}],"wp:featuredmedia":[{"embeddable":true,"href":"https:\/\/transamerica93.com.br\/home\/wp-json\/wp\/v2\/media\/3568"}],"wp:attachment":[{"href":"https:\/\/transamerica93.com.br\/home\/wp-json\/wp\/v2\/media?parent=3567"}],"wp:term":[{"taxonomy":"category","embeddable":true,"href":"https:\/\/transamerica93.com.br\/home\/wp-json\/wp\/v2\/categories?post=3567"},{"taxonomy":"post_tag","embeddable":true,"href":"https:\/\/transamerica93.com.br\/home\/wp-json\/wp\/v2\/tags?post=3567"}],"curies":[{"name":"wp","href":"https:\/\/api.w.org\/{rel}","templated":true}]}}