{"id":3581,"date":"2024-08-23T09:00:32","date_gmt":"2024-08-23T12:00:32","guid":{"rendered":"https:\/\/transamerica93.com.br\/home\/?p=3581"},"modified":"2024-08-16T20:53:22","modified_gmt":"2024-08-16T23:53:22","slug":"infogripe-aumentam-casos-de-srag-em-sao-paulo-e-bahia","status":"publish","type":"post","link":"https:\/\/transamerica93.com.br\/home\/infogripe-aumentam-casos-de-srag-em-sao-paulo-e-bahia\/","title":{"rendered":"InfoGripe: aumentam casos de SRAG em S\u00e3o Paulo e Bahia"},"content":{"rendered":"<div class=\"col-lg-12 mb-3\">\n<div class=\"row\"><\/div>\n<div class=\"row\">\n<div id=\"tts-container\" class=\"col-xl-7 offset-xl-1 col-lg-8 offset-lg-0 col-md-10 offset-md-1 mb-3\">O novo Boletim InfoGripe da Fiocruz, aponta aumento de casos de S\u00edndrome Respirat\u00f3ria Aguda Grave (SRAG) em S\u00e3o Paulo e Bahia. Em ambos os estados, esse crescimento se concentra em crian\u00e7as e adolescentes de dois a 14 anos.<img decoding=\"async\" data-src=\"https:\/\/agenciabrasil.ebc.com.br\/ebc.png?id=1608226&amp;o=node\" src=\"data:image\/svg+xml;base64,PHN2ZyB3aWR0aD0iMSIgaGVpZ2h0PSIxIiB4bWxucz0iaHR0cDovL3d3dy53My5vcmcvMjAwMC9zdmciPjwvc3ZnPg==\" class=\"lazyload\" \/><img decoding=\"async\" data-src=\"https:\/\/agenciabrasil.ebc.com.br\/ebc.gif?id=1608226&amp;o=node\" src=\"data:image\/svg+xml;base64,PHN2ZyB3aWR0aD0iMSIgaGVpZ2h0PSIxIiB4bWxucz0iaHR0cDovL3d3dy53My5vcmcvMjAwMC9zdmciPjwvc3ZnPg==\" class=\"lazyload\" \/><\/div>\n<\/div>\n<\/div>\n<div class=\"col-xl-7 offset-xl-1 col-lg-8 offset-lg-0 col-md-10 offset-md-1 mb-3\">\n<div class=\"post-item alt-font\">\n<div class=\"post-item-wrap\">\n<p>A an\u00e1lise observou tamb\u00e9m sinal de aumento no n\u00famero de casos de SRAG por Covid-19 entre os idosos nos estados de Goi\u00e1s, Minas Gerais, S\u00e3o Paulo, Rio de Janeiro e no Distrito federal. Em rela\u00e7\u00e3o \u00e0 mortalidade, na popula\u00e7\u00e3o entre 5 e 64 anos a presen\u00e7a do v\u00edrus Influenza A predomina entre os \u00f3bitos nas semanas recentes.<\/p>\n<p>Segundo a pesquisadora do Programa de Computa\u00e7\u00e3o Cient\u00edfica da Fiocruz (Procc\/Fiocruz) Tatiana Portella, na Bahia, os dados laboratoriais apontam que o aumento esteja relacionado ao rinov\u00edrus. &#8220;J\u00e1 em S\u00e3o Paulo ainda n\u00e3o \u00e9 poss\u00edvel fazer essa associa\u00e7\u00e3o, no entanto, considerando a faixa et\u00e1ria mais afetada e o cen\u00e1rio epidemiol\u00f3gico do pa\u00eds, \u00e9 muito prov\u00e1vel que o rinov\u00edrus tamb\u00e9m esteja contribuindo para o aumento do n\u00famero de casos SRAG no estado\u201c.<\/p>\n<p>A diminui\u00e7\u00e3o da SRAG no agregado nacional, de acordo com o estudo, deve-se a uma queda ou interrup\u00e7\u00e3o no crescimento das SRAG por v\u00edrus sincicial respirat\u00f3rio (VSR) e influenza A em boa parte do pa\u00eds.<\/p>\n<p>A atualiza\u00e7\u00e3o mostra que o VSR se mant\u00e9m como a principal causa de interna\u00e7\u00e3o e \u00f3bitos em crian\u00e7as at\u00e9 dois anos, ainda que demonstre queda nas \u00faltimas semanas. Outro v\u00edrus respirat\u00f3rio com destaque para a incid\u00eancia de SRAG em crian\u00e7as e adolescentes at\u00e9 14 anos \u00e9 o rinov\u00edrus.<\/p>\n<p>&#8220;Em alguns estados do Sul e Sudeste, como Rio Grande do Sul, Santa Catarina, Paran\u00e1 e Minas Gerais, onde a influenza A apresentava sinal de aumento entre os idosos nas \u00faltimas semanas, j\u00e1 \u00e9 poss\u00edvel observar um sinal de interrup\u00e7\u00e3o desse crescimento. Quanto ao VSR, que afeta principalmente crian\u00e7as de at\u00e9 dois anos, a redu\u00e7\u00e3o do n\u00famero de casos j\u00e1 est\u00e1 mais consolidada na maioria do territ\u00f3rio nacional. O Rio Grande do Sul, que era o \u00fanico estado com sinal de aumento de SRAG por VSR nas \u00faltimas semanas, agora j\u00e1 apresenta sinal de interrup\u00e7\u00e3o desse crescimento&#8221;, destaca a pesquisadora.<\/p>\n<\/div>\n<p class=\"alt-font font-italic my-2 small text-info\">Edi\u00e7\u00e3o: Maria Claudia<\/p>\n<\/div>\n<\/div>\n","protected":false},"excerpt":{"rendered":"<p>O novo Boletim InfoGripe da Fiocruz, aponta aumento de casos de S\u00edndrome Respirat\u00f3ria Aguda Grave (SRAG) em S\u00e3o Paulo e Bahia. Em ambos os estados, esse crescimento se concentra em crian\u00e7as e adolescentes de dois a 14 anos. A an\u00e1lise observou tamb\u00e9m sinal de aumento no n\u00famero de casos de SRAG por Covid-19 entre os &hellip;<\/p>\n","protected":false},"author":1,"featured_media":3572,"comment_status":"closed","ping_status":"closed","sticky":false,"template":"","format":"standard","meta":{"footnotes":""},"categories":[30],"tags":[],"class_list":["post-3581","post","type-post","status-publish","format-standard","has-post-thumbnail","hentry","category-geral"],"yoast_head":"<!-- This site is optimized with the Yoast SEO plugin v27.4 - https:\/\/yoast.com\/product\/yoast-seo-wordpress\/ -->\n<title>InfoGripe: aumentam casos de SRAG em S\u00e3o Paulo e Bahia - Transam\u00e9rica Mococa 93,3<\/title>\n<meta name=\"robots\" content=\"index, follow, max-snippet:-1, max-image-preview:large, max-video-preview:-1\" \/>\n<link rel=\"canonical\" href=\"https:\/\/transamerica93.com.br\/home\/infogripe-aumentam-casos-de-srag-em-sao-paulo-e-bahia\/\" \/>\n<meta property=\"og:locale\" content=\"pt_BR\" \/>\n<meta property=\"og:type\" content=\"article\" \/>\n<meta property=\"og:title\" content=\"InfoGripe: aumentam casos de SRAG em S\u00e3o Paulo e Bahia - Transam\u00e9rica Mococa 93,3\" \/>\n<meta property=\"og:description\" content=\"O novo Boletim InfoGripe da Fiocruz, aponta aumento de casos de S\u00edndrome Respirat\u00f3ria Aguda Grave (SRAG) em S\u00e3o Paulo e Bahia. Em ambos os estados, esse crescimento se concentra em crian\u00e7as e adolescentes de dois a 14 anos. A an\u00e1lise observou tamb\u00e9m sinal de aumento no n\u00famero de casos de SRAG por Covid-19 entre os &hellip;\" \/>\n<meta property=\"og:url\" content=\"https:\/\/transamerica93.com.br\/home\/infogripe-aumentam-casos-de-srag-em-sao-paulo-e-bahia\/\" \/>\n<meta property=\"og:site_name\" content=\"Transam\u00e9rica Mococa 93,3\" \/>\n<meta property=\"article:publisher\" content=\"https:\/\/www.facebook.com\/transamericamococa\" \/>\n<meta property=\"article:published_time\" content=\"2024-08-23T12:00:32+00:00\" \/>\n<meta property=\"og:image\" content=\"https:\/\/transamerica93.com.br\/home\/wp-content\/uploads\/2024\/08\/5-7.jpg\" \/>\n\t<meta property=\"og:image:width\" content=\"1170\" \/>\n\t<meta property=\"og:image:height\" content=\"700\" \/>\n\t<meta property=\"og:image:type\" content=\"image\/jpeg\" \/>\n<meta name=\"author\" content=\"Reda\u00e7\u00e3o\" \/>\n<meta name=\"twitter:card\" content=\"summary_large_image\" \/>\n<meta name=\"twitter:creator\" content=\"@transamerica933\" \/>\n<meta name=\"twitter:site\" content=\"@transamerica933\" \/>\n<meta name=\"twitter:label1\" content=\"Escrito por\" \/>\n\t<meta name=\"twitter:data1\" content=\"Reda\u00e7\u00e3o\" \/>\n\t<meta name=\"twitter:label2\" content=\"Est. tempo de leitura\" \/>\n\t<meta name=\"twitter:data2\" content=\"3 minutos\" \/>\n<script type=\"application\/ld+json\" class=\"yoast-schema-graph\">{\"@context\":\"https:\\\/\\\/schema.org\",\"@graph\":[{\"@type\":\"Article\",\"@id\":\"https:\\\/\\\/transamerica93.com.br\\\/home\\\/infogripe-aumentam-casos-de-srag-em-sao-paulo-e-bahia\\\/#article\",\"isPartOf\":{\"@id\":\"https:\\\/\\\/transamerica93.com.br\\\/home\\\/infogripe-aumentam-casos-de-srag-em-sao-paulo-e-bahia\\\/\"},\"author\":{\"name\":\"Reda\u00e7\u00e3o\",\"@id\":\"https:\\\/\\\/transamerica93.com.br\\\/home\\\/#\\\/schema\\\/person\\\/7fed7c99c0d4562efa8561bc0f543172\"},\"headline\":\"InfoGripe: aumentam casos de SRAG em S\u00e3o Paulo e Bahia\",\"datePublished\":\"2024-08-23T12:00:32+00:00\",\"mainEntityOfPage\":{\"@id\":\"https:\\\/\\\/transamerica93.com.br\\\/home\\\/infogripe-aumentam-casos-de-srag-em-sao-paulo-e-bahia\\\/\"},\"wordCount\":404,\"publisher\":{\"@id\":\"https:\\\/\\\/transamerica93.com.br\\\/home\\\/#organization\"},\"image\":{\"@id\":\"https:\\\/\\\/transamerica93.com.br\\\/home\\\/infogripe-aumentam-casos-de-srag-em-sao-paulo-e-bahia\\\/#primaryimage\"},\"thumbnailUrl\":\"https:\\\/\\\/transamerica93.com.br\\\/home\\\/wp-content\\\/uploads\\\/2024\\\/08\\\/5-7.jpg\",\"articleSection\":[\"Geral\"],\"inLanguage\":\"pt-BR\"},{\"@type\":\"WebPage\",\"@id\":\"https:\\\/\\\/transamerica93.com.br\\\/home\\\/infogripe-aumentam-casos-de-srag-em-sao-paulo-e-bahia\\\/\",\"url\":\"https:\\\/\\\/transamerica93.com.br\\\/home\\\/infogripe-aumentam-casos-de-srag-em-sao-paulo-e-bahia\\\/\",\"name\":\"InfoGripe: aumentam casos de SRAG em S\u00e3o Paulo e Bahia - Transam\u00e9rica Mococa 93,3\",\"isPartOf\":{\"@id\":\"https:\\\/\\\/transamerica93.com.br\\\/home\\\/#website\"},\"primaryImageOfPage\":{\"@id\":\"https:\\\/\\\/transamerica93.com.br\\\/home\\\/infogripe-aumentam-casos-de-srag-em-sao-paulo-e-bahia\\\/#primaryimage\"},\"image\":{\"@id\":\"https:\\\/\\\/transamerica93.com.br\\\/home\\\/infogripe-aumentam-casos-de-srag-em-sao-paulo-e-bahia\\\/#primaryimage\"},\"thumbnailUrl\":\"https:\\\/\\\/transamerica93.com.br\\\/home\\\/wp-content\\\/uploads\\\/2024\\\/08\\\/5-7.jpg\",\"datePublished\":\"2024-08-23T12:00:32+00:00\",\"breadcrumb\":{\"@id\":\"https:\\\/\\\/transamerica93.com.br\\\/home\\\/infogripe-aumentam-casos-de-srag-em-sao-paulo-e-bahia\\\/#breadcrumb\"},\"inLanguage\":\"pt-BR\",\"potentialAction\":[{\"@type\":\"ReadAction\",\"target\":[\"https:\\\/\\\/transamerica93.com.br\\\/home\\\/infogripe-aumentam-casos-de-srag-em-sao-paulo-e-bahia\\\/\"]}]},{\"@type\":\"ImageObject\",\"inLanguage\":\"pt-BR\",\"@id\":\"https:\\\/\\\/transamerica93.com.br\\\/home\\\/infogripe-aumentam-casos-de-srag-em-sao-paulo-e-bahia\\\/#primaryimage\",\"url\":\"https:\\\/\\\/transamerica93.com.br\\\/home\\\/wp-content\\\/uploads\\\/2024\\\/08\\\/5-7.jpg\",\"contentUrl\":\"https:\\\/\\\/transamerica93.com.br\\\/home\\\/wp-content\\\/uploads\\\/2024\\\/08\\\/5-7.jpg\",\"width\":1170,\"height\":700,\"caption\":\"\u00a9 T\u00e2nia R\u00eago\\\/Ag\u00eancia Brasil\"},{\"@type\":\"BreadcrumbList\",\"@id\":\"https:\\\/\\\/transamerica93.com.br\\\/home\\\/infogripe-aumentam-casos-de-srag-em-sao-paulo-e-bahia\\\/#breadcrumb\",\"itemListElement\":[{\"@type\":\"ListItem\",\"position\":1,\"name\":\"In\u00edcio\",\"item\":\"https:\\\/\\\/transamerica93.com.br\\\/home\\\/\"},{\"@type\":\"ListItem\",\"position\":2,\"name\":\"InfoGripe: aumentam casos de SRAG em S\u00e3o Paulo e Bahia\"}]},{\"@type\":\"WebSite\",\"@id\":\"https:\\\/\\\/transamerica93.com.br\\\/home\\\/#website\",\"url\":\"https:\\\/\\\/transamerica93.com.br\\\/home\\\/\",\"name\":\"Transam\u00e9rica Mococa 93,3\",\"description\":\"\",\"publisher\":{\"@id\":\"https:\\\/\\\/transamerica93.com.br\\\/home\\\/#organization\"},\"potentialAction\":[{\"@type\":\"SearchAction\",\"target\":{\"@type\":\"EntryPoint\",\"urlTemplate\":\"https:\\\/\\\/transamerica93.com.br\\\/home\\\/?s={search_term_string}\"},\"query-input\":{\"@type\":\"PropertyValueSpecification\",\"valueRequired\":true,\"valueName\":\"search_term_string\"}}],\"inLanguage\":\"pt-BR\"},{\"@type\":\"Organization\",\"@id\":\"https:\\\/\\\/transamerica93.com.br\\\/home\\\/#organization\",\"name\":\"Transam\u00e9rica Mococa 93,3\",\"url\":\"https:\\\/\\\/transamerica93.com.br\\\/home\\\/\",\"logo\":{\"@type\":\"ImageObject\",\"inLanguage\":\"pt-BR\",\"@id\":\"https:\\\/\\\/transamerica93.com.br\\\/home\\\/#\\\/schema\\\/logo\\\/image\\\/\",\"url\":\"https:\\\/\\\/transamerica93.com.br\\\/home\\\/wp-content\\\/uploads\\\/2023\\\/10\\\/logo2.png\",\"contentUrl\":\"https:\\\/\\\/transamerica93.com.br\\\/home\\\/wp-content\\\/uploads\\\/2023\\\/10\\\/logo2.png\",\"width\":800,\"height\":500,\"caption\":\"Transam\u00e9rica Mococa 93,3\"},\"image\":{\"@id\":\"https:\\\/\\\/transamerica93.com.br\\\/home\\\/#\\\/schema\\\/logo\\\/image\\\/\"},\"sameAs\":[\"https:\\\/\\\/www.facebook.com\\\/transamericamococa\",\"https:\\\/\\\/x.com\\\/transamerica933\",\"https:\\\/\\\/www.instagram.com\\\/transamericamococa\"]},{\"@type\":\"Person\",\"@id\":\"https:\\\/\\\/transamerica93.com.br\\\/home\\\/#\\\/schema\\\/person\\\/7fed7c99c0d4562efa8561bc0f543172\",\"name\":\"Reda\u00e7\u00e3o\",\"image\":{\"@type\":\"ImageObject\",\"inLanguage\":\"pt-BR\",\"@id\":\"https:\\\/\\\/secure.gravatar.com\\\/avatar\\\/1072c6b775fb02ef8506ce967551d95926669a6b7d2c2147b42eea4d7c68395e?s=96&d=mm&r=g\",\"url\":\"https:\\\/\\\/secure.gravatar.com\\\/avatar\\\/1072c6b775fb02ef8506ce967551d95926669a6b7d2c2147b42eea4d7c68395e?s=96&d=mm&r=g\",\"contentUrl\":\"https:\\\/\\\/secure.gravatar.com\\\/avatar\\\/1072c6b775fb02ef8506ce967551d95926669a6b7d2c2147b42eea4d7c68395e?s=96&d=mm&r=g\",\"caption\":\"Reda\u00e7\u00e3o\"},\"sameAs\":[\"https:\\\/\\\/transamerica93.com.br\\\/home\"],\"url\":\"https:\\\/\\\/transamerica93.com.br\\\/home\\\/author\\\/william\\\/\"}]}<\/script>\n<!-- \/ Yoast SEO plugin. -->","yoast_head_json":{"title":"InfoGripe: aumentam casos de SRAG em S\u00e3o Paulo e Bahia - Transam\u00e9rica Mococa 93,3","robots":{"index":"index","follow":"follow","max-snippet":"max-snippet:-1","max-image-preview":"max-image-preview:large","max-video-preview":"max-video-preview:-1"},"canonical":"https:\/\/transamerica93.com.br\/home\/infogripe-aumentam-casos-de-srag-em-sao-paulo-e-bahia\/","og_locale":"pt_BR","og_type":"article","og_title":"InfoGripe: aumentam casos de SRAG em S\u00e3o Paulo e Bahia - Transam\u00e9rica Mococa 93,3","og_description":"O novo Boletim InfoGripe da Fiocruz, aponta aumento de casos de S\u00edndrome Respirat\u00f3ria Aguda Grave (SRAG) em S\u00e3o Paulo e Bahia. Em ambos os estados, esse crescimento se concentra em crian\u00e7as e adolescentes de dois a 14 anos. A an\u00e1lise observou tamb\u00e9m sinal de aumento no n\u00famero de casos de SRAG por Covid-19 entre os &hellip;","og_url":"https:\/\/transamerica93.com.br\/home\/infogripe-aumentam-casos-de-srag-em-sao-paulo-e-bahia\/","og_site_name":"Transam\u00e9rica Mococa 93,3","article_publisher":"https:\/\/www.facebook.com\/transamericamococa","article_published_time":"2024-08-23T12:00:32+00:00","og_image":[{"width":1170,"height":700,"url":"https:\/\/transamerica93.com.br\/home\/wp-content\/uploads\/2024\/08\/5-7.jpg","type":"image\/jpeg"}],"author":"Reda\u00e7\u00e3o","twitter_card":"summary_large_image","twitter_creator":"@transamerica933","twitter_site":"@transamerica933","twitter_misc":{"Escrito por":"Reda\u00e7\u00e3o","Est. tempo de leitura":"3 minutos"},"schema":{"@context":"https:\/\/schema.org","@graph":[{"@type":"Article","@id":"https:\/\/transamerica93.com.br\/home\/infogripe-aumentam-casos-de-srag-em-sao-paulo-e-bahia\/#article","isPartOf":{"@id":"https:\/\/transamerica93.com.br\/home\/infogripe-aumentam-casos-de-srag-em-sao-paulo-e-bahia\/"},"author":{"name":"Reda\u00e7\u00e3o","@id":"https:\/\/transamerica93.com.br\/home\/#\/schema\/person\/7fed7c99c0d4562efa8561bc0f543172"},"headline":"InfoGripe: aumentam casos de SRAG em S\u00e3o Paulo e Bahia","datePublished":"2024-08-23T12:00:32+00:00","mainEntityOfPage":{"@id":"https:\/\/transamerica93.com.br\/home\/infogripe-aumentam-casos-de-srag-em-sao-paulo-e-bahia\/"},"wordCount":404,"publisher":{"@id":"https:\/\/transamerica93.com.br\/home\/#organization"},"image":{"@id":"https:\/\/transamerica93.com.br\/home\/infogripe-aumentam-casos-de-srag-em-sao-paulo-e-bahia\/#primaryimage"},"thumbnailUrl":"https:\/\/transamerica93.com.br\/home\/wp-content\/uploads\/2024\/08\/5-7.jpg","articleSection":["Geral"],"inLanguage":"pt-BR"},{"@type":"WebPage","@id":"https:\/\/transamerica93.com.br\/home\/infogripe-aumentam-casos-de-srag-em-sao-paulo-e-bahia\/","url":"https:\/\/transamerica93.com.br\/home\/infogripe-aumentam-casos-de-srag-em-sao-paulo-e-bahia\/","name":"InfoGripe: aumentam casos de SRAG em S\u00e3o Paulo e Bahia - Transam\u00e9rica Mococa 93,3","isPartOf":{"@id":"https:\/\/transamerica93.com.br\/home\/#website"},"primaryImageOfPage":{"@id":"https:\/\/transamerica93.com.br\/home\/infogripe-aumentam-casos-de-srag-em-sao-paulo-e-bahia\/#primaryimage"},"image":{"@id":"https:\/\/transamerica93.com.br\/home\/infogripe-aumentam-casos-de-srag-em-sao-paulo-e-bahia\/#primaryimage"},"thumbnailUrl":"https:\/\/transamerica93.com.br\/home\/wp-content\/uploads\/2024\/08\/5-7.jpg","datePublished":"2024-08-23T12:00:32+00:00","breadcrumb":{"@id":"https:\/\/transamerica93.com.br\/home\/infogripe-aumentam-casos-de-srag-em-sao-paulo-e-bahia\/#breadcrumb"},"inLanguage":"pt-BR","potentialAction":[{"@type":"ReadAction","target":["https:\/\/transamerica93.com.br\/home\/infogripe-aumentam-casos-de-srag-em-sao-paulo-e-bahia\/"]}]},{"@type":"ImageObject","inLanguage":"pt-BR","@id":"https:\/\/transamerica93.com.br\/home\/infogripe-aumentam-casos-de-srag-em-sao-paulo-e-bahia\/#primaryimage","url":"https:\/\/transamerica93.com.br\/home\/wp-content\/uploads\/2024\/08\/5-7.jpg","contentUrl":"https:\/\/transamerica93.com.br\/home\/wp-content\/uploads\/2024\/08\/5-7.jpg","width":1170,"height":700,"caption":"\u00a9 T\u00e2nia R\u00eago\/Ag\u00eancia Brasil"},{"@type":"BreadcrumbList","@id":"https:\/\/transamerica93.com.br\/home\/infogripe-aumentam-casos-de-srag-em-sao-paulo-e-bahia\/#breadcrumb","itemListElement":[{"@type":"ListItem","position":1,"name":"In\u00edcio","item":"https:\/\/transamerica93.com.br\/home\/"},{"@type":"ListItem","position":2,"name":"InfoGripe: aumentam casos de SRAG em S\u00e3o Paulo e Bahia"}]},{"@type":"WebSite","@id":"https:\/\/transamerica93.com.br\/home\/#website","url":"https:\/\/transamerica93.com.br\/home\/","name":"Transam\u00e9rica Mococa 93,3","description":"","publisher":{"@id":"https:\/\/transamerica93.com.br\/home\/#organization"},"potentialAction":[{"@type":"SearchAction","target":{"@type":"EntryPoint","urlTemplate":"https:\/\/transamerica93.com.br\/home\/?s={search_term_string}"},"query-input":{"@type":"PropertyValueSpecification","valueRequired":true,"valueName":"search_term_string"}}],"inLanguage":"pt-BR"},{"@type":"Organization","@id":"https:\/\/transamerica93.com.br\/home\/#organization","name":"Transam\u00e9rica Mococa 93,3","url":"https:\/\/transamerica93.com.br\/home\/","logo":{"@type":"ImageObject","inLanguage":"pt-BR","@id":"https:\/\/transamerica93.com.br\/home\/#\/schema\/logo\/image\/","url":"https:\/\/transamerica93.com.br\/home\/wp-content\/uploads\/2023\/10\/logo2.png","contentUrl":"https:\/\/transamerica93.com.br\/home\/wp-content\/uploads\/2023\/10\/logo2.png","width":800,"height":500,"caption":"Transam\u00e9rica Mococa 93,3"},"image":{"@id":"https:\/\/transamerica93.com.br\/home\/#\/schema\/logo\/image\/"},"sameAs":["https:\/\/www.facebook.com\/transamericamococa","https:\/\/x.com\/transamerica933","https:\/\/www.instagram.com\/transamericamococa"]},{"@type":"Person","@id":"https:\/\/transamerica93.com.br\/home\/#\/schema\/person\/7fed7c99c0d4562efa8561bc0f543172","name":"Reda\u00e7\u00e3o","image":{"@type":"ImageObject","inLanguage":"pt-BR","@id":"https:\/\/secure.gravatar.com\/avatar\/1072c6b775fb02ef8506ce967551d95926669a6b7d2c2147b42eea4d7c68395e?s=96&d=mm&r=g","url":"https:\/\/secure.gravatar.com\/avatar\/1072c6b775fb02ef8506ce967551d95926669a6b7d2c2147b42eea4d7c68395e?s=96&d=mm&r=g","contentUrl":"https:\/\/secure.gravatar.com\/avatar\/1072c6b775fb02ef8506ce967551d95926669a6b7d2c2147b42eea4d7c68395e?s=96&d=mm&r=g","caption":"Reda\u00e7\u00e3o"},"sameAs":["https:\/\/transamerica93.com.br\/home"],"url":"https:\/\/transamerica93.com.br\/home\/author\/william\/"}]}},"_links":{"self":[{"href":"https:\/\/transamerica93.com.br\/home\/wp-json\/wp\/v2\/posts\/3581","targetHints":{"allow":["GET"]}}],"collection":[{"href":"https:\/\/transamerica93.com.br\/home\/wp-json\/wp\/v2\/posts"}],"about":[{"href":"https:\/\/transamerica93.com.br\/home\/wp-json\/wp\/v2\/types\/post"}],"author":[{"embeddable":true,"href":"https:\/\/transamerica93.com.br\/home\/wp-json\/wp\/v2\/users\/1"}],"replies":[{"embeddable":true,"href":"https:\/\/transamerica93.com.br\/home\/wp-json\/wp\/v2\/comments?post=3581"}],"version-history":[{"count":1,"href":"https:\/\/transamerica93.com.br\/home\/wp-json\/wp\/v2\/posts\/3581\/revisions"}],"predecessor-version":[{"id":3582,"href":"https:\/\/transamerica93.com.br\/home\/wp-json\/wp\/v2\/posts\/3581\/revisions\/3582"}],"wp:featuredmedia":[{"embeddable":true,"href":"https:\/\/transamerica93.com.br\/home\/wp-json\/wp\/v2\/media\/3572"}],"wp:attachment":[{"href":"https:\/\/transamerica93.com.br\/home\/wp-json\/wp\/v2\/media?parent=3581"}],"wp:term":[{"taxonomy":"category","embeddable":true,"href":"https:\/\/transamerica93.com.br\/home\/wp-json\/wp\/v2\/categories?post=3581"},{"taxonomy":"post_tag","embeddable":true,"href":"https:\/\/transamerica93.com.br\/home\/wp-json\/wp\/v2\/tags?post=3581"}],"curies":[{"name":"wp","href":"https:\/\/api.w.org\/{rel}","templated":true}]}}